{"id":5883,"date":"2023-11-24T18:56:35","date_gmt":"2023-11-24T21:56:35","guid":{"rendered":"https:\/\/autofans.com.ar\/?p=5883"},"modified":"2023-11-24T18:56:35","modified_gmt":"2023-11-24T21:56:35","slug":"mercedes-benz-10-millones-de-vehiculos-con-frenado-de-emergencia","status":"publish","type":"post","link":"https:\/\/autofans.com.ar\/index.php\/2023\/11\/24\/mercedes-benz-10-millones-de-vehiculos-con-frenado-de-emergencia\/","title":{"rendered":"Mercedes-Benz 10 millones de veh\u00edculos con frenado de emergencia"},"content":{"rendered":"<p>Mercedes-Benz refuerza su compromiso con la seguridad vial al alcanzar la impresionante cifra de 10 millones de veh\u00edculos equipados con el sistema \u00abActive Brake Assist\u00bb. Este avanzado sistema de frenado de emergencia, integrado en los modelos de la marca en Argentina, ha demostrado ser fundamental para minimizar riesgos de colisi\u00f3n con peatones, ciclistas y otros veh\u00edculos, tanto en entornos urbanos como en carretera.<\/p>\n<p>&nbsp;<\/p>\n<h2>Active Brake Assist<\/h2>\n<p>Mercedes-Benz, l\u00edder en seguridad activa, ha implementado m\u00e1s de 40 sistemas de asistencia activa en sus veh\u00edculos, consolidando su posici\u00f3n como pionero en este campo. El sistema \u00abActive Brake Assist\u00bb es una de las joyas de esta tecnolog\u00eda, alertando al conductor visual y auditivamente ante posibles colisiones frontales o maniobras arriesgadas de otros veh\u00edculos. En situaciones cr\u00edticas, el sistema proporciona asistencia de frenado de emergencia, evitando accidentes o reduciendo su gravedad.<\/p>\n<p>La innovaci\u00f3n no se detiene: c\u00e1maras y radares integrados en los veh\u00edculos detectan tanto a peatones como a ciclistas en el camino. Estos dispositivos permiten al sistema anticipar riesgos inminentes y activar los frenos de manera autom\u00e1tica para prevenir o minimizar la gravedad de una colisi\u00f3n. Estudios respaldan la efectividad, demostrando que los veh\u00edculos con frenado de emergencia tienen una tasa de accidentes un 27% menor.<\/p>\n<p>&nbsp;<\/p>\n<p><img fetchpriority=\"high\" decoding=\"async\" class=\"aligncenter wp-image-5884 size-full\" src=\"https:\/\/autofans.com.ar\/wp-content\/uploads\/2023\/11\/maqueta-fotos.jpg\" alt=\"Mercedes-Benz\" width=\"1000\" height=\"667\" srcset=\"https:\/\/autofans.com.ar\/wp-content\/uploads\/2023\/11\/maqueta-fotos.jpg 1000w, https:\/\/autofans.com.ar\/wp-content\/uploads\/2023\/11\/maqueta-fotos-300x200.jpg 300w, https:\/\/autofans.com.ar\/wp-content\/uploads\/2023\/11\/maqueta-fotos-768x512.jpg 768w\" sizes=\"(max-width: 1000px) 100vw, 1000px\" \/><\/p>\n<p>&nbsp;<\/p>\n<h2>El compromiso de Mercedes-Benz con la seguridad real<\/h2>\n<p>Mercedes-Benz ha marcado hitos en seguridad desde 1996 con la introducci\u00f3n del sistema de asistencia a la frenada (BAS). En 2013, se a\u00f1adi\u00f3 la detecci\u00f3n de peatones al sistema PRE-SAFE Brake, marcando una reducci\u00f3n significativa de accidentes. Desde 2021, el \u00abActive Brake Assist\u00bb es est\u00e1ndar en todos los nuevos modelos, y la visi\u00f3n futura promete mejoras continuas con sensores avanzados e inteligencia artificial.<\/p>\n<p>Bajo la filosof\u00eda \u00abReal-Life Safety,\u00bb Mercedes-Benz Group lleva m\u00e1s de 50 a\u00f1os investigando accidentes, buscando fabricar veh\u00edculos efectivos no solo en pruebas de choque, sino tambi\u00e9n en situaciones reales de tr\u00e1fico. El objetivo es ambicioso: \u00abVision Zero\u00bb, apuntando a la meta de cero accidentes con veh\u00edculos Mercedes-Benz para 2050.<\/p>\n<p>&nbsp;<\/p>\n<p>&nbsp;<\/p>\n<p><i>Para enterarte de m\u00e1s novedades, no dejes de leer\u00a0<\/i><a href=\"https:\/\/autofans.thebrandsoup.com\/\"><i>nuestras notas<\/i><\/a><i>, de ver<\/i><b><i>\u00a0<\/i><\/b><a href=\"https:\/\/www.youtube.com\/channel\/UCgAC8UGHZYbT6P7PpmVnP7g\"><b><i>AUTOFANS TV<\/i><\/b><\/a><b><i>\u00a0<\/i><\/b><i>en nuestro\u00a0canal de Youtube. Adem\u00e1s seguinos en\u00a0<\/i><a href=\"https:\/\/www.instagram.com\/autofanstv\/\"><i>INSTAGRAM<\/i><\/a><i> y <\/i><a href=\"https:\/\/www.facebook.com\/autofansmas\/\"><i>FACEBOOK<\/i><\/a><i> para no perderte nada sobre las novedades del segmento automotor de Argentina y el mundo.<\/i><\/p>\n","protected":false},"excerpt":{"rendered":"<p>Mercedes-Benz refuerza su compromiso con la seguridad vial al alcanzar la impresionante cifra de 10&#8230;<\/p>\n","protected":false},"author":2,"featured_media":5885,"comment_status":"closed","ping_status":"closed","sticky":false,"template":"","format":"standard","meta":{"footnotes":""},"categories":[292,16],"tags":[3028,3029,3030,364,2552,698,1298],"class_list":["post-5883","post","type-post","status-publish","format-standard","has-post-thumbnail","hentry","category-empresas","category-noticias","tag-active-brake-assist","tag-frenado-de-emergencia","tag-inteligencia-artificial-en-vehiculos","tag-mercedes-benz","tag-prevencion-de-accidentes","tag-seguridad-vial","tag-tecnologia-de-seguridad"],"yoast_head":"<!-- This site is optimized with the Yoast SEO plugin v27.5 - https:\/\/yoast.com\/product\/yoast-seo-wordpress\/ -->\n<title>Mercedes-Benz 10 millones de veh\u00edculos con frenado de emergencia -<\/title>\n<meta name=\"description\" content=\"Mercedes-Benz refuerza la seguridad vial al alcanzar la impresionante cifra de 10 millones de veh\u00edculos con el sistema &quot;Active Brake Assist&quot;.\" \/>\n<meta name=\"robots\" content=\"index, follow, max-snippet:-1, max-image-preview:large, max-video-preview:-1\" \/>\n<link rel=\"canonical\" href=\"https:\/\/autofans.com.ar\/index.php\/2023\/11\/24\/mercedes-benz-10-millones-de-vehiculos-con-frenado-de-emergencia\/\" \/>\n<meta property=\"og:locale\" content=\"es_ES\" \/>\n<meta property=\"og:type\" content=\"article\" \/>\n<meta property=\"og:title\" content=\"Mercedes-Benz 10 millones de veh\u00edculos con frenado de emergencia -\" \/>\n<meta property=\"og:description\" content=\"Mercedes-Benz refuerza la seguridad vial al alcanzar la impresionante cifra de 10 millones de veh\u00edculos con el sistema &quot;Active Brake Assist&quot;.\" \/>\n<meta property=\"og:url\" content=\"https:\/\/autofans.com.ar\/index.php\/2023\/11\/24\/mercedes-benz-10-millones-de-vehiculos-con-frenado-de-emergencia\/\" \/>\n<meta property=\"article:published_time\" content=\"2023-11-24T21:56:35+00:00\" \/>\n<meta property=\"og:image\" content=\"https:\/\/autofans.com.ar\/wp-content\/uploads\/2023\/11\/mercedes-2-2.jpg\" \/>\n\t<meta property=\"og:image:width\" content=\"1000\" \/>\n\t<meta property=\"og:image:height\" content=\"667\" \/>\n\t<meta property=\"og:image:type\" content=\"image\/jpeg\" \/>\n<meta name=\"author\" content=\"Alejandro Gabriel Rosito\" \/>\n<meta name=\"twitter:card\" content=\"summary_large_image\" \/>\n<meta name=\"twitter:label1\" content=\"Escrito por\" \/>\n\t<meta name=\"twitter:data1\" content=\"Alejandro Gabriel Rosito\" \/>\n\t<meta name=\"twitter:label2\" content=\"Tiempo de lectura\" \/>\n\t<meta name=\"twitter:data2\" content=\"2 minutos\" \/>\n<script type=\"application\/ld+json\" class=\"yoast-schema-graph\">{\"@context\":\"https:\\\/\\\/schema.org\",\"@graph\":[{\"@type\":\"Article\",\"@id\":\"https:\\\/\\\/autofans.com.ar\\\/index.php\\\/2023\\\/11\\\/24\\\/mercedes-benz-10-millones-de-vehiculos-con-frenado-de-emergencia\\\/#article\",\"isPartOf\":{\"@id\":\"https:\\\/\\\/autofans.com.ar\\\/index.php\\\/2023\\\/11\\\/24\\\/mercedes-benz-10-millones-de-vehiculos-con-frenado-de-emergencia\\\/\"},\"author\":{\"name\":\"Alejandro Gabriel Rosito\",\"@id\":\"https:\\\/\\\/autofans.com.ar\\\/#\\\/schema\\\/person\\\/4a8dda0b6df83ac3d6723e921274c2aa\"},\"headline\":\"Mercedes-Benz 10 millones de veh\u00edculos con frenado de emergencia\",\"datePublished\":\"2023-11-24T21:56:35+00:00\",\"mainEntityOfPage\":{\"@id\":\"https:\\\/\\\/autofans.com.ar\\\/index.php\\\/2023\\\/11\\\/24\\\/mercedes-benz-10-millones-de-vehiculos-con-frenado-de-emergencia\\\/\"},\"wordCount\":401,\"image\":{\"@id\":\"https:\\\/\\\/autofans.com.ar\\\/index.php\\\/2023\\\/11\\\/24\\\/mercedes-benz-10-millones-de-vehiculos-con-frenado-de-emergencia\\\/#primaryimage\"},\"thumbnailUrl\":\"https:\\\/\\\/autofans.com.ar\\\/wp-content\\\/uploads\\\/2023\\\/11\\\/mercedes-2-2.jpg\",\"keywords\":[\"Active Brake Assist\",\"frenado de emergencia\",\"inteligencia artificial en veh\u00edculos\",\"Mercedes-Benz\",\"prevenci\u00f3n de accidentes\",\"Seguridad Vial\",\"tecnolog\u00eda de seguridad\"],\"articleSection\":[\"EMPRESAS\",\"NOTICIAS\"],\"inLanguage\":\"es\"},{\"@type\":\"WebPage\",\"@id\":\"https:\\\/\\\/autofans.com.ar\\\/index.php\\\/2023\\\/11\\\/24\\\/mercedes-benz-10-millones-de-vehiculos-con-frenado-de-emergencia\\\/\",\"url\":\"https:\\\/\\\/autofans.com.ar\\\/index.php\\\/2023\\\/11\\\/24\\\/mercedes-benz-10-millones-de-vehiculos-con-frenado-de-emergencia\\\/\",\"name\":\"Mercedes-Benz 10 millones de veh\u00edculos con frenado de emergencia -\",\"isPartOf\":{\"@id\":\"https:\\\/\\\/autofans.com.ar\\\/#website\"},\"primaryImageOfPage\":{\"@id\":\"https:\\\/\\\/autofans.com.ar\\\/index.php\\\/2023\\\/11\\\/24\\\/mercedes-benz-10-millones-de-vehiculos-con-frenado-de-emergencia\\\/#primaryimage\"},\"image\":{\"@id\":\"https:\\\/\\\/autofans.com.ar\\\/index.php\\\/2023\\\/11\\\/24\\\/mercedes-benz-10-millones-de-vehiculos-con-frenado-de-emergencia\\\/#primaryimage\"},\"thumbnailUrl\":\"https:\\\/\\\/autofans.com.ar\\\/wp-content\\\/uploads\\\/2023\\\/11\\\/mercedes-2-2.jpg\",\"datePublished\":\"2023-11-24T21:56:35+00:00\",\"author\":{\"@id\":\"https:\\\/\\\/autofans.com.ar\\\/#\\\/schema\\\/person\\\/4a8dda0b6df83ac3d6723e921274c2aa\"},\"description\":\"Mercedes-Benz refuerza la seguridad vial al alcanzar la impresionante cifra de 10 millones de veh\u00edculos con el sistema \\\"Active Brake Assist\\\".\",\"breadcrumb\":{\"@id\":\"https:\\\/\\\/autofans.com.ar\\\/index.php\\\/2023\\\/11\\\/24\\\/mercedes-benz-10-millones-de-vehiculos-con-frenado-de-emergencia\\\/#breadcrumb\"},\"inLanguage\":\"es\",\"potentialAction\":[{\"@type\":\"ReadAction\",\"target\":[\"https:\\\/\\\/autofans.com.ar\\\/index.php\\\/2023\\\/11\\\/24\\\/mercedes-benz-10-millones-de-vehiculos-con-frenado-de-emergencia\\\/\"]}]},{\"@type\":\"ImageObject\",\"inLanguage\":\"es\",\"@id\":\"https:\\\/\\\/autofans.com.ar\\\/index.php\\\/2023\\\/11\\\/24\\\/mercedes-benz-10-millones-de-vehiculos-con-frenado-de-emergencia\\\/#primaryimage\",\"url\":\"https:\\\/\\\/autofans.com.ar\\\/wp-content\\\/uploads\\\/2023\\\/11\\\/mercedes-2-2.jpg\",\"contentUrl\":\"https:\\\/\\\/autofans.com.ar\\\/wp-content\\\/uploads\\\/2023\\\/11\\\/mercedes-2-2.jpg\",\"width\":1000,\"height\":667,\"caption\":\"Mercedes-Benz\"},{\"@type\":\"BreadcrumbList\",\"@id\":\"https:\\\/\\\/autofans.com.ar\\\/index.php\\\/2023\\\/11\\\/24\\\/mercedes-benz-10-millones-de-vehiculos-con-frenado-de-emergencia\\\/#breadcrumb\",\"itemListElement\":[{\"@type\":\"ListItem\",\"position\":1,\"name\":\"Inicio\",\"item\":\"https:\\\/\\\/autofans.com.ar\\\/\"},{\"@type\":\"ListItem\",\"position\":2,\"name\":\"Mercedes-Benz 10 millones de veh\u00edculos con frenado de emergencia\"}]},{\"@type\":\"WebSite\",\"@id\":\"https:\\\/\\\/autofans.com.ar\\\/#website\",\"url\":\"https:\\\/\\\/autofans.com.ar\\\/\",\"name\":\"\",\"description\":\"El multimedio referente de la industria automotriz\",\"potentialAction\":[{\"@type\":\"SearchAction\",\"target\":{\"@type\":\"EntryPoint\",\"urlTemplate\":\"https:\\\/\\\/autofans.com.ar\\\/?s={search_term_string}\"},\"query-input\":{\"@type\":\"PropertyValueSpecification\",\"valueRequired\":true,\"valueName\":\"search_term_string\"}}],\"inLanguage\":\"es\"},{\"@type\":\"Person\",\"@id\":\"https:\\\/\\\/autofans.com.ar\\\/#\\\/schema\\\/person\\\/4a8dda0b6df83ac3d6723e921274c2aa\",\"name\":\"Alejandro Gabriel Rosito\",\"image\":{\"@type\":\"ImageObject\",\"inLanguage\":\"es\",\"@id\":\"https:\\\/\\\/secure.gravatar.com\\\/avatar\\\/16c5dda1489adfc62618084dcbb91cffd879c374b13fe5dd8e44ed6733852c88?s=96&d=mm&r=g\",\"url\":\"https:\\\/\\\/secure.gravatar.com\\\/avatar\\\/16c5dda1489adfc62618084dcbb91cffd879c374b13fe5dd8e44ed6733852c88?s=96&d=mm&r=g\",\"contentUrl\":\"https:\\\/\\\/secure.gravatar.com\\\/avatar\\\/16c5dda1489adfc62618084dcbb91cffd879c374b13fe5dd8e44ed6733852c88?s=96&d=mm&r=g\",\"caption\":\"Alejandro Gabriel Rosito\"},\"url\":\"https:\\\/\\\/autofans.com.ar\\\/index.php\\\/author\\\/gabrielr\\\/\"}]}<\/script>\n<!-- \/ Yoast SEO plugin. -->","yoast_head_json":{"title":"Mercedes-Benz 10 millones de veh\u00edculos con frenado de emergencia -","description":"Mercedes-Benz refuerza la seguridad vial al alcanzar la impresionante cifra de 10 millones de veh\u00edculos con el sistema \"Active Brake Assist\".","robots":{"index":"index","follow":"follow","max-snippet":"max-snippet:-1","max-image-preview":"max-image-preview:large","max-video-preview":"max-video-preview:-1"},"canonical":"https:\/\/autofans.com.ar\/index.php\/2023\/11\/24\/mercedes-benz-10-millones-de-vehiculos-con-frenado-de-emergencia\/","og_locale":"es_ES","og_type":"article","og_title":"Mercedes-Benz 10 millones de veh\u00edculos con frenado de emergencia -","og_description":"Mercedes-Benz refuerza la seguridad vial al alcanzar la impresionante cifra de 10 millones de veh\u00edculos con el sistema \"Active Brake Assist\".","og_url":"https:\/\/autofans.com.ar\/index.php\/2023\/11\/24\/mercedes-benz-10-millones-de-vehiculos-con-frenado-de-emergencia\/","article_published_time":"2023-11-24T21:56:35+00:00","og_image":[{"width":1000,"height":667,"url":"https:\/\/autofans.com.ar\/wp-content\/uploads\/2023\/11\/mercedes-2-2.jpg","type":"image\/jpeg"}],"author":"Alejandro Gabriel Rosito","twitter_card":"summary_large_image","twitter_misc":{"Escrito por":"Alejandro Gabriel Rosito","Tiempo de lectura":"2 minutos"},"schema":{"@context":"https:\/\/schema.org","@graph":[{"@type":"Article","@id":"https:\/\/autofans.com.ar\/index.php\/2023\/11\/24\/mercedes-benz-10-millones-de-vehiculos-con-frenado-de-emergencia\/#article","isPartOf":{"@id":"https:\/\/autofans.com.ar\/index.php\/2023\/11\/24\/mercedes-benz-10-millones-de-vehiculos-con-frenado-de-emergencia\/"},"author":{"name":"Alejandro Gabriel Rosito","@id":"https:\/\/autofans.com.ar\/#\/schema\/person\/4a8dda0b6df83ac3d6723e921274c2aa"},"headline":"Mercedes-Benz 10 millones de veh\u00edculos con frenado de emergencia","datePublished":"2023-11-24T21:56:35+00:00","mainEntityOfPage":{"@id":"https:\/\/autofans.com.ar\/index.php\/2023\/11\/24\/mercedes-benz-10-millones-de-vehiculos-con-frenado-de-emergencia\/"},"wordCount":401,"image":{"@id":"https:\/\/autofans.com.ar\/index.php\/2023\/11\/24\/mercedes-benz-10-millones-de-vehiculos-con-frenado-de-emergencia\/#primaryimage"},"thumbnailUrl":"https:\/\/autofans.com.ar\/wp-content\/uploads\/2023\/11\/mercedes-2-2.jpg","keywords":["Active Brake Assist","frenado de emergencia","inteligencia artificial en veh\u00edculos","Mercedes-Benz","prevenci\u00f3n de accidentes","Seguridad Vial","tecnolog\u00eda de seguridad"],"articleSection":["EMPRESAS","NOTICIAS"],"inLanguage":"es"},{"@type":"WebPage","@id":"https:\/\/autofans.com.ar\/index.php\/2023\/11\/24\/mercedes-benz-10-millones-de-vehiculos-con-frenado-de-emergencia\/","url":"https:\/\/autofans.com.ar\/index.php\/2023\/11\/24\/mercedes-benz-10-millones-de-vehiculos-con-frenado-de-emergencia\/","name":"Mercedes-Benz 10 millones de veh\u00edculos con frenado de emergencia -","isPartOf":{"@id":"https:\/\/autofans.com.ar\/#website"},"primaryImageOfPage":{"@id":"https:\/\/autofans.com.ar\/index.php\/2023\/11\/24\/mercedes-benz-10-millones-de-vehiculos-con-frenado-de-emergencia\/#primaryimage"},"image":{"@id":"https:\/\/autofans.com.ar\/index.php\/2023\/11\/24\/mercedes-benz-10-millones-de-vehiculos-con-frenado-de-emergencia\/#primaryimage"},"thumbnailUrl":"https:\/\/autofans.com.ar\/wp-content\/uploads\/2023\/11\/mercedes-2-2.jpg","datePublished":"2023-11-24T21:56:35+00:00","author":{"@id":"https:\/\/autofans.com.ar\/#\/schema\/person\/4a8dda0b6df83ac3d6723e921274c2aa"},"description":"Mercedes-Benz refuerza la seguridad vial al alcanzar la impresionante cifra de 10 millones de veh\u00edculos con el sistema \"Active Brake Assist\".","breadcrumb":{"@id":"https:\/\/autofans.com.ar\/index.php\/2023\/11\/24\/mercedes-benz-10-millones-de-vehiculos-con-frenado-de-emergencia\/#breadcrumb"},"inLanguage":"es","potentialAction":[{"@type":"ReadAction","target":["https:\/\/autofans.com.ar\/index.php\/2023\/11\/24\/mercedes-benz-10-millones-de-vehiculos-con-frenado-de-emergencia\/"]}]},{"@type":"ImageObject","inLanguage":"es","@id":"https:\/\/autofans.com.ar\/index.php\/2023\/11\/24\/mercedes-benz-10-millones-de-vehiculos-con-frenado-de-emergencia\/#primaryimage","url":"https:\/\/autofans.com.ar\/wp-content\/uploads\/2023\/11\/mercedes-2-2.jpg","contentUrl":"https:\/\/autofans.com.ar\/wp-content\/uploads\/2023\/11\/mercedes-2-2.jpg","width":1000,"height":667,"caption":"Mercedes-Benz"},{"@type":"BreadcrumbList","@id":"https:\/\/autofans.com.ar\/index.php\/2023\/11\/24\/mercedes-benz-10-millones-de-vehiculos-con-frenado-de-emergencia\/#breadcrumb","itemListElement":[{"@type":"ListItem","position":1,"name":"Inicio","item":"https:\/\/autofans.com.ar\/"},{"@type":"ListItem","position":2,"name":"Mercedes-Benz 10 millones de veh\u00edculos con frenado de emergencia"}]},{"@type":"WebSite","@id":"https:\/\/autofans.com.ar\/#website","url":"https:\/\/autofans.com.ar\/","name":"","description":"El multimedio referente de la industria automotriz","potentialAction":[{"@type":"SearchAction","target":{"@type":"EntryPoint","urlTemplate":"https:\/\/autofans.com.ar\/?s={search_term_string}"},"query-input":{"@type":"PropertyValueSpecification","valueRequired":true,"valueName":"search_term_string"}}],"inLanguage":"es"},{"@type":"Person","@id":"https:\/\/autofans.com.ar\/#\/schema\/person\/4a8dda0b6df83ac3d6723e921274c2aa","name":"Alejandro Gabriel Rosito","image":{"@type":"ImageObject","inLanguage":"es","@id":"https:\/\/secure.gravatar.com\/avatar\/16c5dda1489adfc62618084dcbb91cffd879c374b13fe5dd8e44ed6733852c88?s=96&d=mm&r=g","url":"https:\/\/secure.gravatar.com\/avatar\/16c5dda1489adfc62618084dcbb91cffd879c374b13fe5dd8e44ed6733852c88?s=96&d=mm&r=g","contentUrl":"https:\/\/secure.gravatar.com\/avatar\/16c5dda1489adfc62618084dcbb91cffd879c374b13fe5dd8e44ed6733852c88?s=96&d=mm&r=g","caption":"Alejandro Gabriel Rosito"},"url":"https:\/\/autofans.com.ar\/index.php\/author\/gabrielr\/"}]}},"featured_image_urls":{"full":["https:\/\/autofans.com.ar\/wp-content\/uploads\/2023\/11\/mercedes-2-2.jpg",1000,667,false],"thumbnail":["https:\/\/autofans.com.ar\/wp-content\/uploads\/2023\/11\/mercedes-2-2-150x150.jpg",150,150,true],"medium":["https:\/\/autofans.com.ar\/wp-content\/uploads\/2023\/11\/mercedes-2-2-300x200.jpg",300,200,true],"medium_large":["https:\/\/autofans.com.ar\/wp-content\/uploads\/2023\/11\/mercedes-2-2-768x512.jpg",640,427,true],"large":["https:\/\/autofans.com.ar\/wp-content\/uploads\/2023\/11\/mercedes-2-2.jpg",640,427,false],"1536x1536":["https:\/\/autofans.com.ar\/wp-content\/uploads\/2023\/11\/mercedes-2-2.jpg",1000,667,false],"2048x2048":["https:\/\/autofans.com.ar\/wp-content\/uploads\/2023\/11\/mercedes-2-2.jpg",1000,667,false],"covernews-featured":["https:\/\/autofans.com.ar\/wp-content\/uploads\/2023\/11\/mercedes-2-2.jpg",1000,667,false],"covernews-medium":["https:\/\/autofans.com.ar\/wp-content\/uploads\/2023\/11\/mercedes-2-2-540x340.jpg",540,340,true]},"author_info":{"display_name":"Alejandro Gabriel Rosito","author_link":"https:\/\/autofans.com.ar\/index.php\/author\/gabrielr\/"},"category_info":"<a href=\"https:\/\/autofans.com.ar\/index.php\/category\/noticias\/empresas\/\" rel=\"category tag\">EMPRESAS<\/a> <a href=\"https:\/\/autofans.com.ar\/index.php\/category\/noticias\/\" rel=\"category tag\">NOTICIAS<\/a>","tag_info":"NOTICIAS","comment_count":0,"_links":{"self":[{"href":"https:\/\/autofans.com.ar\/index.php\/wp-json\/wp\/v2\/posts\/5883","targetHints":{"allow":["GET"]}}],"collection":[{"href":"https:\/\/autofans.com.ar\/index.php\/wp-json\/wp\/v2\/posts"}],"about":[{"href":"https:\/\/autofans.com.ar\/index.php\/wp-json\/wp\/v2\/types\/post"}],"author":[{"embeddable":true,"href":"https:\/\/autofans.com.ar\/index.php\/wp-json\/wp\/v2\/users\/2"}],"replies":[{"embeddable":true,"href":"https:\/\/autofans.com.ar\/index.php\/wp-json\/wp\/v2\/comments?post=5883"}],"version-history":[{"count":1,"href":"https:\/\/autofans.com.ar\/index.php\/wp-json\/wp\/v2\/posts\/5883\/revisions"}],"predecessor-version":[{"id":5886,"href":"https:\/\/autofans.com.ar\/index.php\/wp-json\/wp\/v2\/posts\/5883\/revisions\/5886"}],"wp:featuredmedia":[{"embeddable":true,"href":"https:\/\/autofans.com.ar\/index.php\/wp-json\/wp\/v2\/media\/5885"}],"wp:attachment":[{"href":"https:\/\/autofans.com.ar\/index.php\/wp-json\/wp\/v2\/media?parent=5883"}],"wp:term":[{"taxonomy":"category","embeddable":true,"href":"https:\/\/autofans.com.ar\/index.php\/wp-json\/wp\/v2\/categories?post=5883"},{"taxonomy":"post_tag","embeddable":true,"href":"https:\/\/autofans.com.ar\/index.php\/wp-json\/wp\/v2\/tags?post=5883"}],"curies":[{"name":"wp","href":"https:\/\/api.w.org\/{rel}","templated":true}]}}