{"id":5892,"date":"2023-11-27T18:50:24","date_gmt":"2023-11-27T21:50:24","guid":{"rendered":"https:\/\/autofans.com.ar\/?p=5892"},"modified":"2023-11-27T18:50:24","modified_gmt":"2023-11-27T21:50:24","slug":"amarok-experto-una-decada-de-exito-y-formacion-en-argentina","status":"publish","type":"post","link":"https:\/\/autofans.com.ar\/index.php\/2023\/11\/27\/amarok-experto-una-decada-de-exito-y-formacion-en-argentina\/","title":{"rendered":"Amarok Experto &#8211; una d\u00e9cada de \u00e9xito y formaci\u00f3n en Argentina"},"content":{"rendered":"<p>En el 2023, Volkswagen Argentina conmemora el d\u00e9cimo aniversario de su programa pionero. Amarok Experto, dise\u00f1ado para capacitar a vendedores y clientes de la reconocida pick-up. Este programa, nacido en 2013, ha sido clave en la consolidaci\u00f3n de la Amarok en el mercado argentino. Liderando las ventas de pick-ups en octubre y superando las 25,000 unidades vendidas en lo que va del a\u00f1o.<\/p>\n<p>&nbsp;<\/p>\n<h2>Certificando expertos y fan\u00e1ticos en Baradero<\/h2>\n<p>La celebraci\u00f3n de esta d\u00e9cada de \u00e9xito tuvo lugar en Baradero, provincia de Buenos Aires, donde 10 vendedores expertos de diferentes regiones se unieron a la prensa especializada. No solo vendedores y equipos comerciales han obtenido certificaci\u00f3n, sino tambi\u00e9n periodistas, clientes y fan\u00e1ticos. Amarok Experto se dio a conocer a trav\u00e9s de campa\u00f1as, eventos y su sitio web oficial, permitiendo a interesados, tanto usuarios como no usuarios de Amarok, inscribirse para participar en una jornada intensiva de formaci\u00f3n con conductores experimentados.<\/p>\n<p>&nbsp;<\/p>\n<div id='gallery-1' class='gallery galleryid-5892 gallery-columns-2 gallery-size-full'><figure class='gallery-item'>\n\t\t\t<div class='gallery-icon landscape'>\n\t\t\t\t<a href='https:\/\/autofans.com.ar\/index.php\/2023\/11\/27\/amarok-experto-una-decada-de-exito-y-formacion-en-argentina\/foto-2-345\/'><img loading=\"lazy\" width=\"1000\" height=\"667\" src=\"https:\/\/autofans.com.ar\/wp-content\/uploads\/2023\/11\/foto-2-7.jpg\" class=\"attachment-full size-full\" alt=\"Amarok Experto\" srcset=\"https:\/\/autofans.com.ar\/wp-content\/uploads\/2023\/11\/foto-2-7.jpg 1000w, https:\/\/autofans.com.ar\/wp-content\/uploads\/2023\/11\/foto-2-7-300x200.jpg 300w, https:\/\/autofans.com.ar\/wp-content\/uploads\/2023\/11\/foto-2-7-768x512.jpg 768w\" sizes=\"auto, (max-width: 1000px) 100vw, 1000px\" loading=\"lazy\" decoding=\"async\" \/><\/a>\n\t\t\t<\/div><\/figure><figure class='gallery-item'>\n\t\t\t<div class='gallery-icon landscape'>\n\t\t\t\t<a href='https:\/\/autofans.com.ar\/index.php\/2023\/11\/27\/amarok-experto-una-decada-de-exito-y-formacion-en-argentina\/foto-1-355\/'><img loading=\"lazy\" width=\"1000\" height=\"667\" src=\"https:\/\/autofans.com.ar\/wp-content\/uploads\/2023\/11\/foto-1-6.jpg\" class=\"attachment-full size-full\" alt=\"Amarok Experto\" srcset=\"https:\/\/autofans.com.ar\/wp-content\/uploads\/2023\/11\/foto-1-6.jpg 1000w, https:\/\/autofans.com.ar\/wp-content\/uploads\/2023\/11\/foto-1-6-300x200.jpg 300w, https:\/\/autofans.com.ar\/wp-content\/uploads\/2023\/11\/foto-1-6-768x512.jpg 768w\" sizes=\"auto, (max-width: 1000px) 100vw, 1000px\" loading=\"lazy\" decoding=\"async\" \/><\/a>\n\t\t\t<\/div><\/figure>\n\t\t<\/div>\n\n<p>&nbsp;<\/p>\n<p>Amarok Experto recorre m\u00e1s de 50,000 km al a\u00f1o, visitando m\u00e1s de 25 ciudades en todo el pa\u00eds. Con m\u00e1s de 100 jornadas anuales, tanto itinerantes como en el predio de Baradero, el programa forma y fideliza a vendedores y clientes, ofreciendo emocionantes experiencias al volante de la pick-up de Volkswagen.<\/p>\n<p>&nbsp;<\/p>\n<blockquote>\n<p style=\"text-align: center;\">\u201cAmarok Experto es un orgullo para la marca Volkswagen. En sus 10 a\u00f1os de<br \/>\nhistoria, ya son m\u00e1s de 1.500 los vendedores y clientes que han puesto a la pick up<br \/>\nde VW en las condiciones m\u00e1s extremas, exigi\u00e9ndola tanto en terrenos on-road<br \/>\ncomo off-road, y en superficies que van desde el asfalto al ripio, pasando por<br \/>\nnieve, hielo, arena y hasta vados de r\u00edo, entre otras. Amarok Experto naci\u00f3 en<br \/>\nArgentina y se exporta a la regi\u00f3n como un programa de capacitaci\u00f3n intensivo<br \/>\nte\u00f3rico-pr\u00e1ctico, a fin de atender a la demanda de nuestros clientes con el debido<br \/>\ncompromiso y pasi\u00f3n que caracteriza a nuestra red de concesionarios y a sus<br \/>\nvendedores\u201d, afirma Mart\u00edn Massimino, Director Comercial del Grupo Volkswagen.<\/p>\n<\/blockquote>\n<p>&nbsp;<\/p>\n<h2>Amarok &#8211; 13 versiones potentes y variadas<\/h2>\n<p>&nbsp;<\/p>\n<p><img fetchpriority=\"high\" decoding=\"async\" class=\"alignnone wp-image-5893 size-full\" src=\"https:\/\/autofans.com.ar\/wp-content\/uploads\/2023\/11\/foto-5-1.jpg\" alt=\"Amarok Experto\" width=\"1000\" height=\"667\" srcset=\"https:\/\/autofans.com.ar\/wp-content\/uploads\/2023\/11\/foto-5-1.jpg 1000w, https:\/\/autofans.com.ar\/wp-content\/uploads\/2023\/11\/foto-5-1-300x200.jpg 300w, https:\/\/autofans.com.ar\/wp-content\/uploads\/2023\/11\/foto-5-1-768x512.jpg 768w\" sizes=\"(max-width: 1000px) 100vw, 1000px\" \/><\/p>\n<p>&nbsp;<\/p>\n<p>&nbsp;<\/p>\n<p>La Amarok se presenta en Argentina con 13 versiones de cabina doble, con tres niveles de equipamiento (Trendline, Comfortline y Highline) y diversas motorizaciones Diesel, incluyendo el potente V6 de 258 CV. Las versiones tope de gama, Extreme y Black Style, destacan con motorizaci\u00f3n V6 de 258 CV, caja autom\u00e1tica ZF y tracci\u00f3n 4motion. Adem\u00e1s, la gama Amarok ofrece la garant\u00eda m\u00e1s amplia del mercado, con 6 a\u00f1os de respaldo.<\/p>\n<p>&nbsp;<\/p>\n<p><center><iframe title=\"La Amarok Experto de Volkswagen cumple una d\u00e9cada dejando huella.\" width=\"640\" height=\"360\" src=\"https:\/\/www.youtube.com\/embed\/RbpyWoxf1t4?feature=oembed\" frameborder=\"0\" allow=\"accelerometer; autoplay; clipboard-write; encrypted-media; gyroscope; picture-in-picture; web-share\" referrerpolicy=\"strict-origin-when-cross-origin\" allowfullscreen><\/iframe><\/p>\n<p>&nbsp;<\/p>\n<p><\/center>&nbsp;<\/p>\n<p>&nbsp;<\/p>\n<p>&nbsp;<\/p>\n<p><i>Para enterarte de m\u00e1s novedades, no dejes de leer\u00a0<\/i><a href=\"https:\/\/autofans.thebrandsoup.com\/\"><i>nuestras notas<\/i><\/a><i>, de ver<\/i><b><i>\u00a0<\/i><\/b><a href=\"https:\/\/www.youtube.com\/channel\/UCgAC8UGHZYbT6P7PpmVnP7g\"><b><i>AUTOFANS TV<\/i><\/b><\/a><b><i>\u00a0<\/i><\/b><i>en nuestro\u00a0canal de Youtube. Adem\u00e1s seguinos en\u00a0<\/i><a href=\"https:\/\/www.instagram.com\/autofanstv\/\"><i>INSTAGRAM<\/i><\/a><i> y <\/i><a href=\"https:\/\/www.facebook.com\/autofansmas\/\"><i>FACEBOOK<\/i><\/a><i> para no perderte nada sobre las novedades del segmento automotor de Argentina y el mundo.<\/i><\/p>\n","protected":false},"excerpt":{"rendered":"<p>En el 2023, Volkswagen Argentina conmemora el d\u00e9cimo aniversario de su programa pionero. Amarok Experto,&#8230;<\/p>\n","protected":false},"author":2,"featured_media":5895,"comment_status":"closed","ping_status":"closed","sticky":false,"template":"","format":"standard","meta":{"footnotes":""},"categories":[16,5],"tags":[3038,3036,3040,836,390,3039,279,3037,203,75],"class_list":["post-5892","post","type-post","status-publish","format-standard","has-post-thumbnail","hentry","category-noticias","category-otros","tag-10-aniversario","tag-amarok-experto","tag-baradero","tag-celebracion","tag-clientes","tag-formacion-de-vendedores","tag-pick-up","tag-programa-de-capacitacion","tag-ventas","tag-volkswagen-argentina"],"yoast_head":"<!-- This site is optimized with the Yoast SEO plugin v27.5 - https:\/\/yoast.com\/product\/yoast-seo-wordpress\/ -->\n<title>Amarok Experto - una d\u00e9cada de \u00e9xito y formaci\u00f3n en Argentina -<\/title>\n<meta name=\"description\" content=\"Volkswagen Argentina conmemora el d\u00e9cimo aniversario de su programa pionero, Amarok Experto, dise\u00f1ado para capacitar a vendedores y clientes.\" \/>\n<meta name=\"robots\" content=\"index, follow, max-snippet:-1, max-image-preview:large, max-video-preview:-1\" \/>\n<link rel=\"canonical\" href=\"https:\/\/autofans.com.ar\/index.php\/2023\/11\/27\/amarok-experto-una-decada-de-exito-y-formacion-en-argentina\/\" \/>\n<meta property=\"og:locale\" content=\"es_ES\" \/>\n<meta property=\"og:type\" content=\"article\" \/>\n<meta property=\"og:title\" content=\"Amarok Experto - una d\u00e9cada de \u00e9xito y formaci\u00f3n en Argentina -\" \/>\n<meta property=\"og:description\" content=\"Volkswagen Argentina conmemora el d\u00e9cimo aniversario de su programa pionero, Amarok Experto, dise\u00f1ado para capacitar a vendedores y clientes.\" \/>\n<meta property=\"og:url\" content=\"https:\/\/autofans.com.ar\/index.php\/2023\/11\/27\/amarok-experto-una-decada-de-exito-y-formacion-en-argentina\/\" \/>\n<meta property=\"article:published_time\" content=\"2023-11-27T21:50:24+00:00\" \/>\n<meta property=\"og:image\" content=\"https:\/\/autofans.com.ar\/wp-content\/uploads\/2023\/11\/foto-3-6.jpg\" \/>\n\t<meta property=\"og:image:width\" content=\"1000\" \/>\n\t<meta property=\"og:image:height\" content=\"667\" \/>\n\t<meta property=\"og:image:type\" content=\"image\/jpeg\" \/>\n<meta name=\"author\" content=\"Alejandro Gabriel Rosito\" \/>\n<meta name=\"twitter:card\" content=\"summary_large_image\" \/>\n<meta name=\"twitter:label1\" content=\"Escrito por\" \/>\n\t<meta name=\"twitter:data1\" content=\"Alejandro Gabriel Rosito\" \/>\n\t<meta name=\"twitter:label2\" content=\"Tiempo de lectura\" \/>\n\t<meta name=\"twitter:data2\" content=\"2 minutos\" \/>\n<script type=\"application\/ld+json\" class=\"yoast-schema-graph\">{\"@context\":\"https:\\\/\\\/schema.org\",\"@graph\":[{\"@type\":\"Article\",\"@id\":\"https:\\\/\\\/autofans.com.ar\\\/index.php\\\/2023\\\/11\\\/27\\\/amarok-experto-una-decada-de-exito-y-formacion-en-argentina\\\/#article\",\"isPartOf\":{\"@id\":\"https:\\\/\\\/autofans.com.ar\\\/index.php\\\/2023\\\/11\\\/27\\\/amarok-experto-una-decada-de-exito-y-formacion-en-argentina\\\/\"},\"author\":{\"name\":\"Alejandro Gabriel Rosito\",\"@id\":\"https:\\\/\\\/autofans.com.ar\\\/#\\\/schema\\\/person\\\/4a8dda0b6df83ac3d6723e921274c2aa\"},\"headline\":\"Amarok Experto &#8211; una d\u00e9cada de \u00e9xito y formaci\u00f3n en Argentina\",\"datePublished\":\"2023-11-27T21:50:24+00:00\",\"mainEntityOfPage\":{\"@id\":\"https:\\\/\\\/autofans.com.ar\\\/index.php\\\/2023\\\/11\\\/27\\\/amarok-experto-una-decada-de-exito-y-formacion-en-argentina\\\/\"},\"wordCount\":501,\"image\":{\"@id\":\"https:\\\/\\\/autofans.com.ar\\\/index.php\\\/2023\\\/11\\\/27\\\/amarok-experto-una-decada-de-exito-y-formacion-en-argentina\\\/#primaryimage\"},\"thumbnailUrl\":\"https:\\\/\\\/autofans.com.ar\\\/wp-content\\\/uploads\\\/2023\\\/11\\\/foto-3-6.jpg\",\"keywords\":[\"10 Aniversario\",\"Amarok Experto\",\"Baradero\",\"celebraci\u00f3n\",\"clientes\",\"Formaci\u00f3n de Vendedores\",\"Pick-up\",\"Programa de Capacitaci\u00f3n\",\"ventas\",\"Volkswagen Argentina\"],\"articleSection\":[\"NOTICIAS\",\"PICK UPs, UTILITARIOS Y OTROS\"],\"inLanguage\":\"es\"},{\"@type\":\"WebPage\",\"@id\":\"https:\\\/\\\/autofans.com.ar\\\/index.php\\\/2023\\\/11\\\/27\\\/amarok-experto-una-decada-de-exito-y-formacion-en-argentina\\\/\",\"url\":\"https:\\\/\\\/autofans.com.ar\\\/index.php\\\/2023\\\/11\\\/27\\\/amarok-experto-una-decada-de-exito-y-formacion-en-argentina\\\/\",\"name\":\"Amarok Experto - una d\u00e9cada de \u00e9xito y formaci\u00f3n en Argentina -\",\"isPartOf\":{\"@id\":\"https:\\\/\\\/autofans.com.ar\\\/#website\"},\"primaryImageOfPage\":{\"@id\":\"https:\\\/\\\/autofans.com.ar\\\/index.php\\\/2023\\\/11\\\/27\\\/amarok-experto-una-decada-de-exito-y-formacion-en-argentina\\\/#primaryimage\"},\"image\":{\"@id\":\"https:\\\/\\\/autofans.com.ar\\\/index.php\\\/2023\\\/11\\\/27\\\/amarok-experto-una-decada-de-exito-y-formacion-en-argentina\\\/#primaryimage\"},\"thumbnailUrl\":\"https:\\\/\\\/autofans.com.ar\\\/wp-content\\\/uploads\\\/2023\\\/11\\\/foto-3-6.jpg\",\"datePublished\":\"2023-11-27T21:50:24+00:00\",\"author\":{\"@id\":\"https:\\\/\\\/autofans.com.ar\\\/#\\\/schema\\\/person\\\/4a8dda0b6df83ac3d6723e921274c2aa\"},\"description\":\"Volkswagen Argentina conmemora el d\u00e9cimo aniversario de su programa pionero, Amarok Experto, dise\u00f1ado para capacitar a vendedores y clientes.\",\"breadcrumb\":{\"@id\":\"https:\\\/\\\/autofans.com.ar\\\/index.php\\\/2023\\\/11\\\/27\\\/amarok-experto-una-decada-de-exito-y-formacion-en-argentina\\\/#breadcrumb\"},\"inLanguage\":\"es\",\"potentialAction\":[{\"@type\":\"ReadAction\",\"target\":[\"https:\\\/\\\/autofans.com.ar\\\/index.php\\\/2023\\\/11\\\/27\\\/amarok-experto-una-decada-de-exito-y-formacion-en-argentina\\\/\"]}]},{\"@type\":\"ImageObject\",\"inLanguage\":\"es\",\"@id\":\"https:\\\/\\\/autofans.com.ar\\\/index.php\\\/2023\\\/11\\\/27\\\/amarok-experto-una-decada-de-exito-y-formacion-en-argentina\\\/#primaryimage\",\"url\":\"https:\\\/\\\/autofans.com.ar\\\/wp-content\\\/uploads\\\/2023\\\/11\\\/foto-3-6.jpg\",\"contentUrl\":\"https:\\\/\\\/autofans.com.ar\\\/wp-content\\\/uploads\\\/2023\\\/11\\\/foto-3-6.jpg\",\"width\":1000,\"height\":667,\"caption\":\"Amarok Experto\"},{\"@type\":\"BreadcrumbList\",\"@id\":\"https:\\\/\\\/autofans.com.ar\\\/index.php\\\/2023\\\/11\\\/27\\\/amarok-experto-una-decada-de-exito-y-formacion-en-argentina\\\/#breadcrumb\",\"itemListElement\":[{\"@type\":\"ListItem\",\"position\":1,\"name\":\"Inicio\",\"item\":\"https:\\\/\\\/autofans.com.ar\\\/\"},{\"@type\":\"ListItem\",\"position\":2,\"name\":\"Amarok Experto &#8211; una d\u00e9cada de \u00e9xito y formaci\u00f3n en Argentina\"}]},{\"@type\":\"WebSite\",\"@id\":\"https:\\\/\\\/autofans.com.ar\\\/#website\",\"url\":\"https:\\\/\\\/autofans.com.ar\\\/\",\"name\":\"\",\"description\":\"El multimedio referente de la industria automotriz\",\"potentialAction\":[{\"@type\":\"SearchAction\",\"target\":{\"@type\":\"EntryPoint\",\"urlTemplate\":\"https:\\\/\\\/autofans.com.ar\\\/?s={search_term_string}\"},\"query-input\":{\"@type\":\"PropertyValueSpecification\",\"valueRequired\":true,\"valueName\":\"search_term_string\"}}],\"inLanguage\":\"es\"},{\"@type\":\"Person\",\"@id\":\"https:\\\/\\\/autofans.com.ar\\\/#\\\/schema\\\/person\\\/4a8dda0b6df83ac3d6723e921274c2aa\",\"name\":\"Alejandro Gabriel Rosito\",\"image\":{\"@type\":\"ImageObject\",\"inLanguage\":\"es\",\"@id\":\"https:\\\/\\\/secure.gravatar.com\\\/avatar\\\/16c5dda1489adfc62618084dcbb91cffd879c374b13fe5dd8e44ed6733852c88?s=96&d=mm&r=g\",\"url\":\"https:\\\/\\\/secure.gravatar.com\\\/avatar\\\/16c5dda1489adfc62618084dcbb91cffd879c374b13fe5dd8e44ed6733852c88?s=96&d=mm&r=g\",\"contentUrl\":\"https:\\\/\\\/secure.gravatar.com\\\/avatar\\\/16c5dda1489adfc62618084dcbb91cffd879c374b13fe5dd8e44ed6733852c88?s=96&d=mm&r=g\",\"caption\":\"Alejandro Gabriel Rosito\"},\"url\":\"https:\\\/\\\/autofans.com.ar\\\/index.php\\\/author\\\/gabrielr\\\/\"}]}<\/script>\n<!-- \/ Yoast SEO plugin. -->","yoast_head_json":{"title":"Amarok Experto - una d\u00e9cada de \u00e9xito y formaci\u00f3n en Argentina -","description":"Volkswagen Argentina conmemora el d\u00e9cimo aniversario de su programa pionero, Amarok Experto, dise\u00f1ado para capacitar a vendedores y clientes.","robots":{"index":"index","follow":"follow","max-snippet":"max-snippet:-1","max-image-preview":"max-image-preview:large","max-video-preview":"max-video-preview:-1"},"canonical":"https:\/\/autofans.com.ar\/index.php\/2023\/11\/27\/amarok-experto-una-decada-de-exito-y-formacion-en-argentina\/","og_locale":"es_ES","og_type":"article","og_title":"Amarok Experto - una d\u00e9cada de \u00e9xito y formaci\u00f3n en Argentina -","og_description":"Volkswagen Argentina conmemora el d\u00e9cimo aniversario de su programa pionero, Amarok Experto, dise\u00f1ado para capacitar a vendedores y clientes.","og_url":"https:\/\/autofans.com.ar\/index.php\/2023\/11\/27\/amarok-experto-una-decada-de-exito-y-formacion-en-argentina\/","article_published_time":"2023-11-27T21:50:24+00:00","og_image":[{"width":1000,"height":667,"url":"https:\/\/autofans.com.ar\/wp-content\/uploads\/2023\/11\/foto-3-6.jpg","type":"image\/jpeg"}],"author":"Alejandro Gabriel Rosito","twitter_card":"summary_large_image","twitter_misc":{"Escrito por":"Alejandro Gabriel Rosito","Tiempo de lectura":"2 minutos"},"schema":{"@context":"https:\/\/schema.org","@graph":[{"@type":"Article","@id":"https:\/\/autofans.com.ar\/index.php\/2023\/11\/27\/amarok-experto-una-decada-de-exito-y-formacion-en-argentina\/#article","isPartOf":{"@id":"https:\/\/autofans.com.ar\/index.php\/2023\/11\/27\/amarok-experto-una-decada-de-exito-y-formacion-en-argentina\/"},"author":{"name":"Alejandro Gabriel Rosito","@id":"https:\/\/autofans.com.ar\/#\/schema\/person\/4a8dda0b6df83ac3d6723e921274c2aa"},"headline":"Amarok Experto &#8211; una d\u00e9cada de \u00e9xito y formaci\u00f3n en Argentina","datePublished":"2023-11-27T21:50:24+00:00","mainEntityOfPage":{"@id":"https:\/\/autofans.com.ar\/index.php\/2023\/11\/27\/amarok-experto-una-decada-de-exito-y-formacion-en-argentina\/"},"wordCount":501,"image":{"@id":"https:\/\/autofans.com.ar\/index.php\/2023\/11\/27\/amarok-experto-una-decada-de-exito-y-formacion-en-argentina\/#primaryimage"},"thumbnailUrl":"https:\/\/autofans.com.ar\/wp-content\/uploads\/2023\/11\/foto-3-6.jpg","keywords":["10 Aniversario","Amarok Experto","Baradero","celebraci\u00f3n","clientes","Formaci\u00f3n de Vendedores","Pick-up","Programa de Capacitaci\u00f3n","ventas","Volkswagen Argentina"],"articleSection":["NOTICIAS","PICK UPs, UTILITARIOS Y OTROS"],"inLanguage":"es"},{"@type":"WebPage","@id":"https:\/\/autofans.com.ar\/index.php\/2023\/11\/27\/amarok-experto-una-decada-de-exito-y-formacion-en-argentina\/","url":"https:\/\/autofans.com.ar\/index.php\/2023\/11\/27\/amarok-experto-una-decada-de-exito-y-formacion-en-argentina\/","name":"Amarok Experto - una d\u00e9cada de \u00e9xito y formaci\u00f3n en Argentina -","isPartOf":{"@id":"https:\/\/autofans.com.ar\/#website"},"primaryImageOfPage":{"@id":"https:\/\/autofans.com.ar\/index.php\/2023\/11\/27\/amarok-experto-una-decada-de-exito-y-formacion-en-argentina\/#primaryimage"},"image":{"@id":"https:\/\/autofans.com.ar\/index.php\/2023\/11\/27\/amarok-experto-una-decada-de-exito-y-formacion-en-argentina\/#primaryimage"},"thumbnailUrl":"https:\/\/autofans.com.ar\/wp-content\/uploads\/2023\/11\/foto-3-6.jpg","datePublished":"2023-11-27T21:50:24+00:00","author":{"@id":"https:\/\/autofans.com.ar\/#\/schema\/person\/4a8dda0b6df83ac3d6723e921274c2aa"},"description":"Volkswagen Argentina conmemora el d\u00e9cimo aniversario de su programa pionero, Amarok Experto, dise\u00f1ado para capacitar a vendedores y clientes.","breadcrumb":{"@id":"https:\/\/autofans.com.ar\/index.php\/2023\/11\/27\/amarok-experto-una-decada-de-exito-y-formacion-en-argentina\/#breadcrumb"},"inLanguage":"es","potentialAction":[{"@type":"ReadAction","target":["https:\/\/autofans.com.ar\/index.php\/2023\/11\/27\/amarok-experto-una-decada-de-exito-y-formacion-en-argentina\/"]}]},{"@type":"ImageObject","inLanguage":"es","@id":"https:\/\/autofans.com.ar\/index.php\/2023\/11\/27\/amarok-experto-una-decada-de-exito-y-formacion-en-argentina\/#primaryimage","url":"https:\/\/autofans.com.ar\/wp-content\/uploads\/2023\/11\/foto-3-6.jpg","contentUrl":"https:\/\/autofans.com.ar\/wp-content\/uploads\/2023\/11\/foto-3-6.jpg","width":1000,"height":667,"caption":"Amarok Experto"},{"@type":"BreadcrumbList","@id":"https:\/\/autofans.com.ar\/index.php\/2023\/11\/27\/amarok-experto-una-decada-de-exito-y-formacion-en-argentina\/#breadcrumb","itemListElement":[{"@type":"ListItem","position":1,"name":"Inicio","item":"https:\/\/autofans.com.ar\/"},{"@type":"ListItem","position":2,"name":"Amarok Experto &#8211; una d\u00e9cada de \u00e9xito y formaci\u00f3n en Argentina"}]},{"@type":"WebSite","@id":"https:\/\/autofans.com.ar\/#website","url":"https:\/\/autofans.com.ar\/","name":"","description":"El multimedio referente de la industria automotriz","potentialAction":[{"@type":"SearchAction","target":{"@type":"EntryPoint","urlTemplate":"https:\/\/autofans.com.ar\/?s={search_term_string}"},"query-input":{"@type":"PropertyValueSpecification","valueRequired":true,"valueName":"search_term_string"}}],"inLanguage":"es"},{"@type":"Person","@id":"https:\/\/autofans.com.ar\/#\/schema\/person\/4a8dda0b6df83ac3d6723e921274c2aa","name":"Alejandro Gabriel Rosito","image":{"@type":"ImageObject","inLanguage":"es","@id":"https:\/\/secure.gravatar.com\/avatar\/16c5dda1489adfc62618084dcbb91cffd879c374b13fe5dd8e44ed6733852c88?s=96&d=mm&r=g","url":"https:\/\/secure.gravatar.com\/avatar\/16c5dda1489adfc62618084dcbb91cffd879c374b13fe5dd8e44ed6733852c88?s=96&d=mm&r=g","contentUrl":"https:\/\/secure.gravatar.com\/avatar\/16c5dda1489adfc62618084dcbb91cffd879c374b13fe5dd8e44ed6733852c88?s=96&d=mm&r=g","caption":"Alejandro Gabriel Rosito"},"url":"https:\/\/autofans.com.ar\/index.php\/author\/gabrielr\/"}]}},"featured_image_urls":{"full":["https:\/\/autofans.com.ar\/wp-content\/uploads\/2023\/11\/foto-3-6.jpg",1000,667,false],"thumbnail":["https:\/\/autofans.com.ar\/wp-content\/uploads\/2023\/11\/foto-3-6-150x150.jpg",150,150,true],"medium":["https:\/\/autofans.com.ar\/wp-content\/uploads\/2023\/11\/foto-3-6-300x200.jpg",300,200,true],"medium_large":["https:\/\/autofans.com.ar\/wp-content\/uploads\/2023\/11\/foto-3-6-768x512.jpg",640,427,true],"large":["https:\/\/autofans.com.ar\/wp-content\/uploads\/2023\/11\/foto-3-6.jpg",640,427,false],"1536x1536":["https:\/\/autofans.com.ar\/wp-content\/uploads\/2023\/11\/foto-3-6.jpg",1000,667,false],"2048x2048":["https:\/\/autofans.com.ar\/wp-content\/uploads\/2023\/11\/foto-3-6.jpg",1000,667,false],"covernews-featured":["https:\/\/autofans.com.ar\/wp-content\/uploads\/2023\/11\/foto-3-6.jpg",1000,667,false],"covernews-medium":["https:\/\/autofans.com.ar\/wp-content\/uploads\/2023\/11\/foto-3-6-540x340.jpg",540,340,true]},"author_info":{"display_name":"Alejandro Gabriel Rosito","author_link":"https:\/\/autofans.com.ar\/index.php\/author\/gabrielr\/"},"category_info":"<a href=\"https:\/\/autofans.com.ar\/index.php\/category\/noticias\/\" rel=\"category tag\">NOTICIAS<\/a> <a href=\"https:\/\/autofans.com.ar\/index.php\/category\/noticias\/otros\/\" rel=\"category tag\">PICK UPs, UTILITARIOS Y OTROS<\/a>","tag_info":"PICK UPs, UTILITARIOS Y OTROS","comment_count":0,"_links":{"self":[{"href":"https:\/\/autofans.com.ar\/index.php\/wp-json\/wp\/v2\/posts\/5892","targetHints":{"allow":["GET"]}}],"collection":[{"href":"https:\/\/autofans.com.ar\/index.php\/wp-json\/wp\/v2\/posts"}],"about":[{"href":"https:\/\/autofans.com.ar\/index.php\/wp-json\/wp\/v2\/types\/post"}],"author":[{"embeddable":true,"href":"https:\/\/autofans.com.ar\/index.php\/wp-json\/wp\/v2\/users\/2"}],"replies":[{"embeddable":true,"href":"https:\/\/autofans.com.ar\/index.php\/wp-json\/wp\/v2\/comments?post=5892"}],"version-history":[{"count":3,"href":"https:\/\/autofans.com.ar\/index.php\/wp-json\/wp\/v2\/posts\/5892\/revisions"}],"predecessor-version":[{"id":5900,"href":"https:\/\/autofans.com.ar\/index.php\/wp-json\/wp\/v2\/posts\/5892\/revisions\/5900"}],"wp:featuredmedia":[{"embeddable":true,"href":"https:\/\/autofans.com.ar\/index.php\/wp-json\/wp\/v2\/media\/5895"}],"wp:attachment":[{"href":"https:\/\/autofans.com.ar\/index.php\/wp-json\/wp\/v2\/media?parent=5892"}],"wp:term":[{"taxonomy":"category","embeddable":true,"href":"https:\/\/autofans.com.ar\/index.php\/wp-json\/wp\/v2\/categories?post=5892"},{"taxonomy":"post_tag","embeddable":true,"href":"https:\/\/autofans.com.ar\/index.php\/wp-json\/wp\/v2\/tags?post=5892"}],"curies":[{"name":"wp","href":"https:\/\/api.w.org\/{rel}","templated":true}]}}