{"id":5901,"date":"2023-11-27T20:54:25","date_gmt":"2023-11-27T23:54:25","guid":{"rendered":"https:\/\/autofans.com.ar\/?p=5901"},"modified":"2023-11-27T20:54:25","modified_gmt":"2023-11-27T23:54:25","slug":"mercedes-benz-septimo-en-el-ranking-global-2023","status":"publish","type":"post","link":"https:\/\/autofans.com.ar\/index.php\/2023\/11\/27\/mercedes-benz-septimo-en-el-ranking-global-2023\/","title":{"rendered":"Mercedes-Benz &#8211; s\u00e9ptimo en el ranking Global 2023"},"content":{"rendered":"<p>Mercedes-Benz ha asegurado su s\u00e9ptimo lugar en el prestigioso ranking \u00abBest Global Brands 2023\u00bb de la consultora Interbrand, manteniendo su posici\u00f3n entre las diez marcas m\u00e1s destacadas del mundo por octavo a\u00f1o consecutivo. Desde su sede en Stuttgart, Alemania, la automotriz celebra un notable aumento del 9% en el valor de la marca en comparaci\u00f3n con el a\u00f1o anterior.<\/p>\n<p>&nbsp;<\/p>\n<h2>Iconos automotrices y liderazgo en innovaci\u00f3n<\/h2>\n<p>Este logro reafirma la posici\u00f3n de Mercedes-Benz como la marca de autom\u00f3viles de lujo m\u00e1s valiosa del mundo. La est\u00e9tica excepcional, las tecnolog\u00edas innovadoras y la integraci\u00f3n de pr\u00e1cticas sostenibles han impulsado este ascenso en el ranking, reflejando la constante transformaci\u00f3n de la marca.<\/p>\n<p>La esencia de Mercedes-Benz radica en sus s\u00f3lidas ra\u00edces como fabricante de autom\u00f3viles de lujo, respaldadas por la creaci\u00f3n de numerosos iconos automotrices. A su vez, la empresa mantiene un esp\u00edritu pionero que la destaca como l\u00edder en innovaci\u00f3n, continuando con su contribuci\u00f3n al desarrollo constante del autom\u00f3vil.<\/p>\n<p>&nbsp;<\/p>\n<h2>Mercedes-Benz \u00a0&#8211; el sello de calidad de Interbrand<\/h2>\n<p>&nbsp;<\/p>\n<p><img fetchpriority=\"high\" decoding=\"async\" class=\"aligncenter wp-image-5904 size-full\" src=\"https:\/\/autofans.com.ar\/wp-content\/uploads\/2023\/11\/foto-2-8.jpg\" alt=\"Mercedes-Benz\" width=\"1000\" height=\"667\" srcset=\"https:\/\/autofans.com.ar\/wp-content\/uploads\/2023\/11\/foto-2-8.jpg 1000w, https:\/\/autofans.com.ar\/wp-content\/uploads\/2023\/11\/foto-2-8-300x200.jpg 300w, https:\/\/autofans.com.ar\/wp-content\/uploads\/2023\/11\/foto-2-8-768x512.jpg 768w\" sizes=\"(max-width: 1000px) 100vw, 1000px\" \/><\/p>\n<p>&nbsp;<\/p>\n<p>Interbrand, la reconocida consultora estadounidense, realiza su exhaustivo an\u00e1lisis anual de las marcas m\u00e1s valiosas del mundo desde 1999. En su \u00abBest Global Brands\u00bb, eval\u00faa a las 100 marcas seg\u00fan criterios como el desempe\u00f1o financiero, el impacto en la decisi\u00f3n de compra y la proyecci\u00f3n de ingresos futuros. Este reconocimiento posiciona <a href=\"https:\/\/autofans.com.ar\/?s=mercedes-Benz\" target=\"_blank\" rel=\"noopener\">a Mercedes-Benz<\/a> como referente global en el competitivo mundo automotriz.<\/p>\n<p>&nbsp;<\/p>\n<p>&nbsp;<\/p>\n<p><i>Para enterarte de m\u00e1s novedades, no dejes de leer\u00a0<\/i><a href=\"https:\/\/autofans.thebrandsoup.com\/\"><i>nuestras notas<\/i><\/a><i>, de ver<\/i><b><i>\u00a0<\/i><\/b><a href=\"https:\/\/www.youtube.com\/channel\/UCgAC8UGHZYbT6P7PpmVnP7g\"><b><i>AUTOFANS TV<\/i><\/b><\/a><b><i>\u00a0<\/i><\/b><i>en nuestro\u00a0canal de Youtube. Adem\u00e1s seguinos en\u00a0<\/i><a href=\"https:\/\/www.instagram.com\/autofanstv\/\"><i>INSTAGRAM<\/i><\/a><i> y <\/i><a href=\"https:\/\/www.facebook.com\/autofansmas\/\"><i>FACEBOOK<\/i><\/a><i> para no perderte nada sobre las novedades del segmento automotor de Argentina y el mundo.<\/i><\/p>\n","protected":false},"excerpt":{"rendered":"<p>Mercedes-Benz ha asegurado su s\u00e9ptimo lugar en el prestigioso ranking \u00abBest Global Brands 2023\u00bb de&#8230;<\/p>\n","protected":false},"author":2,"featured_media":5903,"comment_status":"closed","ping_status":"closed","sticky":false,"template":"","format":"standard","meta":{"footnotes":""},"categories":[292,16],"tags":[3042,3041,886,3044,364,3043,3045],"class_list":["post-5901","post","type-post","status-publish","format-standard","has-post-thumbnail","hentry","category-empresas","category-noticias","tag-automotriz-de-lujo","tag-best-global-brands-2023","tag-innovacion-automotriz","tag-interbrand","tag-mercedes-benz","tag-ranking-mundial","tag-sostenibilidad-en-automoviles"],"yoast_head":"<!-- This site is optimized with the Yoast SEO plugin v27.5 - https:\/\/yoast.com\/product\/yoast-seo-wordpress\/ -->\n<title>Mercedes-Benz - s\u00e9ptimo en el ranking Global 2023 -<\/title>\n<meta name=\"description\" content=\"Mercedes-Benz ha asegurado su s\u00e9ptimo lugar en el prestigioso ranking &quot;Best Global Brands 2023&quot; de la consultora Interbrand...\" \/>\n<meta name=\"robots\" content=\"index, follow, max-snippet:-1, max-image-preview:large, max-video-preview:-1\" \/>\n<link rel=\"canonical\" href=\"https:\/\/autofans.com.ar\/index.php\/2023\/11\/27\/mercedes-benz-septimo-en-el-ranking-global-2023\/\" \/>\n<meta property=\"og:locale\" content=\"es_ES\" \/>\n<meta property=\"og:type\" content=\"article\" \/>\n<meta property=\"og:title\" content=\"Mercedes-Benz - s\u00e9ptimo en el ranking Global 2023 -\" \/>\n<meta property=\"og:description\" content=\"Mercedes-Benz ha asegurado su s\u00e9ptimo lugar en el prestigioso ranking &quot;Best Global Brands 2023&quot; de la consultora Interbrand...\" \/>\n<meta property=\"og:url\" content=\"https:\/\/autofans.com.ar\/index.php\/2023\/11\/27\/mercedes-benz-septimo-en-el-ranking-global-2023\/\" \/>\n<meta property=\"article:published_time\" content=\"2023-11-27T23:54:25+00:00\" \/>\n<meta property=\"og:image\" content=\"https:\/\/autofans.com.ar\/wp-content\/uploads\/2023\/11\/foto-1-7.jpg\" \/>\n\t<meta property=\"og:image:width\" content=\"1000\" \/>\n\t<meta property=\"og:image:height\" content=\"667\" \/>\n\t<meta property=\"og:image:type\" content=\"image\/jpeg\" \/>\n<meta name=\"author\" content=\"Alejandro Gabriel Rosito\" \/>\n<meta name=\"twitter:card\" content=\"summary_large_image\" \/>\n<meta name=\"twitter:label1\" content=\"Escrito por\" \/>\n\t<meta name=\"twitter:data1\" content=\"Alejandro Gabriel Rosito\" \/>\n\t<meta name=\"twitter:label2\" content=\"Tiempo de lectura\" \/>\n\t<meta name=\"twitter:data2\" content=\"2 minutos\" \/>\n<script type=\"application\/ld+json\" class=\"yoast-schema-graph\">{\"@context\":\"https:\\\/\\\/schema.org\",\"@graph\":[{\"@type\":\"Article\",\"@id\":\"https:\\\/\\\/autofans.com.ar\\\/index.php\\\/2023\\\/11\\\/27\\\/mercedes-benz-septimo-en-el-ranking-global-2023\\\/#article\",\"isPartOf\":{\"@id\":\"https:\\\/\\\/autofans.com.ar\\\/index.php\\\/2023\\\/11\\\/27\\\/mercedes-benz-septimo-en-el-ranking-global-2023\\\/\"},\"author\":{\"name\":\"Alejandro Gabriel Rosito\",\"@id\":\"https:\\\/\\\/autofans.com.ar\\\/#\\\/schema\\\/person\\\/4a8dda0b6df83ac3d6723e921274c2aa\"},\"headline\":\"Mercedes-Benz &#8211; s\u00e9ptimo en el ranking Global 2023\",\"datePublished\":\"2023-11-27T23:54:25+00:00\",\"mainEntityOfPage\":{\"@id\":\"https:\\\/\\\/autofans.com.ar\\\/index.php\\\/2023\\\/11\\\/27\\\/mercedes-benz-septimo-en-el-ranking-global-2023\\\/\"},\"wordCount\":310,\"image\":{\"@id\":\"https:\\\/\\\/autofans.com.ar\\\/index.php\\\/2023\\\/11\\\/27\\\/mercedes-benz-septimo-en-el-ranking-global-2023\\\/#primaryimage\"},\"thumbnailUrl\":\"https:\\\/\\\/autofans.com.ar\\\/wp-content\\\/uploads\\\/2023\\\/11\\\/foto-1-7.jpg\",\"keywords\":[\"automotriz de lujo\",\"Best Global Brands 2023\",\"Innovaci\u00f3n automotriz\",\"Interbrand\",\"Mercedes-Benz\",\"ranking mundial\",\"sostenibilidad en autom\u00f3viles\"],\"articleSection\":[\"EMPRESAS\",\"NOTICIAS\"],\"inLanguage\":\"es\"},{\"@type\":\"WebPage\",\"@id\":\"https:\\\/\\\/autofans.com.ar\\\/index.php\\\/2023\\\/11\\\/27\\\/mercedes-benz-septimo-en-el-ranking-global-2023\\\/\",\"url\":\"https:\\\/\\\/autofans.com.ar\\\/index.php\\\/2023\\\/11\\\/27\\\/mercedes-benz-septimo-en-el-ranking-global-2023\\\/\",\"name\":\"Mercedes-Benz - s\u00e9ptimo en el ranking Global 2023 -\",\"isPartOf\":{\"@id\":\"https:\\\/\\\/autofans.com.ar\\\/#website\"},\"primaryImageOfPage\":{\"@id\":\"https:\\\/\\\/autofans.com.ar\\\/index.php\\\/2023\\\/11\\\/27\\\/mercedes-benz-septimo-en-el-ranking-global-2023\\\/#primaryimage\"},\"image\":{\"@id\":\"https:\\\/\\\/autofans.com.ar\\\/index.php\\\/2023\\\/11\\\/27\\\/mercedes-benz-septimo-en-el-ranking-global-2023\\\/#primaryimage\"},\"thumbnailUrl\":\"https:\\\/\\\/autofans.com.ar\\\/wp-content\\\/uploads\\\/2023\\\/11\\\/foto-1-7.jpg\",\"datePublished\":\"2023-11-27T23:54:25+00:00\",\"author\":{\"@id\":\"https:\\\/\\\/autofans.com.ar\\\/#\\\/schema\\\/person\\\/4a8dda0b6df83ac3d6723e921274c2aa\"},\"description\":\"Mercedes-Benz ha asegurado su s\u00e9ptimo lugar en el prestigioso ranking \\\"Best Global Brands 2023\\\" de la consultora Interbrand...\",\"breadcrumb\":{\"@id\":\"https:\\\/\\\/autofans.com.ar\\\/index.php\\\/2023\\\/11\\\/27\\\/mercedes-benz-septimo-en-el-ranking-global-2023\\\/#breadcrumb\"},\"inLanguage\":\"es\",\"potentialAction\":[{\"@type\":\"ReadAction\",\"target\":[\"https:\\\/\\\/autofans.com.ar\\\/index.php\\\/2023\\\/11\\\/27\\\/mercedes-benz-septimo-en-el-ranking-global-2023\\\/\"]}]},{\"@type\":\"ImageObject\",\"inLanguage\":\"es\",\"@id\":\"https:\\\/\\\/autofans.com.ar\\\/index.php\\\/2023\\\/11\\\/27\\\/mercedes-benz-septimo-en-el-ranking-global-2023\\\/#primaryimage\",\"url\":\"https:\\\/\\\/autofans.com.ar\\\/wp-content\\\/uploads\\\/2023\\\/11\\\/foto-1-7.jpg\",\"contentUrl\":\"https:\\\/\\\/autofans.com.ar\\\/wp-content\\\/uploads\\\/2023\\\/11\\\/foto-1-7.jpg\",\"width\":1000,\"height\":667,\"caption\":\"Mercedes-Benz\"},{\"@type\":\"BreadcrumbList\",\"@id\":\"https:\\\/\\\/autofans.com.ar\\\/index.php\\\/2023\\\/11\\\/27\\\/mercedes-benz-septimo-en-el-ranking-global-2023\\\/#breadcrumb\",\"itemListElement\":[{\"@type\":\"ListItem\",\"position\":1,\"name\":\"Inicio\",\"item\":\"https:\\\/\\\/autofans.com.ar\\\/\"},{\"@type\":\"ListItem\",\"position\":2,\"name\":\"Mercedes-Benz &#8211; s\u00e9ptimo en el ranking Global 2023\"}]},{\"@type\":\"WebSite\",\"@id\":\"https:\\\/\\\/autofans.com.ar\\\/#website\",\"url\":\"https:\\\/\\\/autofans.com.ar\\\/\",\"name\":\"\",\"description\":\"El multimedio referente de la industria automotriz\",\"potentialAction\":[{\"@type\":\"SearchAction\",\"target\":{\"@type\":\"EntryPoint\",\"urlTemplate\":\"https:\\\/\\\/autofans.com.ar\\\/?s={search_term_string}\"},\"query-input\":{\"@type\":\"PropertyValueSpecification\",\"valueRequired\":true,\"valueName\":\"search_term_string\"}}],\"inLanguage\":\"es\"},{\"@type\":\"Person\",\"@id\":\"https:\\\/\\\/autofans.com.ar\\\/#\\\/schema\\\/person\\\/4a8dda0b6df83ac3d6723e921274c2aa\",\"name\":\"Alejandro Gabriel Rosito\",\"image\":{\"@type\":\"ImageObject\",\"inLanguage\":\"es\",\"@id\":\"https:\\\/\\\/secure.gravatar.com\\\/avatar\\\/16c5dda1489adfc62618084dcbb91cffd879c374b13fe5dd8e44ed6733852c88?s=96&d=mm&r=g\",\"url\":\"https:\\\/\\\/secure.gravatar.com\\\/avatar\\\/16c5dda1489adfc62618084dcbb91cffd879c374b13fe5dd8e44ed6733852c88?s=96&d=mm&r=g\",\"contentUrl\":\"https:\\\/\\\/secure.gravatar.com\\\/avatar\\\/16c5dda1489adfc62618084dcbb91cffd879c374b13fe5dd8e44ed6733852c88?s=96&d=mm&r=g\",\"caption\":\"Alejandro Gabriel Rosito\"},\"url\":\"https:\\\/\\\/autofans.com.ar\\\/index.php\\\/author\\\/gabrielr\\\/\"}]}<\/script>\n<!-- \/ Yoast SEO plugin. -->","yoast_head_json":{"title":"Mercedes-Benz - s\u00e9ptimo en el ranking Global 2023 -","description":"Mercedes-Benz ha asegurado su s\u00e9ptimo lugar en el prestigioso ranking \"Best Global Brands 2023\" de la consultora Interbrand...","robots":{"index":"index","follow":"follow","max-snippet":"max-snippet:-1","max-image-preview":"max-image-preview:large","max-video-preview":"max-video-preview:-1"},"canonical":"https:\/\/autofans.com.ar\/index.php\/2023\/11\/27\/mercedes-benz-septimo-en-el-ranking-global-2023\/","og_locale":"es_ES","og_type":"article","og_title":"Mercedes-Benz - s\u00e9ptimo en el ranking Global 2023 -","og_description":"Mercedes-Benz ha asegurado su s\u00e9ptimo lugar en el prestigioso ranking \"Best Global Brands 2023\" de la consultora Interbrand...","og_url":"https:\/\/autofans.com.ar\/index.php\/2023\/11\/27\/mercedes-benz-septimo-en-el-ranking-global-2023\/","article_published_time":"2023-11-27T23:54:25+00:00","og_image":[{"width":1000,"height":667,"url":"https:\/\/autofans.com.ar\/wp-content\/uploads\/2023\/11\/foto-1-7.jpg","type":"image\/jpeg"}],"author":"Alejandro Gabriel Rosito","twitter_card":"summary_large_image","twitter_misc":{"Escrito por":"Alejandro Gabriel Rosito","Tiempo de lectura":"2 minutos"},"schema":{"@context":"https:\/\/schema.org","@graph":[{"@type":"Article","@id":"https:\/\/autofans.com.ar\/index.php\/2023\/11\/27\/mercedes-benz-septimo-en-el-ranking-global-2023\/#article","isPartOf":{"@id":"https:\/\/autofans.com.ar\/index.php\/2023\/11\/27\/mercedes-benz-septimo-en-el-ranking-global-2023\/"},"author":{"name":"Alejandro Gabriel Rosito","@id":"https:\/\/autofans.com.ar\/#\/schema\/person\/4a8dda0b6df83ac3d6723e921274c2aa"},"headline":"Mercedes-Benz &#8211; s\u00e9ptimo en el ranking Global 2023","datePublished":"2023-11-27T23:54:25+00:00","mainEntityOfPage":{"@id":"https:\/\/autofans.com.ar\/index.php\/2023\/11\/27\/mercedes-benz-septimo-en-el-ranking-global-2023\/"},"wordCount":310,"image":{"@id":"https:\/\/autofans.com.ar\/index.php\/2023\/11\/27\/mercedes-benz-septimo-en-el-ranking-global-2023\/#primaryimage"},"thumbnailUrl":"https:\/\/autofans.com.ar\/wp-content\/uploads\/2023\/11\/foto-1-7.jpg","keywords":["automotriz de lujo","Best Global Brands 2023","Innovaci\u00f3n automotriz","Interbrand","Mercedes-Benz","ranking mundial","sostenibilidad en autom\u00f3viles"],"articleSection":["EMPRESAS","NOTICIAS"],"inLanguage":"es"},{"@type":"WebPage","@id":"https:\/\/autofans.com.ar\/index.php\/2023\/11\/27\/mercedes-benz-septimo-en-el-ranking-global-2023\/","url":"https:\/\/autofans.com.ar\/index.php\/2023\/11\/27\/mercedes-benz-septimo-en-el-ranking-global-2023\/","name":"Mercedes-Benz - s\u00e9ptimo en el ranking Global 2023 -","isPartOf":{"@id":"https:\/\/autofans.com.ar\/#website"},"primaryImageOfPage":{"@id":"https:\/\/autofans.com.ar\/index.php\/2023\/11\/27\/mercedes-benz-septimo-en-el-ranking-global-2023\/#primaryimage"},"image":{"@id":"https:\/\/autofans.com.ar\/index.php\/2023\/11\/27\/mercedes-benz-septimo-en-el-ranking-global-2023\/#primaryimage"},"thumbnailUrl":"https:\/\/autofans.com.ar\/wp-content\/uploads\/2023\/11\/foto-1-7.jpg","datePublished":"2023-11-27T23:54:25+00:00","author":{"@id":"https:\/\/autofans.com.ar\/#\/schema\/person\/4a8dda0b6df83ac3d6723e921274c2aa"},"description":"Mercedes-Benz ha asegurado su s\u00e9ptimo lugar en el prestigioso ranking \"Best Global Brands 2023\" de la consultora Interbrand...","breadcrumb":{"@id":"https:\/\/autofans.com.ar\/index.php\/2023\/11\/27\/mercedes-benz-septimo-en-el-ranking-global-2023\/#breadcrumb"},"inLanguage":"es","potentialAction":[{"@type":"ReadAction","target":["https:\/\/autofans.com.ar\/index.php\/2023\/11\/27\/mercedes-benz-septimo-en-el-ranking-global-2023\/"]}]},{"@type":"ImageObject","inLanguage":"es","@id":"https:\/\/autofans.com.ar\/index.php\/2023\/11\/27\/mercedes-benz-septimo-en-el-ranking-global-2023\/#primaryimage","url":"https:\/\/autofans.com.ar\/wp-content\/uploads\/2023\/11\/foto-1-7.jpg","contentUrl":"https:\/\/autofans.com.ar\/wp-content\/uploads\/2023\/11\/foto-1-7.jpg","width":1000,"height":667,"caption":"Mercedes-Benz"},{"@type":"BreadcrumbList","@id":"https:\/\/autofans.com.ar\/index.php\/2023\/11\/27\/mercedes-benz-septimo-en-el-ranking-global-2023\/#breadcrumb","itemListElement":[{"@type":"ListItem","position":1,"name":"Inicio","item":"https:\/\/autofans.com.ar\/"},{"@type":"ListItem","position":2,"name":"Mercedes-Benz &#8211; s\u00e9ptimo en el ranking Global 2023"}]},{"@type":"WebSite","@id":"https:\/\/autofans.com.ar\/#website","url":"https:\/\/autofans.com.ar\/","name":"","description":"El multimedio referente de la industria automotriz","potentialAction":[{"@type":"SearchAction","target":{"@type":"EntryPoint","urlTemplate":"https:\/\/autofans.com.ar\/?s={search_term_string}"},"query-input":{"@type":"PropertyValueSpecification","valueRequired":true,"valueName":"search_term_string"}}],"inLanguage":"es"},{"@type":"Person","@id":"https:\/\/autofans.com.ar\/#\/schema\/person\/4a8dda0b6df83ac3d6723e921274c2aa","name":"Alejandro Gabriel Rosito","image":{"@type":"ImageObject","inLanguage":"es","@id":"https:\/\/secure.gravatar.com\/avatar\/16c5dda1489adfc62618084dcbb91cffd879c374b13fe5dd8e44ed6733852c88?s=96&d=mm&r=g","url":"https:\/\/secure.gravatar.com\/avatar\/16c5dda1489adfc62618084dcbb91cffd879c374b13fe5dd8e44ed6733852c88?s=96&d=mm&r=g","contentUrl":"https:\/\/secure.gravatar.com\/avatar\/16c5dda1489adfc62618084dcbb91cffd879c374b13fe5dd8e44ed6733852c88?s=96&d=mm&r=g","caption":"Alejandro Gabriel Rosito"},"url":"https:\/\/autofans.com.ar\/index.php\/author\/gabrielr\/"}]}},"featured_image_urls":{"full":["https:\/\/autofans.com.ar\/wp-content\/uploads\/2023\/11\/foto-1-7.jpg",1000,667,false],"thumbnail":["https:\/\/autofans.com.ar\/wp-content\/uploads\/2023\/11\/foto-1-7-150x150.jpg",150,150,true],"medium":["https:\/\/autofans.com.ar\/wp-content\/uploads\/2023\/11\/foto-1-7-300x200.jpg",300,200,true],"medium_large":["https:\/\/autofans.com.ar\/wp-content\/uploads\/2023\/11\/foto-1-7-768x512.jpg",640,427,true],"large":["https:\/\/autofans.com.ar\/wp-content\/uploads\/2023\/11\/foto-1-7.jpg",640,427,false],"1536x1536":["https:\/\/autofans.com.ar\/wp-content\/uploads\/2023\/11\/foto-1-7.jpg",1000,667,false],"2048x2048":["https:\/\/autofans.com.ar\/wp-content\/uploads\/2023\/11\/foto-1-7.jpg",1000,667,false],"covernews-featured":["https:\/\/autofans.com.ar\/wp-content\/uploads\/2023\/11\/foto-1-7.jpg",1000,667,false],"covernews-medium":["https:\/\/autofans.com.ar\/wp-content\/uploads\/2023\/11\/foto-1-7-540x340.jpg",540,340,true]},"author_info":{"display_name":"Alejandro Gabriel Rosito","author_link":"https:\/\/autofans.com.ar\/index.php\/author\/gabrielr\/"},"category_info":"<a href=\"https:\/\/autofans.com.ar\/index.php\/category\/noticias\/empresas\/\" rel=\"category tag\">EMPRESAS<\/a> <a href=\"https:\/\/autofans.com.ar\/index.php\/category\/noticias\/\" rel=\"category tag\">NOTICIAS<\/a>","tag_info":"NOTICIAS","comment_count":0,"_links":{"self":[{"href":"https:\/\/autofans.com.ar\/index.php\/wp-json\/wp\/v2\/posts\/5901","targetHints":{"allow":["GET"]}}],"collection":[{"href":"https:\/\/autofans.com.ar\/index.php\/wp-json\/wp\/v2\/posts"}],"about":[{"href":"https:\/\/autofans.com.ar\/index.php\/wp-json\/wp\/v2\/types\/post"}],"author":[{"embeddable":true,"href":"https:\/\/autofans.com.ar\/index.php\/wp-json\/wp\/v2\/users\/2"}],"replies":[{"embeddable":true,"href":"https:\/\/autofans.com.ar\/index.php\/wp-json\/wp\/v2\/comments?post=5901"}],"version-history":[{"count":2,"href":"https:\/\/autofans.com.ar\/index.php\/wp-json\/wp\/v2\/posts\/5901\/revisions"}],"predecessor-version":[{"id":5905,"href":"https:\/\/autofans.com.ar\/index.php\/wp-json\/wp\/v2\/posts\/5901\/revisions\/5905"}],"wp:featuredmedia":[{"embeddable":true,"href":"https:\/\/autofans.com.ar\/index.php\/wp-json\/wp\/v2\/media\/5903"}],"wp:attachment":[{"href":"https:\/\/autofans.com.ar\/index.php\/wp-json\/wp\/v2\/media?parent=5901"}],"wp:term":[{"taxonomy":"category","embeddable":true,"href":"https:\/\/autofans.com.ar\/index.php\/wp-json\/wp\/v2\/categories?post=5901"},{"taxonomy":"post_tag","embeddable":true,"href":"https:\/\/autofans.com.ar\/index.php\/wp-json\/wp\/v2\/tags?post=5901"}],"curies":[{"name":"wp","href":"https:\/\/api.w.org\/{rel}","templated":true}]}}