{"id":5906,"date":"2023-11-28T13:57:50","date_gmt":"2023-11-28T16:57:50","guid":{"rendered":"https:\/\/autofans.com.ar\/?p=5906"},"modified":"2023-11-28T13:57:50","modified_gmt":"2023-11-28T16:57:50","slug":"nissan-argentina-en-el-japan-mobility-show-2023","status":"publish","type":"post","link":"https:\/\/autofans.com.ar\/index.php\/2023\/11\/28\/nissan-argentina-en-el-japan-mobility-show-2023\/","title":{"rendered":"Nissan Argentina en el Japan Mobility Show 2023"},"content":{"rendered":"<p>Melisa Vallejo, especialista de marketing de producto en Nissan Argentina, nos sumerge en su experiencia \u00fanica como parte de los INsiders de Nissan Americas durante el Japan Mobility Show 2023. Este evento dej\u00f3 una huella imborrable en la memoria de todos los participantes, pero para Melisa, fue un sue\u00f1o cumplido.<\/p>\n<p>&nbsp;<\/p>\n<blockquote>\n<p style=\"text-align: center;\">Melisa, quien lleva seis a\u00f1os trabajando en Nissan, destaca que esta experiencia marc\u00f3 un antes y un despu\u00e9s en su historia. La vivencia le abri\u00f3 la mente y reforz\u00f3 su aprecio por los valores japoneses de respeto, empat\u00eda y orden. \u00abLogr\u00e9 dimensionar la incre\u00edble compa\u00f1\u00eda que es Nissan y el orgullo que me genera ser parte de este equipo que est\u00e1 transformando la movilidad\u00bb.<\/p>\n<\/blockquote>\n<p>&nbsp;<\/p>\n<h3>Descubriendo el futuro<\/h3>\n<p>La participaci\u00f3n de Nissan en el evento fue m\u00e1s que la exhibici\u00f3n de veh\u00edculos; fue una inmersi\u00f3n en el futuro. Melisa destaca el impacto visual al ingresar al sal\u00f3n del evento, donde se encontr\u00f3 cara a cara con los impresionantes veh\u00edculos-concepto Hyper de Nissan. Estos dise\u00f1os, habitualmente vistos en fotos, deslumbraron a Melisa con su innovaci\u00f3n y su consideraci\u00f3n de diversos estilos de vida.<\/p>\n<p>&nbsp;<\/p>\n<p><img fetchpriority=\"high\" decoding=\"async\" class=\"aligncenter wp-image-5909 size-full\" src=\"https:\/\/autofans.com.ar\/wp-content\/uploads\/2023\/11\/foto-1-8.jpg\" alt=\"Nissan\" width=\"1000\" height=\"667\" srcset=\"https:\/\/autofans.com.ar\/wp-content\/uploads\/2023\/11\/foto-1-8.jpg 1000w, https:\/\/autofans.com.ar\/wp-content\/uploads\/2023\/11\/foto-1-8-300x200.jpg 300w, https:\/\/autofans.com.ar\/wp-content\/uploads\/2023\/11\/foto-1-8-768x512.jpg 768w\" sizes=\"(max-width: 1000px) 100vw, 1000px\" \/><\/p>\n<p>&nbsp;<\/p>\n<p>Uno de los momentos m\u00e1s destacados para Melisa fue conocer en persona al CEO de Nissan, Makoto Uchida. Esta experiencia no solo le permiti\u00f3 admirar la visi\u00f3n de liderazgo, sino tambi\u00e9n establecer un v\u00ednculo c\u00e1lido y cercano con Uchida. La oportunidad de conversar y hacer preguntas gener\u00f3 un plus de motivaci\u00f3n y entusiasmo para trabajar en una compa\u00f1\u00eda global.<\/p>\n<p>&nbsp;<\/p>\n<h3>Celebrando la diversidad: INsiders de Nissan Americas<\/h3>\n<p>Melisa forma parte de un grupo exclusivo, los INsiders de Nissan Americas, compuesto por colaboradores de la regi\u00f3n. La diversidad se celebr\u00f3 con risas c\u00f3mplices durante diversas actividades. En Jap\u00f3n, visitaron el Nissan Heritage Collection para sumergirse en la rica historia de la compa\u00f1\u00eda en su 90 aniversario. La experiencia incluy\u00f3 la admiraci\u00f3n de casi 300 veh\u00edculos, algunos de 1933, con el asombroso hecho de que el 70% de ellos a\u00fan manten\u00eda su mec\u00e1nica intacta y funcional.<\/p>\n<p>&nbsp;<\/p>\n<p><img decoding=\"async\" class=\"aligncenter wp-image-5907 size-full\" src=\"https:\/\/autofans.com.ar\/wp-content\/uploads\/2023\/11\/foto-3-7.jpg\" alt=\"Nissan\" width=\"1000\" height=\"667\" srcset=\"https:\/\/autofans.com.ar\/wp-content\/uploads\/2023\/11\/foto-3-7.jpg 1000w, https:\/\/autofans.com.ar\/wp-content\/uploads\/2023\/11\/foto-3-7-300x200.jpg 300w, https:\/\/autofans.com.ar\/wp-content\/uploads\/2023\/11\/foto-3-7-768x512.jpg 768w\" sizes=\"(max-width: 1000px) 100vw, 1000px\" \/><\/p>\n<p>&nbsp;<\/p>\n<p>El viaje no solo se limit\u00f3 al evento principal; Melisa y su grupo exploraron el Nissan Technical Center, la planta de motores en Yokohama y las oficinas centrales. La realidad super\u00f3 las expectativas, con edificios imponentes que irradiaban innovaci\u00f3n, desafiaban el status-quo y mostraban pasi\u00f3n en cada rinc\u00f3n.<\/p>\n<p>&nbsp;<\/p>\n<p>&nbsp;<\/p>\n<p><i>Para enterarte de m\u00e1s novedades, no dejes de leer\u00a0<\/i><a href=\"https:\/\/autofans.thebrandsoup.com\/\"><i>nuestras notas<\/i><\/a><i>, de ver<\/i><b><i>\u00a0<\/i><\/b><a href=\"https:\/\/www.youtube.com\/channel\/UCgAC8UGHZYbT6P7PpmVnP7g\"><b><i>AUTOFANS TV<\/i><\/b><\/a><b><i>\u00a0<\/i><\/b><i>en nuestro\u00a0canal de Youtube. Adem\u00e1s seguinos en\u00a0<\/i><a href=\"https:\/\/www.instagram.com\/autofanstv\/\"><i>INSTAGRAM<\/i><\/a><i> y <\/i><a href=\"https:\/\/www.facebook.com\/autofansmas\/\"><i>FACEBOOK<\/i><\/a><i> para no perderte nada sobre las novedades del segmento automotor de Argentina y el mundo.<\/i><\/p>\n","protected":false},"excerpt":{"rendered":"<p>Melisa Vallejo, especialista de marketing de producto en Nissan Argentina, nos sumerge en su experiencia&#8230;<\/p>\n","protected":false},"author":2,"featured_media":5908,"comment_status":"closed","ping_status":"closed","sticky":false,"template":"","format":"standard","meta":{"footnotes":""},"categories":[292,16],"tags":[3047,3048,2780,46,3049,3050,3046],"class_list":["post-5906","post","type-post","status-publish","format-standard","has-post-thumbnail","hentry","category-empresas","category-noticias","tag-ceo-makoto-uchida","tag-insiders-nissan-americas","tag-japan-mobility-show-2023","tag-nissan-argentina","tag-nissan-heritage-collection","tag-transformacion-en-movilidad","tag-vehiculos-hyper"],"yoast_head":"<!-- This site is optimized with the Yoast SEO plugin v27.5 - https:\/\/yoast.com\/product\/yoast-seo-wordpress\/ -->\n<title>Nissan Argentina en el Japan Mobility Show 2023 -<\/title>\n<meta name=\"description\" content=\"Melisa Vallejo, especialista de marketing de producto en Nissan Argentina, nos sumerge en su experiencia como parte de los INsiders de Nissan\" \/>\n<meta name=\"robots\" content=\"index, follow, max-snippet:-1, max-image-preview:large, max-video-preview:-1\" \/>\n<link rel=\"canonical\" href=\"https:\/\/autofans.com.ar\/index.php\/2023\/11\/28\/nissan-argentina-en-el-japan-mobility-show-2023\/\" \/>\n<meta property=\"og:locale\" content=\"es_ES\" \/>\n<meta property=\"og:type\" content=\"article\" \/>\n<meta property=\"og:title\" content=\"Nissan Argentina en el Japan Mobility Show 2023 -\" \/>\n<meta property=\"og:description\" content=\"Melisa Vallejo, especialista de marketing de producto en Nissan Argentina, nos sumerge en su experiencia como parte de los INsiders de Nissan\" \/>\n<meta property=\"og:url\" content=\"https:\/\/autofans.com.ar\/index.php\/2023\/11\/28\/nissan-argentina-en-el-japan-mobility-show-2023\/\" \/>\n<meta property=\"article:published_time\" content=\"2023-11-28T16:57:50+00:00\" \/>\n<meta property=\"og:image\" content=\"https:\/\/autofans.com.ar\/wp-content\/uploads\/2023\/11\/foto-2-9.jpg\" \/>\n\t<meta property=\"og:image:width\" content=\"1000\" \/>\n\t<meta property=\"og:image:height\" content=\"667\" \/>\n\t<meta property=\"og:image:type\" content=\"image\/jpeg\" \/>\n<meta name=\"author\" content=\"Alejandro Gabriel Rosito\" \/>\n<meta name=\"twitter:card\" content=\"summary_large_image\" \/>\n<meta name=\"twitter:label1\" content=\"Escrito por\" \/>\n\t<meta name=\"twitter:data1\" content=\"Alejandro Gabriel Rosito\" \/>\n\t<meta name=\"twitter:label2\" content=\"Tiempo de lectura\" \/>\n\t<meta name=\"twitter:data2\" content=\"3 minutos\" \/>\n<script type=\"application\/ld+json\" class=\"yoast-schema-graph\">{\"@context\":\"https:\\\/\\\/schema.org\",\"@graph\":[{\"@type\":\"Article\",\"@id\":\"https:\\\/\\\/autofans.com.ar\\\/index.php\\\/2023\\\/11\\\/28\\\/nissan-argentina-en-el-japan-mobility-show-2023\\\/#article\",\"isPartOf\":{\"@id\":\"https:\\\/\\\/autofans.com.ar\\\/index.php\\\/2023\\\/11\\\/28\\\/nissan-argentina-en-el-japan-mobility-show-2023\\\/\"},\"author\":{\"name\":\"Alejandro Gabriel Rosito\",\"@id\":\"https:\\\/\\\/autofans.com.ar\\\/#\\\/schema\\\/person\\\/4a8dda0b6df83ac3d6723e921274c2aa\"},\"headline\":\"Nissan Argentina en el Japan Mobility Show 2023\",\"datePublished\":\"2023-11-28T16:57:50+00:00\",\"mainEntityOfPage\":{\"@id\":\"https:\\\/\\\/autofans.com.ar\\\/index.php\\\/2023\\\/11\\\/28\\\/nissan-argentina-en-el-japan-mobility-show-2023\\\/\"},\"wordCount\":461,\"image\":{\"@id\":\"https:\\\/\\\/autofans.com.ar\\\/index.php\\\/2023\\\/11\\\/28\\\/nissan-argentina-en-el-japan-mobility-show-2023\\\/#primaryimage\"},\"thumbnailUrl\":\"https:\\\/\\\/autofans.com.ar\\\/wp-content\\\/uploads\\\/2023\\\/11\\\/foto-2-9.jpg\",\"keywords\":[\"CEO Makoto Uchida\",\"INsiders Nissan Americas\",\"Japan Mobility Show 2023\",\"Nissan Argentina\",\"Nissan Heritage Collection\",\"Transformaci\u00f3n en Movilidad\",\"Veh\u00edculos Hyper\"],\"articleSection\":[\"EMPRESAS\",\"NOTICIAS\"],\"inLanguage\":\"es\"},{\"@type\":\"WebPage\",\"@id\":\"https:\\\/\\\/autofans.com.ar\\\/index.php\\\/2023\\\/11\\\/28\\\/nissan-argentina-en-el-japan-mobility-show-2023\\\/\",\"url\":\"https:\\\/\\\/autofans.com.ar\\\/index.php\\\/2023\\\/11\\\/28\\\/nissan-argentina-en-el-japan-mobility-show-2023\\\/\",\"name\":\"Nissan Argentina en el Japan Mobility Show 2023 -\",\"isPartOf\":{\"@id\":\"https:\\\/\\\/autofans.com.ar\\\/#website\"},\"primaryImageOfPage\":{\"@id\":\"https:\\\/\\\/autofans.com.ar\\\/index.php\\\/2023\\\/11\\\/28\\\/nissan-argentina-en-el-japan-mobility-show-2023\\\/#primaryimage\"},\"image\":{\"@id\":\"https:\\\/\\\/autofans.com.ar\\\/index.php\\\/2023\\\/11\\\/28\\\/nissan-argentina-en-el-japan-mobility-show-2023\\\/#primaryimage\"},\"thumbnailUrl\":\"https:\\\/\\\/autofans.com.ar\\\/wp-content\\\/uploads\\\/2023\\\/11\\\/foto-2-9.jpg\",\"datePublished\":\"2023-11-28T16:57:50+00:00\",\"author\":{\"@id\":\"https:\\\/\\\/autofans.com.ar\\\/#\\\/schema\\\/person\\\/4a8dda0b6df83ac3d6723e921274c2aa\"},\"description\":\"Melisa Vallejo, especialista de marketing de producto en Nissan Argentina, nos sumerge en su experiencia como parte de los INsiders de Nissan\",\"breadcrumb\":{\"@id\":\"https:\\\/\\\/autofans.com.ar\\\/index.php\\\/2023\\\/11\\\/28\\\/nissan-argentina-en-el-japan-mobility-show-2023\\\/#breadcrumb\"},\"inLanguage\":\"es\",\"potentialAction\":[{\"@type\":\"ReadAction\",\"target\":[\"https:\\\/\\\/autofans.com.ar\\\/index.php\\\/2023\\\/11\\\/28\\\/nissan-argentina-en-el-japan-mobility-show-2023\\\/\"]}]},{\"@type\":\"ImageObject\",\"inLanguage\":\"es\",\"@id\":\"https:\\\/\\\/autofans.com.ar\\\/index.php\\\/2023\\\/11\\\/28\\\/nissan-argentina-en-el-japan-mobility-show-2023\\\/#primaryimage\",\"url\":\"https:\\\/\\\/autofans.com.ar\\\/wp-content\\\/uploads\\\/2023\\\/11\\\/foto-2-9.jpg\",\"contentUrl\":\"https:\\\/\\\/autofans.com.ar\\\/wp-content\\\/uploads\\\/2023\\\/11\\\/foto-2-9.jpg\",\"width\":1000,\"height\":667,\"caption\":\"Nissan\"},{\"@type\":\"BreadcrumbList\",\"@id\":\"https:\\\/\\\/autofans.com.ar\\\/index.php\\\/2023\\\/11\\\/28\\\/nissan-argentina-en-el-japan-mobility-show-2023\\\/#breadcrumb\",\"itemListElement\":[{\"@type\":\"ListItem\",\"position\":1,\"name\":\"Inicio\",\"item\":\"https:\\\/\\\/autofans.com.ar\\\/\"},{\"@type\":\"ListItem\",\"position\":2,\"name\":\"Nissan Argentina en el Japan Mobility Show 2023\"}]},{\"@type\":\"WebSite\",\"@id\":\"https:\\\/\\\/autofans.com.ar\\\/#website\",\"url\":\"https:\\\/\\\/autofans.com.ar\\\/\",\"name\":\"\",\"description\":\"El multimedio referente de la industria automotriz\",\"potentialAction\":[{\"@type\":\"SearchAction\",\"target\":{\"@type\":\"EntryPoint\",\"urlTemplate\":\"https:\\\/\\\/autofans.com.ar\\\/?s={search_term_string}\"},\"query-input\":{\"@type\":\"PropertyValueSpecification\",\"valueRequired\":true,\"valueName\":\"search_term_string\"}}],\"inLanguage\":\"es\"},{\"@type\":\"Person\",\"@id\":\"https:\\\/\\\/autofans.com.ar\\\/#\\\/schema\\\/person\\\/4a8dda0b6df83ac3d6723e921274c2aa\",\"name\":\"Alejandro Gabriel Rosito\",\"image\":{\"@type\":\"ImageObject\",\"inLanguage\":\"es\",\"@id\":\"https:\\\/\\\/secure.gravatar.com\\\/avatar\\\/16c5dda1489adfc62618084dcbb91cffd879c374b13fe5dd8e44ed6733852c88?s=96&d=mm&r=g\",\"url\":\"https:\\\/\\\/secure.gravatar.com\\\/avatar\\\/16c5dda1489adfc62618084dcbb91cffd879c374b13fe5dd8e44ed6733852c88?s=96&d=mm&r=g\",\"contentUrl\":\"https:\\\/\\\/secure.gravatar.com\\\/avatar\\\/16c5dda1489adfc62618084dcbb91cffd879c374b13fe5dd8e44ed6733852c88?s=96&d=mm&r=g\",\"caption\":\"Alejandro Gabriel Rosito\"},\"url\":\"https:\\\/\\\/autofans.com.ar\\\/index.php\\\/author\\\/gabrielr\\\/\"}]}<\/script>\n<!-- \/ Yoast SEO plugin. -->","yoast_head_json":{"title":"Nissan Argentina en el Japan Mobility Show 2023 -","description":"Melisa Vallejo, especialista de marketing de producto en Nissan Argentina, nos sumerge en su experiencia como parte de los INsiders de Nissan","robots":{"index":"index","follow":"follow","max-snippet":"max-snippet:-1","max-image-preview":"max-image-preview:large","max-video-preview":"max-video-preview:-1"},"canonical":"https:\/\/autofans.com.ar\/index.php\/2023\/11\/28\/nissan-argentina-en-el-japan-mobility-show-2023\/","og_locale":"es_ES","og_type":"article","og_title":"Nissan Argentina en el Japan Mobility Show 2023 -","og_description":"Melisa Vallejo, especialista de marketing de producto en Nissan Argentina, nos sumerge en su experiencia como parte de los INsiders de Nissan","og_url":"https:\/\/autofans.com.ar\/index.php\/2023\/11\/28\/nissan-argentina-en-el-japan-mobility-show-2023\/","article_published_time":"2023-11-28T16:57:50+00:00","og_image":[{"width":1000,"height":667,"url":"https:\/\/autofans.com.ar\/wp-content\/uploads\/2023\/11\/foto-2-9.jpg","type":"image\/jpeg"}],"author":"Alejandro Gabriel Rosito","twitter_card":"summary_large_image","twitter_misc":{"Escrito por":"Alejandro Gabriel Rosito","Tiempo de lectura":"3 minutos"},"schema":{"@context":"https:\/\/schema.org","@graph":[{"@type":"Article","@id":"https:\/\/autofans.com.ar\/index.php\/2023\/11\/28\/nissan-argentina-en-el-japan-mobility-show-2023\/#article","isPartOf":{"@id":"https:\/\/autofans.com.ar\/index.php\/2023\/11\/28\/nissan-argentina-en-el-japan-mobility-show-2023\/"},"author":{"name":"Alejandro Gabriel Rosito","@id":"https:\/\/autofans.com.ar\/#\/schema\/person\/4a8dda0b6df83ac3d6723e921274c2aa"},"headline":"Nissan Argentina en el Japan Mobility Show 2023","datePublished":"2023-11-28T16:57:50+00:00","mainEntityOfPage":{"@id":"https:\/\/autofans.com.ar\/index.php\/2023\/11\/28\/nissan-argentina-en-el-japan-mobility-show-2023\/"},"wordCount":461,"image":{"@id":"https:\/\/autofans.com.ar\/index.php\/2023\/11\/28\/nissan-argentina-en-el-japan-mobility-show-2023\/#primaryimage"},"thumbnailUrl":"https:\/\/autofans.com.ar\/wp-content\/uploads\/2023\/11\/foto-2-9.jpg","keywords":["CEO Makoto Uchida","INsiders Nissan Americas","Japan Mobility Show 2023","Nissan Argentina","Nissan Heritage Collection","Transformaci\u00f3n en Movilidad","Veh\u00edculos Hyper"],"articleSection":["EMPRESAS","NOTICIAS"],"inLanguage":"es"},{"@type":"WebPage","@id":"https:\/\/autofans.com.ar\/index.php\/2023\/11\/28\/nissan-argentina-en-el-japan-mobility-show-2023\/","url":"https:\/\/autofans.com.ar\/index.php\/2023\/11\/28\/nissan-argentina-en-el-japan-mobility-show-2023\/","name":"Nissan Argentina en el Japan Mobility Show 2023 -","isPartOf":{"@id":"https:\/\/autofans.com.ar\/#website"},"primaryImageOfPage":{"@id":"https:\/\/autofans.com.ar\/index.php\/2023\/11\/28\/nissan-argentina-en-el-japan-mobility-show-2023\/#primaryimage"},"image":{"@id":"https:\/\/autofans.com.ar\/index.php\/2023\/11\/28\/nissan-argentina-en-el-japan-mobility-show-2023\/#primaryimage"},"thumbnailUrl":"https:\/\/autofans.com.ar\/wp-content\/uploads\/2023\/11\/foto-2-9.jpg","datePublished":"2023-11-28T16:57:50+00:00","author":{"@id":"https:\/\/autofans.com.ar\/#\/schema\/person\/4a8dda0b6df83ac3d6723e921274c2aa"},"description":"Melisa Vallejo, especialista de marketing de producto en Nissan Argentina, nos sumerge en su experiencia como parte de los INsiders de Nissan","breadcrumb":{"@id":"https:\/\/autofans.com.ar\/index.php\/2023\/11\/28\/nissan-argentina-en-el-japan-mobility-show-2023\/#breadcrumb"},"inLanguage":"es","potentialAction":[{"@type":"ReadAction","target":["https:\/\/autofans.com.ar\/index.php\/2023\/11\/28\/nissan-argentina-en-el-japan-mobility-show-2023\/"]}]},{"@type":"ImageObject","inLanguage":"es","@id":"https:\/\/autofans.com.ar\/index.php\/2023\/11\/28\/nissan-argentina-en-el-japan-mobility-show-2023\/#primaryimage","url":"https:\/\/autofans.com.ar\/wp-content\/uploads\/2023\/11\/foto-2-9.jpg","contentUrl":"https:\/\/autofans.com.ar\/wp-content\/uploads\/2023\/11\/foto-2-9.jpg","width":1000,"height":667,"caption":"Nissan"},{"@type":"BreadcrumbList","@id":"https:\/\/autofans.com.ar\/index.php\/2023\/11\/28\/nissan-argentina-en-el-japan-mobility-show-2023\/#breadcrumb","itemListElement":[{"@type":"ListItem","position":1,"name":"Inicio","item":"https:\/\/autofans.com.ar\/"},{"@type":"ListItem","position":2,"name":"Nissan Argentina en el Japan Mobility Show 2023"}]},{"@type":"WebSite","@id":"https:\/\/autofans.com.ar\/#website","url":"https:\/\/autofans.com.ar\/","name":"","description":"El multimedio referente de la industria automotriz","potentialAction":[{"@type":"SearchAction","target":{"@type":"EntryPoint","urlTemplate":"https:\/\/autofans.com.ar\/?s={search_term_string}"},"query-input":{"@type":"PropertyValueSpecification","valueRequired":true,"valueName":"search_term_string"}}],"inLanguage":"es"},{"@type":"Person","@id":"https:\/\/autofans.com.ar\/#\/schema\/person\/4a8dda0b6df83ac3d6723e921274c2aa","name":"Alejandro Gabriel Rosito","image":{"@type":"ImageObject","inLanguage":"es","@id":"https:\/\/secure.gravatar.com\/avatar\/16c5dda1489adfc62618084dcbb91cffd879c374b13fe5dd8e44ed6733852c88?s=96&d=mm&r=g","url":"https:\/\/secure.gravatar.com\/avatar\/16c5dda1489adfc62618084dcbb91cffd879c374b13fe5dd8e44ed6733852c88?s=96&d=mm&r=g","contentUrl":"https:\/\/secure.gravatar.com\/avatar\/16c5dda1489adfc62618084dcbb91cffd879c374b13fe5dd8e44ed6733852c88?s=96&d=mm&r=g","caption":"Alejandro Gabriel Rosito"},"url":"https:\/\/autofans.com.ar\/index.php\/author\/gabrielr\/"}]}},"featured_image_urls":{"full":["https:\/\/autofans.com.ar\/wp-content\/uploads\/2023\/11\/foto-2-9.jpg",1000,667,false],"thumbnail":["https:\/\/autofans.com.ar\/wp-content\/uploads\/2023\/11\/foto-2-9-150x150.jpg",150,150,true],"medium":["https:\/\/autofans.com.ar\/wp-content\/uploads\/2023\/11\/foto-2-9-300x200.jpg",300,200,true],"medium_large":["https:\/\/autofans.com.ar\/wp-content\/uploads\/2023\/11\/foto-2-9-768x512.jpg",640,427,true],"large":["https:\/\/autofans.com.ar\/wp-content\/uploads\/2023\/11\/foto-2-9.jpg",640,427,false],"1536x1536":["https:\/\/autofans.com.ar\/wp-content\/uploads\/2023\/11\/foto-2-9.jpg",1000,667,false],"2048x2048":["https:\/\/autofans.com.ar\/wp-content\/uploads\/2023\/11\/foto-2-9.jpg",1000,667,false],"covernews-featured":["https:\/\/autofans.com.ar\/wp-content\/uploads\/2023\/11\/foto-2-9.jpg",1000,667,false],"covernews-medium":["https:\/\/autofans.com.ar\/wp-content\/uploads\/2023\/11\/foto-2-9-540x340.jpg",540,340,true]},"author_info":{"display_name":"Alejandro Gabriel Rosito","author_link":"https:\/\/autofans.com.ar\/index.php\/author\/gabrielr\/"},"category_info":"<a href=\"https:\/\/autofans.com.ar\/index.php\/category\/noticias\/empresas\/\" rel=\"category tag\">EMPRESAS<\/a> <a href=\"https:\/\/autofans.com.ar\/index.php\/category\/noticias\/\" rel=\"category tag\">NOTICIAS<\/a>","tag_info":"NOTICIAS","comment_count":0,"_links":{"self":[{"href":"https:\/\/autofans.com.ar\/index.php\/wp-json\/wp\/v2\/posts\/5906","targetHints":{"allow":["GET"]}}],"collection":[{"href":"https:\/\/autofans.com.ar\/index.php\/wp-json\/wp\/v2\/posts"}],"about":[{"href":"https:\/\/autofans.com.ar\/index.php\/wp-json\/wp\/v2\/types\/post"}],"author":[{"embeddable":true,"href":"https:\/\/autofans.com.ar\/index.php\/wp-json\/wp\/v2\/users\/2"}],"replies":[{"embeddable":true,"href":"https:\/\/autofans.com.ar\/index.php\/wp-json\/wp\/v2\/comments?post=5906"}],"version-history":[{"count":1,"href":"https:\/\/autofans.com.ar\/index.php\/wp-json\/wp\/v2\/posts\/5906\/revisions"}],"predecessor-version":[{"id":5910,"href":"https:\/\/autofans.com.ar\/index.php\/wp-json\/wp\/v2\/posts\/5906\/revisions\/5910"}],"wp:featuredmedia":[{"embeddable":true,"href":"https:\/\/autofans.com.ar\/index.php\/wp-json\/wp\/v2\/media\/5908"}],"wp:attachment":[{"href":"https:\/\/autofans.com.ar\/index.php\/wp-json\/wp\/v2\/media?parent=5906"}],"wp:term":[{"taxonomy":"category","embeddable":true,"href":"https:\/\/autofans.com.ar\/index.php\/wp-json\/wp\/v2\/categories?post=5906"},{"taxonomy":"post_tag","embeddable":true,"href":"https:\/\/autofans.com.ar\/index.php\/wp-json\/wp\/v2\/tags?post=5906"}],"curies":[{"name":"wp","href":"https:\/\/api.w.org\/{rel}","templated":true}]}}