{"id":5911,"date":"2023-11-28T16:49:07","date_gmt":"2023-11-28T19:49:07","guid":{"rendered":"https:\/\/autofans.com.ar\/?p=5911"},"modified":"2023-11-28T16:49:07","modified_gmt":"2023-11-28T19:49:07","slug":"volkswagen-fan-day-2023-el-encuentro-para-fanaticos","status":"publish","type":"post","link":"https:\/\/autofans.com.ar\/index.php\/2023\/11\/28\/volkswagen-fan-day-2023-el-encuentro-para-fanaticos\/","title":{"rendered":"Volkswagen FAN DAY 2023, el encuentro para fan\u00e1ticos"},"content":{"rendered":"<p>El VW FAN DAY, el tan esperado encuentro de veh\u00edculos y apasionados por la marca Volkswagen, est\u00e1 a punto de llegar. Organizado por Volkswagen Argentina, este evento \u00fanico tendr\u00e1 lugar el 2 de diciembre de 2023 en el Hip\u00f3dromo de San Isidro, provincia de Buenos Aires, marcando el inicio de una tradici\u00f3n emocionante.<\/p>\n<p>&nbsp;<\/p>\n<h2>Volkswagen FAN DAY &#8211; un d\u00eda para disfrutar en familia y con las mascotas<\/h2>\n<p>En este primer VW FAN DAY, m\u00e1s de 300 veh\u00edculos, representando a diversos clubes de fan\u00e1ticos de VW en el pa\u00eds, se dar\u00e1n cita para exhibir lo mejor de la marca alemana. La jornada estar\u00e1 repleta de actividades, sorteos, circuitos en bicicleta y una oferta gastron\u00f3mica para deleitar a todos los asistentes. Adem\u00e1s, este evento ser\u00e1 el primero de la marca en ser completamente \u00abPet Friendly\u00bb, permitiendo que las mascotas tambi\u00e9n sean parte de la celebraci\u00f3n.<\/p>\n<p>&nbsp;<\/p>\n<p><img fetchpriority=\"high\" decoding=\"async\" class=\"aligncenter wp-image-5913 size-full\" src=\"https:\/\/autofans.com.ar\/wp-content\/uploads\/2023\/11\/foto-1-9.jpg\" alt=\"Volkswagen\" width=\"1000\" height=\"667\" srcset=\"https:\/\/autofans.com.ar\/wp-content\/uploads\/2023\/11\/foto-1-9.jpg 1000w, https:\/\/autofans.com.ar\/wp-content\/uploads\/2023\/11\/foto-1-9-300x200.jpg 300w, https:\/\/autofans.com.ar\/wp-content\/uploads\/2023\/11\/foto-1-9-768x512.jpg 768w\" sizes=\"(max-width: 1000px) 100vw, 1000px\" \/><\/p>\n<p>&nbsp;<\/p>\n<p>Los visitantes tendr\u00e1n la oportunidad de explorar el espacio exclusivo de Volkswagen, donde podr\u00e1n conocer la amplia gama de veh\u00edculos disponibles en el pa\u00eds. Incluyendo las novedades como los Volkswagen Polo y Virtus. Adem\u00e1s, el stand de Postventa VW ofrecer\u00e1 una propuesta original, mientras que los imponentes camiones Volkswagen estar\u00e1n presentes para aquellos interesados en conocer de cerca los extrapesados que recorren las rutas diariamente.<\/p>\n<p>&nbsp;<\/p>\n<h2>Colaboraci\u00f3n estrat\u00e9gica con Shell<\/h2>\n<p>Shell, uno de los partners estrat\u00e9gicos de <a href=\"https:\/\/autofans.com.ar\/index.php\/2023\/11\/23\/volkswagen-tienda-oficial-de-repuestos-en-mercado-libre\/\" target=\"_blank\" rel=\"noopener\">Volkswagen,<\/a> se sumar\u00e1 al evento con un stand 100% sustentable. Los ni\u00f1os tendr\u00e1n la oportunidad de poner a prueba sus habilidades al volante a bordo de un Volkswagen Taos de manera virtual, utilizando movimientos corporales para juntar elementos biodegradables y sumar puntos.<\/p>\n<p>La entrada al evento es libre y gratuita, pero es necesario realizar una previa acreditaci\u00f3n. Invitamos a todos los interesados a registrarse en el siguiente <a href=\"https:\/\/www.volkswagen.com.ar\/es\/fanday.html\" target=\"_blank\" rel=\"noopener\">[LINK]<\/a>.<\/p>\n<p>&nbsp;<\/p>\n<p>&nbsp;<\/p>\n<p><i>Para enterarte de m\u00e1s novedades, no dejes de leer\u00a0<\/i><a href=\"https:\/\/autofans.thebrandsoup.com\/\"><i>nuestras notas<\/i><\/a><i>, de ver<\/i><b><i>\u00a0<\/i><\/b><a href=\"https:\/\/www.youtube.com\/channel\/UCgAC8UGHZYbT6P7PpmVnP7g\"><b><i>AUTOFANS TV<\/i><\/b><\/a><b><i>\u00a0<\/i><\/b><i>en nuestro\u00a0canal de Youtube. Adem\u00e1s seguinos en\u00a0<\/i><a href=\"https:\/\/www.instagram.com\/autofanstv\/\"><i>INSTAGRAM<\/i><\/a><i> y <\/i><a href=\"https:\/\/www.facebook.com\/autofansmas\/\"><i>FACEBOOK<\/i><\/a><i> para no perderte nada sobre las novedades del segmento automotor de Argentina y el mundo.<\/i><\/p>\n","protected":false},"excerpt":{"rendered":"<p>El VW FAN DAY, el tan esperado encuentro de veh\u00edculos y apasionados por la marca&#8230;<\/p>\n","protected":false},"author":2,"featured_media":5912,"comment_status":"closed","ping_status":"closed","sticky":false,"template":"","format":"standard","meta":{"footnotes":""},"categories":[6,16],"tags":[3053,3052,3054,3056,3057,3058,3055,3051,3059,2965],"class_list":["post-5911","post","type-post","status-publish","format-standard","has-post-thumbnail","hentry","category-bizstyle","category-noticias","tag-encuentro-de-fanaticos","tag-evento-volkswagen","tag-hipodromo-san-isidro","tag-novedades-volkswagen","tag-pet-friendly","tag-shell-partner","tag-vehiculos-volkswagen","tag-volkswagen-fan-day","tag-volkswagen-polo","tag-volkswagen-virtus"],"yoast_head":"<!-- This site is optimized with the Yoast SEO plugin v27.5 - https:\/\/yoast.com\/product\/yoast-seo-wordpress\/ -->\n<title>Volkswagen FAN DAY 2023, el encuentro para fan\u00e1ticos -<\/title>\n<meta name=\"description\" content=\"El VW FAN DAY, el tan esperado encuentro de veh\u00edculos y apasionados por la marca Volkswagen est\u00e1 a punto de llegar. Organizado por Volkswagen\" \/>\n<meta name=\"robots\" content=\"index, follow, max-snippet:-1, max-image-preview:large, max-video-preview:-1\" \/>\n<link rel=\"canonical\" href=\"https:\/\/autofans.com.ar\/index.php\/2023\/11\/28\/volkswagen-fan-day-2023-el-encuentro-para-fanaticos\/\" \/>\n<meta property=\"og:locale\" content=\"es_ES\" \/>\n<meta property=\"og:type\" content=\"article\" \/>\n<meta property=\"og:title\" content=\"Volkswagen FAN DAY 2023, el encuentro para fan\u00e1ticos -\" \/>\n<meta property=\"og:description\" content=\"El VW FAN DAY, el tan esperado encuentro de veh\u00edculos y apasionados por la marca Volkswagen est\u00e1 a punto de llegar. Organizado por Volkswagen\" \/>\n<meta property=\"og:url\" content=\"https:\/\/autofans.com.ar\/index.php\/2023\/11\/28\/volkswagen-fan-day-2023-el-encuentro-para-fanaticos\/\" \/>\n<meta property=\"article:published_time\" content=\"2023-11-28T19:49:07+00:00\" \/>\n<meta property=\"og:image\" content=\"https:\/\/autofans.com.ar\/wp-content\/uploads\/2023\/11\/foto-2-10.jpg\" \/>\n\t<meta property=\"og:image:width\" content=\"1000\" \/>\n\t<meta property=\"og:image:height\" content=\"667\" \/>\n\t<meta property=\"og:image:type\" content=\"image\/jpeg\" \/>\n<meta name=\"author\" content=\"Alejandro Gabriel Rosito\" \/>\n<meta name=\"twitter:card\" content=\"summary_large_image\" \/>\n<meta name=\"twitter:label1\" content=\"Escrito por\" \/>\n\t<meta name=\"twitter:data1\" content=\"Alejandro Gabriel Rosito\" \/>\n\t<meta name=\"twitter:label2\" content=\"Tiempo de lectura\" \/>\n\t<meta name=\"twitter:data2\" content=\"2 minutos\" \/>\n<script type=\"application\/ld+json\" class=\"yoast-schema-graph\">{\"@context\":\"https:\\\/\\\/schema.org\",\"@graph\":[{\"@type\":\"Article\",\"@id\":\"https:\\\/\\\/autofans.com.ar\\\/index.php\\\/2023\\\/11\\\/28\\\/volkswagen-fan-day-2023-el-encuentro-para-fanaticos\\\/#article\",\"isPartOf\":{\"@id\":\"https:\\\/\\\/autofans.com.ar\\\/index.php\\\/2023\\\/11\\\/28\\\/volkswagen-fan-day-2023-el-encuentro-para-fanaticos\\\/\"},\"author\":{\"name\":\"Alejandro Gabriel Rosito\",\"@id\":\"https:\\\/\\\/autofans.com.ar\\\/#\\\/schema\\\/person\\\/4a8dda0b6df83ac3d6723e921274c2aa\"},\"headline\":\"Volkswagen FAN DAY 2023, el encuentro para fan\u00e1ticos\",\"datePublished\":\"2023-11-28T19:49:07+00:00\",\"mainEntityOfPage\":{\"@id\":\"https:\\\/\\\/autofans.com.ar\\\/index.php\\\/2023\\\/11\\\/28\\\/volkswagen-fan-day-2023-el-encuentro-para-fanaticos\\\/\"},\"wordCount\":365,\"image\":{\"@id\":\"https:\\\/\\\/autofans.com.ar\\\/index.php\\\/2023\\\/11\\\/28\\\/volkswagen-fan-day-2023-el-encuentro-para-fanaticos\\\/#primaryimage\"},\"thumbnailUrl\":\"https:\\\/\\\/autofans.com.ar\\\/wp-content\\\/uploads\\\/2023\\\/11\\\/foto-2-10.jpg\",\"keywords\":[\"Encuentro de Fan\u00e1ticos\",\"Evento Volkswagen\",\"Hip\u00f3dromo San Isidro\",\"Novedades Volkswagen\",\"Pet Friendly\",\"Shell Partner\",\"Veh\u00edculos Volkswagen\",\"Volkswagen FAN DAY\",\"Volkswagen Polo\",\"Volkswagen Virtus\"],\"articleSection\":[\"BIZSTYLE\",\"NOTICIAS\"],\"inLanguage\":\"es\"},{\"@type\":\"WebPage\",\"@id\":\"https:\\\/\\\/autofans.com.ar\\\/index.php\\\/2023\\\/11\\\/28\\\/volkswagen-fan-day-2023-el-encuentro-para-fanaticos\\\/\",\"url\":\"https:\\\/\\\/autofans.com.ar\\\/index.php\\\/2023\\\/11\\\/28\\\/volkswagen-fan-day-2023-el-encuentro-para-fanaticos\\\/\",\"name\":\"Volkswagen FAN DAY 2023, el encuentro para fan\u00e1ticos -\",\"isPartOf\":{\"@id\":\"https:\\\/\\\/autofans.com.ar\\\/#website\"},\"primaryImageOfPage\":{\"@id\":\"https:\\\/\\\/autofans.com.ar\\\/index.php\\\/2023\\\/11\\\/28\\\/volkswagen-fan-day-2023-el-encuentro-para-fanaticos\\\/#primaryimage\"},\"image\":{\"@id\":\"https:\\\/\\\/autofans.com.ar\\\/index.php\\\/2023\\\/11\\\/28\\\/volkswagen-fan-day-2023-el-encuentro-para-fanaticos\\\/#primaryimage\"},\"thumbnailUrl\":\"https:\\\/\\\/autofans.com.ar\\\/wp-content\\\/uploads\\\/2023\\\/11\\\/foto-2-10.jpg\",\"datePublished\":\"2023-11-28T19:49:07+00:00\",\"author\":{\"@id\":\"https:\\\/\\\/autofans.com.ar\\\/#\\\/schema\\\/person\\\/4a8dda0b6df83ac3d6723e921274c2aa\"},\"description\":\"El VW FAN DAY, el tan esperado encuentro de veh\u00edculos y apasionados por la marca Volkswagen est\u00e1 a punto de llegar. Organizado por Volkswagen\",\"breadcrumb\":{\"@id\":\"https:\\\/\\\/autofans.com.ar\\\/index.php\\\/2023\\\/11\\\/28\\\/volkswagen-fan-day-2023-el-encuentro-para-fanaticos\\\/#breadcrumb\"},\"inLanguage\":\"es\",\"potentialAction\":[{\"@type\":\"ReadAction\",\"target\":[\"https:\\\/\\\/autofans.com.ar\\\/index.php\\\/2023\\\/11\\\/28\\\/volkswagen-fan-day-2023-el-encuentro-para-fanaticos\\\/\"]}]},{\"@type\":\"ImageObject\",\"inLanguage\":\"es\",\"@id\":\"https:\\\/\\\/autofans.com.ar\\\/index.php\\\/2023\\\/11\\\/28\\\/volkswagen-fan-day-2023-el-encuentro-para-fanaticos\\\/#primaryimage\",\"url\":\"https:\\\/\\\/autofans.com.ar\\\/wp-content\\\/uploads\\\/2023\\\/11\\\/foto-2-10.jpg\",\"contentUrl\":\"https:\\\/\\\/autofans.com.ar\\\/wp-content\\\/uploads\\\/2023\\\/11\\\/foto-2-10.jpg\",\"width\":1000,\"height\":667,\"caption\":\"Volkswagen\"},{\"@type\":\"BreadcrumbList\",\"@id\":\"https:\\\/\\\/autofans.com.ar\\\/index.php\\\/2023\\\/11\\\/28\\\/volkswagen-fan-day-2023-el-encuentro-para-fanaticos\\\/#breadcrumb\",\"itemListElement\":[{\"@type\":\"ListItem\",\"position\":1,\"name\":\"Inicio\",\"item\":\"https:\\\/\\\/autofans.com.ar\\\/\"},{\"@type\":\"ListItem\",\"position\":2,\"name\":\"Volkswagen FAN DAY 2023, el encuentro para fan\u00e1ticos\"}]},{\"@type\":\"WebSite\",\"@id\":\"https:\\\/\\\/autofans.com.ar\\\/#website\",\"url\":\"https:\\\/\\\/autofans.com.ar\\\/\",\"name\":\"\",\"description\":\"El multimedio referente de la industria automotriz\",\"potentialAction\":[{\"@type\":\"SearchAction\",\"target\":{\"@type\":\"EntryPoint\",\"urlTemplate\":\"https:\\\/\\\/autofans.com.ar\\\/?s={search_term_string}\"},\"query-input\":{\"@type\":\"PropertyValueSpecification\",\"valueRequired\":true,\"valueName\":\"search_term_string\"}}],\"inLanguage\":\"es\"},{\"@type\":\"Person\",\"@id\":\"https:\\\/\\\/autofans.com.ar\\\/#\\\/schema\\\/person\\\/4a8dda0b6df83ac3d6723e921274c2aa\",\"name\":\"Alejandro Gabriel Rosito\",\"image\":{\"@type\":\"ImageObject\",\"inLanguage\":\"es\",\"@id\":\"https:\\\/\\\/secure.gravatar.com\\\/avatar\\\/16c5dda1489adfc62618084dcbb91cffd879c374b13fe5dd8e44ed6733852c88?s=96&d=mm&r=g\",\"url\":\"https:\\\/\\\/secure.gravatar.com\\\/avatar\\\/16c5dda1489adfc62618084dcbb91cffd879c374b13fe5dd8e44ed6733852c88?s=96&d=mm&r=g\",\"contentUrl\":\"https:\\\/\\\/secure.gravatar.com\\\/avatar\\\/16c5dda1489adfc62618084dcbb91cffd879c374b13fe5dd8e44ed6733852c88?s=96&d=mm&r=g\",\"caption\":\"Alejandro Gabriel Rosito\"},\"url\":\"https:\\\/\\\/autofans.com.ar\\\/index.php\\\/author\\\/gabrielr\\\/\"}]}<\/script>\n<!-- \/ Yoast SEO plugin. -->","yoast_head_json":{"title":"Volkswagen FAN DAY 2023, el encuentro para fan\u00e1ticos -","description":"El VW FAN DAY, el tan esperado encuentro de veh\u00edculos y apasionados por la marca Volkswagen est\u00e1 a punto de llegar. Organizado por Volkswagen","robots":{"index":"index","follow":"follow","max-snippet":"max-snippet:-1","max-image-preview":"max-image-preview:large","max-video-preview":"max-video-preview:-1"},"canonical":"https:\/\/autofans.com.ar\/index.php\/2023\/11\/28\/volkswagen-fan-day-2023-el-encuentro-para-fanaticos\/","og_locale":"es_ES","og_type":"article","og_title":"Volkswagen FAN DAY 2023, el encuentro para fan\u00e1ticos -","og_description":"El VW FAN DAY, el tan esperado encuentro de veh\u00edculos y apasionados por la marca Volkswagen est\u00e1 a punto de llegar. Organizado por Volkswagen","og_url":"https:\/\/autofans.com.ar\/index.php\/2023\/11\/28\/volkswagen-fan-day-2023-el-encuentro-para-fanaticos\/","article_published_time":"2023-11-28T19:49:07+00:00","og_image":[{"width":1000,"height":667,"url":"https:\/\/autofans.com.ar\/wp-content\/uploads\/2023\/11\/foto-2-10.jpg","type":"image\/jpeg"}],"author":"Alejandro Gabriel Rosito","twitter_card":"summary_large_image","twitter_misc":{"Escrito por":"Alejandro Gabriel Rosito","Tiempo de lectura":"2 minutos"},"schema":{"@context":"https:\/\/schema.org","@graph":[{"@type":"Article","@id":"https:\/\/autofans.com.ar\/index.php\/2023\/11\/28\/volkswagen-fan-day-2023-el-encuentro-para-fanaticos\/#article","isPartOf":{"@id":"https:\/\/autofans.com.ar\/index.php\/2023\/11\/28\/volkswagen-fan-day-2023-el-encuentro-para-fanaticos\/"},"author":{"name":"Alejandro Gabriel Rosito","@id":"https:\/\/autofans.com.ar\/#\/schema\/person\/4a8dda0b6df83ac3d6723e921274c2aa"},"headline":"Volkswagen FAN DAY 2023, el encuentro para fan\u00e1ticos","datePublished":"2023-11-28T19:49:07+00:00","mainEntityOfPage":{"@id":"https:\/\/autofans.com.ar\/index.php\/2023\/11\/28\/volkswagen-fan-day-2023-el-encuentro-para-fanaticos\/"},"wordCount":365,"image":{"@id":"https:\/\/autofans.com.ar\/index.php\/2023\/11\/28\/volkswagen-fan-day-2023-el-encuentro-para-fanaticos\/#primaryimage"},"thumbnailUrl":"https:\/\/autofans.com.ar\/wp-content\/uploads\/2023\/11\/foto-2-10.jpg","keywords":["Encuentro de Fan\u00e1ticos","Evento Volkswagen","Hip\u00f3dromo San Isidro","Novedades Volkswagen","Pet Friendly","Shell Partner","Veh\u00edculos Volkswagen","Volkswagen FAN DAY","Volkswagen Polo","Volkswagen Virtus"],"articleSection":["BIZSTYLE","NOTICIAS"],"inLanguage":"es"},{"@type":"WebPage","@id":"https:\/\/autofans.com.ar\/index.php\/2023\/11\/28\/volkswagen-fan-day-2023-el-encuentro-para-fanaticos\/","url":"https:\/\/autofans.com.ar\/index.php\/2023\/11\/28\/volkswagen-fan-day-2023-el-encuentro-para-fanaticos\/","name":"Volkswagen FAN DAY 2023, el encuentro para fan\u00e1ticos -","isPartOf":{"@id":"https:\/\/autofans.com.ar\/#website"},"primaryImageOfPage":{"@id":"https:\/\/autofans.com.ar\/index.php\/2023\/11\/28\/volkswagen-fan-day-2023-el-encuentro-para-fanaticos\/#primaryimage"},"image":{"@id":"https:\/\/autofans.com.ar\/index.php\/2023\/11\/28\/volkswagen-fan-day-2023-el-encuentro-para-fanaticos\/#primaryimage"},"thumbnailUrl":"https:\/\/autofans.com.ar\/wp-content\/uploads\/2023\/11\/foto-2-10.jpg","datePublished":"2023-11-28T19:49:07+00:00","author":{"@id":"https:\/\/autofans.com.ar\/#\/schema\/person\/4a8dda0b6df83ac3d6723e921274c2aa"},"description":"El VW FAN DAY, el tan esperado encuentro de veh\u00edculos y apasionados por la marca Volkswagen est\u00e1 a punto de llegar. Organizado por Volkswagen","breadcrumb":{"@id":"https:\/\/autofans.com.ar\/index.php\/2023\/11\/28\/volkswagen-fan-day-2023-el-encuentro-para-fanaticos\/#breadcrumb"},"inLanguage":"es","potentialAction":[{"@type":"ReadAction","target":["https:\/\/autofans.com.ar\/index.php\/2023\/11\/28\/volkswagen-fan-day-2023-el-encuentro-para-fanaticos\/"]}]},{"@type":"ImageObject","inLanguage":"es","@id":"https:\/\/autofans.com.ar\/index.php\/2023\/11\/28\/volkswagen-fan-day-2023-el-encuentro-para-fanaticos\/#primaryimage","url":"https:\/\/autofans.com.ar\/wp-content\/uploads\/2023\/11\/foto-2-10.jpg","contentUrl":"https:\/\/autofans.com.ar\/wp-content\/uploads\/2023\/11\/foto-2-10.jpg","width":1000,"height":667,"caption":"Volkswagen"},{"@type":"BreadcrumbList","@id":"https:\/\/autofans.com.ar\/index.php\/2023\/11\/28\/volkswagen-fan-day-2023-el-encuentro-para-fanaticos\/#breadcrumb","itemListElement":[{"@type":"ListItem","position":1,"name":"Inicio","item":"https:\/\/autofans.com.ar\/"},{"@type":"ListItem","position":2,"name":"Volkswagen FAN DAY 2023, el encuentro para fan\u00e1ticos"}]},{"@type":"WebSite","@id":"https:\/\/autofans.com.ar\/#website","url":"https:\/\/autofans.com.ar\/","name":"","description":"El multimedio referente de la industria automotriz","potentialAction":[{"@type":"SearchAction","target":{"@type":"EntryPoint","urlTemplate":"https:\/\/autofans.com.ar\/?s={search_term_string}"},"query-input":{"@type":"PropertyValueSpecification","valueRequired":true,"valueName":"search_term_string"}}],"inLanguage":"es"},{"@type":"Person","@id":"https:\/\/autofans.com.ar\/#\/schema\/person\/4a8dda0b6df83ac3d6723e921274c2aa","name":"Alejandro Gabriel Rosito","image":{"@type":"ImageObject","inLanguage":"es","@id":"https:\/\/secure.gravatar.com\/avatar\/16c5dda1489adfc62618084dcbb91cffd879c374b13fe5dd8e44ed6733852c88?s=96&d=mm&r=g","url":"https:\/\/secure.gravatar.com\/avatar\/16c5dda1489adfc62618084dcbb91cffd879c374b13fe5dd8e44ed6733852c88?s=96&d=mm&r=g","contentUrl":"https:\/\/secure.gravatar.com\/avatar\/16c5dda1489adfc62618084dcbb91cffd879c374b13fe5dd8e44ed6733852c88?s=96&d=mm&r=g","caption":"Alejandro Gabriel Rosito"},"url":"https:\/\/autofans.com.ar\/index.php\/author\/gabrielr\/"}]}},"featured_image_urls":{"full":["https:\/\/autofans.com.ar\/wp-content\/uploads\/2023\/11\/foto-2-10.jpg",1000,667,false],"thumbnail":["https:\/\/autofans.com.ar\/wp-content\/uploads\/2023\/11\/foto-2-10-150x150.jpg",150,150,true],"medium":["https:\/\/autofans.com.ar\/wp-content\/uploads\/2023\/11\/foto-2-10-300x200.jpg",300,200,true],"medium_large":["https:\/\/autofans.com.ar\/wp-content\/uploads\/2023\/11\/foto-2-10-768x512.jpg",640,427,true],"large":["https:\/\/autofans.com.ar\/wp-content\/uploads\/2023\/11\/foto-2-10.jpg",640,427,false],"1536x1536":["https:\/\/autofans.com.ar\/wp-content\/uploads\/2023\/11\/foto-2-10.jpg",1000,667,false],"2048x2048":["https:\/\/autofans.com.ar\/wp-content\/uploads\/2023\/11\/foto-2-10.jpg",1000,667,false],"covernews-featured":["https:\/\/autofans.com.ar\/wp-content\/uploads\/2023\/11\/foto-2-10.jpg",1000,667,false],"covernews-medium":["https:\/\/autofans.com.ar\/wp-content\/uploads\/2023\/11\/foto-2-10-540x340.jpg",540,340,true]},"author_info":{"display_name":"Alejandro Gabriel Rosito","author_link":"https:\/\/autofans.com.ar\/index.php\/author\/gabrielr\/"},"category_info":"<a href=\"https:\/\/autofans.com.ar\/index.php\/category\/noticias\/bizstyle\/\" rel=\"category tag\">BIZSTYLE<\/a> <a href=\"https:\/\/autofans.com.ar\/index.php\/category\/noticias\/\" rel=\"category tag\">NOTICIAS<\/a>","tag_info":"NOTICIAS","comment_count":0,"_links":{"self":[{"href":"https:\/\/autofans.com.ar\/index.php\/wp-json\/wp\/v2\/posts\/5911","targetHints":{"allow":["GET"]}}],"collection":[{"href":"https:\/\/autofans.com.ar\/index.php\/wp-json\/wp\/v2\/posts"}],"about":[{"href":"https:\/\/autofans.com.ar\/index.php\/wp-json\/wp\/v2\/types\/post"}],"author":[{"embeddable":true,"href":"https:\/\/autofans.com.ar\/index.php\/wp-json\/wp\/v2\/users\/2"}],"replies":[{"embeddable":true,"href":"https:\/\/autofans.com.ar\/index.php\/wp-json\/wp\/v2\/comments?post=5911"}],"version-history":[{"count":2,"href":"https:\/\/autofans.com.ar\/index.php\/wp-json\/wp\/v2\/posts\/5911\/revisions"}],"predecessor-version":[{"id":5915,"href":"https:\/\/autofans.com.ar\/index.php\/wp-json\/wp\/v2\/posts\/5911\/revisions\/5915"}],"wp:featuredmedia":[{"embeddable":true,"href":"https:\/\/autofans.com.ar\/index.php\/wp-json\/wp\/v2\/media\/5912"}],"wp:attachment":[{"href":"https:\/\/autofans.com.ar\/index.php\/wp-json\/wp\/v2\/media?parent=5911"}],"wp:term":[{"taxonomy":"category","embeddable":true,"href":"https:\/\/autofans.com.ar\/index.php\/wp-json\/wp\/v2\/categories?post=5911"},{"taxonomy":"post_tag","embeddable":true,"href":"https:\/\/autofans.com.ar\/index.php\/wp-json\/wp\/v2\/tags?post=5911"}],"curies":[{"name":"wp","href":"https:\/\/api.w.org\/{rel}","templated":true}]}}