{"id":5971,"date":"2023-12-01T12:55:12","date_gmt":"2023-12-01T15:55:12","guid":{"rendered":"https:\/\/autofans.com.ar\/?p=5971"},"modified":"2023-12-01T13:42:19","modified_gmt":"2023-12-01T16:42:19","slug":"las-nuevas-klx300-y-klx300r-de-kawasaki","status":"publish","type":"post","link":"https:\/\/autofans.com.ar\/index.php\/2023\/12\/01\/las-nuevas-klx300-y-klx300r-de-kawasaki\/","title":{"rendered":"Las nuevas KLX300 y KLX300R de Kawasaki"},"content":{"rendered":"<p>Kawasaki, a trav\u00e9s del Grupo Iraola, marca un hito en el mercado nacional al lanzar las esperadas KLX300 y KLX300R. Con un dise\u00f1o compacto y una versatilidad sin l\u00edmites, estas motocicletas prometen llevar la experiencia de conducci\u00f3n a nuevos niveles. Desde el asfalto urbano hasta los desaf\u00edos Off-Road m\u00e1s extremos.<\/p>\n<p>&nbsp;<\/p>\n<h2>KLX300 &#8211; la versatilidad urbana y todo terreno<\/h2>\n<p><a href=\"https:\/\/autofans.com.ar\/wp-content\/uploads\/2023\/12\/2022-klx300-es-la-spec-sheet.pdf\" target=\"_blank\" rel=\"noopener\">Ficha T\u00e9cnica-klx300<\/a><\/p>\n<p>La KLX300 se presenta como la compa\u00f1era perfecta para enfrentar tanto el asfalto urbano como los caminos rurales. Su motor monocil\u00edndrico de cuatro tiempos de 292 cc con inyecci\u00f3n de combustible y refrigeraci\u00f3n l\u00edquida destaca por su entrega firme y progresiva de potencia.<\/p>\n<p>&nbsp;<\/p>\n<p><img fetchpriority=\"high\" decoding=\"async\" class=\"aligncenter wp-image-5976 size-full\" src=\"https:\/\/autofans.com.ar\/wp-content\/uploads\/2023\/12\/KLX300.jpg\" alt=\"Kawasaki300\" width=\"1000\" height=\"667\" srcset=\"https:\/\/autofans.com.ar\/wp-content\/uploads\/2023\/12\/KLX300.jpg 1000w, https:\/\/autofans.com.ar\/wp-content\/uploads\/2023\/12\/KLX300-300x200.jpg 300w, https:\/\/autofans.com.ar\/wp-content\/uploads\/2023\/12\/KLX300-768x512.jpg 768w\" sizes=\"(max-width: 1000px) 100vw, 1000px\" \/><\/p>\n<p>&nbsp;<\/p>\n<p>Compacta, de bajo mantenimiento y dise\u00f1ada para aventuras en el fin de semana y la conducci\u00f3n diaria, la KLX300 es la opci\u00f3n ideal para los amantes de las dos ruedas.<\/p>\n<p>&nbsp;<\/p>\n<h2>KLX300R &#8211; dominando el Off-Road con estilo<\/h2>\n<p><a href=\"https:\/\/autofans.com.ar\/wp-content\/uploads\/2023\/12\/2024-klx300r-es-la-spec-sheet.pdf\" target=\"_blank\" rel=\"noopener\">Ficha T\u00e9cnica-klx300R<\/a><\/p>\n<p>Dise\u00f1ada para los amantes del Off-Road de alto nivel, la KLX300R ofrece una experiencia emocionante con su potencia explosiva y suspensi\u00f3n delantera regulable de largo recorrido.<\/p>\n<p>&nbsp;<\/p>\n<p><img decoding=\"async\" class=\"aligncenter wp-image-5975 size-full\" src=\"https:\/\/autofans.com.ar\/wp-content\/uploads\/2023\/12\/KLX300R.jpg\" alt=\"Kawasaki300\" width=\"1000\" height=\"667\" srcset=\"https:\/\/autofans.com.ar\/wp-content\/uploads\/2023\/12\/KLX300R.jpg 1000w, https:\/\/autofans.com.ar\/wp-content\/uploads\/2023\/12\/KLX300R-300x200.jpg 300w, https:\/\/autofans.com.ar\/wp-content\/uploads\/2023\/12\/KLX300R-768x512.jpg 768w\" sizes=\"(max-width: 1000px) 100vw, 1000px\" \/><\/p>\n<p>&nbsp;<\/p>\n<p>Equipada con ruedas de gran di\u00e1metro que garantizan un rendimiento excepcional en cualquier condici\u00f3n, esta moto \u00e1gil y poderosa se convierte en la elecci\u00f3n perfecta para aquellos que buscan emociones fuertes en cada recorrido.<\/p>\n<p>&nbsp;<\/p>\n<h2>Kawasaki y Grupo Iraola &#8211; 40 a\u00f1os de liderazgo<\/h2>\n<p>Ambas motocicletas se encuentran disponibles en el emblem\u00e1tico color Verde Lima, con la versi\u00f3n On\/Off en el color Gris pr\u00f3ximamente. Con un precio de lanzamiento de $6.500.000, estar\u00e1n disponibles en la red de concesionarios oficiales Kawasaki de todo el pa\u00eds.<\/p>\n<p>&nbsp;<\/p>\n<div id='gallery-1' class='gallery galleryid-5971 gallery-columns-2 gallery-size-full'><figure class='gallery-item'>\n\t\t\t<div class='gallery-icon landscape'>\n\t\t\t\t<a href='https:\/\/autofans.com.ar\/index.php\/2023\/12\/01\/las-nuevas-klx300-y-klx300r-de-kawasaki\/foto-2-353\/'><img loading=\"lazy\" width=\"1000\" height=\"667\" src=\"https:\/\/autofans.com.ar\/wp-content\/uploads\/2023\/12\/FOTO-2.jpg\" class=\"attachment-full size-full\" alt=\"Kawasaki\" srcset=\"https:\/\/autofans.com.ar\/wp-content\/uploads\/2023\/12\/FOTO-2.jpg 1000w, https:\/\/autofans.com.ar\/wp-content\/uploads\/2023\/12\/FOTO-2-300x200.jpg 300w, https:\/\/autofans.com.ar\/wp-content\/uploads\/2023\/12\/FOTO-2-768x512.jpg 768w\" sizes=\"auto, (max-width: 1000px) 100vw, 1000px\" loading=\"lazy\" decoding=\"async\" \/><\/a>\n\t\t\t<\/div><\/figure><figure class='gallery-item'>\n\t\t\t<div class='gallery-icon landscape'>\n\t\t\t\t<a href='https:\/\/autofans.com.ar\/index.php\/2023\/12\/01\/las-nuevas-klx300-y-klx300r-de-kawasaki\/foto-3-293\/'><img loading=\"lazy\" width=\"1000\" height=\"667\" src=\"https:\/\/autofans.com.ar\/wp-content\/uploads\/2023\/12\/FOTO-3.jpg\" class=\"attachment-full size-full\" alt=\"Kawasaki\" srcset=\"https:\/\/autofans.com.ar\/wp-content\/uploads\/2023\/12\/FOTO-3.jpg 1000w, https:\/\/autofans.com.ar\/wp-content\/uploads\/2023\/12\/FOTO-3-300x200.jpg 300w, https:\/\/autofans.com.ar\/wp-content\/uploads\/2023\/12\/FOTO-3-768x512.jpg 768w\" sizes=\"auto, (max-width: 1000px) 100vw, 1000px\" loading=\"lazy\" decoding=\"async\" \/><\/a>\n\t\t\t<\/div><\/figure>\n\t\t<\/div>\n\n<p>&nbsp;<\/p>\n<p>Kawasaki Argentina, de la mano del Grupo Iraola, ha marcado su compromiso con la industria nacional, ofreciendo un portafolio completo de motos producidas localmente. Con m\u00e1s de 40 a\u00f1os de presencia en el pa\u00eds, la marca japonesa lidera en competici\u00f3n, motociclismo Off-Road y pista. Con una planta de producci\u00f3n en Venado Tuerto, Santa Fe, Kawasaki en Argentina apuesta al futuro con la producci\u00f3n nacional y la oferta del lineup m\u00e1s completo del mercado.<\/p>\n<p>&nbsp;<\/p>\n<p>&nbsp;<\/p>\n<p><i>Para enterarte de m\u00e1s novedades, no dejes de leer\u00a0<\/i><a href=\"https:\/\/autofans.thebrandsoup.com\/\"><i>nuestras notas<\/i><\/a><i>, de ver<\/i><b><i>\u00a0<\/i><\/b><a href=\"https:\/\/www.youtube.com\/channel\/UCgAC8UGHZYbT6P7PpmVnP7g\"><b><i>AUTOFANS TV<\/i><\/b><\/a><b><i>\u00a0<\/i><\/b><i>en nuestro\u00a0canal de Youtube. Adem\u00e1s seguinos en\u00a0<\/i><a href=\"https:\/\/www.instagram.com\/autofanstv\/\"><i>INSTAGRAM<\/i><\/a><i> y <\/i><a href=\"https:\/\/www.facebook.com\/autofansmas\/\"><i>FACEBOOK<\/i><\/a><i> para no perderte nada sobre las novedades del segmento automotor de Argentina y el mundo.<\/i><\/p>\n","protected":false},"excerpt":{"rendered":"<p>Kawasaki, a trav\u00e9s del Grupo Iraola, marca un hito en el mercado nacional al lanzar&#8230;<\/p>\n","protected":false},"author":2,"featured_media":5974,"comment_status":"closed","ping_status":"closed","sticky":false,"template":"","format":"standard","meta":{"footnotes":""},"categories":[1,9],"tags":[3097,3098,580,1386,3094,3095,3096,1134],"class_list":["post-5971","post","type-post","status-publish","format-standard","has-post-thumbnail","hentry","category-lanzamientos","category-motos-lanzamientos","tag-aventura-en-moto","tag-conduccion-urbana","tag-grupo-iraola","tag-kawasaki","tag-klx300","tag-klx300r","tag-motos-argentina","tag-off-road"],"yoast_head":"<!-- This site is optimized with the Yoast SEO plugin v27.5 - https:\/\/yoast.com\/product\/yoast-seo-wordpress\/ -->\n<title>Las nuevas KLX300 y KLX300R de Kawasaki -<\/title>\n<meta name=\"description\" content=\"Kawasaki, a trav\u00e9s del Grupo Iraola, marca un hito en el mercado nacional al lanzar las esperadas KLX300 y KLX300R. Con un dise\u00f1o compacto...\" \/>\n<meta name=\"robots\" content=\"index, follow, max-snippet:-1, max-image-preview:large, max-video-preview:-1\" \/>\n<link rel=\"canonical\" href=\"https:\/\/autofans.com.ar\/index.php\/2023\/12\/01\/las-nuevas-klx300-y-klx300r-de-kawasaki\/\" \/>\n<meta property=\"og:locale\" content=\"es_ES\" \/>\n<meta property=\"og:type\" content=\"article\" \/>\n<meta property=\"og:title\" content=\"Las nuevas KLX300 y KLX300R de Kawasaki -\" \/>\n<meta property=\"og:description\" content=\"Kawasaki, a trav\u00e9s del Grupo Iraola, marca un hito en el mercado nacional al lanzar las esperadas KLX300 y KLX300R. Con un dise\u00f1o compacto...\" \/>\n<meta property=\"og:url\" content=\"https:\/\/autofans.com.ar\/index.php\/2023\/12\/01\/las-nuevas-klx300-y-klx300r-de-kawasaki\/\" \/>\n<meta property=\"article:published_time\" content=\"2023-12-01T15:55:12+00:00\" \/>\n<meta property=\"article:modified_time\" content=\"2023-12-01T16:42:19+00:00\" \/>\n<meta property=\"og:image\" content=\"https:\/\/autofans.com.ar\/wp-content\/uploads\/2023\/12\/FOTO-1.jpg\" \/>\n\t<meta property=\"og:image:width\" content=\"1000\" \/>\n\t<meta property=\"og:image:height\" content=\"667\" \/>\n\t<meta property=\"og:image:type\" content=\"image\/jpeg\" \/>\n<meta name=\"author\" content=\"Alejandro Gabriel Rosito\" \/>\n<meta name=\"twitter:card\" content=\"summary_large_image\" \/>\n<meta name=\"twitter:label1\" content=\"Escrito por\" \/>\n\t<meta name=\"twitter:data1\" content=\"Alejandro Gabriel Rosito\" \/>\n\t<meta name=\"twitter:label2\" content=\"Tiempo de lectura\" \/>\n\t<meta name=\"twitter:data2\" content=\"3 minutos\" \/>\n<script type=\"application\/ld+json\" class=\"yoast-schema-graph\">{\"@context\":\"https:\\\/\\\/schema.org\",\"@graph\":[{\"@type\":\"Article\",\"@id\":\"https:\\\/\\\/autofans.com.ar\\\/index.php\\\/2023\\\/12\\\/01\\\/las-nuevas-klx300-y-klx300r-de-kawasaki\\\/#article\",\"isPartOf\":{\"@id\":\"https:\\\/\\\/autofans.com.ar\\\/index.php\\\/2023\\\/12\\\/01\\\/las-nuevas-klx300-y-klx300r-de-kawasaki\\\/\"},\"author\":{\"name\":\"Alejandro Gabriel Rosito\",\"@id\":\"https:\\\/\\\/autofans.com.ar\\\/#\\\/schema\\\/person\\\/4a8dda0b6df83ac3d6723e921274c2aa\"},\"headline\":\"Las nuevas KLX300 y KLX300R de Kawasaki\",\"datePublished\":\"2023-12-01T15:55:12+00:00\",\"dateModified\":\"2023-12-01T16:42:19+00:00\",\"mainEntityOfPage\":{\"@id\":\"https:\\\/\\\/autofans.com.ar\\\/index.php\\\/2023\\\/12\\\/01\\\/las-nuevas-klx300-y-klx300r-de-kawasaki\\\/\"},\"wordCount\":426,\"image\":{\"@id\":\"https:\\\/\\\/autofans.com.ar\\\/index.php\\\/2023\\\/12\\\/01\\\/las-nuevas-klx300-y-klx300r-de-kawasaki\\\/#primaryimage\"},\"thumbnailUrl\":\"https:\\\/\\\/autofans.com.ar\\\/wp-content\\\/uploads\\\/2023\\\/12\\\/FOTO-1.jpg\",\"keywords\":[\"Aventura en Moto\",\"Conducci\u00f3n Urbana\",\"Grupo Iraola\",\"kawasaki\",\"KLX300\",\"KLX300R\",\"Motos Argentina\",\"off-road\"],\"articleSection\":[\"LANZAMIENTOS\",\"Motos\"],\"inLanguage\":\"es\"},{\"@type\":\"WebPage\",\"@id\":\"https:\\\/\\\/autofans.com.ar\\\/index.php\\\/2023\\\/12\\\/01\\\/las-nuevas-klx300-y-klx300r-de-kawasaki\\\/\",\"url\":\"https:\\\/\\\/autofans.com.ar\\\/index.php\\\/2023\\\/12\\\/01\\\/las-nuevas-klx300-y-klx300r-de-kawasaki\\\/\",\"name\":\"Las nuevas KLX300 y KLX300R de Kawasaki -\",\"isPartOf\":{\"@id\":\"https:\\\/\\\/autofans.com.ar\\\/#website\"},\"primaryImageOfPage\":{\"@id\":\"https:\\\/\\\/autofans.com.ar\\\/index.php\\\/2023\\\/12\\\/01\\\/las-nuevas-klx300-y-klx300r-de-kawasaki\\\/#primaryimage\"},\"image\":{\"@id\":\"https:\\\/\\\/autofans.com.ar\\\/index.php\\\/2023\\\/12\\\/01\\\/las-nuevas-klx300-y-klx300r-de-kawasaki\\\/#primaryimage\"},\"thumbnailUrl\":\"https:\\\/\\\/autofans.com.ar\\\/wp-content\\\/uploads\\\/2023\\\/12\\\/FOTO-1.jpg\",\"datePublished\":\"2023-12-01T15:55:12+00:00\",\"dateModified\":\"2023-12-01T16:42:19+00:00\",\"author\":{\"@id\":\"https:\\\/\\\/autofans.com.ar\\\/#\\\/schema\\\/person\\\/4a8dda0b6df83ac3d6723e921274c2aa\"},\"description\":\"Kawasaki, a trav\u00e9s del Grupo Iraola, marca un hito en el mercado nacional al lanzar las esperadas KLX300 y KLX300R. Con un dise\u00f1o compacto...\",\"breadcrumb\":{\"@id\":\"https:\\\/\\\/autofans.com.ar\\\/index.php\\\/2023\\\/12\\\/01\\\/las-nuevas-klx300-y-klx300r-de-kawasaki\\\/#breadcrumb\"},\"inLanguage\":\"es\",\"potentialAction\":[{\"@type\":\"ReadAction\",\"target\":[\"https:\\\/\\\/autofans.com.ar\\\/index.php\\\/2023\\\/12\\\/01\\\/las-nuevas-klx300-y-klx300r-de-kawasaki\\\/\"]}]},{\"@type\":\"ImageObject\",\"inLanguage\":\"es\",\"@id\":\"https:\\\/\\\/autofans.com.ar\\\/index.php\\\/2023\\\/12\\\/01\\\/las-nuevas-klx300-y-klx300r-de-kawasaki\\\/#primaryimage\",\"url\":\"https:\\\/\\\/autofans.com.ar\\\/wp-content\\\/uploads\\\/2023\\\/12\\\/FOTO-1.jpg\",\"contentUrl\":\"https:\\\/\\\/autofans.com.ar\\\/wp-content\\\/uploads\\\/2023\\\/12\\\/FOTO-1.jpg\",\"width\":1000,\"height\":667,\"caption\":\"Kawasaki\"},{\"@type\":\"BreadcrumbList\",\"@id\":\"https:\\\/\\\/autofans.com.ar\\\/index.php\\\/2023\\\/12\\\/01\\\/las-nuevas-klx300-y-klx300r-de-kawasaki\\\/#breadcrumb\",\"itemListElement\":[{\"@type\":\"ListItem\",\"position\":1,\"name\":\"Inicio\",\"item\":\"https:\\\/\\\/autofans.com.ar\\\/\"},{\"@type\":\"ListItem\",\"position\":2,\"name\":\"Las nuevas KLX300 y KLX300R de Kawasaki\"}]},{\"@type\":\"WebSite\",\"@id\":\"https:\\\/\\\/autofans.com.ar\\\/#website\",\"url\":\"https:\\\/\\\/autofans.com.ar\\\/\",\"name\":\"\",\"description\":\"El multimedio referente de la industria automotriz\",\"potentialAction\":[{\"@type\":\"SearchAction\",\"target\":{\"@type\":\"EntryPoint\",\"urlTemplate\":\"https:\\\/\\\/autofans.com.ar\\\/?s={search_term_string}\"},\"query-input\":{\"@type\":\"PropertyValueSpecification\",\"valueRequired\":true,\"valueName\":\"search_term_string\"}}],\"inLanguage\":\"es\"},{\"@type\":\"Person\",\"@id\":\"https:\\\/\\\/autofans.com.ar\\\/#\\\/schema\\\/person\\\/4a8dda0b6df83ac3d6723e921274c2aa\",\"name\":\"Alejandro Gabriel Rosito\",\"image\":{\"@type\":\"ImageObject\",\"inLanguage\":\"es\",\"@id\":\"https:\\\/\\\/secure.gravatar.com\\\/avatar\\\/16c5dda1489adfc62618084dcbb91cffd879c374b13fe5dd8e44ed6733852c88?s=96&d=mm&r=g\",\"url\":\"https:\\\/\\\/secure.gravatar.com\\\/avatar\\\/16c5dda1489adfc62618084dcbb91cffd879c374b13fe5dd8e44ed6733852c88?s=96&d=mm&r=g\",\"contentUrl\":\"https:\\\/\\\/secure.gravatar.com\\\/avatar\\\/16c5dda1489adfc62618084dcbb91cffd879c374b13fe5dd8e44ed6733852c88?s=96&d=mm&r=g\",\"caption\":\"Alejandro Gabriel Rosito\"},\"url\":\"https:\\\/\\\/autofans.com.ar\\\/index.php\\\/author\\\/gabrielr\\\/\"}]}<\/script>\n<!-- \/ Yoast SEO plugin. -->","yoast_head_json":{"title":"Las nuevas KLX300 y KLX300R de Kawasaki -","description":"Kawasaki, a trav\u00e9s del Grupo Iraola, marca un hito en el mercado nacional al lanzar las esperadas KLX300 y KLX300R. Con un dise\u00f1o compacto...","robots":{"index":"index","follow":"follow","max-snippet":"max-snippet:-1","max-image-preview":"max-image-preview:large","max-video-preview":"max-video-preview:-1"},"canonical":"https:\/\/autofans.com.ar\/index.php\/2023\/12\/01\/las-nuevas-klx300-y-klx300r-de-kawasaki\/","og_locale":"es_ES","og_type":"article","og_title":"Las nuevas KLX300 y KLX300R de Kawasaki -","og_description":"Kawasaki, a trav\u00e9s del Grupo Iraola, marca un hito en el mercado nacional al lanzar las esperadas KLX300 y KLX300R. Con un dise\u00f1o compacto...","og_url":"https:\/\/autofans.com.ar\/index.php\/2023\/12\/01\/las-nuevas-klx300-y-klx300r-de-kawasaki\/","article_published_time":"2023-12-01T15:55:12+00:00","article_modified_time":"2023-12-01T16:42:19+00:00","og_image":[{"width":1000,"height":667,"url":"https:\/\/autofans.com.ar\/wp-content\/uploads\/2023\/12\/FOTO-1.jpg","type":"image\/jpeg"}],"author":"Alejandro Gabriel Rosito","twitter_card":"summary_large_image","twitter_misc":{"Escrito por":"Alejandro Gabriel Rosito","Tiempo de lectura":"3 minutos"},"schema":{"@context":"https:\/\/schema.org","@graph":[{"@type":"Article","@id":"https:\/\/autofans.com.ar\/index.php\/2023\/12\/01\/las-nuevas-klx300-y-klx300r-de-kawasaki\/#article","isPartOf":{"@id":"https:\/\/autofans.com.ar\/index.php\/2023\/12\/01\/las-nuevas-klx300-y-klx300r-de-kawasaki\/"},"author":{"name":"Alejandro Gabriel Rosito","@id":"https:\/\/autofans.com.ar\/#\/schema\/person\/4a8dda0b6df83ac3d6723e921274c2aa"},"headline":"Las nuevas KLX300 y KLX300R de Kawasaki","datePublished":"2023-12-01T15:55:12+00:00","dateModified":"2023-12-01T16:42:19+00:00","mainEntityOfPage":{"@id":"https:\/\/autofans.com.ar\/index.php\/2023\/12\/01\/las-nuevas-klx300-y-klx300r-de-kawasaki\/"},"wordCount":426,"image":{"@id":"https:\/\/autofans.com.ar\/index.php\/2023\/12\/01\/las-nuevas-klx300-y-klx300r-de-kawasaki\/#primaryimage"},"thumbnailUrl":"https:\/\/autofans.com.ar\/wp-content\/uploads\/2023\/12\/FOTO-1.jpg","keywords":["Aventura en Moto","Conducci\u00f3n Urbana","Grupo Iraola","kawasaki","KLX300","KLX300R","Motos Argentina","off-road"],"articleSection":["LANZAMIENTOS","Motos"],"inLanguage":"es"},{"@type":"WebPage","@id":"https:\/\/autofans.com.ar\/index.php\/2023\/12\/01\/las-nuevas-klx300-y-klx300r-de-kawasaki\/","url":"https:\/\/autofans.com.ar\/index.php\/2023\/12\/01\/las-nuevas-klx300-y-klx300r-de-kawasaki\/","name":"Las nuevas KLX300 y KLX300R de Kawasaki -","isPartOf":{"@id":"https:\/\/autofans.com.ar\/#website"},"primaryImageOfPage":{"@id":"https:\/\/autofans.com.ar\/index.php\/2023\/12\/01\/las-nuevas-klx300-y-klx300r-de-kawasaki\/#primaryimage"},"image":{"@id":"https:\/\/autofans.com.ar\/index.php\/2023\/12\/01\/las-nuevas-klx300-y-klx300r-de-kawasaki\/#primaryimage"},"thumbnailUrl":"https:\/\/autofans.com.ar\/wp-content\/uploads\/2023\/12\/FOTO-1.jpg","datePublished":"2023-12-01T15:55:12+00:00","dateModified":"2023-12-01T16:42:19+00:00","author":{"@id":"https:\/\/autofans.com.ar\/#\/schema\/person\/4a8dda0b6df83ac3d6723e921274c2aa"},"description":"Kawasaki, a trav\u00e9s del Grupo Iraola, marca un hito en el mercado nacional al lanzar las esperadas KLX300 y KLX300R. Con un dise\u00f1o compacto...","breadcrumb":{"@id":"https:\/\/autofans.com.ar\/index.php\/2023\/12\/01\/las-nuevas-klx300-y-klx300r-de-kawasaki\/#breadcrumb"},"inLanguage":"es","potentialAction":[{"@type":"ReadAction","target":["https:\/\/autofans.com.ar\/index.php\/2023\/12\/01\/las-nuevas-klx300-y-klx300r-de-kawasaki\/"]}]},{"@type":"ImageObject","inLanguage":"es","@id":"https:\/\/autofans.com.ar\/index.php\/2023\/12\/01\/las-nuevas-klx300-y-klx300r-de-kawasaki\/#primaryimage","url":"https:\/\/autofans.com.ar\/wp-content\/uploads\/2023\/12\/FOTO-1.jpg","contentUrl":"https:\/\/autofans.com.ar\/wp-content\/uploads\/2023\/12\/FOTO-1.jpg","width":1000,"height":667,"caption":"Kawasaki"},{"@type":"BreadcrumbList","@id":"https:\/\/autofans.com.ar\/index.php\/2023\/12\/01\/las-nuevas-klx300-y-klx300r-de-kawasaki\/#breadcrumb","itemListElement":[{"@type":"ListItem","position":1,"name":"Inicio","item":"https:\/\/autofans.com.ar\/"},{"@type":"ListItem","position":2,"name":"Las nuevas KLX300 y KLX300R de Kawasaki"}]},{"@type":"WebSite","@id":"https:\/\/autofans.com.ar\/#website","url":"https:\/\/autofans.com.ar\/","name":"","description":"El multimedio referente de la industria automotriz","potentialAction":[{"@type":"SearchAction","target":{"@type":"EntryPoint","urlTemplate":"https:\/\/autofans.com.ar\/?s={search_term_string}"},"query-input":{"@type":"PropertyValueSpecification","valueRequired":true,"valueName":"search_term_string"}}],"inLanguage":"es"},{"@type":"Person","@id":"https:\/\/autofans.com.ar\/#\/schema\/person\/4a8dda0b6df83ac3d6723e921274c2aa","name":"Alejandro Gabriel Rosito","image":{"@type":"ImageObject","inLanguage":"es","@id":"https:\/\/secure.gravatar.com\/avatar\/16c5dda1489adfc62618084dcbb91cffd879c374b13fe5dd8e44ed6733852c88?s=96&d=mm&r=g","url":"https:\/\/secure.gravatar.com\/avatar\/16c5dda1489adfc62618084dcbb91cffd879c374b13fe5dd8e44ed6733852c88?s=96&d=mm&r=g","contentUrl":"https:\/\/secure.gravatar.com\/avatar\/16c5dda1489adfc62618084dcbb91cffd879c374b13fe5dd8e44ed6733852c88?s=96&d=mm&r=g","caption":"Alejandro Gabriel Rosito"},"url":"https:\/\/autofans.com.ar\/index.php\/author\/gabrielr\/"}]}},"featured_image_urls":{"full":["https:\/\/autofans.com.ar\/wp-content\/uploads\/2023\/12\/FOTO-1.jpg",1000,667,false],"thumbnail":["https:\/\/autofans.com.ar\/wp-content\/uploads\/2023\/12\/FOTO-1-150x150.jpg",150,150,true],"medium":["https:\/\/autofans.com.ar\/wp-content\/uploads\/2023\/12\/FOTO-1-300x200.jpg",300,200,true],"medium_large":["https:\/\/autofans.com.ar\/wp-content\/uploads\/2023\/12\/FOTO-1-768x512.jpg",640,427,true],"large":["https:\/\/autofans.com.ar\/wp-content\/uploads\/2023\/12\/FOTO-1.jpg",640,427,false],"1536x1536":["https:\/\/autofans.com.ar\/wp-content\/uploads\/2023\/12\/FOTO-1.jpg",1000,667,false],"2048x2048":["https:\/\/autofans.com.ar\/wp-content\/uploads\/2023\/12\/FOTO-1.jpg",1000,667,false],"covernews-featured":["https:\/\/autofans.com.ar\/wp-content\/uploads\/2023\/12\/FOTO-1.jpg",1000,667,false],"covernews-medium":["https:\/\/autofans.com.ar\/wp-content\/uploads\/2023\/12\/FOTO-1-540x340.jpg",540,340,true]},"author_info":{"display_name":"Alejandro Gabriel Rosito","author_link":"https:\/\/autofans.com.ar\/index.php\/author\/gabrielr\/"},"category_info":"<a href=\"https:\/\/autofans.com.ar\/index.php\/category\/lanzamientos\/\" rel=\"category tag\">LANZAMIENTOS<\/a> <a href=\"https:\/\/autofans.com.ar\/index.php\/category\/lanzamientos\/motos-lanzamientos\/\" rel=\"category tag\">Motos<\/a>","tag_info":"Motos","comment_count":0,"_links":{"self":[{"href":"https:\/\/autofans.com.ar\/index.php\/wp-json\/wp\/v2\/posts\/5971","targetHints":{"allow":["GET"]}}],"collection":[{"href":"https:\/\/autofans.com.ar\/index.php\/wp-json\/wp\/v2\/posts"}],"about":[{"href":"https:\/\/autofans.com.ar\/index.php\/wp-json\/wp\/v2\/types\/post"}],"author":[{"embeddable":true,"href":"https:\/\/autofans.com.ar\/index.php\/wp-json\/wp\/v2\/users\/2"}],"replies":[{"embeddable":true,"href":"https:\/\/autofans.com.ar\/index.php\/wp-json\/wp\/v2\/comments?post=5971"}],"version-history":[{"count":2,"href":"https:\/\/autofans.com.ar\/index.php\/wp-json\/wp\/v2\/posts\/5971\/revisions"}],"predecessor-version":[{"id":5980,"href":"https:\/\/autofans.com.ar\/index.php\/wp-json\/wp\/v2\/posts\/5971\/revisions\/5980"}],"wp:featuredmedia":[{"embeddable":true,"href":"https:\/\/autofans.com.ar\/index.php\/wp-json\/wp\/v2\/media\/5974"}],"wp:attachment":[{"href":"https:\/\/autofans.com.ar\/index.php\/wp-json\/wp\/v2\/media?parent=5971"}],"wp:term":[{"taxonomy":"category","embeddable":true,"href":"https:\/\/autofans.com.ar\/index.php\/wp-json\/wp\/v2\/categories?post=5971"},{"taxonomy":"post_tag","embeddable":true,"href":"https:\/\/autofans.com.ar\/index.php\/wp-json\/wp\/v2\/tags?post=5971"}],"curies":[{"name":"wp","href":"https:\/\/api.w.org\/{rel}","templated":true}]}}