{"id":6002,"date":"2023-12-05T12:59:28","date_gmt":"2023-12-05T15:59:28","guid":{"rendered":"https:\/\/autofans.com.ar\/?p=6002"},"modified":"2023-12-05T12:59:28","modified_gmt":"2023-12-05T15:59:28","slug":"mercedes-benz-camiones-y-buses-argentina-celebra-su-segundo-aniversario","status":"publish","type":"post","link":"https:\/\/autofans.com.ar\/index.php\/2023\/12\/05\/mercedes-benz-camiones-y-buses-argentina-celebra-su-segundo-aniversario\/","title":{"rendered":"Mercedes-Benz Camiones y Buses Argentina celebra su segundo aniversario"},"content":{"rendered":"<p>En diciembre de 2021, Mercedes-Benz Camiones y Buses, la filial argentina del grupo Daimler Truck AG, inici\u00f3 su trayectoria como empresa independiente, marcando un hito en el transporte de cargas y pasajeros en Argentina. Con m\u00e1s de 500 empleados directos y una red comercial que abarca 24 concesionarios y m\u00e1s de 45 puntos de venta y posventa en todo el pa\u00eds, la compa\u00f1\u00eda ha consolidado su presencia en el mercado.<\/p>\n<p>&nbsp;<\/p>\n<h2>Mercedes-Benz Camiones y Buses &#8211; dos a\u00f1os de logros y producci\u00f3n local<\/h2>\n<p>En estos dos a\u00f1os de operaciones, la estrategia de negocios 360\u00b0 de Mercedes-Benz Camiones y Buses ha llevado a significativos logros, destacando la producci\u00f3n nacional como un pilar central. Achim Puchert, CEO de la compa\u00f1\u00eda para Am\u00e9rica Latina, destaca que alrededor del 70% de los camiones y chasis de buses comercializados al concluir el 2023 ser\u00e1n de producci\u00f3n local. La l\u00ednea de producci\u00f3n en el Centro Industrial Juan Manuel Fangio en La Matanza es clave, donde se fabrican camiones Accelo y Atego, as\u00ed como chasis de buses OH y OF, adem\u00e1s de albergar la primera y \u00fanica Planta de Remanufacturado del pa\u00eds.<\/p>\n<p>&nbsp;<\/p>\n<p><img fetchpriority=\"high\" decoding=\"async\" class=\"aligncenter wp-image-6005 size-full\" src=\"https:\/\/autofans.com.ar\/wp-content\/uploads\/2023\/12\/foto-4-2.jpg\" alt=\"Mercedes-Benz Camiones\" width=\"1000\" height=\"667\" srcset=\"https:\/\/autofans.com.ar\/wp-content\/uploads\/2023\/12\/foto-4-2.jpg 1000w, https:\/\/autofans.com.ar\/wp-content\/uploads\/2023\/12\/foto-4-2-300x200.jpg 300w, https:\/\/autofans.com.ar\/wp-content\/uploads\/2023\/12\/foto-4-2-768x512.jpg 768w\" sizes=\"(max-width: 1000px) 100vw, 1000px\" \/><\/p>\n<p>&nbsp;<\/p>\n<p>La inversi\u00f3n de USD 50 millones en un nuevo centro log\u00edstico de autopartes en Z\u00e1rate, con operaciones previstas para el segundo semestre de 2024, demuestra el compromiso estrat\u00e9gico de la empresa. Ubicado estrat\u00e9gicamente cerca del puerto, este centro proporcionar\u00e1 flexibilidad para futuros proyectos en la misma superficie.<\/p>\n<p>&nbsp;<\/p>\n<p>&nbsp;<\/p>\n<figure id=\"attachment_6006\" aria-describedby=\"caption-attachment-6006\" style=\"width: 1000px\" class=\"wp-caption aligncenter\"><img decoding=\"async\" class=\"wp-image-6006 size-full\" src=\"https:\/\/autofans.com.ar\/wp-content\/uploads\/2023\/12\/foto-3-3.jpg\" alt=\"Mercedes-Benz Camiones\" width=\"1000\" height=\"667\" srcset=\"https:\/\/autofans.com.ar\/wp-content\/uploads\/2023\/12\/foto-3-3.jpg 1000w, https:\/\/autofans.com.ar\/wp-content\/uploads\/2023\/12\/foto-3-3-300x200.jpg 300w, https:\/\/autofans.com.ar\/wp-content\/uploads\/2023\/12\/foto-3-3-768x512.jpg 768w\" sizes=\"(max-width: 1000px) 100vw, 1000px\" \/><figcaption id=\"caption-attachment-6006\" class=\"wp-caption-text\">Ra\u00fal Barcesat<\/figcaption><\/figure>\n<p>&nbsp;<\/p>\n<blockquote>\n<p style=\"text-align: center;\">Por su parte, Ra\u00fal Barcesat, CEO de Mercedes-Benz Camiones y Buses de Argentina, comenta:<br \/>\n\u201cCumplimos dos a\u00f1os de operaci\u00f3n como compa\u00f1\u00eda independiente, y podemos celebrar muchos<br \/>\nlogros. Entre ellos, un equipo consolidado y profesional, una inversi\u00f3n de USD 50 millones para<br \/>\ndesarrollar un nuevo centro log\u00edstico de autopartes y repuestos; y el inicio de nuestras<br \/>\nexportaciones a M\u00e9xico\u201d.<\/p>\n<\/blockquote>\n<p>&nbsp;<\/p>\n<h2>Mercedes-Benz y su \u00e9xito con la remanufactura<\/h2>\n<p>A nivel internacional, Mercedes-Benz Camiones y Buses ha fortalecido su perfil exportador. En 2023, el 30% de la producci\u00f3n de chasis buses OH 1621\/55 se destin\u00f3 a mercados de exportaci\u00f3n, consolidando el camino iniciado con la exitosa exportaci\u00f3n a M\u00e9xico el a\u00f1o anterior.<\/p>\n<p>&nbsp;<\/p>\n<p><img decoding=\"async\" class=\"aligncenter wp-image-6007 size-full\" src=\"https:\/\/autofans.com.ar\/wp-content\/uploads\/2023\/12\/foto-2-4.jpg\" alt=\"Mercedes-Benz Camiones\" width=\"1000\" height=\"667\" srcset=\"https:\/\/autofans.com.ar\/wp-content\/uploads\/2023\/12\/foto-2-4.jpg 1000w, https:\/\/autofans.com.ar\/wp-content\/uploads\/2023\/12\/foto-2-4-300x200.jpg 300w, https:\/\/autofans.com.ar\/wp-content\/uploads\/2023\/12\/foto-2-4-768x512.jpg 768w\" sizes=\"(max-width: 1000px) 100vw, 1000px\" \/><\/p>\n<p>&nbsp;<\/p>\n<p>La compa\u00f1\u00eda tambi\u00e9n destaca por ser la primera y \u00fanica automotriz con una planta de remanufacturado de piezas, ofreciendo a los clientes una alternativa de postventa que promueve la econom\u00eda circular. La entrega reciente de la pieza Reman n\u00famero 4000 resalta el \u00e9xito de esta iniciativa.<\/p>\n<p>De cara al 2024, Mercedes-Benz Camiones y Buses mantiene su enfoque en la expansi\u00f3n de exportaciones y el ingreso a nuevos mercados. Adem\u00e1s, la marca est\u00e1 trabajando en proyectos de electromovilidad, con el objetivo de introducir localmente un chasis de bus el\u00e9ctrico en el corto plazo.<\/p>\n<p>&nbsp;<\/p>\n<p><center><iframe title=\"Mercedes Benz Camiones y Buses Argentina celebra su segundo aniversario como empresa independiente.\" width=\"640\" height=\"360\" src=\"https:\/\/www.youtube.com\/embed\/zNxq6f6wDDg?feature=oembed\" frameborder=\"0\" allow=\"accelerometer; autoplay; clipboard-write; encrypted-media; gyroscope; picture-in-picture; web-share\" referrerpolicy=\"strict-origin-when-cross-origin\" allowfullscreen><\/iframe><\/p>\n<p>&nbsp;<\/p>\n<p>&nbsp;<\/p>\n<p><\/center>&nbsp;<\/p>\n<p>Cada kil\u00f3metro en nuestras rutas es testigo del compromiso de Mercedes-Benz Camiones y Buses con aquellos que mantienen el mundo en movimiento. La empresa celebra sus dos a\u00f1os como entidad independiente, confiando en su compromiso con el futuro de la movilidad.<\/p>\n<p>&nbsp;<\/p>\n<p>&nbsp;<\/p>\n<p><i>Para enterarte de m\u00e1s novedades, no dejes de leer\u00a0<\/i><a href=\"https:\/\/autofans.thebrandsoup.com\/\"><i>nuestras notas<\/i><\/a><i>, de ver<\/i><b><i>\u00a0<\/i><\/b><a href=\"https:\/\/www.youtube.com\/channel\/UCgAC8UGHZYbT6P7PpmVnP7g\"><b><i>AUTOFANS TV<\/i><\/b><\/a><b><i>\u00a0<\/i><\/b><i>en nuestro\u00a0canal de Youtube. Adem\u00e1s seguinos en\u00a0<\/i><a href=\"https:\/\/www.instagram.com\/autofanstv\/\"><i>INSTAGRAM<\/i><\/a><i> y <\/i><a href=\"https:\/\/www.facebook.com\/autofansmas\/\"><i>FACEBOOK<\/i><\/a><i> para no perderte nada sobre las novedades del segmento automotor de Argentina y el mundo.<\/i><\/p>\n","protected":false},"excerpt":{"rendered":"<p>En diciembre de 2021, Mercedes-Benz Camiones y Buses, la filial argentina del grupo Daimler Truck&#8230;<\/p>\n","protected":false},"author":2,"featured_media":6008,"comment_status":"closed","ping_status":"closed","sticky":false,"template":"","format":"standard","meta":{"footnotes":""},"categories":[292,16],"tags":[202,38,1300,657,3115,1220,542,2485,364,898],"class_list":["post-6002","post","type-post","status-publish","format-standard","has-post-thumbnail","hentry","category-empresas","category-noticias","tag-aniversario","tag-argentina","tag-buses","tag-camiones","tag-centro-logistico","tag-daimler-truck-ag","tag-electromovilidad","tag-exportaciones","tag-mercedes-benz","tag-produccion-nacional"],"yoast_head":"<!-- This site is optimized with the Yoast SEO plugin v27.5 - https:\/\/yoast.com\/product\/yoast-seo-wordpress\/ -->\n<title>Mercedes-Benz Camiones y Buses Argentina celebra su segundo aniversario -<\/title>\n<meta name=\"description\" content=\"Mercedes-Benz Camiones y Buses, la filial argentina del grupo Daimler Truck AG, inici\u00f3 su trayectoria como empresa independiente...\" \/>\n<meta name=\"robots\" content=\"index, follow, max-snippet:-1, max-image-preview:large, max-video-preview:-1\" \/>\n<link rel=\"canonical\" href=\"https:\/\/autofans.com.ar\/index.php\/2023\/12\/05\/mercedes-benz-camiones-y-buses-argentina-celebra-su-segundo-aniversario\/\" \/>\n<meta property=\"og:locale\" content=\"es_ES\" \/>\n<meta property=\"og:type\" content=\"article\" \/>\n<meta property=\"og:title\" content=\"Mercedes-Benz Camiones y Buses Argentina celebra su segundo aniversario -\" \/>\n<meta property=\"og:description\" content=\"Mercedes-Benz Camiones y Buses, la filial argentina del grupo Daimler Truck AG, inici\u00f3 su trayectoria como empresa independiente...\" \/>\n<meta property=\"og:url\" content=\"https:\/\/autofans.com.ar\/index.php\/2023\/12\/05\/mercedes-benz-camiones-y-buses-argentina-celebra-su-segundo-aniversario\/\" \/>\n<meta property=\"article:published_time\" content=\"2023-12-05T15:59:28+00:00\" \/>\n<meta property=\"og:image\" content=\"https:\/\/autofans.com.ar\/wp-content\/uploads\/2023\/12\/foto-1-4.jpg\" \/>\n\t<meta property=\"og:image:width\" content=\"1000\" \/>\n\t<meta property=\"og:image:height\" content=\"667\" \/>\n\t<meta property=\"og:image:type\" content=\"image\/jpeg\" \/>\n<meta name=\"author\" content=\"Alejandro Gabriel Rosito\" \/>\n<meta name=\"twitter:card\" content=\"summary_large_image\" \/>\n<meta name=\"twitter:label1\" content=\"Escrito por\" \/>\n\t<meta name=\"twitter:data1\" content=\"Alejandro Gabriel Rosito\" \/>\n\t<meta name=\"twitter:label2\" content=\"Tiempo de lectura\" \/>\n\t<meta name=\"twitter:data2\" content=\"3 minutos\" \/>\n<script type=\"application\/ld+json\" class=\"yoast-schema-graph\">{\"@context\":\"https:\\\/\\\/schema.org\",\"@graph\":[{\"@type\":\"Article\",\"@id\":\"https:\\\/\\\/autofans.com.ar\\\/index.php\\\/2023\\\/12\\\/05\\\/mercedes-benz-camiones-y-buses-argentina-celebra-su-segundo-aniversario\\\/#article\",\"isPartOf\":{\"@id\":\"https:\\\/\\\/autofans.com.ar\\\/index.php\\\/2023\\\/12\\\/05\\\/mercedes-benz-camiones-y-buses-argentina-celebra-su-segundo-aniversario\\\/\"},\"author\":{\"name\":\"Alejandro Gabriel Rosito\",\"@id\":\"https:\\\/\\\/autofans.com.ar\\\/#\\\/schema\\\/person\\\/4a8dda0b6df83ac3d6723e921274c2aa\"},\"headline\":\"Mercedes-Benz Camiones y Buses Argentina celebra su segundo aniversario\",\"datePublished\":\"2023-12-05T15:59:28+00:00\",\"mainEntityOfPage\":{\"@id\":\"https:\\\/\\\/autofans.com.ar\\\/index.php\\\/2023\\\/12\\\/05\\\/mercedes-benz-camiones-y-buses-argentina-celebra-su-segundo-aniversario\\\/\"},\"wordCount\":584,\"image\":{\"@id\":\"https:\\\/\\\/autofans.com.ar\\\/index.php\\\/2023\\\/12\\\/05\\\/mercedes-benz-camiones-y-buses-argentina-celebra-su-segundo-aniversario\\\/#primaryimage\"},\"thumbnailUrl\":\"https:\\\/\\\/autofans.com.ar\\\/wp-content\\\/uploads\\\/2023\\\/12\\\/foto-1-4.jpg\",\"keywords\":[\"#aniversario\",\"Argentina\",\"buses\",\"camiones\",\"Centro Log\u00edstico\",\"Daimler Truck AG\",\"electromovilidad\",\"Exportaciones\",\"Mercedes-Benz\",\"producci\u00f3n nacional\"],\"articleSection\":[\"EMPRESAS\",\"NOTICIAS\"],\"inLanguage\":\"es\"},{\"@type\":\"WebPage\",\"@id\":\"https:\\\/\\\/autofans.com.ar\\\/index.php\\\/2023\\\/12\\\/05\\\/mercedes-benz-camiones-y-buses-argentina-celebra-su-segundo-aniversario\\\/\",\"url\":\"https:\\\/\\\/autofans.com.ar\\\/index.php\\\/2023\\\/12\\\/05\\\/mercedes-benz-camiones-y-buses-argentina-celebra-su-segundo-aniversario\\\/\",\"name\":\"Mercedes-Benz Camiones y Buses Argentina celebra su segundo aniversario -\",\"isPartOf\":{\"@id\":\"https:\\\/\\\/autofans.com.ar\\\/#website\"},\"primaryImageOfPage\":{\"@id\":\"https:\\\/\\\/autofans.com.ar\\\/index.php\\\/2023\\\/12\\\/05\\\/mercedes-benz-camiones-y-buses-argentina-celebra-su-segundo-aniversario\\\/#primaryimage\"},\"image\":{\"@id\":\"https:\\\/\\\/autofans.com.ar\\\/index.php\\\/2023\\\/12\\\/05\\\/mercedes-benz-camiones-y-buses-argentina-celebra-su-segundo-aniversario\\\/#primaryimage\"},\"thumbnailUrl\":\"https:\\\/\\\/autofans.com.ar\\\/wp-content\\\/uploads\\\/2023\\\/12\\\/foto-1-4.jpg\",\"datePublished\":\"2023-12-05T15:59:28+00:00\",\"author\":{\"@id\":\"https:\\\/\\\/autofans.com.ar\\\/#\\\/schema\\\/person\\\/4a8dda0b6df83ac3d6723e921274c2aa\"},\"description\":\"Mercedes-Benz Camiones y Buses, la filial argentina del grupo Daimler Truck AG, inici\u00f3 su trayectoria como empresa independiente...\",\"breadcrumb\":{\"@id\":\"https:\\\/\\\/autofans.com.ar\\\/index.php\\\/2023\\\/12\\\/05\\\/mercedes-benz-camiones-y-buses-argentina-celebra-su-segundo-aniversario\\\/#breadcrumb\"},\"inLanguage\":\"es\",\"potentialAction\":[{\"@type\":\"ReadAction\",\"target\":[\"https:\\\/\\\/autofans.com.ar\\\/index.php\\\/2023\\\/12\\\/05\\\/mercedes-benz-camiones-y-buses-argentina-celebra-su-segundo-aniversario\\\/\"]}]},{\"@type\":\"ImageObject\",\"inLanguage\":\"es\",\"@id\":\"https:\\\/\\\/autofans.com.ar\\\/index.php\\\/2023\\\/12\\\/05\\\/mercedes-benz-camiones-y-buses-argentina-celebra-su-segundo-aniversario\\\/#primaryimage\",\"url\":\"https:\\\/\\\/autofans.com.ar\\\/wp-content\\\/uploads\\\/2023\\\/12\\\/foto-1-4.jpg\",\"contentUrl\":\"https:\\\/\\\/autofans.com.ar\\\/wp-content\\\/uploads\\\/2023\\\/12\\\/foto-1-4.jpg\",\"width\":1000,\"height\":667,\"caption\":\"Mercedes-Benz Camiones\"},{\"@type\":\"BreadcrumbList\",\"@id\":\"https:\\\/\\\/autofans.com.ar\\\/index.php\\\/2023\\\/12\\\/05\\\/mercedes-benz-camiones-y-buses-argentina-celebra-su-segundo-aniversario\\\/#breadcrumb\",\"itemListElement\":[{\"@type\":\"ListItem\",\"position\":1,\"name\":\"Inicio\",\"item\":\"https:\\\/\\\/autofans.com.ar\\\/\"},{\"@type\":\"ListItem\",\"position\":2,\"name\":\"Mercedes-Benz Camiones y Buses Argentina celebra su segundo aniversario\"}]},{\"@type\":\"WebSite\",\"@id\":\"https:\\\/\\\/autofans.com.ar\\\/#website\",\"url\":\"https:\\\/\\\/autofans.com.ar\\\/\",\"name\":\"\",\"description\":\"El multimedio referente de la industria automotriz\",\"potentialAction\":[{\"@type\":\"SearchAction\",\"target\":{\"@type\":\"EntryPoint\",\"urlTemplate\":\"https:\\\/\\\/autofans.com.ar\\\/?s={search_term_string}\"},\"query-input\":{\"@type\":\"PropertyValueSpecification\",\"valueRequired\":true,\"valueName\":\"search_term_string\"}}],\"inLanguage\":\"es\"},{\"@type\":\"Person\",\"@id\":\"https:\\\/\\\/autofans.com.ar\\\/#\\\/schema\\\/person\\\/4a8dda0b6df83ac3d6723e921274c2aa\",\"name\":\"Alejandro Gabriel Rosito\",\"image\":{\"@type\":\"ImageObject\",\"inLanguage\":\"es\",\"@id\":\"https:\\\/\\\/secure.gravatar.com\\\/avatar\\\/16c5dda1489adfc62618084dcbb91cffd879c374b13fe5dd8e44ed6733852c88?s=96&d=mm&r=g\",\"url\":\"https:\\\/\\\/secure.gravatar.com\\\/avatar\\\/16c5dda1489adfc62618084dcbb91cffd879c374b13fe5dd8e44ed6733852c88?s=96&d=mm&r=g\",\"contentUrl\":\"https:\\\/\\\/secure.gravatar.com\\\/avatar\\\/16c5dda1489adfc62618084dcbb91cffd879c374b13fe5dd8e44ed6733852c88?s=96&d=mm&r=g\",\"caption\":\"Alejandro Gabriel Rosito\"},\"url\":\"https:\\\/\\\/autofans.com.ar\\\/index.php\\\/author\\\/gabrielr\\\/\"}]}<\/script>\n<!-- \/ Yoast SEO plugin. -->","yoast_head_json":{"title":"Mercedes-Benz Camiones y Buses Argentina celebra su segundo aniversario -","description":"Mercedes-Benz Camiones y Buses, la filial argentina del grupo Daimler Truck AG, inici\u00f3 su trayectoria como empresa independiente...","robots":{"index":"index","follow":"follow","max-snippet":"max-snippet:-1","max-image-preview":"max-image-preview:large","max-video-preview":"max-video-preview:-1"},"canonical":"https:\/\/autofans.com.ar\/index.php\/2023\/12\/05\/mercedes-benz-camiones-y-buses-argentina-celebra-su-segundo-aniversario\/","og_locale":"es_ES","og_type":"article","og_title":"Mercedes-Benz Camiones y Buses Argentina celebra su segundo aniversario -","og_description":"Mercedes-Benz Camiones y Buses, la filial argentina del grupo Daimler Truck AG, inici\u00f3 su trayectoria como empresa independiente...","og_url":"https:\/\/autofans.com.ar\/index.php\/2023\/12\/05\/mercedes-benz-camiones-y-buses-argentina-celebra-su-segundo-aniversario\/","article_published_time":"2023-12-05T15:59:28+00:00","og_image":[{"width":1000,"height":667,"url":"https:\/\/autofans.com.ar\/wp-content\/uploads\/2023\/12\/foto-1-4.jpg","type":"image\/jpeg"}],"author":"Alejandro Gabriel Rosito","twitter_card":"summary_large_image","twitter_misc":{"Escrito por":"Alejandro Gabriel Rosito","Tiempo de lectura":"3 minutos"},"schema":{"@context":"https:\/\/schema.org","@graph":[{"@type":"Article","@id":"https:\/\/autofans.com.ar\/index.php\/2023\/12\/05\/mercedes-benz-camiones-y-buses-argentina-celebra-su-segundo-aniversario\/#article","isPartOf":{"@id":"https:\/\/autofans.com.ar\/index.php\/2023\/12\/05\/mercedes-benz-camiones-y-buses-argentina-celebra-su-segundo-aniversario\/"},"author":{"name":"Alejandro Gabriel Rosito","@id":"https:\/\/autofans.com.ar\/#\/schema\/person\/4a8dda0b6df83ac3d6723e921274c2aa"},"headline":"Mercedes-Benz Camiones y Buses Argentina celebra su segundo aniversario","datePublished":"2023-12-05T15:59:28+00:00","mainEntityOfPage":{"@id":"https:\/\/autofans.com.ar\/index.php\/2023\/12\/05\/mercedes-benz-camiones-y-buses-argentina-celebra-su-segundo-aniversario\/"},"wordCount":584,"image":{"@id":"https:\/\/autofans.com.ar\/index.php\/2023\/12\/05\/mercedes-benz-camiones-y-buses-argentina-celebra-su-segundo-aniversario\/#primaryimage"},"thumbnailUrl":"https:\/\/autofans.com.ar\/wp-content\/uploads\/2023\/12\/foto-1-4.jpg","keywords":["#aniversario","Argentina","buses","camiones","Centro Log\u00edstico","Daimler Truck AG","electromovilidad","Exportaciones","Mercedes-Benz","producci\u00f3n nacional"],"articleSection":["EMPRESAS","NOTICIAS"],"inLanguage":"es"},{"@type":"WebPage","@id":"https:\/\/autofans.com.ar\/index.php\/2023\/12\/05\/mercedes-benz-camiones-y-buses-argentina-celebra-su-segundo-aniversario\/","url":"https:\/\/autofans.com.ar\/index.php\/2023\/12\/05\/mercedes-benz-camiones-y-buses-argentina-celebra-su-segundo-aniversario\/","name":"Mercedes-Benz Camiones y Buses Argentina celebra su segundo aniversario -","isPartOf":{"@id":"https:\/\/autofans.com.ar\/#website"},"primaryImageOfPage":{"@id":"https:\/\/autofans.com.ar\/index.php\/2023\/12\/05\/mercedes-benz-camiones-y-buses-argentina-celebra-su-segundo-aniversario\/#primaryimage"},"image":{"@id":"https:\/\/autofans.com.ar\/index.php\/2023\/12\/05\/mercedes-benz-camiones-y-buses-argentina-celebra-su-segundo-aniversario\/#primaryimage"},"thumbnailUrl":"https:\/\/autofans.com.ar\/wp-content\/uploads\/2023\/12\/foto-1-4.jpg","datePublished":"2023-12-05T15:59:28+00:00","author":{"@id":"https:\/\/autofans.com.ar\/#\/schema\/person\/4a8dda0b6df83ac3d6723e921274c2aa"},"description":"Mercedes-Benz Camiones y Buses, la filial argentina del grupo Daimler Truck AG, inici\u00f3 su trayectoria como empresa independiente...","breadcrumb":{"@id":"https:\/\/autofans.com.ar\/index.php\/2023\/12\/05\/mercedes-benz-camiones-y-buses-argentina-celebra-su-segundo-aniversario\/#breadcrumb"},"inLanguage":"es","potentialAction":[{"@type":"ReadAction","target":["https:\/\/autofans.com.ar\/index.php\/2023\/12\/05\/mercedes-benz-camiones-y-buses-argentina-celebra-su-segundo-aniversario\/"]}]},{"@type":"ImageObject","inLanguage":"es","@id":"https:\/\/autofans.com.ar\/index.php\/2023\/12\/05\/mercedes-benz-camiones-y-buses-argentina-celebra-su-segundo-aniversario\/#primaryimage","url":"https:\/\/autofans.com.ar\/wp-content\/uploads\/2023\/12\/foto-1-4.jpg","contentUrl":"https:\/\/autofans.com.ar\/wp-content\/uploads\/2023\/12\/foto-1-4.jpg","width":1000,"height":667,"caption":"Mercedes-Benz Camiones"},{"@type":"BreadcrumbList","@id":"https:\/\/autofans.com.ar\/index.php\/2023\/12\/05\/mercedes-benz-camiones-y-buses-argentina-celebra-su-segundo-aniversario\/#breadcrumb","itemListElement":[{"@type":"ListItem","position":1,"name":"Inicio","item":"https:\/\/autofans.com.ar\/"},{"@type":"ListItem","position":2,"name":"Mercedes-Benz Camiones y Buses Argentina celebra su segundo aniversario"}]},{"@type":"WebSite","@id":"https:\/\/autofans.com.ar\/#website","url":"https:\/\/autofans.com.ar\/","name":"","description":"El multimedio referente de la industria automotriz","potentialAction":[{"@type":"SearchAction","target":{"@type":"EntryPoint","urlTemplate":"https:\/\/autofans.com.ar\/?s={search_term_string}"},"query-input":{"@type":"PropertyValueSpecification","valueRequired":true,"valueName":"search_term_string"}}],"inLanguage":"es"},{"@type":"Person","@id":"https:\/\/autofans.com.ar\/#\/schema\/person\/4a8dda0b6df83ac3d6723e921274c2aa","name":"Alejandro Gabriel Rosito","image":{"@type":"ImageObject","inLanguage":"es","@id":"https:\/\/secure.gravatar.com\/avatar\/16c5dda1489adfc62618084dcbb91cffd879c374b13fe5dd8e44ed6733852c88?s=96&d=mm&r=g","url":"https:\/\/secure.gravatar.com\/avatar\/16c5dda1489adfc62618084dcbb91cffd879c374b13fe5dd8e44ed6733852c88?s=96&d=mm&r=g","contentUrl":"https:\/\/secure.gravatar.com\/avatar\/16c5dda1489adfc62618084dcbb91cffd879c374b13fe5dd8e44ed6733852c88?s=96&d=mm&r=g","caption":"Alejandro Gabriel Rosito"},"url":"https:\/\/autofans.com.ar\/index.php\/author\/gabrielr\/"}]}},"featured_image_urls":{"full":["https:\/\/autofans.com.ar\/wp-content\/uploads\/2023\/12\/foto-1-4.jpg",1000,667,false],"thumbnail":["https:\/\/autofans.com.ar\/wp-content\/uploads\/2023\/12\/foto-1-4-150x150.jpg",150,150,true],"medium":["https:\/\/autofans.com.ar\/wp-content\/uploads\/2023\/12\/foto-1-4-300x200.jpg",300,200,true],"medium_large":["https:\/\/autofans.com.ar\/wp-content\/uploads\/2023\/12\/foto-1-4-768x512.jpg",640,427,true],"large":["https:\/\/autofans.com.ar\/wp-content\/uploads\/2023\/12\/foto-1-4.jpg",640,427,false],"1536x1536":["https:\/\/autofans.com.ar\/wp-content\/uploads\/2023\/12\/foto-1-4.jpg",1000,667,false],"2048x2048":["https:\/\/autofans.com.ar\/wp-content\/uploads\/2023\/12\/foto-1-4.jpg",1000,667,false],"covernews-featured":["https:\/\/autofans.com.ar\/wp-content\/uploads\/2023\/12\/foto-1-4.jpg",1000,667,false],"covernews-medium":["https:\/\/autofans.com.ar\/wp-content\/uploads\/2023\/12\/foto-1-4-540x340.jpg",540,340,true]},"author_info":{"display_name":"Alejandro Gabriel Rosito","author_link":"https:\/\/autofans.com.ar\/index.php\/author\/gabrielr\/"},"category_info":"<a href=\"https:\/\/autofans.com.ar\/index.php\/category\/noticias\/empresas\/\" rel=\"category tag\">EMPRESAS<\/a> <a href=\"https:\/\/autofans.com.ar\/index.php\/category\/noticias\/\" rel=\"category tag\">NOTICIAS<\/a>","tag_info":"NOTICIAS","comment_count":0,"_links":{"self":[{"href":"https:\/\/autofans.com.ar\/index.php\/wp-json\/wp\/v2\/posts\/6002","targetHints":{"allow":["GET"]}}],"collection":[{"href":"https:\/\/autofans.com.ar\/index.php\/wp-json\/wp\/v2\/posts"}],"about":[{"href":"https:\/\/autofans.com.ar\/index.php\/wp-json\/wp\/v2\/types\/post"}],"author":[{"embeddable":true,"href":"https:\/\/autofans.com.ar\/index.php\/wp-json\/wp\/v2\/users\/2"}],"replies":[{"embeddable":true,"href":"https:\/\/autofans.com.ar\/index.php\/wp-json\/wp\/v2\/comments?post=6002"}],"version-history":[{"count":4,"href":"https:\/\/autofans.com.ar\/index.php\/wp-json\/wp\/v2\/posts\/6002\/revisions"}],"predecessor-version":[{"id":6012,"href":"https:\/\/autofans.com.ar\/index.php\/wp-json\/wp\/v2\/posts\/6002\/revisions\/6012"}],"wp:featuredmedia":[{"embeddable":true,"href":"https:\/\/autofans.com.ar\/index.php\/wp-json\/wp\/v2\/media\/6008"}],"wp:attachment":[{"href":"https:\/\/autofans.com.ar\/index.php\/wp-json\/wp\/v2\/media?parent=6002"}],"wp:term":[{"taxonomy":"category","embeddable":true,"href":"https:\/\/autofans.com.ar\/index.php\/wp-json\/wp\/v2\/categories?post=6002"},{"taxonomy":"post_tag","embeddable":true,"href":"https:\/\/autofans.com.ar\/index.php\/wp-json\/wp\/v2\/tags?post=6002"}],"curies":[{"name":"wp","href":"https:\/\/api.w.org\/{rel}","templated":true}]}}