{"id":6014,"date":"2023-12-05T18:35:24","date_gmt":"2023-12-05T21:35:24","guid":{"rendered":"https:\/\/autofans.com.ar\/?p=6014"},"modified":"2023-12-05T18:35:24","modified_gmt":"2023-12-05T21:35:24","slug":"con-espiritu-argento-la-nueva-ktm-350-exc-f-six-days","status":"publish","type":"post","link":"https:\/\/autofans.com.ar\/index.php\/2023\/12\/05\/con-espiritu-argento-la-nueva-ktm-350-exc-f-six-days\/","title":{"rendered":"Con esp\u00edritu Argento, la nueva KTM 350 EXC-F \u00abSIX DAYS\u00bb"},"content":{"rendered":"<p>KTM Argentina ha lanzado la versi\u00f3n especial de la KTM 350 EXC-F SIX DAYS, una moto que rinde homenaje a la \u00ab97\u00aa edici\u00f3n del FIM International Six Days of Enduro\u00bb (ISDE) celebrada en Argentina en 2023.<\/p>\n<p>&nbsp;<\/p>\n<h2>KTM 350 EXC-F &#8211; emoci\u00f3n sobre ruedas<\/h2>\n<p>Esta nueva joya de KTM, fabricada en la planta de Grupo Simpa S.A. en Campana, Buenos Aires, destaca por su dise\u00f1o aventurero y pasi\u00f3n por la competici\u00f3n, continuando con el legado de la marca. Equipada con un motor de 350 cc, refrigeraci\u00f3n por agua, y 51 CV de potencia, la 350 EXC-F SIX DAYS presenta mejoras significativas en la versi\u00f3n 2024.<\/p>\n<p>&nbsp;<\/p>\n<div id='gallery-1' class='gallery galleryid-6014 gallery-columns-3 gallery-size-full'><figure class='gallery-item'>\n\t\t\t<div class='gallery-icon landscape'>\n\t\t\t\t<a href='https:\/\/autofans.com.ar\/index.php\/2023\/12\/05\/con-espiritu-argento-la-nueva-ktm-350-exc-f-six-days\/foto-2-358\/'><img loading=\"lazy\" width=\"1000\" height=\"667\" src=\"https:\/\/autofans.com.ar\/wp-content\/uploads\/2023\/12\/foto-2-5.jpg\" class=\"attachment-full size-full\" alt=\"KTM 350 EXC-F\" srcset=\"https:\/\/autofans.com.ar\/wp-content\/uploads\/2023\/12\/foto-2-5.jpg 1000w, https:\/\/autofans.com.ar\/wp-content\/uploads\/2023\/12\/foto-2-5-300x200.jpg 300w, https:\/\/autofans.com.ar\/wp-content\/uploads\/2023\/12\/foto-2-5-768x512.jpg 768w\" sizes=\"auto, (max-width: 1000px) 100vw, 1000px\" loading=\"lazy\" decoding=\"async\" \/><\/a>\n\t\t\t<\/div><\/figure><figure class='gallery-item'>\n\t\t\t<div class='gallery-icon landscape'>\n\t\t\t\t<a href='https:\/\/autofans.com.ar\/index.php\/2023\/12\/05\/con-espiritu-argento-la-nueva-ktm-350-exc-f-six-days\/foto-3-297\/'><img loading=\"lazy\" width=\"1000\" height=\"667\" src=\"https:\/\/autofans.com.ar\/wp-content\/uploads\/2023\/12\/foto-3-4.jpg\" class=\"attachment-full size-full\" alt=\"KTM 350 EXC-F\" srcset=\"https:\/\/autofans.com.ar\/wp-content\/uploads\/2023\/12\/foto-3-4.jpg 1000w, https:\/\/autofans.com.ar\/wp-content\/uploads\/2023\/12\/foto-3-4-300x200.jpg 300w, https:\/\/autofans.com.ar\/wp-content\/uploads\/2023\/12\/foto-3-4-768x512.jpg 768w\" sizes=\"auto, (max-width: 1000px) 100vw, 1000px\" loading=\"lazy\" decoding=\"async\" \/><\/a>\n\t\t\t<\/div><\/figure><figure class='gallery-item'>\n\t\t\t<div class='gallery-icon landscape'>\n\t\t\t\t<a href='https:\/\/autofans.com.ar\/index.php\/2023\/12\/05\/con-espiritu-argento-la-nueva-ktm-350-exc-f-six-days\/foto-4-194\/'><img loading=\"lazy\" width=\"1000\" height=\"667\" src=\"https:\/\/autofans.com.ar\/wp-content\/uploads\/2023\/12\/foto-4-3.jpg\" class=\"attachment-full size-full\" alt=\"KTM 350 EXC-F\" srcset=\"https:\/\/autofans.com.ar\/wp-content\/uploads\/2023\/12\/foto-4-3.jpg 1000w, https:\/\/autofans.com.ar\/wp-content\/uploads\/2023\/12\/foto-4-3-300x200.jpg 300w, https:\/\/autofans.com.ar\/wp-content\/uploads\/2023\/12\/foto-4-3-768x512.jpg 768w\" sizes=\"auto, (max-width: 1000px) 100vw, 1000px\" loading=\"lazy\" decoding=\"async\" \/><\/a>\n\t\t\t<\/div><\/figure>\n\t\t<\/div>\n\n<p>&nbsp;<\/p>\n<p>El chasis hidroformado, la suspensi\u00f3n WP XACT, y el amortiguador PDS de WP XPLOR ofrecen una respuesta al piloto y estabilidad excepcionales. Con frenos Brembo, neum\u00e1ticos Metzeler 6 Days Extreme, y llantas GIANT, esta moto promete un rendimiento destacado. La carrocer\u00eda y el tanque de combustible, m\u00e1s resistentes, se han redise\u00f1ado, y se han a\u00f1adido elementos como el faro LED para mejorar la experiencia de conducci\u00f3n.<\/p>\n<p>&nbsp;<\/p>\n<h2>Detalles exclusivos, emoci\u00f3n inigualable<\/h2>\n<p>La versi\u00f3n 2024 de la KTM 350 EXC-F SIX DAYS no solo ofrece un rendimiento excepcional, sino que tambi\u00e9n celebra la identidad argentina. Detalles gr\u00e1ficos como estrofas del Himno Nacional, las Islas Malvinas, el mate, la Ruta 40, y el n\u00famero 47 de Kevin Benavides, campe\u00f3n del Dakar 2023, se integran en el dise\u00f1o. Adem\u00e1s, la moto incluye accesorios exclusivos como el asiento SIX DAYS, manillar espec\u00edfico, silenciador antracita con logo SIX DAYS, y otros elementos distintivos.<\/p>\n<p>&nbsp;<\/p>\n<p><img fetchpriority=\"high\" decoding=\"async\" class=\"aligncenter wp-image-6015 size-full\" src=\"https:\/\/autofans.com.ar\/wp-content\/uploads\/2023\/12\/foto-5-2.jpg\" alt=\"KTM 350 EXC-F\" width=\"1000\" height=\"667\" srcset=\"https:\/\/autofans.com.ar\/wp-content\/uploads\/2023\/12\/foto-5-2.jpg 1000w, https:\/\/autofans.com.ar\/wp-content\/uploads\/2023\/12\/foto-5-2-300x200.jpg 300w, https:\/\/autofans.com.ar\/wp-content\/uploads\/2023\/12\/foto-5-2-768x512.jpg 768w\" sizes=\"(max-width: 1000px) 100vw, 1000px\" \/><\/p>\n<p>&nbsp;<\/p>\n<p>Con un precio de lista de USD 26.314, la KTM 350 EXC-F SIX DAYS ya est\u00e1 disponible en los concesionarios oficiales en Argentina. Los amantes de las dos ruedas y el off-road pueden disfrutar de esta edici\u00f3n especial, perfecta tanto para competiciones como para aventuras off-road.<\/p>\n<p>\u00bfListo para vivir la emoci\u00f3n sobre dos ruedas con un toque argentino?<\/p>\n<p>&nbsp;<\/p>\n<p>&nbsp;<\/p>\n<p><i>Para enterarte de m\u00e1s novedades, no dejes de leer\u00a0<\/i><a href=\"https:\/\/autofans.thebrandsoup.com\/\"><i>nuestras notas<\/i><\/a><i>, de ver<\/i><b><i>\u00a0<\/i><\/b><a href=\"https:\/\/www.youtube.com\/channel\/UCgAC8UGHZYbT6P7PpmVnP7g\"><b><i>AUTOFANS TV<\/i><\/b><\/a><b><i>\u00a0<\/i><\/b><i>en nuestro\u00a0canal de Youtube. Adem\u00e1s seguinos en\u00a0<\/i><a href=\"https:\/\/www.instagram.com\/autofanstv\/\"><i>INSTAGRAM<\/i><\/a><i> y <\/i><a href=\"https:\/\/www.facebook.com\/autofansmas\/\"><i>FACEBOOK<\/i><\/a><i> para no perderte nada sobre las novedades del segmento automotor de Argentina y el mundo.<\/i><\/p>\n","protected":false},"excerpt":{"rendered":"<p>KTM Argentina ha lanzado la versi\u00f3n especial de la KTM 350 EXC-F SIX DAYS, una&#8230;<\/p>\n","protected":false},"author":2,"featured_media":6019,"comment_status":"closed","ping_status":"closed","sticky":false,"template":"","format":"standard","meta":{"footnotes":""},"categories":[1,9],"tags":[3116,3120,3119,38,582,3117,1141,1233,246,2882,2758,247,1135,1134,3118],"class_list":["post-6014","post","type-post","status-publish","format-standard","has-post-thumbnail","hentry","category-lanzamientos","category-motos-lanzamientos","tag-350-exc-f-six-days","tag-accesorios-six-days","tag-amortiguador-pds-de-wp-xplor","tag-argentina","tag-aventura","tag-chasis-hidroformado","tag-dakar","tag-enduro","tag-grupo-simpa","tag-isde","tag-ktm","tag-motocicletas","tag-motor-monocilindrico","tag-off-road","tag-suspension-wp-xact"],"yoast_head":"<!-- This site is optimized with the Yoast SEO plugin v27.5 - https:\/\/yoast.com\/product\/yoast-seo-wordpress\/ -->\n<title>Con esp\u00edritu Argento, la nueva KTM 350 EXC-F &quot;SIX DAYS&quot; -<\/title>\n<meta name=\"description\" content=\"KTM Argentina lanza la versi\u00f3n de la KTM 350 EXC-F SIX DAYS, un homenaje a la &quot;97\u00aa edici\u00f3n del FIM &quot;International Six Days of Enduro&quot;...\" \/>\n<meta name=\"robots\" content=\"index, follow, max-snippet:-1, max-image-preview:large, max-video-preview:-1\" \/>\n<link rel=\"canonical\" href=\"https:\/\/autofans.com.ar\/index.php\/2023\/12\/05\/con-espiritu-argento-la-nueva-ktm-350-exc-f-six-days\/\" \/>\n<meta property=\"og:locale\" content=\"es_ES\" \/>\n<meta property=\"og:type\" content=\"article\" \/>\n<meta property=\"og:title\" content=\"Con esp\u00edritu Argento, la nueva KTM 350 EXC-F &quot;SIX DAYS&quot; -\" \/>\n<meta property=\"og:description\" content=\"KTM Argentina lanza la versi\u00f3n de la KTM 350 EXC-F SIX DAYS, un homenaje a la &quot;97\u00aa edici\u00f3n del FIM &quot;International Six Days of Enduro&quot;...\" \/>\n<meta property=\"og:url\" content=\"https:\/\/autofans.com.ar\/index.php\/2023\/12\/05\/con-espiritu-argento-la-nueva-ktm-350-exc-f-six-days\/\" \/>\n<meta property=\"article:published_time\" content=\"2023-12-05T21:35:24+00:00\" \/>\n<meta property=\"og:image\" content=\"https:\/\/autofans.com.ar\/wp-content\/uploads\/2023\/12\/foto-1-5.jpg\" \/>\n\t<meta property=\"og:image:width\" content=\"1000\" \/>\n\t<meta property=\"og:image:height\" content=\"667\" \/>\n\t<meta property=\"og:image:type\" content=\"image\/jpeg\" \/>\n<meta name=\"author\" content=\"Alejandro Gabriel Rosito\" \/>\n<meta name=\"twitter:card\" content=\"summary_large_image\" \/>\n<meta name=\"twitter:label1\" content=\"Escrito por\" \/>\n\t<meta name=\"twitter:data1\" content=\"Alejandro Gabriel Rosito\" \/>\n\t<meta name=\"twitter:label2\" content=\"Tiempo de lectura\" \/>\n\t<meta name=\"twitter:data2\" content=\"2 minutos\" \/>\n<script type=\"application\/ld+json\" class=\"yoast-schema-graph\">{\"@context\":\"https:\\\/\\\/schema.org\",\"@graph\":[{\"@type\":\"Article\",\"@id\":\"https:\\\/\\\/autofans.com.ar\\\/index.php\\\/2023\\\/12\\\/05\\\/con-espiritu-argento-la-nueva-ktm-350-exc-f-six-days\\\/#article\",\"isPartOf\":{\"@id\":\"https:\\\/\\\/autofans.com.ar\\\/index.php\\\/2023\\\/12\\\/05\\\/con-espiritu-argento-la-nueva-ktm-350-exc-f-six-days\\\/\"},\"author\":{\"name\":\"Alejandro Gabriel Rosito\",\"@id\":\"https:\\\/\\\/autofans.com.ar\\\/#\\\/schema\\\/person\\\/4a8dda0b6df83ac3d6723e921274c2aa\"},\"headline\":\"Con esp\u00edritu Argento, la nueva KTM 350 EXC-F \u00abSIX DAYS\u00bb\",\"datePublished\":\"2023-12-05T21:35:24+00:00\",\"mainEntityOfPage\":{\"@id\":\"https:\\\/\\\/autofans.com.ar\\\/index.php\\\/2023\\\/12\\\/05\\\/con-espiritu-argento-la-nueva-ktm-350-exc-f-six-days\\\/\"},\"wordCount\":385,\"image\":{\"@id\":\"https:\\\/\\\/autofans.com.ar\\\/index.php\\\/2023\\\/12\\\/05\\\/con-espiritu-argento-la-nueva-ktm-350-exc-f-six-days\\\/#primaryimage\"},\"thumbnailUrl\":\"https:\\\/\\\/autofans.com.ar\\\/wp-content\\\/uploads\\\/2023\\\/12\\\/foto-1-5.jpg\",\"keywords\":[\"350 EXC-F SIX DAYS\",\"accesorios SIX DAYS\",\"amortiguador PDS de WP XPLOR\",\"Argentina\",\"aventura\",\"chasis hidroformado\",\"Dakar\",\"enduro\",\"Grupo Simpa\",\"ISDE\",\"KTM\",\"motocicletas\",\"motor monocil\u00edndrico\",\"off-road\",\"suspensi\u00f3n WP XACT\"],\"articleSection\":[\"LANZAMIENTOS\",\"Motos\"],\"inLanguage\":\"es\"},{\"@type\":\"WebPage\",\"@id\":\"https:\\\/\\\/autofans.com.ar\\\/index.php\\\/2023\\\/12\\\/05\\\/con-espiritu-argento-la-nueva-ktm-350-exc-f-six-days\\\/\",\"url\":\"https:\\\/\\\/autofans.com.ar\\\/index.php\\\/2023\\\/12\\\/05\\\/con-espiritu-argento-la-nueva-ktm-350-exc-f-six-days\\\/\",\"name\":\"Con esp\u00edritu Argento, la nueva KTM 350 EXC-F \\\"SIX DAYS\\\" -\",\"isPartOf\":{\"@id\":\"https:\\\/\\\/autofans.com.ar\\\/#website\"},\"primaryImageOfPage\":{\"@id\":\"https:\\\/\\\/autofans.com.ar\\\/index.php\\\/2023\\\/12\\\/05\\\/con-espiritu-argento-la-nueva-ktm-350-exc-f-six-days\\\/#primaryimage\"},\"image\":{\"@id\":\"https:\\\/\\\/autofans.com.ar\\\/index.php\\\/2023\\\/12\\\/05\\\/con-espiritu-argento-la-nueva-ktm-350-exc-f-six-days\\\/#primaryimage\"},\"thumbnailUrl\":\"https:\\\/\\\/autofans.com.ar\\\/wp-content\\\/uploads\\\/2023\\\/12\\\/foto-1-5.jpg\",\"datePublished\":\"2023-12-05T21:35:24+00:00\",\"author\":{\"@id\":\"https:\\\/\\\/autofans.com.ar\\\/#\\\/schema\\\/person\\\/4a8dda0b6df83ac3d6723e921274c2aa\"},\"description\":\"KTM Argentina lanza la versi\u00f3n de la KTM 350 EXC-F SIX DAYS, un homenaje a la \\\"97\u00aa edici\u00f3n del FIM \\\"International Six Days of Enduro\\\"...\",\"breadcrumb\":{\"@id\":\"https:\\\/\\\/autofans.com.ar\\\/index.php\\\/2023\\\/12\\\/05\\\/con-espiritu-argento-la-nueva-ktm-350-exc-f-six-days\\\/#breadcrumb\"},\"inLanguage\":\"es\",\"potentialAction\":[{\"@type\":\"ReadAction\",\"target\":[\"https:\\\/\\\/autofans.com.ar\\\/index.php\\\/2023\\\/12\\\/05\\\/con-espiritu-argento-la-nueva-ktm-350-exc-f-six-days\\\/\"]}]},{\"@type\":\"ImageObject\",\"inLanguage\":\"es\",\"@id\":\"https:\\\/\\\/autofans.com.ar\\\/index.php\\\/2023\\\/12\\\/05\\\/con-espiritu-argento-la-nueva-ktm-350-exc-f-six-days\\\/#primaryimage\",\"url\":\"https:\\\/\\\/autofans.com.ar\\\/wp-content\\\/uploads\\\/2023\\\/12\\\/foto-1-5.jpg\",\"contentUrl\":\"https:\\\/\\\/autofans.com.ar\\\/wp-content\\\/uploads\\\/2023\\\/12\\\/foto-1-5.jpg\",\"width\":1000,\"height\":667,\"caption\":\"KTM 350 EXC-F\"},{\"@type\":\"BreadcrumbList\",\"@id\":\"https:\\\/\\\/autofans.com.ar\\\/index.php\\\/2023\\\/12\\\/05\\\/con-espiritu-argento-la-nueva-ktm-350-exc-f-six-days\\\/#breadcrumb\",\"itemListElement\":[{\"@type\":\"ListItem\",\"position\":1,\"name\":\"Inicio\",\"item\":\"https:\\\/\\\/autofans.com.ar\\\/\"},{\"@type\":\"ListItem\",\"position\":2,\"name\":\"Con esp\u00edritu Argento, la nueva KTM 350 EXC-F \u00abSIX DAYS\u00bb\"}]},{\"@type\":\"WebSite\",\"@id\":\"https:\\\/\\\/autofans.com.ar\\\/#website\",\"url\":\"https:\\\/\\\/autofans.com.ar\\\/\",\"name\":\"\",\"description\":\"El multimedio referente de la industria automotriz\",\"potentialAction\":[{\"@type\":\"SearchAction\",\"target\":{\"@type\":\"EntryPoint\",\"urlTemplate\":\"https:\\\/\\\/autofans.com.ar\\\/?s={search_term_string}\"},\"query-input\":{\"@type\":\"PropertyValueSpecification\",\"valueRequired\":true,\"valueName\":\"search_term_string\"}}],\"inLanguage\":\"es\"},{\"@type\":\"Person\",\"@id\":\"https:\\\/\\\/autofans.com.ar\\\/#\\\/schema\\\/person\\\/4a8dda0b6df83ac3d6723e921274c2aa\",\"name\":\"Alejandro Gabriel Rosito\",\"image\":{\"@type\":\"ImageObject\",\"inLanguage\":\"es\",\"@id\":\"https:\\\/\\\/secure.gravatar.com\\\/avatar\\\/16c5dda1489adfc62618084dcbb91cffd879c374b13fe5dd8e44ed6733852c88?s=96&d=mm&r=g\",\"url\":\"https:\\\/\\\/secure.gravatar.com\\\/avatar\\\/16c5dda1489adfc62618084dcbb91cffd879c374b13fe5dd8e44ed6733852c88?s=96&d=mm&r=g\",\"contentUrl\":\"https:\\\/\\\/secure.gravatar.com\\\/avatar\\\/16c5dda1489adfc62618084dcbb91cffd879c374b13fe5dd8e44ed6733852c88?s=96&d=mm&r=g\",\"caption\":\"Alejandro Gabriel Rosito\"},\"url\":\"https:\\\/\\\/autofans.com.ar\\\/index.php\\\/author\\\/gabrielr\\\/\"}]}<\/script>\n<!-- \/ Yoast SEO plugin. -->","yoast_head_json":{"title":"Con esp\u00edritu Argento, la nueva KTM 350 EXC-F \"SIX DAYS\" -","description":"KTM Argentina lanza la versi\u00f3n de la KTM 350 EXC-F SIX DAYS, un homenaje a la \"97\u00aa edici\u00f3n del FIM \"International Six Days of Enduro\"...","robots":{"index":"index","follow":"follow","max-snippet":"max-snippet:-1","max-image-preview":"max-image-preview:large","max-video-preview":"max-video-preview:-1"},"canonical":"https:\/\/autofans.com.ar\/index.php\/2023\/12\/05\/con-espiritu-argento-la-nueva-ktm-350-exc-f-six-days\/","og_locale":"es_ES","og_type":"article","og_title":"Con esp\u00edritu Argento, la nueva KTM 350 EXC-F \"SIX DAYS\" -","og_description":"KTM Argentina lanza la versi\u00f3n de la KTM 350 EXC-F SIX DAYS, un homenaje a la \"97\u00aa edici\u00f3n del FIM \"International Six Days of Enduro\"...","og_url":"https:\/\/autofans.com.ar\/index.php\/2023\/12\/05\/con-espiritu-argento-la-nueva-ktm-350-exc-f-six-days\/","article_published_time":"2023-12-05T21:35:24+00:00","og_image":[{"width":1000,"height":667,"url":"https:\/\/autofans.com.ar\/wp-content\/uploads\/2023\/12\/foto-1-5.jpg","type":"image\/jpeg"}],"author":"Alejandro Gabriel Rosito","twitter_card":"summary_large_image","twitter_misc":{"Escrito por":"Alejandro Gabriel Rosito","Tiempo de lectura":"2 minutos"},"schema":{"@context":"https:\/\/schema.org","@graph":[{"@type":"Article","@id":"https:\/\/autofans.com.ar\/index.php\/2023\/12\/05\/con-espiritu-argento-la-nueva-ktm-350-exc-f-six-days\/#article","isPartOf":{"@id":"https:\/\/autofans.com.ar\/index.php\/2023\/12\/05\/con-espiritu-argento-la-nueva-ktm-350-exc-f-six-days\/"},"author":{"name":"Alejandro Gabriel Rosito","@id":"https:\/\/autofans.com.ar\/#\/schema\/person\/4a8dda0b6df83ac3d6723e921274c2aa"},"headline":"Con esp\u00edritu Argento, la nueva KTM 350 EXC-F \u00abSIX DAYS\u00bb","datePublished":"2023-12-05T21:35:24+00:00","mainEntityOfPage":{"@id":"https:\/\/autofans.com.ar\/index.php\/2023\/12\/05\/con-espiritu-argento-la-nueva-ktm-350-exc-f-six-days\/"},"wordCount":385,"image":{"@id":"https:\/\/autofans.com.ar\/index.php\/2023\/12\/05\/con-espiritu-argento-la-nueva-ktm-350-exc-f-six-days\/#primaryimage"},"thumbnailUrl":"https:\/\/autofans.com.ar\/wp-content\/uploads\/2023\/12\/foto-1-5.jpg","keywords":["350 EXC-F SIX DAYS","accesorios SIX DAYS","amortiguador PDS de WP XPLOR","Argentina","aventura","chasis hidroformado","Dakar","enduro","Grupo Simpa","ISDE","KTM","motocicletas","motor monocil\u00edndrico","off-road","suspensi\u00f3n WP XACT"],"articleSection":["LANZAMIENTOS","Motos"],"inLanguage":"es"},{"@type":"WebPage","@id":"https:\/\/autofans.com.ar\/index.php\/2023\/12\/05\/con-espiritu-argento-la-nueva-ktm-350-exc-f-six-days\/","url":"https:\/\/autofans.com.ar\/index.php\/2023\/12\/05\/con-espiritu-argento-la-nueva-ktm-350-exc-f-six-days\/","name":"Con esp\u00edritu Argento, la nueva KTM 350 EXC-F \"SIX DAYS\" -","isPartOf":{"@id":"https:\/\/autofans.com.ar\/#website"},"primaryImageOfPage":{"@id":"https:\/\/autofans.com.ar\/index.php\/2023\/12\/05\/con-espiritu-argento-la-nueva-ktm-350-exc-f-six-days\/#primaryimage"},"image":{"@id":"https:\/\/autofans.com.ar\/index.php\/2023\/12\/05\/con-espiritu-argento-la-nueva-ktm-350-exc-f-six-days\/#primaryimage"},"thumbnailUrl":"https:\/\/autofans.com.ar\/wp-content\/uploads\/2023\/12\/foto-1-5.jpg","datePublished":"2023-12-05T21:35:24+00:00","author":{"@id":"https:\/\/autofans.com.ar\/#\/schema\/person\/4a8dda0b6df83ac3d6723e921274c2aa"},"description":"KTM Argentina lanza la versi\u00f3n de la KTM 350 EXC-F SIX DAYS, un homenaje a la \"97\u00aa edici\u00f3n del FIM \"International Six Days of Enduro\"...","breadcrumb":{"@id":"https:\/\/autofans.com.ar\/index.php\/2023\/12\/05\/con-espiritu-argento-la-nueva-ktm-350-exc-f-six-days\/#breadcrumb"},"inLanguage":"es","potentialAction":[{"@type":"ReadAction","target":["https:\/\/autofans.com.ar\/index.php\/2023\/12\/05\/con-espiritu-argento-la-nueva-ktm-350-exc-f-six-days\/"]}]},{"@type":"ImageObject","inLanguage":"es","@id":"https:\/\/autofans.com.ar\/index.php\/2023\/12\/05\/con-espiritu-argento-la-nueva-ktm-350-exc-f-six-days\/#primaryimage","url":"https:\/\/autofans.com.ar\/wp-content\/uploads\/2023\/12\/foto-1-5.jpg","contentUrl":"https:\/\/autofans.com.ar\/wp-content\/uploads\/2023\/12\/foto-1-5.jpg","width":1000,"height":667,"caption":"KTM 350 EXC-F"},{"@type":"BreadcrumbList","@id":"https:\/\/autofans.com.ar\/index.php\/2023\/12\/05\/con-espiritu-argento-la-nueva-ktm-350-exc-f-six-days\/#breadcrumb","itemListElement":[{"@type":"ListItem","position":1,"name":"Inicio","item":"https:\/\/autofans.com.ar\/"},{"@type":"ListItem","position":2,"name":"Con esp\u00edritu Argento, la nueva KTM 350 EXC-F \u00abSIX DAYS\u00bb"}]},{"@type":"WebSite","@id":"https:\/\/autofans.com.ar\/#website","url":"https:\/\/autofans.com.ar\/","name":"","description":"El multimedio referente de la industria automotriz","potentialAction":[{"@type":"SearchAction","target":{"@type":"EntryPoint","urlTemplate":"https:\/\/autofans.com.ar\/?s={search_term_string}"},"query-input":{"@type":"PropertyValueSpecification","valueRequired":true,"valueName":"search_term_string"}}],"inLanguage":"es"},{"@type":"Person","@id":"https:\/\/autofans.com.ar\/#\/schema\/person\/4a8dda0b6df83ac3d6723e921274c2aa","name":"Alejandro Gabriel Rosito","image":{"@type":"ImageObject","inLanguage":"es","@id":"https:\/\/secure.gravatar.com\/avatar\/16c5dda1489adfc62618084dcbb91cffd879c374b13fe5dd8e44ed6733852c88?s=96&d=mm&r=g","url":"https:\/\/secure.gravatar.com\/avatar\/16c5dda1489adfc62618084dcbb91cffd879c374b13fe5dd8e44ed6733852c88?s=96&d=mm&r=g","contentUrl":"https:\/\/secure.gravatar.com\/avatar\/16c5dda1489adfc62618084dcbb91cffd879c374b13fe5dd8e44ed6733852c88?s=96&d=mm&r=g","caption":"Alejandro Gabriel Rosito"},"url":"https:\/\/autofans.com.ar\/index.php\/author\/gabrielr\/"}]}},"featured_image_urls":{"full":["https:\/\/autofans.com.ar\/wp-content\/uploads\/2023\/12\/foto-1-5.jpg",1000,667,false],"thumbnail":["https:\/\/autofans.com.ar\/wp-content\/uploads\/2023\/12\/foto-1-5-150x150.jpg",150,150,true],"medium":["https:\/\/autofans.com.ar\/wp-content\/uploads\/2023\/12\/foto-1-5-300x200.jpg",300,200,true],"medium_large":["https:\/\/autofans.com.ar\/wp-content\/uploads\/2023\/12\/foto-1-5-768x512.jpg",640,427,true],"large":["https:\/\/autofans.com.ar\/wp-content\/uploads\/2023\/12\/foto-1-5.jpg",640,427,false],"1536x1536":["https:\/\/autofans.com.ar\/wp-content\/uploads\/2023\/12\/foto-1-5.jpg",1000,667,false],"2048x2048":["https:\/\/autofans.com.ar\/wp-content\/uploads\/2023\/12\/foto-1-5.jpg",1000,667,false],"covernews-featured":["https:\/\/autofans.com.ar\/wp-content\/uploads\/2023\/12\/foto-1-5.jpg",1000,667,false],"covernews-medium":["https:\/\/autofans.com.ar\/wp-content\/uploads\/2023\/12\/foto-1-5-540x340.jpg",540,340,true]},"author_info":{"display_name":"Alejandro Gabriel Rosito","author_link":"https:\/\/autofans.com.ar\/index.php\/author\/gabrielr\/"},"category_info":"<a href=\"https:\/\/autofans.com.ar\/index.php\/category\/lanzamientos\/\" rel=\"category tag\">LANZAMIENTOS<\/a> <a href=\"https:\/\/autofans.com.ar\/index.php\/category\/lanzamientos\/motos-lanzamientos\/\" rel=\"category tag\">Motos<\/a>","tag_info":"Motos","comment_count":0,"_links":{"self":[{"href":"https:\/\/autofans.com.ar\/index.php\/wp-json\/wp\/v2\/posts\/6014","targetHints":{"allow":["GET"]}}],"collection":[{"href":"https:\/\/autofans.com.ar\/index.php\/wp-json\/wp\/v2\/posts"}],"about":[{"href":"https:\/\/autofans.com.ar\/index.php\/wp-json\/wp\/v2\/types\/post"}],"author":[{"embeddable":true,"href":"https:\/\/autofans.com.ar\/index.php\/wp-json\/wp\/v2\/users\/2"}],"replies":[{"embeddable":true,"href":"https:\/\/autofans.com.ar\/index.php\/wp-json\/wp\/v2\/comments?post=6014"}],"version-history":[{"count":2,"href":"https:\/\/autofans.com.ar\/index.php\/wp-json\/wp\/v2\/posts\/6014\/revisions"}],"predecessor-version":[{"id":6021,"href":"https:\/\/autofans.com.ar\/index.php\/wp-json\/wp\/v2\/posts\/6014\/revisions\/6021"}],"wp:featuredmedia":[{"embeddable":true,"href":"https:\/\/autofans.com.ar\/index.php\/wp-json\/wp\/v2\/media\/6019"}],"wp:attachment":[{"href":"https:\/\/autofans.com.ar\/index.php\/wp-json\/wp\/v2\/media?parent=6014"}],"wp:term":[{"taxonomy":"category","embeddable":true,"href":"https:\/\/autofans.com.ar\/index.php\/wp-json\/wp\/v2\/categories?post=6014"},{"taxonomy":"post_tag","embeddable":true,"href":"https:\/\/autofans.com.ar\/index.php\/wp-json\/wp\/v2\/tags?post=6014"}],"curies":[{"name":"wp","href":"https:\/\/api.w.org\/{rel}","templated":true}]}}