{"id":6035,"date":"2023-12-06T18:30:15","date_gmt":"2023-12-06T21:30:15","guid":{"rendered":"https:\/\/autofans.com.ar\/?p=6035"},"modified":"2023-12-06T18:30:15","modified_gmt":"2023-12-06T21:30:15","slug":"iveco-group-se-une-a-la-iniciativa-global-de-sostenibilidad","status":"publish","type":"post","link":"https:\/\/autofans.com.ar\/index.php\/2023\/12\/06\/iveco-group-se-une-a-la-iniciativa-global-de-sostenibilidad\/","title":{"rendered":"Iveco Group se une a la iniciativa global de sostenibilidad"},"content":{"rendered":"<p>Iveco Group, l\u00edder en innovaci\u00f3n automotriz en Argentina, celebra la aprobaci\u00f3n de su solicitud de adhesi\u00f3n al Pacto Mundial de las Naciones Unidas. Este paso refuerza su compromiso con pr\u00e1cticas empresariales responsables y su contribuci\u00f3n a un futuro sostenible.<\/p>\n<p>&nbsp;<\/p>\n<h2>Iveco Group en acci\u00f3n<\/h2>\n<p>El Pacto Mundial, lanzado en el 2000, congrega a empresas de todo el mundo que buscan alinear sus operaciones con principios universalmente aceptados en \u00e1reas como derechos humanos, trabajo, medio ambiente y lucha contra la corrupci\u00f3n. Iveco Group se une a m\u00e1s de 18,000 empresas y 3,800 signatarios no empresariales de 160 pa\u00edses que impulsan iniciativas a nivel local.<\/p>\n<p>Este compromiso no solo responde a est\u00e1ndares internacionales, sino que tambi\u00e9n respalda los Objetivos de Desarrollo Sostenible (ODS) de la ONU. Iveco Group reafirma as\u00ed su intenci\u00f3n de generar un impacto positivo en la sociedad, consolidando su posici\u00f3n como referente en pr\u00e1cticas empresariales sostenibles.<\/p>\n<p>&nbsp;<\/p>\n<blockquote>\n<p style=\"text-align: center;\">Gerrit Marx, CEO de Iveco Group, coment\u00f3: \u00ab<em>Adherirse al Pacto Mundial de la ONU es un paso significativo para nosotros. Se alinea con nuestro prop\u00f3sito de ser un hogar de personas y marcas \u00fanicas que impulsan su negocio y misi\u00f3n para avanzar hacia una sociedad m\u00e1s sostenible. Estamos orgullosos de comprometernos con los principios universales del Pacto Mundial de las Naciones Unidas y de seguir contribuyendo activamente a la consecuci\u00f3n colectiva de los Objetivos Globales a trav\u00e9s de nuestros esfuerzos medioambientales, sociales y de gobernanza dentro de la industria de la movilidad\u00bb<\/em>.<\/p>\n<\/blockquote>\n<p>&nbsp;<\/p>\n<p>La adhesi\u00f3n al Pacto Mundial de las Naciones Unidas representa un hito para Iveco Group, respaldando su misi\u00f3n de liderazgo voluntario en pr\u00e1cticas responsables. Este paso no solo demuestra su compromiso con la sostenibilidad, sino que tambi\u00e9n refleja la b\u00fasqueda de un impacto positivo en la sociedad.<\/p>\n<p>&nbsp;<\/p>\n<p>&nbsp;<\/p>\n<p><i>Para enterarte de m\u00e1s novedades, no dejes de leer\u00a0<\/i><a href=\"https:\/\/autofans.thebrandsoup.com\/\"><i>nuestras notas<\/i><\/a><i>, de ver<\/i><b><i>\u00a0<\/i><\/b><a href=\"https:\/\/www.youtube.com\/channel\/UCgAC8UGHZYbT6P7PpmVnP7g\"><b><i>AUTOFANS TV<\/i><\/b><\/a><b><i>\u00a0<\/i><\/b><i>en nuestro\u00a0canal de Youtube. Adem\u00e1s seguinos en\u00a0<\/i><a href=\"https:\/\/www.instagram.com\/autofanstv\/\"><i>INSTAGRAM<\/i><\/a><i> y <\/i><a href=\"https:\/\/www.facebook.com\/autofansmas\/\"><i>FACEBOOK<\/i><\/a><i> para no perderte nada sobre las novedades del segmento automotor de Argentina y el mundo.<\/i><\/p>\n","protected":false},"excerpt":{"rendered":"<p>Iveco Group, l\u00edder en innovaci\u00f3n automotriz en Argentina, celebra la aprobaci\u00f3n de su solicitud de&#8230;<\/p>\n","protected":false},"author":2,"featured_media":6036,"comment_status":"closed","ping_status":"closed","sticky":false,"template":"","format":"standard","meta":{"footnotes":""},"categories":[6,16],"tags":[38,1566,1739,819,3133,3132,3130,3134,3131],"class_list":["post-6035","post","type-post","status-publish","format-standard","has-post-thumbnail","hentry","category-bizstyle","category-noticias","tag-argentina","tag-compromiso-social","tag-impacto-positivo","tag-iveco-group","tag-liderazgo-empresarial","tag-ods","tag-pacto-mundial-de-las-naciones-unidas","tag-practicas-responsables","tag-sostenibilidad-empresarial"],"yoast_head":"<!-- This site is optimized with the Yoast SEO plugin v27.5 - https:\/\/yoast.com\/product\/yoast-seo-wordpress\/ -->\n<title>Iveco Group se une a la iniciativa global de sostenibilidad -<\/title>\n<meta name=\"description\" content=\"Iveco Group, l\u00edder en innovaci\u00f3n automotriz, celebra la aprobaci\u00f3n de su solicitud de adhesi\u00f3n al Pacto Mundial de las Naciones Unidas...\" \/>\n<meta name=\"robots\" content=\"index, follow, max-snippet:-1, max-image-preview:large, max-video-preview:-1\" \/>\n<link rel=\"canonical\" href=\"https:\/\/autofans.com.ar\/index.php\/2023\/12\/06\/iveco-group-se-une-a-la-iniciativa-global-de-sostenibilidad\/\" \/>\n<meta property=\"og:locale\" content=\"es_ES\" \/>\n<meta property=\"og:type\" content=\"article\" \/>\n<meta property=\"og:title\" content=\"Iveco Group se une a la iniciativa global de sostenibilidad -\" \/>\n<meta property=\"og:description\" content=\"Iveco Group, l\u00edder en innovaci\u00f3n automotriz, celebra la aprobaci\u00f3n de su solicitud de adhesi\u00f3n al Pacto Mundial de las Naciones Unidas...\" \/>\n<meta property=\"og:url\" content=\"https:\/\/autofans.com.ar\/index.php\/2023\/12\/06\/iveco-group-se-une-a-la-iniciativa-global-de-sostenibilidad\/\" \/>\n<meta property=\"article:published_time\" content=\"2023-12-06T21:30:15+00:00\" \/>\n<meta property=\"og:image\" content=\"https:\/\/autofans.com.ar\/wp-content\/uploads\/2023\/12\/foto-1-8.jpg\" \/>\n\t<meta property=\"og:image:width\" content=\"1000\" \/>\n\t<meta property=\"og:image:height\" content=\"667\" \/>\n\t<meta property=\"og:image:type\" content=\"image\/jpeg\" \/>\n<meta name=\"author\" content=\"Alejandro Gabriel Rosito\" \/>\n<meta name=\"twitter:card\" content=\"summary_large_image\" \/>\n<meta name=\"twitter:label1\" content=\"Escrito por\" \/>\n\t<meta name=\"twitter:data1\" content=\"Alejandro Gabriel Rosito\" \/>\n\t<meta name=\"twitter:label2\" content=\"Tiempo de lectura\" \/>\n\t<meta name=\"twitter:data2\" content=\"2 minutos\" \/>\n<script type=\"application\/ld+json\" class=\"yoast-schema-graph\">{\"@context\":\"https:\\\/\\\/schema.org\",\"@graph\":[{\"@type\":\"Article\",\"@id\":\"https:\\\/\\\/autofans.com.ar\\\/index.php\\\/2023\\\/12\\\/06\\\/iveco-group-se-une-a-la-iniciativa-global-de-sostenibilidad\\\/#article\",\"isPartOf\":{\"@id\":\"https:\\\/\\\/autofans.com.ar\\\/index.php\\\/2023\\\/12\\\/06\\\/iveco-group-se-une-a-la-iniciativa-global-de-sostenibilidad\\\/\"},\"author\":{\"name\":\"Alejandro Gabriel Rosito\",\"@id\":\"https:\\\/\\\/autofans.com.ar\\\/#\\\/schema\\\/person\\\/4a8dda0b6df83ac3d6723e921274c2aa\"},\"headline\":\"Iveco Group se une a la iniciativa global de sostenibilidad\",\"datePublished\":\"2023-12-06T21:30:15+00:00\",\"mainEntityOfPage\":{\"@id\":\"https:\\\/\\\/autofans.com.ar\\\/index.php\\\/2023\\\/12\\\/06\\\/iveco-group-se-une-a-la-iniciativa-global-de-sostenibilidad\\\/\"},\"wordCount\":364,\"image\":{\"@id\":\"https:\\\/\\\/autofans.com.ar\\\/index.php\\\/2023\\\/12\\\/06\\\/iveco-group-se-une-a-la-iniciativa-global-de-sostenibilidad\\\/#primaryimage\"},\"thumbnailUrl\":\"https:\\\/\\\/autofans.com.ar\\\/wp-content\\\/uploads\\\/2023\\\/12\\\/foto-1-8.jpg\",\"keywords\":[\"Argentina\",\"compromiso social\",\"impacto positivo\",\"Iveco Group\",\"liderazgo empresarial\",\"ODS\",\"Pacto Mundial de las Naciones Unidas\",\"pr\u00e1cticas responsables\",\"sostenibilidad empresarial\"],\"articleSection\":[\"BIZSTYLE\",\"NOTICIAS\"],\"inLanguage\":\"es\"},{\"@type\":\"WebPage\",\"@id\":\"https:\\\/\\\/autofans.com.ar\\\/index.php\\\/2023\\\/12\\\/06\\\/iveco-group-se-une-a-la-iniciativa-global-de-sostenibilidad\\\/\",\"url\":\"https:\\\/\\\/autofans.com.ar\\\/index.php\\\/2023\\\/12\\\/06\\\/iveco-group-se-une-a-la-iniciativa-global-de-sostenibilidad\\\/\",\"name\":\"Iveco Group se une a la iniciativa global de sostenibilidad -\",\"isPartOf\":{\"@id\":\"https:\\\/\\\/autofans.com.ar\\\/#website\"},\"primaryImageOfPage\":{\"@id\":\"https:\\\/\\\/autofans.com.ar\\\/index.php\\\/2023\\\/12\\\/06\\\/iveco-group-se-une-a-la-iniciativa-global-de-sostenibilidad\\\/#primaryimage\"},\"image\":{\"@id\":\"https:\\\/\\\/autofans.com.ar\\\/index.php\\\/2023\\\/12\\\/06\\\/iveco-group-se-une-a-la-iniciativa-global-de-sostenibilidad\\\/#primaryimage\"},\"thumbnailUrl\":\"https:\\\/\\\/autofans.com.ar\\\/wp-content\\\/uploads\\\/2023\\\/12\\\/foto-1-8.jpg\",\"datePublished\":\"2023-12-06T21:30:15+00:00\",\"author\":{\"@id\":\"https:\\\/\\\/autofans.com.ar\\\/#\\\/schema\\\/person\\\/4a8dda0b6df83ac3d6723e921274c2aa\"},\"description\":\"Iveco Group, l\u00edder en innovaci\u00f3n automotriz, celebra la aprobaci\u00f3n de su solicitud de adhesi\u00f3n al Pacto Mundial de las Naciones Unidas...\",\"breadcrumb\":{\"@id\":\"https:\\\/\\\/autofans.com.ar\\\/index.php\\\/2023\\\/12\\\/06\\\/iveco-group-se-une-a-la-iniciativa-global-de-sostenibilidad\\\/#breadcrumb\"},\"inLanguage\":\"es\",\"potentialAction\":[{\"@type\":\"ReadAction\",\"target\":[\"https:\\\/\\\/autofans.com.ar\\\/index.php\\\/2023\\\/12\\\/06\\\/iveco-group-se-une-a-la-iniciativa-global-de-sostenibilidad\\\/\"]}]},{\"@type\":\"ImageObject\",\"inLanguage\":\"es\",\"@id\":\"https:\\\/\\\/autofans.com.ar\\\/index.php\\\/2023\\\/12\\\/06\\\/iveco-group-se-une-a-la-iniciativa-global-de-sostenibilidad\\\/#primaryimage\",\"url\":\"https:\\\/\\\/autofans.com.ar\\\/wp-content\\\/uploads\\\/2023\\\/12\\\/foto-1-8.jpg\",\"contentUrl\":\"https:\\\/\\\/autofans.com.ar\\\/wp-content\\\/uploads\\\/2023\\\/12\\\/foto-1-8.jpg\",\"width\":1000,\"height\":667,\"caption\":\"Iveco Group\"},{\"@type\":\"BreadcrumbList\",\"@id\":\"https:\\\/\\\/autofans.com.ar\\\/index.php\\\/2023\\\/12\\\/06\\\/iveco-group-se-une-a-la-iniciativa-global-de-sostenibilidad\\\/#breadcrumb\",\"itemListElement\":[{\"@type\":\"ListItem\",\"position\":1,\"name\":\"Inicio\",\"item\":\"https:\\\/\\\/autofans.com.ar\\\/\"},{\"@type\":\"ListItem\",\"position\":2,\"name\":\"Iveco Group se une a la iniciativa global de sostenibilidad\"}]},{\"@type\":\"WebSite\",\"@id\":\"https:\\\/\\\/autofans.com.ar\\\/#website\",\"url\":\"https:\\\/\\\/autofans.com.ar\\\/\",\"name\":\"\",\"description\":\"El multimedio referente de la industria automotriz\",\"potentialAction\":[{\"@type\":\"SearchAction\",\"target\":{\"@type\":\"EntryPoint\",\"urlTemplate\":\"https:\\\/\\\/autofans.com.ar\\\/?s={search_term_string}\"},\"query-input\":{\"@type\":\"PropertyValueSpecification\",\"valueRequired\":true,\"valueName\":\"search_term_string\"}}],\"inLanguage\":\"es\"},{\"@type\":\"Person\",\"@id\":\"https:\\\/\\\/autofans.com.ar\\\/#\\\/schema\\\/person\\\/4a8dda0b6df83ac3d6723e921274c2aa\",\"name\":\"Alejandro Gabriel Rosito\",\"image\":{\"@type\":\"ImageObject\",\"inLanguage\":\"es\",\"@id\":\"https:\\\/\\\/secure.gravatar.com\\\/avatar\\\/16c5dda1489adfc62618084dcbb91cffd879c374b13fe5dd8e44ed6733852c88?s=96&d=mm&r=g\",\"url\":\"https:\\\/\\\/secure.gravatar.com\\\/avatar\\\/16c5dda1489adfc62618084dcbb91cffd879c374b13fe5dd8e44ed6733852c88?s=96&d=mm&r=g\",\"contentUrl\":\"https:\\\/\\\/secure.gravatar.com\\\/avatar\\\/16c5dda1489adfc62618084dcbb91cffd879c374b13fe5dd8e44ed6733852c88?s=96&d=mm&r=g\",\"caption\":\"Alejandro Gabriel Rosito\"},\"url\":\"https:\\\/\\\/autofans.com.ar\\\/index.php\\\/author\\\/gabrielr\\\/\"}]}<\/script>\n<!-- \/ Yoast SEO plugin. -->","yoast_head_json":{"title":"Iveco Group se une a la iniciativa global de sostenibilidad -","description":"Iveco Group, l\u00edder en innovaci\u00f3n automotriz, celebra la aprobaci\u00f3n de su solicitud de adhesi\u00f3n al Pacto Mundial de las Naciones Unidas...","robots":{"index":"index","follow":"follow","max-snippet":"max-snippet:-1","max-image-preview":"max-image-preview:large","max-video-preview":"max-video-preview:-1"},"canonical":"https:\/\/autofans.com.ar\/index.php\/2023\/12\/06\/iveco-group-se-une-a-la-iniciativa-global-de-sostenibilidad\/","og_locale":"es_ES","og_type":"article","og_title":"Iveco Group se une a la iniciativa global de sostenibilidad -","og_description":"Iveco Group, l\u00edder en innovaci\u00f3n automotriz, celebra la aprobaci\u00f3n de su solicitud de adhesi\u00f3n al Pacto Mundial de las Naciones Unidas...","og_url":"https:\/\/autofans.com.ar\/index.php\/2023\/12\/06\/iveco-group-se-une-a-la-iniciativa-global-de-sostenibilidad\/","article_published_time":"2023-12-06T21:30:15+00:00","og_image":[{"width":1000,"height":667,"url":"https:\/\/autofans.com.ar\/wp-content\/uploads\/2023\/12\/foto-1-8.jpg","type":"image\/jpeg"}],"author":"Alejandro Gabriel Rosito","twitter_card":"summary_large_image","twitter_misc":{"Escrito por":"Alejandro Gabriel Rosito","Tiempo de lectura":"2 minutos"},"schema":{"@context":"https:\/\/schema.org","@graph":[{"@type":"Article","@id":"https:\/\/autofans.com.ar\/index.php\/2023\/12\/06\/iveco-group-se-une-a-la-iniciativa-global-de-sostenibilidad\/#article","isPartOf":{"@id":"https:\/\/autofans.com.ar\/index.php\/2023\/12\/06\/iveco-group-se-une-a-la-iniciativa-global-de-sostenibilidad\/"},"author":{"name":"Alejandro Gabriel Rosito","@id":"https:\/\/autofans.com.ar\/#\/schema\/person\/4a8dda0b6df83ac3d6723e921274c2aa"},"headline":"Iveco Group se une a la iniciativa global de sostenibilidad","datePublished":"2023-12-06T21:30:15+00:00","mainEntityOfPage":{"@id":"https:\/\/autofans.com.ar\/index.php\/2023\/12\/06\/iveco-group-se-une-a-la-iniciativa-global-de-sostenibilidad\/"},"wordCount":364,"image":{"@id":"https:\/\/autofans.com.ar\/index.php\/2023\/12\/06\/iveco-group-se-une-a-la-iniciativa-global-de-sostenibilidad\/#primaryimage"},"thumbnailUrl":"https:\/\/autofans.com.ar\/wp-content\/uploads\/2023\/12\/foto-1-8.jpg","keywords":["Argentina","compromiso social","impacto positivo","Iveco Group","liderazgo empresarial","ODS","Pacto Mundial de las Naciones Unidas","pr\u00e1cticas responsables","sostenibilidad empresarial"],"articleSection":["BIZSTYLE","NOTICIAS"],"inLanguage":"es"},{"@type":"WebPage","@id":"https:\/\/autofans.com.ar\/index.php\/2023\/12\/06\/iveco-group-se-une-a-la-iniciativa-global-de-sostenibilidad\/","url":"https:\/\/autofans.com.ar\/index.php\/2023\/12\/06\/iveco-group-se-une-a-la-iniciativa-global-de-sostenibilidad\/","name":"Iveco Group se une a la iniciativa global de sostenibilidad -","isPartOf":{"@id":"https:\/\/autofans.com.ar\/#website"},"primaryImageOfPage":{"@id":"https:\/\/autofans.com.ar\/index.php\/2023\/12\/06\/iveco-group-se-une-a-la-iniciativa-global-de-sostenibilidad\/#primaryimage"},"image":{"@id":"https:\/\/autofans.com.ar\/index.php\/2023\/12\/06\/iveco-group-se-une-a-la-iniciativa-global-de-sostenibilidad\/#primaryimage"},"thumbnailUrl":"https:\/\/autofans.com.ar\/wp-content\/uploads\/2023\/12\/foto-1-8.jpg","datePublished":"2023-12-06T21:30:15+00:00","author":{"@id":"https:\/\/autofans.com.ar\/#\/schema\/person\/4a8dda0b6df83ac3d6723e921274c2aa"},"description":"Iveco Group, l\u00edder en innovaci\u00f3n automotriz, celebra la aprobaci\u00f3n de su solicitud de adhesi\u00f3n al Pacto Mundial de las Naciones Unidas...","breadcrumb":{"@id":"https:\/\/autofans.com.ar\/index.php\/2023\/12\/06\/iveco-group-se-une-a-la-iniciativa-global-de-sostenibilidad\/#breadcrumb"},"inLanguage":"es","potentialAction":[{"@type":"ReadAction","target":["https:\/\/autofans.com.ar\/index.php\/2023\/12\/06\/iveco-group-se-une-a-la-iniciativa-global-de-sostenibilidad\/"]}]},{"@type":"ImageObject","inLanguage":"es","@id":"https:\/\/autofans.com.ar\/index.php\/2023\/12\/06\/iveco-group-se-une-a-la-iniciativa-global-de-sostenibilidad\/#primaryimage","url":"https:\/\/autofans.com.ar\/wp-content\/uploads\/2023\/12\/foto-1-8.jpg","contentUrl":"https:\/\/autofans.com.ar\/wp-content\/uploads\/2023\/12\/foto-1-8.jpg","width":1000,"height":667,"caption":"Iveco Group"},{"@type":"BreadcrumbList","@id":"https:\/\/autofans.com.ar\/index.php\/2023\/12\/06\/iveco-group-se-une-a-la-iniciativa-global-de-sostenibilidad\/#breadcrumb","itemListElement":[{"@type":"ListItem","position":1,"name":"Inicio","item":"https:\/\/autofans.com.ar\/"},{"@type":"ListItem","position":2,"name":"Iveco Group se une a la iniciativa global de sostenibilidad"}]},{"@type":"WebSite","@id":"https:\/\/autofans.com.ar\/#website","url":"https:\/\/autofans.com.ar\/","name":"","description":"El multimedio referente de la industria automotriz","potentialAction":[{"@type":"SearchAction","target":{"@type":"EntryPoint","urlTemplate":"https:\/\/autofans.com.ar\/?s={search_term_string}"},"query-input":{"@type":"PropertyValueSpecification","valueRequired":true,"valueName":"search_term_string"}}],"inLanguage":"es"},{"@type":"Person","@id":"https:\/\/autofans.com.ar\/#\/schema\/person\/4a8dda0b6df83ac3d6723e921274c2aa","name":"Alejandro Gabriel Rosito","image":{"@type":"ImageObject","inLanguage":"es","@id":"https:\/\/secure.gravatar.com\/avatar\/16c5dda1489adfc62618084dcbb91cffd879c374b13fe5dd8e44ed6733852c88?s=96&d=mm&r=g","url":"https:\/\/secure.gravatar.com\/avatar\/16c5dda1489adfc62618084dcbb91cffd879c374b13fe5dd8e44ed6733852c88?s=96&d=mm&r=g","contentUrl":"https:\/\/secure.gravatar.com\/avatar\/16c5dda1489adfc62618084dcbb91cffd879c374b13fe5dd8e44ed6733852c88?s=96&d=mm&r=g","caption":"Alejandro Gabriel Rosito"},"url":"https:\/\/autofans.com.ar\/index.php\/author\/gabrielr\/"}]}},"featured_image_urls":{"full":["https:\/\/autofans.com.ar\/wp-content\/uploads\/2023\/12\/foto-1-8.jpg",1000,667,false],"thumbnail":["https:\/\/autofans.com.ar\/wp-content\/uploads\/2023\/12\/foto-1-8-150x150.jpg",150,150,true],"medium":["https:\/\/autofans.com.ar\/wp-content\/uploads\/2023\/12\/foto-1-8-300x200.jpg",300,200,true],"medium_large":["https:\/\/autofans.com.ar\/wp-content\/uploads\/2023\/12\/foto-1-8-768x512.jpg",640,427,true],"large":["https:\/\/autofans.com.ar\/wp-content\/uploads\/2023\/12\/foto-1-8.jpg",640,427,false],"1536x1536":["https:\/\/autofans.com.ar\/wp-content\/uploads\/2023\/12\/foto-1-8.jpg",1000,667,false],"2048x2048":["https:\/\/autofans.com.ar\/wp-content\/uploads\/2023\/12\/foto-1-8.jpg",1000,667,false],"covernews-featured":["https:\/\/autofans.com.ar\/wp-content\/uploads\/2023\/12\/foto-1-8.jpg",1000,667,false],"covernews-medium":["https:\/\/autofans.com.ar\/wp-content\/uploads\/2023\/12\/foto-1-8-540x340.jpg",540,340,true]},"author_info":{"display_name":"Alejandro Gabriel Rosito","author_link":"https:\/\/autofans.com.ar\/index.php\/author\/gabrielr\/"},"category_info":"<a href=\"https:\/\/autofans.com.ar\/index.php\/category\/noticias\/bizstyle\/\" rel=\"category tag\">BIZSTYLE<\/a> <a href=\"https:\/\/autofans.com.ar\/index.php\/category\/noticias\/\" rel=\"category tag\">NOTICIAS<\/a>","tag_info":"NOTICIAS","comment_count":0,"_links":{"self":[{"href":"https:\/\/autofans.com.ar\/index.php\/wp-json\/wp\/v2\/posts\/6035","targetHints":{"allow":["GET"]}}],"collection":[{"href":"https:\/\/autofans.com.ar\/index.php\/wp-json\/wp\/v2\/posts"}],"about":[{"href":"https:\/\/autofans.com.ar\/index.php\/wp-json\/wp\/v2\/types\/post"}],"author":[{"embeddable":true,"href":"https:\/\/autofans.com.ar\/index.php\/wp-json\/wp\/v2\/users\/2"}],"replies":[{"embeddable":true,"href":"https:\/\/autofans.com.ar\/index.php\/wp-json\/wp\/v2\/comments?post=6035"}],"version-history":[{"count":1,"href":"https:\/\/autofans.com.ar\/index.php\/wp-json\/wp\/v2\/posts\/6035\/revisions"}],"predecessor-version":[{"id":6037,"href":"https:\/\/autofans.com.ar\/index.php\/wp-json\/wp\/v2\/posts\/6035\/revisions\/6037"}],"wp:featuredmedia":[{"embeddable":true,"href":"https:\/\/autofans.com.ar\/index.php\/wp-json\/wp\/v2\/media\/6036"}],"wp:attachment":[{"href":"https:\/\/autofans.com.ar\/index.php\/wp-json\/wp\/v2\/media?parent=6035"}],"wp:term":[{"taxonomy":"category","embeddable":true,"href":"https:\/\/autofans.com.ar\/index.php\/wp-json\/wp\/v2\/categories?post=6035"},{"taxonomy":"post_tag","embeddable":true,"href":"https:\/\/autofans.com.ar\/index.php\/wp-json\/wp\/v2\/tags?post=6035"}],"curies":[{"name":"wp","href":"https:\/\/api.w.org\/{rel}","templated":true}]}}