{"id":6038,"date":"2023-12-07T14:04:43","date_gmt":"2023-12-07T17:04:43","guid":{"rendered":"https:\/\/autofans.com.ar\/?p=6038"},"modified":"2023-12-07T14:04:43","modified_gmt":"2023-12-07T17:04:43","slug":"bmw-motorrad-festejo-100-anos-en-argentina","status":"publish","type":"post","link":"https:\/\/autofans.com.ar\/index.php\/2023\/12\/07\/bmw-motorrad-festejo-100-anos-en-argentina\/","title":{"rendered":"BMW Motorrad festej\u00f3 100 a\u00f1os en Argentina"},"content":{"rendered":"<p>En el pintoresco predio del Enduro Park, BMW Motorrad celebr\u00f3 con entusiasmo y camarader\u00eda sus 100 a\u00f1os de trayectoria en Argentina. M\u00e1s de 450 apasionados usuarios y fan\u00e1ticos de la marca se congregaron para festejar en un evento que destac\u00f3 por la exposici\u00f3n de modelos cl\u00e1sicos y actuales, cl\u00ednicas especializadas, exhibiciones de manejo, pruebas en pista y la presentaci\u00f3n local de la R 18 100 Years.<\/p>\n<p>&nbsp;<\/p>\n<h2>Jornada \u00fanica en la celebraci\u00f3n de BMW<\/h2>\n<p>El Enduro Park se convirti\u00f3 en el escenario perfecto para conmemorar el centenario de BMW Motorrad. Los participantes, llegados en caravanas organizadas por concesionarios locales, disfrutaron de una jornada \u00fanica rodeados de motos de todas las \u00e9pocas.<\/p>\n<p>&nbsp;<\/p>\n<p><img fetchpriority=\"high\" decoding=\"async\" class=\"aligncenter wp-image-6039 size-full\" src=\"https:\/\/autofans.com.ar\/wp-content\/uploads\/2023\/12\/foto-3-6.jpg\" alt=\"BMW Motorrad\" width=\"1000\" height=\"667\" srcset=\"https:\/\/autofans.com.ar\/wp-content\/uploads\/2023\/12\/foto-3-6.jpg 1000w, https:\/\/autofans.com.ar\/wp-content\/uploads\/2023\/12\/foto-3-6-300x200.jpg 300w, https:\/\/autofans.com.ar\/wp-content\/uploads\/2023\/12\/foto-3-6-768x512.jpg 768w\" sizes=\"(max-width: 1000px) 100vw, 1000px\" \/><\/p>\n<p>&nbsp;<\/p>\n<p>Tras la acreditaci\u00f3n, los asistentes fueron recibidos por una exposici\u00f3n de modelos ic\u00f3nicos, destacando la BMW R 32 de 1923, la moto inaugural con motor b\u00f3xer y transmisi\u00f3n card\u00e1nica. Tambi\u00e9n se exhibieron joyas como la BMW R 80 G\/S Paris-Dakar y cl\u00e1sicos de la l\u00ednea Gel\u00e4nde\/Stra\u00dfe: BMW R 100 GS de 1981 y BMW R 1150 GS Adventure de 2003.<\/p>\n<p>&nbsp;<\/p>\n<h2>BMW Motorrad &#8211; charlas t\u00e9cnicas y demostraciones<\/h2>\n<p>El line up actual de BMW Motorrad comparti\u00f3 espacio con la exclusiva BMW R 18 100 Years, un modelo conmemorativo de edici\u00f3n limitada presentado antes de su lanzamiento oficial en el pa\u00eds. Mientras la tarde avanzaba, los asistentes disfrutaron de m\u00fasica en vivo y gastronom\u00eda de alta calidad, acompa\u00f1ados de servicios gratuitos de barber\u00eda y peluquer\u00eda. Adem\u00e1s, charlas t\u00e9cnicas ofrecieron informaci\u00f3n valiosa sobre mec\u00e1nica ligera para viajes, t\u00e9cnicas de control y conducci\u00f3n off-road, y la historia del concepto GS. Instructores certificados realizaron demostraciones din\u00e1micas a bordo de una BMW R 1250 GS Adventure.<\/p>\n<p>&nbsp;<\/p>\n<p><img decoding=\"async\" class=\"aligncenter wp-image-6041 size-full\" src=\"https:\/\/autofans.com.ar\/wp-content\/uploads\/2023\/12\/foto-1-9.jpg\" alt=\"BMW Motorrad\" width=\"1000\" height=\"667\" srcset=\"https:\/\/autofans.com.ar\/wp-content\/uploads\/2023\/12\/foto-1-9.jpg 1000w, https:\/\/autofans.com.ar\/wp-content\/uploads\/2023\/12\/foto-1-9-300x200.jpg 300w, https:\/\/autofans.com.ar\/wp-content\/uploads\/2023\/12\/foto-1-9-768x512.jpg 768w\" sizes=\"(max-width: 1000px) 100vw, 1000px\" \/><\/p>\n<p>&nbsp;<\/p>\n<p>As\u00ed, <a href=\"https:\/\/autofans.com.ar\/index.php\/2023\/09\/14\/nuevas-bmw-f-900-gs-f-900-gs-adventure-y-f-800-gs\/\" target=\"_blank\" rel=\"noopener\">BMW Motorrad<\/a> conmemor\u00f3 junto a sus usuarios argentinos sus 100 a\u00f1os de \u00e9xito en la producci\u00f3n de motocicletas. El evento brind\u00f3 a todos la oportunidad de vivir un fin de semana inolvidable sobre dos ruedas, reforzando el lazo entre la marca y sus apasionados seguidores.<\/p>\n<p>&nbsp;<\/p>\n<p>&nbsp;<\/p>\n<p><i>Para enterarte de m\u00e1s novedades, no dejes de leer\u00a0<\/i><a href=\"https:\/\/autofans.thebrandsoup.com\/\"><i>nuestras notas<\/i><\/a><i>, de ver<\/i><b><i>\u00a0<\/i><\/b><a href=\"https:\/\/www.youtube.com\/channel\/UCgAC8UGHZYbT6P7PpmVnP7g\"><b><i>AUTOFANS TV<\/i><\/b><\/a><b><i>\u00a0<\/i><\/b><i>en nuestro\u00a0canal de Youtube. Adem\u00e1s seguinos en\u00a0<\/i><a href=\"https:\/\/www.instagram.com\/autofanstv\/\"><i>INSTAGRAM<\/i><\/a><i> y <\/i><a href=\"https:\/\/www.facebook.com\/autofansmas\/\"><i>FACEBOOK<\/i><\/a><i> para no perderte nada sobre las novedades del segmento automotor de Argentina y el mundo.<\/i><\/p>\n","protected":false},"excerpt":{"rendered":"<p>En el pintoresco predio del Enduro Park, BMW Motorrad celebr\u00f3 con entusiasmo y camarader\u00eda sus&#8230;<\/p>\n","protected":false},"author":2,"featured_media":6040,"comment_status":"closed","ping_status":"closed","sticky":false,"template":"","format":"standard","meta":{"footnotes":""},"categories":[4,16],"tags":[1159,3140,945,3139,3138,3137,3136,3135],"class_list":["post-6038","post","type-post","status-publish","format-standard","has-post-thumbnail","hentry","category-motos","category-noticias","tag-bmw-motorrad","tag-celebracion-centenaria","tag-centenario","tag-enduro-park-argentina","tag-evento-motocicletas","tag-historia-de-bmw","tag-motos-bmw","tag-r-18-100-years"],"yoast_head":"<!-- This site is optimized with the Yoast SEO plugin v27.5 - https:\/\/yoast.com\/product\/yoast-seo-wordpress\/ -->\n<title>BMW Motorrad festej\u00f3 100 a\u00f1os en Argentina -<\/title>\n<meta name=\"description\" content=\"En el pintoresco predio del Enduro Park, BMW Motorrad celebr\u00f3 con entusiasmo y camarader\u00eda sus 100 a\u00f1os de trayectoria en Argentina...\" \/>\n<meta name=\"robots\" content=\"index, follow, max-snippet:-1, max-image-preview:large, max-video-preview:-1\" \/>\n<link rel=\"canonical\" href=\"https:\/\/autofans.com.ar\/index.php\/2023\/12\/07\/bmw-motorrad-festejo-100-anos-en-argentina\/\" \/>\n<meta property=\"og:locale\" content=\"es_ES\" \/>\n<meta property=\"og:type\" content=\"article\" \/>\n<meta property=\"og:title\" content=\"BMW Motorrad festej\u00f3 100 a\u00f1os en Argentina -\" \/>\n<meta property=\"og:description\" content=\"En el pintoresco predio del Enduro Park, BMW Motorrad celebr\u00f3 con entusiasmo y camarader\u00eda sus 100 a\u00f1os de trayectoria en Argentina...\" \/>\n<meta property=\"og:url\" content=\"https:\/\/autofans.com.ar\/index.php\/2023\/12\/07\/bmw-motorrad-festejo-100-anos-en-argentina\/\" \/>\n<meta property=\"article:published_time\" content=\"2023-12-07T17:04:43+00:00\" \/>\n<meta property=\"og:image\" content=\"https:\/\/autofans.com.ar\/wp-content\/uploads\/2023\/12\/foto-2-8.jpg\" \/>\n\t<meta property=\"og:image:width\" content=\"1000\" \/>\n\t<meta property=\"og:image:height\" content=\"667\" \/>\n\t<meta property=\"og:image:type\" content=\"image\/jpeg\" \/>\n<meta name=\"author\" content=\"Alejandro Gabriel Rosito\" \/>\n<meta name=\"twitter:card\" content=\"summary_large_image\" \/>\n<meta name=\"twitter:label1\" content=\"Escrito por\" \/>\n\t<meta name=\"twitter:data1\" content=\"Alejandro Gabriel Rosito\" \/>\n\t<meta name=\"twitter:label2\" content=\"Tiempo de lectura\" \/>\n\t<meta name=\"twitter:data2\" content=\"3 minutos\" \/>\n<script type=\"application\/ld+json\" class=\"yoast-schema-graph\">{\"@context\":\"https:\\\/\\\/schema.org\",\"@graph\":[{\"@type\":\"Article\",\"@id\":\"https:\\\/\\\/autofans.com.ar\\\/index.php\\\/2023\\\/12\\\/07\\\/bmw-motorrad-festejo-100-anos-en-argentina\\\/#article\",\"isPartOf\":{\"@id\":\"https:\\\/\\\/autofans.com.ar\\\/index.php\\\/2023\\\/12\\\/07\\\/bmw-motorrad-festejo-100-anos-en-argentina\\\/\"},\"author\":{\"name\":\"Alejandro Gabriel Rosito\",\"@id\":\"https:\\\/\\\/autofans.com.ar\\\/#\\\/schema\\\/person\\\/4a8dda0b6df83ac3d6723e921274c2aa\"},\"headline\":\"BMW Motorrad festej\u00f3 100 a\u00f1os en Argentina\",\"datePublished\":\"2023-12-07T17:04:43+00:00\",\"mainEntityOfPage\":{\"@id\":\"https:\\\/\\\/autofans.com.ar\\\/index.php\\\/2023\\\/12\\\/07\\\/bmw-motorrad-festejo-100-anos-en-argentina\\\/\"},\"wordCount\":398,\"image\":{\"@id\":\"https:\\\/\\\/autofans.com.ar\\\/index.php\\\/2023\\\/12\\\/07\\\/bmw-motorrad-festejo-100-anos-en-argentina\\\/#primaryimage\"},\"thumbnailUrl\":\"https:\\\/\\\/autofans.com.ar\\\/wp-content\\\/uploads\\\/2023\\\/12\\\/foto-2-8.jpg\",\"keywords\":[\"BMW Motorrad\",\"Celebraci\u00f3n Centenaria\",\"Centenario\",\"Enduro Park Argentina\",\"Evento Motocicletas\",\"Historia de BMW\",\"Motos BMW\",\"R 18 100 Years\"],\"articleSection\":[\"MOTOS\",\"NOTICIAS\"],\"inLanguage\":\"es\"},{\"@type\":\"WebPage\",\"@id\":\"https:\\\/\\\/autofans.com.ar\\\/index.php\\\/2023\\\/12\\\/07\\\/bmw-motorrad-festejo-100-anos-en-argentina\\\/\",\"url\":\"https:\\\/\\\/autofans.com.ar\\\/index.php\\\/2023\\\/12\\\/07\\\/bmw-motorrad-festejo-100-anos-en-argentina\\\/\",\"name\":\"BMW Motorrad festej\u00f3 100 a\u00f1os en Argentina -\",\"isPartOf\":{\"@id\":\"https:\\\/\\\/autofans.com.ar\\\/#website\"},\"primaryImageOfPage\":{\"@id\":\"https:\\\/\\\/autofans.com.ar\\\/index.php\\\/2023\\\/12\\\/07\\\/bmw-motorrad-festejo-100-anos-en-argentina\\\/#primaryimage\"},\"image\":{\"@id\":\"https:\\\/\\\/autofans.com.ar\\\/index.php\\\/2023\\\/12\\\/07\\\/bmw-motorrad-festejo-100-anos-en-argentina\\\/#primaryimage\"},\"thumbnailUrl\":\"https:\\\/\\\/autofans.com.ar\\\/wp-content\\\/uploads\\\/2023\\\/12\\\/foto-2-8.jpg\",\"datePublished\":\"2023-12-07T17:04:43+00:00\",\"author\":{\"@id\":\"https:\\\/\\\/autofans.com.ar\\\/#\\\/schema\\\/person\\\/4a8dda0b6df83ac3d6723e921274c2aa\"},\"description\":\"En el pintoresco predio del Enduro Park, BMW Motorrad celebr\u00f3 con entusiasmo y camarader\u00eda sus 100 a\u00f1os de trayectoria en Argentina...\",\"breadcrumb\":{\"@id\":\"https:\\\/\\\/autofans.com.ar\\\/index.php\\\/2023\\\/12\\\/07\\\/bmw-motorrad-festejo-100-anos-en-argentina\\\/#breadcrumb\"},\"inLanguage\":\"es\",\"potentialAction\":[{\"@type\":\"ReadAction\",\"target\":[\"https:\\\/\\\/autofans.com.ar\\\/index.php\\\/2023\\\/12\\\/07\\\/bmw-motorrad-festejo-100-anos-en-argentina\\\/\"]}]},{\"@type\":\"ImageObject\",\"inLanguage\":\"es\",\"@id\":\"https:\\\/\\\/autofans.com.ar\\\/index.php\\\/2023\\\/12\\\/07\\\/bmw-motorrad-festejo-100-anos-en-argentina\\\/#primaryimage\",\"url\":\"https:\\\/\\\/autofans.com.ar\\\/wp-content\\\/uploads\\\/2023\\\/12\\\/foto-2-8.jpg\",\"contentUrl\":\"https:\\\/\\\/autofans.com.ar\\\/wp-content\\\/uploads\\\/2023\\\/12\\\/foto-2-8.jpg\",\"width\":1000,\"height\":667,\"caption\":\"BMW Motorrad\"},{\"@type\":\"BreadcrumbList\",\"@id\":\"https:\\\/\\\/autofans.com.ar\\\/index.php\\\/2023\\\/12\\\/07\\\/bmw-motorrad-festejo-100-anos-en-argentina\\\/#breadcrumb\",\"itemListElement\":[{\"@type\":\"ListItem\",\"position\":1,\"name\":\"Inicio\",\"item\":\"https:\\\/\\\/autofans.com.ar\\\/\"},{\"@type\":\"ListItem\",\"position\":2,\"name\":\"BMW Motorrad festej\u00f3 100 a\u00f1os en Argentina\"}]},{\"@type\":\"WebSite\",\"@id\":\"https:\\\/\\\/autofans.com.ar\\\/#website\",\"url\":\"https:\\\/\\\/autofans.com.ar\\\/\",\"name\":\"\",\"description\":\"El multimedio referente de la industria automotriz\",\"potentialAction\":[{\"@type\":\"SearchAction\",\"target\":{\"@type\":\"EntryPoint\",\"urlTemplate\":\"https:\\\/\\\/autofans.com.ar\\\/?s={search_term_string}\"},\"query-input\":{\"@type\":\"PropertyValueSpecification\",\"valueRequired\":true,\"valueName\":\"search_term_string\"}}],\"inLanguage\":\"es\"},{\"@type\":\"Person\",\"@id\":\"https:\\\/\\\/autofans.com.ar\\\/#\\\/schema\\\/person\\\/4a8dda0b6df83ac3d6723e921274c2aa\",\"name\":\"Alejandro Gabriel Rosito\",\"image\":{\"@type\":\"ImageObject\",\"inLanguage\":\"es\",\"@id\":\"https:\\\/\\\/secure.gravatar.com\\\/avatar\\\/16c5dda1489adfc62618084dcbb91cffd879c374b13fe5dd8e44ed6733852c88?s=96&d=mm&r=g\",\"url\":\"https:\\\/\\\/secure.gravatar.com\\\/avatar\\\/16c5dda1489adfc62618084dcbb91cffd879c374b13fe5dd8e44ed6733852c88?s=96&d=mm&r=g\",\"contentUrl\":\"https:\\\/\\\/secure.gravatar.com\\\/avatar\\\/16c5dda1489adfc62618084dcbb91cffd879c374b13fe5dd8e44ed6733852c88?s=96&d=mm&r=g\",\"caption\":\"Alejandro Gabriel Rosito\"},\"url\":\"https:\\\/\\\/autofans.com.ar\\\/index.php\\\/author\\\/gabrielr\\\/\"}]}<\/script>\n<!-- \/ Yoast SEO plugin. -->","yoast_head_json":{"title":"BMW Motorrad festej\u00f3 100 a\u00f1os en Argentina -","description":"En el pintoresco predio del Enduro Park, BMW Motorrad celebr\u00f3 con entusiasmo y camarader\u00eda sus 100 a\u00f1os de trayectoria en Argentina...","robots":{"index":"index","follow":"follow","max-snippet":"max-snippet:-1","max-image-preview":"max-image-preview:large","max-video-preview":"max-video-preview:-1"},"canonical":"https:\/\/autofans.com.ar\/index.php\/2023\/12\/07\/bmw-motorrad-festejo-100-anos-en-argentina\/","og_locale":"es_ES","og_type":"article","og_title":"BMW Motorrad festej\u00f3 100 a\u00f1os en Argentina -","og_description":"En el pintoresco predio del Enduro Park, BMW Motorrad celebr\u00f3 con entusiasmo y camarader\u00eda sus 100 a\u00f1os de trayectoria en Argentina...","og_url":"https:\/\/autofans.com.ar\/index.php\/2023\/12\/07\/bmw-motorrad-festejo-100-anos-en-argentina\/","article_published_time":"2023-12-07T17:04:43+00:00","og_image":[{"width":1000,"height":667,"url":"https:\/\/autofans.com.ar\/wp-content\/uploads\/2023\/12\/foto-2-8.jpg","type":"image\/jpeg"}],"author":"Alejandro Gabriel Rosito","twitter_card":"summary_large_image","twitter_misc":{"Escrito por":"Alejandro Gabriel Rosito","Tiempo de lectura":"3 minutos"},"schema":{"@context":"https:\/\/schema.org","@graph":[{"@type":"Article","@id":"https:\/\/autofans.com.ar\/index.php\/2023\/12\/07\/bmw-motorrad-festejo-100-anos-en-argentina\/#article","isPartOf":{"@id":"https:\/\/autofans.com.ar\/index.php\/2023\/12\/07\/bmw-motorrad-festejo-100-anos-en-argentina\/"},"author":{"name":"Alejandro Gabriel Rosito","@id":"https:\/\/autofans.com.ar\/#\/schema\/person\/4a8dda0b6df83ac3d6723e921274c2aa"},"headline":"BMW Motorrad festej\u00f3 100 a\u00f1os en Argentina","datePublished":"2023-12-07T17:04:43+00:00","mainEntityOfPage":{"@id":"https:\/\/autofans.com.ar\/index.php\/2023\/12\/07\/bmw-motorrad-festejo-100-anos-en-argentina\/"},"wordCount":398,"image":{"@id":"https:\/\/autofans.com.ar\/index.php\/2023\/12\/07\/bmw-motorrad-festejo-100-anos-en-argentina\/#primaryimage"},"thumbnailUrl":"https:\/\/autofans.com.ar\/wp-content\/uploads\/2023\/12\/foto-2-8.jpg","keywords":["BMW Motorrad","Celebraci\u00f3n Centenaria","Centenario","Enduro Park Argentina","Evento Motocicletas","Historia de BMW","Motos BMW","R 18 100 Years"],"articleSection":["MOTOS","NOTICIAS"],"inLanguage":"es"},{"@type":"WebPage","@id":"https:\/\/autofans.com.ar\/index.php\/2023\/12\/07\/bmw-motorrad-festejo-100-anos-en-argentina\/","url":"https:\/\/autofans.com.ar\/index.php\/2023\/12\/07\/bmw-motorrad-festejo-100-anos-en-argentina\/","name":"BMW Motorrad festej\u00f3 100 a\u00f1os en Argentina -","isPartOf":{"@id":"https:\/\/autofans.com.ar\/#website"},"primaryImageOfPage":{"@id":"https:\/\/autofans.com.ar\/index.php\/2023\/12\/07\/bmw-motorrad-festejo-100-anos-en-argentina\/#primaryimage"},"image":{"@id":"https:\/\/autofans.com.ar\/index.php\/2023\/12\/07\/bmw-motorrad-festejo-100-anos-en-argentina\/#primaryimage"},"thumbnailUrl":"https:\/\/autofans.com.ar\/wp-content\/uploads\/2023\/12\/foto-2-8.jpg","datePublished":"2023-12-07T17:04:43+00:00","author":{"@id":"https:\/\/autofans.com.ar\/#\/schema\/person\/4a8dda0b6df83ac3d6723e921274c2aa"},"description":"En el pintoresco predio del Enduro Park, BMW Motorrad celebr\u00f3 con entusiasmo y camarader\u00eda sus 100 a\u00f1os de trayectoria en Argentina...","breadcrumb":{"@id":"https:\/\/autofans.com.ar\/index.php\/2023\/12\/07\/bmw-motorrad-festejo-100-anos-en-argentina\/#breadcrumb"},"inLanguage":"es","potentialAction":[{"@type":"ReadAction","target":["https:\/\/autofans.com.ar\/index.php\/2023\/12\/07\/bmw-motorrad-festejo-100-anos-en-argentina\/"]}]},{"@type":"ImageObject","inLanguage":"es","@id":"https:\/\/autofans.com.ar\/index.php\/2023\/12\/07\/bmw-motorrad-festejo-100-anos-en-argentina\/#primaryimage","url":"https:\/\/autofans.com.ar\/wp-content\/uploads\/2023\/12\/foto-2-8.jpg","contentUrl":"https:\/\/autofans.com.ar\/wp-content\/uploads\/2023\/12\/foto-2-8.jpg","width":1000,"height":667,"caption":"BMW Motorrad"},{"@type":"BreadcrumbList","@id":"https:\/\/autofans.com.ar\/index.php\/2023\/12\/07\/bmw-motorrad-festejo-100-anos-en-argentina\/#breadcrumb","itemListElement":[{"@type":"ListItem","position":1,"name":"Inicio","item":"https:\/\/autofans.com.ar\/"},{"@type":"ListItem","position":2,"name":"BMW Motorrad festej\u00f3 100 a\u00f1os en Argentina"}]},{"@type":"WebSite","@id":"https:\/\/autofans.com.ar\/#website","url":"https:\/\/autofans.com.ar\/","name":"","description":"El multimedio referente de la industria automotriz","potentialAction":[{"@type":"SearchAction","target":{"@type":"EntryPoint","urlTemplate":"https:\/\/autofans.com.ar\/?s={search_term_string}"},"query-input":{"@type":"PropertyValueSpecification","valueRequired":true,"valueName":"search_term_string"}}],"inLanguage":"es"},{"@type":"Person","@id":"https:\/\/autofans.com.ar\/#\/schema\/person\/4a8dda0b6df83ac3d6723e921274c2aa","name":"Alejandro Gabriel Rosito","image":{"@type":"ImageObject","inLanguage":"es","@id":"https:\/\/secure.gravatar.com\/avatar\/16c5dda1489adfc62618084dcbb91cffd879c374b13fe5dd8e44ed6733852c88?s=96&d=mm&r=g","url":"https:\/\/secure.gravatar.com\/avatar\/16c5dda1489adfc62618084dcbb91cffd879c374b13fe5dd8e44ed6733852c88?s=96&d=mm&r=g","contentUrl":"https:\/\/secure.gravatar.com\/avatar\/16c5dda1489adfc62618084dcbb91cffd879c374b13fe5dd8e44ed6733852c88?s=96&d=mm&r=g","caption":"Alejandro Gabriel Rosito"},"url":"https:\/\/autofans.com.ar\/index.php\/author\/gabrielr\/"}]}},"featured_image_urls":{"full":["https:\/\/autofans.com.ar\/wp-content\/uploads\/2023\/12\/foto-2-8.jpg",1000,667,false],"thumbnail":["https:\/\/autofans.com.ar\/wp-content\/uploads\/2023\/12\/foto-2-8-150x150.jpg",150,150,true],"medium":["https:\/\/autofans.com.ar\/wp-content\/uploads\/2023\/12\/foto-2-8-300x200.jpg",300,200,true],"medium_large":["https:\/\/autofans.com.ar\/wp-content\/uploads\/2023\/12\/foto-2-8-768x512.jpg",640,427,true],"large":["https:\/\/autofans.com.ar\/wp-content\/uploads\/2023\/12\/foto-2-8.jpg",640,427,false],"1536x1536":["https:\/\/autofans.com.ar\/wp-content\/uploads\/2023\/12\/foto-2-8.jpg",1000,667,false],"2048x2048":["https:\/\/autofans.com.ar\/wp-content\/uploads\/2023\/12\/foto-2-8.jpg",1000,667,false],"covernews-featured":["https:\/\/autofans.com.ar\/wp-content\/uploads\/2023\/12\/foto-2-8.jpg",1000,667,false],"covernews-medium":["https:\/\/autofans.com.ar\/wp-content\/uploads\/2023\/12\/foto-2-8-540x340.jpg",540,340,true]},"author_info":{"display_name":"Alejandro Gabriel Rosito","author_link":"https:\/\/autofans.com.ar\/index.php\/author\/gabrielr\/"},"category_info":"<a href=\"https:\/\/autofans.com.ar\/index.php\/category\/noticias\/motos\/\" rel=\"category tag\">MOTOS<\/a> <a href=\"https:\/\/autofans.com.ar\/index.php\/category\/noticias\/\" rel=\"category tag\">NOTICIAS<\/a>","tag_info":"NOTICIAS","comment_count":0,"_links":{"self":[{"href":"https:\/\/autofans.com.ar\/index.php\/wp-json\/wp\/v2\/posts\/6038","targetHints":{"allow":["GET"]}}],"collection":[{"href":"https:\/\/autofans.com.ar\/index.php\/wp-json\/wp\/v2\/posts"}],"about":[{"href":"https:\/\/autofans.com.ar\/index.php\/wp-json\/wp\/v2\/types\/post"}],"author":[{"embeddable":true,"href":"https:\/\/autofans.com.ar\/index.php\/wp-json\/wp\/v2\/users\/2"}],"replies":[{"embeddable":true,"href":"https:\/\/autofans.com.ar\/index.php\/wp-json\/wp\/v2\/comments?post=6038"}],"version-history":[{"count":1,"href":"https:\/\/autofans.com.ar\/index.php\/wp-json\/wp\/v2\/posts\/6038\/revisions"}],"predecessor-version":[{"id":6042,"href":"https:\/\/autofans.com.ar\/index.php\/wp-json\/wp\/v2\/posts\/6038\/revisions\/6042"}],"wp:featuredmedia":[{"embeddable":true,"href":"https:\/\/autofans.com.ar\/index.php\/wp-json\/wp\/v2\/media\/6040"}],"wp:attachment":[{"href":"https:\/\/autofans.com.ar\/index.php\/wp-json\/wp\/v2\/media?parent=6038"}],"wp:term":[{"taxonomy":"category","embeddable":true,"href":"https:\/\/autofans.com.ar\/index.php\/wp-json\/wp\/v2\/categories?post=6038"},{"taxonomy":"post_tag","embeddable":true,"href":"https:\/\/autofans.com.ar\/index.php\/wp-json\/wp\/v2\/tags?post=6038"}],"curies":[{"name":"wp","href":"https:\/\/api.w.org\/{rel}","templated":true}]}}