{"id":604,"date":"2023-03-08T13:58:48","date_gmt":"2023-03-08T16:58:48","guid":{"rendered":"https:\/\/autofans.com.ar\/?p=604"},"modified":"2023-03-10T16:35:04","modified_gmt":"2023-03-10T19:35:04","slug":"fiat-cronos-se-renueva-con-cuatro-versiones","status":"publish","type":"post","link":"https:\/\/autofans.com.ar\/index.php\/2023\/03\/08\/fiat-cronos-se-renueva-con-cuatro-versiones\/","title":{"rendered":"Fiat Cronos se renueva con cuatro versiones"},"content":{"rendered":"<p>Fiat renueva su oferta con el redise\u00f1o de la gama la incorporaci\u00f3n de nuevas versiones del veh\u00edculo m\u00e1s vendido en Argentina, el Cronos. La marca italiana presenta cuatro versiones: LIKE, DRIVE PACK PLUS, STILE y PRECISION, todas equipadas con una \u00fanica motorizaci\u00f3n de 1.3 litros. Con 32 meses consecutivos como l\u00edder del mercado. La marca busca simplificar la oferta para sus clientes, y la gama se compone de las cuatro versiones mencionadas anteriormente.<\/p>\n<div id='gallery-1' class='gallery galleryid-604 gallery-columns-2 gallery-size-full'><figure class='gallery-item'>\n\t\t\t<div class='gallery-icon landscape'>\n\t\t\t\t<a href='https:\/\/autofans.com.ar\/index.php\/2023\/03\/08\/fiat-cronos-se-renueva-con-cuatro-versiones\/precision-1-3cvt\/'><img loading=\"lazy\" width=\"1000\" height=\"667\" src=\"https:\/\/autofans.com.ar\/wp-content\/uploads\/2023\/03\/precision-1-3cvt.jpg\" class=\"attachment-full size-full\" alt=\"precision-1-3cvt\" aria-describedby=\"gallery-1-612\" srcset=\"https:\/\/autofans.com.ar\/wp-content\/uploads\/2023\/03\/precision-1-3cvt.jpg 1000w, https:\/\/autofans.com.ar\/wp-content\/uploads\/2023\/03\/precision-1-3cvt-300x200.jpg 300w, https:\/\/autofans.com.ar\/wp-content\/uploads\/2023\/03\/precision-1-3cvt-768x512.jpg 768w\" sizes=\"auto, (max-width: 1000px) 100vw, 1000px\" loading=\"lazy\" decoding=\"async\" \/><\/a>\n\t\t\t<\/div>\n\t\t\t\t<figcaption class='wp-caption-text gallery-caption' id='gallery-1-612'>\n\t\t\t\tPrecision 1.3 CVT\n\t\t\t\t<\/figcaption><\/figure><figure class='gallery-item'>\n\t\t\t<div class='gallery-icon landscape'>\n\t\t\t\t<a href='https:\/\/autofans.com.ar\/index.php\/2023\/03\/08\/fiat-cronos-se-renueva-con-cuatro-versiones\/stile-1-3mt\/'><img loading=\"lazy\" width=\"1000\" height=\"667\" src=\"https:\/\/autofans.com.ar\/wp-content\/uploads\/2023\/03\/stile-1-3mt.jpg\" class=\"attachment-full size-full\" alt=\"stile-1-3mt\" aria-describedby=\"gallery-1-613\" srcset=\"https:\/\/autofans.com.ar\/wp-content\/uploads\/2023\/03\/stile-1-3mt.jpg 1000w, https:\/\/autofans.com.ar\/wp-content\/uploads\/2023\/03\/stile-1-3mt-300x200.jpg 300w, https:\/\/autofans.com.ar\/wp-content\/uploads\/2023\/03\/stile-1-3mt-768x512.jpg 768w\" sizes=\"auto, (max-width: 1000px) 100vw, 1000px\" loading=\"lazy\" decoding=\"async\" \/><\/a>\n\t\t\t<\/div>\n\t\t\t\t<figcaption class='wp-caption-text gallery-caption' id='gallery-1-613'>\n\t\t\t\tStyle 1.3 MT\n\t\t\t\t<\/figcaption><\/figure><figure class='gallery-item'>\n\t\t\t<div class='gallery-icon landscape'>\n\t\t\t\t<a href='https:\/\/autofans.com.ar\/index.php\/2023\/03\/08\/fiat-cronos-se-renueva-con-cuatro-versiones\/like-1-3mt\/'><img loading=\"lazy\" width=\"1000\" height=\"667\" src=\"https:\/\/autofans.com.ar\/wp-content\/uploads\/2023\/03\/like-1-3mt.jpg\" class=\"attachment-full size-full\" alt=\"like-1-3mt\" aria-describedby=\"gallery-1-614\" srcset=\"https:\/\/autofans.com.ar\/wp-content\/uploads\/2023\/03\/like-1-3mt.jpg 1000w, https:\/\/autofans.com.ar\/wp-content\/uploads\/2023\/03\/like-1-3mt-300x200.jpg 300w, https:\/\/autofans.com.ar\/wp-content\/uploads\/2023\/03\/like-1-3mt-768x512.jpg 768w\" sizes=\"auto, (max-width: 1000px) 100vw, 1000px\" loading=\"lazy\" decoding=\"async\" \/><\/a>\n\t\t\t<\/div>\n\t\t\t\t<figcaption class='wp-caption-text gallery-caption' id='gallery-1-614'>\n\t\t\t\tLike 1.3 MT\n\t\t\t\t<\/figcaption><\/figure><figure class='gallery-item'>\n\t\t\t<div class='gallery-icon landscape'>\n\t\t\t\t<a href='https:\/\/autofans.com.ar\/index.php\/2023\/03\/08\/fiat-cronos-se-renueva-con-cuatro-versiones\/drive-plus-1-3mt\/'><img loading=\"lazy\" width=\"1000\" height=\"667\" src=\"https:\/\/autofans.com.ar\/wp-content\/uploads\/2023\/03\/drive-plus-1-3mt.jpg\" class=\"attachment-full size-full\" alt=\"drive-plus-1-3mt\" aria-describedby=\"gallery-1-615\" srcset=\"https:\/\/autofans.com.ar\/wp-content\/uploads\/2023\/03\/drive-plus-1-3mt.jpg 1000w, https:\/\/autofans.com.ar\/wp-content\/uploads\/2023\/03\/drive-plus-1-3mt-300x200.jpg 300w, https:\/\/autofans.com.ar\/wp-content\/uploads\/2023\/03\/drive-plus-1-3mt-768x512.jpg 768w\" sizes=\"auto, (max-width: 1000px) 100vw, 1000px\" loading=\"lazy\" decoding=\"async\" \/><\/a>\n\t\t\t<\/div>\n\t\t\t\t<figcaption class='wp-caption-text gallery-caption' id='gallery-1-615'>\n\t\t\t\tDrive plus 1.3 MT\n\t\t\t\t<\/figcaption><\/figure>\n\t\t<\/div>\n\n<p>Tres de los modelos est\u00e1n acoplados a una caja manual de 5 velocidades. La versi\u00f3n tope de gama, PRECISION, permanece sin cambios y es la \u00fanica disponible con transmisi\u00f3n autom\u00e1tica del tipo CVT. El Cronos cuenta con llantas de aleaci\u00f3n de 15\u201d y espejos y manijas color carrocer\u00eda en la versi\u00f3n LIKE. Los \u00a0detalles de equipamiento heredados del pack S-Design en la versi\u00f3n DRIVE PACK PLUS, y la STILE es una nueva variante con atributos tope de gama y transmisi\u00f3n manual de 5 velocidades.<\/p>\n<p>&nbsp;<\/p>\n<h2>Ventajas Fiat Cronos.<\/h2>\n<p>Con la compra se incluye los dos primeros servicios de mantenimiento.\u00a0 Los mismos se deben realizar cada 10.000 km o 1 a\u00f1o, lo que ocurra primero, en cualquier concesionario o taller autorizado de la red de concesionarios oficiales de la marca.<\/p>\n<p>Adem\u00e1s, el cliente puede encontrar una gran variedad de accesorios para el modelo en el sitio web <a href=\"https:\/\/servicios.fiat.com.ar\/\" target=\"_blank\" rel=\"noopener\">servicios.fiat.com.ar<\/a>, as\u00ed como un set de accesorios exclusivos.<\/p>\n<div id='gallery-2' class='gallery galleryid-604 gallery-columns-4 gallery-size-large'><figure class='gallery-item'>\n\t\t\t<div class='gallery-icon landscape'>\n\t\t\t\t<a href='https:\/\/autofans.com.ar\/index.php\/2023\/03\/08\/fiat-cronos-se-renueva-con-cuatro-versiones\/cronos-frente\/'><img loading=\"lazy\" width=\"640\" height=\"427\" src=\"https:\/\/autofans.com.ar\/wp-content\/uploads\/2023\/03\/cronos-frente.jpg\" class=\"attachment-large size-large\" alt=\"fiat cronos 2023\" srcset=\"https:\/\/autofans.com.ar\/wp-content\/uploads\/2023\/03\/cronos-frente.jpg 1000w, https:\/\/autofans.com.ar\/wp-content\/uploads\/2023\/03\/cronos-frente-300x200.jpg 300w, https:\/\/autofans.com.ar\/wp-content\/uploads\/2023\/03\/cronos-frente-768x512.jpg 768w\" sizes=\"auto, (max-width: 640px) 100vw, 640px\" loading=\"lazy\" decoding=\"async\" \/><\/a>\n\t\t\t<\/div><\/figure><figure class='gallery-item'>\n\t\t\t<div class='gallery-icon landscape'>\n\t\t\t\t<a href='https:\/\/autofans.com.ar\/index.php\/2023\/03\/08\/fiat-cronos-se-renueva-con-cuatro-versiones\/cronos-tablero\/'><img loading=\"lazy\" width=\"640\" height=\"427\" src=\"https:\/\/autofans.com.ar\/wp-content\/uploads\/2023\/03\/cronos-tablero.jpg\" class=\"attachment-large size-large\" alt=\"fiat cronos 2023\" srcset=\"https:\/\/autofans.com.ar\/wp-content\/uploads\/2023\/03\/cronos-tablero.jpg 1000w, https:\/\/autofans.com.ar\/wp-content\/uploads\/2023\/03\/cronos-tablero-300x200.jpg 300w, https:\/\/autofans.com.ar\/wp-content\/uploads\/2023\/03\/cronos-tablero-768x512.jpg 768w\" sizes=\"auto, (max-width: 640px) 100vw, 640px\" loading=\"lazy\" decoding=\"async\" \/><\/a>\n\t\t\t<\/div><\/figure><figure class='gallery-item'>\n\t\t\t<div class='gallery-icon landscape'>\n\t\t\t\t<a href='https:\/\/autofans.com.ar\/index.php\/2023\/03\/08\/fiat-cronos-se-renueva-con-cuatro-versiones\/cronos-int\/'><img loading=\"lazy\" width=\"640\" height=\"427\" src=\"https:\/\/autofans.com.ar\/wp-content\/uploads\/2023\/03\/cronos-int.jpg\" class=\"attachment-large size-large\" alt=\"fiat cronos 2023\" srcset=\"https:\/\/autofans.com.ar\/wp-content\/uploads\/2023\/03\/cronos-int.jpg 1000w, https:\/\/autofans.com.ar\/wp-content\/uploads\/2023\/03\/cronos-int-300x200.jpg 300w, https:\/\/autofans.com.ar\/wp-content\/uploads\/2023\/03\/cronos-int-768x512.jpg 768w\" sizes=\"auto, (max-width: 640px) 100vw, 640px\" loading=\"lazy\" decoding=\"async\" \/><\/a>\n\t\t\t<\/div><\/figure><figure class='gallery-item'>\n\t\t\t<div class='gallery-icon landscape'>\n\t\t\t\t<a href='https:\/\/autofans.com.ar\/index.php\/2023\/03\/08\/fiat-cronos-se-renueva-con-cuatro-versiones\/cronos-frente2\/'><img loading=\"lazy\" width=\"640\" height=\"427\" src=\"https:\/\/autofans.com.ar\/wp-content\/uploads\/2023\/03\/cronos-frente2.jpg\" class=\"attachment-large size-large\" alt=\"fiat cronos 2023\" srcset=\"https:\/\/autofans.com.ar\/wp-content\/uploads\/2023\/03\/cronos-frente2.jpg 1000w, https:\/\/autofans.com.ar\/wp-content\/uploads\/2023\/03\/cronos-frente2-300x200.jpg 300w, https:\/\/autofans.com.ar\/wp-content\/uploads\/2023\/03\/cronos-frente2-768x512.jpg 768w\" sizes=\"auto, (max-width: 640px) 100vw, 640px\" loading=\"lazy\" decoding=\"async\" \/><\/a>\n\t\t\t<\/div><\/figure>\n\t\t<\/div>\n\n<p>Con esta actualizaci\u00f3n, <a href=\"https:\/\/www.fiat.com.ar\" target=\"_blank\" rel=\"noopener\">Fiat<\/a> espera continuar liderando el mercado automotriz en Argentina. Si buscas un auto confiable, con una buena relaci\u00f3n precio-calidad, el Fiat Cronos es una opci\u00f3n que no puedes pasar por alto.<\/p>\n<p>&nbsp;<\/p>\n<p><i>Para enterarte de m\u00e1s novedades, no dejes de leer\u00a0<\/i><a href=\"https:\/\/autofans.thebrandsoup.com\/\"><i>nuestras notas<\/i><\/a><i>, de ver<\/i><b><i>\u00a0<\/i><\/b><a href=\"https:\/\/www.youtube.com\/channel\/UCgAC8UGHZYbT6P7PpmVnP7g\"><b><i>AUTOFANS TV<\/i><\/b><\/a><b><i>\u00a0<\/i><\/b><i>en nuestro\u00a0canal de Youtube. Adem\u00e1s seguinos en\u00a0<\/i><a href=\"https:\/\/www.instagram.com\/autofanstv\/\"><i>INSTAGRAM<\/i><\/a><i> y <\/i><a href=\"https:\/\/www.facebook.com\/autofansmas\/\"><i>FACEBOOK<\/i><\/a><i> para no perderte nada sobre las novedades del segmento automotor de Argentina y el mundo.<\/i><\/p>\n<p>&nbsp;<\/p>\n","protected":false},"excerpt":{"rendered":"<p>Fiat renueva su oferta con el redise\u00f1o de la gama la incorporaci\u00f3n de nuevas versiones&#8230;<\/p>\n","protected":false},"author":2,"featured_media":605,"comment_status":"closed","ping_status":"closed","sticky":false,"template":"","format":"standard","meta":{"footnotes":""},"categories":[3,16],"tags":[199,256,73,255,250,258,257,252,253,251,259,108,254],"class_list":["post-604","post","type-post","status-publish","format-standard","has-post-thumbnail","hentry","category-autos","category-noticias","tag-cronos","tag-accesorios","tag-automotor","tag-equipamiento","tag-fiat","tag-fiat-argentina","tag-garantia","tag-marketing-digital","tag-motorizacion","tag-renovacion","tag-restyling","tag-stellantis-argentina","tag-transmision"],"yoast_head":"<!-- This site is optimized with the Yoast SEO plugin v27.5 - https:\/\/yoast.com\/product\/yoast-seo-wordpress\/ -->\n<title>-<\/title>\n<meta name=\"description\" content=\"Fiat Cronos renueva su oferta con el redise\u00f1o de la gama y la incorporaci\u00f3n de nuevas versiones del veh\u00edculo m\u00e1s vendido en Argentina,\" \/>\n<meta name=\"robots\" content=\"index, follow, max-snippet:-1, max-image-preview:large, max-video-preview:-1\" \/>\n<link rel=\"canonical\" href=\"https:\/\/autofans.com.ar\/index.php\/2023\/03\/08\/fiat-cronos-se-renueva-con-cuatro-versiones\/\" \/>\n<meta property=\"og:locale\" content=\"es_ES\" \/>\n<meta property=\"og:type\" content=\"article\" \/>\n<meta property=\"og:title\" content=\"-\" \/>\n<meta property=\"og:description\" content=\"Fiat Cronos renueva su oferta con el redise\u00f1o de la gama y la incorporaci\u00f3n de nuevas versiones del veh\u00edculo m\u00e1s vendido en Argentina,\" \/>\n<meta property=\"og:url\" content=\"https:\/\/autofans.com.ar\/index.php\/2023\/03\/08\/fiat-cronos-se-renueva-con-cuatro-versiones\/\" \/>\n<meta property=\"article:published_time\" content=\"2023-03-08T16:58:48+00:00\" \/>\n<meta property=\"article:modified_time\" content=\"2023-03-10T19:35:04+00:00\" \/>\n<meta property=\"og:image\" content=\"https:\/\/autofans.com.ar\/wp-content\/uploads\/2023\/03\/cronos-auto.jpg\" \/>\n\t<meta property=\"og:image:width\" content=\"1000\" \/>\n\t<meta property=\"og:image:height\" content=\"667\" \/>\n\t<meta property=\"og:image:type\" content=\"image\/jpeg\" \/>\n<meta name=\"author\" content=\"Alejandro Gabriel Rosito\" \/>\n<meta name=\"twitter:card\" content=\"summary_large_image\" \/>\n<meta name=\"twitter:label1\" content=\"Escrito por\" \/>\n\t<meta name=\"twitter:data1\" content=\"Alejandro Gabriel Rosito\" \/>\n\t<meta name=\"twitter:label2\" content=\"Tiempo de lectura\" \/>\n\t<meta name=\"twitter:data2\" content=\"2 minutos\" \/>\n<script type=\"application\/ld+json\" class=\"yoast-schema-graph\">{\"@context\":\"https:\\\/\\\/schema.org\",\"@graph\":[{\"@type\":\"Article\",\"@id\":\"https:\\\/\\\/autofans.com.ar\\\/index.php\\\/2023\\\/03\\\/08\\\/fiat-cronos-se-renueva-con-cuatro-versiones\\\/#article\",\"isPartOf\":{\"@id\":\"https:\\\/\\\/autofans.com.ar\\\/index.php\\\/2023\\\/03\\\/08\\\/fiat-cronos-se-renueva-con-cuatro-versiones\\\/\"},\"author\":{\"name\":\"Alejandro Gabriel Rosito\",\"@id\":\"https:\\\/\\\/autofans.com.ar\\\/#\\\/schema\\\/person\\\/4a8dda0b6df83ac3d6723e921274c2aa\"},\"headline\":\"Fiat Cronos se renueva con cuatro versiones\",\"datePublished\":\"2023-03-08T16:58:48+00:00\",\"dateModified\":\"2023-03-10T19:35:04+00:00\",\"mainEntityOfPage\":{\"@id\":\"https:\\\/\\\/autofans.com.ar\\\/index.php\\\/2023\\\/03\\\/08\\\/fiat-cronos-se-renueva-con-cuatro-versiones\\\/\"},\"wordCount\":339,\"image\":{\"@id\":\"https:\\\/\\\/autofans.com.ar\\\/index.php\\\/2023\\\/03\\\/08\\\/fiat-cronos-se-renueva-con-cuatro-versiones\\\/#primaryimage\"},\"thumbnailUrl\":\"https:\\\/\\\/autofans.com.ar\\\/wp-content\\\/uploads\\\/2023\\\/03\\\/cronos-auto.jpg\",\"keywords\":[\"#cronos\",\"accesorios\",\"Automotor\",\"equipamiento\",\"Fiat\",\"fiat argentina\",\"garant\u00eda.\",\"marketing digital\",\"motorizaci\u00f3n\",\"renovaci\u00f3n\",\"Restyling\",\"Stellantis Argentina\",\"transmisi\u00f3n\"],\"articleSection\":[\"AUTOS y SUV\",\"NOTICIAS\"],\"inLanguage\":\"es\"},{\"@type\":\"WebPage\",\"@id\":\"https:\\\/\\\/autofans.com.ar\\\/index.php\\\/2023\\\/03\\\/08\\\/fiat-cronos-se-renueva-con-cuatro-versiones\\\/\",\"url\":\"https:\\\/\\\/autofans.com.ar\\\/index.php\\\/2023\\\/03\\\/08\\\/fiat-cronos-se-renueva-con-cuatro-versiones\\\/\",\"name\":\"-\",\"isPartOf\":{\"@id\":\"https:\\\/\\\/autofans.com.ar\\\/#website\"},\"primaryImageOfPage\":{\"@id\":\"https:\\\/\\\/autofans.com.ar\\\/index.php\\\/2023\\\/03\\\/08\\\/fiat-cronos-se-renueva-con-cuatro-versiones\\\/#primaryimage\"},\"image\":{\"@id\":\"https:\\\/\\\/autofans.com.ar\\\/index.php\\\/2023\\\/03\\\/08\\\/fiat-cronos-se-renueva-con-cuatro-versiones\\\/#primaryimage\"},\"thumbnailUrl\":\"https:\\\/\\\/autofans.com.ar\\\/wp-content\\\/uploads\\\/2023\\\/03\\\/cronos-auto.jpg\",\"datePublished\":\"2023-03-08T16:58:48+00:00\",\"dateModified\":\"2023-03-10T19:35:04+00:00\",\"author\":{\"@id\":\"https:\\\/\\\/autofans.com.ar\\\/#\\\/schema\\\/person\\\/4a8dda0b6df83ac3d6723e921274c2aa\"},\"description\":\"Fiat Cronos renueva su oferta con el redise\u00f1o de la gama y la incorporaci\u00f3n de nuevas versiones del veh\u00edculo m\u00e1s vendido en Argentina,\",\"breadcrumb\":{\"@id\":\"https:\\\/\\\/autofans.com.ar\\\/index.php\\\/2023\\\/03\\\/08\\\/fiat-cronos-se-renueva-con-cuatro-versiones\\\/#breadcrumb\"},\"inLanguage\":\"es\",\"potentialAction\":[{\"@type\":\"ReadAction\",\"target\":[\"https:\\\/\\\/autofans.com.ar\\\/index.php\\\/2023\\\/03\\\/08\\\/fiat-cronos-se-renueva-con-cuatro-versiones\\\/\"]}]},{\"@type\":\"ImageObject\",\"inLanguage\":\"es\",\"@id\":\"https:\\\/\\\/autofans.com.ar\\\/index.php\\\/2023\\\/03\\\/08\\\/fiat-cronos-se-renueva-con-cuatro-versiones\\\/#primaryimage\",\"url\":\"https:\\\/\\\/autofans.com.ar\\\/wp-content\\\/uploads\\\/2023\\\/03\\\/cronos-auto.jpg\",\"contentUrl\":\"https:\\\/\\\/autofans.com.ar\\\/wp-content\\\/uploads\\\/2023\\\/03\\\/cronos-auto.jpg\",\"width\":1000,\"height\":667,\"caption\":\"fiat cronos 2023\"},{\"@type\":\"BreadcrumbList\",\"@id\":\"https:\\\/\\\/autofans.com.ar\\\/index.php\\\/2023\\\/03\\\/08\\\/fiat-cronos-se-renueva-con-cuatro-versiones\\\/#breadcrumb\",\"itemListElement\":[{\"@type\":\"ListItem\",\"position\":1,\"name\":\"Inicio\",\"item\":\"https:\\\/\\\/autofans.com.ar\\\/\"},{\"@type\":\"ListItem\",\"position\":2,\"name\":\"Fiat Cronos se renueva con cuatro versiones\"}]},{\"@type\":\"WebSite\",\"@id\":\"https:\\\/\\\/autofans.com.ar\\\/#website\",\"url\":\"https:\\\/\\\/autofans.com.ar\\\/\",\"name\":\"\",\"description\":\"El multimedio referente de la industria automotriz\",\"potentialAction\":[{\"@type\":\"SearchAction\",\"target\":{\"@type\":\"EntryPoint\",\"urlTemplate\":\"https:\\\/\\\/autofans.com.ar\\\/?s={search_term_string}\"},\"query-input\":{\"@type\":\"PropertyValueSpecification\",\"valueRequired\":true,\"valueName\":\"search_term_string\"}}],\"inLanguage\":\"es\"},{\"@type\":\"Person\",\"@id\":\"https:\\\/\\\/autofans.com.ar\\\/#\\\/schema\\\/person\\\/4a8dda0b6df83ac3d6723e921274c2aa\",\"name\":\"Alejandro Gabriel Rosito\",\"image\":{\"@type\":\"ImageObject\",\"inLanguage\":\"es\",\"@id\":\"https:\\\/\\\/secure.gravatar.com\\\/avatar\\\/16c5dda1489adfc62618084dcbb91cffd879c374b13fe5dd8e44ed6733852c88?s=96&d=mm&r=g\",\"url\":\"https:\\\/\\\/secure.gravatar.com\\\/avatar\\\/16c5dda1489adfc62618084dcbb91cffd879c374b13fe5dd8e44ed6733852c88?s=96&d=mm&r=g\",\"contentUrl\":\"https:\\\/\\\/secure.gravatar.com\\\/avatar\\\/16c5dda1489adfc62618084dcbb91cffd879c374b13fe5dd8e44ed6733852c88?s=96&d=mm&r=g\",\"caption\":\"Alejandro Gabriel Rosito\"},\"url\":\"https:\\\/\\\/autofans.com.ar\\\/index.php\\\/author\\\/gabrielr\\\/\"}]}<\/script>\n<!-- \/ Yoast SEO plugin. -->","yoast_head_json":{"title":"-","description":"Fiat Cronos renueva su oferta con el redise\u00f1o de la gama y la incorporaci\u00f3n de nuevas versiones del veh\u00edculo m\u00e1s vendido en Argentina,","robots":{"index":"index","follow":"follow","max-snippet":"max-snippet:-1","max-image-preview":"max-image-preview:large","max-video-preview":"max-video-preview:-1"},"canonical":"https:\/\/autofans.com.ar\/index.php\/2023\/03\/08\/fiat-cronos-se-renueva-con-cuatro-versiones\/","og_locale":"es_ES","og_type":"article","og_title":"-","og_description":"Fiat Cronos renueva su oferta con el redise\u00f1o de la gama y la incorporaci\u00f3n de nuevas versiones del veh\u00edculo m\u00e1s vendido en Argentina,","og_url":"https:\/\/autofans.com.ar\/index.php\/2023\/03\/08\/fiat-cronos-se-renueva-con-cuatro-versiones\/","article_published_time":"2023-03-08T16:58:48+00:00","article_modified_time":"2023-03-10T19:35:04+00:00","og_image":[{"width":1000,"height":667,"url":"https:\/\/autofans.com.ar\/wp-content\/uploads\/2023\/03\/cronos-auto.jpg","type":"image\/jpeg"}],"author":"Alejandro Gabriel Rosito","twitter_card":"summary_large_image","twitter_misc":{"Escrito por":"Alejandro Gabriel Rosito","Tiempo de lectura":"2 minutos"},"schema":{"@context":"https:\/\/schema.org","@graph":[{"@type":"Article","@id":"https:\/\/autofans.com.ar\/index.php\/2023\/03\/08\/fiat-cronos-se-renueva-con-cuatro-versiones\/#article","isPartOf":{"@id":"https:\/\/autofans.com.ar\/index.php\/2023\/03\/08\/fiat-cronos-se-renueva-con-cuatro-versiones\/"},"author":{"name":"Alejandro Gabriel Rosito","@id":"https:\/\/autofans.com.ar\/#\/schema\/person\/4a8dda0b6df83ac3d6723e921274c2aa"},"headline":"Fiat Cronos se renueva con cuatro versiones","datePublished":"2023-03-08T16:58:48+00:00","dateModified":"2023-03-10T19:35:04+00:00","mainEntityOfPage":{"@id":"https:\/\/autofans.com.ar\/index.php\/2023\/03\/08\/fiat-cronos-se-renueva-con-cuatro-versiones\/"},"wordCount":339,"image":{"@id":"https:\/\/autofans.com.ar\/index.php\/2023\/03\/08\/fiat-cronos-se-renueva-con-cuatro-versiones\/#primaryimage"},"thumbnailUrl":"https:\/\/autofans.com.ar\/wp-content\/uploads\/2023\/03\/cronos-auto.jpg","keywords":["#cronos","accesorios","Automotor","equipamiento","Fiat","fiat argentina","garant\u00eda.","marketing digital","motorizaci\u00f3n","renovaci\u00f3n","Restyling","Stellantis Argentina","transmisi\u00f3n"],"articleSection":["AUTOS y SUV","NOTICIAS"],"inLanguage":"es"},{"@type":"WebPage","@id":"https:\/\/autofans.com.ar\/index.php\/2023\/03\/08\/fiat-cronos-se-renueva-con-cuatro-versiones\/","url":"https:\/\/autofans.com.ar\/index.php\/2023\/03\/08\/fiat-cronos-se-renueva-con-cuatro-versiones\/","name":"-","isPartOf":{"@id":"https:\/\/autofans.com.ar\/#website"},"primaryImageOfPage":{"@id":"https:\/\/autofans.com.ar\/index.php\/2023\/03\/08\/fiat-cronos-se-renueva-con-cuatro-versiones\/#primaryimage"},"image":{"@id":"https:\/\/autofans.com.ar\/index.php\/2023\/03\/08\/fiat-cronos-se-renueva-con-cuatro-versiones\/#primaryimage"},"thumbnailUrl":"https:\/\/autofans.com.ar\/wp-content\/uploads\/2023\/03\/cronos-auto.jpg","datePublished":"2023-03-08T16:58:48+00:00","dateModified":"2023-03-10T19:35:04+00:00","author":{"@id":"https:\/\/autofans.com.ar\/#\/schema\/person\/4a8dda0b6df83ac3d6723e921274c2aa"},"description":"Fiat Cronos renueva su oferta con el redise\u00f1o de la gama y la incorporaci\u00f3n de nuevas versiones del veh\u00edculo m\u00e1s vendido en Argentina,","breadcrumb":{"@id":"https:\/\/autofans.com.ar\/index.php\/2023\/03\/08\/fiat-cronos-se-renueva-con-cuatro-versiones\/#breadcrumb"},"inLanguage":"es","potentialAction":[{"@type":"ReadAction","target":["https:\/\/autofans.com.ar\/index.php\/2023\/03\/08\/fiat-cronos-se-renueva-con-cuatro-versiones\/"]}]},{"@type":"ImageObject","inLanguage":"es","@id":"https:\/\/autofans.com.ar\/index.php\/2023\/03\/08\/fiat-cronos-se-renueva-con-cuatro-versiones\/#primaryimage","url":"https:\/\/autofans.com.ar\/wp-content\/uploads\/2023\/03\/cronos-auto.jpg","contentUrl":"https:\/\/autofans.com.ar\/wp-content\/uploads\/2023\/03\/cronos-auto.jpg","width":1000,"height":667,"caption":"fiat cronos 2023"},{"@type":"BreadcrumbList","@id":"https:\/\/autofans.com.ar\/index.php\/2023\/03\/08\/fiat-cronos-se-renueva-con-cuatro-versiones\/#breadcrumb","itemListElement":[{"@type":"ListItem","position":1,"name":"Inicio","item":"https:\/\/autofans.com.ar\/"},{"@type":"ListItem","position":2,"name":"Fiat Cronos se renueva con cuatro versiones"}]},{"@type":"WebSite","@id":"https:\/\/autofans.com.ar\/#website","url":"https:\/\/autofans.com.ar\/","name":"","description":"El multimedio referente de la industria automotriz","potentialAction":[{"@type":"SearchAction","target":{"@type":"EntryPoint","urlTemplate":"https:\/\/autofans.com.ar\/?s={search_term_string}"},"query-input":{"@type":"PropertyValueSpecification","valueRequired":true,"valueName":"search_term_string"}}],"inLanguage":"es"},{"@type":"Person","@id":"https:\/\/autofans.com.ar\/#\/schema\/person\/4a8dda0b6df83ac3d6723e921274c2aa","name":"Alejandro Gabriel Rosito","image":{"@type":"ImageObject","inLanguage":"es","@id":"https:\/\/secure.gravatar.com\/avatar\/16c5dda1489adfc62618084dcbb91cffd879c374b13fe5dd8e44ed6733852c88?s=96&d=mm&r=g","url":"https:\/\/secure.gravatar.com\/avatar\/16c5dda1489adfc62618084dcbb91cffd879c374b13fe5dd8e44ed6733852c88?s=96&d=mm&r=g","contentUrl":"https:\/\/secure.gravatar.com\/avatar\/16c5dda1489adfc62618084dcbb91cffd879c374b13fe5dd8e44ed6733852c88?s=96&d=mm&r=g","caption":"Alejandro Gabriel Rosito"},"url":"https:\/\/autofans.com.ar\/index.php\/author\/gabrielr\/"}]}},"featured_image_urls":{"full":["https:\/\/autofans.com.ar\/wp-content\/uploads\/2023\/03\/cronos-auto.jpg",1000,667,false],"thumbnail":["https:\/\/autofans.com.ar\/wp-content\/uploads\/2023\/03\/cronos-auto-150x150.jpg",150,150,true],"medium":["https:\/\/autofans.com.ar\/wp-content\/uploads\/2023\/03\/cronos-auto-300x200.jpg",300,200,true],"medium_large":["https:\/\/autofans.com.ar\/wp-content\/uploads\/2023\/03\/cronos-auto-768x512.jpg",640,427,true],"large":["https:\/\/autofans.com.ar\/wp-content\/uploads\/2023\/03\/cronos-auto.jpg",640,427,false],"1536x1536":["https:\/\/autofans.com.ar\/wp-content\/uploads\/2023\/03\/cronos-auto.jpg",1000,667,false],"2048x2048":["https:\/\/autofans.com.ar\/wp-content\/uploads\/2023\/03\/cronos-auto.jpg",1000,667,false],"covernews-featured":["https:\/\/autofans.com.ar\/wp-content\/uploads\/2023\/03\/cronos-auto.jpg",1000,667,false],"covernews-medium":["https:\/\/autofans.com.ar\/wp-content\/uploads\/2023\/03\/cronos-auto-540x340.jpg",540,340,true]},"author_info":{"display_name":"Alejandro Gabriel Rosito","author_link":"https:\/\/autofans.com.ar\/index.php\/author\/gabrielr\/"},"category_info":"<a href=\"https:\/\/autofans.com.ar\/index.php\/category\/noticias\/autos\/\" rel=\"category tag\">AUTOS y SUV<\/a> <a href=\"https:\/\/autofans.com.ar\/index.php\/category\/noticias\/\" rel=\"category tag\">NOTICIAS<\/a>","tag_info":"NOTICIAS","comment_count":0,"_links":{"self":[{"href":"https:\/\/autofans.com.ar\/index.php\/wp-json\/wp\/v2\/posts\/604","targetHints":{"allow":["GET"]}}],"collection":[{"href":"https:\/\/autofans.com.ar\/index.php\/wp-json\/wp\/v2\/posts"}],"about":[{"href":"https:\/\/autofans.com.ar\/index.php\/wp-json\/wp\/v2\/types\/post"}],"author":[{"embeddable":true,"href":"https:\/\/autofans.com.ar\/index.php\/wp-json\/wp\/v2\/users\/2"}],"replies":[{"embeddable":true,"href":"https:\/\/autofans.com.ar\/index.php\/wp-json\/wp\/v2\/comments?post=604"}],"version-history":[{"count":9,"href":"https:\/\/autofans.com.ar\/index.php\/wp-json\/wp\/v2\/posts\/604\/revisions"}],"predecessor-version":[{"id":712,"href":"https:\/\/autofans.com.ar\/index.php\/wp-json\/wp\/v2\/posts\/604\/revisions\/712"}],"wp:featuredmedia":[{"embeddable":true,"href":"https:\/\/autofans.com.ar\/index.php\/wp-json\/wp\/v2\/media\/605"}],"wp:attachment":[{"href":"https:\/\/autofans.com.ar\/index.php\/wp-json\/wp\/v2\/media?parent=604"}],"wp:term":[{"taxonomy":"category","embeddable":true,"href":"https:\/\/autofans.com.ar\/index.php\/wp-json\/wp\/v2\/categories?post=604"},{"taxonomy":"post_tag","embeddable":true,"href":"https:\/\/autofans.com.ar\/index.php\/wp-json\/wp\/v2\/tags?post=604"}],"curies":[{"name":"wp","href":"https:\/\/api.w.org\/{rel}","templated":true}]}}