{"id":6071,"date":"2023-12-11T19:49:32","date_gmt":"2023-12-11T22:49:32","guid":{"rendered":"https:\/\/autofans.com.ar\/?p=6071"},"modified":"2023-12-11T19:54:25","modified_gmt":"2023-12-11T22:54:25","slug":"nissan-alcanza-600-000-autos-en-resende","status":"publish","type":"post","link":"https:\/\/autofans.com.ar\/index.php\/2023\/12\/11\/nissan-alcanza-600-000-autos-en-resende\/","title":{"rendered":"Nissan alcanza 600.000 autos en Resende"},"content":{"rendered":"<p>Nissan ha alcanzado un logro significativo en el Complejo Industrial de Resende, ubicado en R\u00edo de Janeiro, al celebrar la producci\u00f3n de 600.000 veh\u00edculos. Este hito llega en un momento crucial para la f\u00e1brica, que se encuentra en una nueva fase tras el anuncio de una inversi\u00f3n sustancial de US$ 540 millones destinada a la fabricaci\u00f3n de dos nuevos SUV y un motor turbo.<\/p>\n<p>&nbsp;<\/p>\n<h2>Nissan Kicks 600.000 unidades<\/h2>\n<p>La unidad n\u00famero 600.000, un Nissan Kicks Exclusive, sali\u00f3 de la l\u00ednea de montaje en este complejo industrial que inici\u00f3 su producci\u00f3n en abril de 2014. Desde junio de 2017, la f\u00e1brica ha estado ensamblando el exitoso modelo de crossover Nissan Kicks, con aproximadamente 324.000 unidades fabricadas hasta la fecha.<\/p>\n<p>En total, los 600.000 veh\u00edculos comprenden diversos modelos producidos en Resende. Incluye los modelos del Nissan March, Nissan Versa y Versa V-Drive, todos contribuyendo al \u00e9xito de Nissan en la regi\u00f3n. Del total de veh\u00edculos producidos hasta ahora, el 85% ha sido destinado al mercado brasile\u00f1o, mientras que el 15% restante se ha exportado a otros pa\u00edses.<\/p>\n<p>Actualmente, m\u00e1s de 2.000 empleados trabajan incansablemente en Resende, ensamblando alrededor de 360 Nissan Kicks diariamente, destacando el impacto positivo en la econom\u00eda local y nacional.<\/p>\n<p>&nbsp;<\/p>\n<p><img fetchpriority=\"high\" decoding=\"async\" class=\"aligncenter wp-image-6072 size-full\" src=\"https:\/\/autofans.com.ar\/wp-content\/uploads\/2023\/12\/foto-2-11.jpg\" alt=\"Nissan\" width=\"1000\" height=\"667\" srcset=\"https:\/\/autofans.com.ar\/wp-content\/uploads\/2023\/12\/foto-2-11.jpg 1000w, https:\/\/autofans.com.ar\/wp-content\/uploads\/2023\/12\/foto-2-11-300x200.jpg 300w, https:\/\/autofans.com.ar\/wp-content\/uploads\/2023\/12\/foto-2-11-768x512.jpg 768w\" sizes=\"(max-width: 1000px) 100vw, 1000px\" \/><\/p>\n<p>&nbsp;<\/p>\n<h2>Nueva etapa del complejo industrial<\/h2>\n<p>En noviembre de este a\u00f1o, durante la visita del presidente y director ejecutivo de <a href=\"https:\/\/autofans.com.ar\/index.php\/2023\/11\/30\/nueva-directora-de-comunicacion-de-nissan-en-america-latina\/\" target=\"_blank\" rel=\"noopener\">Nissan Motor Co<\/a>., Makoto Uchida, se confirmaron importantes planes para el Complejo Industrial de Resende. Se anunci\u00f3 la producci\u00f3n de dos nuevos SUV y el ensamblaje de un motor turbo. Marcando una evoluci\u00f3n significativa para esta instalaci\u00f3n brasile\u00f1a.<\/p>\n<p>Estos cambios consolidar\u00e1n el Complejo Industrial de Resende como un polo exportador, proyectando la exportaci\u00f3n de los nuevos veh\u00edculos a m\u00e1s de 20 pa\u00edses. Esta expansi\u00f3n no solo representa un impulso para la f\u00e1brica, sino tambi\u00e9n un hito para la industria automotriz en Brasil.<\/p>\n<p>&nbsp;<\/p>\n<p><i>Para enterarte de m\u00e1s novedades, no dejes de leer\u00a0<\/i><a href=\"https:\/\/autofans.thebrandsoup.com\/\"><i>nuestras notas<\/i><\/a><i>, de ver<\/i><b><i>\u00a0<\/i><\/b><a href=\"https:\/\/www.youtube.com\/channel\/UCgAC8UGHZYbT6P7PpmVnP7g\"><b><i>AUTOFANS TV<\/i><\/b><\/a><b><i>\u00a0<\/i><\/b><i>en nuestro\u00a0canal de Youtube. Adem\u00e1s seguinos en\u00a0<\/i><a href=\"https:\/\/www.instagram.com\/autofanstv\/\"><i>INSTAGRAM<\/i><\/a><i> y <\/i><a href=\"https:\/\/www.facebook.com\/autofansmas\/\"><i>FACEBOOK<\/i><\/a><i> para no perderte nada sobre las novedades del segmento automotor de Argentina y el mundo.<\/i><\/p>\n","protected":false},"excerpt":{"rendered":"<p>Nissan ha alcanzado un logro significativo en el Complejo Industrial de Resende, ubicado en R\u00edo&#8230;<\/p>\n","protected":false},"author":2,"featured_media":6073,"comment_status":"closed","ping_status":"closed","sticky":false,"template":"","format":"standard","meta":{"footnotes":""},"categories":[292,16],"tags":[1639,1620,3166,1223,510,3167,268,3164,3165,40,388],"class_list":["post-6071","post","type-post","status-publish","format-standard","has-post-thumbnail","hentry","category-empresas","category-noticias","tag-brasil","tag-complejo-industrial","tag-economia","tag-exportacion","tag-inversion","tag-makoto-uchida","tag-nissan","tag-resende","tag-rio-de-janeiro","tag-suv","tag-vehiculos"],"yoast_head":"<!-- This site is optimized with the Yoast SEO plugin v27.5 - https:\/\/yoast.com\/product\/yoast-seo-wordpress\/ -->\n<title>Nissan alcanza 600.000 autos en Resende -<\/title>\n<meta name=\"description\" content=\"Nissan ha alcanzo un logro significativo en el Complejo Industrial de Resende de R\u00edo de Janeiro, al celebrar la producci\u00f3n de 600.000 autos..\" \/>\n<meta name=\"robots\" content=\"index, follow, max-snippet:-1, max-image-preview:large, max-video-preview:-1\" \/>\n<link rel=\"canonical\" href=\"https:\/\/autofans.com.ar\/index.php\/2023\/12\/11\/nissan-alcanza-600-000-autos-en-resende\/\" \/>\n<meta property=\"og:locale\" content=\"es_ES\" \/>\n<meta property=\"og:type\" content=\"article\" \/>\n<meta property=\"og:title\" content=\"Nissan alcanza 600.000 autos en Resende -\" \/>\n<meta property=\"og:description\" content=\"Nissan ha alcanzo un logro significativo en el Complejo Industrial de Resende de R\u00edo de Janeiro, al celebrar la producci\u00f3n de 600.000 autos..\" \/>\n<meta property=\"og:url\" content=\"https:\/\/autofans.com.ar\/index.php\/2023\/12\/11\/nissan-alcanza-600-000-autos-en-resende\/\" \/>\n<meta property=\"article:published_time\" content=\"2023-12-11T22:49:32+00:00\" \/>\n<meta property=\"article:modified_time\" content=\"2023-12-11T22:54:25+00:00\" \/>\n<meta property=\"og:image\" content=\"https:\/\/autofans.com.ar\/wp-content\/uploads\/2023\/12\/foto-1-12.jpg\" \/>\n\t<meta property=\"og:image:width\" content=\"1000\" \/>\n\t<meta property=\"og:image:height\" content=\"667\" \/>\n\t<meta property=\"og:image:type\" content=\"image\/jpeg\" \/>\n<meta name=\"author\" content=\"Alejandro Gabriel Rosito\" \/>\n<meta name=\"twitter:card\" content=\"summary_large_image\" \/>\n<meta name=\"twitter:label1\" content=\"Escrito por\" \/>\n\t<meta name=\"twitter:data1\" content=\"Alejandro Gabriel Rosito\" \/>\n\t<meta name=\"twitter:label2\" content=\"Tiempo de lectura\" \/>\n\t<meta name=\"twitter:data2\" content=\"2 minutos\" \/>\n<script type=\"application\/ld+json\" class=\"yoast-schema-graph\">{\"@context\":\"https:\\\/\\\/schema.org\",\"@graph\":[{\"@type\":\"Article\",\"@id\":\"https:\\\/\\\/autofans.com.ar\\\/index.php\\\/2023\\\/12\\\/11\\\/nissan-alcanza-600-000-autos-en-resende\\\/#article\",\"isPartOf\":{\"@id\":\"https:\\\/\\\/autofans.com.ar\\\/index.php\\\/2023\\\/12\\\/11\\\/nissan-alcanza-600-000-autos-en-resende\\\/\"},\"author\":{\"name\":\"Alejandro Gabriel Rosito\",\"@id\":\"https:\\\/\\\/autofans.com.ar\\\/#\\\/schema\\\/person\\\/4a8dda0b6df83ac3d6723e921274c2aa\"},\"headline\":\"Nissan alcanza 600.000 autos en Resende\",\"datePublished\":\"2023-12-11T22:49:32+00:00\",\"dateModified\":\"2023-12-11T22:54:25+00:00\",\"mainEntityOfPage\":{\"@id\":\"https:\\\/\\\/autofans.com.ar\\\/index.php\\\/2023\\\/12\\\/11\\\/nissan-alcanza-600-000-autos-en-resende\\\/\"},\"wordCount\":371,\"image\":{\"@id\":\"https:\\\/\\\/autofans.com.ar\\\/index.php\\\/2023\\\/12\\\/11\\\/nissan-alcanza-600-000-autos-en-resende\\\/#primaryimage\"},\"thumbnailUrl\":\"https:\\\/\\\/autofans.com.ar\\\/wp-content\\\/uploads\\\/2023\\\/12\\\/foto-1-12.jpg\",\"keywords\":[\"Brasil\",\"Complejo Industrial\",\"Econom\u00eda\",\"exportaci\u00f3n\",\"inversi\u00f3n\",\"Makoto Uchida\",\"Nissan\",\"Resende\",\"R\u00edo de Janeiro\",\"SUV\",\"veh\u00edculos\"],\"articleSection\":[\"EMPRESAS\",\"NOTICIAS\"],\"inLanguage\":\"es\"},{\"@type\":\"WebPage\",\"@id\":\"https:\\\/\\\/autofans.com.ar\\\/index.php\\\/2023\\\/12\\\/11\\\/nissan-alcanza-600-000-autos-en-resende\\\/\",\"url\":\"https:\\\/\\\/autofans.com.ar\\\/index.php\\\/2023\\\/12\\\/11\\\/nissan-alcanza-600-000-autos-en-resende\\\/\",\"name\":\"Nissan alcanza 600.000 autos en Resende -\",\"isPartOf\":{\"@id\":\"https:\\\/\\\/autofans.com.ar\\\/#website\"},\"primaryImageOfPage\":{\"@id\":\"https:\\\/\\\/autofans.com.ar\\\/index.php\\\/2023\\\/12\\\/11\\\/nissan-alcanza-600-000-autos-en-resende\\\/#primaryimage\"},\"image\":{\"@id\":\"https:\\\/\\\/autofans.com.ar\\\/index.php\\\/2023\\\/12\\\/11\\\/nissan-alcanza-600-000-autos-en-resende\\\/#primaryimage\"},\"thumbnailUrl\":\"https:\\\/\\\/autofans.com.ar\\\/wp-content\\\/uploads\\\/2023\\\/12\\\/foto-1-12.jpg\",\"datePublished\":\"2023-12-11T22:49:32+00:00\",\"dateModified\":\"2023-12-11T22:54:25+00:00\",\"author\":{\"@id\":\"https:\\\/\\\/autofans.com.ar\\\/#\\\/schema\\\/person\\\/4a8dda0b6df83ac3d6723e921274c2aa\"},\"description\":\"Nissan ha alcanzo un logro significativo en el Complejo Industrial de Resende de R\u00edo de Janeiro, al celebrar la producci\u00f3n de 600.000 autos..\",\"breadcrumb\":{\"@id\":\"https:\\\/\\\/autofans.com.ar\\\/index.php\\\/2023\\\/12\\\/11\\\/nissan-alcanza-600-000-autos-en-resende\\\/#breadcrumb\"},\"inLanguage\":\"es\",\"potentialAction\":[{\"@type\":\"ReadAction\",\"target\":[\"https:\\\/\\\/autofans.com.ar\\\/index.php\\\/2023\\\/12\\\/11\\\/nissan-alcanza-600-000-autos-en-resende\\\/\"]}]},{\"@type\":\"ImageObject\",\"inLanguage\":\"es\",\"@id\":\"https:\\\/\\\/autofans.com.ar\\\/index.php\\\/2023\\\/12\\\/11\\\/nissan-alcanza-600-000-autos-en-resende\\\/#primaryimage\",\"url\":\"https:\\\/\\\/autofans.com.ar\\\/wp-content\\\/uploads\\\/2023\\\/12\\\/foto-1-12.jpg\",\"contentUrl\":\"https:\\\/\\\/autofans.com.ar\\\/wp-content\\\/uploads\\\/2023\\\/12\\\/foto-1-12.jpg\",\"width\":1000,\"height\":667,\"caption\":\"Nissan\"},{\"@type\":\"BreadcrumbList\",\"@id\":\"https:\\\/\\\/autofans.com.ar\\\/index.php\\\/2023\\\/12\\\/11\\\/nissan-alcanza-600-000-autos-en-resende\\\/#breadcrumb\",\"itemListElement\":[{\"@type\":\"ListItem\",\"position\":1,\"name\":\"Inicio\",\"item\":\"https:\\\/\\\/autofans.com.ar\\\/\"},{\"@type\":\"ListItem\",\"position\":2,\"name\":\"Nissan alcanza 600.000 autos en Resende\"}]},{\"@type\":\"WebSite\",\"@id\":\"https:\\\/\\\/autofans.com.ar\\\/#website\",\"url\":\"https:\\\/\\\/autofans.com.ar\\\/\",\"name\":\"\",\"description\":\"El multimedio referente de la industria automotriz\",\"potentialAction\":[{\"@type\":\"SearchAction\",\"target\":{\"@type\":\"EntryPoint\",\"urlTemplate\":\"https:\\\/\\\/autofans.com.ar\\\/?s={search_term_string}\"},\"query-input\":{\"@type\":\"PropertyValueSpecification\",\"valueRequired\":true,\"valueName\":\"search_term_string\"}}],\"inLanguage\":\"es\"},{\"@type\":\"Person\",\"@id\":\"https:\\\/\\\/autofans.com.ar\\\/#\\\/schema\\\/person\\\/4a8dda0b6df83ac3d6723e921274c2aa\",\"name\":\"Alejandro Gabriel Rosito\",\"image\":{\"@type\":\"ImageObject\",\"inLanguage\":\"es\",\"@id\":\"https:\\\/\\\/secure.gravatar.com\\\/avatar\\\/16c5dda1489adfc62618084dcbb91cffd879c374b13fe5dd8e44ed6733852c88?s=96&d=mm&r=g\",\"url\":\"https:\\\/\\\/secure.gravatar.com\\\/avatar\\\/16c5dda1489adfc62618084dcbb91cffd879c374b13fe5dd8e44ed6733852c88?s=96&d=mm&r=g\",\"contentUrl\":\"https:\\\/\\\/secure.gravatar.com\\\/avatar\\\/16c5dda1489adfc62618084dcbb91cffd879c374b13fe5dd8e44ed6733852c88?s=96&d=mm&r=g\",\"caption\":\"Alejandro Gabriel Rosito\"},\"url\":\"https:\\\/\\\/autofans.com.ar\\\/index.php\\\/author\\\/gabrielr\\\/\"}]}<\/script>\n<!-- \/ Yoast SEO plugin. -->","yoast_head_json":{"title":"Nissan alcanza 600.000 autos en Resende -","description":"Nissan ha alcanzo un logro significativo en el Complejo Industrial de Resende de R\u00edo de Janeiro, al celebrar la producci\u00f3n de 600.000 autos..","robots":{"index":"index","follow":"follow","max-snippet":"max-snippet:-1","max-image-preview":"max-image-preview:large","max-video-preview":"max-video-preview:-1"},"canonical":"https:\/\/autofans.com.ar\/index.php\/2023\/12\/11\/nissan-alcanza-600-000-autos-en-resende\/","og_locale":"es_ES","og_type":"article","og_title":"Nissan alcanza 600.000 autos en Resende -","og_description":"Nissan ha alcanzo un logro significativo en el Complejo Industrial de Resende de R\u00edo de Janeiro, al celebrar la producci\u00f3n de 600.000 autos..","og_url":"https:\/\/autofans.com.ar\/index.php\/2023\/12\/11\/nissan-alcanza-600-000-autos-en-resende\/","article_published_time":"2023-12-11T22:49:32+00:00","article_modified_time":"2023-12-11T22:54:25+00:00","og_image":[{"width":1000,"height":667,"url":"https:\/\/autofans.com.ar\/wp-content\/uploads\/2023\/12\/foto-1-12.jpg","type":"image\/jpeg"}],"author":"Alejandro Gabriel Rosito","twitter_card":"summary_large_image","twitter_misc":{"Escrito por":"Alejandro Gabriel Rosito","Tiempo de lectura":"2 minutos"},"schema":{"@context":"https:\/\/schema.org","@graph":[{"@type":"Article","@id":"https:\/\/autofans.com.ar\/index.php\/2023\/12\/11\/nissan-alcanza-600-000-autos-en-resende\/#article","isPartOf":{"@id":"https:\/\/autofans.com.ar\/index.php\/2023\/12\/11\/nissan-alcanza-600-000-autos-en-resende\/"},"author":{"name":"Alejandro Gabriel Rosito","@id":"https:\/\/autofans.com.ar\/#\/schema\/person\/4a8dda0b6df83ac3d6723e921274c2aa"},"headline":"Nissan alcanza 600.000 autos en Resende","datePublished":"2023-12-11T22:49:32+00:00","dateModified":"2023-12-11T22:54:25+00:00","mainEntityOfPage":{"@id":"https:\/\/autofans.com.ar\/index.php\/2023\/12\/11\/nissan-alcanza-600-000-autos-en-resende\/"},"wordCount":371,"image":{"@id":"https:\/\/autofans.com.ar\/index.php\/2023\/12\/11\/nissan-alcanza-600-000-autos-en-resende\/#primaryimage"},"thumbnailUrl":"https:\/\/autofans.com.ar\/wp-content\/uploads\/2023\/12\/foto-1-12.jpg","keywords":["Brasil","Complejo Industrial","Econom\u00eda","exportaci\u00f3n","inversi\u00f3n","Makoto Uchida","Nissan","Resende","R\u00edo de Janeiro","SUV","veh\u00edculos"],"articleSection":["EMPRESAS","NOTICIAS"],"inLanguage":"es"},{"@type":"WebPage","@id":"https:\/\/autofans.com.ar\/index.php\/2023\/12\/11\/nissan-alcanza-600-000-autos-en-resende\/","url":"https:\/\/autofans.com.ar\/index.php\/2023\/12\/11\/nissan-alcanza-600-000-autos-en-resende\/","name":"Nissan alcanza 600.000 autos en Resende -","isPartOf":{"@id":"https:\/\/autofans.com.ar\/#website"},"primaryImageOfPage":{"@id":"https:\/\/autofans.com.ar\/index.php\/2023\/12\/11\/nissan-alcanza-600-000-autos-en-resende\/#primaryimage"},"image":{"@id":"https:\/\/autofans.com.ar\/index.php\/2023\/12\/11\/nissan-alcanza-600-000-autos-en-resende\/#primaryimage"},"thumbnailUrl":"https:\/\/autofans.com.ar\/wp-content\/uploads\/2023\/12\/foto-1-12.jpg","datePublished":"2023-12-11T22:49:32+00:00","dateModified":"2023-12-11T22:54:25+00:00","author":{"@id":"https:\/\/autofans.com.ar\/#\/schema\/person\/4a8dda0b6df83ac3d6723e921274c2aa"},"description":"Nissan ha alcanzo un logro significativo en el Complejo Industrial de Resende de R\u00edo de Janeiro, al celebrar la producci\u00f3n de 600.000 autos..","breadcrumb":{"@id":"https:\/\/autofans.com.ar\/index.php\/2023\/12\/11\/nissan-alcanza-600-000-autos-en-resende\/#breadcrumb"},"inLanguage":"es","potentialAction":[{"@type":"ReadAction","target":["https:\/\/autofans.com.ar\/index.php\/2023\/12\/11\/nissan-alcanza-600-000-autos-en-resende\/"]}]},{"@type":"ImageObject","inLanguage":"es","@id":"https:\/\/autofans.com.ar\/index.php\/2023\/12\/11\/nissan-alcanza-600-000-autos-en-resende\/#primaryimage","url":"https:\/\/autofans.com.ar\/wp-content\/uploads\/2023\/12\/foto-1-12.jpg","contentUrl":"https:\/\/autofans.com.ar\/wp-content\/uploads\/2023\/12\/foto-1-12.jpg","width":1000,"height":667,"caption":"Nissan"},{"@type":"BreadcrumbList","@id":"https:\/\/autofans.com.ar\/index.php\/2023\/12\/11\/nissan-alcanza-600-000-autos-en-resende\/#breadcrumb","itemListElement":[{"@type":"ListItem","position":1,"name":"Inicio","item":"https:\/\/autofans.com.ar\/"},{"@type":"ListItem","position":2,"name":"Nissan alcanza 600.000 autos en Resende"}]},{"@type":"WebSite","@id":"https:\/\/autofans.com.ar\/#website","url":"https:\/\/autofans.com.ar\/","name":"","description":"El multimedio referente de la industria automotriz","potentialAction":[{"@type":"SearchAction","target":{"@type":"EntryPoint","urlTemplate":"https:\/\/autofans.com.ar\/?s={search_term_string}"},"query-input":{"@type":"PropertyValueSpecification","valueRequired":true,"valueName":"search_term_string"}}],"inLanguage":"es"},{"@type":"Person","@id":"https:\/\/autofans.com.ar\/#\/schema\/person\/4a8dda0b6df83ac3d6723e921274c2aa","name":"Alejandro Gabriel Rosito","image":{"@type":"ImageObject","inLanguage":"es","@id":"https:\/\/secure.gravatar.com\/avatar\/16c5dda1489adfc62618084dcbb91cffd879c374b13fe5dd8e44ed6733852c88?s=96&d=mm&r=g","url":"https:\/\/secure.gravatar.com\/avatar\/16c5dda1489adfc62618084dcbb91cffd879c374b13fe5dd8e44ed6733852c88?s=96&d=mm&r=g","contentUrl":"https:\/\/secure.gravatar.com\/avatar\/16c5dda1489adfc62618084dcbb91cffd879c374b13fe5dd8e44ed6733852c88?s=96&d=mm&r=g","caption":"Alejandro Gabriel Rosito"},"url":"https:\/\/autofans.com.ar\/index.php\/author\/gabrielr\/"}]}},"featured_image_urls":{"full":["https:\/\/autofans.com.ar\/wp-content\/uploads\/2023\/12\/foto-1-12.jpg",1000,667,false],"thumbnail":["https:\/\/autofans.com.ar\/wp-content\/uploads\/2023\/12\/foto-1-12-150x150.jpg",150,150,true],"medium":["https:\/\/autofans.com.ar\/wp-content\/uploads\/2023\/12\/foto-1-12-300x200.jpg",300,200,true],"medium_large":["https:\/\/autofans.com.ar\/wp-content\/uploads\/2023\/12\/foto-1-12-768x512.jpg",640,427,true],"large":["https:\/\/autofans.com.ar\/wp-content\/uploads\/2023\/12\/foto-1-12.jpg",640,427,false],"1536x1536":["https:\/\/autofans.com.ar\/wp-content\/uploads\/2023\/12\/foto-1-12.jpg",1000,667,false],"2048x2048":["https:\/\/autofans.com.ar\/wp-content\/uploads\/2023\/12\/foto-1-12.jpg",1000,667,false],"covernews-featured":["https:\/\/autofans.com.ar\/wp-content\/uploads\/2023\/12\/foto-1-12.jpg",1000,667,false],"covernews-medium":["https:\/\/autofans.com.ar\/wp-content\/uploads\/2023\/12\/foto-1-12-540x340.jpg",540,340,true]},"author_info":{"display_name":"Alejandro Gabriel Rosito","author_link":"https:\/\/autofans.com.ar\/index.php\/author\/gabrielr\/"},"category_info":"<a href=\"https:\/\/autofans.com.ar\/index.php\/category\/noticias\/empresas\/\" rel=\"category tag\">EMPRESAS<\/a> <a href=\"https:\/\/autofans.com.ar\/index.php\/category\/noticias\/\" rel=\"category tag\">NOTICIAS<\/a>","tag_info":"NOTICIAS","comment_count":0,"_links":{"self":[{"href":"https:\/\/autofans.com.ar\/index.php\/wp-json\/wp\/v2\/posts\/6071","targetHints":{"allow":["GET"]}}],"collection":[{"href":"https:\/\/autofans.com.ar\/index.php\/wp-json\/wp\/v2\/posts"}],"about":[{"href":"https:\/\/autofans.com.ar\/index.php\/wp-json\/wp\/v2\/types\/post"}],"author":[{"embeddable":true,"href":"https:\/\/autofans.com.ar\/index.php\/wp-json\/wp\/v2\/users\/2"}],"replies":[{"embeddable":true,"href":"https:\/\/autofans.com.ar\/index.php\/wp-json\/wp\/v2\/comments?post=6071"}],"version-history":[{"count":1,"href":"https:\/\/autofans.com.ar\/index.php\/wp-json\/wp\/v2\/posts\/6071\/revisions"}],"predecessor-version":[{"id":6074,"href":"https:\/\/autofans.com.ar\/index.php\/wp-json\/wp\/v2\/posts\/6071\/revisions\/6074"}],"wp:featuredmedia":[{"embeddable":true,"href":"https:\/\/autofans.com.ar\/index.php\/wp-json\/wp\/v2\/media\/6073"}],"wp:attachment":[{"href":"https:\/\/autofans.com.ar\/index.php\/wp-json\/wp\/v2\/media?parent=6071"}],"wp:term":[{"taxonomy":"category","embeddable":true,"href":"https:\/\/autofans.com.ar\/index.php\/wp-json\/wp\/v2\/categories?post=6071"},{"taxonomy":"post_tag","embeddable":true,"href":"https:\/\/autofans.com.ar\/index.php\/wp-json\/wp\/v2\/tags?post=6071"}],"curies":[{"name":"wp","href":"https:\/\/api.w.org\/{rel}","templated":true}]}}