{"id":6087,"date":"2023-12-15T14:03:32","date_gmt":"2023-12-15T17:03:32","guid":{"rendered":"https:\/\/autofans.com.ar\/?p=6087"},"modified":"2023-12-15T14:03:32","modified_gmt":"2023-12-15T17:03:32","slug":"recall-volkswagen-revision-y-seguridad-para-varios-modelos","status":"publish","type":"post","link":"https:\/\/autofans.com.ar\/index.php\/2023\/12\/15\/recall-volkswagen-revision-y-seguridad-para-varios-modelos\/","title":{"rendered":"Recall Volkswagen, revisi\u00f3n y seguridad para varios modelos"},"content":{"rendered":"<p>Volkswagen Argentina est\u00e1 llevando a cabo un llamado a revisi\u00f3n de veh\u00edculos fabricados entre los a\u00f1os 2006 y 2018, abarcando modelos como Gol, Voyage, Saveiro, Fox, Sur\u00e1n, Transporter y Up!. La convocatoria se centra en la posible apertura defectuosa de airbags en caso de colisi\u00f3n, y la empresa busca garantizar la seguridad y confiabilidad de sus productos.<\/p>\n<p>&nbsp;<\/p>\n<h2>Verificaci\u00f3n Gratuita en la Web de Volkswagen<\/h2>\n<p>La marca insta a todos los propietarios de los mencionados modelos a visitar la <a href=\"https:\/\/www.volkswagen.com.ar\/app\/local\/postventa-recall\/?adchan=sem&amp;country=ar&amp;publisher=google&amp;adpl=consideration&amp;campaign=postventa-recall&amp;format=exact&amp;adcr=rsa&amp;seatype=branded&amp;adgroup=inst_[exact]_recall&amp;language=ar&amp;adpay=paid&amp;adap=rsa_recall&amp;gad_source=1&amp;gclid=Cj0KCQiA7OqrBhD9ARIsAK3UXh2xqpy4Kfguu7NAVsmk7BesvqeCTidZRAgsoKT-V-__kRcq1o2wQRsaAhdFEALw_wcB\" target=\"_blank\" rel=\"noopener\">web oficial<\/a> para comprobar si sus veh\u00edculos est\u00e1n afectados por esta campa\u00f1a de recall. La revisi\u00f3n es completamente gratuita, y los usuarios podr\u00e1n acceder a informaci\u00f3n detallada sobre el procedimiento y los pasos a seguir.<\/p>\n<p>&nbsp;<\/p>\n<p><img fetchpriority=\"high\" decoding=\"async\" class=\"aligncenter wp-image-6089 size-full\" src=\"https:\/\/autofans.com.ar\/wp-content\/uploads\/2023\/12\/Untitled.jpeg\" alt=\"Recall Volkswagen\" width=\"1200\" height=\"800\" srcset=\"https:\/\/autofans.com.ar\/wp-content\/uploads\/2023\/12\/Untitled.jpeg 1200w, https:\/\/autofans.com.ar\/wp-content\/uploads\/2023\/12\/Untitled-300x200.jpeg 300w, https:\/\/autofans.com.ar\/wp-content\/uploads\/2023\/12\/Untitled-1024x683.jpeg 1024w, https:\/\/autofans.com.ar\/wp-content\/uploads\/2023\/12\/Untitled-768x512.jpeg 768w\" sizes=\"(max-width: 1200px) 100vw, 1200px\" \/><\/p>\n<p>&nbsp;<\/p>\n<h2>Tareas Preventivas y Cambio de Aceite Bonificado<\/h2>\n<p>En caso de confirmarse la necesidad de intervenci\u00f3n, Volkswagen realizar\u00e1 tareas preventivas, que incluyen la verificaci\u00f3n de las bolsas de aire y, si es necesario, el reemplazo de los generadores de gas. Como incentivo adicional, aquellos clientes que asistan a la revisi\u00f3n y no lo hayan hecho anteriormente recibir\u00e1n un cambio de aceite y filtro completamente bonificado.<\/p>\n<p>&nbsp;<\/p>\n<p><i>Para enterarte de m\u00e1s novedades, no dejes de leer\u00a0<\/i><a href=\"https:\/\/autofans.thebrandsoup.com\/\"><i>nuestras notas<\/i><\/a><i>, de ver<\/i><b><i>\u00a0<\/i><\/b><a href=\"https:\/\/www.youtube.com\/channel\/UCgAC8UGHZYbT6P7PpmVnP7g\"><b><i>AUTOFANS TV<\/i><\/b><\/a><b><i>\u00a0<\/i><\/b><i>en nuestro\u00a0canal de Youtube. Adem\u00e1s seguinos en\u00a0<\/i><a href=\"https:\/\/www.instagram.com\/autofanstv\/\"><i>INSTAGRAM<\/i><\/a><i> y <\/i><a href=\"https:\/\/www.facebook.com\/autofansmas\/\"><i>FACEBOOK<\/i><\/a><i> para no perderte nada sobre las novedades del segmento automotor de Argentina y el mundo.<\/i><\/p>\n","protected":false},"excerpt":{"rendered":"<p>Volkswagen Argentina est\u00e1 llevando a cabo un llamado a revisi\u00f3n de veh\u00edculos fabricados entre los&#8230;<\/p>\n","protected":false},"author":2,"featured_media":6088,"comment_status":"closed","ping_status":"closed","sticky":false,"template":"","format":"standard","meta":{"footnotes":""},"categories":[292,16],"tags":[3177,3006,3179,3180,3178,3175,3176,1306,382],"class_list":["post-6087","post","type-post","status-publish","format-standard","has-post-thumbnail","hentry","category-empresas","category-noticias","tag-airbags","tag-cambio-de-aceite","tag-confianza-del-cliente","tag-filtro-gratis","tag-modelos-2006-2018","tag-recall","tag-revision","tag-seguridad-vehicular","tag-volkswagen"],"yoast_head":"<!-- This site is optimized with the Yoast SEO plugin v27.5 - https:\/\/yoast.com\/product\/yoast-seo-wordpress\/ -->\n<title>Recall Volkswagen, revisi\u00f3n y seguridad para varios modelos -<\/title>\n<meta name=\"description\" content=\"Volkswagen Argentina est\u00e1 llevando a cabo un llamado a revisi\u00f3n de veh\u00edculos fabricados entre los a\u00f1os 2006 y 2018, abarcando varios modelos.\" \/>\n<meta name=\"robots\" content=\"index, follow, max-snippet:-1, max-image-preview:large, max-video-preview:-1\" \/>\n<link rel=\"canonical\" href=\"https:\/\/autofans.com.ar\/index.php\/2023\/12\/15\/recall-volkswagen-revision-y-seguridad-para-varios-modelos\/\" \/>\n<meta property=\"og:locale\" content=\"es_ES\" \/>\n<meta property=\"og:type\" content=\"article\" \/>\n<meta property=\"og:title\" content=\"Recall Volkswagen, revisi\u00f3n y seguridad para varios modelos -\" \/>\n<meta property=\"og:description\" content=\"Volkswagen Argentina est\u00e1 llevando a cabo un llamado a revisi\u00f3n de veh\u00edculos fabricados entre los a\u00f1os 2006 y 2018, abarcando varios modelos.\" \/>\n<meta property=\"og:url\" content=\"https:\/\/autofans.com.ar\/index.php\/2023\/12\/15\/recall-volkswagen-revision-y-seguridad-para-varios-modelos\/\" \/>\n<meta property=\"article:published_time\" content=\"2023-12-15T17:03:32+00:00\" \/>\n<meta property=\"og:image\" content=\"https:\/\/autofans.com.ar\/wp-content\/uploads\/2023\/12\/Untitled-2.jpg\" \/>\n\t<meta property=\"og:image:width\" content=\"1600\" \/>\n\t<meta property=\"og:image:height\" content=\"900\" \/>\n\t<meta property=\"og:image:type\" content=\"image\/jpeg\" \/>\n<meta name=\"author\" content=\"Alejandro Gabriel Rosito\" \/>\n<meta name=\"twitter:card\" content=\"summary_large_image\" \/>\n<meta name=\"twitter:label1\" content=\"Escrito por\" \/>\n\t<meta name=\"twitter:data1\" content=\"Alejandro Gabriel Rosito\" \/>\n\t<meta name=\"twitter:label2\" content=\"Tiempo de lectura\" \/>\n\t<meta name=\"twitter:data2\" content=\"2 minutos\" \/>\n<script type=\"application\/ld+json\" class=\"yoast-schema-graph\">{\"@context\":\"https:\\\/\\\/schema.org\",\"@graph\":[{\"@type\":\"Article\",\"@id\":\"https:\\\/\\\/autofans.com.ar\\\/index.php\\\/2023\\\/12\\\/15\\\/recall-volkswagen-revision-y-seguridad-para-varios-modelos\\\/#article\",\"isPartOf\":{\"@id\":\"https:\\\/\\\/autofans.com.ar\\\/index.php\\\/2023\\\/12\\\/15\\\/recall-volkswagen-revision-y-seguridad-para-varios-modelos\\\/\"},\"author\":{\"name\":\"Alejandro Gabriel Rosito\",\"@id\":\"https:\\\/\\\/autofans.com.ar\\\/#\\\/schema\\\/person\\\/4a8dda0b6df83ac3d6723e921274c2aa\"},\"headline\":\"Recall Volkswagen, revisi\u00f3n y seguridad para varios modelos\",\"datePublished\":\"2023-12-15T17:03:32+00:00\",\"mainEntityOfPage\":{\"@id\":\"https:\\\/\\\/autofans.com.ar\\\/index.php\\\/2023\\\/12\\\/15\\\/recall-volkswagen-revision-y-seguridad-para-varios-modelos\\\/\"},\"wordCount\":247,\"image\":{\"@id\":\"https:\\\/\\\/autofans.com.ar\\\/index.php\\\/2023\\\/12\\\/15\\\/recall-volkswagen-revision-y-seguridad-para-varios-modelos\\\/#primaryimage\"},\"thumbnailUrl\":\"https:\\\/\\\/autofans.com.ar\\\/wp-content\\\/uploads\\\/2023\\\/12\\\/Untitled-2.jpg\",\"keywords\":[\"Airbags\",\"cambio de aceite\",\"Confianza del Cliente\",\"Filtro Gratis\",\"Modelos 2006-2018\",\"Recall\",\"Revisi\u00f3n\",\"seguridad vehicular\",\"Volkswagen\"],\"articleSection\":[\"EMPRESAS\",\"NOTICIAS\"],\"inLanguage\":\"es\"},{\"@type\":\"WebPage\",\"@id\":\"https:\\\/\\\/autofans.com.ar\\\/index.php\\\/2023\\\/12\\\/15\\\/recall-volkswagen-revision-y-seguridad-para-varios-modelos\\\/\",\"url\":\"https:\\\/\\\/autofans.com.ar\\\/index.php\\\/2023\\\/12\\\/15\\\/recall-volkswagen-revision-y-seguridad-para-varios-modelos\\\/\",\"name\":\"Recall Volkswagen, revisi\u00f3n y seguridad para varios modelos -\",\"isPartOf\":{\"@id\":\"https:\\\/\\\/autofans.com.ar\\\/#website\"},\"primaryImageOfPage\":{\"@id\":\"https:\\\/\\\/autofans.com.ar\\\/index.php\\\/2023\\\/12\\\/15\\\/recall-volkswagen-revision-y-seguridad-para-varios-modelos\\\/#primaryimage\"},\"image\":{\"@id\":\"https:\\\/\\\/autofans.com.ar\\\/index.php\\\/2023\\\/12\\\/15\\\/recall-volkswagen-revision-y-seguridad-para-varios-modelos\\\/#primaryimage\"},\"thumbnailUrl\":\"https:\\\/\\\/autofans.com.ar\\\/wp-content\\\/uploads\\\/2023\\\/12\\\/Untitled-2.jpg\",\"datePublished\":\"2023-12-15T17:03:32+00:00\",\"author\":{\"@id\":\"https:\\\/\\\/autofans.com.ar\\\/#\\\/schema\\\/person\\\/4a8dda0b6df83ac3d6723e921274c2aa\"},\"description\":\"Volkswagen Argentina est\u00e1 llevando a cabo un llamado a revisi\u00f3n de veh\u00edculos fabricados entre los a\u00f1os 2006 y 2018, abarcando varios modelos.\",\"breadcrumb\":{\"@id\":\"https:\\\/\\\/autofans.com.ar\\\/index.php\\\/2023\\\/12\\\/15\\\/recall-volkswagen-revision-y-seguridad-para-varios-modelos\\\/#breadcrumb\"},\"inLanguage\":\"es\",\"potentialAction\":[{\"@type\":\"ReadAction\",\"target\":[\"https:\\\/\\\/autofans.com.ar\\\/index.php\\\/2023\\\/12\\\/15\\\/recall-volkswagen-revision-y-seguridad-para-varios-modelos\\\/\"]}]},{\"@type\":\"ImageObject\",\"inLanguage\":\"es\",\"@id\":\"https:\\\/\\\/autofans.com.ar\\\/index.php\\\/2023\\\/12\\\/15\\\/recall-volkswagen-revision-y-seguridad-para-varios-modelos\\\/#primaryimage\",\"url\":\"https:\\\/\\\/autofans.com.ar\\\/wp-content\\\/uploads\\\/2023\\\/12\\\/Untitled-2.jpg\",\"contentUrl\":\"https:\\\/\\\/autofans.com.ar\\\/wp-content\\\/uploads\\\/2023\\\/12\\\/Untitled-2.jpg\",\"width\":1600,\"height\":900,\"caption\":\"Recall Volkswagen\"},{\"@type\":\"BreadcrumbList\",\"@id\":\"https:\\\/\\\/autofans.com.ar\\\/index.php\\\/2023\\\/12\\\/15\\\/recall-volkswagen-revision-y-seguridad-para-varios-modelos\\\/#breadcrumb\",\"itemListElement\":[{\"@type\":\"ListItem\",\"position\":1,\"name\":\"Inicio\",\"item\":\"https:\\\/\\\/autofans.com.ar\\\/\"},{\"@type\":\"ListItem\",\"position\":2,\"name\":\"Recall Volkswagen, revisi\u00f3n y seguridad para varios modelos\"}]},{\"@type\":\"WebSite\",\"@id\":\"https:\\\/\\\/autofans.com.ar\\\/#website\",\"url\":\"https:\\\/\\\/autofans.com.ar\\\/\",\"name\":\"\",\"description\":\"El multimedio referente de la industria automotriz\",\"potentialAction\":[{\"@type\":\"SearchAction\",\"target\":{\"@type\":\"EntryPoint\",\"urlTemplate\":\"https:\\\/\\\/autofans.com.ar\\\/?s={search_term_string}\"},\"query-input\":{\"@type\":\"PropertyValueSpecification\",\"valueRequired\":true,\"valueName\":\"search_term_string\"}}],\"inLanguage\":\"es\"},{\"@type\":\"Person\",\"@id\":\"https:\\\/\\\/autofans.com.ar\\\/#\\\/schema\\\/person\\\/4a8dda0b6df83ac3d6723e921274c2aa\",\"name\":\"Alejandro Gabriel Rosito\",\"image\":{\"@type\":\"ImageObject\",\"inLanguage\":\"es\",\"@id\":\"https:\\\/\\\/secure.gravatar.com\\\/avatar\\\/16c5dda1489adfc62618084dcbb91cffd879c374b13fe5dd8e44ed6733852c88?s=96&d=mm&r=g\",\"url\":\"https:\\\/\\\/secure.gravatar.com\\\/avatar\\\/16c5dda1489adfc62618084dcbb91cffd879c374b13fe5dd8e44ed6733852c88?s=96&d=mm&r=g\",\"contentUrl\":\"https:\\\/\\\/secure.gravatar.com\\\/avatar\\\/16c5dda1489adfc62618084dcbb91cffd879c374b13fe5dd8e44ed6733852c88?s=96&d=mm&r=g\",\"caption\":\"Alejandro Gabriel Rosito\"},\"url\":\"https:\\\/\\\/autofans.com.ar\\\/index.php\\\/author\\\/gabrielr\\\/\"}]}<\/script>\n<!-- \/ Yoast SEO plugin. -->","yoast_head_json":{"title":"Recall Volkswagen, revisi\u00f3n y seguridad para varios modelos -","description":"Volkswagen Argentina est\u00e1 llevando a cabo un llamado a revisi\u00f3n de veh\u00edculos fabricados entre los a\u00f1os 2006 y 2018, abarcando varios modelos.","robots":{"index":"index","follow":"follow","max-snippet":"max-snippet:-1","max-image-preview":"max-image-preview:large","max-video-preview":"max-video-preview:-1"},"canonical":"https:\/\/autofans.com.ar\/index.php\/2023\/12\/15\/recall-volkswagen-revision-y-seguridad-para-varios-modelos\/","og_locale":"es_ES","og_type":"article","og_title":"Recall Volkswagen, revisi\u00f3n y seguridad para varios modelos -","og_description":"Volkswagen Argentina est\u00e1 llevando a cabo un llamado a revisi\u00f3n de veh\u00edculos fabricados entre los a\u00f1os 2006 y 2018, abarcando varios modelos.","og_url":"https:\/\/autofans.com.ar\/index.php\/2023\/12\/15\/recall-volkswagen-revision-y-seguridad-para-varios-modelos\/","article_published_time":"2023-12-15T17:03:32+00:00","og_image":[{"width":1600,"height":900,"url":"https:\/\/autofans.com.ar\/wp-content\/uploads\/2023\/12\/Untitled-2.jpg","type":"image\/jpeg"}],"author":"Alejandro Gabriel Rosito","twitter_card":"summary_large_image","twitter_misc":{"Escrito por":"Alejandro Gabriel Rosito","Tiempo de lectura":"2 minutos"},"schema":{"@context":"https:\/\/schema.org","@graph":[{"@type":"Article","@id":"https:\/\/autofans.com.ar\/index.php\/2023\/12\/15\/recall-volkswagen-revision-y-seguridad-para-varios-modelos\/#article","isPartOf":{"@id":"https:\/\/autofans.com.ar\/index.php\/2023\/12\/15\/recall-volkswagen-revision-y-seguridad-para-varios-modelos\/"},"author":{"name":"Alejandro Gabriel Rosito","@id":"https:\/\/autofans.com.ar\/#\/schema\/person\/4a8dda0b6df83ac3d6723e921274c2aa"},"headline":"Recall Volkswagen, revisi\u00f3n y seguridad para varios modelos","datePublished":"2023-12-15T17:03:32+00:00","mainEntityOfPage":{"@id":"https:\/\/autofans.com.ar\/index.php\/2023\/12\/15\/recall-volkswagen-revision-y-seguridad-para-varios-modelos\/"},"wordCount":247,"image":{"@id":"https:\/\/autofans.com.ar\/index.php\/2023\/12\/15\/recall-volkswagen-revision-y-seguridad-para-varios-modelos\/#primaryimage"},"thumbnailUrl":"https:\/\/autofans.com.ar\/wp-content\/uploads\/2023\/12\/Untitled-2.jpg","keywords":["Airbags","cambio de aceite","Confianza del Cliente","Filtro Gratis","Modelos 2006-2018","Recall","Revisi\u00f3n","seguridad vehicular","Volkswagen"],"articleSection":["EMPRESAS","NOTICIAS"],"inLanguage":"es"},{"@type":"WebPage","@id":"https:\/\/autofans.com.ar\/index.php\/2023\/12\/15\/recall-volkswagen-revision-y-seguridad-para-varios-modelos\/","url":"https:\/\/autofans.com.ar\/index.php\/2023\/12\/15\/recall-volkswagen-revision-y-seguridad-para-varios-modelos\/","name":"Recall Volkswagen, revisi\u00f3n y seguridad para varios modelos -","isPartOf":{"@id":"https:\/\/autofans.com.ar\/#website"},"primaryImageOfPage":{"@id":"https:\/\/autofans.com.ar\/index.php\/2023\/12\/15\/recall-volkswagen-revision-y-seguridad-para-varios-modelos\/#primaryimage"},"image":{"@id":"https:\/\/autofans.com.ar\/index.php\/2023\/12\/15\/recall-volkswagen-revision-y-seguridad-para-varios-modelos\/#primaryimage"},"thumbnailUrl":"https:\/\/autofans.com.ar\/wp-content\/uploads\/2023\/12\/Untitled-2.jpg","datePublished":"2023-12-15T17:03:32+00:00","author":{"@id":"https:\/\/autofans.com.ar\/#\/schema\/person\/4a8dda0b6df83ac3d6723e921274c2aa"},"description":"Volkswagen Argentina est\u00e1 llevando a cabo un llamado a revisi\u00f3n de veh\u00edculos fabricados entre los a\u00f1os 2006 y 2018, abarcando varios modelos.","breadcrumb":{"@id":"https:\/\/autofans.com.ar\/index.php\/2023\/12\/15\/recall-volkswagen-revision-y-seguridad-para-varios-modelos\/#breadcrumb"},"inLanguage":"es","potentialAction":[{"@type":"ReadAction","target":["https:\/\/autofans.com.ar\/index.php\/2023\/12\/15\/recall-volkswagen-revision-y-seguridad-para-varios-modelos\/"]}]},{"@type":"ImageObject","inLanguage":"es","@id":"https:\/\/autofans.com.ar\/index.php\/2023\/12\/15\/recall-volkswagen-revision-y-seguridad-para-varios-modelos\/#primaryimage","url":"https:\/\/autofans.com.ar\/wp-content\/uploads\/2023\/12\/Untitled-2.jpg","contentUrl":"https:\/\/autofans.com.ar\/wp-content\/uploads\/2023\/12\/Untitled-2.jpg","width":1600,"height":900,"caption":"Recall Volkswagen"},{"@type":"BreadcrumbList","@id":"https:\/\/autofans.com.ar\/index.php\/2023\/12\/15\/recall-volkswagen-revision-y-seguridad-para-varios-modelos\/#breadcrumb","itemListElement":[{"@type":"ListItem","position":1,"name":"Inicio","item":"https:\/\/autofans.com.ar\/"},{"@type":"ListItem","position":2,"name":"Recall Volkswagen, revisi\u00f3n y seguridad para varios modelos"}]},{"@type":"WebSite","@id":"https:\/\/autofans.com.ar\/#website","url":"https:\/\/autofans.com.ar\/","name":"","description":"El multimedio referente de la industria automotriz","potentialAction":[{"@type":"SearchAction","target":{"@type":"EntryPoint","urlTemplate":"https:\/\/autofans.com.ar\/?s={search_term_string}"},"query-input":{"@type":"PropertyValueSpecification","valueRequired":true,"valueName":"search_term_string"}}],"inLanguage":"es"},{"@type":"Person","@id":"https:\/\/autofans.com.ar\/#\/schema\/person\/4a8dda0b6df83ac3d6723e921274c2aa","name":"Alejandro Gabriel Rosito","image":{"@type":"ImageObject","inLanguage":"es","@id":"https:\/\/secure.gravatar.com\/avatar\/16c5dda1489adfc62618084dcbb91cffd879c374b13fe5dd8e44ed6733852c88?s=96&d=mm&r=g","url":"https:\/\/secure.gravatar.com\/avatar\/16c5dda1489adfc62618084dcbb91cffd879c374b13fe5dd8e44ed6733852c88?s=96&d=mm&r=g","contentUrl":"https:\/\/secure.gravatar.com\/avatar\/16c5dda1489adfc62618084dcbb91cffd879c374b13fe5dd8e44ed6733852c88?s=96&d=mm&r=g","caption":"Alejandro Gabriel Rosito"},"url":"https:\/\/autofans.com.ar\/index.php\/author\/gabrielr\/"}]}},"featured_image_urls":{"full":["https:\/\/autofans.com.ar\/wp-content\/uploads\/2023\/12\/Untitled-2.jpg",1600,900,false],"thumbnail":["https:\/\/autofans.com.ar\/wp-content\/uploads\/2023\/12\/Untitled-2-150x150.jpg",150,150,true],"medium":["https:\/\/autofans.com.ar\/wp-content\/uploads\/2023\/12\/Untitled-2-300x169.jpg",300,169,true],"medium_large":["https:\/\/autofans.com.ar\/wp-content\/uploads\/2023\/12\/Untitled-2-768x432.jpg",640,360,true],"large":["https:\/\/autofans.com.ar\/wp-content\/uploads\/2023\/12\/Untitled-2-1024x576.jpg",640,360,true],"1536x1536":["https:\/\/autofans.com.ar\/wp-content\/uploads\/2023\/12\/Untitled-2-1536x864.jpg",1536,864,true],"2048x2048":["https:\/\/autofans.com.ar\/wp-content\/uploads\/2023\/12\/Untitled-2.jpg",1600,900,false],"covernews-featured":["https:\/\/autofans.com.ar\/wp-content\/uploads\/2023\/12\/Untitled-2-1024x576.jpg",1024,576,true],"covernews-medium":["https:\/\/autofans.com.ar\/wp-content\/uploads\/2023\/12\/Untitled-2-540x340.jpg",540,340,true]},"author_info":{"display_name":"Alejandro Gabriel Rosito","author_link":"https:\/\/autofans.com.ar\/index.php\/author\/gabrielr\/"},"category_info":"<a href=\"https:\/\/autofans.com.ar\/index.php\/category\/noticias\/empresas\/\" rel=\"category tag\">EMPRESAS<\/a> <a href=\"https:\/\/autofans.com.ar\/index.php\/category\/noticias\/\" rel=\"category tag\">NOTICIAS<\/a>","tag_info":"NOTICIAS","comment_count":0,"_links":{"self":[{"href":"https:\/\/autofans.com.ar\/index.php\/wp-json\/wp\/v2\/posts\/6087","targetHints":{"allow":["GET"]}}],"collection":[{"href":"https:\/\/autofans.com.ar\/index.php\/wp-json\/wp\/v2\/posts"}],"about":[{"href":"https:\/\/autofans.com.ar\/index.php\/wp-json\/wp\/v2\/types\/post"}],"author":[{"embeddable":true,"href":"https:\/\/autofans.com.ar\/index.php\/wp-json\/wp\/v2\/users\/2"}],"replies":[{"embeddable":true,"href":"https:\/\/autofans.com.ar\/index.php\/wp-json\/wp\/v2\/comments?post=6087"}],"version-history":[{"count":2,"href":"https:\/\/autofans.com.ar\/index.php\/wp-json\/wp\/v2\/posts\/6087\/revisions"}],"predecessor-version":[{"id":6091,"href":"https:\/\/autofans.com.ar\/index.php\/wp-json\/wp\/v2\/posts\/6087\/revisions\/6091"}],"wp:featuredmedia":[{"embeddable":true,"href":"https:\/\/autofans.com.ar\/index.php\/wp-json\/wp\/v2\/media\/6088"}],"wp:attachment":[{"href":"https:\/\/autofans.com.ar\/index.php\/wp-json\/wp\/v2\/media?parent=6087"}],"wp:term":[{"taxonomy":"category","embeddable":true,"href":"https:\/\/autofans.com.ar\/index.php\/wp-json\/wp\/v2\/categories?post=6087"},{"taxonomy":"post_tag","embeddable":true,"href":"https:\/\/autofans.com.ar\/index.php\/wp-json\/wp\/v2\/tags?post=6087"}],"curies":[{"name":"wp","href":"https:\/\/api.w.org\/{rel}","templated":true}]}}