{"id":6108,"date":"2023-12-19T19:09:56","date_gmt":"2023-12-19T22:09:56","guid":{"rendered":"https:\/\/autofans.com.ar\/?p=6108"},"modified":"2023-12-19T19:09:56","modified_gmt":"2023-12-19T22:09:56","slug":"nissan-argentina-compromiso-verde-en-2023","status":"publish","type":"post","link":"https:\/\/autofans.com.ar\/index.php\/2023\/12\/19\/nissan-argentina-compromiso-verde-en-2023\/","title":{"rendered":"Nissan Argentina compromiso verde en 2023"},"content":{"rendered":"<p>En el af\u00e1n de construir una sociedad m\u00e1s limpia, segura e inclusiva, Nissan Argentina ha renovado su compromiso con la comunidad y el medio ambiente durante el a\u00f1o 2023. Bajo la premisa de alcanzar un futuro sostenible para todos, la empresa se ha enfocado en acciones integrales que abarcan desde la preservaci\u00f3n del medioambiente hasta el impulso de la diversidad, equidad e inclusi\u00f3n.<\/p>\n<p>&nbsp;<\/p>\n<h2>Nissan y su impacto positivo en 2023<\/h2>\n<p>Las compa\u00f1\u00edas desempe\u00f1an un papel crucial para cumplir con los Objetivos de Desarrollo Sostenible de las Naciones Unidas. En este contexto, Nissan Argentina se destaca por sus acciones concretas para fomentar un estilo de vida alineado con el desarrollo sostenible.<\/p>\n<p>&nbsp;<\/p>\n<p><img fetchpriority=\"high\" decoding=\"async\" class=\"aligncenter wp-image-6110 size-full\" src=\"https:\/\/autofans.com.ar\/wp-content\/uploads\/2023\/12\/foto-3-12.jpg\" alt=\"Nissan Argentina\" width=\"1000\" height=\"667\" srcset=\"https:\/\/autofans.com.ar\/wp-content\/uploads\/2023\/12\/foto-3-12.jpg 1000w, https:\/\/autofans.com.ar\/wp-content\/uploads\/2023\/12\/foto-3-12-300x200.jpg 300w, https:\/\/autofans.com.ar\/wp-content\/uploads\/2023\/12\/foto-3-12-768x512.jpg 768w\" sizes=\"(max-width: 1000px) 100vw, 1000px\" \/><\/p>\n<p>&nbsp;<\/p>\n<p>Desde el 2022, Nissan Argentina ha llevado a cabo un programa integral para medir, reducir y compensar su huella de carbono corporativa, colaborando con Carbon Neutral +. Este compromiso se traduce en el respaldo a proyectos nacionales de energ\u00edas renovables. La reforestaci\u00f3n en el Parque Nacional Lan\u00edn en colaboraci\u00f3n con la ONG Asociaci\u00f3n Amigos de la Patagonia. En sinton\u00eda con su visi\u00f3n a largo plazo, Ambition 2030, la empresa busca la neutralidad de carbono en todas sus operaciones y ciclos de vida de productos para 2050.<\/p>\n<p>En 2023, Nissan Argentina fue patrocinador del evento anual de Fundaci\u00f3n Vida Silvestre \u00abYurumi\u00bb, que celebra dos d\u00e9cadas de esfuerzos en la conservaci\u00f3n del yaguaret\u00e9, especie en peligro de extinci\u00f3n, reafirmando su compromiso con la biodiversidad.<\/p>\n<p>&nbsp;<\/p>\n<blockquote><p>\u00abDesde Nissan somos conscientes del impacto que las empresas pueden tener en la sociedad. Por eso tomamos con suma responsabilidad nuestro rol, buscando un cambio positivo y efectivo en el comportamiento de las personas\u00bb, expres\u00f3 Nicolas Abbate, Director de Relaciones Gubernamentales y Sustentabilidad Nissan Sudam\u00e9rica. \u00abNo solo trabajamos para lograr una movilidadm\u00e1s accesible e innovadora, sino que tambi\u00e9n buscamos generar soluciones a corto, mediano y largo plazo que puedan mejorar la calidad de vida de las comunidades en las que operamos\u00bb, finaliz\u00f3.<\/p><\/blockquote>\n<p>&nbsp;<\/p>\n<h2>Nissan Argentina &#8211; educaci\u00f3n y solidaridad<\/h2>\n<p>Durante 2023, m\u00e1s de 140 colaboradores de Nissan, ubicados en Buenos Aires y C\u00f3rdoba, participaron activamente en el programa \u00abVoluntarios en Acci\u00f3n\u00bb. En colaboraci\u00f3n con ONGs como EcoHouse, Ingenier\u00eda Sin Fronteras y Fundaci\u00f3n Vida Silvestre. Se llevaron a cabo acciones concretas para abordar necesidades reales de cada comunidad. Generando as\u00ed un impacto social y ambiental positivo.<\/p>\n<p>&nbsp;<\/p>\n<div id='gallery-1' class='gallery galleryid-6108 gallery-columns-2 gallery-size-full'><figure class='gallery-item'>\n\t\t\t<div class='gallery-icon landscape'>\n\t\t\t\t<a href='https:\/\/autofans.com.ar\/index.php\/2023\/12\/19\/nissan-argentina-compromiso-verde-en-2023\/foto-4-199\/'><img loading=\"lazy\" width=\"1000\" height=\"667\" src=\"https:\/\/autofans.com.ar\/wp-content\/uploads\/2023\/12\/foto-4-8.jpg\" class=\"attachment-full size-full\" alt=\"Nissan Argentina\" srcset=\"https:\/\/autofans.com.ar\/wp-content\/uploads\/2023\/12\/foto-4-8.jpg 1000w, https:\/\/autofans.com.ar\/wp-content\/uploads\/2023\/12\/foto-4-8-300x200.jpg 300w, https:\/\/autofans.com.ar\/wp-content\/uploads\/2023\/12\/foto-4-8-768x512.jpg 768w\" sizes=\"auto, (max-width: 1000px) 100vw, 1000px\" loading=\"lazy\" decoding=\"async\" \/><\/a>\n\t\t\t<\/div><\/figure><figure class='gallery-item'>\n\t\t\t<div class='gallery-icon landscape'>\n\t\t\t\t<a href='https:\/\/autofans.com.ar\/index.php\/2023\/12\/19\/nissan-argentina-compromiso-verde-en-2023\/foto-2-369\/'><img loading=\"lazy\" width=\"1000\" height=\"667\" src=\"https:\/\/autofans.com.ar\/wp-content\/uploads\/2023\/12\/foto-2-16.jpg\" class=\"attachment-full size-full\" alt=\"Nissan Argentina\" srcset=\"https:\/\/autofans.com.ar\/wp-content\/uploads\/2023\/12\/foto-2-16.jpg 1000w, https:\/\/autofans.com.ar\/wp-content\/uploads\/2023\/12\/foto-2-16-300x200.jpg 300w, https:\/\/autofans.com.ar\/wp-content\/uploads\/2023\/12\/foto-2-16-768x512.jpg 768w\" sizes=\"auto, (max-width: 1000px) 100vw, 1000px\" loading=\"lazy\" decoding=\"async\" \/><\/a>\n\t\t\t<\/div><\/figure>\n\t\t<\/div>\n\n<p>&nbsp;<\/p>\n<p>El programa \u00abGira Nissan por la Educaci\u00f3n\u00bb continu\u00f3 durante el a\u00f1o, instalando antenas de conectividad satelital en 4 escuelas en colaboraci\u00f3n con la Fundaci\u00f3n Aprendiendo Bajo la Cruz del Sur. Este esfuerzo busca reducir la brecha digital y mejorar servicios clave en \u00e1reas educativas, de salud y seguridad.<\/p>\n<p>A trav\u00e9s del programa Nissan en Acci\u00f3n, la compa\u00f1\u00eda facilit\u00f3 el comodato de unidades a diversas organizaciones. Ingenier\u00eda Sin Fronteras, Proyecto Agua Segura y Planeta Vivo, apoyan estas actividades.<\/p>\n<p>&nbsp;<\/p>\n<p>Mediante el desarrollo de nuevas tecnolog\u00edas y el apoyo a las comunidades, Nissan busca contribuir a la construcci\u00f3n de un mundo m\u00e1s limpio, seguro e inclusivo. Un mundo en el que las personas est\u00e9n sanas, felices y comprometidas con su entorno.<\/p>\n<p>Para obtener m\u00e1s informaci\u00f3n sobre la estrategia de sustentabilidad de Nissan Argentina, <a href=\"https:\/\/www.nissan.com.ar\/sustentabilidad\/introduccion.html\" target=\"_blank\" rel=\"noopener\">visita su p\u00e1gina oficial<\/a>.<\/p>\n<p>&nbsp;<\/p>\n<p>&nbsp;<\/p>\n<p><i>Para enterarte de m\u00e1s novedades, no dejes de leer\u00a0<\/i><a href=\"https:\/\/autofans.thebrandsoup.com\/\"><i>nuestras notas<\/i><\/a><i>, de ver<\/i><b><i>\u00a0<\/i><\/b><a href=\"https:\/\/www.youtube.com\/channel\/UCgAC8UGHZYbT6P7PpmVnP7g\"><b><i>AUTOFANS TV<\/i><\/b><\/a><b><i>\u00a0<\/i><\/b><i>en nuestro\u00a0canal de Youtube. Adem\u00e1s seguinos en\u00a0<\/i><a href=\"https:\/\/www.instagram.com\/autofanstv\/\"><i>INSTAGRAM<\/i><\/a><i> y <\/i><a href=\"https:\/\/www.facebook.com\/autofansmas\/\"><i>FACEBOOK<\/i><\/a><i> para no perderte nada sobre las novedades del segmento automotor de Argentina y el mundo.<\/i><\/p>\n","protected":false},"excerpt":{"rendered":"<p>En el af\u00e1n de construir una sociedad m\u00e1s limpia, segura e inclusiva, Nissan Argentina ha&#8230;<\/p>\n","protected":false},"author":2,"featured_media":6112,"comment_status":"closed","ping_status":"closed","sticky":false,"template":"","format":"standard","meta":{"footnotes":""},"categories":[341,16],"tags":[1566,402,357,46,3197,3198],"class_list":["post-6108","post","type-post","status-publish","format-standard","has-post-thumbnail","hentry","category-hibridos-y-electricos","category-noticias","tag-compromiso-social","tag-desarrollo-sostenible","tag-medio-ambiente","tag-nissan-argentina","tag-responsabilidad-corporativa","tag-sostenibilidad-2023"],"yoast_head":"<!-- This site is optimized with the Yoast SEO plugin v27.5 - https:\/\/yoast.com\/product\/yoast-seo-wordpress\/ -->\n<title>Nissan Argentina compromiso verde en 2023 -<\/title>\n<meta name=\"description\" content=\"En el af\u00e1n de construir una sociedad m\u00e1s limpia, segura e inclusiva, Nissan Argentina ha renovado su compromiso con la comunidad el a\u00f1o 2023.\" \/>\n<meta name=\"robots\" content=\"index, follow, max-snippet:-1, max-image-preview:large, max-video-preview:-1\" \/>\n<link rel=\"canonical\" href=\"https:\/\/autofans.com.ar\/index.php\/2023\/12\/19\/nissan-argentina-compromiso-verde-en-2023\/\" \/>\n<meta property=\"og:locale\" content=\"es_ES\" \/>\n<meta property=\"og:type\" content=\"article\" \/>\n<meta property=\"og:title\" content=\"Nissan Argentina compromiso verde en 2023 -\" \/>\n<meta property=\"og:description\" content=\"En el af\u00e1n de construir una sociedad m\u00e1s limpia, segura e inclusiva, Nissan Argentina ha renovado su compromiso con la comunidad el a\u00f1o 2023.\" \/>\n<meta property=\"og:url\" content=\"https:\/\/autofans.com.ar\/index.php\/2023\/12\/19\/nissan-argentina-compromiso-verde-en-2023\/\" \/>\n<meta property=\"article:published_time\" content=\"2023-12-19T22:09:56+00:00\" \/>\n<meta property=\"og:image\" content=\"https:\/\/autofans.com.ar\/wp-content\/uploads\/2023\/12\/foto-1-17.jpg\" \/>\n\t<meta property=\"og:image:width\" content=\"1000\" \/>\n\t<meta property=\"og:image:height\" content=\"667\" \/>\n\t<meta property=\"og:image:type\" content=\"image\/jpeg\" \/>\n<meta name=\"author\" content=\"Alejandro Gabriel Rosito\" \/>\n<meta name=\"twitter:card\" content=\"summary_large_image\" \/>\n<meta name=\"twitter:label1\" content=\"Escrito por\" \/>\n\t<meta name=\"twitter:data1\" content=\"Alejandro Gabriel Rosito\" \/>\n\t<meta name=\"twitter:label2\" content=\"Tiempo de lectura\" \/>\n\t<meta name=\"twitter:data2\" content=\"3 minutos\" \/>\n<script type=\"application\/ld+json\" class=\"yoast-schema-graph\">{\"@context\":\"https:\\\/\\\/schema.org\",\"@graph\":[{\"@type\":\"Article\",\"@id\":\"https:\\\/\\\/autofans.com.ar\\\/index.php\\\/2023\\\/12\\\/19\\\/nissan-argentina-compromiso-verde-en-2023\\\/#article\",\"isPartOf\":{\"@id\":\"https:\\\/\\\/autofans.com.ar\\\/index.php\\\/2023\\\/12\\\/19\\\/nissan-argentina-compromiso-verde-en-2023\\\/\"},\"author\":{\"name\":\"Alejandro Gabriel Rosito\",\"@id\":\"https:\\\/\\\/autofans.com.ar\\\/#\\\/schema\\\/person\\\/4a8dda0b6df83ac3d6723e921274c2aa\"},\"headline\":\"Nissan Argentina compromiso verde en 2023\",\"datePublished\":\"2023-12-19T22:09:56+00:00\",\"mainEntityOfPage\":{\"@id\":\"https:\\\/\\\/autofans.com.ar\\\/index.php\\\/2023\\\/12\\\/19\\\/nissan-argentina-compromiso-verde-en-2023\\\/\"},\"wordCount\":606,\"image\":{\"@id\":\"https:\\\/\\\/autofans.com.ar\\\/index.php\\\/2023\\\/12\\\/19\\\/nissan-argentina-compromiso-verde-en-2023\\\/#primaryimage\"},\"thumbnailUrl\":\"https:\\\/\\\/autofans.com.ar\\\/wp-content\\\/uploads\\\/2023\\\/12\\\/foto-1-17.jpg\",\"keywords\":[\"compromiso social\",\"desarrollo sostenible\",\"medio ambiente\",\"Nissan Argentina\",\"Responsabilidad Corporativa\",\"Sostenibilidad 2023\"],\"articleSection\":[\"HIBRIDOS, ELECTRICOS y otros\",\"NOTICIAS\"],\"inLanguage\":\"es\"},{\"@type\":\"WebPage\",\"@id\":\"https:\\\/\\\/autofans.com.ar\\\/index.php\\\/2023\\\/12\\\/19\\\/nissan-argentina-compromiso-verde-en-2023\\\/\",\"url\":\"https:\\\/\\\/autofans.com.ar\\\/index.php\\\/2023\\\/12\\\/19\\\/nissan-argentina-compromiso-verde-en-2023\\\/\",\"name\":\"Nissan Argentina compromiso verde en 2023 -\",\"isPartOf\":{\"@id\":\"https:\\\/\\\/autofans.com.ar\\\/#website\"},\"primaryImageOfPage\":{\"@id\":\"https:\\\/\\\/autofans.com.ar\\\/index.php\\\/2023\\\/12\\\/19\\\/nissan-argentina-compromiso-verde-en-2023\\\/#primaryimage\"},\"image\":{\"@id\":\"https:\\\/\\\/autofans.com.ar\\\/index.php\\\/2023\\\/12\\\/19\\\/nissan-argentina-compromiso-verde-en-2023\\\/#primaryimage\"},\"thumbnailUrl\":\"https:\\\/\\\/autofans.com.ar\\\/wp-content\\\/uploads\\\/2023\\\/12\\\/foto-1-17.jpg\",\"datePublished\":\"2023-12-19T22:09:56+00:00\",\"author\":{\"@id\":\"https:\\\/\\\/autofans.com.ar\\\/#\\\/schema\\\/person\\\/4a8dda0b6df83ac3d6723e921274c2aa\"},\"description\":\"En el af\u00e1n de construir una sociedad m\u00e1s limpia, segura e inclusiva, Nissan Argentina ha renovado su compromiso con la comunidad el a\u00f1o 2023.\",\"breadcrumb\":{\"@id\":\"https:\\\/\\\/autofans.com.ar\\\/index.php\\\/2023\\\/12\\\/19\\\/nissan-argentina-compromiso-verde-en-2023\\\/#breadcrumb\"},\"inLanguage\":\"es\",\"potentialAction\":[{\"@type\":\"ReadAction\",\"target\":[\"https:\\\/\\\/autofans.com.ar\\\/index.php\\\/2023\\\/12\\\/19\\\/nissan-argentina-compromiso-verde-en-2023\\\/\"]}]},{\"@type\":\"ImageObject\",\"inLanguage\":\"es\",\"@id\":\"https:\\\/\\\/autofans.com.ar\\\/index.php\\\/2023\\\/12\\\/19\\\/nissan-argentina-compromiso-verde-en-2023\\\/#primaryimage\",\"url\":\"https:\\\/\\\/autofans.com.ar\\\/wp-content\\\/uploads\\\/2023\\\/12\\\/foto-1-17.jpg\",\"contentUrl\":\"https:\\\/\\\/autofans.com.ar\\\/wp-content\\\/uploads\\\/2023\\\/12\\\/foto-1-17.jpg\",\"width\":1000,\"height\":667,\"caption\":\"Nissan Argentina\"},{\"@type\":\"BreadcrumbList\",\"@id\":\"https:\\\/\\\/autofans.com.ar\\\/index.php\\\/2023\\\/12\\\/19\\\/nissan-argentina-compromiso-verde-en-2023\\\/#breadcrumb\",\"itemListElement\":[{\"@type\":\"ListItem\",\"position\":1,\"name\":\"Inicio\",\"item\":\"https:\\\/\\\/autofans.com.ar\\\/\"},{\"@type\":\"ListItem\",\"position\":2,\"name\":\"Nissan Argentina compromiso verde en 2023\"}]},{\"@type\":\"WebSite\",\"@id\":\"https:\\\/\\\/autofans.com.ar\\\/#website\",\"url\":\"https:\\\/\\\/autofans.com.ar\\\/\",\"name\":\"\",\"description\":\"El multimedio referente de la industria automotriz\",\"potentialAction\":[{\"@type\":\"SearchAction\",\"target\":{\"@type\":\"EntryPoint\",\"urlTemplate\":\"https:\\\/\\\/autofans.com.ar\\\/?s={search_term_string}\"},\"query-input\":{\"@type\":\"PropertyValueSpecification\",\"valueRequired\":true,\"valueName\":\"search_term_string\"}}],\"inLanguage\":\"es\"},{\"@type\":\"Person\",\"@id\":\"https:\\\/\\\/autofans.com.ar\\\/#\\\/schema\\\/person\\\/4a8dda0b6df83ac3d6723e921274c2aa\",\"name\":\"Alejandro Gabriel Rosito\",\"image\":{\"@type\":\"ImageObject\",\"inLanguage\":\"es\",\"@id\":\"https:\\\/\\\/secure.gravatar.com\\\/avatar\\\/16c5dda1489adfc62618084dcbb91cffd879c374b13fe5dd8e44ed6733852c88?s=96&d=mm&r=g\",\"url\":\"https:\\\/\\\/secure.gravatar.com\\\/avatar\\\/16c5dda1489adfc62618084dcbb91cffd879c374b13fe5dd8e44ed6733852c88?s=96&d=mm&r=g\",\"contentUrl\":\"https:\\\/\\\/secure.gravatar.com\\\/avatar\\\/16c5dda1489adfc62618084dcbb91cffd879c374b13fe5dd8e44ed6733852c88?s=96&d=mm&r=g\",\"caption\":\"Alejandro Gabriel Rosito\"},\"url\":\"https:\\\/\\\/autofans.com.ar\\\/index.php\\\/author\\\/gabrielr\\\/\"}]}<\/script>\n<!-- \/ Yoast SEO plugin. -->","yoast_head_json":{"title":"Nissan Argentina compromiso verde en 2023 -","description":"En el af\u00e1n de construir una sociedad m\u00e1s limpia, segura e inclusiva, Nissan Argentina ha renovado su compromiso con la comunidad el a\u00f1o 2023.","robots":{"index":"index","follow":"follow","max-snippet":"max-snippet:-1","max-image-preview":"max-image-preview:large","max-video-preview":"max-video-preview:-1"},"canonical":"https:\/\/autofans.com.ar\/index.php\/2023\/12\/19\/nissan-argentina-compromiso-verde-en-2023\/","og_locale":"es_ES","og_type":"article","og_title":"Nissan Argentina compromiso verde en 2023 -","og_description":"En el af\u00e1n de construir una sociedad m\u00e1s limpia, segura e inclusiva, Nissan Argentina ha renovado su compromiso con la comunidad el a\u00f1o 2023.","og_url":"https:\/\/autofans.com.ar\/index.php\/2023\/12\/19\/nissan-argentina-compromiso-verde-en-2023\/","article_published_time":"2023-12-19T22:09:56+00:00","og_image":[{"width":1000,"height":667,"url":"https:\/\/autofans.com.ar\/wp-content\/uploads\/2023\/12\/foto-1-17.jpg","type":"image\/jpeg"}],"author":"Alejandro Gabriel Rosito","twitter_card":"summary_large_image","twitter_misc":{"Escrito por":"Alejandro Gabriel Rosito","Tiempo de lectura":"3 minutos"},"schema":{"@context":"https:\/\/schema.org","@graph":[{"@type":"Article","@id":"https:\/\/autofans.com.ar\/index.php\/2023\/12\/19\/nissan-argentina-compromiso-verde-en-2023\/#article","isPartOf":{"@id":"https:\/\/autofans.com.ar\/index.php\/2023\/12\/19\/nissan-argentina-compromiso-verde-en-2023\/"},"author":{"name":"Alejandro Gabriel Rosito","@id":"https:\/\/autofans.com.ar\/#\/schema\/person\/4a8dda0b6df83ac3d6723e921274c2aa"},"headline":"Nissan Argentina compromiso verde en 2023","datePublished":"2023-12-19T22:09:56+00:00","mainEntityOfPage":{"@id":"https:\/\/autofans.com.ar\/index.php\/2023\/12\/19\/nissan-argentina-compromiso-verde-en-2023\/"},"wordCount":606,"image":{"@id":"https:\/\/autofans.com.ar\/index.php\/2023\/12\/19\/nissan-argentina-compromiso-verde-en-2023\/#primaryimage"},"thumbnailUrl":"https:\/\/autofans.com.ar\/wp-content\/uploads\/2023\/12\/foto-1-17.jpg","keywords":["compromiso social","desarrollo sostenible","medio ambiente","Nissan Argentina","Responsabilidad Corporativa","Sostenibilidad 2023"],"articleSection":["HIBRIDOS, ELECTRICOS y otros","NOTICIAS"],"inLanguage":"es"},{"@type":"WebPage","@id":"https:\/\/autofans.com.ar\/index.php\/2023\/12\/19\/nissan-argentina-compromiso-verde-en-2023\/","url":"https:\/\/autofans.com.ar\/index.php\/2023\/12\/19\/nissan-argentina-compromiso-verde-en-2023\/","name":"Nissan Argentina compromiso verde en 2023 -","isPartOf":{"@id":"https:\/\/autofans.com.ar\/#website"},"primaryImageOfPage":{"@id":"https:\/\/autofans.com.ar\/index.php\/2023\/12\/19\/nissan-argentina-compromiso-verde-en-2023\/#primaryimage"},"image":{"@id":"https:\/\/autofans.com.ar\/index.php\/2023\/12\/19\/nissan-argentina-compromiso-verde-en-2023\/#primaryimage"},"thumbnailUrl":"https:\/\/autofans.com.ar\/wp-content\/uploads\/2023\/12\/foto-1-17.jpg","datePublished":"2023-12-19T22:09:56+00:00","author":{"@id":"https:\/\/autofans.com.ar\/#\/schema\/person\/4a8dda0b6df83ac3d6723e921274c2aa"},"description":"En el af\u00e1n de construir una sociedad m\u00e1s limpia, segura e inclusiva, Nissan Argentina ha renovado su compromiso con la comunidad el a\u00f1o 2023.","breadcrumb":{"@id":"https:\/\/autofans.com.ar\/index.php\/2023\/12\/19\/nissan-argentina-compromiso-verde-en-2023\/#breadcrumb"},"inLanguage":"es","potentialAction":[{"@type":"ReadAction","target":["https:\/\/autofans.com.ar\/index.php\/2023\/12\/19\/nissan-argentina-compromiso-verde-en-2023\/"]}]},{"@type":"ImageObject","inLanguage":"es","@id":"https:\/\/autofans.com.ar\/index.php\/2023\/12\/19\/nissan-argentina-compromiso-verde-en-2023\/#primaryimage","url":"https:\/\/autofans.com.ar\/wp-content\/uploads\/2023\/12\/foto-1-17.jpg","contentUrl":"https:\/\/autofans.com.ar\/wp-content\/uploads\/2023\/12\/foto-1-17.jpg","width":1000,"height":667,"caption":"Nissan Argentina"},{"@type":"BreadcrumbList","@id":"https:\/\/autofans.com.ar\/index.php\/2023\/12\/19\/nissan-argentina-compromiso-verde-en-2023\/#breadcrumb","itemListElement":[{"@type":"ListItem","position":1,"name":"Inicio","item":"https:\/\/autofans.com.ar\/"},{"@type":"ListItem","position":2,"name":"Nissan Argentina compromiso verde en 2023"}]},{"@type":"WebSite","@id":"https:\/\/autofans.com.ar\/#website","url":"https:\/\/autofans.com.ar\/","name":"","description":"El multimedio referente de la industria automotriz","potentialAction":[{"@type":"SearchAction","target":{"@type":"EntryPoint","urlTemplate":"https:\/\/autofans.com.ar\/?s={search_term_string}"},"query-input":{"@type":"PropertyValueSpecification","valueRequired":true,"valueName":"search_term_string"}}],"inLanguage":"es"},{"@type":"Person","@id":"https:\/\/autofans.com.ar\/#\/schema\/person\/4a8dda0b6df83ac3d6723e921274c2aa","name":"Alejandro Gabriel Rosito","image":{"@type":"ImageObject","inLanguage":"es","@id":"https:\/\/secure.gravatar.com\/avatar\/16c5dda1489adfc62618084dcbb91cffd879c374b13fe5dd8e44ed6733852c88?s=96&d=mm&r=g","url":"https:\/\/secure.gravatar.com\/avatar\/16c5dda1489adfc62618084dcbb91cffd879c374b13fe5dd8e44ed6733852c88?s=96&d=mm&r=g","contentUrl":"https:\/\/secure.gravatar.com\/avatar\/16c5dda1489adfc62618084dcbb91cffd879c374b13fe5dd8e44ed6733852c88?s=96&d=mm&r=g","caption":"Alejandro Gabriel Rosito"},"url":"https:\/\/autofans.com.ar\/index.php\/author\/gabrielr\/"}]}},"featured_image_urls":{"full":["https:\/\/autofans.com.ar\/wp-content\/uploads\/2023\/12\/foto-1-17.jpg",1000,667,false],"thumbnail":["https:\/\/autofans.com.ar\/wp-content\/uploads\/2023\/12\/foto-1-17-150x150.jpg",150,150,true],"medium":["https:\/\/autofans.com.ar\/wp-content\/uploads\/2023\/12\/foto-1-17-300x200.jpg",300,200,true],"medium_large":["https:\/\/autofans.com.ar\/wp-content\/uploads\/2023\/12\/foto-1-17-768x512.jpg",640,427,true],"large":["https:\/\/autofans.com.ar\/wp-content\/uploads\/2023\/12\/foto-1-17.jpg",640,427,false],"1536x1536":["https:\/\/autofans.com.ar\/wp-content\/uploads\/2023\/12\/foto-1-17.jpg",1000,667,false],"2048x2048":["https:\/\/autofans.com.ar\/wp-content\/uploads\/2023\/12\/foto-1-17.jpg",1000,667,false],"covernews-featured":["https:\/\/autofans.com.ar\/wp-content\/uploads\/2023\/12\/foto-1-17.jpg",1000,667,false],"covernews-medium":["https:\/\/autofans.com.ar\/wp-content\/uploads\/2023\/12\/foto-1-17-540x340.jpg",540,340,true]},"author_info":{"display_name":"Alejandro Gabriel Rosito","author_link":"https:\/\/autofans.com.ar\/index.php\/author\/gabrielr\/"},"category_info":"<a href=\"https:\/\/autofans.com.ar\/index.php\/category\/noticias\/hibridos-y-electricos\/\" rel=\"category tag\">HIBRIDOS, ELECTRICOS y otros<\/a> <a href=\"https:\/\/autofans.com.ar\/index.php\/category\/noticias\/\" rel=\"category tag\">NOTICIAS<\/a>","tag_info":"NOTICIAS","comment_count":0,"_links":{"self":[{"href":"https:\/\/autofans.com.ar\/index.php\/wp-json\/wp\/v2\/posts\/6108","targetHints":{"allow":["GET"]}}],"collection":[{"href":"https:\/\/autofans.com.ar\/index.php\/wp-json\/wp\/v2\/posts"}],"about":[{"href":"https:\/\/autofans.com.ar\/index.php\/wp-json\/wp\/v2\/types\/post"}],"author":[{"embeddable":true,"href":"https:\/\/autofans.com.ar\/index.php\/wp-json\/wp\/v2\/users\/2"}],"replies":[{"embeddable":true,"href":"https:\/\/autofans.com.ar\/index.php\/wp-json\/wp\/v2\/comments?post=6108"}],"version-history":[{"count":1,"href":"https:\/\/autofans.com.ar\/index.php\/wp-json\/wp\/v2\/posts\/6108\/revisions"}],"predecessor-version":[{"id":6113,"href":"https:\/\/autofans.com.ar\/index.php\/wp-json\/wp\/v2\/posts\/6108\/revisions\/6113"}],"wp:featuredmedia":[{"embeddable":true,"href":"https:\/\/autofans.com.ar\/index.php\/wp-json\/wp\/v2\/media\/6112"}],"wp:attachment":[{"href":"https:\/\/autofans.com.ar\/index.php\/wp-json\/wp\/v2\/media?parent=6108"}],"wp:term":[{"taxonomy":"category","embeddable":true,"href":"https:\/\/autofans.com.ar\/index.php\/wp-json\/wp\/v2\/categories?post=6108"},{"taxonomy":"post_tag","embeddable":true,"href":"https:\/\/autofans.com.ar\/index.php\/wp-json\/wp\/v2\/tags?post=6108"}],"curies":[{"name":"wp","href":"https:\/\/api.w.org\/{rel}","templated":true}]}}