{"id":6165,"date":"2024-01-02T12:57:08","date_gmt":"2024-01-02T15:57:08","guid":{"rendered":"https:\/\/autofans.com.ar\/?p=6165"},"modified":"2024-01-02T12:57:08","modified_gmt":"2024-01-02T15:57:08","slug":"honda-motor-presente-en-carilo-con-novedades-2024","status":"publish","type":"post","link":"https:\/\/autofans.com.ar\/index.php\/2024\/01\/02\/honda-motor-presente-en-carilo-con-novedades-2024\/","title":{"rendered":"Honda Motor presente en Caril\u00f3 con novedades 2024"},"content":{"rendered":"<p>Honda Motor de Argentina se roba el protagonismo en la temporada de verano 2024 con su destacado espacio en Caril\u00f3, ubicado en Av. Divisadero y Casta\u00f1o. Desde las 18hs hasta la medianoche, los visitantes podr\u00e1n disfrutar de las principales novedades de la marca japonesa hasta fines de febrero.<\/p>\n<p>&nbsp;<\/p>\n<h2>Autom\u00f3viles &#8211; renovaci\u00f3n y vanguardia<\/h2>\n<p>&nbsp;<\/p>\n<p><img fetchpriority=\"high\" decoding=\"async\" class=\"aligncenter wp-image-6167 size-full\" src=\"https:\/\/autofans.com.ar\/wp-content\/uploads\/2024\/01\/foto-4.jpg\" alt=\"Honda Motor\" width=\"1000\" height=\"667\" srcset=\"https:\/\/autofans.com.ar\/wp-content\/uploads\/2024\/01\/foto-4.jpg 1000w, https:\/\/autofans.com.ar\/wp-content\/uploads\/2024\/01\/foto-4-300x200.jpg 300w, https:\/\/autofans.com.ar\/wp-content\/uploads\/2024\/01\/foto-4-768x512.jpg 768w\" sizes=\"(max-width: 1000px) 100vw, 1000px\" \/><\/p>\n<p>&nbsp;<\/p>\n<p>En el mundo de los autom\u00f3viles, Honda presenta la New CR-V, una de las estrellas de la temporada. Esta nueva generaci\u00f3n, proveniente de Estados Unidos, destaca por su dise\u00f1o disruptivo, motor 1.5 turbo de 191CV, tecnolog\u00eda de vanguardia y altos est\u00e1ndares de seguridad con Honda Sensing\u00ae, Honda Lanewatch y 10 airbags. La familia SUV se completa con la tercera generaci\u00f3n de HR-V y ZR-V, ambos modelos lanzados y renovados en el segundo semestre de 2023.<\/p>\n<p>&nbsp;<\/p>\n<h2>Motos &#8211; variedad y tecnolog\u00eda<\/h2>\n<p>&nbsp;<\/p>\n<div id='gallery-1' class='gallery galleryid-6165 gallery-columns-2 gallery-size-full'><figure class='gallery-item'>\n\t\t\t<div class='gallery-icon landscape'>\n\t\t\t\t<a href='https:\/\/autofans.com.ar\/index.php\/2024\/01\/02\/honda-motor-presente-en-carilo-con-novedades-2024\/foto-1-384\/'><img loading=\"lazy\" width=\"1000\" height=\"667\" src=\"https:\/\/autofans.com.ar\/wp-content\/uploads\/2024\/01\/foto-1.jpg\" class=\"attachment-full size-full\" alt=\"Honda Motor\" srcset=\"https:\/\/autofans.com.ar\/wp-content\/uploads\/2024\/01\/foto-1.jpg 1000w, https:\/\/autofans.com.ar\/wp-content\/uploads\/2024\/01\/foto-1-300x200.jpg 300w, https:\/\/autofans.com.ar\/wp-content\/uploads\/2024\/01\/foto-1-768x512.jpg 768w\" sizes=\"auto, (max-width: 1000px) 100vw, 1000px\" loading=\"lazy\" decoding=\"async\" \/><\/a>\n\t\t\t<\/div><\/figure><figure class='gallery-item'>\n\t\t\t<div class='gallery-icon landscape'>\n\t\t\t\t<a href='https:\/\/autofans.com.ar\/index.php\/2024\/01\/02\/honda-motor-presente-en-carilo-con-novedades-2024\/foto-2-373\/'><img loading=\"lazy\" width=\"1000\" height=\"667\" src=\"https:\/\/autofans.com.ar\/wp-content\/uploads\/2024\/01\/foto-2.jpg\" class=\"attachment-full size-full\" alt=\"Honda Motor\" srcset=\"https:\/\/autofans.com.ar\/wp-content\/uploads\/2024\/01\/foto-2.jpg 1000w, https:\/\/autofans.com.ar\/wp-content\/uploads\/2024\/01\/foto-2-300x200.jpg 300w, https:\/\/autofans.com.ar\/wp-content\/uploads\/2024\/01\/foto-2-768x512.jpg 768w\" sizes=\"auto, (max-width: 1000px) 100vw, 1000px\" loading=\"lazy\" decoding=\"async\" \/><\/a>\n\t\t\t<\/div><\/figure>\n\t\t<\/div>\n\n<p>&nbsp;<\/p>\n<p>El espacio dedicado a las motocicletas presenta la XR190L, representante fiel de la esencia on\/off de la familia XR, junto con la destacada CB300F, veh\u00edculo avanzado en el segmento sport de media cilindrada. En cuanto a modelos de alta cilindrada, se exhiben la CBR1000RR-R, CB750 Hornet y CRF450. Destacando las \u00faltimas tendencias, la Honda NAVI combina las ventajas de un scooter con caracter\u00edsticas propias de una moto, dirigida a usuarios j\u00f3venes que buscan practicidad y funcionalidad.<\/p>\n<p>&nbsp;<\/p>\n<h2>Honda Motor &#8211; potencia y tecnolog\u00eda avanzada<\/h2>\n<p>La divisi\u00f3n de productos de fuerza y marina se hace presente con el potente motor BF250 de 3.6 litros, sistema BLAST y control de mezcla, as\u00ed como el nuevo BF115 con tecnolog\u00eda Drive By Wire, consolidando a Honda como una de las marcas l\u00edderes y preferidas localmente.<\/p>\n<p>La experiencia Honda va m\u00e1s all\u00e1 de la exhibici\u00f3n. En l\u00ednea con su compromiso con la seguridad, el departamento de seguridad vial realizar\u00e1 trivias y brindar\u00e1 informaci\u00f3n sobre la indumentaria adecuada para andar en moto. Los visitantes tambi\u00e9n podr\u00e1n disfrutar del Honda Wakeboard, un simulador que, junto con lentes de realidad virtual, ofrece una experiencia \u00fanica y casi real. Adem\u00e1s, los clientes de Honda, presentando su c\u00e9dula, recibir\u00e1n un obsequio especial.<\/p>\n<p>&nbsp;<\/p>\n<p>&nbsp;<\/p>\n<p><i>Para enterarte de m\u00e1s novedades, no dejes de leer\u00a0<\/i><a href=\"https:\/\/autofans.thebrandsoup.com\/\"><i>nuestras notas<\/i><\/a><i>, de ver<\/i><b><i>\u00a0<\/i><\/b><a href=\"https:\/\/www.youtube.com\/channel\/UCgAC8UGHZYbT6P7PpmVnP7g\"><b><i>AUTOFANS TV<\/i><\/b><\/a><b><i>\u00a0<\/i><\/b><i>en nuestro\u00a0canal de Youtube. Adem\u00e1s seguinos en\u00a0<\/i><a href=\"https:\/\/www.instagram.com\/autofanstv\/\"><i>INSTAGRAM<\/i><\/a><i> y <\/i><a href=\"https:\/\/www.facebook.com\/autofansmas\/\"><i>FACEBOOK<\/i><\/a><i> para no perderte nada sobre las novedades del segmento automotor de Argentina y el mundo.<\/i><\/p>\n","protected":false},"excerpt":{"rendered":"<p>Honda Motor de Argentina se roba el protagonismo en la temporada de verano 2024 con&#8230;<\/p>\n","protected":false},"author":2,"featured_media":6168,"comment_status":"closed","ping_status":"closed","sticky":false,"template":"","format":"standard","meta":{"footnotes":""},"categories":[6,16],"tags":[25,1719,96,262,247,3231,261,698,40,624,3230],"class_list":["post-6165","post","type-post","status-publish","format-standard","has-post-thumbnail","hentry","category-bizstyle","category-noticias","tag-carilo","tag-experiencia-unica","tag-honda","tag-marina","tag-motocicletas","tag-novedades-automotrices","tag-productos-de-fuerza","tag-seguridad-vial","tag-suv","tag-tecnologia-avanzada","tag-temporada-de-verano"],"yoast_head":"<!-- This site is optimized with the Yoast SEO plugin v27.5 - https:\/\/yoast.com\/product\/yoast-seo-wordpress\/ -->\n<title>Honda Motor presente en Caril\u00f3 con novedades 2024 -<\/title>\n<meta name=\"description\" content=\"Honda Motor de Argentina toma el protagonismo de este verano 2024 con su destacado espacio en Caril\u00f3, ubicado en Av. Divisadero y Casta\u00f1o...\" \/>\n<meta name=\"robots\" content=\"index, follow, max-snippet:-1, max-image-preview:large, max-video-preview:-1\" \/>\n<link rel=\"canonical\" href=\"https:\/\/autofans.com.ar\/index.php\/2024\/01\/02\/honda-motor-presente-en-carilo-con-novedades-2024\/\" \/>\n<meta property=\"og:locale\" content=\"es_ES\" \/>\n<meta property=\"og:type\" content=\"article\" \/>\n<meta property=\"og:title\" content=\"Honda Motor presente en Caril\u00f3 con novedades 2024 -\" \/>\n<meta property=\"og:description\" content=\"Honda Motor de Argentina toma el protagonismo de este verano 2024 con su destacado espacio en Caril\u00f3, ubicado en Av. Divisadero y Casta\u00f1o...\" \/>\n<meta property=\"og:url\" content=\"https:\/\/autofans.com.ar\/index.php\/2024\/01\/02\/honda-motor-presente-en-carilo-con-novedades-2024\/\" \/>\n<meta property=\"article:published_time\" content=\"2024-01-02T15:57:08+00:00\" \/>\n<meta property=\"og:image\" content=\"https:\/\/autofans.com.ar\/wp-content\/uploads\/2024\/01\/foto-3.jpg\" \/>\n\t<meta property=\"og:image:width\" content=\"1000\" \/>\n\t<meta property=\"og:image:height\" content=\"667\" \/>\n\t<meta property=\"og:image:type\" content=\"image\/jpeg\" \/>\n<meta name=\"author\" content=\"Alejandro Gabriel Rosito\" \/>\n<meta name=\"twitter:card\" content=\"summary_large_image\" \/>\n<meta name=\"twitter:label1\" content=\"Escrito por\" \/>\n\t<meta name=\"twitter:data1\" content=\"Alejandro Gabriel Rosito\" \/>\n\t<meta name=\"twitter:label2\" content=\"Tiempo de lectura\" \/>\n\t<meta name=\"twitter:data2\" content=\"3 minutos\" \/>\n<script type=\"application\/ld+json\" class=\"yoast-schema-graph\">{\"@context\":\"https:\\\/\\\/schema.org\",\"@graph\":[{\"@type\":\"Article\",\"@id\":\"https:\\\/\\\/autofans.com.ar\\\/index.php\\\/2024\\\/01\\\/02\\\/honda-motor-presente-en-carilo-con-novedades-2024\\\/#article\",\"isPartOf\":{\"@id\":\"https:\\\/\\\/autofans.com.ar\\\/index.php\\\/2024\\\/01\\\/02\\\/honda-motor-presente-en-carilo-con-novedades-2024\\\/\"},\"author\":{\"name\":\"Alejandro Gabriel Rosito\",\"@id\":\"https:\\\/\\\/autofans.com.ar\\\/#\\\/schema\\\/person\\\/4a8dda0b6df83ac3d6723e921274c2aa\"},\"headline\":\"Honda Motor presente en Caril\u00f3 con novedades 2024\",\"datePublished\":\"2024-01-02T15:57:08+00:00\",\"mainEntityOfPage\":{\"@id\":\"https:\\\/\\\/autofans.com.ar\\\/index.php\\\/2024\\\/01\\\/02\\\/honda-motor-presente-en-carilo-con-novedades-2024\\\/\"},\"wordCount\":424,\"image\":{\"@id\":\"https:\\\/\\\/autofans.com.ar\\\/index.php\\\/2024\\\/01\\\/02\\\/honda-motor-presente-en-carilo-con-novedades-2024\\\/#primaryimage\"},\"thumbnailUrl\":\"https:\\\/\\\/autofans.com.ar\\\/wp-content\\\/uploads\\\/2024\\\/01\\\/foto-3.jpg\",\"keywords\":[\"Carilo\",\"experiencia \u00fanica\",\"Honda\",\"marina\",\"motocicletas\",\"Novedades Automotrices\",\"productos de fuerza\",\"Seguridad Vial\",\"SUV\",\"tecnolog\u00eda avanzada\",\"Temporada de Verano\"],\"articleSection\":[\"BIZSTYLE\",\"NOTICIAS\"],\"inLanguage\":\"es\"},{\"@type\":\"WebPage\",\"@id\":\"https:\\\/\\\/autofans.com.ar\\\/index.php\\\/2024\\\/01\\\/02\\\/honda-motor-presente-en-carilo-con-novedades-2024\\\/\",\"url\":\"https:\\\/\\\/autofans.com.ar\\\/index.php\\\/2024\\\/01\\\/02\\\/honda-motor-presente-en-carilo-con-novedades-2024\\\/\",\"name\":\"Honda Motor presente en Caril\u00f3 con novedades 2024 -\",\"isPartOf\":{\"@id\":\"https:\\\/\\\/autofans.com.ar\\\/#website\"},\"primaryImageOfPage\":{\"@id\":\"https:\\\/\\\/autofans.com.ar\\\/index.php\\\/2024\\\/01\\\/02\\\/honda-motor-presente-en-carilo-con-novedades-2024\\\/#primaryimage\"},\"image\":{\"@id\":\"https:\\\/\\\/autofans.com.ar\\\/index.php\\\/2024\\\/01\\\/02\\\/honda-motor-presente-en-carilo-con-novedades-2024\\\/#primaryimage\"},\"thumbnailUrl\":\"https:\\\/\\\/autofans.com.ar\\\/wp-content\\\/uploads\\\/2024\\\/01\\\/foto-3.jpg\",\"datePublished\":\"2024-01-02T15:57:08+00:00\",\"author\":{\"@id\":\"https:\\\/\\\/autofans.com.ar\\\/#\\\/schema\\\/person\\\/4a8dda0b6df83ac3d6723e921274c2aa\"},\"description\":\"Honda Motor de Argentina toma el protagonismo de este verano 2024 con su destacado espacio en Caril\u00f3, ubicado en Av. Divisadero y Casta\u00f1o...\",\"breadcrumb\":{\"@id\":\"https:\\\/\\\/autofans.com.ar\\\/index.php\\\/2024\\\/01\\\/02\\\/honda-motor-presente-en-carilo-con-novedades-2024\\\/#breadcrumb\"},\"inLanguage\":\"es\",\"potentialAction\":[{\"@type\":\"ReadAction\",\"target\":[\"https:\\\/\\\/autofans.com.ar\\\/index.php\\\/2024\\\/01\\\/02\\\/honda-motor-presente-en-carilo-con-novedades-2024\\\/\"]}]},{\"@type\":\"ImageObject\",\"inLanguage\":\"es\",\"@id\":\"https:\\\/\\\/autofans.com.ar\\\/index.php\\\/2024\\\/01\\\/02\\\/honda-motor-presente-en-carilo-con-novedades-2024\\\/#primaryimage\",\"url\":\"https:\\\/\\\/autofans.com.ar\\\/wp-content\\\/uploads\\\/2024\\\/01\\\/foto-3.jpg\",\"contentUrl\":\"https:\\\/\\\/autofans.com.ar\\\/wp-content\\\/uploads\\\/2024\\\/01\\\/foto-3.jpg\",\"width\":1000,\"height\":667,\"caption\":\"Honda Motor\"},{\"@type\":\"BreadcrumbList\",\"@id\":\"https:\\\/\\\/autofans.com.ar\\\/index.php\\\/2024\\\/01\\\/02\\\/honda-motor-presente-en-carilo-con-novedades-2024\\\/#breadcrumb\",\"itemListElement\":[{\"@type\":\"ListItem\",\"position\":1,\"name\":\"Inicio\",\"item\":\"https:\\\/\\\/autofans.com.ar\\\/\"},{\"@type\":\"ListItem\",\"position\":2,\"name\":\"Honda Motor presente en Caril\u00f3 con novedades 2024\"}]},{\"@type\":\"WebSite\",\"@id\":\"https:\\\/\\\/autofans.com.ar\\\/#website\",\"url\":\"https:\\\/\\\/autofans.com.ar\\\/\",\"name\":\"\",\"description\":\"El multimedio referente de la industria automotriz\",\"potentialAction\":[{\"@type\":\"SearchAction\",\"target\":{\"@type\":\"EntryPoint\",\"urlTemplate\":\"https:\\\/\\\/autofans.com.ar\\\/?s={search_term_string}\"},\"query-input\":{\"@type\":\"PropertyValueSpecification\",\"valueRequired\":true,\"valueName\":\"search_term_string\"}}],\"inLanguage\":\"es\"},{\"@type\":\"Person\",\"@id\":\"https:\\\/\\\/autofans.com.ar\\\/#\\\/schema\\\/person\\\/4a8dda0b6df83ac3d6723e921274c2aa\",\"name\":\"Alejandro Gabriel Rosito\",\"image\":{\"@type\":\"ImageObject\",\"inLanguage\":\"es\",\"@id\":\"https:\\\/\\\/secure.gravatar.com\\\/avatar\\\/16c5dda1489adfc62618084dcbb91cffd879c374b13fe5dd8e44ed6733852c88?s=96&d=mm&r=g\",\"url\":\"https:\\\/\\\/secure.gravatar.com\\\/avatar\\\/16c5dda1489adfc62618084dcbb91cffd879c374b13fe5dd8e44ed6733852c88?s=96&d=mm&r=g\",\"contentUrl\":\"https:\\\/\\\/secure.gravatar.com\\\/avatar\\\/16c5dda1489adfc62618084dcbb91cffd879c374b13fe5dd8e44ed6733852c88?s=96&d=mm&r=g\",\"caption\":\"Alejandro Gabriel Rosito\"},\"url\":\"https:\\\/\\\/autofans.com.ar\\\/index.php\\\/author\\\/gabrielr\\\/\"}]}<\/script>\n<!-- \/ Yoast SEO plugin. -->","yoast_head_json":{"title":"Honda Motor presente en Caril\u00f3 con novedades 2024 -","description":"Honda Motor de Argentina toma el protagonismo de este verano 2024 con su destacado espacio en Caril\u00f3, ubicado en Av. Divisadero y Casta\u00f1o...","robots":{"index":"index","follow":"follow","max-snippet":"max-snippet:-1","max-image-preview":"max-image-preview:large","max-video-preview":"max-video-preview:-1"},"canonical":"https:\/\/autofans.com.ar\/index.php\/2024\/01\/02\/honda-motor-presente-en-carilo-con-novedades-2024\/","og_locale":"es_ES","og_type":"article","og_title":"Honda Motor presente en Caril\u00f3 con novedades 2024 -","og_description":"Honda Motor de Argentina toma el protagonismo de este verano 2024 con su destacado espacio en Caril\u00f3, ubicado en Av. Divisadero y Casta\u00f1o...","og_url":"https:\/\/autofans.com.ar\/index.php\/2024\/01\/02\/honda-motor-presente-en-carilo-con-novedades-2024\/","article_published_time":"2024-01-02T15:57:08+00:00","og_image":[{"width":1000,"height":667,"url":"https:\/\/autofans.com.ar\/wp-content\/uploads\/2024\/01\/foto-3.jpg","type":"image\/jpeg"}],"author":"Alejandro Gabriel Rosito","twitter_card":"summary_large_image","twitter_misc":{"Escrito por":"Alejandro Gabriel Rosito","Tiempo de lectura":"3 minutos"},"schema":{"@context":"https:\/\/schema.org","@graph":[{"@type":"Article","@id":"https:\/\/autofans.com.ar\/index.php\/2024\/01\/02\/honda-motor-presente-en-carilo-con-novedades-2024\/#article","isPartOf":{"@id":"https:\/\/autofans.com.ar\/index.php\/2024\/01\/02\/honda-motor-presente-en-carilo-con-novedades-2024\/"},"author":{"name":"Alejandro Gabriel Rosito","@id":"https:\/\/autofans.com.ar\/#\/schema\/person\/4a8dda0b6df83ac3d6723e921274c2aa"},"headline":"Honda Motor presente en Caril\u00f3 con novedades 2024","datePublished":"2024-01-02T15:57:08+00:00","mainEntityOfPage":{"@id":"https:\/\/autofans.com.ar\/index.php\/2024\/01\/02\/honda-motor-presente-en-carilo-con-novedades-2024\/"},"wordCount":424,"image":{"@id":"https:\/\/autofans.com.ar\/index.php\/2024\/01\/02\/honda-motor-presente-en-carilo-con-novedades-2024\/#primaryimage"},"thumbnailUrl":"https:\/\/autofans.com.ar\/wp-content\/uploads\/2024\/01\/foto-3.jpg","keywords":["Carilo","experiencia \u00fanica","Honda","marina","motocicletas","Novedades Automotrices","productos de fuerza","Seguridad Vial","SUV","tecnolog\u00eda avanzada","Temporada de Verano"],"articleSection":["BIZSTYLE","NOTICIAS"],"inLanguage":"es"},{"@type":"WebPage","@id":"https:\/\/autofans.com.ar\/index.php\/2024\/01\/02\/honda-motor-presente-en-carilo-con-novedades-2024\/","url":"https:\/\/autofans.com.ar\/index.php\/2024\/01\/02\/honda-motor-presente-en-carilo-con-novedades-2024\/","name":"Honda Motor presente en Caril\u00f3 con novedades 2024 -","isPartOf":{"@id":"https:\/\/autofans.com.ar\/#website"},"primaryImageOfPage":{"@id":"https:\/\/autofans.com.ar\/index.php\/2024\/01\/02\/honda-motor-presente-en-carilo-con-novedades-2024\/#primaryimage"},"image":{"@id":"https:\/\/autofans.com.ar\/index.php\/2024\/01\/02\/honda-motor-presente-en-carilo-con-novedades-2024\/#primaryimage"},"thumbnailUrl":"https:\/\/autofans.com.ar\/wp-content\/uploads\/2024\/01\/foto-3.jpg","datePublished":"2024-01-02T15:57:08+00:00","author":{"@id":"https:\/\/autofans.com.ar\/#\/schema\/person\/4a8dda0b6df83ac3d6723e921274c2aa"},"description":"Honda Motor de Argentina toma el protagonismo de este verano 2024 con su destacado espacio en Caril\u00f3, ubicado en Av. Divisadero y Casta\u00f1o...","breadcrumb":{"@id":"https:\/\/autofans.com.ar\/index.php\/2024\/01\/02\/honda-motor-presente-en-carilo-con-novedades-2024\/#breadcrumb"},"inLanguage":"es","potentialAction":[{"@type":"ReadAction","target":["https:\/\/autofans.com.ar\/index.php\/2024\/01\/02\/honda-motor-presente-en-carilo-con-novedades-2024\/"]}]},{"@type":"ImageObject","inLanguage":"es","@id":"https:\/\/autofans.com.ar\/index.php\/2024\/01\/02\/honda-motor-presente-en-carilo-con-novedades-2024\/#primaryimage","url":"https:\/\/autofans.com.ar\/wp-content\/uploads\/2024\/01\/foto-3.jpg","contentUrl":"https:\/\/autofans.com.ar\/wp-content\/uploads\/2024\/01\/foto-3.jpg","width":1000,"height":667,"caption":"Honda Motor"},{"@type":"BreadcrumbList","@id":"https:\/\/autofans.com.ar\/index.php\/2024\/01\/02\/honda-motor-presente-en-carilo-con-novedades-2024\/#breadcrumb","itemListElement":[{"@type":"ListItem","position":1,"name":"Inicio","item":"https:\/\/autofans.com.ar\/"},{"@type":"ListItem","position":2,"name":"Honda Motor presente en Caril\u00f3 con novedades 2024"}]},{"@type":"WebSite","@id":"https:\/\/autofans.com.ar\/#website","url":"https:\/\/autofans.com.ar\/","name":"","description":"El multimedio referente de la industria automotriz","potentialAction":[{"@type":"SearchAction","target":{"@type":"EntryPoint","urlTemplate":"https:\/\/autofans.com.ar\/?s={search_term_string}"},"query-input":{"@type":"PropertyValueSpecification","valueRequired":true,"valueName":"search_term_string"}}],"inLanguage":"es"},{"@type":"Person","@id":"https:\/\/autofans.com.ar\/#\/schema\/person\/4a8dda0b6df83ac3d6723e921274c2aa","name":"Alejandro Gabriel Rosito","image":{"@type":"ImageObject","inLanguage":"es","@id":"https:\/\/secure.gravatar.com\/avatar\/16c5dda1489adfc62618084dcbb91cffd879c374b13fe5dd8e44ed6733852c88?s=96&d=mm&r=g","url":"https:\/\/secure.gravatar.com\/avatar\/16c5dda1489adfc62618084dcbb91cffd879c374b13fe5dd8e44ed6733852c88?s=96&d=mm&r=g","contentUrl":"https:\/\/secure.gravatar.com\/avatar\/16c5dda1489adfc62618084dcbb91cffd879c374b13fe5dd8e44ed6733852c88?s=96&d=mm&r=g","caption":"Alejandro Gabriel Rosito"},"url":"https:\/\/autofans.com.ar\/index.php\/author\/gabrielr\/"}]}},"featured_image_urls":{"full":["https:\/\/autofans.com.ar\/wp-content\/uploads\/2024\/01\/foto-3.jpg",1000,667,false],"thumbnail":["https:\/\/autofans.com.ar\/wp-content\/uploads\/2024\/01\/foto-3-150x150.jpg",150,150,true],"medium":["https:\/\/autofans.com.ar\/wp-content\/uploads\/2024\/01\/foto-3-300x200.jpg",300,200,true],"medium_large":["https:\/\/autofans.com.ar\/wp-content\/uploads\/2024\/01\/foto-3-768x512.jpg",640,427,true],"large":["https:\/\/autofans.com.ar\/wp-content\/uploads\/2024\/01\/foto-3.jpg",640,427,false],"1536x1536":["https:\/\/autofans.com.ar\/wp-content\/uploads\/2024\/01\/foto-3.jpg",1000,667,false],"2048x2048":["https:\/\/autofans.com.ar\/wp-content\/uploads\/2024\/01\/foto-3.jpg",1000,667,false],"covernews-featured":["https:\/\/autofans.com.ar\/wp-content\/uploads\/2024\/01\/foto-3.jpg",1000,667,false],"covernews-medium":["https:\/\/autofans.com.ar\/wp-content\/uploads\/2024\/01\/foto-3-540x340.jpg",540,340,true]},"author_info":{"display_name":"Alejandro Gabriel Rosito","author_link":"https:\/\/autofans.com.ar\/index.php\/author\/gabrielr\/"},"category_info":"<a href=\"https:\/\/autofans.com.ar\/index.php\/category\/noticias\/bizstyle\/\" rel=\"category tag\">BIZSTYLE<\/a> <a href=\"https:\/\/autofans.com.ar\/index.php\/category\/noticias\/\" rel=\"category tag\">NOTICIAS<\/a>","tag_info":"NOTICIAS","comment_count":0,"_links":{"self":[{"href":"https:\/\/autofans.com.ar\/index.php\/wp-json\/wp\/v2\/posts\/6165","targetHints":{"allow":["GET"]}}],"collection":[{"href":"https:\/\/autofans.com.ar\/index.php\/wp-json\/wp\/v2\/posts"}],"about":[{"href":"https:\/\/autofans.com.ar\/index.php\/wp-json\/wp\/v2\/types\/post"}],"author":[{"embeddable":true,"href":"https:\/\/autofans.com.ar\/index.php\/wp-json\/wp\/v2\/users\/2"}],"replies":[{"embeddable":true,"href":"https:\/\/autofans.com.ar\/index.php\/wp-json\/wp\/v2\/comments?post=6165"}],"version-history":[{"count":1,"href":"https:\/\/autofans.com.ar\/index.php\/wp-json\/wp\/v2\/posts\/6165\/revisions"}],"predecessor-version":[{"id":6171,"href":"https:\/\/autofans.com.ar\/index.php\/wp-json\/wp\/v2\/posts\/6165\/revisions\/6171"}],"wp:featuredmedia":[{"embeddable":true,"href":"https:\/\/autofans.com.ar\/index.php\/wp-json\/wp\/v2\/media\/6168"}],"wp:attachment":[{"href":"https:\/\/autofans.com.ar\/index.php\/wp-json\/wp\/v2\/media?parent=6165"}],"wp:term":[{"taxonomy":"category","embeddable":true,"href":"https:\/\/autofans.com.ar\/index.php\/wp-json\/wp\/v2\/categories?post=6165"},{"taxonomy":"post_tag","embeddable":true,"href":"https:\/\/autofans.com.ar\/index.php\/wp-json\/wp\/v2\/tags?post=6165"}],"curies":[{"name":"wp","href":"https:\/\/api.w.org\/{rel}","templated":true}]}}