{"id":6176,"date":"2024-01-02T20:13:02","date_gmt":"2024-01-02T23:13:02","guid":{"rendered":"https:\/\/autofans.com.ar\/?p=6176"},"modified":"2024-01-02T20:13:02","modified_gmt":"2024-01-02T23:13:02","slug":"iveco-bus-fortalece-su-presencia-en-turquia","status":"publish","type":"post","link":"https:\/\/autofans.com.ar\/index.php\/2024\/01\/02\/iveco-bus-fortalece-su-presencia-en-turquia\/","title":{"rendered":"IVECO BUS fortalece su presencia en Turqu\u00eda"},"content":{"rendered":"<p>IVECO BUS, perteneciente al grupo Iveco y destacado fabricante europeo de buses, ampl\u00eda su influencia en Turqu\u00eda al entregar 10 unidades del modelo CROSSWAY al Municipio Metropolitano de Bal\u0131kesir.<\/p>\n<p>&nbsp;<\/p>\n<h2>Entrega hist\u00f3rica en Bal\u0131kesir con 10 CROSSWAY<\/h2>\n<p>El Municipio de Bal\u0131kesir se convierte as\u00ed en el pionero turco al optar por el modelo CROSSWAY, ya con m\u00e1s de 60,000 unidades vendidas en diversas versiones en Europa. Estos buses ser\u00e1n destinados al transporte de pasajeros entre el Aeropuerto Sabiha G\u00f6k\u00e7en de Estambul y Bal\u0131kesir.<\/p>\n<p>En la entrega, presidida por el Alcalde Y\u00fccel Y\u0131lmaz, representantes de IVECO BUS, incluyendo a Marco Franza, Director de Operaciones Comerciales en Asia, y Hakk\u0131 I\u015f\u0131nak, Director General de IVECO Turqu\u00eda, celebraron la incorporaci\u00f3n de los CROSSWAY a la flota de transporte de la ciudad.<\/p>\n<p>&nbsp;<\/p>\n<blockquote>\n<p style=\"text-align: center;\">Comentando sobre la primera venta de IVECO BUS en Turqu\u00eda, Marco Franza declar\u00f3: \u00abIVECO BUS, parte de Iveco Group, est\u00e1 confirmando su ambici\u00f3n de crecer globalmente. Ahora estamos demostrando que el CROSSWAY es el mejor veh\u00edculo para satisfacer las necesidades de los clientes de la regi\u00f3n y estamos convencidos de que toda la gama de productos ser\u00e1 capaz de aumentar su presencia en el pa\u00eds gracias a sus ventajas distintivas. IVECO BUS, con su fuerte compromiso con la sostenibilidad, ofrecer\u00e1 pr\u00f3ximamente veh\u00edculos de cero emisiones, contribuyendo a una oferta de transporte m\u00e1s sostenible en el mercado. Los buses CROSSWAY, que ahora han entrado en el mercado turco, estar\u00e1n entre las soluciones de transporte p\u00fablico favoritas y creo que tras esta adquisici\u00f3n, en la que el Ayuntamiento de Bal\u0131kesir es pionero, veremos m\u00e1s buses IVECO operando en el pa\u00eds\u00bb.<\/p>\n<\/blockquote>\n<p>&nbsp;<\/p>\n<h2>IVECO BUS refuerza su lugar en Turqu\u00eda<\/h2>\n<p>Marco Franza entreg\u00f3 una placa de plata al Alcalde Y\u0131lmaz en reconocimiento a esta elecci\u00f3n. El CROSSWAY, reconocido l\u00edder en confiabilidad y eficiencia de combustible, cuenta con un motor de FPT Industrial, conocido por su rendimiento destacado y largos intervalos de servicio.<\/p>\n<p>&nbsp;<\/p>\n<p><img fetchpriority=\"high\" decoding=\"async\" class=\"aligncenter wp-image-6178 size-full\" src=\"https:\/\/autofans.com.ar\/wp-content\/uploads\/2024\/01\/foto-1-2.jpg\" alt=\"IVECO BUS\" width=\"1000\" height=\"667\" srcset=\"https:\/\/autofans.com.ar\/wp-content\/uploads\/2024\/01\/foto-1-2.jpg 1000w, https:\/\/autofans.com.ar\/wp-content\/uploads\/2024\/01\/foto-1-2-300x200.jpg 300w, https:\/\/autofans.com.ar\/wp-content\/uploads\/2024\/01\/foto-1-2-768x512.jpg 768w\" sizes=\"(max-width: 1000px) 100vw, 1000px\" \/><\/p>\n<p>&nbsp;<\/p>\n<p>El Municipio de Bal\u0131kesir opt\u00f3 por el CROSSWAY debido a su destacada fiabilidad, eficiencia en combustible, costos operativos optimizados, seguridad en la conducci\u00f3n y confort para los pasajeros. Con este paso, IVECO BUS consolida su posici\u00f3n como proveedor de soluciones de transporte confiables en Turqu\u00eda.<\/p>\n<p>&nbsp;<\/p>\n<p>&nbsp;<\/p>\n<p><i>Para enterarte de m\u00e1s novedades, no dejes de leer\u00a0<\/i><a href=\"https:\/\/autofans.thebrandsoup.com\/\"><i>nuestras notas<\/i><\/a><i>, de ver<\/i><b><i>\u00a0<\/i><\/b><a href=\"https:\/\/www.youtube.com\/channel\/UCgAC8UGHZYbT6P7PpmVnP7g\"><b><i>AUTOFANS TV<\/i><\/b><\/a><b><i>\u00a0<\/i><\/b><i>en nuestro\u00a0canal de Youtube. Adem\u00e1s seguinos en\u00a0<\/i><a href=\"https:\/\/www.instagram.com\/autofanstv\/\"><i>INSTAGRAM<\/i><\/a><i> y <\/i><a href=\"https:\/\/www.facebook.com\/autofansmas\/\"><i>FACEBOOK<\/i><\/a><i> para no perderte nada sobre las novedades del segmento automotor de Argentina y el mundo.<\/i><\/p>\n","protected":false},"excerpt":{"rendered":"<p>IVECO BUS, perteneciente al grupo Iveco y destacado fabricante europeo de buses, ampl\u00eda su influencia&#8230;<\/p>\n","protected":false},"author":2,"featured_media":6177,"comment_status":"closed","ping_status":"closed","sticky":false,"template":"","format":"standard","meta":{"footnotes":""},"categories":[16,10],"tags":[3242,3243,3238,3241,3237,3240,3239],"class_list":["post-6176","post","type-post","status-publish","format-standard","has-post-thumbnail","hentry","category-noticias","category-utilitarios-y-pesados-lanzamientos","tag-aeropuerto-sabiha-gokcen","tag-balikesir","tag-crossway","tag-flota","tag-iveco-bus","tag-transporte-de-pasajeros","tag-turquia"],"yoast_head":"<!-- This site is optimized with the Yoast SEO plugin v27.5 - https:\/\/yoast.com\/product\/yoast-seo-wordpress\/ -->\n<title>IVECO BUS fortalece su presencia en Turqu\u00eda -<\/title>\n<meta name=\"description\" content=\"IVECO BUS, perteneciente al grupo Iveco y destacado fabricante europeo de buses, ampl\u00eda su influencia en Turqu\u00eda al entregar 10 unidades...\" \/>\n<meta name=\"robots\" content=\"index, follow, max-snippet:-1, max-image-preview:large, max-video-preview:-1\" \/>\n<link rel=\"canonical\" href=\"https:\/\/autofans.com.ar\/index.php\/2024\/01\/02\/iveco-bus-fortalece-su-presencia-en-turquia\/\" \/>\n<meta property=\"og:locale\" content=\"es_ES\" \/>\n<meta property=\"og:type\" content=\"article\" \/>\n<meta property=\"og:title\" content=\"IVECO BUS fortalece su presencia en Turqu\u00eda -\" \/>\n<meta property=\"og:description\" content=\"IVECO BUS, perteneciente al grupo Iveco y destacado fabricante europeo de buses, ampl\u00eda su influencia en Turqu\u00eda al entregar 10 unidades...\" \/>\n<meta property=\"og:url\" content=\"https:\/\/autofans.com.ar\/index.php\/2024\/01\/02\/iveco-bus-fortalece-su-presencia-en-turquia\/\" \/>\n<meta property=\"article:published_time\" content=\"2024-01-02T23:13:02+00:00\" \/>\n<meta property=\"og:image\" content=\"https:\/\/autofans.com.ar\/wp-content\/uploads\/2024\/01\/foto-2-2.jpg\" \/>\n\t<meta property=\"og:image:width\" content=\"640\" \/>\n\t<meta property=\"og:image:height\" content=\"427\" \/>\n\t<meta property=\"og:image:type\" content=\"image\/jpeg\" \/>\n<meta name=\"author\" content=\"Alejandro Gabriel Rosito\" \/>\n<meta name=\"twitter:card\" content=\"summary_large_image\" \/>\n<meta name=\"twitter:label1\" content=\"Escrito por\" \/>\n\t<meta name=\"twitter:data1\" content=\"Alejandro Gabriel Rosito\" \/>\n\t<meta name=\"twitter:label2\" content=\"Tiempo de lectura\" \/>\n\t<meta name=\"twitter:data2\" content=\"2 minutos\" \/>\n<script type=\"application\/ld+json\" class=\"yoast-schema-graph\">{\"@context\":\"https:\\\/\\\/schema.org\",\"@graph\":[{\"@type\":\"Article\",\"@id\":\"https:\\\/\\\/autofans.com.ar\\\/index.php\\\/2024\\\/01\\\/02\\\/iveco-bus-fortalece-su-presencia-en-turquia\\\/#article\",\"isPartOf\":{\"@id\":\"https:\\\/\\\/autofans.com.ar\\\/index.php\\\/2024\\\/01\\\/02\\\/iveco-bus-fortalece-su-presencia-en-turquia\\\/\"},\"author\":{\"name\":\"Alejandro Gabriel Rosito\",\"@id\":\"https:\\\/\\\/autofans.com.ar\\\/#\\\/schema\\\/person\\\/4a8dda0b6df83ac3d6723e921274c2aa\"},\"headline\":\"IVECO BUS fortalece su presencia en Turqu\u00eda\",\"datePublished\":\"2024-01-02T23:13:02+00:00\",\"mainEntityOfPage\":{\"@id\":\"https:\\\/\\\/autofans.com.ar\\\/index.php\\\/2024\\\/01\\\/02\\\/iveco-bus-fortalece-su-presencia-en-turquia\\\/\"},\"wordCount\":452,\"image\":{\"@id\":\"https:\\\/\\\/autofans.com.ar\\\/index.php\\\/2024\\\/01\\\/02\\\/iveco-bus-fortalece-su-presencia-en-turquia\\\/#primaryimage\"},\"thumbnailUrl\":\"https:\\\/\\\/autofans.com.ar\\\/wp-content\\\/uploads\\\/2024\\\/01\\\/foto-2-2.jpg\",\"keywords\":[\"Aeropuerto Sabiha G\u00f6k\u00e7en\",\"Bal\u0131kesir\",\"CROSSWAY\",\"flota\",\"IVECO BUS\",\"transporte de pasajeros\",\"Turqu\u00eda\"],\"articleSection\":[\"NOTICIAS\",\"Pick Ups, Utilitarios y Pesados\"],\"inLanguage\":\"es\"},{\"@type\":\"WebPage\",\"@id\":\"https:\\\/\\\/autofans.com.ar\\\/index.php\\\/2024\\\/01\\\/02\\\/iveco-bus-fortalece-su-presencia-en-turquia\\\/\",\"url\":\"https:\\\/\\\/autofans.com.ar\\\/index.php\\\/2024\\\/01\\\/02\\\/iveco-bus-fortalece-su-presencia-en-turquia\\\/\",\"name\":\"IVECO BUS fortalece su presencia en Turqu\u00eda -\",\"isPartOf\":{\"@id\":\"https:\\\/\\\/autofans.com.ar\\\/#website\"},\"primaryImageOfPage\":{\"@id\":\"https:\\\/\\\/autofans.com.ar\\\/index.php\\\/2024\\\/01\\\/02\\\/iveco-bus-fortalece-su-presencia-en-turquia\\\/#primaryimage\"},\"image\":{\"@id\":\"https:\\\/\\\/autofans.com.ar\\\/index.php\\\/2024\\\/01\\\/02\\\/iveco-bus-fortalece-su-presencia-en-turquia\\\/#primaryimage\"},\"thumbnailUrl\":\"https:\\\/\\\/autofans.com.ar\\\/wp-content\\\/uploads\\\/2024\\\/01\\\/foto-2-2.jpg\",\"datePublished\":\"2024-01-02T23:13:02+00:00\",\"author\":{\"@id\":\"https:\\\/\\\/autofans.com.ar\\\/#\\\/schema\\\/person\\\/4a8dda0b6df83ac3d6723e921274c2aa\"},\"description\":\"IVECO BUS, perteneciente al grupo Iveco y destacado fabricante europeo de buses, ampl\u00eda su influencia en Turqu\u00eda al entregar 10 unidades...\",\"breadcrumb\":{\"@id\":\"https:\\\/\\\/autofans.com.ar\\\/index.php\\\/2024\\\/01\\\/02\\\/iveco-bus-fortalece-su-presencia-en-turquia\\\/#breadcrumb\"},\"inLanguage\":\"es\",\"potentialAction\":[{\"@type\":\"ReadAction\",\"target\":[\"https:\\\/\\\/autofans.com.ar\\\/index.php\\\/2024\\\/01\\\/02\\\/iveco-bus-fortalece-su-presencia-en-turquia\\\/\"]}]},{\"@type\":\"ImageObject\",\"inLanguage\":\"es\",\"@id\":\"https:\\\/\\\/autofans.com.ar\\\/index.php\\\/2024\\\/01\\\/02\\\/iveco-bus-fortalece-su-presencia-en-turquia\\\/#primaryimage\",\"url\":\"https:\\\/\\\/autofans.com.ar\\\/wp-content\\\/uploads\\\/2024\\\/01\\\/foto-2-2.jpg\",\"contentUrl\":\"https:\\\/\\\/autofans.com.ar\\\/wp-content\\\/uploads\\\/2024\\\/01\\\/foto-2-2.jpg\",\"width\":1000,\"height\":667,\"caption\":\"IVECO BUS\"},{\"@type\":\"BreadcrumbList\",\"@id\":\"https:\\\/\\\/autofans.com.ar\\\/index.php\\\/2024\\\/01\\\/02\\\/iveco-bus-fortalece-su-presencia-en-turquia\\\/#breadcrumb\",\"itemListElement\":[{\"@type\":\"ListItem\",\"position\":1,\"name\":\"Inicio\",\"item\":\"https:\\\/\\\/autofans.com.ar\\\/\"},{\"@type\":\"ListItem\",\"position\":2,\"name\":\"IVECO BUS fortalece su presencia en Turqu\u00eda\"}]},{\"@type\":\"WebSite\",\"@id\":\"https:\\\/\\\/autofans.com.ar\\\/#website\",\"url\":\"https:\\\/\\\/autofans.com.ar\\\/\",\"name\":\"\",\"description\":\"El multimedio referente de la industria automotriz\",\"potentialAction\":[{\"@type\":\"SearchAction\",\"target\":{\"@type\":\"EntryPoint\",\"urlTemplate\":\"https:\\\/\\\/autofans.com.ar\\\/?s={search_term_string}\"},\"query-input\":{\"@type\":\"PropertyValueSpecification\",\"valueRequired\":true,\"valueName\":\"search_term_string\"}}],\"inLanguage\":\"es\"},{\"@type\":\"Person\",\"@id\":\"https:\\\/\\\/autofans.com.ar\\\/#\\\/schema\\\/person\\\/4a8dda0b6df83ac3d6723e921274c2aa\",\"name\":\"Alejandro Gabriel Rosito\",\"image\":{\"@type\":\"ImageObject\",\"inLanguage\":\"es\",\"@id\":\"https:\\\/\\\/secure.gravatar.com\\\/avatar\\\/16c5dda1489adfc62618084dcbb91cffd879c374b13fe5dd8e44ed6733852c88?s=96&d=mm&r=g\",\"url\":\"https:\\\/\\\/secure.gravatar.com\\\/avatar\\\/16c5dda1489adfc62618084dcbb91cffd879c374b13fe5dd8e44ed6733852c88?s=96&d=mm&r=g\",\"contentUrl\":\"https:\\\/\\\/secure.gravatar.com\\\/avatar\\\/16c5dda1489adfc62618084dcbb91cffd879c374b13fe5dd8e44ed6733852c88?s=96&d=mm&r=g\",\"caption\":\"Alejandro Gabriel Rosito\"},\"url\":\"https:\\\/\\\/autofans.com.ar\\\/index.php\\\/author\\\/gabrielr\\\/\"}]}<\/script>\n<!-- \/ Yoast SEO plugin. -->","yoast_head_json":{"title":"IVECO BUS fortalece su presencia en Turqu\u00eda -","description":"IVECO BUS, perteneciente al grupo Iveco y destacado fabricante europeo de buses, ampl\u00eda su influencia en Turqu\u00eda al entregar 10 unidades...","robots":{"index":"index","follow":"follow","max-snippet":"max-snippet:-1","max-image-preview":"max-image-preview:large","max-video-preview":"max-video-preview:-1"},"canonical":"https:\/\/autofans.com.ar\/index.php\/2024\/01\/02\/iveco-bus-fortalece-su-presencia-en-turquia\/","og_locale":"es_ES","og_type":"article","og_title":"IVECO BUS fortalece su presencia en Turqu\u00eda -","og_description":"IVECO BUS, perteneciente al grupo Iveco y destacado fabricante europeo de buses, ampl\u00eda su influencia en Turqu\u00eda al entregar 10 unidades...","og_url":"https:\/\/autofans.com.ar\/index.php\/2024\/01\/02\/iveco-bus-fortalece-su-presencia-en-turquia\/","article_published_time":"2024-01-02T23:13:02+00:00","og_image":[{"url":"https:\/\/autofans.com.ar\/wp-content\/uploads\/2024\/01\/foto-2-2.jpg","width":640,"height":427,"type":"image\/jpeg"}],"author":"Alejandro Gabriel Rosito","twitter_card":"summary_large_image","twitter_misc":{"Escrito por":"Alejandro Gabriel Rosito","Tiempo de lectura":"2 minutos"},"schema":{"@context":"https:\/\/schema.org","@graph":[{"@type":"Article","@id":"https:\/\/autofans.com.ar\/index.php\/2024\/01\/02\/iveco-bus-fortalece-su-presencia-en-turquia\/#article","isPartOf":{"@id":"https:\/\/autofans.com.ar\/index.php\/2024\/01\/02\/iveco-bus-fortalece-su-presencia-en-turquia\/"},"author":{"name":"Alejandro Gabriel Rosito","@id":"https:\/\/autofans.com.ar\/#\/schema\/person\/4a8dda0b6df83ac3d6723e921274c2aa"},"headline":"IVECO BUS fortalece su presencia en Turqu\u00eda","datePublished":"2024-01-02T23:13:02+00:00","mainEntityOfPage":{"@id":"https:\/\/autofans.com.ar\/index.php\/2024\/01\/02\/iveco-bus-fortalece-su-presencia-en-turquia\/"},"wordCount":452,"image":{"@id":"https:\/\/autofans.com.ar\/index.php\/2024\/01\/02\/iveco-bus-fortalece-su-presencia-en-turquia\/#primaryimage"},"thumbnailUrl":"https:\/\/autofans.com.ar\/wp-content\/uploads\/2024\/01\/foto-2-2.jpg","keywords":["Aeropuerto Sabiha G\u00f6k\u00e7en","Bal\u0131kesir","CROSSWAY","flota","IVECO BUS","transporte de pasajeros","Turqu\u00eda"],"articleSection":["NOTICIAS","Pick Ups, Utilitarios y Pesados"],"inLanguage":"es"},{"@type":"WebPage","@id":"https:\/\/autofans.com.ar\/index.php\/2024\/01\/02\/iveco-bus-fortalece-su-presencia-en-turquia\/","url":"https:\/\/autofans.com.ar\/index.php\/2024\/01\/02\/iveco-bus-fortalece-su-presencia-en-turquia\/","name":"IVECO BUS fortalece su presencia en Turqu\u00eda -","isPartOf":{"@id":"https:\/\/autofans.com.ar\/#website"},"primaryImageOfPage":{"@id":"https:\/\/autofans.com.ar\/index.php\/2024\/01\/02\/iveco-bus-fortalece-su-presencia-en-turquia\/#primaryimage"},"image":{"@id":"https:\/\/autofans.com.ar\/index.php\/2024\/01\/02\/iveco-bus-fortalece-su-presencia-en-turquia\/#primaryimage"},"thumbnailUrl":"https:\/\/autofans.com.ar\/wp-content\/uploads\/2024\/01\/foto-2-2.jpg","datePublished":"2024-01-02T23:13:02+00:00","author":{"@id":"https:\/\/autofans.com.ar\/#\/schema\/person\/4a8dda0b6df83ac3d6723e921274c2aa"},"description":"IVECO BUS, perteneciente al grupo Iveco y destacado fabricante europeo de buses, ampl\u00eda su influencia en Turqu\u00eda al entregar 10 unidades...","breadcrumb":{"@id":"https:\/\/autofans.com.ar\/index.php\/2024\/01\/02\/iveco-bus-fortalece-su-presencia-en-turquia\/#breadcrumb"},"inLanguage":"es","potentialAction":[{"@type":"ReadAction","target":["https:\/\/autofans.com.ar\/index.php\/2024\/01\/02\/iveco-bus-fortalece-su-presencia-en-turquia\/"]}]},{"@type":"ImageObject","inLanguage":"es","@id":"https:\/\/autofans.com.ar\/index.php\/2024\/01\/02\/iveco-bus-fortalece-su-presencia-en-turquia\/#primaryimage","url":"https:\/\/autofans.com.ar\/wp-content\/uploads\/2024\/01\/foto-2-2.jpg","contentUrl":"https:\/\/autofans.com.ar\/wp-content\/uploads\/2024\/01\/foto-2-2.jpg","width":1000,"height":667,"caption":"IVECO BUS"},{"@type":"BreadcrumbList","@id":"https:\/\/autofans.com.ar\/index.php\/2024\/01\/02\/iveco-bus-fortalece-su-presencia-en-turquia\/#breadcrumb","itemListElement":[{"@type":"ListItem","position":1,"name":"Inicio","item":"https:\/\/autofans.com.ar\/"},{"@type":"ListItem","position":2,"name":"IVECO BUS fortalece su presencia en Turqu\u00eda"}]},{"@type":"WebSite","@id":"https:\/\/autofans.com.ar\/#website","url":"https:\/\/autofans.com.ar\/","name":"","description":"El multimedio referente de la industria automotriz","potentialAction":[{"@type":"SearchAction","target":{"@type":"EntryPoint","urlTemplate":"https:\/\/autofans.com.ar\/?s={search_term_string}"},"query-input":{"@type":"PropertyValueSpecification","valueRequired":true,"valueName":"search_term_string"}}],"inLanguage":"es"},{"@type":"Person","@id":"https:\/\/autofans.com.ar\/#\/schema\/person\/4a8dda0b6df83ac3d6723e921274c2aa","name":"Alejandro Gabriel Rosito","image":{"@type":"ImageObject","inLanguage":"es","@id":"https:\/\/secure.gravatar.com\/avatar\/16c5dda1489adfc62618084dcbb91cffd879c374b13fe5dd8e44ed6733852c88?s=96&d=mm&r=g","url":"https:\/\/secure.gravatar.com\/avatar\/16c5dda1489adfc62618084dcbb91cffd879c374b13fe5dd8e44ed6733852c88?s=96&d=mm&r=g","contentUrl":"https:\/\/secure.gravatar.com\/avatar\/16c5dda1489adfc62618084dcbb91cffd879c374b13fe5dd8e44ed6733852c88?s=96&d=mm&r=g","caption":"Alejandro Gabriel Rosito"},"url":"https:\/\/autofans.com.ar\/index.php\/author\/gabrielr\/"}]}},"featured_image_urls":{"full":["https:\/\/autofans.com.ar\/wp-content\/uploads\/2024\/01\/foto-2-2.jpg",1000,667,false],"thumbnail":["https:\/\/autofans.com.ar\/wp-content\/uploads\/2024\/01\/foto-2-2-150x150.jpg",150,150,true],"medium":["https:\/\/autofans.com.ar\/wp-content\/uploads\/2024\/01\/foto-2-2-300x200.jpg",300,200,true],"medium_large":["https:\/\/autofans.com.ar\/wp-content\/uploads\/2024\/01\/foto-2-2-768x512.jpg",640,427,true],"large":["https:\/\/autofans.com.ar\/wp-content\/uploads\/2024\/01\/foto-2-2.jpg",640,427,false],"1536x1536":["https:\/\/autofans.com.ar\/wp-content\/uploads\/2024\/01\/foto-2-2.jpg",1000,667,false],"2048x2048":["https:\/\/autofans.com.ar\/wp-content\/uploads\/2024\/01\/foto-2-2.jpg",1000,667,false],"covernews-featured":["https:\/\/autofans.com.ar\/wp-content\/uploads\/2024\/01\/foto-2-2.jpg",1000,667,false],"covernews-medium":["https:\/\/autofans.com.ar\/wp-content\/uploads\/2024\/01\/foto-2-2-540x340.jpg",540,340,true]},"author_info":{"display_name":"Alejandro Gabriel Rosito","author_link":"https:\/\/autofans.com.ar\/index.php\/author\/gabrielr\/"},"category_info":"<a href=\"https:\/\/autofans.com.ar\/index.php\/category\/noticias\/\" rel=\"category tag\">NOTICIAS<\/a> <a href=\"https:\/\/autofans.com.ar\/index.php\/category\/lanzamientos\/utilitarios-y-pesados-lanzamientos\/\" rel=\"category tag\">Pick Ups, Utilitarios y Pesados<\/a>","tag_info":"Pick Ups, Utilitarios y Pesados","comment_count":0,"_links":{"self":[{"href":"https:\/\/autofans.com.ar\/index.php\/wp-json\/wp\/v2\/posts\/6176","targetHints":{"allow":["GET"]}}],"collection":[{"href":"https:\/\/autofans.com.ar\/index.php\/wp-json\/wp\/v2\/posts"}],"about":[{"href":"https:\/\/autofans.com.ar\/index.php\/wp-json\/wp\/v2\/types\/post"}],"author":[{"embeddable":true,"href":"https:\/\/autofans.com.ar\/index.php\/wp-json\/wp\/v2\/users\/2"}],"replies":[{"embeddable":true,"href":"https:\/\/autofans.com.ar\/index.php\/wp-json\/wp\/v2\/comments?post=6176"}],"version-history":[{"count":2,"href":"https:\/\/autofans.com.ar\/index.php\/wp-json\/wp\/v2\/posts\/6176\/revisions"}],"predecessor-version":[{"id":6180,"href":"https:\/\/autofans.com.ar\/index.php\/wp-json\/wp\/v2\/posts\/6176\/revisions\/6180"}],"wp:featuredmedia":[{"embeddable":true,"href":"https:\/\/autofans.com.ar\/index.php\/wp-json\/wp\/v2\/media\/6177"}],"wp:attachment":[{"href":"https:\/\/autofans.com.ar\/index.php\/wp-json\/wp\/v2\/media?parent=6176"}],"wp:term":[{"taxonomy":"category","embeddable":true,"href":"https:\/\/autofans.com.ar\/index.php\/wp-json\/wp\/v2\/categories?post=6176"},{"taxonomy":"post_tag","embeddable":true,"href":"https:\/\/autofans.com.ar\/index.php\/wp-json\/wp\/v2\/tags?post=6176"}],"curies":[{"name":"wp","href":"https:\/\/api.w.org\/{rel}","templated":true}]}}