{"id":6207,"date":"2024-01-04T11:26:58","date_gmt":"2024-01-04T14:26:58","guid":{"rendered":"https:\/\/autofans.com.ar\/?p=6207"},"modified":"2024-01-04T11:26:58","modified_gmt":"2024-01-04T14:26:58","slug":"chevrolet-en-carilo-novedades-y-test-drive","status":"publish","type":"post","link":"https:\/\/autofans.com.ar\/index.php\/2024\/01\/04\/chevrolet-en-carilo-novedades-y-test-drive\/","title":{"rendered":"Chevrolet en Caril\u00f3, novedades y test drive"},"content":{"rendered":"<p>Chevrolet estar\u00e1 presente en la localidad bonaerense de Caril\u00f3 durante la temporada de verano, ofreciendo a los visitantes la oportunidad de explorar sus innovadores productos y participar en emocionantes pruebas de manejo. Desde el 26 de diciembre hasta el 13 de febrero, el stand de exhibici\u00f3n est\u00e1tica estar\u00e1 ubicado en el coraz\u00f3n del centro comercial de Caril\u00f3, sobre la calle Avellano (entre Benteveo y Boyero), con horarios de atardecer\/noche.<\/p>\n<p>&nbsp;<\/p>\n<h2>Sumergite en el mundo Chevrolet<\/h2>\n<p>Los turistas que se acerquen podr\u00e1n sumergirse en el universo de Chevrolet, con un line-up que incluye las populares pickups Chevrolet S10 y Nueva Montana, as\u00ed como los SUV Equinox y Tracker. Adem\u00e1s, la marca presentar\u00e1 dos grandes atracciones: la emblem\u00e1tica pickup \u00abfull-size\u00bb Silverado y la vanguardista tecnolog\u00eda de veh\u00edculos 100% el\u00e9ctricos de General Motors, marcando el inicio de la visi\u00f3n cero emisiones de la marca en el mercado argentino.<\/p>\n<p>&nbsp;<\/p>\n<div id='gallery-1' class='gallery galleryid-6207 gallery-columns-4 gallery-size-full'><figure class='gallery-item'>\n\t\t\t<div class='gallery-icon landscape'>\n\t\t\t\t<a href='https:\/\/autofans.com.ar\/index.php\/2024\/01\/04\/chevrolet-en-carilo-novedades-y-test-drive\/trailblazer\/'><img loading=\"lazy\" width=\"1000\" height=\"667\" src=\"https:\/\/autofans.com.ar\/wp-content\/uploads\/2024\/01\/trailblazer.jpg\" class=\"attachment-full size-full\" alt=\"Chevrolet\" aria-describedby=\"gallery-1-6212\" srcset=\"https:\/\/autofans.com.ar\/wp-content\/uploads\/2024\/01\/trailblazer.jpg 1000w, https:\/\/autofans.com.ar\/wp-content\/uploads\/2024\/01\/trailblazer-300x200.jpg 300w, https:\/\/autofans.com.ar\/wp-content\/uploads\/2024\/01\/trailblazer-768x512.jpg 768w\" sizes=\"auto, (max-width: 1000px) 100vw, 1000px\" loading=\"lazy\" decoding=\"async\" \/><\/a>\n\t\t\t<\/div>\n\t\t\t\t<figcaption class='wp-caption-text gallery-caption' id='gallery-1-6212'>\n\t\t\t\tChevrolet Trailblazer\n\t\t\t\t<\/figcaption><\/figure><figure class='gallery-item'>\n\t\t\t<div class='gallery-icon landscape'>\n\t\t\t\t<a href='https:\/\/autofans.com.ar\/index.php\/2024\/01\/04\/chevrolet-en-carilo-novedades-y-test-drive\/tracker\/'><img loading=\"lazy\" width=\"1000\" height=\"667\" src=\"https:\/\/autofans.com.ar\/wp-content\/uploads\/2024\/01\/tracker.jpg\" class=\"attachment-full size-full\" alt=\"Chevrolet\" aria-describedby=\"gallery-1-6211\" srcset=\"https:\/\/autofans.com.ar\/wp-content\/uploads\/2024\/01\/tracker.jpg 1000w, https:\/\/autofans.com.ar\/wp-content\/uploads\/2024\/01\/tracker-300x200.jpg 300w, https:\/\/autofans.com.ar\/wp-content\/uploads\/2024\/01\/tracker-768x512.jpg 768w\" sizes=\"auto, (max-width: 1000px) 100vw, 1000px\" loading=\"lazy\" decoding=\"async\" \/><\/a>\n\t\t\t<\/div>\n\t\t\t\t<figcaption class='wp-caption-text gallery-caption' id='gallery-1-6211'>\n\t\t\t\tChevrolet Tracker\n\t\t\t\t<\/figcaption><\/figure><figure class='gallery-item'>\n\t\t\t<div class='gallery-icon landscape'>\n\t\t\t\t<a href='https:\/\/autofans.com.ar\/index.php\/2024\/01\/04\/chevrolet-en-carilo-novedades-y-test-drive\/montana-2\/'><img loading=\"lazy\" width=\"1000\" height=\"667\" src=\"https:\/\/autofans.com.ar\/wp-content\/uploads\/2024\/01\/montana.jpg\" class=\"attachment-full size-full\" alt=\"Chevrolet\" aria-describedby=\"gallery-1-6209\" srcset=\"https:\/\/autofans.com.ar\/wp-content\/uploads\/2024\/01\/montana.jpg 1000w, https:\/\/autofans.com.ar\/wp-content\/uploads\/2024\/01\/montana-300x200.jpg 300w, https:\/\/autofans.com.ar\/wp-content\/uploads\/2024\/01\/montana-768x512.jpg 768w\" sizes=\"auto, (max-width: 1000px) 100vw, 1000px\" loading=\"lazy\" decoding=\"async\" \/><\/a>\n\t\t\t<\/div>\n\t\t\t\t<figcaption class='wp-caption-text gallery-caption' id='gallery-1-6209'>\n\t\t\t\tChevrolet Nueva Montana\n\t\t\t\t<\/figcaption><\/figure><figure class='gallery-item'>\n\t\t\t<div class='gallery-icon landscape'>\n\t\t\t\t<a href='https:\/\/autofans.com.ar\/index.php\/2024\/01\/04\/chevrolet-en-carilo-novedades-y-test-drive\/equinox\/'><img loading=\"lazy\" width=\"1000\" height=\"667\" src=\"https:\/\/autofans.com.ar\/wp-content\/uploads\/2024\/01\/equinox.jpg\" class=\"attachment-full size-full\" alt=\"Chevrolet\" aria-describedby=\"gallery-1-6208\" srcset=\"https:\/\/autofans.com.ar\/wp-content\/uploads\/2024\/01\/equinox.jpg 1000w, https:\/\/autofans.com.ar\/wp-content\/uploads\/2024\/01\/equinox-300x200.jpg 300w, https:\/\/autofans.com.ar\/wp-content\/uploads\/2024\/01\/equinox-768x512.jpg 768w\" sizes=\"auto, (max-width: 1000px) 100vw, 1000px\" loading=\"lazy\" decoding=\"async\" \/><\/a>\n\t\t\t<\/div>\n\t\t\t\t<figcaption class='wp-caption-text gallery-caption' id='gallery-1-6208'>\n\t\t\t\tChevrolet Equinox Premier\n\t\t\t\t<\/figcaption><\/figure>\n\t\t<\/div>\n\n<p>&nbsp;<\/p>\n<p>Los visitantes no solo podr\u00e1n admirar los veh\u00edculos, sino tambi\u00e9n participar en dos modalidades de test drive: urbano y off road. Esta experiencia les permitir\u00e1 conocer a fondo el equipamiento y las prestaciones de los principales productos de la marca, incluyendo Tracker, Equinox, Montana, S10 y Trailblazer.<\/p>\n<p>&nbsp;<\/p>\n<blockquote>\n<p style=\"text-align: center;\">\u201cLa localidad de Caril\u00f3, como lo hemos vivido varios a\u00f1os y hoy nos toca volver a estar, se transforma en un sal\u00f3n del autom\u00f3vil a cielo abierto con todas las automotrices que all\u00ed se instalan. Los visitantes de todo el pa\u00eds llegan en familia a conocer las novedades de Chevrolet con tiempo y relajados. Es una oportunidad \u00fanica que nos encanta utilizar para atender a nuestros clientes de toda la Argentina, o a todos aquellos que quieren serlo gracias a nuestra extensa red de productos y servicios ofrecidos por nuestra Red Nacional Oficial de Concesionarios Chevrolet\u201d afirma Ra\u00fal Mier, Director Comercial de GM Argentina. \u201cEn esta edici\u00f3n vamos a mostrar por primera vez la tecnolog\u00eda 100% el\u00e9ctrica de GM y equipar\u00e1 la gama de veh\u00edculos el\u00e9ctricos que estar\u00e1n en nuestro mercado regional pr\u00f3ximamente, y a volver a entusiasmar a los fans de las pickups Chevrolet con nuestra m\u00e1xima expresi\u00f3n en ese segmento, la m\u00edtica Silverado, por la cual estamos trabajando intensamente para incorporarla a nuestra l\u00ednea de productos lo antes posible\u201d.<\/p>\n<\/blockquote>\n<p>&nbsp;<\/p>\n<h2>M\u00e1s all\u00e1 de la exhibici\u00f3n, una experiencia \u00fanica<\/h2>\n<p>Durante su visita, los turistas podr\u00e1n disfrutar de activaciones de entretenimiento, consultas personalizadas con el staff oficial de asesores Chevrolet y sumergirse en la cultura de la marca. El stand se convierte as\u00ed en un punto de encuentro para aquellos que buscan no solo informaci\u00f3n detallada sobre los veh\u00edculos, sino tambi\u00e9n una experiencia interactiva y divertida.<\/p>\n<p>Chevrolet en Caril\u00f3 promete ser mucho m\u00e1s que una exhibici\u00f3n est\u00e1tica; es una oportunidad \u00fanica para experimentar de cerca la innovaci\u00f3n y el rendimiento de la marca. \u00bfTe animas a dar una vuelta? \u00a1Te esperamos en el centro comercial de Caril\u00f3 para vivir juntos la pasi\u00f3n Chevrolet!<\/p>\n<p>&nbsp;<\/p>\n<p>&nbsp;<\/p>\n<p><i>Para enterarte de m\u00e1s novedades, no dejes de leer\u00a0<\/i><a href=\"https:\/\/autofans.thebrandsoup.com\/\"><i>nuestras notas<\/i><\/a><i>, de ver<\/i><b><i>\u00a0<\/i><\/b><a href=\"https:\/\/www.youtube.com\/channel\/UCgAC8UGHZYbT6P7PpmVnP7g\"><b><i>AUTOFANS TV<\/i><\/b><\/a><b><i>\u00a0<\/i><\/b><i>en nuestro\u00a0canal de Youtube. Adem\u00e1s seguinos en\u00a0<\/i><a href=\"https:\/\/www.instagram.com\/autofanstv\/\"><i>INSTAGRAM<\/i><\/a><i> y <\/i><a href=\"https:\/\/www.facebook.com\/autofansmas\/\"><i>FACEBOOK<\/i><\/a><i> para no perderte nada sobre las novedades del segmento automotor de Argentina y el mundo.<\/i><\/p>\n","protected":false},"excerpt":{"rendered":"<p>Chevrolet estar\u00e1 presente en la localidad bonaerense de Caril\u00f3 durante la temporada de verano, ofreciendo&#8230;<\/p>\n","protected":false},"author":2,"featured_media":6210,"comment_status":"closed","ping_status":"closed","sticky":false,"template":"","format":"standard","meta":{"footnotes":""},"categories":[6,16],"tags":[273,3258,3259,3261,3260,3262],"class_list":["post-6207","post","type-post","status-publish","format-standard","has-post-thumbnail","hentry","category-bizstyle","category-noticias","tag-chevrolet-argentina","tag-chevrolet-carilo","tag-novedades-chevrolet","tag-silverado","tag-test-drive-verano-2024","tag-vehiculos-electricos-gm"],"yoast_head":"<!-- This site is optimized with the Yoast SEO plugin v27.5 - https:\/\/yoast.com\/product\/yoast-seo-wordpress\/ -->\n<title>Chevrolet en Caril\u00f3, novedades y test drive -<\/title>\n<meta name=\"description\" content=\"Chevrolet estar\u00e1 presente en la localidad bonaerense de Caril\u00f3 durante la temporada de verano, ofreciendo sus innovadores productos...\" \/>\n<meta name=\"robots\" content=\"index, follow, max-snippet:-1, max-image-preview:large, max-video-preview:-1\" \/>\n<link rel=\"canonical\" href=\"https:\/\/autofans.com.ar\/index.php\/2024\/01\/04\/chevrolet-en-carilo-novedades-y-test-drive\/\" \/>\n<meta property=\"og:locale\" content=\"es_ES\" \/>\n<meta property=\"og:type\" content=\"article\" \/>\n<meta property=\"og:title\" content=\"Chevrolet en Caril\u00f3, novedades y test drive -\" \/>\n<meta property=\"og:description\" content=\"Chevrolet estar\u00e1 presente en la localidad bonaerense de Caril\u00f3 durante la temporada de verano, ofreciendo sus innovadores productos...\" \/>\n<meta property=\"og:url\" content=\"https:\/\/autofans.com.ar\/index.php\/2024\/01\/04\/chevrolet-en-carilo-novedades-y-test-drive\/\" \/>\n<meta property=\"article:published_time\" content=\"2024-01-04T14:26:58+00:00\" \/>\n<meta property=\"og:image\" content=\"https:\/\/autofans.com.ar\/wp-content\/uploads\/2024\/01\/silverado.jpg\" \/>\n\t<meta property=\"og:image:width\" content=\"640\" \/>\n\t<meta property=\"og:image:height\" content=\"427\" \/>\n\t<meta property=\"og:image:type\" content=\"image\/jpeg\" \/>\n<meta name=\"author\" content=\"Alejandro Gabriel Rosito\" \/>\n<meta name=\"twitter:card\" content=\"summary_large_image\" \/>\n<meta name=\"twitter:label1\" content=\"Escrito por\" \/>\n\t<meta name=\"twitter:data1\" content=\"Alejandro Gabriel Rosito\" \/>\n\t<meta name=\"twitter:label2\" content=\"Tiempo de lectura\" \/>\n\t<meta name=\"twitter:data2\" content=\"2 minutos\" \/>\n<script type=\"application\/ld+json\" class=\"yoast-schema-graph\">{\"@context\":\"https:\\\/\\\/schema.org\",\"@graph\":[{\"@type\":\"Article\",\"@id\":\"https:\\\/\\\/autofans.com.ar\\\/index.php\\\/2024\\\/01\\\/04\\\/chevrolet-en-carilo-novedades-y-test-drive\\\/#article\",\"isPartOf\":{\"@id\":\"https:\\\/\\\/autofans.com.ar\\\/index.php\\\/2024\\\/01\\\/04\\\/chevrolet-en-carilo-novedades-y-test-drive\\\/\"},\"author\":{\"name\":\"Alejandro Gabriel Rosito\",\"@id\":\"https:\\\/\\\/autofans.com.ar\\\/#\\\/schema\\\/person\\\/4a8dda0b6df83ac3d6723e921274c2aa\"},\"headline\":\"Chevrolet en Caril\u00f3, novedades y test drive\",\"datePublished\":\"2024-01-04T14:26:58+00:00\",\"mainEntityOfPage\":{\"@id\":\"https:\\\/\\\/autofans.com.ar\\\/index.php\\\/2024\\\/01\\\/04\\\/chevrolet-en-carilo-novedades-y-test-drive\\\/\"},\"wordCount\":572,\"image\":{\"@id\":\"https:\\\/\\\/autofans.com.ar\\\/index.php\\\/2024\\\/01\\\/04\\\/chevrolet-en-carilo-novedades-y-test-drive\\\/#primaryimage\"},\"thumbnailUrl\":\"https:\\\/\\\/autofans.com.ar\\\/wp-content\\\/uploads\\\/2024\\\/01\\\/silverado.jpg\",\"keywords\":[\"Chevrolet argentina\",\"Chevrolet Caril\u00f3\",\"Novedades Chevrolet\",\"Silverado\",\"Test Drive Verano 2024\",\"Veh\u00edculos El\u00e9ctricos GM\"],\"articleSection\":[\"BIZSTYLE\",\"NOTICIAS\"],\"inLanguage\":\"es\"},{\"@type\":\"WebPage\",\"@id\":\"https:\\\/\\\/autofans.com.ar\\\/index.php\\\/2024\\\/01\\\/04\\\/chevrolet-en-carilo-novedades-y-test-drive\\\/\",\"url\":\"https:\\\/\\\/autofans.com.ar\\\/index.php\\\/2024\\\/01\\\/04\\\/chevrolet-en-carilo-novedades-y-test-drive\\\/\",\"name\":\"Chevrolet en Caril\u00f3, novedades y test drive -\",\"isPartOf\":{\"@id\":\"https:\\\/\\\/autofans.com.ar\\\/#website\"},\"primaryImageOfPage\":{\"@id\":\"https:\\\/\\\/autofans.com.ar\\\/index.php\\\/2024\\\/01\\\/04\\\/chevrolet-en-carilo-novedades-y-test-drive\\\/#primaryimage\"},\"image\":{\"@id\":\"https:\\\/\\\/autofans.com.ar\\\/index.php\\\/2024\\\/01\\\/04\\\/chevrolet-en-carilo-novedades-y-test-drive\\\/#primaryimage\"},\"thumbnailUrl\":\"https:\\\/\\\/autofans.com.ar\\\/wp-content\\\/uploads\\\/2024\\\/01\\\/silverado.jpg\",\"datePublished\":\"2024-01-04T14:26:58+00:00\",\"author\":{\"@id\":\"https:\\\/\\\/autofans.com.ar\\\/#\\\/schema\\\/person\\\/4a8dda0b6df83ac3d6723e921274c2aa\"},\"description\":\"Chevrolet estar\u00e1 presente en la localidad bonaerense de Caril\u00f3 durante la temporada de verano, ofreciendo sus innovadores productos...\",\"breadcrumb\":{\"@id\":\"https:\\\/\\\/autofans.com.ar\\\/index.php\\\/2024\\\/01\\\/04\\\/chevrolet-en-carilo-novedades-y-test-drive\\\/#breadcrumb\"},\"inLanguage\":\"es\",\"potentialAction\":[{\"@type\":\"ReadAction\",\"target\":[\"https:\\\/\\\/autofans.com.ar\\\/index.php\\\/2024\\\/01\\\/04\\\/chevrolet-en-carilo-novedades-y-test-drive\\\/\"]}]},{\"@type\":\"ImageObject\",\"inLanguage\":\"es\",\"@id\":\"https:\\\/\\\/autofans.com.ar\\\/index.php\\\/2024\\\/01\\\/04\\\/chevrolet-en-carilo-novedades-y-test-drive\\\/#primaryimage\",\"url\":\"https:\\\/\\\/autofans.com.ar\\\/wp-content\\\/uploads\\\/2024\\\/01\\\/silverado.jpg\",\"contentUrl\":\"https:\\\/\\\/autofans.com.ar\\\/wp-content\\\/uploads\\\/2024\\\/01\\\/silverado.jpg\",\"width\":1000,\"height\":667,\"caption\":\"Chevrolet\"},{\"@type\":\"BreadcrumbList\",\"@id\":\"https:\\\/\\\/autofans.com.ar\\\/index.php\\\/2024\\\/01\\\/04\\\/chevrolet-en-carilo-novedades-y-test-drive\\\/#breadcrumb\",\"itemListElement\":[{\"@type\":\"ListItem\",\"position\":1,\"name\":\"Inicio\",\"item\":\"https:\\\/\\\/autofans.com.ar\\\/\"},{\"@type\":\"ListItem\",\"position\":2,\"name\":\"Chevrolet en Caril\u00f3, novedades y test drive\"}]},{\"@type\":\"WebSite\",\"@id\":\"https:\\\/\\\/autofans.com.ar\\\/#website\",\"url\":\"https:\\\/\\\/autofans.com.ar\\\/\",\"name\":\"\",\"description\":\"El multimedio referente de la industria automotriz\",\"potentialAction\":[{\"@type\":\"SearchAction\",\"target\":{\"@type\":\"EntryPoint\",\"urlTemplate\":\"https:\\\/\\\/autofans.com.ar\\\/?s={search_term_string}\"},\"query-input\":{\"@type\":\"PropertyValueSpecification\",\"valueRequired\":true,\"valueName\":\"search_term_string\"}}],\"inLanguage\":\"es\"},{\"@type\":\"Person\",\"@id\":\"https:\\\/\\\/autofans.com.ar\\\/#\\\/schema\\\/person\\\/4a8dda0b6df83ac3d6723e921274c2aa\",\"name\":\"Alejandro Gabriel Rosito\",\"image\":{\"@type\":\"ImageObject\",\"inLanguage\":\"es\",\"@id\":\"https:\\\/\\\/secure.gravatar.com\\\/avatar\\\/16c5dda1489adfc62618084dcbb91cffd879c374b13fe5dd8e44ed6733852c88?s=96&d=mm&r=g\",\"url\":\"https:\\\/\\\/secure.gravatar.com\\\/avatar\\\/16c5dda1489adfc62618084dcbb91cffd879c374b13fe5dd8e44ed6733852c88?s=96&d=mm&r=g\",\"contentUrl\":\"https:\\\/\\\/secure.gravatar.com\\\/avatar\\\/16c5dda1489adfc62618084dcbb91cffd879c374b13fe5dd8e44ed6733852c88?s=96&d=mm&r=g\",\"caption\":\"Alejandro Gabriel Rosito\"},\"url\":\"https:\\\/\\\/autofans.com.ar\\\/index.php\\\/author\\\/gabrielr\\\/\"}]}<\/script>\n<!-- \/ Yoast SEO plugin. -->","yoast_head_json":{"title":"Chevrolet en Caril\u00f3, novedades y test drive -","description":"Chevrolet estar\u00e1 presente en la localidad bonaerense de Caril\u00f3 durante la temporada de verano, ofreciendo sus innovadores productos...","robots":{"index":"index","follow":"follow","max-snippet":"max-snippet:-1","max-image-preview":"max-image-preview:large","max-video-preview":"max-video-preview:-1"},"canonical":"https:\/\/autofans.com.ar\/index.php\/2024\/01\/04\/chevrolet-en-carilo-novedades-y-test-drive\/","og_locale":"es_ES","og_type":"article","og_title":"Chevrolet en Caril\u00f3, novedades y test drive -","og_description":"Chevrolet estar\u00e1 presente en la localidad bonaerense de Caril\u00f3 durante la temporada de verano, ofreciendo sus innovadores productos...","og_url":"https:\/\/autofans.com.ar\/index.php\/2024\/01\/04\/chevrolet-en-carilo-novedades-y-test-drive\/","article_published_time":"2024-01-04T14:26:58+00:00","og_image":[{"url":"https:\/\/autofans.com.ar\/wp-content\/uploads\/2024\/01\/silverado.jpg","width":640,"height":427,"type":"image\/jpeg"}],"author":"Alejandro Gabriel Rosito","twitter_card":"summary_large_image","twitter_misc":{"Escrito por":"Alejandro Gabriel Rosito","Tiempo de lectura":"2 minutos"},"schema":{"@context":"https:\/\/schema.org","@graph":[{"@type":"Article","@id":"https:\/\/autofans.com.ar\/index.php\/2024\/01\/04\/chevrolet-en-carilo-novedades-y-test-drive\/#article","isPartOf":{"@id":"https:\/\/autofans.com.ar\/index.php\/2024\/01\/04\/chevrolet-en-carilo-novedades-y-test-drive\/"},"author":{"name":"Alejandro Gabriel Rosito","@id":"https:\/\/autofans.com.ar\/#\/schema\/person\/4a8dda0b6df83ac3d6723e921274c2aa"},"headline":"Chevrolet en Caril\u00f3, novedades y test drive","datePublished":"2024-01-04T14:26:58+00:00","mainEntityOfPage":{"@id":"https:\/\/autofans.com.ar\/index.php\/2024\/01\/04\/chevrolet-en-carilo-novedades-y-test-drive\/"},"wordCount":572,"image":{"@id":"https:\/\/autofans.com.ar\/index.php\/2024\/01\/04\/chevrolet-en-carilo-novedades-y-test-drive\/#primaryimage"},"thumbnailUrl":"https:\/\/autofans.com.ar\/wp-content\/uploads\/2024\/01\/silverado.jpg","keywords":["Chevrolet argentina","Chevrolet Caril\u00f3","Novedades Chevrolet","Silverado","Test Drive Verano 2024","Veh\u00edculos El\u00e9ctricos GM"],"articleSection":["BIZSTYLE","NOTICIAS"],"inLanguage":"es"},{"@type":"WebPage","@id":"https:\/\/autofans.com.ar\/index.php\/2024\/01\/04\/chevrolet-en-carilo-novedades-y-test-drive\/","url":"https:\/\/autofans.com.ar\/index.php\/2024\/01\/04\/chevrolet-en-carilo-novedades-y-test-drive\/","name":"Chevrolet en Caril\u00f3, novedades y test drive -","isPartOf":{"@id":"https:\/\/autofans.com.ar\/#website"},"primaryImageOfPage":{"@id":"https:\/\/autofans.com.ar\/index.php\/2024\/01\/04\/chevrolet-en-carilo-novedades-y-test-drive\/#primaryimage"},"image":{"@id":"https:\/\/autofans.com.ar\/index.php\/2024\/01\/04\/chevrolet-en-carilo-novedades-y-test-drive\/#primaryimage"},"thumbnailUrl":"https:\/\/autofans.com.ar\/wp-content\/uploads\/2024\/01\/silverado.jpg","datePublished":"2024-01-04T14:26:58+00:00","author":{"@id":"https:\/\/autofans.com.ar\/#\/schema\/person\/4a8dda0b6df83ac3d6723e921274c2aa"},"description":"Chevrolet estar\u00e1 presente en la localidad bonaerense de Caril\u00f3 durante la temporada de verano, ofreciendo sus innovadores productos...","breadcrumb":{"@id":"https:\/\/autofans.com.ar\/index.php\/2024\/01\/04\/chevrolet-en-carilo-novedades-y-test-drive\/#breadcrumb"},"inLanguage":"es","potentialAction":[{"@type":"ReadAction","target":["https:\/\/autofans.com.ar\/index.php\/2024\/01\/04\/chevrolet-en-carilo-novedades-y-test-drive\/"]}]},{"@type":"ImageObject","inLanguage":"es","@id":"https:\/\/autofans.com.ar\/index.php\/2024\/01\/04\/chevrolet-en-carilo-novedades-y-test-drive\/#primaryimage","url":"https:\/\/autofans.com.ar\/wp-content\/uploads\/2024\/01\/silverado.jpg","contentUrl":"https:\/\/autofans.com.ar\/wp-content\/uploads\/2024\/01\/silverado.jpg","width":1000,"height":667,"caption":"Chevrolet"},{"@type":"BreadcrumbList","@id":"https:\/\/autofans.com.ar\/index.php\/2024\/01\/04\/chevrolet-en-carilo-novedades-y-test-drive\/#breadcrumb","itemListElement":[{"@type":"ListItem","position":1,"name":"Inicio","item":"https:\/\/autofans.com.ar\/"},{"@type":"ListItem","position":2,"name":"Chevrolet en Caril\u00f3, novedades y test drive"}]},{"@type":"WebSite","@id":"https:\/\/autofans.com.ar\/#website","url":"https:\/\/autofans.com.ar\/","name":"","description":"El multimedio referente de la industria automotriz","potentialAction":[{"@type":"SearchAction","target":{"@type":"EntryPoint","urlTemplate":"https:\/\/autofans.com.ar\/?s={search_term_string}"},"query-input":{"@type":"PropertyValueSpecification","valueRequired":true,"valueName":"search_term_string"}}],"inLanguage":"es"},{"@type":"Person","@id":"https:\/\/autofans.com.ar\/#\/schema\/person\/4a8dda0b6df83ac3d6723e921274c2aa","name":"Alejandro Gabriel Rosito","image":{"@type":"ImageObject","inLanguage":"es","@id":"https:\/\/secure.gravatar.com\/avatar\/16c5dda1489adfc62618084dcbb91cffd879c374b13fe5dd8e44ed6733852c88?s=96&d=mm&r=g","url":"https:\/\/secure.gravatar.com\/avatar\/16c5dda1489adfc62618084dcbb91cffd879c374b13fe5dd8e44ed6733852c88?s=96&d=mm&r=g","contentUrl":"https:\/\/secure.gravatar.com\/avatar\/16c5dda1489adfc62618084dcbb91cffd879c374b13fe5dd8e44ed6733852c88?s=96&d=mm&r=g","caption":"Alejandro Gabriel Rosito"},"url":"https:\/\/autofans.com.ar\/index.php\/author\/gabrielr\/"}]}},"featured_image_urls":{"full":["https:\/\/autofans.com.ar\/wp-content\/uploads\/2024\/01\/silverado.jpg",1000,667,false],"thumbnail":["https:\/\/autofans.com.ar\/wp-content\/uploads\/2024\/01\/silverado-150x150.jpg",150,150,true],"medium":["https:\/\/autofans.com.ar\/wp-content\/uploads\/2024\/01\/silverado-300x200.jpg",300,200,true],"medium_large":["https:\/\/autofans.com.ar\/wp-content\/uploads\/2024\/01\/silverado-768x512.jpg",640,427,true],"large":["https:\/\/autofans.com.ar\/wp-content\/uploads\/2024\/01\/silverado.jpg",640,427,false],"1536x1536":["https:\/\/autofans.com.ar\/wp-content\/uploads\/2024\/01\/silverado.jpg",1000,667,false],"2048x2048":["https:\/\/autofans.com.ar\/wp-content\/uploads\/2024\/01\/silverado.jpg",1000,667,false],"covernews-featured":["https:\/\/autofans.com.ar\/wp-content\/uploads\/2024\/01\/silverado.jpg",1000,667,false],"covernews-medium":["https:\/\/autofans.com.ar\/wp-content\/uploads\/2024\/01\/silverado-540x340.jpg",540,340,true]},"author_info":{"display_name":"Alejandro Gabriel Rosito","author_link":"https:\/\/autofans.com.ar\/index.php\/author\/gabrielr\/"},"category_info":"<a href=\"https:\/\/autofans.com.ar\/index.php\/category\/noticias\/bizstyle\/\" rel=\"category tag\">BIZSTYLE<\/a> <a href=\"https:\/\/autofans.com.ar\/index.php\/category\/noticias\/\" rel=\"category tag\">NOTICIAS<\/a>","tag_info":"NOTICIAS","comment_count":0,"_links":{"self":[{"href":"https:\/\/autofans.com.ar\/index.php\/wp-json\/wp\/v2\/posts\/6207","targetHints":{"allow":["GET"]}}],"collection":[{"href":"https:\/\/autofans.com.ar\/index.php\/wp-json\/wp\/v2\/posts"}],"about":[{"href":"https:\/\/autofans.com.ar\/index.php\/wp-json\/wp\/v2\/types\/post"}],"author":[{"embeddable":true,"href":"https:\/\/autofans.com.ar\/index.php\/wp-json\/wp\/v2\/users\/2"}],"replies":[{"embeddable":true,"href":"https:\/\/autofans.com.ar\/index.php\/wp-json\/wp\/v2\/comments?post=6207"}],"version-history":[{"count":3,"href":"https:\/\/autofans.com.ar\/index.php\/wp-json\/wp\/v2\/posts\/6207\/revisions"}],"predecessor-version":[{"id":6216,"href":"https:\/\/autofans.com.ar\/index.php\/wp-json\/wp\/v2\/posts\/6207\/revisions\/6216"}],"wp:featuredmedia":[{"embeddable":true,"href":"https:\/\/autofans.com.ar\/index.php\/wp-json\/wp\/v2\/media\/6210"}],"wp:attachment":[{"href":"https:\/\/autofans.com.ar\/index.php\/wp-json\/wp\/v2\/media?parent=6207"}],"wp:term":[{"taxonomy":"category","embeddable":true,"href":"https:\/\/autofans.com.ar\/index.php\/wp-json\/wp\/v2\/categories?post=6207"},{"taxonomy":"post_tag","embeddable":true,"href":"https:\/\/autofans.com.ar\/index.php\/wp-json\/wp\/v2\/tags?post=6207"}],"curies":[{"name":"wp","href":"https:\/\/api.w.org\/{rel}","templated":true}]}}