{"id":6237,"date":"2024-01-05T17:20:31","date_gmt":"2024-01-05T20:20:31","guid":{"rendered":"https:\/\/autofans.com.ar\/?p=6237"},"modified":"2024-01-05T17:20:31","modified_gmt":"2024-01-05T20:20:31","slug":"mercedes-benz-presenta-su-innovador-bus-electrico-eo500u","status":"publish","type":"post","link":"https:\/\/autofans.com.ar\/index.php\/2024\/01\/05\/mercedes-benz-presenta-su-innovador-bus-electrico-eo500u\/","title":{"rendered":"Mercedes-Benz presenta su innovador bus el\u00e9ctrico eO500U"},"content":{"rendered":"<p>Mercedes-Benz, l\u00edder en innovaci\u00f3n automotriz, destac\u00f3 su compromiso con los est\u00e1ndares ESG durante el Foro de Transporte Sostenible en Brasil al presentar su \u00faltima creaci\u00f3n: el bus el\u00e9ctrico urbano a bater\u00edas eO500U. Este veh\u00edculo, desarrollado y producido en Brasil, se exhibi\u00f3 con orgullo en el Transam\u00e9rica Expo Center de S\u00e3o Paulo durante la 5ta edici\u00f3n del foro.<\/p>\n<p>&nbsp;<\/p>\n<h2>Hito en electromovilidad<\/h2>\n<p>&nbsp;<\/p>\n<p><img fetchpriority=\"high\" decoding=\"async\" class=\"aligncenter wp-image-6239 size-full\" src=\"https:\/\/autofans.com.ar\/wp-content\/uploads\/2024\/01\/Mercedes-Benz-2.jpg\" alt=\"Mercedes-Benz\" width=\"1400\" height=\"933\" srcset=\"https:\/\/autofans.com.ar\/wp-content\/uploads\/2024\/01\/Mercedes-Benz-2.jpg 1400w, https:\/\/autofans.com.ar\/wp-content\/uploads\/2024\/01\/Mercedes-Benz-2-300x200.jpg 300w, https:\/\/autofans.com.ar\/wp-content\/uploads\/2024\/01\/Mercedes-Benz-2-1024x682.jpg 1024w, https:\/\/autofans.com.ar\/wp-content\/uploads\/2024\/01\/Mercedes-Benz-2-768x512.jpg 768w\" sizes=\"(max-width: 1400px) 100vw, 1400px\" \/><\/p>\n<p>&nbsp;<\/p>\n<p>El eO500U ya es una realidad en producci\u00f3n y ventas en Brasil, marcando un hito en la industria del transporte sostenible. Mercedes-Benz do Brasil se prepara para entregar las primeras 50 unidades a empresas operadoras del sistema de transporte p\u00fablico en S\u00e3o Paulo. La producci\u00f3n en serie se lleva a cabo en la moderna l\u00ednea de producci\u00f3n 4.0 en S\u00e3o Bernardo do Campo, reflejando la apuesta de la compa\u00f1\u00eda por la electromovilidad.<\/p>\n<p>&nbsp;<\/p>\n<h2>Mercedes-Benz &#8211; descarbonizaci\u00f3n en acci\u00f3n<\/h2>\n<p>El eO500U se destaca por su enfoque en la eficiencia tecnol\u00f3gica y econ\u00f3mica, siendo un producto dise\u00f1ado para satisfacer las necesidades de empresas de buses y gestores de transporte p\u00fablico. Con una autonom\u00eda de 250 kil\u00f3metros, la mayor entre los buses el\u00e9ctricos del pa\u00eds, y la mayor capacidad de transporte de pasajeros en su segmento, el eO500U se posiciona como un referente en movilidad sustentable.<\/p>\n<p>&nbsp;<\/p>\n<p><img decoding=\"async\" class=\"aligncenter wp-image-6241 size-full\" src=\"https:\/\/autofans.com.ar\/wp-content\/uploads\/2024\/01\/plantilla-TBS.jpg\" alt=\"Mercedes-Benz\" width=\"1400\" height=\"933\" srcset=\"https:\/\/autofans.com.ar\/wp-content\/uploads\/2024\/01\/plantilla-TBS.jpg 1400w, https:\/\/autofans.com.ar\/wp-content\/uploads\/2024\/01\/plantilla-TBS-300x200.jpg 300w, https:\/\/autofans.com.ar\/wp-content\/uploads\/2024\/01\/plantilla-TBS-1024x682.jpg 1024w, https:\/\/autofans.com.ar\/wp-content\/uploads\/2024\/01\/plantilla-TBS-768x512.jpg 768w\" sizes=\"(max-width: 1400px) 100vw, 1400px\" \/><\/p>\n<p>&nbsp;<\/p>\n<p>El sistema de recarga de bater\u00edas, compatible con el est\u00e1ndar tecnol\u00f3gico de Daimler Buses, permite una carga completa en hasta tres horas. Utilizando la nueva generaci\u00f3n de bater\u00edas NMC3, la misma que se implementa en los buses Mercedes-Benz eCitaro en Europa, el eO500U refleja el compromiso de la marca con la descarbonizaci\u00f3n y los principios ESG.<\/p>\n<p>Conduciendo el eO500U, tanto el conductor como el usuario experimentan una movilidad \u00fanica: suave, c\u00f3moda y completamente silenciosa. Este veh\u00edculo no es solo un medio de transporte, sino una contribuci\u00f3n activa hacia un ecosistema completo de electromovilidad. Respaldado por Daimler Truck, el eO500U se erige como un pilar esencial para una movilidad sustentable en la regi\u00f3n, reafirmando el compromiso de Mercedes-Benz con un futuro m\u00e1s verde.<\/p>\n<p>&nbsp;<\/p>\n<p>&nbsp;<\/p>\n<p><i>Para enterarte de m\u00e1s novedades, no dejes de leer\u00a0<\/i><a href=\"https:\/\/autofans.thebrandsoup.com\/\"><i>nuestras notas<\/i><\/a><i>, de ver<\/i><b><i>\u00a0<\/i><\/b><a href=\"https:\/\/www.youtube.com\/channel\/UCgAC8UGHZYbT6P7PpmVnP7g\"><b><i>AUTOFANS TV<\/i><\/b><\/a><b><i>\u00a0<\/i><\/b><i>en nuestro\u00a0canal de Youtube. Adem\u00e1s seguinos en\u00a0<\/i><a href=\"https:\/\/www.instagram.com\/autofanstv\/\"><i>INSTAGRAM<\/i><\/a><i> y <\/i><a href=\"https:\/\/www.facebook.com\/autofansmas\/\"><i>FACEBOOK<\/i><\/a><i> para no perderte nada sobre las novedades del segmento automotor de Argentina y el mundo.<\/i><\/p>\n<p><i><span class=\"Apple-converted-space\">\u00a0<\/span><\/i><\/p>\n","protected":false},"excerpt":{"rendered":"<p>Mercedes-Benz, l\u00edder en innovaci\u00f3n automotriz, destac\u00f3 su compromiso con los est\u00e1ndares ESG durante el Foro&#8230;<\/p>\n","protected":false},"author":2,"featured_media":6240,"comment_status":"closed","ping_status":"closed","sticky":false,"template":"","format":"standard","meta":{"footnotes":""},"categories":[341,16],"tags":[1853,1391,2575,542,3268,3269,3270,886,364,1460,1496],"class_list":["post-6237","post","type-post","status-publish","format-standard","has-post-thumbnail","hentry","category-hibridos-y-electricos","category-noticias","tag-bus-electrico","tag-daimler-buses","tag-descarbonizacion","tag-electromovilidad","tag-eo500u","tag-estandares-esg","tag-foro-de-transporte-sostenible","tag-innovacion-automotriz","tag-mercedes-benz","tag-movilidad-sustentable","tag-transporte-sostenible"],"yoast_head":"<!-- This site is optimized with the Yoast SEO plugin v27.5 - https:\/\/yoast.com\/product\/yoast-seo-wordpress\/ -->\n<title>Mercedes-Benz presenta su innovador bus el\u00e9ctrico eO500U -<\/title>\n<meta name=\"description\" content=\"Mercedes-Benz, l\u00edder en innovaci\u00f3n automotriz, destac\u00f3 su compromiso con los est\u00e1ndares ESG durante el Foro de Transporte Sostenible en Brasil\" \/>\n<meta name=\"robots\" content=\"index, follow, max-snippet:-1, max-image-preview:large, max-video-preview:-1\" \/>\n<link rel=\"canonical\" href=\"https:\/\/autofans.com.ar\/index.php\/2024\/01\/05\/mercedes-benz-presenta-su-innovador-bus-electrico-eo500u\/\" \/>\n<meta property=\"og:locale\" content=\"es_ES\" \/>\n<meta property=\"og:type\" content=\"article\" \/>\n<meta property=\"og:title\" content=\"Mercedes-Benz presenta su innovador bus el\u00e9ctrico eO500U -\" \/>\n<meta property=\"og:description\" content=\"Mercedes-Benz, l\u00edder en innovaci\u00f3n automotriz, destac\u00f3 su compromiso con los est\u00e1ndares ESG durante el Foro de Transporte Sostenible en Brasil\" \/>\n<meta property=\"og:url\" content=\"https:\/\/autofans.com.ar\/index.php\/2024\/01\/05\/mercedes-benz-presenta-su-innovador-bus-electrico-eo500u\/\" \/>\n<meta property=\"article:published_time\" content=\"2024-01-05T20:20:31+00:00\" \/>\n<meta property=\"og:image\" content=\"https:\/\/autofans.com.ar\/wp-content\/uploads\/2024\/01\/Mercedes-Benz-1-1024x682.jpg\" \/>\n\t<meta property=\"og:image:width\" content=\"1024\" \/>\n\t<meta property=\"og:image:height\" content=\"682\" \/>\n\t<meta property=\"og:image:type\" content=\"image\/jpeg\" \/>\n<meta name=\"author\" content=\"Alejandro Gabriel Rosito\" \/>\n<meta name=\"twitter:card\" content=\"summary_large_image\" \/>\n<meta name=\"twitter:label1\" content=\"Escrito por\" \/>\n\t<meta name=\"twitter:data1\" content=\"Alejandro Gabriel Rosito\" \/>\n\t<meta name=\"twitter:label2\" content=\"Tiempo de lectura\" \/>\n\t<meta name=\"twitter:data2\" content=\"3 minutos\" \/>\n<script type=\"application\/ld+json\" class=\"yoast-schema-graph\">{\"@context\":\"https:\\\/\\\/schema.org\",\"@graph\":[{\"@type\":\"Article\",\"@id\":\"https:\\\/\\\/autofans.com.ar\\\/index.php\\\/2024\\\/01\\\/05\\\/mercedes-benz-presenta-su-innovador-bus-electrico-eo500u\\\/#article\",\"isPartOf\":{\"@id\":\"https:\\\/\\\/autofans.com.ar\\\/index.php\\\/2024\\\/01\\\/05\\\/mercedes-benz-presenta-su-innovador-bus-electrico-eo500u\\\/\"},\"author\":{\"name\":\"Alejandro Gabriel Rosito\",\"@id\":\"https:\\\/\\\/autofans.com.ar\\\/#\\\/schema\\\/person\\\/4a8dda0b6df83ac3d6723e921274c2aa\"},\"headline\":\"Mercedes-Benz presenta su innovador bus el\u00e9ctrico eO500U\",\"datePublished\":\"2024-01-05T20:20:31+00:00\",\"mainEntityOfPage\":{\"@id\":\"https:\\\/\\\/autofans.com.ar\\\/index.php\\\/2024\\\/01\\\/05\\\/mercedes-benz-presenta-su-innovador-bus-electrico-eo500u\\\/\"},\"wordCount\":427,\"image\":{\"@id\":\"https:\\\/\\\/autofans.com.ar\\\/index.php\\\/2024\\\/01\\\/05\\\/mercedes-benz-presenta-su-innovador-bus-electrico-eo500u\\\/#primaryimage\"},\"thumbnailUrl\":\"https:\\\/\\\/autofans.com.ar\\\/wp-content\\\/uploads\\\/2024\\\/01\\\/Mercedes-Benz-1.jpg\",\"keywords\":[\"bus el\u00e9ctrico\",\"Daimler Buses\",\"Descarbonizaci\u00f3n\",\"electromovilidad\",\"eO500U\",\"est\u00e1ndares ESG\",\"Foro de Transporte Sostenible\",\"Innovaci\u00f3n automotriz\",\"Mercedes-Benz\",\"movilidad sustentable\",\"Transporte sostenible\"],\"articleSection\":[\"HIBRIDOS, ELECTRICOS y otros\",\"NOTICIAS\"],\"inLanguage\":\"es\"},{\"@type\":\"WebPage\",\"@id\":\"https:\\\/\\\/autofans.com.ar\\\/index.php\\\/2024\\\/01\\\/05\\\/mercedes-benz-presenta-su-innovador-bus-electrico-eo500u\\\/\",\"url\":\"https:\\\/\\\/autofans.com.ar\\\/index.php\\\/2024\\\/01\\\/05\\\/mercedes-benz-presenta-su-innovador-bus-electrico-eo500u\\\/\",\"name\":\"Mercedes-Benz presenta su innovador bus el\u00e9ctrico eO500U -\",\"isPartOf\":{\"@id\":\"https:\\\/\\\/autofans.com.ar\\\/#website\"},\"primaryImageOfPage\":{\"@id\":\"https:\\\/\\\/autofans.com.ar\\\/index.php\\\/2024\\\/01\\\/05\\\/mercedes-benz-presenta-su-innovador-bus-electrico-eo500u\\\/#primaryimage\"},\"image\":{\"@id\":\"https:\\\/\\\/autofans.com.ar\\\/index.php\\\/2024\\\/01\\\/05\\\/mercedes-benz-presenta-su-innovador-bus-electrico-eo500u\\\/#primaryimage\"},\"thumbnailUrl\":\"https:\\\/\\\/autofans.com.ar\\\/wp-content\\\/uploads\\\/2024\\\/01\\\/Mercedes-Benz-1.jpg\",\"datePublished\":\"2024-01-05T20:20:31+00:00\",\"author\":{\"@id\":\"https:\\\/\\\/autofans.com.ar\\\/#\\\/schema\\\/person\\\/4a8dda0b6df83ac3d6723e921274c2aa\"},\"description\":\"Mercedes-Benz, l\u00edder en innovaci\u00f3n automotriz, destac\u00f3 su compromiso con los est\u00e1ndares ESG durante el Foro de Transporte Sostenible en Brasil\",\"breadcrumb\":{\"@id\":\"https:\\\/\\\/autofans.com.ar\\\/index.php\\\/2024\\\/01\\\/05\\\/mercedes-benz-presenta-su-innovador-bus-electrico-eo500u\\\/#breadcrumb\"},\"inLanguage\":\"es\",\"potentialAction\":[{\"@type\":\"ReadAction\",\"target\":[\"https:\\\/\\\/autofans.com.ar\\\/index.php\\\/2024\\\/01\\\/05\\\/mercedes-benz-presenta-su-innovador-bus-electrico-eo500u\\\/\"]}]},{\"@type\":\"ImageObject\",\"inLanguage\":\"es\",\"@id\":\"https:\\\/\\\/autofans.com.ar\\\/index.php\\\/2024\\\/01\\\/05\\\/mercedes-benz-presenta-su-innovador-bus-electrico-eo500u\\\/#primaryimage\",\"url\":\"https:\\\/\\\/autofans.com.ar\\\/wp-content\\\/uploads\\\/2024\\\/01\\\/Mercedes-Benz-1.jpg\",\"contentUrl\":\"https:\\\/\\\/autofans.com.ar\\\/wp-content\\\/uploads\\\/2024\\\/01\\\/Mercedes-Benz-1.jpg\",\"width\":1400,\"height\":933,\"caption\":\"Mercedes-Benz\"},{\"@type\":\"BreadcrumbList\",\"@id\":\"https:\\\/\\\/autofans.com.ar\\\/index.php\\\/2024\\\/01\\\/05\\\/mercedes-benz-presenta-su-innovador-bus-electrico-eo500u\\\/#breadcrumb\",\"itemListElement\":[{\"@type\":\"ListItem\",\"position\":1,\"name\":\"Inicio\",\"item\":\"https:\\\/\\\/autofans.com.ar\\\/\"},{\"@type\":\"ListItem\",\"position\":2,\"name\":\"Mercedes-Benz presenta su innovador bus el\u00e9ctrico eO500U\"}]},{\"@type\":\"WebSite\",\"@id\":\"https:\\\/\\\/autofans.com.ar\\\/#website\",\"url\":\"https:\\\/\\\/autofans.com.ar\\\/\",\"name\":\"\",\"description\":\"El multimedio referente de la industria automotriz\",\"potentialAction\":[{\"@type\":\"SearchAction\",\"target\":{\"@type\":\"EntryPoint\",\"urlTemplate\":\"https:\\\/\\\/autofans.com.ar\\\/?s={search_term_string}\"},\"query-input\":{\"@type\":\"PropertyValueSpecification\",\"valueRequired\":true,\"valueName\":\"search_term_string\"}}],\"inLanguage\":\"es\"},{\"@type\":\"Person\",\"@id\":\"https:\\\/\\\/autofans.com.ar\\\/#\\\/schema\\\/person\\\/4a8dda0b6df83ac3d6723e921274c2aa\",\"name\":\"Alejandro Gabriel Rosito\",\"image\":{\"@type\":\"ImageObject\",\"inLanguage\":\"es\",\"@id\":\"https:\\\/\\\/secure.gravatar.com\\\/avatar\\\/16c5dda1489adfc62618084dcbb91cffd879c374b13fe5dd8e44ed6733852c88?s=96&d=mm&r=g\",\"url\":\"https:\\\/\\\/secure.gravatar.com\\\/avatar\\\/16c5dda1489adfc62618084dcbb91cffd879c374b13fe5dd8e44ed6733852c88?s=96&d=mm&r=g\",\"contentUrl\":\"https:\\\/\\\/secure.gravatar.com\\\/avatar\\\/16c5dda1489adfc62618084dcbb91cffd879c374b13fe5dd8e44ed6733852c88?s=96&d=mm&r=g\",\"caption\":\"Alejandro Gabriel Rosito\"},\"url\":\"https:\\\/\\\/autofans.com.ar\\\/index.php\\\/author\\\/gabrielr\\\/\"}]}<\/script>\n<!-- \/ Yoast SEO plugin. -->","yoast_head_json":{"title":"Mercedes-Benz presenta su innovador bus el\u00e9ctrico eO500U -","description":"Mercedes-Benz, l\u00edder en innovaci\u00f3n automotriz, destac\u00f3 su compromiso con los est\u00e1ndares ESG durante el Foro de Transporte Sostenible en Brasil","robots":{"index":"index","follow":"follow","max-snippet":"max-snippet:-1","max-image-preview":"max-image-preview:large","max-video-preview":"max-video-preview:-1"},"canonical":"https:\/\/autofans.com.ar\/index.php\/2024\/01\/05\/mercedes-benz-presenta-su-innovador-bus-electrico-eo500u\/","og_locale":"es_ES","og_type":"article","og_title":"Mercedes-Benz presenta su innovador bus el\u00e9ctrico eO500U -","og_description":"Mercedes-Benz, l\u00edder en innovaci\u00f3n automotriz, destac\u00f3 su compromiso con los est\u00e1ndares ESG durante el Foro de Transporte Sostenible en Brasil","og_url":"https:\/\/autofans.com.ar\/index.php\/2024\/01\/05\/mercedes-benz-presenta-su-innovador-bus-electrico-eo500u\/","article_published_time":"2024-01-05T20:20:31+00:00","og_image":[{"width":1024,"height":682,"url":"https:\/\/autofans.com.ar\/wp-content\/uploads\/2024\/01\/Mercedes-Benz-1-1024x682.jpg","type":"image\/jpeg"}],"author":"Alejandro Gabriel Rosito","twitter_card":"summary_large_image","twitter_misc":{"Escrito por":"Alejandro Gabriel Rosito","Tiempo de lectura":"3 minutos"},"schema":{"@context":"https:\/\/schema.org","@graph":[{"@type":"Article","@id":"https:\/\/autofans.com.ar\/index.php\/2024\/01\/05\/mercedes-benz-presenta-su-innovador-bus-electrico-eo500u\/#article","isPartOf":{"@id":"https:\/\/autofans.com.ar\/index.php\/2024\/01\/05\/mercedes-benz-presenta-su-innovador-bus-electrico-eo500u\/"},"author":{"name":"Alejandro Gabriel Rosito","@id":"https:\/\/autofans.com.ar\/#\/schema\/person\/4a8dda0b6df83ac3d6723e921274c2aa"},"headline":"Mercedes-Benz presenta su innovador bus el\u00e9ctrico eO500U","datePublished":"2024-01-05T20:20:31+00:00","mainEntityOfPage":{"@id":"https:\/\/autofans.com.ar\/index.php\/2024\/01\/05\/mercedes-benz-presenta-su-innovador-bus-electrico-eo500u\/"},"wordCount":427,"image":{"@id":"https:\/\/autofans.com.ar\/index.php\/2024\/01\/05\/mercedes-benz-presenta-su-innovador-bus-electrico-eo500u\/#primaryimage"},"thumbnailUrl":"https:\/\/autofans.com.ar\/wp-content\/uploads\/2024\/01\/Mercedes-Benz-1.jpg","keywords":["bus el\u00e9ctrico","Daimler Buses","Descarbonizaci\u00f3n","electromovilidad","eO500U","est\u00e1ndares ESG","Foro de Transporte Sostenible","Innovaci\u00f3n automotriz","Mercedes-Benz","movilidad sustentable","Transporte sostenible"],"articleSection":["HIBRIDOS, ELECTRICOS y otros","NOTICIAS"],"inLanguage":"es"},{"@type":"WebPage","@id":"https:\/\/autofans.com.ar\/index.php\/2024\/01\/05\/mercedes-benz-presenta-su-innovador-bus-electrico-eo500u\/","url":"https:\/\/autofans.com.ar\/index.php\/2024\/01\/05\/mercedes-benz-presenta-su-innovador-bus-electrico-eo500u\/","name":"Mercedes-Benz presenta su innovador bus el\u00e9ctrico eO500U -","isPartOf":{"@id":"https:\/\/autofans.com.ar\/#website"},"primaryImageOfPage":{"@id":"https:\/\/autofans.com.ar\/index.php\/2024\/01\/05\/mercedes-benz-presenta-su-innovador-bus-electrico-eo500u\/#primaryimage"},"image":{"@id":"https:\/\/autofans.com.ar\/index.php\/2024\/01\/05\/mercedes-benz-presenta-su-innovador-bus-electrico-eo500u\/#primaryimage"},"thumbnailUrl":"https:\/\/autofans.com.ar\/wp-content\/uploads\/2024\/01\/Mercedes-Benz-1.jpg","datePublished":"2024-01-05T20:20:31+00:00","author":{"@id":"https:\/\/autofans.com.ar\/#\/schema\/person\/4a8dda0b6df83ac3d6723e921274c2aa"},"description":"Mercedes-Benz, l\u00edder en innovaci\u00f3n automotriz, destac\u00f3 su compromiso con los est\u00e1ndares ESG durante el Foro de Transporte Sostenible en Brasil","breadcrumb":{"@id":"https:\/\/autofans.com.ar\/index.php\/2024\/01\/05\/mercedes-benz-presenta-su-innovador-bus-electrico-eo500u\/#breadcrumb"},"inLanguage":"es","potentialAction":[{"@type":"ReadAction","target":["https:\/\/autofans.com.ar\/index.php\/2024\/01\/05\/mercedes-benz-presenta-su-innovador-bus-electrico-eo500u\/"]}]},{"@type":"ImageObject","inLanguage":"es","@id":"https:\/\/autofans.com.ar\/index.php\/2024\/01\/05\/mercedes-benz-presenta-su-innovador-bus-electrico-eo500u\/#primaryimage","url":"https:\/\/autofans.com.ar\/wp-content\/uploads\/2024\/01\/Mercedes-Benz-1.jpg","contentUrl":"https:\/\/autofans.com.ar\/wp-content\/uploads\/2024\/01\/Mercedes-Benz-1.jpg","width":1400,"height":933,"caption":"Mercedes-Benz"},{"@type":"BreadcrumbList","@id":"https:\/\/autofans.com.ar\/index.php\/2024\/01\/05\/mercedes-benz-presenta-su-innovador-bus-electrico-eo500u\/#breadcrumb","itemListElement":[{"@type":"ListItem","position":1,"name":"Inicio","item":"https:\/\/autofans.com.ar\/"},{"@type":"ListItem","position":2,"name":"Mercedes-Benz presenta su innovador bus el\u00e9ctrico eO500U"}]},{"@type":"WebSite","@id":"https:\/\/autofans.com.ar\/#website","url":"https:\/\/autofans.com.ar\/","name":"","description":"El multimedio referente de la industria automotriz","potentialAction":[{"@type":"SearchAction","target":{"@type":"EntryPoint","urlTemplate":"https:\/\/autofans.com.ar\/?s={search_term_string}"},"query-input":{"@type":"PropertyValueSpecification","valueRequired":true,"valueName":"search_term_string"}}],"inLanguage":"es"},{"@type":"Person","@id":"https:\/\/autofans.com.ar\/#\/schema\/person\/4a8dda0b6df83ac3d6723e921274c2aa","name":"Alejandro Gabriel Rosito","image":{"@type":"ImageObject","inLanguage":"es","@id":"https:\/\/secure.gravatar.com\/avatar\/16c5dda1489adfc62618084dcbb91cffd879c374b13fe5dd8e44ed6733852c88?s=96&d=mm&r=g","url":"https:\/\/secure.gravatar.com\/avatar\/16c5dda1489adfc62618084dcbb91cffd879c374b13fe5dd8e44ed6733852c88?s=96&d=mm&r=g","contentUrl":"https:\/\/secure.gravatar.com\/avatar\/16c5dda1489adfc62618084dcbb91cffd879c374b13fe5dd8e44ed6733852c88?s=96&d=mm&r=g","caption":"Alejandro Gabriel Rosito"},"url":"https:\/\/autofans.com.ar\/index.php\/author\/gabrielr\/"}]}},"featured_image_urls":{"full":["https:\/\/autofans.com.ar\/wp-content\/uploads\/2024\/01\/Mercedes-Benz-1.jpg",1400,933,false],"thumbnail":["https:\/\/autofans.com.ar\/wp-content\/uploads\/2024\/01\/Mercedes-Benz-1-150x150.jpg",150,150,true],"medium":["https:\/\/autofans.com.ar\/wp-content\/uploads\/2024\/01\/Mercedes-Benz-1-300x200.jpg",300,200,true],"medium_large":["https:\/\/autofans.com.ar\/wp-content\/uploads\/2024\/01\/Mercedes-Benz-1-768x512.jpg",640,427,true],"large":["https:\/\/autofans.com.ar\/wp-content\/uploads\/2024\/01\/Mercedes-Benz-1-1024x682.jpg",640,426,true],"1536x1536":["https:\/\/autofans.com.ar\/wp-content\/uploads\/2024\/01\/Mercedes-Benz-1.jpg",1400,933,false],"2048x2048":["https:\/\/autofans.com.ar\/wp-content\/uploads\/2024\/01\/Mercedes-Benz-1.jpg",1400,933,false],"covernews-featured":["https:\/\/autofans.com.ar\/wp-content\/uploads\/2024\/01\/Mercedes-Benz-1-1024x682.jpg",1024,682,true],"covernews-medium":["https:\/\/autofans.com.ar\/wp-content\/uploads\/2024\/01\/Mercedes-Benz-1-540x340.jpg",540,340,true]},"author_info":{"display_name":"Alejandro Gabriel Rosito","author_link":"https:\/\/autofans.com.ar\/index.php\/author\/gabrielr\/"},"category_info":"<a href=\"https:\/\/autofans.com.ar\/index.php\/category\/noticias\/hibridos-y-electricos\/\" rel=\"category tag\">HIBRIDOS, ELECTRICOS y otros<\/a> <a href=\"https:\/\/autofans.com.ar\/index.php\/category\/noticias\/\" rel=\"category tag\">NOTICIAS<\/a>","tag_info":"NOTICIAS","comment_count":0,"_links":{"self":[{"href":"https:\/\/autofans.com.ar\/index.php\/wp-json\/wp\/v2\/posts\/6237","targetHints":{"allow":["GET"]}}],"collection":[{"href":"https:\/\/autofans.com.ar\/index.php\/wp-json\/wp\/v2\/posts"}],"about":[{"href":"https:\/\/autofans.com.ar\/index.php\/wp-json\/wp\/v2\/types\/post"}],"author":[{"embeddable":true,"href":"https:\/\/autofans.com.ar\/index.php\/wp-json\/wp\/v2\/users\/2"}],"replies":[{"embeddable":true,"href":"https:\/\/autofans.com.ar\/index.php\/wp-json\/wp\/v2\/comments?post=6237"}],"version-history":[{"count":2,"href":"https:\/\/autofans.com.ar\/index.php\/wp-json\/wp\/v2\/posts\/6237\/revisions"}],"predecessor-version":[{"id":6242,"href":"https:\/\/autofans.com.ar\/index.php\/wp-json\/wp\/v2\/posts\/6237\/revisions\/6242"}],"wp:featuredmedia":[{"embeddable":true,"href":"https:\/\/autofans.com.ar\/index.php\/wp-json\/wp\/v2\/media\/6240"}],"wp:attachment":[{"href":"https:\/\/autofans.com.ar\/index.php\/wp-json\/wp\/v2\/media?parent=6237"}],"wp:term":[{"taxonomy":"category","embeddable":true,"href":"https:\/\/autofans.com.ar\/index.php\/wp-json\/wp\/v2\/categories?post=6237"},{"taxonomy":"post_tag","embeddable":true,"href":"https:\/\/autofans.com.ar\/index.php\/wp-json\/wp\/v2\/tags?post=6237"}],"curies":[{"name":"wp","href":"https:\/\/api.w.org\/{rel}","templated":true}]}}