{"id":6253,"date":"2024-01-08T17:21:45","date_gmt":"2024-01-08T20:21:45","guid":{"rendered":"https:\/\/autofans.com.ar\/?p=6253"},"modified":"2024-01-08T17:21:45","modified_gmt":"2024-01-08T20:21:45","slug":"iveco-edaily-reconocido-a-nivel-mundial-por-su-sostenibilidad-y-tecnologia-avanzada","status":"publish","type":"post","link":"https:\/\/autofans.com.ar\/index.php\/2024\/01\/08\/iveco-edaily-reconocido-a-nivel-mundial-por-su-sostenibilidad-y-tecnologia-avanzada\/","title":{"rendered":"IVECO eDaily reconocido a nivel mundial por su sostenibilidad y tecnolog\u00eda avanzada"},"content":{"rendered":"<p>El IVECO eDaily ha ganado prestigiosos reconocimientos en Europa, consolid\u00e1ndose como l\u00edder en la transici\u00f3n hacia veh\u00edculos comerciales ligeros cero emisiones. Recientemente, la revista TRANSPORT en Alemania otorg\u00f3 al eDaily el Premio Europeo de Transporte para la Sostenibilidad 2024 en la categor\u00eda de vans y vans de entregas. Este veh\u00edculo tambi\u00e9n fue destacado como el Mejor Veh\u00edculo Comercial Sostenible en los Premios Motor Axel Springer 2023 en Espa\u00f1a.<\/p>\n<p>&nbsp;<\/p>\n<h2>Reconocimientos que impulsan la revoluci\u00f3n de eDaily<\/h2>\n<p>El jurado independiente de los Premios Europeos del Transporte a la Sostenibilidad elogi\u00f3 al eDaily por cubrir todas las lagunas en el mercado de veh\u00edculos comerciales ligeros el\u00e9ctricos sin emisiones. Con modelos vers\u00e1tiles, ya sea en furgonetas o chasis con cabina simple o doble. El eDaily establece nuevos est\u00e1ndares con una capacidad de remolque de 3,5 toneladas y eficiencia operativa comparada con el di\u00e9sel.<\/p>\n<p>Estos premios buscan impulsar la adopci\u00f3n de pr\u00e1cticas sostenibles en el sector de veh\u00edculos industriales. Destacan que la sostenibilidad no solo aborda problemas ambientales, sino que tambi\u00e9n mejora la rentabilidad y competitividad empresarial.<\/p>\n<p>Adem\u00e1s, el eDaily fue elegido &#8216;Mejor Veh\u00edculo Comercial Sostenible&#8217; en la primera edici\u00f3n del Premio Motor Axel Springer, demostrando ser la soluci\u00f3n ideal para operadores que buscan adoptar la electromovilidad y realizar la transici\u00f3n hacia una flota m\u00e1s sostenible.<\/p>\n<p>&nbsp;<\/p>\n<p><img fetchpriority=\"high\" decoding=\"async\" class=\"aligncenter wp-image-6256 size-full\" src=\"https:\/\/autofans.com.ar\/wp-content\/uploads\/2024\/01\/foto-2-9.jpg\" alt=\"IVECO eDaily\" width=\"1000\" height=\"667\" srcset=\"https:\/\/autofans.com.ar\/wp-content\/uploads\/2024\/01\/foto-2-9.jpg 1000w, https:\/\/autofans.com.ar\/wp-content\/uploads\/2024\/01\/foto-2-9-300x200.jpg 300w, https:\/\/autofans.com.ar\/wp-content\/uploads\/2024\/01\/foto-2-9-768x512.jpg 768w\" sizes=\"(max-width: 1000px) 100vw, 1000px\" \/><\/p>\n<p>&nbsp;<\/p>\n<h2>IVECO eDaily &#8211; avances tecnol\u00f3gicos para una movilidad urbana sostenible<\/h2>\n<p>El IVECO eDaily, recientemente mejorado para aumentar sus prestaciones, contribuye significativamente a la descarbonizaci\u00f3n del transporte y a la reducci\u00f3n de la contaminaci\u00f3n atmosf\u00e9rica en \u00e1reas urbanas. Su tecnolog\u00eda de bater\u00edas modulares le proporciona una autonom\u00eda de hasta 400 kil\u00f3metros en uso urbano real, con la opci\u00f3n de configurar una cuarta bater\u00eda en modelos de 7,2 toneladas.<\/p>\n<p>Destacando su chasis robusto, el eDaily se presenta como la base EV m\u00e1s vers\u00e1til para conversiones, con interfaces digitales y anal\u00f3gicas. La suspensi\u00f3n neum\u00e1tica AIR-PRO, \u00fanica en su clase, ofrece una conducci\u00f3n suave y reduce el desequilibrio de la carrocer\u00eda, siendo ideal para entregas repetidas.<\/p>\n<p>Completamente conectado, el eDaily maximiza el tiempo de actividad del veh\u00edculo y la productividad comercial. Con caracter\u00edsticas como el visor digital din\u00e1mico del conductor y la pantalla multimedia. El modelo utiliza Inteligencia Artificial para proporcionar al conductor datos sobre la autonom\u00eda prevista y orientaci\u00f3n sobre la carga intermedia. Los controles eRemote permiten la gesti\u00f3n remota de ajustes del veh\u00edculo a trav\u00e9s de la app Easy Daily o el portal IVECO ON, asegurando la seguridad y eficiencia de la flota.<\/p>\n<p>&nbsp;<\/p>\n<p>&nbsp;<\/p>\n<p><i>Para enterarte de m\u00e1s novedades, no dejes de leer\u00a0<\/i><a href=\"https:\/\/autofans.thebrandsoup.com\/\"><i>nuestras notas<\/i><\/a><i>, de ver<\/i><b><i>\u00a0<\/i><\/b><a href=\"https:\/\/www.youtube.com\/channel\/UCgAC8UGHZYbT6P7PpmVnP7g\"><b><i>AUTOFANS TV<\/i><\/b><\/a><b><i>\u00a0<\/i><\/b><i>en nuestro\u00a0canal de Youtube. Adem\u00e1s seguinos en\u00a0<\/i><a href=\"https:\/\/www.instagram.com\/autofanstv\/\"><i>INSTAGRAM<\/i><\/a><i> y <\/i><a href=\"https:\/\/www.facebook.com\/autofansmas\/\"><i>FACEBOOK<\/i><\/a><i> para no perderte nada sobre las novedades del segmento automotor de Argentina y el mundo.<\/i><\/p>\n","protected":false},"excerpt":{"rendered":"<p>El IVECO eDaily ha ganado prestigiosos reconocimientos en Europa, consolid\u00e1ndose como l\u00edder en la transici\u00f3n&#8230;<\/p>\n","protected":false},"author":2,"featured_media":6255,"comment_status":"closed","ping_status":"closed","sticky":false,"template":"","format":"standard","meta":{"footnotes":""},"categories":[341,16],"tags":[3288,3287,3283,3289,3285,3290,3286,3284],"class_list":["post-6253","post","type-post","status-publish","format-standard","has-post-thumbnail","hentry","category-hibridos-y-electricos","category-noticias","tag-controles-eremote","tag-descarbonizacion-del-transporte","tag-iveco-edaily","tag-premio-motor-axel-springer","tag-premios-a-la-sostenibilidad","tag-sostenibilidad-en-el-transporte","tag-tecnologia-de-baterias-modulares","tag-vehiculo-comercial-sostenible"],"yoast_head":"<!-- This site is optimized with the Yoast SEO plugin v27.5 - https:\/\/yoast.com\/product\/yoast-seo-wordpress\/ -->\n<title>IVECO eDaily reconocido a nivel mundial por su sostenibilidad y tecnolog\u00eda avanzada -<\/title>\n<meta name=\"description\" content=\"El IVECO eDaily ha ganado prestigiosos reconocimientos en Europa, consolid\u00e1ndose como l\u00edder en la transici\u00f3n hacia veh\u00edculos de cero emisiones\" \/>\n<meta name=\"robots\" content=\"index, follow, max-snippet:-1, max-image-preview:large, max-video-preview:-1\" \/>\n<link rel=\"canonical\" href=\"https:\/\/autofans.com.ar\/index.php\/2024\/01\/08\/iveco-edaily-reconocido-a-nivel-mundial-por-su-sostenibilidad-y-tecnologia-avanzada\/\" \/>\n<meta property=\"og:locale\" content=\"es_ES\" \/>\n<meta property=\"og:type\" content=\"article\" \/>\n<meta property=\"og:title\" content=\"IVECO eDaily reconocido a nivel mundial por su sostenibilidad y tecnolog\u00eda avanzada -\" \/>\n<meta property=\"og:description\" content=\"El IVECO eDaily ha ganado prestigiosos reconocimientos en Europa, consolid\u00e1ndose como l\u00edder en la transici\u00f3n hacia veh\u00edculos de cero emisiones\" \/>\n<meta property=\"og:url\" content=\"https:\/\/autofans.com.ar\/index.php\/2024\/01\/08\/iveco-edaily-reconocido-a-nivel-mundial-por-su-sostenibilidad-y-tecnologia-avanzada\/\" \/>\n<meta property=\"article:published_time\" content=\"2024-01-08T20:21:45+00:00\" \/>\n<meta property=\"og:image\" content=\"https:\/\/autofans.com.ar\/wp-content\/uploads\/2024\/01\/foto-1-9.jpg\" \/>\n\t<meta property=\"og:image:width\" content=\"640\" \/>\n\t<meta property=\"og:image:height\" content=\"427\" \/>\n\t<meta property=\"og:image:type\" content=\"image\/jpeg\" \/>\n<meta name=\"author\" content=\"Alejandro Gabriel Rosito\" \/>\n<meta name=\"twitter:card\" content=\"summary_large_image\" \/>\n<meta name=\"twitter:label1\" content=\"Escrito por\" \/>\n\t<meta name=\"twitter:data1\" content=\"Alejandro Gabriel Rosito\" \/>\n\t<meta name=\"twitter:label2\" content=\"Tiempo de lectura\" \/>\n\t<meta name=\"twitter:data2\" content=\"3 minutos\" \/>\n<script type=\"application\/ld+json\" class=\"yoast-schema-graph\">{\"@context\":\"https:\\\/\\\/schema.org\",\"@graph\":[{\"@type\":\"Article\",\"@id\":\"https:\\\/\\\/autofans.com.ar\\\/index.php\\\/2024\\\/01\\\/08\\\/iveco-edaily-reconocido-a-nivel-mundial-por-su-sostenibilidad-y-tecnologia-avanzada\\\/#article\",\"isPartOf\":{\"@id\":\"https:\\\/\\\/autofans.com.ar\\\/index.php\\\/2024\\\/01\\\/08\\\/iveco-edaily-reconocido-a-nivel-mundial-por-su-sostenibilidad-y-tecnologia-avanzada\\\/\"},\"author\":{\"name\":\"Alejandro Gabriel Rosito\",\"@id\":\"https:\\\/\\\/autofans.com.ar\\\/#\\\/schema\\\/person\\\/4a8dda0b6df83ac3d6723e921274c2aa\"},\"headline\":\"IVECO eDaily reconocido a nivel mundial por su sostenibilidad y tecnolog\u00eda avanzada\",\"datePublished\":\"2024-01-08T20:21:45+00:00\",\"mainEntityOfPage\":{\"@id\":\"https:\\\/\\\/autofans.com.ar\\\/index.php\\\/2024\\\/01\\\/08\\\/iveco-edaily-reconocido-a-nivel-mundial-por-su-sostenibilidad-y-tecnologia-avanzada\\\/\"},\"wordCount\":509,\"image\":{\"@id\":\"https:\\\/\\\/autofans.com.ar\\\/index.php\\\/2024\\\/01\\\/08\\\/iveco-edaily-reconocido-a-nivel-mundial-por-su-sostenibilidad-y-tecnologia-avanzada\\\/#primaryimage\"},\"thumbnailUrl\":\"https:\\\/\\\/autofans.com.ar\\\/wp-content\\\/uploads\\\/2024\\\/01\\\/foto-1-9.jpg\",\"keywords\":[\"Controles eRemote\",\"Descarbonizaci\u00f3n del Transporte\",\"IVECO eDaily\",\"Premio Motor Axel Springer\",\"Premios a la Sostenibilidad\",\"Sostenibilidad en el Transporte\",\"Tecnolog\u00eda de Bater\u00edas Modulares\",\"Veh\u00edculo Comercial Sostenible\"],\"articleSection\":[\"HIBRIDOS, ELECTRICOS y otros\",\"NOTICIAS\"],\"inLanguage\":\"es\"},{\"@type\":\"WebPage\",\"@id\":\"https:\\\/\\\/autofans.com.ar\\\/index.php\\\/2024\\\/01\\\/08\\\/iveco-edaily-reconocido-a-nivel-mundial-por-su-sostenibilidad-y-tecnologia-avanzada\\\/\",\"url\":\"https:\\\/\\\/autofans.com.ar\\\/index.php\\\/2024\\\/01\\\/08\\\/iveco-edaily-reconocido-a-nivel-mundial-por-su-sostenibilidad-y-tecnologia-avanzada\\\/\",\"name\":\"IVECO eDaily reconocido a nivel mundial por su sostenibilidad y tecnolog\u00eda avanzada -\",\"isPartOf\":{\"@id\":\"https:\\\/\\\/autofans.com.ar\\\/#website\"},\"primaryImageOfPage\":{\"@id\":\"https:\\\/\\\/autofans.com.ar\\\/index.php\\\/2024\\\/01\\\/08\\\/iveco-edaily-reconocido-a-nivel-mundial-por-su-sostenibilidad-y-tecnologia-avanzada\\\/#primaryimage\"},\"image\":{\"@id\":\"https:\\\/\\\/autofans.com.ar\\\/index.php\\\/2024\\\/01\\\/08\\\/iveco-edaily-reconocido-a-nivel-mundial-por-su-sostenibilidad-y-tecnologia-avanzada\\\/#primaryimage\"},\"thumbnailUrl\":\"https:\\\/\\\/autofans.com.ar\\\/wp-content\\\/uploads\\\/2024\\\/01\\\/foto-1-9.jpg\",\"datePublished\":\"2024-01-08T20:21:45+00:00\",\"author\":{\"@id\":\"https:\\\/\\\/autofans.com.ar\\\/#\\\/schema\\\/person\\\/4a8dda0b6df83ac3d6723e921274c2aa\"},\"description\":\"El IVECO eDaily ha ganado prestigiosos reconocimientos en Europa, consolid\u00e1ndose como l\u00edder en la transici\u00f3n hacia veh\u00edculos de cero emisiones\",\"breadcrumb\":{\"@id\":\"https:\\\/\\\/autofans.com.ar\\\/index.php\\\/2024\\\/01\\\/08\\\/iveco-edaily-reconocido-a-nivel-mundial-por-su-sostenibilidad-y-tecnologia-avanzada\\\/#breadcrumb\"},\"inLanguage\":\"es\",\"potentialAction\":[{\"@type\":\"ReadAction\",\"target\":[\"https:\\\/\\\/autofans.com.ar\\\/index.php\\\/2024\\\/01\\\/08\\\/iveco-edaily-reconocido-a-nivel-mundial-por-su-sostenibilidad-y-tecnologia-avanzada\\\/\"]}]},{\"@type\":\"ImageObject\",\"inLanguage\":\"es\",\"@id\":\"https:\\\/\\\/autofans.com.ar\\\/index.php\\\/2024\\\/01\\\/08\\\/iveco-edaily-reconocido-a-nivel-mundial-por-su-sostenibilidad-y-tecnologia-avanzada\\\/#primaryimage\",\"url\":\"https:\\\/\\\/autofans.com.ar\\\/wp-content\\\/uploads\\\/2024\\\/01\\\/foto-1-9.jpg\",\"contentUrl\":\"https:\\\/\\\/autofans.com.ar\\\/wp-content\\\/uploads\\\/2024\\\/01\\\/foto-1-9.jpg\",\"width\":1000,\"height\":667,\"caption\":\"IVECO eDaily\"},{\"@type\":\"BreadcrumbList\",\"@id\":\"https:\\\/\\\/autofans.com.ar\\\/index.php\\\/2024\\\/01\\\/08\\\/iveco-edaily-reconocido-a-nivel-mundial-por-su-sostenibilidad-y-tecnologia-avanzada\\\/#breadcrumb\",\"itemListElement\":[{\"@type\":\"ListItem\",\"position\":1,\"name\":\"Inicio\",\"item\":\"https:\\\/\\\/autofans.com.ar\\\/\"},{\"@type\":\"ListItem\",\"position\":2,\"name\":\"IVECO eDaily reconocido a nivel mundial por su sostenibilidad y tecnolog\u00eda avanzada\"}]},{\"@type\":\"WebSite\",\"@id\":\"https:\\\/\\\/autofans.com.ar\\\/#website\",\"url\":\"https:\\\/\\\/autofans.com.ar\\\/\",\"name\":\"\",\"description\":\"El multimedio referente de la industria automotriz\",\"potentialAction\":[{\"@type\":\"SearchAction\",\"target\":{\"@type\":\"EntryPoint\",\"urlTemplate\":\"https:\\\/\\\/autofans.com.ar\\\/?s={search_term_string}\"},\"query-input\":{\"@type\":\"PropertyValueSpecification\",\"valueRequired\":true,\"valueName\":\"search_term_string\"}}],\"inLanguage\":\"es\"},{\"@type\":\"Person\",\"@id\":\"https:\\\/\\\/autofans.com.ar\\\/#\\\/schema\\\/person\\\/4a8dda0b6df83ac3d6723e921274c2aa\",\"name\":\"Alejandro Gabriel Rosito\",\"image\":{\"@type\":\"ImageObject\",\"inLanguage\":\"es\",\"@id\":\"https:\\\/\\\/secure.gravatar.com\\\/avatar\\\/16c5dda1489adfc62618084dcbb91cffd879c374b13fe5dd8e44ed6733852c88?s=96&d=mm&r=g\",\"url\":\"https:\\\/\\\/secure.gravatar.com\\\/avatar\\\/16c5dda1489adfc62618084dcbb91cffd879c374b13fe5dd8e44ed6733852c88?s=96&d=mm&r=g\",\"contentUrl\":\"https:\\\/\\\/secure.gravatar.com\\\/avatar\\\/16c5dda1489adfc62618084dcbb91cffd879c374b13fe5dd8e44ed6733852c88?s=96&d=mm&r=g\",\"caption\":\"Alejandro Gabriel Rosito\"},\"url\":\"https:\\\/\\\/autofans.com.ar\\\/index.php\\\/author\\\/gabrielr\\\/\"}]}<\/script>\n<!-- \/ Yoast SEO plugin. -->","yoast_head_json":{"title":"IVECO eDaily reconocido a nivel mundial por su sostenibilidad y tecnolog\u00eda avanzada -","description":"El IVECO eDaily ha ganado prestigiosos reconocimientos en Europa, consolid\u00e1ndose como l\u00edder en la transici\u00f3n hacia veh\u00edculos de cero emisiones","robots":{"index":"index","follow":"follow","max-snippet":"max-snippet:-1","max-image-preview":"max-image-preview:large","max-video-preview":"max-video-preview:-1"},"canonical":"https:\/\/autofans.com.ar\/index.php\/2024\/01\/08\/iveco-edaily-reconocido-a-nivel-mundial-por-su-sostenibilidad-y-tecnologia-avanzada\/","og_locale":"es_ES","og_type":"article","og_title":"IVECO eDaily reconocido a nivel mundial por su sostenibilidad y tecnolog\u00eda avanzada -","og_description":"El IVECO eDaily ha ganado prestigiosos reconocimientos en Europa, consolid\u00e1ndose como l\u00edder en la transici\u00f3n hacia veh\u00edculos de cero emisiones","og_url":"https:\/\/autofans.com.ar\/index.php\/2024\/01\/08\/iveco-edaily-reconocido-a-nivel-mundial-por-su-sostenibilidad-y-tecnologia-avanzada\/","article_published_time":"2024-01-08T20:21:45+00:00","og_image":[{"url":"https:\/\/autofans.com.ar\/wp-content\/uploads\/2024\/01\/foto-1-9.jpg","width":640,"height":427,"type":"image\/jpeg"}],"author":"Alejandro Gabriel Rosito","twitter_card":"summary_large_image","twitter_misc":{"Escrito por":"Alejandro Gabriel Rosito","Tiempo de lectura":"3 minutos"},"schema":{"@context":"https:\/\/schema.org","@graph":[{"@type":"Article","@id":"https:\/\/autofans.com.ar\/index.php\/2024\/01\/08\/iveco-edaily-reconocido-a-nivel-mundial-por-su-sostenibilidad-y-tecnologia-avanzada\/#article","isPartOf":{"@id":"https:\/\/autofans.com.ar\/index.php\/2024\/01\/08\/iveco-edaily-reconocido-a-nivel-mundial-por-su-sostenibilidad-y-tecnologia-avanzada\/"},"author":{"name":"Alejandro Gabriel Rosito","@id":"https:\/\/autofans.com.ar\/#\/schema\/person\/4a8dda0b6df83ac3d6723e921274c2aa"},"headline":"IVECO eDaily reconocido a nivel mundial por su sostenibilidad y tecnolog\u00eda avanzada","datePublished":"2024-01-08T20:21:45+00:00","mainEntityOfPage":{"@id":"https:\/\/autofans.com.ar\/index.php\/2024\/01\/08\/iveco-edaily-reconocido-a-nivel-mundial-por-su-sostenibilidad-y-tecnologia-avanzada\/"},"wordCount":509,"image":{"@id":"https:\/\/autofans.com.ar\/index.php\/2024\/01\/08\/iveco-edaily-reconocido-a-nivel-mundial-por-su-sostenibilidad-y-tecnologia-avanzada\/#primaryimage"},"thumbnailUrl":"https:\/\/autofans.com.ar\/wp-content\/uploads\/2024\/01\/foto-1-9.jpg","keywords":["Controles eRemote","Descarbonizaci\u00f3n del Transporte","IVECO eDaily","Premio Motor Axel Springer","Premios a la Sostenibilidad","Sostenibilidad en el Transporte","Tecnolog\u00eda de Bater\u00edas Modulares","Veh\u00edculo Comercial Sostenible"],"articleSection":["HIBRIDOS, ELECTRICOS y otros","NOTICIAS"],"inLanguage":"es"},{"@type":"WebPage","@id":"https:\/\/autofans.com.ar\/index.php\/2024\/01\/08\/iveco-edaily-reconocido-a-nivel-mundial-por-su-sostenibilidad-y-tecnologia-avanzada\/","url":"https:\/\/autofans.com.ar\/index.php\/2024\/01\/08\/iveco-edaily-reconocido-a-nivel-mundial-por-su-sostenibilidad-y-tecnologia-avanzada\/","name":"IVECO eDaily reconocido a nivel mundial por su sostenibilidad y tecnolog\u00eda avanzada -","isPartOf":{"@id":"https:\/\/autofans.com.ar\/#website"},"primaryImageOfPage":{"@id":"https:\/\/autofans.com.ar\/index.php\/2024\/01\/08\/iveco-edaily-reconocido-a-nivel-mundial-por-su-sostenibilidad-y-tecnologia-avanzada\/#primaryimage"},"image":{"@id":"https:\/\/autofans.com.ar\/index.php\/2024\/01\/08\/iveco-edaily-reconocido-a-nivel-mundial-por-su-sostenibilidad-y-tecnologia-avanzada\/#primaryimage"},"thumbnailUrl":"https:\/\/autofans.com.ar\/wp-content\/uploads\/2024\/01\/foto-1-9.jpg","datePublished":"2024-01-08T20:21:45+00:00","author":{"@id":"https:\/\/autofans.com.ar\/#\/schema\/person\/4a8dda0b6df83ac3d6723e921274c2aa"},"description":"El IVECO eDaily ha ganado prestigiosos reconocimientos en Europa, consolid\u00e1ndose como l\u00edder en la transici\u00f3n hacia veh\u00edculos de cero emisiones","breadcrumb":{"@id":"https:\/\/autofans.com.ar\/index.php\/2024\/01\/08\/iveco-edaily-reconocido-a-nivel-mundial-por-su-sostenibilidad-y-tecnologia-avanzada\/#breadcrumb"},"inLanguage":"es","potentialAction":[{"@type":"ReadAction","target":["https:\/\/autofans.com.ar\/index.php\/2024\/01\/08\/iveco-edaily-reconocido-a-nivel-mundial-por-su-sostenibilidad-y-tecnologia-avanzada\/"]}]},{"@type":"ImageObject","inLanguage":"es","@id":"https:\/\/autofans.com.ar\/index.php\/2024\/01\/08\/iveco-edaily-reconocido-a-nivel-mundial-por-su-sostenibilidad-y-tecnologia-avanzada\/#primaryimage","url":"https:\/\/autofans.com.ar\/wp-content\/uploads\/2024\/01\/foto-1-9.jpg","contentUrl":"https:\/\/autofans.com.ar\/wp-content\/uploads\/2024\/01\/foto-1-9.jpg","width":1000,"height":667,"caption":"IVECO eDaily"},{"@type":"BreadcrumbList","@id":"https:\/\/autofans.com.ar\/index.php\/2024\/01\/08\/iveco-edaily-reconocido-a-nivel-mundial-por-su-sostenibilidad-y-tecnologia-avanzada\/#breadcrumb","itemListElement":[{"@type":"ListItem","position":1,"name":"Inicio","item":"https:\/\/autofans.com.ar\/"},{"@type":"ListItem","position":2,"name":"IVECO eDaily reconocido a nivel mundial por su sostenibilidad y tecnolog\u00eda avanzada"}]},{"@type":"WebSite","@id":"https:\/\/autofans.com.ar\/#website","url":"https:\/\/autofans.com.ar\/","name":"","description":"El multimedio referente de la industria automotriz","potentialAction":[{"@type":"SearchAction","target":{"@type":"EntryPoint","urlTemplate":"https:\/\/autofans.com.ar\/?s={search_term_string}"},"query-input":{"@type":"PropertyValueSpecification","valueRequired":true,"valueName":"search_term_string"}}],"inLanguage":"es"},{"@type":"Person","@id":"https:\/\/autofans.com.ar\/#\/schema\/person\/4a8dda0b6df83ac3d6723e921274c2aa","name":"Alejandro Gabriel Rosito","image":{"@type":"ImageObject","inLanguage":"es","@id":"https:\/\/secure.gravatar.com\/avatar\/16c5dda1489adfc62618084dcbb91cffd879c374b13fe5dd8e44ed6733852c88?s=96&d=mm&r=g","url":"https:\/\/secure.gravatar.com\/avatar\/16c5dda1489adfc62618084dcbb91cffd879c374b13fe5dd8e44ed6733852c88?s=96&d=mm&r=g","contentUrl":"https:\/\/secure.gravatar.com\/avatar\/16c5dda1489adfc62618084dcbb91cffd879c374b13fe5dd8e44ed6733852c88?s=96&d=mm&r=g","caption":"Alejandro Gabriel Rosito"},"url":"https:\/\/autofans.com.ar\/index.php\/author\/gabrielr\/"}]}},"featured_image_urls":{"full":["https:\/\/autofans.com.ar\/wp-content\/uploads\/2024\/01\/foto-1-9.jpg",1000,667,false],"thumbnail":["https:\/\/autofans.com.ar\/wp-content\/uploads\/2024\/01\/foto-1-9-150x150.jpg",150,150,true],"medium":["https:\/\/autofans.com.ar\/wp-content\/uploads\/2024\/01\/foto-1-9-300x200.jpg",300,200,true],"medium_large":["https:\/\/autofans.com.ar\/wp-content\/uploads\/2024\/01\/foto-1-9-768x512.jpg",640,427,true],"large":["https:\/\/autofans.com.ar\/wp-content\/uploads\/2024\/01\/foto-1-9.jpg",640,427,false],"1536x1536":["https:\/\/autofans.com.ar\/wp-content\/uploads\/2024\/01\/foto-1-9.jpg",1000,667,false],"2048x2048":["https:\/\/autofans.com.ar\/wp-content\/uploads\/2024\/01\/foto-1-9.jpg",1000,667,false],"covernews-featured":["https:\/\/autofans.com.ar\/wp-content\/uploads\/2024\/01\/foto-1-9.jpg",1000,667,false],"covernews-medium":["https:\/\/autofans.com.ar\/wp-content\/uploads\/2024\/01\/foto-1-9-540x340.jpg",540,340,true]},"author_info":{"display_name":"Alejandro Gabriel Rosito","author_link":"https:\/\/autofans.com.ar\/index.php\/author\/gabrielr\/"},"category_info":"<a href=\"https:\/\/autofans.com.ar\/index.php\/category\/noticias\/hibridos-y-electricos\/\" rel=\"category tag\">HIBRIDOS, ELECTRICOS y otros<\/a> <a href=\"https:\/\/autofans.com.ar\/index.php\/category\/noticias\/\" rel=\"category tag\">NOTICIAS<\/a>","tag_info":"NOTICIAS","comment_count":0,"_links":{"self":[{"href":"https:\/\/autofans.com.ar\/index.php\/wp-json\/wp\/v2\/posts\/6253","targetHints":{"allow":["GET"]}}],"collection":[{"href":"https:\/\/autofans.com.ar\/index.php\/wp-json\/wp\/v2\/posts"}],"about":[{"href":"https:\/\/autofans.com.ar\/index.php\/wp-json\/wp\/v2\/types\/post"}],"author":[{"embeddable":true,"href":"https:\/\/autofans.com.ar\/index.php\/wp-json\/wp\/v2\/users\/2"}],"replies":[{"embeddable":true,"href":"https:\/\/autofans.com.ar\/index.php\/wp-json\/wp\/v2\/comments?post=6253"}],"version-history":[{"count":2,"href":"https:\/\/autofans.com.ar\/index.php\/wp-json\/wp\/v2\/posts\/6253\/revisions"}],"predecessor-version":[{"id":6257,"href":"https:\/\/autofans.com.ar\/index.php\/wp-json\/wp\/v2\/posts\/6253\/revisions\/6257"}],"wp:featuredmedia":[{"embeddable":true,"href":"https:\/\/autofans.com.ar\/index.php\/wp-json\/wp\/v2\/media\/6255"}],"wp:attachment":[{"href":"https:\/\/autofans.com.ar\/index.php\/wp-json\/wp\/v2\/media?parent=6253"}],"wp:term":[{"taxonomy":"category","embeddable":true,"href":"https:\/\/autofans.com.ar\/index.php\/wp-json\/wp\/v2\/categories?post=6253"},{"taxonomy":"post_tag","embeddable":true,"href":"https:\/\/autofans.com.ar\/index.php\/wp-json\/wp\/v2\/tags?post=6253"}],"curies":[{"name":"wp","href":"https:\/\/api.w.org\/{rel}","templated":true}]}}