{"id":6258,"date":"2024-01-08T19:23:39","date_gmt":"2024-01-08T22:23:39","guid":{"rendered":"https:\/\/autofans.com.ar\/?p=6258"},"modified":"2024-01-08T19:23:39","modified_gmt":"2024-01-08T22:23:39","slug":"kia-en-costa-esmeralda-mendoza-y-punta-del-este","status":"publish","type":"post","link":"https:\/\/autofans.com.ar\/index.php\/2024\/01\/08\/kia-en-costa-esmeralda-mendoza-y-punta-del-este\/","title":{"rendered":"Kia en Costa Esmeralda, Mendoza y Punta del Este"},"content":{"rendered":"<p>Por tercer a\u00f1o consecutivo, Kia Argentina se adue\u00f1a del verano con su presencia destacada en Costa Esmeralda, sumando experiencias \u00fanicas en Mendoza y Punta del Este.<\/p>\n<p>En Costa Esmeralda, en la Playa Deportiva y en el Sector Deportivo, Kia exhibir\u00e1 sus flamantes modelos: la SUV All-new Sportage y el revolucionario All-new Niro HEV, el primer h\u00edbrido de la marca en el pa\u00eds. En el Parador Punta Norte y durante los afters, la imponente Kia Carnival dar\u00e1 la bienvenida a usuarios y turistas.<\/p>\n<p>&nbsp;<\/p>\n<h2>Atardeceres inolvidables con Kia en Mendoza<\/h2>\n<p>Adem\u00e1s, la marca ser\u00e1 protagonista en diversas actividades del barrio, desde torneos de f\u00fatbol hasta sesiones de yoga y limpiezas de playas, reafirmando su compromiso con la concientizaci\u00f3n ambiental.<\/p>\n<p>&nbsp;<\/p>\n<div id='gallery-1' class='gallery galleryid-6258 gallery-columns-2 gallery-size-full'><figure class='gallery-item'>\n\t\t\t<div class='gallery-icon landscape'>\n\t\t\t\t<a href='https:\/\/autofans.com.ar\/index.php\/2024\/01\/08\/kia-en-costa-esmeralda-mendoza-y-punta-del-este\/mendoza-1\/'><img loading=\"lazy\" width=\"1000\" height=\"667\" src=\"https:\/\/autofans.com.ar\/wp-content\/uploads\/2024\/01\/mendoza-1.jpg\" class=\"attachment-full size-full\" alt=\"Kia\" aria-describedby=\"gallery-1-6263\" srcset=\"https:\/\/autofans.com.ar\/wp-content\/uploads\/2024\/01\/mendoza-1.jpg 1000w, https:\/\/autofans.com.ar\/wp-content\/uploads\/2024\/01\/mendoza-1-300x200.jpg 300w, https:\/\/autofans.com.ar\/wp-content\/uploads\/2024\/01\/mendoza-1-768x512.jpg 768w\" sizes=\"auto, (max-width: 1000px) 100vw, 1000px\" loading=\"lazy\" decoding=\"async\" \/><\/a>\n\t\t\t<\/div>\n\t\t\t\t<figcaption class='wp-caption-text gallery-caption' id='gallery-1-6263'>\n\t\t\t\tKia en Bodega Anaia -Mendoza\n\t\t\t\t<\/figcaption><\/figure><figure class='gallery-item'>\n\t\t\t<div class='gallery-icon landscape'>\n\t\t\t\t<a href='https:\/\/autofans.com.ar\/index.php\/2024\/01\/08\/kia-en-costa-esmeralda-mendoza-y-punta-del-este\/mendoza-2\/'><img loading=\"lazy\" width=\"1000\" height=\"667\" src=\"https:\/\/autofans.com.ar\/wp-content\/uploads\/2024\/01\/mendoza-2.jpg\" class=\"attachment-full size-full\" alt=\"Kia\" aria-describedby=\"gallery-1-6262\" srcset=\"https:\/\/autofans.com.ar\/wp-content\/uploads\/2024\/01\/mendoza-2.jpg 1000w, https:\/\/autofans.com.ar\/wp-content\/uploads\/2024\/01\/mendoza-2-300x200.jpg 300w, https:\/\/autofans.com.ar\/wp-content\/uploads\/2024\/01\/mendoza-2-768x512.jpg 768w\" sizes=\"auto, (max-width: 1000px) 100vw, 1000px\" loading=\"lazy\" decoding=\"async\" \/><\/a>\n\t\t\t<\/div>\n\t\t\t\t<figcaption class='wp-caption-text gallery-caption' id='gallery-1-6262'>\n\t\t\t\tKia en Bodega Anaia &#8211; Mendoza\n\t\t\t\t<\/figcaption><\/figure>\n\t\t<\/div>\n\n<p>&nbsp;<\/p>\n<p>Simult\u00e1neamente, la marca se aventura en el distrito de Agrelo, Luj\u00e1n de Cuyo, Mendoza, asoci\u00e1ndose con la bodega Anaia para crear \u00abLas Noches de Luna Llena\u00bb. Un viaje gastron\u00f3mico bajo el resplandor lunar, donde los visitantes podr\u00e1n admirar de cerca la Kia All-new Sportage. Los clientes Kia disfrutar\u00e1n de beneficios gastron\u00f3micos y las Kia Sessions, musicalizando los atardeceres mendocinos todos los jueves y viernes del verano.<\/p>\n<p>&nbsp;<\/p>\n<h2>Dejando huella en el verano de Sudam\u00e9rica<\/h2>\n<p>Punta del Este tambi\u00e9n se rinde ante Kia, que se une al restaurante Legua de \u201cLa Barra\u201d, exhibiendo el reci\u00e9n lanzado Kia All-new Sportage. Beneficios exclusivos esperan a los clientes para disfrutar de las activaciones gastron\u00f3micas durante su estancia.<\/p>\n<p>&nbsp;<\/p>\n<div id='gallery-2' class='gallery galleryid-6258 gallery-columns-2 gallery-size-full'><figure class='gallery-item'>\n\t\t\t<div class='gallery-icon landscape'>\n\t\t\t\t<a href='https:\/\/autofans.com.ar\/index.php\/2024\/01\/08\/kia-en-costa-esmeralda-mendoza-y-punta-del-este\/uruguay\/'><img loading=\"lazy\" width=\"1000\" height=\"667\" src=\"https:\/\/autofans.com.ar\/wp-content\/uploads\/2024\/01\/uruguay.jpg\" class=\"attachment-full size-full\" alt=\"Kia\" aria-describedby=\"gallery-2-6261\" srcset=\"https:\/\/autofans.com.ar\/wp-content\/uploads\/2024\/01\/uruguay.jpg 1000w, https:\/\/autofans.com.ar\/wp-content\/uploads\/2024\/01\/uruguay-300x200.jpg 300w, https:\/\/autofans.com.ar\/wp-content\/uploads\/2024\/01\/uruguay-768x512.jpg 768w\" sizes=\"auto, (max-width: 1000px) 100vw, 1000px\" loading=\"lazy\" decoding=\"async\" \/><\/a>\n\t\t\t<\/div>\n\t\t\t\t<figcaption class='wp-caption-text gallery-caption' id='gallery-2-6261'>\n\t\t\t\tKia en Legua &#8211; Uruguay\n\t\t\t\t<\/figcaption><\/figure><figure class='gallery-item'>\n\t\t\t<div class='gallery-icon landscape'>\n\t\t\t\t<a href='https:\/\/autofans.com.ar\/index.php\/2024\/01\/08\/kia-en-costa-esmeralda-mendoza-y-punta-del-este\/costa-esmeralda-1\/'><img loading=\"lazy\" width=\"1000\" height=\"667\" src=\"https:\/\/autofans.com.ar\/wp-content\/uploads\/2024\/01\/costa-esmeralda-1.jpg\" class=\"attachment-full size-full\" alt=\"Kia\" aria-describedby=\"gallery-2-6260\" srcset=\"https:\/\/autofans.com.ar\/wp-content\/uploads\/2024\/01\/costa-esmeralda-1.jpg 1000w, https:\/\/autofans.com.ar\/wp-content\/uploads\/2024\/01\/costa-esmeralda-1-300x200.jpg 300w, https:\/\/autofans.com.ar\/wp-content\/uploads\/2024\/01\/costa-esmeralda-1-768x512.jpg 768w\" sizes=\"auto, (max-width: 1000px) 100vw, 1000px\" loading=\"lazy\" decoding=\"async\" \/><\/a>\n\t\t\t<\/div>\n\t\t\t\t<figcaption class='wp-caption-text gallery-caption' id='gallery-2-6260'>\n\t\t\t\tKia en Costa Esmeralda\n\t\t\t\t<\/figcaption><\/figure>\n\t\t<\/div>\n\n<p>&nbsp;<\/p>\n<p>En resumen, la marca ampl\u00eda sus horizontes este verano, ofreciendo experiencias \u00fanicas e inspiradoras en ciudades destacadas y destinos exclusivos del cono sur. La marca no solo presenta sus innovadores modelos, sino que se sumerge en el estilo de vida de cada lugar, dejando su huella en el verano argentino.<\/p>\n<p>&nbsp;<\/p>\n<p>&nbsp;<\/p>\n<p><i>Para enterarte de m\u00e1s novedades, no dejes de leer\u00a0<\/i><a href=\"https:\/\/autofans.thebrandsoup.com\/\"><i>nuestras notas<\/i><\/a><i>, de ver<\/i><b><i>\u00a0<\/i><\/b><a href=\"https:\/\/www.youtube.com\/channel\/UCgAC8UGHZYbT6P7PpmVnP7g\"><b><i>AUTOFANS TV<\/i><\/b><\/a><b><i>\u00a0<\/i><\/b><i>en nuestro\u00a0canal de Youtube. Adem\u00e1s seguinos en\u00a0<\/i><a href=\"https:\/\/www.instagram.com\/autofanstv\/\"><i>INSTAGRAM<\/i><\/a><i> y <\/i><a href=\"https:\/\/www.facebook.com\/autofansmas\/\"><i>FACEBOOK<\/i><\/a><i> para no perderte nada sobre las novedades del segmento automotor de Argentina y el mundo.<\/i><\/p>\n","protected":false},"excerpt":{"rendered":"<p>Por tercer a\u00f1o consecutivo, Kia Argentina se adue\u00f1a del verano con su presencia destacada en&#8230;<\/p>\n","protected":false},"author":2,"featured_media":6259,"comment_status":"closed","ping_status":"closed","sticky":false,"template":"","format":"standard","meta":{"footnotes":""},"categories":[6,16],"tags":[3296,3292,3294,3291,3295,1715,1185,3293,1799,3272],"class_list":["post-6258","post","type-post","status-publish","format-standard","has-post-thumbnail","hentry","category-bizstyle","category-noticias","tag-actividades-veraniegas","tag-all-new-sportage","tag-carnival","tag-costa-esmeralda","tag-experiencias-unicas","tag-kia-argentina","tag-mendoza","tag-niro-hev","tag-punta-del-este","tag-verano-2024"],"yoast_head":"<!-- This site is optimized with the Yoast SEO plugin v27.5 - https:\/\/yoast.com\/product\/yoast-seo-wordpress\/ -->\n<title>Kia en Costa Esmeralda, Mendoza y Punta del Este -<\/title>\n<meta name=\"description\" content=\"Kia Argentina se adue\u00f1a del verano con su presencia destacada en Costa Esmeralda, sumando experiencias \u00fanicas en Mendoza y Punta del Este...\" \/>\n<meta name=\"robots\" content=\"index, follow, max-snippet:-1, max-image-preview:large, max-video-preview:-1\" \/>\n<link rel=\"canonical\" href=\"https:\/\/autofans.com.ar\/index.php\/2024\/01\/08\/kia-en-costa-esmeralda-mendoza-y-punta-del-este\/\" \/>\n<meta property=\"og:locale\" content=\"es_ES\" \/>\n<meta property=\"og:type\" content=\"article\" \/>\n<meta property=\"og:title\" content=\"Kia en Costa Esmeralda, Mendoza y Punta del Este -\" \/>\n<meta property=\"og:description\" content=\"Kia Argentina se adue\u00f1a del verano con su presencia destacada en Costa Esmeralda, sumando experiencias \u00fanicas en Mendoza y Punta del Este...\" \/>\n<meta property=\"og:url\" content=\"https:\/\/autofans.com.ar\/index.php\/2024\/01\/08\/kia-en-costa-esmeralda-mendoza-y-punta-del-este\/\" \/>\n<meta property=\"article:published_time\" content=\"2024-01-08T22:23:39+00:00\" \/>\n<meta property=\"og:image\" content=\"https:\/\/autofans.com.ar\/wp-content\/uploads\/2024\/01\/costa-esmeralda-2.jpg\" \/>\n\t<meta property=\"og:image:width\" content=\"640\" \/>\n\t<meta property=\"og:image:height\" content=\"427\" \/>\n\t<meta property=\"og:image:type\" content=\"image\/jpeg\" \/>\n<meta name=\"author\" content=\"Alejandro Gabriel Rosito\" \/>\n<meta name=\"twitter:card\" content=\"summary_large_image\" \/>\n<meta name=\"twitter:label1\" content=\"Escrito por\" \/>\n\t<meta name=\"twitter:data1\" content=\"Alejandro Gabriel Rosito\" \/>\n\t<meta name=\"twitter:label2\" content=\"Tiempo de lectura\" \/>\n\t<meta name=\"twitter:data2\" content=\"2 minutos\" \/>\n<script type=\"application\/ld+json\" class=\"yoast-schema-graph\">{\"@context\":\"https:\\\/\\\/schema.org\",\"@graph\":[{\"@type\":\"Article\",\"@id\":\"https:\\\/\\\/autofans.com.ar\\\/index.php\\\/2024\\\/01\\\/08\\\/kia-en-costa-esmeralda-mendoza-y-punta-del-este\\\/#article\",\"isPartOf\":{\"@id\":\"https:\\\/\\\/autofans.com.ar\\\/index.php\\\/2024\\\/01\\\/08\\\/kia-en-costa-esmeralda-mendoza-y-punta-del-este\\\/\"},\"author\":{\"name\":\"Alejandro Gabriel Rosito\",\"@id\":\"https:\\\/\\\/autofans.com.ar\\\/#\\\/schema\\\/person\\\/4a8dda0b6df83ac3d6723e921274c2aa\"},\"headline\":\"Kia en Costa Esmeralda, Mendoza y Punta del Este\",\"datePublished\":\"2024-01-08T22:23:39+00:00\",\"mainEntityOfPage\":{\"@id\":\"https:\\\/\\\/autofans.com.ar\\\/index.php\\\/2024\\\/01\\\/08\\\/kia-en-costa-esmeralda-mendoza-y-punta-del-este\\\/\"},\"wordCount\":368,\"image\":{\"@id\":\"https:\\\/\\\/autofans.com.ar\\\/index.php\\\/2024\\\/01\\\/08\\\/kia-en-costa-esmeralda-mendoza-y-punta-del-este\\\/#primaryimage\"},\"thumbnailUrl\":\"https:\\\/\\\/autofans.com.ar\\\/wp-content\\\/uploads\\\/2024\\\/01\\\/costa-esmeralda-2.jpg\",\"keywords\":[\"Actividades Veraniegas\",\"All-new Sportage\",\"Carnival\",\"Costa Esmeralda\",\"Experiencias \u00danicas\",\"Kia Argentina\",\"Mendoza\",\"Niro HEV\",\"Punta del Este\",\"Verano 2024\"],\"articleSection\":[\"BIZSTYLE\",\"NOTICIAS\"],\"inLanguage\":\"es\"},{\"@type\":\"WebPage\",\"@id\":\"https:\\\/\\\/autofans.com.ar\\\/index.php\\\/2024\\\/01\\\/08\\\/kia-en-costa-esmeralda-mendoza-y-punta-del-este\\\/\",\"url\":\"https:\\\/\\\/autofans.com.ar\\\/index.php\\\/2024\\\/01\\\/08\\\/kia-en-costa-esmeralda-mendoza-y-punta-del-este\\\/\",\"name\":\"Kia en Costa Esmeralda, Mendoza y Punta del Este -\",\"isPartOf\":{\"@id\":\"https:\\\/\\\/autofans.com.ar\\\/#website\"},\"primaryImageOfPage\":{\"@id\":\"https:\\\/\\\/autofans.com.ar\\\/index.php\\\/2024\\\/01\\\/08\\\/kia-en-costa-esmeralda-mendoza-y-punta-del-este\\\/#primaryimage\"},\"image\":{\"@id\":\"https:\\\/\\\/autofans.com.ar\\\/index.php\\\/2024\\\/01\\\/08\\\/kia-en-costa-esmeralda-mendoza-y-punta-del-este\\\/#primaryimage\"},\"thumbnailUrl\":\"https:\\\/\\\/autofans.com.ar\\\/wp-content\\\/uploads\\\/2024\\\/01\\\/costa-esmeralda-2.jpg\",\"datePublished\":\"2024-01-08T22:23:39+00:00\",\"author\":{\"@id\":\"https:\\\/\\\/autofans.com.ar\\\/#\\\/schema\\\/person\\\/4a8dda0b6df83ac3d6723e921274c2aa\"},\"description\":\"Kia Argentina se adue\u00f1a del verano con su presencia destacada en Costa Esmeralda, sumando experiencias \u00fanicas en Mendoza y Punta del Este...\",\"breadcrumb\":{\"@id\":\"https:\\\/\\\/autofans.com.ar\\\/index.php\\\/2024\\\/01\\\/08\\\/kia-en-costa-esmeralda-mendoza-y-punta-del-este\\\/#breadcrumb\"},\"inLanguage\":\"es\",\"potentialAction\":[{\"@type\":\"ReadAction\",\"target\":[\"https:\\\/\\\/autofans.com.ar\\\/index.php\\\/2024\\\/01\\\/08\\\/kia-en-costa-esmeralda-mendoza-y-punta-del-este\\\/\"]}]},{\"@type\":\"ImageObject\",\"inLanguage\":\"es\",\"@id\":\"https:\\\/\\\/autofans.com.ar\\\/index.php\\\/2024\\\/01\\\/08\\\/kia-en-costa-esmeralda-mendoza-y-punta-del-este\\\/#primaryimage\",\"url\":\"https:\\\/\\\/autofans.com.ar\\\/wp-content\\\/uploads\\\/2024\\\/01\\\/costa-esmeralda-2.jpg\",\"contentUrl\":\"https:\\\/\\\/autofans.com.ar\\\/wp-content\\\/uploads\\\/2024\\\/01\\\/costa-esmeralda-2.jpg\",\"width\":1000,\"height\":667,\"caption\":\"Kia\"},{\"@type\":\"BreadcrumbList\",\"@id\":\"https:\\\/\\\/autofans.com.ar\\\/index.php\\\/2024\\\/01\\\/08\\\/kia-en-costa-esmeralda-mendoza-y-punta-del-este\\\/#breadcrumb\",\"itemListElement\":[{\"@type\":\"ListItem\",\"position\":1,\"name\":\"Inicio\",\"item\":\"https:\\\/\\\/autofans.com.ar\\\/\"},{\"@type\":\"ListItem\",\"position\":2,\"name\":\"Kia en Costa Esmeralda, Mendoza y Punta del Este\"}]},{\"@type\":\"WebSite\",\"@id\":\"https:\\\/\\\/autofans.com.ar\\\/#website\",\"url\":\"https:\\\/\\\/autofans.com.ar\\\/\",\"name\":\"\",\"description\":\"El multimedio referente de la industria automotriz\",\"potentialAction\":[{\"@type\":\"SearchAction\",\"target\":{\"@type\":\"EntryPoint\",\"urlTemplate\":\"https:\\\/\\\/autofans.com.ar\\\/?s={search_term_string}\"},\"query-input\":{\"@type\":\"PropertyValueSpecification\",\"valueRequired\":true,\"valueName\":\"search_term_string\"}}],\"inLanguage\":\"es\"},{\"@type\":\"Person\",\"@id\":\"https:\\\/\\\/autofans.com.ar\\\/#\\\/schema\\\/person\\\/4a8dda0b6df83ac3d6723e921274c2aa\",\"name\":\"Alejandro Gabriel Rosito\",\"image\":{\"@type\":\"ImageObject\",\"inLanguage\":\"es\",\"@id\":\"https:\\\/\\\/secure.gravatar.com\\\/avatar\\\/16c5dda1489adfc62618084dcbb91cffd879c374b13fe5dd8e44ed6733852c88?s=96&d=mm&r=g\",\"url\":\"https:\\\/\\\/secure.gravatar.com\\\/avatar\\\/16c5dda1489adfc62618084dcbb91cffd879c374b13fe5dd8e44ed6733852c88?s=96&d=mm&r=g\",\"contentUrl\":\"https:\\\/\\\/secure.gravatar.com\\\/avatar\\\/16c5dda1489adfc62618084dcbb91cffd879c374b13fe5dd8e44ed6733852c88?s=96&d=mm&r=g\",\"caption\":\"Alejandro Gabriel Rosito\"},\"url\":\"https:\\\/\\\/autofans.com.ar\\\/index.php\\\/author\\\/gabrielr\\\/\"}]}<\/script>\n<!-- \/ Yoast SEO plugin. -->","yoast_head_json":{"title":"Kia en Costa Esmeralda, Mendoza y Punta del Este -","description":"Kia Argentina se adue\u00f1a del verano con su presencia destacada en Costa Esmeralda, sumando experiencias \u00fanicas en Mendoza y Punta del Este...","robots":{"index":"index","follow":"follow","max-snippet":"max-snippet:-1","max-image-preview":"max-image-preview:large","max-video-preview":"max-video-preview:-1"},"canonical":"https:\/\/autofans.com.ar\/index.php\/2024\/01\/08\/kia-en-costa-esmeralda-mendoza-y-punta-del-este\/","og_locale":"es_ES","og_type":"article","og_title":"Kia en Costa Esmeralda, Mendoza y Punta del Este -","og_description":"Kia Argentina se adue\u00f1a del verano con su presencia destacada en Costa Esmeralda, sumando experiencias \u00fanicas en Mendoza y Punta del Este...","og_url":"https:\/\/autofans.com.ar\/index.php\/2024\/01\/08\/kia-en-costa-esmeralda-mendoza-y-punta-del-este\/","article_published_time":"2024-01-08T22:23:39+00:00","og_image":[{"url":"https:\/\/autofans.com.ar\/wp-content\/uploads\/2024\/01\/costa-esmeralda-2.jpg","width":640,"height":427,"type":"image\/jpeg"}],"author":"Alejandro Gabriel Rosito","twitter_card":"summary_large_image","twitter_misc":{"Escrito por":"Alejandro Gabriel Rosito","Tiempo de lectura":"2 minutos"},"schema":{"@context":"https:\/\/schema.org","@graph":[{"@type":"Article","@id":"https:\/\/autofans.com.ar\/index.php\/2024\/01\/08\/kia-en-costa-esmeralda-mendoza-y-punta-del-este\/#article","isPartOf":{"@id":"https:\/\/autofans.com.ar\/index.php\/2024\/01\/08\/kia-en-costa-esmeralda-mendoza-y-punta-del-este\/"},"author":{"name":"Alejandro Gabriel Rosito","@id":"https:\/\/autofans.com.ar\/#\/schema\/person\/4a8dda0b6df83ac3d6723e921274c2aa"},"headline":"Kia en Costa Esmeralda, Mendoza y Punta del Este","datePublished":"2024-01-08T22:23:39+00:00","mainEntityOfPage":{"@id":"https:\/\/autofans.com.ar\/index.php\/2024\/01\/08\/kia-en-costa-esmeralda-mendoza-y-punta-del-este\/"},"wordCount":368,"image":{"@id":"https:\/\/autofans.com.ar\/index.php\/2024\/01\/08\/kia-en-costa-esmeralda-mendoza-y-punta-del-este\/#primaryimage"},"thumbnailUrl":"https:\/\/autofans.com.ar\/wp-content\/uploads\/2024\/01\/costa-esmeralda-2.jpg","keywords":["Actividades Veraniegas","All-new Sportage","Carnival","Costa Esmeralda","Experiencias \u00danicas","Kia Argentina","Mendoza","Niro HEV","Punta del Este","Verano 2024"],"articleSection":["BIZSTYLE","NOTICIAS"],"inLanguage":"es"},{"@type":"WebPage","@id":"https:\/\/autofans.com.ar\/index.php\/2024\/01\/08\/kia-en-costa-esmeralda-mendoza-y-punta-del-este\/","url":"https:\/\/autofans.com.ar\/index.php\/2024\/01\/08\/kia-en-costa-esmeralda-mendoza-y-punta-del-este\/","name":"Kia en Costa Esmeralda, Mendoza y Punta del Este -","isPartOf":{"@id":"https:\/\/autofans.com.ar\/#website"},"primaryImageOfPage":{"@id":"https:\/\/autofans.com.ar\/index.php\/2024\/01\/08\/kia-en-costa-esmeralda-mendoza-y-punta-del-este\/#primaryimage"},"image":{"@id":"https:\/\/autofans.com.ar\/index.php\/2024\/01\/08\/kia-en-costa-esmeralda-mendoza-y-punta-del-este\/#primaryimage"},"thumbnailUrl":"https:\/\/autofans.com.ar\/wp-content\/uploads\/2024\/01\/costa-esmeralda-2.jpg","datePublished":"2024-01-08T22:23:39+00:00","author":{"@id":"https:\/\/autofans.com.ar\/#\/schema\/person\/4a8dda0b6df83ac3d6723e921274c2aa"},"description":"Kia Argentina se adue\u00f1a del verano con su presencia destacada en Costa Esmeralda, sumando experiencias \u00fanicas en Mendoza y Punta del Este...","breadcrumb":{"@id":"https:\/\/autofans.com.ar\/index.php\/2024\/01\/08\/kia-en-costa-esmeralda-mendoza-y-punta-del-este\/#breadcrumb"},"inLanguage":"es","potentialAction":[{"@type":"ReadAction","target":["https:\/\/autofans.com.ar\/index.php\/2024\/01\/08\/kia-en-costa-esmeralda-mendoza-y-punta-del-este\/"]}]},{"@type":"ImageObject","inLanguage":"es","@id":"https:\/\/autofans.com.ar\/index.php\/2024\/01\/08\/kia-en-costa-esmeralda-mendoza-y-punta-del-este\/#primaryimage","url":"https:\/\/autofans.com.ar\/wp-content\/uploads\/2024\/01\/costa-esmeralda-2.jpg","contentUrl":"https:\/\/autofans.com.ar\/wp-content\/uploads\/2024\/01\/costa-esmeralda-2.jpg","width":1000,"height":667,"caption":"Kia"},{"@type":"BreadcrumbList","@id":"https:\/\/autofans.com.ar\/index.php\/2024\/01\/08\/kia-en-costa-esmeralda-mendoza-y-punta-del-este\/#breadcrumb","itemListElement":[{"@type":"ListItem","position":1,"name":"Inicio","item":"https:\/\/autofans.com.ar\/"},{"@type":"ListItem","position":2,"name":"Kia en Costa Esmeralda, Mendoza y Punta del Este"}]},{"@type":"WebSite","@id":"https:\/\/autofans.com.ar\/#website","url":"https:\/\/autofans.com.ar\/","name":"","description":"El multimedio referente de la industria automotriz","potentialAction":[{"@type":"SearchAction","target":{"@type":"EntryPoint","urlTemplate":"https:\/\/autofans.com.ar\/?s={search_term_string}"},"query-input":{"@type":"PropertyValueSpecification","valueRequired":true,"valueName":"search_term_string"}}],"inLanguage":"es"},{"@type":"Person","@id":"https:\/\/autofans.com.ar\/#\/schema\/person\/4a8dda0b6df83ac3d6723e921274c2aa","name":"Alejandro Gabriel Rosito","image":{"@type":"ImageObject","inLanguage":"es","@id":"https:\/\/secure.gravatar.com\/avatar\/16c5dda1489adfc62618084dcbb91cffd879c374b13fe5dd8e44ed6733852c88?s=96&d=mm&r=g","url":"https:\/\/secure.gravatar.com\/avatar\/16c5dda1489adfc62618084dcbb91cffd879c374b13fe5dd8e44ed6733852c88?s=96&d=mm&r=g","contentUrl":"https:\/\/secure.gravatar.com\/avatar\/16c5dda1489adfc62618084dcbb91cffd879c374b13fe5dd8e44ed6733852c88?s=96&d=mm&r=g","caption":"Alejandro Gabriel Rosito"},"url":"https:\/\/autofans.com.ar\/index.php\/author\/gabrielr\/"}]}},"featured_image_urls":{"full":["https:\/\/autofans.com.ar\/wp-content\/uploads\/2024\/01\/costa-esmeralda-2.jpg",1000,667,false],"thumbnail":["https:\/\/autofans.com.ar\/wp-content\/uploads\/2024\/01\/costa-esmeralda-2-150x150.jpg",150,150,true],"medium":["https:\/\/autofans.com.ar\/wp-content\/uploads\/2024\/01\/costa-esmeralda-2-300x200.jpg",300,200,true],"medium_large":["https:\/\/autofans.com.ar\/wp-content\/uploads\/2024\/01\/costa-esmeralda-2-768x512.jpg",640,427,true],"large":["https:\/\/autofans.com.ar\/wp-content\/uploads\/2024\/01\/costa-esmeralda-2.jpg",640,427,false],"1536x1536":["https:\/\/autofans.com.ar\/wp-content\/uploads\/2024\/01\/costa-esmeralda-2.jpg",1000,667,false],"2048x2048":["https:\/\/autofans.com.ar\/wp-content\/uploads\/2024\/01\/costa-esmeralda-2.jpg",1000,667,false],"covernews-featured":["https:\/\/autofans.com.ar\/wp-content\/uploads\/2024\/01\/costa-esmeralda-2.jpg",1000,667,false],"covernews-medium":["https:\/\/autofans.com.ar\/wp-content\/uploads\/2024\/01\/costa-esmeralda-2-540x340.jpg",540,340,true]},"author_info":{"display_name":"Alejandro Gabriel Rosito","author_link":"https:\/\/autofans.com.ar\/index.php\/author\/gabrielr\/"},"category_info":"<a href=\"https:\/\/autofans.com.ar\/index.php\/category\/noticias\/bizstyle\/\" rel=\"category tag\">BIZSTYLE<\/a> <a href=\"https:\/\/autofans.com.ar\/index.php\/category\/noticias\/\" rel=\"category tag\">NOTICIAS<\/a>","tag_info":"NOTICIAS","comment_count":0,"_links":{"self":[{"href":"https:\/\/autofans.com.ar\/index.php\/wp-json\/wp\/v2\/posts\/6258","targetHints":{"allow":["GET"]}}],"collection":[{"href":"https:\/\/autofans.com.ar\/index.php\/wp-json\/wp\/v2\/posts"}],"about":[{"href":"https:\/\/autofans.com.ar\/index.php\/wp-json\/wp\/v2\/types\/post"}],"author":[{"embeddable":true,"href":"https:\/\/autofans.com.ar\/index.php\/wp-json\/wp\/v2\/users\/2"}],"replies":[{"embeddable":true,"href":"https:\/\/autofans.com.ar\/index.php\/wp-json\/wp\/v2\/comments?post=6258"}],"version-history":[{"count":1,"href":"https:\/\/autofans.com.ar\/index.php\/wp-json\/wp\/v2\/posts\/6258\/revisions"}],"predecessor-version":[{"id":6264,"href":"https:\/\/autofans.com.ar\/index.php\/wp-json\/wp\/v2\/posts\/6258\/revisions\/6264"}],"wp:featuredmedia":[{"embeddable":true,"href":"https:\/\/autofans.com.ar\/index.php\/wp-json\/wp\/v2\/media\/6259"}],"wp:attachment":[{"href":"https:\/\/autofans.com.ar\/index.php\/wp-json\/wp\/v2\/media?parent=6258"}],"wp:term":[{"taxonomy":"category","embeddable":true,"href":"https:\/\/autofans.com.ar\/index.php\/wp-json\/wp\/v2\/categories?post=6258"},{"taxonomy":"post_tag","embeddable":true,"href":"https:\/\/autofans.com.ar\/index.php\/wp-json\/wp\/v2\/tags?post=6258"}],"curies":[{"name":"wp","href":"https:\/\/api.w.org\/{rel}","templated":true}]}}