{"id":627,"date":"2023-03-09T12:16:05","date_gmt":"2023-03-09T15:16:05","guid":{"rendered":"https:\/\/autofans.com.ar\/?p=627"},"modified":"2023-03-09T12:34:08","modified_gmt":"2023-03-09T15:34:08","slug":"honda-motor-de-argentina-celebra-45-anos-en-el-pais","status":"publish","type":"post","link":"https:\/\/autofans.com.ar\/index.php\/2023\/03\/09\/honda-motor-de-argentina-celebra-45-anos-en-el-pais\/","title":{"rendered":"Honda Motor de Argentina celebra 45 a\u00f1os en el pa\u00eds"},"content":{"rendered":"<p>Honda Motor de Argentina celebra su 45\u00ba aniversario en el pa\u00eds en <a href=\"https:\/\/www.expoagro.com.ar\" target=\"_blank\" rel=\"noopener\">ExpoAgro 2023<\/a>, la feria agroindustrial m\u00e1s grande de Argentina. La compa\u00f1\u00eda exhibe los productos m\u00e1s destacados de sus tres divisiones: motocicletas, autos, productos de fuerza y marina.<\/p>\n<p>&nbsp;<\/p>\n<div id='gallery-1' class='gallery galleryid-627 gallery-columns-2 gallery-size-large'><figure class='gallery-item'>\n\t\t\t<div class='gallery-icon landscape'>\n\t\t\t\t<a href='https:\/\/autofans.com.ar\/index.php\/2023\/03\/09\/honda-motor-de-argentina-celebra-45-anos-en-el-pais\/auto-honda\/'><img loading=\"lazy\" width=\"640\" height=\"427\" src=\"https:\/\/autofans.com.ar\/wp-content\/uploads\/2023\/03\/auto-honda.jpg\" class=\"attachment-large size-large\" alt=\"honda motor\" aria-describedby=\"gallery-1-630\" srcset=\"https:\/\/autofans.com.ar\/wp-content\/uploads\/2023\/03\/auto-honda.jpg 1000w, https:\/\/autofans.com.ar\/wp-content\/uploads\/2023\/03\/auto-honda-300x200.jpg 300w, https:\/\/autofans.com.ar\/wp-content\/uploads\/2023\/03\/auto-honda-768x512.jpg 768w\" sizes=\"auto, (max-width: 640px) 100vw, 640px\" loading=\"lazy\" decoding=\"async\" \/><\/a>\n\t\t\t<\/div>\n\t\t\t\t<figcaption class='wp-caption-text gallery-caption' id='gallery-1-630'>\n\t\t\t\tHonda ZR-V\n\t\t\t\t<\/figcaption><\/figure><figure class='gallery-item'>\n\t\t\t<div class='gallery-icon landscape'>\n\t\t\t\t<a href='https:\/\/autofans.com.ar\/index.php\/2023\/03\/09\/honda-motor-de-argentina-celebra-45-anos-en-el-pais\/xr250\/'><img loading=\"lazy\" width=\"640\" height=\"427\" src=\"https:\/\/autofans.com.ar\/wp-content\/uploads\/2023\/03\/xr250.jpg\" class=\"attachment-large size-large\" alt=\"honda xr250\" aria-describedby=\"gallery-1-634\" srcset=\"https:\/\/autofans.com.ar\/wp-content\/uploads\/2023\/03\/xr250.jpg 1000w, https:\/\/autofans.com.ar\/wp-content\/uploads\/2023\/03\/xr250-300x200.jpg 300w, https:\/\/autofans.com.ar\/wp-content\/uploads\/2023\/03\/xr250-768x512.jpg 768w\" sizes=\"auto, (max-width: 640px) 100vw, 640px\" loading=\"lazy\" decoding=\"async\" \/><\/a>\n\t\t\t<\/div>\n\t\t\t\t<figcaption class='wp-caption-text gallery-caption' id='gallery-1-634'>\n\t\t\t\tHonda XR250\n\t\t\t\t<\/figcaption><\/figure><figure class='gallery-item'>\n\t\t\t<div class='gallery-icon landscape'>\n\t\t\t\t<a href='https:\/\/autofans.com.ar\/index.php\/2023\/03\/09\/honda-motor-de-argentina-celebra-45-anos-en-el-pais\/african-twins\/'><img loading=\"lazy\" width=\"640\" height=\"427\" src=\"https:\/\/autofans.com.ar\/wp-content\/uploads\/2023\/03\/african-twins.jpg\" class=\"attachment-large size-large\" alt=\"honda African twins\" aria-describedby=\"gallery-1-635\" srcset=\"https:\/\/autofans.com.ar\/wp-content\/uploads\/2023\/03\/african-twins.jpg 1000w, https:\/\/autofans.com.ar\/wp-content\/uploads\/2023\/03\/african-twins-300x200.jpg 300w, https:\/\/autofans.com.ar\/wp-content\/uploads\/2023\/03\/african-twins-768x512.jpg 768w\" sizes=\"auto, (max-width: 640px) 100vw, 640px\" loading=\"lazy\" decoding=\"async\" \/><\/a>\n\t\t\t<\/div>\n\t\t\t\t<figcaption class='wp-caption-text gallery-caption' id='gallery-1-635'>\n\t\t\t\tHonda Africa-Twin\n\t\t\t\t<\/figcaption><\/figure><figure class='gallery-item'>\n\t\t\t<div class='gallery-icon landscape'>\n\t\t\t\t<a href='https:\/\/autofans.com.ar\/index.php\/2023\/03\/09\/honda-motor-de-argentina-celebra-45-anos-en-el-pais\/xr300\/'><img loading=\"lazy\" width=\"640\" height=\"427\" src=\"https:\/\/autofans.com.ar\/wp-content\/uploads\/2023\/03\/XR300.jpg\" class=\"attachment-large size-large\" alt=\"honda xr300\" aria-describedby=\"gallery-1-636\" srcset=\"https:\/\/autofans.com.ar\/wp-content\/uploads\/2023\/03\/XR300.jpg 1000w, https:\/\/autofans.com.ar\/wp-content\/uploads\/2023\/03\/XR300-300x200.jpg 300w, https:\/\/autofans.com.ar\/wp-content\/uploads\/2023\/03\/XR300-768x512.jpg 768w\" sizes=\"auto, (max-width: 640px) 100vw, 640px\" loading=\"lazy\" decoding=\"async\" \/><\/a>\n\t\t\t<\/div>\n\t\t\t\t<figcaption class='wp-caption-text gallery-caption' id='gallery-1-636'>\n\t\t\t\tHonda XRE300\n\t\t\t\t<\/figcaption><\/figure>\n\t\t<\/div>\n\n<p>En la linea de motocicletas, se exhibe la gama de modelos XR, junto con la renovada XR250 Tornado de producci\u00f3n nacional, la XRE300 y la emblem\u00e1tica Africa Twin. En cuanto a los autos, la gran novedad es la presentaci\u00f3n de la ZR-V, la nueva SUV mediana (C-SUV). Se importar\u00e1 desde M\u00e9xico y estar\u00e1 equipada con tecnolog\u00eda de punta y un gran equipamiento de seguridad.<\/p>\n<p>La divisi\u00f3n de productos de fuerza y marina tambi\u00e9n est\u00e1 presente con sus motores electr\u00f3nicos, estacionarios, motobombas, motoguada\u00f1as y generadores, entre otros productos. Adem\u00e1s, Honda exhibe sus productos a bater\u00eda, que pr\u00f3ximamente estar\u00e1n disponibles en sus concesionarios oficiales.<\/p>\n<p>Los visitantes tambi\u00e9n pueden disfrutar de pruebas din\u00e1micas de productos en la exposici\u00f3n y participar en actividades guiadas por los pilares de responsabilidad social de la compa\u00f1\u00eda: medio ambiente, comunidad, educaci\u00f3n y seguridad en el tr\u00e1nsito.<\/p>\n<p>&nbsp;<\/p>\n<p><img fetchpriority=\"high\" decoding=\"async\" class=\"aligncenter wp-image-629 size-full\" src=\"https:\/\/autofans.com.ar\/wp-content\/uploads\/2023\/03\/stand-2.jpg\" alt=\"honda motor\" width=\"1000\" height=\"667\" srcset=\"https:\/\/autofans.com.ar\/wp-content\/uploads\/2023\/03\/stand-2.jpg 1000w, https:\/\/autofans.com.ar\/wp-content\/uploads\/2023\/03\/stand-2-300x200.jpg 300w, https:\/\/autofans.com.ar\/wp-content\/uploads\/2023\/03\/stand-2-768x512.jpg 768w\" sizes=\"(max-width: 1000px) 100vw, 1000px\" \/><\/p>\n<p>Con su s\u00f3lido portfolio de productos y 45 a\u00f1os de presencia en Argentina, <a href=\"https:\/\/www.honda.com.ar\" target=\"_blank\" rel=\"noopener\">Honda Motor de Argentina<\/a> se destaca en la exposici\u00f3n m\u00e1s importante del sector.<\/p>\n<p>&nbsp;<\/p>\n<p><i>Para enterarte de m\u00e1s novedades, no dejes de leer\u00a0<\/i><a href=\"https:\/\/autofans.thebrandsoup.com\/\"><i>nuestras notas<\/i><\/a><i>, de ver<\/i><b><i>\u00a0<\/i><\/b><a href=\"https:\/\/www.youtube.com\/channel\/UCgAC8UGHZYbT6P7PpmVnP7g\"><b><i>AUTOFANS TV<\/i><\/b><\/a><b><i>\u00a0<\/i><\/b><i>en nuestro\u00a0canal de Youtube. Adem\u00e1s seguinos en\u00a0<\/i><a href=\"https:\/\/www.instagram.com\/autofanstv\/\"><i>INSTAGRAM<\/i><\/a><i> y <\/i><a href=\"https:\/\/www.facebook.com\/autofansmas\/\"><i>FACEBOOK<\/i><\/a><i> para no perderte nada sobre las novedades del segmento automotor de Argentina y el mundo.<\/i><\/p>\n","protected":false},"excerpt":{"rendered":"<p>Honda Motor de Argentina celebra su 45\u00ba aniversario en el pa\u00eds en ExpoAgro 2023, la&#8230;<\/p>\n","protected":false},"author":2,"featured_media":628,"comment_status":"closed","ping_status":"closed","sticky":false,"template":"","format":"standard","meta":{"footnotes":""},"categories":[3,16],"tags":[211,38,260,265,167,96,140,262,247,261,264,263],"class_list":["post-627","post","type-post","status-publish","format-standard","has-post-thumbnail","hentry","category-autos","category-noticias","tag-tecnologia","tag-argentina","tag-autos","tag-compromiso-local","tag-expoagro","tag-honda","tag-honda-argentina","tag-marina","tag-motocicletas","tag-productos-de-fuerza","tag-responsabilidad-social","tag-zr-v"],"yoast_head":"<!-- This site is optimized with the Yoast SEO plugin v27.5 - https:\/\/yoast.com\/product\/yoast-seo-wordpress\/ -->\n<title>Honda Motor de Argentina celebra 45 a\u00f1os en el pa\u00eds -<\/title>\n<meta name=\"description\" content=\"Honda Motor de Argentina celebra su 45\u00ba aniversario en el pa\u00eds en ExpoAgro 2023, la feria agroindustrial m\u00e1s grande de Argentina.\" \/>\n<meta name=\"robots\" content=\"index, follow, max-snippet:-1, max-image-preview:large, max-video-preview:-1\" \/>\n<link rel=\"canonical\" href=\"https:\/\/autofans.com.ar\/index.php\/2023\/03\/09\/honda-motor-de-argentina-celebra-45-anos-en-el-pais\/\" \/>\n<meta property=\"og:locale\" content=\"es_ES\" \/>\n<meta property=\"og:type\" content=\"article\" \/>\n<meta property=\"og:title\" content=\"Honda Motor de Argentina celebra 45 a\u00f1os en el pa\u00eds -\" \/>\n<meta property=\"og:description\" content=\"Honda Motor de Argentina celebra su 45\u00ba aniversario en el pa\u00eds en ExpoAgro 2023, la feria agroindustrial m\u00e1s grande de Argentina.\" \/>\n<meta property=\"og:url\" content=\"https:\/\/autofans.com.ar\/index.php\/2023\/03\/09\/honda-motor-de-argentina-celebra-45-anos-en-el-pais\/\" \/>\n<meta property=\"article:published_time\" content=\"2023-03-09T15:16:05+00:00\" \/>\n<meta property=\"article:modified_time\" content=\"2023-03-09T15:34:08+00:00\" \/>\n<meta property=\"og:image\" content=\"https:\/\/autofans.com.ar\/wp-content\/uploads\/2023\/03\/stand.jpg\" \/>\n\t<meta property=\"og:image:width\" content=\"1000\" \/>\n\t<meta property=\"og:image:height\" content=\"667\" \/>\n\t<meta property=\"og:image:type\" content=\"image\/jpeg\" \/>\n<meta name=\"author\" content=\"Alejandro Gabriel Rosito\" \/>\n<meta name=\"twitter:card\" content=\"summary_large_image\" \/>\n<meta name=\"twitter:label1\" content=\"Escrito por\" \/>\n\t<meta name=\"twitter:data1\" content=\"Alejandro Gabriel Rosito\" \/>\n\t<meta name=\"twitter:label2\" content=\"Tiempo de lectura\" \/>\n\t<meta name=\"twitter:data2\" content=\"2 minutos\" \/>\n<script type=\"application\/ld+json\" class=\"yoast-schema-graph\">{\"@context\":\"https:\\\/\\\/schema.org\",\"@graph\":[{\"@type\":\"Article\",\"@id\":\"https:\\\/\\\/autofans.com.ar\\\/index.php\\\/2023\\\/03\\\/09\\\/honda-motor-de-argentina-celebra-45-anos-en-el-pais\\\/#article\",\"isPartOf\":{\"@id\":\"https:\\\/\\\/autofans.com.ar\\\/index.php\\\/2023\\\/03\\\/09\\\/honda-motor-de-argentina-celebra-45-anos-en-el-pais\\\/\"},\"author\":{\"name\":\"Alejandro Gabriel Rosito\",\"@id\":\"https:\\\/\\\/autofans.com.ar\\\/#\\\/schema\\\/person\\\/4a8dda0b6df83ac3d6723e921274c2aa\"},\"headline\":\"Honda Motor de Argentina celebra 45 a\u00f1os en el pa\u00eds\",\"datePublished\":\"2023-03-09T15:16:05+00:00\",\"dateModified\":\"2023-03-09T15:34:08+00:00\",\"mainEntityOfPage\":{\"@id\":\"https:\\\/\\\/autofans.com.ar\\\/index.php\\\/2023\\\/03\\\/09\\\/honda-motor-de-argentina-celebra-45-anos-en-el-pais\\\/\"},\"wordCount\":289,\"image\":{\"@id\":\"https:\\\/\\\/autofans.com.ar\\\/index.php\\\/2023\\\/03\\\/09\\\/honda-motor-de-argentina-celebra-45-anos-en-el-pais\\\/#primaryimage\"},\"thumbnailUrl\":\"https:\\\/\\\/autofans.com.ar\\\/wp-content\\\/uploads\\\/2023\\\/03\\\/stand.jpg\",\"keywords\":[\"#tecnolog\u00eda\",\"Argentina\",\"autos\",\"compromiso local\",\"Expoagro\",\"Honda\",\"Honda Argentina\",\"marina\",\"motocicletas\",\"productos de fuerza\",\"responsabilidad social\",\"ZR-V\"],\"articleSection\":[\"AUTOS y SUV\",\"NOTICIAS\"],\"inLanguage\":\"es\"},{\"@type\":\"WebPage\",\"@id\":\"https:\\\/\\\/autofans.com.ar\\\/index.php\\\/2023\\\/03\\\/09\\\/honda-motor-de-argentina-celebra-45-anos-en-el-pais\\\/\",\"url\":\"https:\\\/\\\/autofans.com.ar\\\/index.php\\\/2023\\\/03\\\/09\\\/honda-motor-de-argentina-celebra-45-anos-en-el-pais\\\/\",\"name\":\"Honda Motor de Argentina celebra 45 a\u00f1os en el pa\u00eds -\",\"isPartOf\":{\"@id\":\"https:\\\/\\\/autofans.com.ar\\\/#website\"},\"primaryImageOfPage\":{\"@id\":\"https:\\\/\\\/autofans.com.ar\\\/index.php\\\/2023\\\/03\\\/09\\\/honda-motor-de-argentina-celebra-45-anos-en-el-pais\\\/#primaryimage\"},\"image\":{\"@id\":\"https:\\\/\\\/autofans.com.ar\\\/index.php\\\/2023\\\/03\\\/09\\\/honda-motor-de-argentina-celebra-45-anos-en-el-pais\\\/#primaryimage\"},\"thumbnailUrl\":\"https:\\\/\\\/autofans.com.ar\\\/wp-content\\\/uploads\\\/2023\\\/03\\\/stand.jpg\",\"datePublished\":\"2023-03-09T15:16:05+00:00\",\"dateModified\":\"2023-03-09T15:34:08+00:00\",\"author\":{\"@id\":\"https:\\\/\\\/autofans.com.ar\\\/#\\\/schema\\\/person\\\/4a8dda0b6df83ac3d6723e921274c2aa\"},\"description\":\"Honda Motor de Argentina celebra su 45\u00ba aniversario en el pa\u00eds en ExpoAgro 2023, la feria agroindustrial m\u00e1s grande de Argentina.\",\"breadcrumb\":{\"@id\":\"https:\\\/\\\/autofans.com.ar\\\/index.php\\\/2023\\\/03\\\/09\\\/honda-motor-de-argentina-celebra-45-anos-en-el-pais\\\/#breadcrumb\"},\"inLanguage\":\"es\",\"potentialAction\":[{\"@type\":\"ReadAction\",\"target\":[\"https:\\\/\\\/autofans.com.ar\\\/index.php\\\/2023\\\/03\\\/09\\\/honda-motor-de-argentina-celebra-45-anos-en-el-pais\\\/\"]}]},{\"@type\":\"ImageObject\",\"inLanguage\":\"es\",\"@id\":\"https:\\\/\\\/autofans.com.ar\\\/index.php\\\/2023\\\/03\\\/09\\\/honda-motor-de-argentina-celebra-45-anos-en-el-pais\\\/#primaryimage\",\"url\":\"https:\\\/\\\/autofans.com.ar\\\/wp-content\\\/uploads\\\/2023\\\/03\\\/stand.jpg\",\"contentUrl\":\"https:\\\/\\\/autofans.com.ar\\\/wp-content\\\/uploads\\\/2023\\\/03\\\/stand.jpg\",\"width\":1000,\"height\":667,\"caption\":\"honda motor\"},{\"@type\":\"BreadcrumbList\",\"@id\":\"https:\\\/\\\/autofans.com.ar\\\/index.php\\\/2023\\\/03\\\/09\\\/honda-motor-de-argentina-celebra-45-anos-en-el-pais\\\/#breadcrumb\",\"itemListElement\":[{\"@type\":\"ListItem\",\"position\":1,\"name\":\"Inicio\",\"item\":\"https:\\\/\\\/autofans.com.ar\\\/\"},{\"@type\":\"ListItem\",\"position\":2,\"name\":\"Honda Motor de Argentina celebra 45 a\u00f1os en el pa\u00eds\"}]},{\"@type\":\"WebSite\",\"@id\":\"https:\\\/\\\/autofans.com.ar\\\/#website\",\"url\":\"https:\\\/\\\/autofans.com.ar\\\/\",\"name\":\"\",\"description\":\"El multimedio referente de la industria automotriz\",\"potentialAction\":[{\"@type\":\"SearchAction\",\"target\":{\"@type\":\"EntryPoint\",\"urlTemplate\":\"https:\\\/\\\/autofans.com.ar\\\/?s={search_term_string}\"},\"query-input\":{\"@type\":\"PropertyValueSpecification\",\"valueRequired\":true,\"valueName\":\"search_term_string\"}}],\"inLanguage\":\"es\"},{\"@type\":\"Person\",\"@id\":\"https:\\\/\\\/autofans.com.ar\\\/#\\\/schema\\\/person\\\/4a8dda0b6df83ac3d6723e921274c2aa\",\"name\":\"Alejandro Gabriel Rosito\",\"image\":{\"@type\":\"ImageObject\",\"inLanguage\":\"es\",\"@id\":\"https:\\\/\\\/secure.gravatar.com\\\/avatar\\\/16c5dda1489adfc62618084dcbb91cffd879c374b13fe5dd8e44ed6733852c88?s=96&d=mm&r=g\",\"url\":\"https:\\\/\\\/secure.gravatar.com\\\/avatar\\\/16c5dda1489adfc62618084dcbb91cffd879c374b13fe5dd8e44ed6733852c88?s=96&d=mm&r=g\",\"contentUrl\":\"https:\\\/\\\/secure.gravatar.com\\\/avatar\\\/16c5dda1489adfc62618084dcbb91cffd879c374b13fe5dd8e44ed6733852c88?s=96&d=mm&r=g\",\"caption\":\"Alejandro Gabriel Rosito\"},\"url\":\"https:\\\/\\\/autofans.com.ar\\\/index.php\\\/author\\\/gabrielr\\\/\"}]}<\/script>\n<!-- \/ Yoast SEO plugin. -->","yoast_head_json":{"title":"Honda Motor de Argentina celebra 45 a\u00f1os en el pa\u00eds -","description":"Honda Motor de Argentina celebra su 45\u00ba aniversario en el pa\u00eds en ExpoAgro 2023, la feria agroindustrial m\u00e1s grande de Argentina.","robots":{"index":"index","follow":"follow","max-snippet":"max-snippet:-1","max-image-preview":"max-image-preview:large","max-video-preview":"max-video-preview:-1"},"canonical":"https:\/\/autofans.com.ar\/index.php\/2023\/03\/09\/honda-motor-de-argentina-celebra-45-anos-en-el-pais\/","og_locale":"es_ES","og_type":"article","og_title":"Honda Motor de Argentina celebra 45 a\u00f1os en el pa\u00eds -","og_description":"Honda Motor de Argentina celebra su 45\u00ba aniversario en el pa\u00eds en ExpoAgro 2023, la feria agroindustrial m\u00e1s grande de Argentina.","og_url":"https:\/\/autofans.com.ar\/index.php\/2023\/03\/09\/honda-motor-de-argentina-celebra-45-anos-en-el-pais\/","article_published_time":"2023-03-09T15:16:05+00:00","article_modified_time":"2023-03-09T15:34:08+00:00","og_image":[{"width":1000,"height":667,"url":"https:\/\/autofans.com.ar\/wp-content\/uploads\/2023\/03\/stand.jpg","type":"image\/jpeg"}],"author":"Alejandro Gabriel Rosito","twitter_card":"summary_large_image","twitter_misc":{"Escrito por":"Alejandro Gabriel Rosito","Tiempo de lectura":"2 minutos"},"schema":{"@context":"https:\/\/schema.org","@graph":[{"@type":"Article","@id":"https:\/\/autofans.com.ar\/index.php\/2023\/03\/09\/honda-motor-de-argentina-celebra-45-anos-en-el-pais\/#article","isPartOf":{"@id":"https:\/\/autofans.com.ar\/index.php\/2023\/03\/09\/honda-motor-de-argentina-celebra-45-anos-en-el-pais\/"},"author":{"name":"Alejandro Gabriel Rosito","@id":"https:\/\/autofans.com.ar\/#\/schema\/person\/4a8dda0b6df83ac3d6723e921274c2aa"},"headline":"Honda Motor de Argentina celebra 45 a\u00f1os en el pa\u00eds","datePublished":"2023-03-09T15:16:05+00:00","dateModified":"2023-03-09T15:34:08+00:00","mainEntityOfPage":{"@id":"https:\/\/autofans.com.ar\/index.php\/2023\/03\/09\/honda-motor-de-argentina-celebra-45-anos-en-el-pais\/"},"wordCount":289,"image":{"@id":"https:\/\/autofans.com.ar\/index.php\/2023\/03\/09\/honda-motor-de-argentina-celebra-45-anos-en-el-pais\/#primaryimage"},"thumbnailUrl":"https:\/\/autofans.com.ar\/wp-content\/uploads\/2023\/03\/stand.jpg","keywords":["#tecnolog\u00eda","Argentina","autos","compromiso local","Expoagro","Honda","Honda Argentina","marina","motocicletas","productos de fuerza","responsabilidad social","ZR-V"],"articleSection":["AUTOS y SUV","NOTICIAS"],"inLanguage":"es"},{"@type":"WebPage","@id":"https:\/\/autofans.com.ar\/index.php\/2023\/03\/09\/honda-motor-de-argentina-celebra-45-anos-en-el-pais\/","url":"https:\/\/autofans.com.ar\/index.php\/2023\/03\/09\/honda-motor-de-argentina-celebra-45-anos-en-el-pais\/","name":"Honda Motor de Argentina celebra 45 a\u00f1os en el pa\u00eds -","isPartOf":{"@id":"https:\/\/autofans.com.ar\/#website"},"primaryImageOfPage":{"@id":"https:\/\/autofans.com.ar\/index.php\/2023\/03\/09\/honda-motor-de-argentina-celebra-45-anos-en-el-pais\/#primaryimage"},"image":{"@id":"https:\/\/autofans.com.ar\/index.php\/2023\/03\/09\/honda-motor-de-argentina-celebra-45-anos-en-el-pais\/#primaryimage"},"thumbnailUrl":"https:\/\/autofans.com.ar\/wp-content\/uploads\/2023\/03\/stand.jpg","datePublished":"2023-03-09T15:16:05+00:00","dateModified":"2023-03-09T15:34:08+00:00","author":{"@id":"https:\/\/autofans.com.ar\/#\/schema\/person\/4a8dda0b6df83ac3d6723e921274c2aa"},"description":"Honda Motor de Argentina celebra su 45\u00ba aniversario en el pa\u00eds en ExpoAgro 2023, la feria agroindustrial m\u00e1s grande de Argentina.","breadcrumb":{"@id":"https:\/\/autofans.com.ar\/index.php\/2023\/03\/09\/honda-motor-de-argentina-celebra-45-anos-en-el-pais\/#breadcrumb"},"inLanguage":"es","potentialAction":[{"@type":"ReadAction","target":["https:\/\/autofans.com.ar\/index.php\/2023\/03\/09\/honda-motor-de-argentina-celebra-45-anos-en-el-pais\/"]}]},{"@type":"ImageObject","inLanguage":"es","@id":"https:\/\/autofans.com.ar\/index.php\/2023\/03\/09\/honda-motor-de-argentina-celebra-45-anos-en-el-pais\/#primaryimage","url":"https:\/\/autofans.com.ar\/wp-content\/uploads\/2023\/03\/stand.jpg","contentUrl":"https:\/\/autofans.com.ar\/wp-content\/uploads\/2023\/03\/stand.jpg","width":1000,"height":667,"caption":"honda motor"},{"@type":"BreadcrumbList","@id":"https:\/\/autofans.com.ar\/index.php\/2023\/03\/09\/honda-motor-de-argentina-celebra-45-anos-en-el-pais\/#breadcrumb","itemListElement":[{"@type":"ListItem","position":1,"name":"Inicio","item":"https:\/\/autofans.com.ar\/"},{"@type":"ListItem","position":2,"name":"Honda Motor de Argentina celebra 45 a\u00f1os en el pa\u00eds"}]},{"@type":"WebSite","@id":"https:\/\/autofans.com.ar\/#website","url":"https:\/\/autofans.com.ar\/","name":"","description":"El multimedio referente de la industria automotriz","potentialAction":[{"@type":"SearchAction","target":{"@type":"EntryPoint","urlTemplate":"https:\/\/autofans.com.ar\/?s={search_term_string}"},"query-input":{"@type":"PropertyValueSpecification","valueRequired":true,"valueName":"search_term_string"}}],"inLanguage":"es"},{"@type":"Person","@id":"https:\/\/autofans.com.ar\/#\/schema\/person\/4a8dda0b6df83ac3d6723e921274c2aa","name":"Alejandro Gabriel Rosito","image":{"@type":"ImageObject","inLanguage":"es","@id":"https:\/\/secure.gravatar.com\/avatar\/16c5dda1489adfc62618084dcbb91cffd879c374b13fe5dd8e44ed6733852c88?s=96&d=mm&r=g","url":"https:\/\/secure.gravatar.com\/avatar\/16c5dda1489adfc62618084dcbb91cffd879c374b13fe5dd8e44ed6733852c88?s=96&d=mm&r=g","contentUrl":"https:\/\/secure.gravatar.com\/avatar\/16c5dda1489adfc62618084dcbb91cffd879c374b13fe5dd8e44ed6733852c88?s=96&d=mm&r=g","caption":"Alejandro Gabriel Rosito"},"url":"https:\/\/autofans.com.ar\/index.php\/author\/gabrielr\/"}]}},"featured_image_urls":{"full":["https:\/\/autofans.com.ar\/wp-content\/uploads\/2023\/03\/stand.jpg",1000,667,false],"thumbnail":["https:\/\/autofans.com.ar\/wp-content\/uploads\/2023\/03\/stand-150x150.jpg",150,150,true],"medium":["https:\/\/autofans.com.ar\/wp-content\/uploads\/2023\/03\/stand-300x200.jpg",300,200,true],"medium_large":["https:\/\/autofans.com.ar\/wp-content\/uploads\/2023\/03\/stand-768x512.jpg",640,427,true],"large":["https:\/\/autofans.com.ar\/wp-content\/uploads\/2023\/03\/stand.jpg",640,427,false],"1536x1536":["https:\/\/autofans.com.ar\/wp-content\/uploads\/2023\/03\/stand.jpg",1000,667,false],"2048x2048":["https:\/\/autofans.com.ar\/wp-content\/uploads\/2023\/03\/stand.jpg",1000,667,false],"covernews-featured":["https:\/\/autofans.com.ar\/wp-content\/uploads\/2023\/03\/stand.jpg",1000,667,false],"covernews-medium":["https:\/\/autofans.com.ar\/wp-content\/uploads\/2023\/03\/stand-540x340.jpg",540,340,true]},"author_info":{"display_name":"Alejandro Gabriel Rosito","author_link":"https:\/\/autofans.com.ar\/index.php\/author\/gabrielr\/"},"category_info":"<a href=\"https:\/\/autofans.com.ar\/index.php\/category\/noticias\/autos\/\" rel=\"category tag\">AUTOS y SUV<\/a> <a href=\"https:\/\/autofans.com.ar\/index.php\/category\/noticias\/\" rel=\"category tag\">NOTICIAS<\/a>","tag_info":"NOTICIAS","comment_count":0,"_links":{"self":[{"href":"https:\/\/autofans.com.ar\/index.php\/wp-json\/wp\/v2\/posts\/627","targetHints":{"allow":["GET"]}}],"collection":[{"href":"https:\/\/autofans.com.ar\/index.php\/wp-json\/wp\/v2\/posts"}],"about":[{"href":"https:\/\/autofans.com.ar\/index.php\/wp-json\/wp\/v2\/types\/post"}],"author":[{"embeddable":true,"href":"https:\/\/autofans.com.ar\/index.php\/wp-json\/wp\/v2\/users\/2"}],"replies":[{"embeddable":true,"href":"https:\/\/autofans.com.ar\/index.php\/wp-json\/wp\/v2\/comments?post=627"}],"version-history":[{"count":7,"href":"https:\/\/autofans.com.ar\/index.php\/wp-json\/wp\/v2\/posts\/627\/revisions"}],"predecessor-version":[{"id":642,"href":"https:\/\/autofans.com.ar\/index.php\/wp-json\/wp\/v2\/posts\/627\/revisions\/642"}],"wp:featuredmedia":[{"embeddable":true,"href":"https:\/\/autofans.com.ar\/index.php\/wp-json\/wp\/v2\/media\/628"}],"wp:attachment":[{"href":"https:\/\/autofans.com.ar\/index.php\/wp-json\/wp\/v2\/media?parent=627"}],"wp:term":[{"taxonomy":"category","embeddable":true,"href":"https:\/\/autofans.com.ar\/index.php\/wp-json\/wp\/v2\/categories?post=627"},{"taxonomy":"post_tag","embeddable":true,"href":"https:\/\/autofans.com.ar\/index.php\/wp-json\/wp\/v2\/tags?post=627"}],"curies":[{"name":"wp","href":"https:\/\/api.w.org\/{rel}","templated":true}]}}