{"id":6286,"date":"2024-01-09T21:32:38","date_gmt":"2024-01-10T00:32:38","guid":{"rendered":"https:\/\/autofans.com.ar\/?p=6286"},"modified":"2024-01-09T21:32:38","modified_gmt":"2024-01-10T00:32:38","slug":"martin-idiarte-nuevo-lider-en-capa","status":"publish","type":"post","link":"https:\/\/autofans.com.ar\/index.php\/2024\/01\/09\/martin-idiarte-nuevo-lider-en-capa\/","title":{"rendered":"Mart\u00edn Idiarte nuevo l\u00edder en CAPA"},"content":{"rendered":"<p>La C\u00e1mara de Ahorro Previo Automotores (CAPA) vivir\u00e1 una nueva etapa con la designaci\u00f3n de Mart\u00edn Idiarte como su presidente para el per\u00edodo 2023-2024. Idiarte, quien ya preside Mercedes-Benz Plan de Ahorro, sucede en el cargo a Daniel Herrero, presidente de Toyota Plan Argentina.<\/p>\n<p>&nbsp;<\/p>\n<h2>Nueva directiva de CAPA<\/h2>\n<p>La comisi\u00f3n directiva que acompa\u00f1ar\u00e1 a Idiarte est\u00e1 integrada por destacados representantes de las administradoras de planes de ahorro vinculadas a las terminales automotrices. Daniel Herrero (Toyota Plan Argentina S.A.), asume como Vice-Presidente, Santiago Mateo (FCA S.A.) como secretario, Cecilia Anello (Plan Ovalo S.A.) como tesorero, y Andr\u00e9s Carfagna (Chevrolet S.A.), Gabriela A. Rovere (Nissan Argentina Plan S.A.), y Ramiro de la Fuente (C\u00edrculo de Inversores S.A.U.) como vocales. Facundo Fatta (Plan Rombo S.A.) y Juan C. Bassi (Volkswagen S.A.) completan la Comisi\u00f3n Directiva en calidad de Revisores de Cuentas.<\/p>\n<p>&nbsp;<\/p>\n<p><img fetchpriority=\"high\" decoding=\"async\" class=\"aligncenter wp-image-6288 size-full\" src=\"https:\/\/autofans.com.ar\/wp-content\/uploads\/2024\/01\/foto-1-11.jpg\" alt=\"CAPA\" width=\"1000\" height=\"667\" srcset=\"https:\/\/autofans.com.ar\/wp-content\/uploads\/2024\/01\/foto-1-11.jpg 1000w, https:\/\/autofans.com.ar\/wp-content\/uploads\/2024\/01\/foto-1-11-300x200.jpg 300w, https:\/\/autofans.com.ar\/wp-content\/uploads\/2024\/01\/foto-1-11-768x512.jpg 768w\" sizes=\"(max-width: 1000px) 100vw, 1000px\" \/><\/p>\n<p>&nbsp;<\/p>\n<p>Mart\u00edn Idiarte, al frente de Mercedes-Benz Plan de Ahorro desde 2019, ha desempe\u00f1ado diversos roles en la Comisi\u00f3n Directiva de la CAPA desde su ingreso en 2019. Ingeniero Industrial egresado de la Universidad Tecnol\u00f3gica Nacional, Idiarte cuenta con un Master en Ingenier\u00eda en Calidad y se gradu\u00f3 con honores en el Master en Administraci\u00f3n y Gesti\u00f3n de Empresas en el IAE. Su trayectoria en el Grupo Mercedes-Benz se remonta a 2005.<\/p>\n<p>&nbsp;<\/p>\n<p>&nbsp;<\/p>\n<p><i>Para enterarte de m\u00e1s novedades, no dejes de leer\u00a0<\/i><a href=\"https:\/\/autofans.thebrandsoup.com\/\"><i>nuestras notas<\/i><\/a><i>, de ver<\/i><b><i>\u00a0<\/i><\/b><a href=\"https:\/\/www.youtube.com\/channel\/UCgAC8UGHZYbT6P7PpmVnP7g\"><b><i>AUTOFANS TV<\/i><\/b><\/a><b><i>\u00a0<\/i><\/b><i>en nuestro\u00a0canal de Youtube. Adem\u00e1s seguinos en\u00a0<\/i><a href=\"https:\/\/www.instagram.com\/autofanstv\/\"><i>INSTAGRAM<\/i><\/a><i> y <\/i><a href=\"https:\/\/www.facebook.com\/autofansmas\/\"><i>FACEBOOK<\/i><\/a><i> para no perderte nada sobre las novedades del segmento automotor de Argentina y el mundo.<\/i><\/p>\n","protected":false},"excerpt":{"rendered":"<p>La C\u00e1mara de Ahorro Previo Automotores (CAPA) vivir\u00e1 una nueva etapa con la designaci\u00f3n de&#8230;<\/p>\n","protected":false},"author":2,"featured_media":6287,"comment_status":"closed","ping_status":"closed","sticky":false,"template":"","format":"standard","meta":{"footnotes":""},"categories":[292,16],"tags":[3312,3310,3311,364,3313,3314],"class_list":["post-6286","post","type-post","status-publish","format-standard","has-post-thumbnail","hentry","category-empresas","category-noticias","tag-cambio-de-autoridades","tag-capa","tag-martin-idiarte","tag-mercedes-benz","tag-planes-de-ahorro","tag-terminales-automotrices"],"yoast_head":"<!-- This site is optimized with the Yoast SEO plugin v27.5 - https:\/\/yoast.com\/product\/yoast-seo-wordpress\/ -->\n<title>Mart\u00edn Idiarte nuevo l\u00edder en CAPA -<\/title>\n<meta name=\"description\" content=\"La C\u00e1mara de Ahorro Previo Automotores (CAPA) vivir\u00e1 una nueva etapa con la designaci\u00f3n de Mart\u00edn Idiarte como su presidente...\" \/>\n<meta name=\"robots\" content=\"index, follow, max-snippet:-1, max-image-preview:large, max-video-preview:-1\" \/>\n<link rel=\"canonical\" href=\"https:\/\/autofans.com.ar\/index.php\/2024\/01\/09\/martin-idiarte-nuevo-lider-en-capa\/\" \/>\n<meta property=\"og:locale\" content=\"es_ES\" \/>\n<meta property=\"og:type\" content=\"article\" \/>\n<meta property=\"og:title\" content=\"Mart\u00edn Idiarte nuevo l\u00edder en CAPA -\" \/>\n<meta property=\"og:description\" content=\"La C\u00e1mara de Ahorro Previo Automotores (CAPA) vivir\u00e1 una nueva etapa con la designaci\u00f3n de Mart\u00edn Idiarte como su presidente...\" \/>\n<meta property=\"og:url\" content=\"https:\/\/autofans.com.ar\/index.php\/2024\/01\/09\/martin-idiarte-nuevo-lider-en-capa\/\" \/>\n<meta property=\"article:published_time\" content=\"2024-01-10T00:32:38+00:00\" \/>\n<meta property=\"og:image\" content=\"https:\/\/autofans.com.ar\/wp-content\/uploads\/2024\/01\/foto-2-11.jpg\" \/>\n\t<meta property=\"og:image:width\" content=\"640\" \/>\n\t<meta property=\"og:image:height\" content=\"427\" \/>\n\t<meta property=\"og:image:type\" content=\"image\/jpeg\" \/>\n<meta name=\"author\" content=\"Alejandro Gabriel Rosito\" \/>\n<meta name=\"twitter:card\" content=\"summary_large_image\" \/>\n<meta name=\"twitter:label1\" content=\"Escrito por\" \/>\n\t<meta name=\"twitter:data1\" content=\"Alejandro Gabriel Rosito\" \/>\n\t<meta name=\"twitter:label2\" content=\"Tiempo de lectura\" \/>\n\t<meta name=\"twitter:data2\" content=\"2 minutos\" \/>\n<script type=\"application\/ld+json\" class=\"yoast-schema-graph\">{\"@context\":\"https:\\\/\\\/schema.org\",\"@graph\":[{\"@type\":\"Article\",\"@id\":\"https:\\\/\\\/autofans.com.ar\\\/index.php\\\/2024\\\/01\\\/09\\\/martin-idiarte-nuevo-lider-en-capa\\\/#article\",\"isPartOf\":{\"@id\":\"https:\\\/\\\/autofans.com.ar\\\/index.php\\\/2024\\\/01\\\/09\\\/martin-idiarte-nuevo-lider-en-capa\\\/\"},\"author\":{\"name\":\"Alejandro Gabriel Rosito\",\"@id\":\"https:\\\/\\\/autofans.com.ar\\\/#\\\/schema\\\/person\\\/4a8dda0b6df83ac3d6723e921274c2aa\"},\"headline\":\"Mart\u00edn Idiarte nuevo l\u00edder en CAPA\",\"datePublished\":\"2024-01-10T00:32:38+00:00\",\"mainEntityOfPage\":{\"@id\":\"https:\\\/\\\/autofans.com.ar\\\/index.php\\\/2024\\\/01\\\/09\\\/martin-idiarte-nuevo-lider-en-capa\\\/\"},\"wordCount\":287,\"image\":{\"@id\":\"https:\\\/\\\/autofans.com.ar\\\/index.php\\\/2024\\\/01\\\/09\\\/martin-idiarte-nuevo-lider-en-capa\\\/#primaryimage\"},\"thumbnailUrl\":\"https:\\\/\\\/autofans.com.ar\\\/wp-content\\\/uploads\\\/2024\\\/01\\\/foto-2-11.jpg\",\"keywords\":[\"cambio de autoridades\",\"CAPA\",\"Mart\u00edn Idiarte\",\"Mercedes-Benz\",\"planes de ahorro\",\"terminales automotrices\"],\"articleSection\":[\"EMPRESAS\",\"NOTICIAS\"],\"inLanguage\":\"es\"},{\"@type\":\"WebPage\",\"@id\":\"https:\\\/\\\/autofans.com.ar\\\/index.php\\\/2024\\\/01\\\/09\\\/martin-idiarte-nuevo-lider-en-capa\\\/\",\"url\":\"https:\\\/\\\/autofans.com.ar\\\/index.php\\\/2024\\\/01\\\/09\\\/martin-idiarte-nuevo-lider-en-capa\\\/\",\"name\":\"Mart\u00edn Idiarte nuevo l\u00edder en CAPA -\",\"isPartOf\":{\"@id\":\"https:\\\/\\\/autofans.com.ar\\\/#website\"},\"primaryImageOfPage\":{\"@id\":\"https:\\\/\\\/autofans.com.ar\\\/index.php\\\/2024\\\/01\\\/09\\\/martin-idiarte-nuevo-lider-en-capa\\\/#primaryimage\"},\"image\":{\"@id\":\"https:\\\/\\\/autofans.com.ar\\\/index.php\\\/2024\\\/01\\\/09\\\/martin-idiarte-nuevo-lider-en-capa\\\/#primaryimage\"},\"thumbnailUrl\":\"https:\\\/\\\/autofans.com.ar\\\/wp-content\\\/uploads\\\/2024\\\/01\\\/foto-2-11.jpg\",\"datePublished\":\"2024-01-10T00:32:38+00:00\",\"author\":{\"@id\":\"https:\\\/\\\/autofans.com.ar\\\/#\\\/schema\\\/person\\\/4a8dda0b6df83ac3d6723e921274c2aa\"},\"description\":\"La C\u00e1mara de Ahorro Previo Automotores (CAPA) vivir\u00e1 una nueva etapa con la designaci\u00f3n de Mart\u00edn Idiarte como su presidente...\",\"breadcrumb\":{\"@id\":\"https:\\\/\\\/autofans.com.ar\\\/index.php\\\/2024\\\/01\\\/09\\\/martin-idiarte-nuevo-lider-en-capa\\\/#breadcrumb\"},\"inLanguage\":\"es\",\"potentialAction\":[{\"@type\":\"ReadAction\",\"target\":[\"https:\\\/\\\/autofans.com.ar\\\/index.php\\\/2024\\\/01\\\/09\\\/martin-idiarte-nuevo-lider-en-capa\\\/\"]}]},{\"@type\":\"ImageObject\",\"inLanguage\":\"es\",\"@id\":\"https:\\\/\\\/autofans.com.ar\\\/index.php\\\/2024\\\/01\\\/09\\\/martin-idiarte-nuevo-lider-en-capa\\\/#primaryimage\",\"url\":\"https:\\\/\\\/autofans.com.ar\\\/wp-content\\\/uploads\\\/2024\\\/01\\\/foto-2-11.jpg\",\"contentUrl\":\"https:\\\/\\\/autofans.com.ar\\\/wp-content\\\/uploads\\\/2024\\\/01\\\/foto-2-11.jpg\",\"width\":1000,\"height\":667,\"caption\":\"CAPA\"},{\"@type\":\"BreadcrumbList\",\"@id\":\"https:\\\/\\\/autofans.com.ar\\\/index.php\\\/2024\\\/01\\\/09\\\/martin-idiarte-nuevo-lider-en-capa\\\/#breadcrumb\",\"itemListElement\":[{\"@type\":\"ListItem\",\"position\":1,\"name\":\"Inicio\",\"item\":\"https:\\\/\\\/autofans.com.ar\\\/\"},{\"@type\":\"ListItem\",\"position\":2,\"name\":\"Mart\u00edn Idiarte nuevo l\u00edder en CAPA\"}]},{\"@type\":\"WebSite\",\"@id\":\"https:\\\/\\\/autofans.com.ar\\\/#website\",\"url\":\"https:\\\/\\\/autofans.com.ar\\\/\",\"name\":\"\",\"description\":\"El multimedio referente de la industria automotriz\",\"potentialAction\":[{\"@type\":\"SearchAction\",\"target\":{\"@type\":\"EntryPoint\",\"urlTemplate\":\"https:\\\/\\\/autofans.com.ar\\\/?s={search_term_string}\"},\"query-input\":{\"@type\":\"PropertyValueSpecification\",\"valueRequired\":true,\"valueName\":\"search_term_string\"}}],\"inLanguage\":\"es\"},{\"@type\":\"Person\",\"@id\":\"https:\\\/\\\/autofans.com.ar\\\/#\\\/schema\\\/person\\\/4a8dda0b6df83ac3d6723e921274c2aa\",\"name\":\"Alejandro Gabriel Rosito\",\"image\":{\"@type\":\"ImageObject\",\"inLanguage\":\"es\",\"@id\":\"https:\\\/\\\/secure.gravatar.com\\\/avatar\\\/16c5dda1489adfc62618084dcbb91cffd879c374b13fe5dd8e44ed6733852c88?s=96&d=mm&r=g\",\"url\":\"https:\\\/\\\/secure.gravatar.com\\\/avatar\\\/16c5dda1489adfc62618084dcbb91cffd879c374b13fe5dd8e44ed6733852c88?s=96&d=mm&r=g\",\"contentUrl\":\"https:\\\/\\\/secure.gravatar.com\\\/avatar\\\/16c5dda1489adfc62618084dcbb91cffd879c374b13fe5dd8e44ed6733852c88?s=96&d=mm&r=g\",\"caption\":\"Alejandro Gabriel Rosito\"},\"url\":\"https:\\\/\\\/autofans.com.ar\\\/index.php\\\/author\\\/gabrielr\\\/\"}]}<\/script>\n<!-- \/ Yoast SEO plugin. -->","yoast_head_json":{"title":"Mart\u00edn Idiarte nuevo l\u00edder en CAPA -","description":"La C\u00e1mara de Ahorro Previo Automotores (CAPA) vivir\u00e1 una nueva etapa con la designaci\u00f3n de Mart\u00edn Idiarte como su presidente...","robots":{"index":"index","follow":"follow","max-snippet":"max-snippet:-1","max-image-preview":"max-image-preview:large","max-video-preview":"max-video-preview:-1"},"canonical":"https:\/\/autofans.com.ar\/index.php\/2024\/01\/09\/martin-idiarte-nuevo-lider-en-capa\/","og_locale":"es_ES","og_type":"article","og_title":"Mart\u00edn Idiarte nuevo l\u00edder en CAPA -","og_description":"La C\u00e1mara de Ahorro Previo Automotores (CAPA) vivir\u00e1 una nueva etapa con la designaci\u00f3n de Mart\u00edn Idiarte como su presidente...","og_url":"https:\/\/autofans.com.ar\/index.php\/2024\/01\/09\/martin-idiarte-nuevo-lider-en-capa\/","article_published_time":"2024-01-10T00:32:38+00:00","og_image":[{"url":"https:\/\/autofans.com.ar\/wp-content\/uploads\/2024\/01\/foto-2-11.jpg","width":640,"height":427,"type":"image\/jpeg"}],"author":"Alejandro Gabriel Rosito","twitter_card":"summary_large_image","twitter_misc":{"Escrito por":"Alejandro Gabriel Rosito","Tiempo de lectura":"2 minutos"},"schema":{"@context":"https:\/\/schema.org","@graph":[{"@type":"Article","@id":"https:\/\/autofans.com.ar\/index.php\/2024\/01\/09\/martin-idiarte-nuevo-lider-en-capa\/#article","isPartOf":{"@id":"https:\/\/autofans.com.ar\/index.php\/2024\/01\/09\/martin-idiarte-nuevo-lider-en-capa\/"},"author":{"name":"Alejandro Gabriel Rosito","@id":"https:\/\/autofans.com.ar\/#\/schema\/person\/4a8dda0b6df83ac3d6723e921274c2aa"},"headline":"Mart\u00edn Idiarte nuevo l\u00edder en CAPA","datePublished":"2024-01-10T00:32:38+00:00","mainEntityOfPage":{"@id":"https:\/\/autofans.com.ar\/index.php\/2024\/01\/09\/martin-idiarte-nuevo-lider-en-capa\/"},"wordCount":287,"image":{"@id":"https:\/\/autofans.com.ar\/index.php\/2024\/01\/09\/martin-idiarte-nuevo-lider-en-capa\/#primaryimage"},"thumbnailUrl":"https:\/\/autofans.com.ar\/wp-content\/uploads\/2024\/01\/foto-2-11.jpg","keywords":["cambio de autoridades","CAPA","Mart\u00edn Idiarte","Mercedes-Benz","planes de ahorro","terminales automotrices"],"articleSection":["EMPRESAS","NOTICIAS"],"inLanguage":"es"},{"@type":"WebPage","@id":"https:\/\/autofans.com.ar\/index.php\/2024\/01\/09\/martin-idiarte-nuevo-lider-en-capa\/","url":"https:\/\/autofans.com.ar\/index.php\/2024\/01\/09\/martin-idiarte-nuevo-lider-en-capa\/","name":"Mart\u00edn Idiarte nuevo l\u00edder en CAPA -","isPartOf":{"@id":"https:\/\/autofans.com.ar\/#website"},"primaryImageOfPage":{"@id":"https:\/\/autofans.com.ar\/index.php\/2024\/01\/09\/martin-idiarte-nuevo-lider-en-capa\/#primaryimage"},"image":{"@id":"https:\/\/autofans.com.ar\/index.php\/2024\/01\/09\/martin-idiarte-nuevo-lider-en-capa\/#primaryimage"},"thumbnailUrl":"https:\/\/autofans.com.ar\/wp-content\/uploads\/2024\/01\/foto-2-11.jpg","datePublished":"2024-01-10T00:32:38+00:00","author":{"@id":"https:\/\/autofans.com.ar\/#\/schema\/person\/4a8dda0b6df83ac3d6723e921274c2aa"},"description":"La C\u00e1mara de Ahorro Previo Automotores (CAPA) vivir\u00e1 una nueva etapa con la designaci\u00f3n de Mart\u00edn Idiarte como su presidente...","breadcrumb":{"@id":"https:\/\/autofans.com.ar\/index.php\/2024\/01\/09\/martin-idiarte-nuevo-lider-en-capa\/#breadcrumb"},"inLanguage":"es","potentialAction":[{"@type":"ReadAction","target":["https:\/\/autofans.com.ar\/index.php\/2024\/01\/09\/martin-idiarte-nuevo-lider-en-capa\/"]}]},{"@type":"ImageObject","inLanguage":"es","@id":"https:\/\/autofans.com.ar\/index.php\/2024\/01\/09\/martin-idiarte-nuevo-lider-en-capa\/#primaryimage","url":"https:\/\/autofans.com.ar\/wp-content\/uploads\/2024\/01\/foto-2-11.jpg","contentUrl":"https:\/\/autofans.com.ar\/wp-content\/uploads\/2024\/01\/foto-2-11.jpg","width":1000,"height":667,"caption":"CAPA"},{"@type":"BreadcrumbList","@id":"https:\/\/autofans.com.ar\/index.php\/2024\/01\/09\/martin-idiarte-nuevo-lider-en-capa\/#breadcrumb","itemListElement":[{"@type":"ListItem","position":1,"name":"Inicio","item":"https:\/\/autofans.com.ar\/"},{"@type":"ListItem","position":2,"name":"Mart\u00edn Idiarte nuevo l\u00edder en CAPA"}]},{"@type":"WebSite","@id":"https:\/\/autofans.com.ar\/#website","url":"https:\/\/autofans.com.ar\/","name":"","description":"El multimedio referente de la industria automotriz","potentialAction":[{"@type":"SearchAction","target":{"@type":"EntryPoint","urlTemplate":"https:\/\/autofans.com.ar\/?s={search_term_string}"},"query-input":{"@type":"PropertyValueSpecification","valueRequired":true,"valueName":"search_term_string"}}],"inLanguage":"es"},{"@type":"Person","@id":"https:\/\/autofans.com.ar\/#\/schema\/person\/4a8dda0b6df83ac3d6723e921274c2aa","name":"Alejandro Gabriel Rosito","image":{"@type":"ImageObject","inLanguage":"es","@id":"https:\/\/secure.gravatar.com\/avatar\/16c5dda1489adfc62618084dcbb91cffd879c374b13fe5dd8e44ed6733852c88?s=96&d=mm&r=g","url":"https:\/\/secure.gravatar.com\/avatar\/16c5dda1489adfc62618084dcbb91cffd879c374b13fe5dd8e44ed6733852c88?s=96&d=mm&r=g","contentUrl":"https:\/\/secure.gravatar.com\/avatar\/16c5dda1489adfc62618084dcbb91cffd879c374b13fe5dd8e44ed6733852c88?s=96&d=mm&r=g","caption":"Alejandro Gabriel Rosito"},"url":"https:\/\/autofans.com.ar\/index.php\/author\/gabrielr\/"}]}},"featured_image_urls":{"full":["https:\/\/autofans.com.ar\/wp-content\/uploads\/2024\/01\/foto-2-11.jpg",1000,667,false],"thumbnail":["https:\/\/autofans.com.ar\/wp-content\/uploads\/2024\/01\/foto-2-11-150x150.jpg",150,150,true],"medium":["https:\/\/autofans.com.ar\/wp-content\/uploads\/2024\/01\/foto-2-11-300x200.jpg",300,200,true],"medium_large":["https:\/\/autofans.com.ar\/wp-content\/uploads\/2024\/01\/foto-2-11-768x512.jpg",640,427,true],"large":["https:\/\/autofans.com.ar\/wp-content\/uploads\/2024\/01\/foto-2-11.jpg",640,427,false],"1536x1536":["https:\/\/autofans.com.ar\/wp-content\/uploads\/2024\/01\/foto-2-11.jpg",1000,667,false],"2048x2048":["https:\/\/autofans.com.ar\/wp-content\/uploads\/2024\/01\/foto-2-11.jpg",1000,667,false],"covernews-featured":["https:\/\/autofans.com.ar\/wp-content\/uploads\/2024\/01\/foto-2-11.jpg",1000,667,false],"covernews-medium":["https:\/\/autofans.com.ar\/wp-content\/uploads\/2024\/01\/foto-2-11-540x340.jpg",540,340,true]},"author_info":{"display_name":"Alejandro Gabriel Rosito","author_link":"https:\/\/autofans.com.ar\/index.php\/author\/gabrielr\/"},"category_info":"<a href=\"https:\/\/autofans.com.ar\/index.php\/category\/noticias\/empresas\/\" rel=\"category tag\">EMPRESAS<\/a> <a href=\"https:\/\/autofans.com.ar\/index.php\/category\/noticias\/\" rel=\"category tag\">NOTICIAS<\/a>","tag_info":"NOTICIAS","comment_count":0,"_links":{"self":[{"href":"https:\/\/autofans.com.ar\/index.php\/wp-json\/wp\/v2\/posts\/6286","targetHints":{"allow":["GET"]}}],"collection":[{"href":"https:\/\/autofans.com.ar\/index.php\/wp-json\/wp\/v2\/posts"}],"about":[{"href":"https:\/\/autofans.com.ar\/index.php\/wp-json\/wp\/v2\/types\/post"}],"author":[{"embeddable":true,"href":"https:\/\/autofans.com.ar\/index.php\/wp-json\/wp\/v2\/users\/2"}],"replies":[{"embeddable":true,"href":"https:\/\/autofans.com.ar\/index.php\/wp-json\/wp\/v2\/comments?post=6286"}],"version-history":[{"count":1,"href":"https:\/\/autofans.com.ar\/index.php\/wp-json\/wp\/v2\/posts\/6286\/revisions"}],"predecessor-version":[{"id":6289,"href":"https:\/\/autofans.com.ar\/index.php\/wp-json\/wp\/v2\/posts\/6286\/revisions\/6289"}],"wp:featuredmedia":[{"embeddable":true,"href":"https:\/\/autofans.com.ar\/index.php\/wp-json\/wp\/v2\/media\/6287"}],"wp:attachment":[{"href":"https:\/\/autofans.com.ar\/index.php\/wp-json\/wp\/v2\/media?parent=6286"}],"wp:term":[{"taxonomy":"category","embeddable":true,"href":"https:\/\/autofans.com.ar\/index.php\/wp-json\/wp\/v2\/categories?post=6286"},{"taxonomy":"post_tag","embeddable":true,"href":"https:\/\/autofans.com.ar\/index.php\/wp-json\/wp\/v2\/tags?post=6286"}],"curies":[{"name":"wp","href":"https:\/\/api.w.org\/{rel}","templated":true}]}}