{"id":6290,"date":"2024-01-10T14:07:20","date_gmt":"2024-01-10T17:07:20","guid":{"rendered":"https:\/\/autofans.com.ar\/?p=6290"},"modified":"2024-01-10T14:07:20","modified_gmt":"2024-01-10T17:07:20","slug":"bmw-en-el-ces-2024-realidad-aumentada-y-asistentes-de-voz","status":"publish","type":"post","link":"https:\/\/autofans.com.ar\/index.php\/2024\/01\/10\/bmw-en-el-ces-2024-realidad-aumentada-y-asistentes-de-voz\/","title":{"rendered":"BMW en el CES 2024, realidad aumentada y asistentes de voz"},"content":{"rendered":"<p>BMW, en el Consumer Electronics Show (CES) 2024, destaca su visi\u00f3n futurista para la experiencia digital dentro del veh\u00edculo. Desde juegos a bordo hasta gafas de realidad aumentada, la marca alem\u00e1n presenta proyectos innovadores que anticipan el futuro de la movilidad.<\/p>\n<p>&nbsp;<\/p>\n<p>La presencia de BMW en el CES 2024 se centra en la experiencia digital en el interior de los veh\u00edculos actuales y futuros. Desde la conducci\u00f3n remota hasta las gafas de realidad aumentada, la marca exhibe nuevos productos tecnol\u00f3gicos y de entretenimiento para su gama de modelos, junto con adelantos de proyectos que apuntan al ma\u00f1ana.<\/p>\n<p>&nbsp;<\/p>\n<h2><strong>BMW Ampl\u00eda el Entretenimiento<\/strong><\/h2>\n<p>En el CES, BMW introduce el Sistema Operativo BMW 9, que promete experiencias de juego revolucionarias desde 2024. T\u00edtulos como \u00abBeach Buggy Racing 2\u00bb permiten a dos jugadores competir en el veh\u00edculo usando controladores est\u00e1ndar con capacidad Bluetooth. La aplicaci\u00f3n AirConsole ofrece juegos individuales y multijugador, utilizando el smartphone como control.<\/p>\n<p>&nbsp;<\/p>\n<p><img fetchpriority=\"high\" decoding=\"async\" class=\"aligncenter wp-image-6295 size-full\" src=\"https:\/\/autofans.com.ar\/wp-content\/uploads\/2024\/01\/foto-3-8.jpg\" alt=\"BMW\" width=\"1000\" height=\"667\" srcset=\"https:\/\/autofans.com.ar\/wp-content\/uploads\/2024\/01\/foto-3-8.jpg 1000w, https:\/\/autofans.com.ar\/wp-content\/uploads\/2024\/01\/foto-3-8-300x200.jpg 300w, https:\/\/autofans.com.ar\/wp-content\/uploads\/2024\/01\/foto-3-8-768x512.jpg 768w\" sizes=\"(max-width: 1000px) 100vw, 1000px\" \/><\/p>\n<p>&nbsp;<\/p>\n<p>La aplicaci\u00f3n de video se expande en los Sistemas Operativos BMW 8.5 y 9, brindando a los clientes acceso a contenido en la pantalla central. La colaboraci\u00f3n con XPERI Inc optimiza el sistema para la transmisi\u00f3n de video dentro del veh\u00edculo, ofreciendo canales en vivo y bibliotecas de medios on demand.<\/p>\n<p>&nbsp;<\/p>\n<h2>BMW y Alexa: Innovaci\u00f3n en Interacci\u00f3n Vehicular<\/h2>\n<p>BMW muestra las gafas de realidad aumentada XREAL Air 2, enriqueciendo la experiencia de conducci\u00f3n al integrar instrucciones de navegaci\u00f3n y contenido de entretenimiento en el entorno real. Estas gafas prometen informaci\u00f3n mejorada y experiencias agradables para conductores y pasajeros.<\/p>\n<p>&nbsp;<\/p>\n<p><img decoding=\"async\" class=\"aligncenter wp-image-6296 size-full\" src=\"https:\/\/autofans.com.ar\/wp-content\/uploads\/2024\/01\/foto-2-12.jpg\" alt=\"BMW\" width=\"1000\" height=\"667\" srcset=\"https:\/\/autofans.com.ar\/wp-content\/uploads\/2024\/01\/foto-2-12.jpg 1000w, https:\/\/autofans.com.ar\/wp-content\/uploads\/2024\/01\/foto-2-12-300x200.jpg 300w, https:\/\/autofans.com.ar\/wp-content\/uploads\/2024\/01\/foto-2-12-768x512.jpg 768w\" sizes=\"(max-width: 1000px) 100vw, 1000px\" \/><\/p>\n<p>&nbsp;<\/p>\n<p>La colaboraci\u00f3n con Amazon presenta el Asistente Personal Inteligente de BMW, potenciado por el Modelo Amplio de Lenguaje (LLM) de Alexa. Ofrece instrucciones r\u00e1pidas y respuestas conversacionales sobre las funciones del veh\u00edculo, marcando un avance en la interacci\u00f3n humano-m\u00e1quina.<\/p>\n<h2><\/h2>\n<p>&nbsp;<\/p>\n<p>BMW y Valeo unen fuerzas para desarrollar soluciones de estacionamiento automatizado de Nivel 4. Los visitantes del CES experimentan el estacionamiento a control remoto, donde el veh\u00edculo busca, maniobra y estaciona de manera aut\u00f3noma. Este sistema promete aplicaciones futuras en eventos, aeropuertos y log\u00edstica.<\/p>\n<p>&nbsp;<\/p>\n<p>&nbsp;<\/p>\n<p><i>Para enterarte de m\u00e1s novedades, no dejes de leer\u00a0<\/i><a href=\"https:\/\/autofans.thebrandsoup.com\/\"><i>nuestras notas<\/i><\/a><i>, de ver<\/i><b><i>\u00a0<\/i><\/b><a href=\"https:\/\/www.youtube.com\/channel\/UCgAC8UGHZYbT6P7PpmVnP7g\"><b><i>AUTOFANS TV<\/i><\/b><\/a><b><i>\u00a0<\/i><\/b><i>en nuestro\u00a0canal de Youtube. Adem\u00e1s seguinos en\u00a0<\/i><a href=\"https:\/\/www.instagram.com\/autofanstv\/\"><i>INSTAGRAM<\/i><\/a><i> y <\/i><a href=\"https:\/\/www.facebook.com\/autofansmas\/\"><i>FACEBOOK<\/i><\/a><i> para no perderte nada sobre las novedades del segmento automotor de Argentina y el mundo.<\/i><\/p>\n","protected":false},"excerpt":{"rendered":"<p>BMW, en el Consumer Electronics Show (CES) 2024, destaca su visi\u00f3n futurista para la experiencia&#8230;<\/p>\n","protected":false},"author":2,"featured_media":6297,"comment_status":"closed","ping_status":"closed","sticky":false,"template":"","format":"standard","meta":{"footnotes":""},"categories":[218,16],"tags":[208,3316,3232,3319,3315,3318,380,3317,2762,885],"class_list":["post-6290","post","type-post","status-publish","format-standard","has-post-thumbnail","hentry","category-autotecno","category-noticias","tag-bmw","tag-asistente-de-voz","tag-ces-2024","tag-estacionamiento-automatizado","tag-experiencia-digital","tag-gafas-de-realidad-aumentada","tag-innovacion-tecnologica","tag-juegos-a-bordo","tag-movilidad-futura","tag-realidad-aumentada"],"yoast_head":"<!-- This site is optimized with the Yoast SEO plugin v27.5 - https:\/\/yoast.com\/product\/yoast-seo-wordpress\/ -->\n<title>BMW en el CES 2024, realidad aumentada y asistentes de voz -<\/title>\n<meta name=\"description\" content=\"BMW, en el Consumer Electronics Show (CES) 2024, destaca su visi\u00f3n futurista para la experiencia digital dentro del veh\u00edculo...\" \/>\n<meta name=\"robots\" content=\"index, follow, max-snippet:-1, max-image-preview:large, max-video-preview:-1\" \/>\n<link rel=\"canonical\" href=\"https:\/\/autofans.com.ar\/index.php\/2024\/01\/10\/bmw-en-el-ces-2024-realidad-aumentada-y-asistentes-de-voz\/\" \/>\n<meta property=\"og:locale\" content=\"es_ES\" \/>\n<meta property=\"og:type\" content=\"article\" \/>\n<meta property=\"og:title\" content=\"BMW en el CES 2024, realidad aumentada y asistentes de voz -\" \/>\n<meta property=\"og:description\" content=\"BMW, en el Consumer Electronics Show (CES) 2024, destaca su visi\u00f3n futurista para la experiencia digital dentro del veh\u00edculo...\" \/>\n<meta property=\"og:url\" content=\"https:\/\/autofans.com.ar\/index.php\/2024\/01\/10\/bmw-en-el-ces-2024-realidad-aumentada-y-asistentes-de-voz\/\" \/>\n<meta property=\"article:published_time\" content=\"2024-01-10T17:07:20+00:00\" \/>\n<meta property=\"og:image\" content=\"https:\/\/autofans.com.ar\/wp-content\/uploads\/2024\/01\/foto-1-12.jpg\" \/>\n\t<meta property=\"og:image:width\" content=\"640\" \/>\n\t<meta property=\"og:image:height\" content=\"427\" \/>\n\t<meta property=\"og:image:type\" content=\"image\/jpeg\" \/>\n<meta name=\"author\" content=\"Alejandro Gabriel Rosito\" \/>\n<meta name=\"twitter:card\" content=\"summary_large_image\" \/>\n<meta name=\"twitter:label1\" content=\"Escrito por\" \/>\n\t<meta name=\"twitter:data1\" content=\"Alejandro Gabriel Rosito\" \/>\n\t<meta name=\"twitter:label2\" content=\"Tiempo de lectura\" \/>\n\t<meta name=\"twitter:data2\" content=\"3 minutos\" \/>\n<script type=\"application\/ld+json\" class=\"yoast-schema-graph\">{\"@context\":\"https:\\\/\\\/schema.org\",\"@graph\":[{\"@type\":\"Article\",\"@id\":\"https:\\\/\\\/autofans.com.ar\\\/index.php\\\/2024\\\/01\\\/10\\\/bmw-en-el-ces-2024-realidad-aumentada-y-asistentes-de-voz\\\/#article\",\"isPartOf\":{\"@id\":\"https:\\\/\\\/autofans.com.ar\\\/index.php\\\/2024\\\/01\\\/10\\\/bmw-en-el-ces-2024-realidad-aumentada-y-asistentes-de-voz\\\/\"},\"author\":{\"name\":\"Alejandro Gabriel Rosito\",\"@id\":\"https:\\\/\\\/autofans.com.ar\\\/#\\\/schema\\\/person\\\/4a8dda0b6df83ac3d6723e921274c2aa\"},\"headline\":\"BMW en el CES 2024, realidad aumentada y asistentes de voz\",\"datePublished\":\"2024-01-10T17:07:20+00:00\",\"mainEntityOfPage\":{\"@id\":\"https:\\\/\\\/autofans.com.ar\\\/index.php\\\/2024\\\/01\\\/10\\\/bmw-en-el-ces-2024-realidad-aumentada-y-asistentes-de-voz\\\/\"},\"wordCount\":416,\"image\":{\"@id\":\"https:\\\/\\\/autofans.com.ar\\\/index.php\\\/2024\\\/01\\\/10\\\/bmw-en-el-ces-2024-realidad-aumentada-y-asistentes-de-voz\\\/#primaryimage\"},\"thumbnailUrl\":\"https:\\\/\\\/autofans.com.ar\\\/wp-content\\\/uploads\\\/2024\\\/01\\\/foto-1-12.jpg\",\"keywords\":[\"#BMW\",\"Asistente de Voz\",\"CES 2024\",\"Estacionamiento Automatizado\",\"Experiencia Digital\",\"Gafas de Realidad Aumentada\",\"innovaci\u00f3n tecnol\u00f3gica\",\"Juegos a Bordo\",\"movilidad futura\",\"Realidad aumentada\"],\"articleSection\":[\"AUTOTECNO\",\"NOTICIAS\"],\"inLanguage\":\"es\"},{\"@type\":\"WebPage\",\"@id\":\"https:\\\/\\\/autofans.com.ar\\\/index.php\\\/2024\\\/01\\\/10\\\/bmw-en-el-ces-2024-realidad-aumentada-y-asistentes-de-voz\\\/\",\"url\":\"https:\\\/\\\/autofans.com.ar\\\/index.php\\\/2024\\\/01\\\/10\\\/bmw-en-el-ces-2024-realidad-aumentada-y-asistentes-de-voz\\\/\",\"name\":\"BMW en el CES 2024, realidad aumentada y asistentes de voz -\",\"isPartOf\":{\"@id\":\"https:\\\/\\\/autofans.com.ar\\\/#website\"},\"primaryImageOfPage\":{\"@id\":\"https:\\\/\\\/autofans.com.ar\\\/index.php\\\/2024\\\/01\\\/10\\\/bmw-en-el-ces-2024-realidad-aumentada-y-asistentes-de-voz\\\/#primaryimage\"},\"image\":{\"@id\":\"https:\\\/\\\/autofans.com.ar\\\/index.php\\\/2024\\\/01\\\/10\\\/bmw-en-el-ces-2024-realidad-aumentada-y-asistentes-de-voz\\\/#primaryimage\"},\"thumbnailUrl\":\"https:\\\/\\\/autofans.com.ar\\\/wp-content\\\/uploads\\\/2024\\\/01\\\/foto-1-12.jpg\",\"datePublished\":\"2024-01-10T17:07:20+00:00\",\"author\":{\"@id\":\"https:\\\/\\\/autofans.com.ar\\\/#\\\/schema\\\/person\\\/4a8dda0b6df83ac3d6723e921274c2aa\"},\"description\":\"BMW, en el Consumer Electronics Show (CES) 2024, destaca su visi\u00f3n futurista para la experiencia digital dentro del veh\u00edculo...\",\"breadcrumb\":{\"@id\":\"https:\\\/\\\/autofans.com.ar\\\/index.php\\\/2024\\\/01\\\/10\\\/bmw-en-el-ces-2024-realidad-aumentada-y-asistentes-de-voz\\\/#breadcrumb\"},\"inLanguage\":\"es\",\"potentialAction\":[{\"@type\":\"ReadAction\",\"target\":[\"https:\\\/\\\/autofans.com.ar\\\/index.php\\\/2024\\\/01\\\/10\\\/bmw-en-el-ces-2024-realidad-aumentada-y-asistentes-de-voz\\\/\"]}]},{\"@type\":\"ImageObject\",\"inLanguage\":\"es\",\"@id\":\"https:\\\/\\\/autofans.com.ar\\\/index.php\\\/2024\\\/01\\\/10\\\/bmw-en-el-ces-2024-realidad-aumentada-y-asistentes-de-voz\\\/#primaryimage\",\"url\":\"https:\\\/\\\/autofans.com.ar\\\/wp-content\\\/uploads\\\/2024\\\/01\\\/foto-1-12.jpg\",\"contentUrl\":\"https:\\\/\\\/autofans.com.ar\\\/wp-content\\\/uploads\\\/2024\\\/01\\\/foto-1-12.jpg\",\"width\":1000,\"height\":667,\"caption\":\"BMW\"},{\"@type\":\"BreadcrumbList\",\"@id\":\"https:\\\/\\\/autofans.com.ar\\\/index.php\\\/2024\\\/01\\\/10\\\/bmw-en-el-ces-2024-realidad-aumentada-y-asistentes-de-voz\\\/#breadcrumb\",\"itemListElement\":[{\"@type\":\"ListItem\",\"position\":1,\"name\":\"Inicio\",\"item\":\"https:\\\/\\\/autofans.com.ar\\\/\"},{\"@type\":\"ListItem\",\"position\":2,\"name\":\"BMW en el CES 2024, realidad aumentada y asistentes de voz\"}]},{\"@type\":\"WebSite\",\"@id\":\"https:\\\/\\\/autofans.com.ar\\\/#website\",\"url\":\"https:\\\/\\\/autofans.com.ar\\\/\",\"name\":\"\",\"description\":\"El multimedio referente de la industria automotriz\",\"potentialAction\":[{\"@type\":\"SearchAction\",\"target\":{\"@type\":\"EntryPoint\",\"urlTemplate\":\"https:\\\/\\\/autofans.com.ar\\\/?s={search_term_string}\"},\"query-input\":{\"@type\":\"PropertyValueSpecification\",\"valueRequired\":true,\"valueName\":\"search_term_string\"}}],\"inLanguage\":\"es\"},{\"@type\":\"Person\",\"@id\":\"https:\\\/\\\/autofans.com.ar\\\/#\\\/schema\\\/person\\\/4a8dda0b6df83ac3d6723e921274c2aa\",\"name\":\"Alejandro Gabriel Rosito\",\"image\":{\"@type\":\"ImageObject\",\"inLanguage\":\"es\",\"@id\":\"https:\\\/\\\/secure.gravatar.com\\\/avatar\\\/16c5dda1489adfc62618084dcbb91cffd879c374b13fe5dd8e44ed6733852c88?s=96&d=mm&r=g\",\"url\":\"https:\\\/\\\/secure.gravatar.com\\\/avatar\\\/16c5dda1489adfc62618084dcbb91cffd879c374b13fe5dd8e44ed6733852c88?s=96&d=mm&r=g\",\"contentUrl\":\"https:\\\/\\\/secure.gravatar.com\\\/avatar\\\/16c5dda1489adfc62618084dcbb91cffd879c374b13fe5dd8e44ed6733852c88?s=96&d=mm&r=g\",\"caption\":\"Alejandro Gabriel Rosito\"},\"url\":\"https:\\\/\\\/autofans.com.ar\\\/index.php\\\/author\\\/gabrielr\\\/\"}]}<\/script>\n<!-- \/ Yoast SEO plugin. -->","yoast_head_json":{"title":"BMW en el CES 2024, realidad aumentada y asistentes de voz -","description":"BMW, en el Consumer Electronics Show (CES) 2024, destaca su visi\u00f3n futurista para la experiencia digital dentro del veh\u00edculo...","robots":{"index":"index","follow":"follow","max-snippet":"max-snippet:-1","max-image-preview":"max-image-preview:large","max-video-preview":"max-video-preview:-1"},"canonical":"https:\/\/autofans.com.ar\/index.php\/2024\/01\/10\/bmw-en-el-ces-2024-realidad-aumentada-y-asistentes-de-voz\/","og_locale":"es_ES","og_type":"article","og_title":"BMW en el CES 2024, realidad aumentada y asistentes de voz -","og_description":"BMW, en el Consumer Electronics Show (CES) 2024, destaca su visi\u00f3n futurista para la experiencia digital dentro del veh\u00edculo...","og_url":"https:\/\/autofans.com.ar\/index.php\/2024\/01\/10\/bmw-en-el-ces-2024-realidad-aumentada-y-asistentes-de-voz\/","article_published_time":"2024-01-10T17:07:20+00:00","og_image":[{"url":"https:\/\/autofans.com.ar\/wp-content\/uploads\/2024\/01\/foto-1-12.jpg","width":640,"height":427,"type":"image\/jpeg"}],"author":"Alejandro Gabriel Rosito","twitter_card":"summary_large_image","twitter_misc":{"Escrito por":"Alejandro Gabriel Rosito","Tiempo de lectura":"3 minutos"},"schema":{"@context":"https:\/\/schema.org","@graph":[{"@type":"Article","@id":"https:\/\/autofans.com.ar\/index.php\/2024\/01\/10\/bmw-en-el-ces-2024-realidad-aumentada-y-asistentes-de-voz\/#article","isPartOf":{"@id":"https:\/\/autofans.com.ar\/index.php\/2024\/01\/10\/bmw-en-el-ces-2024-realidad-aumentada-y-asistentes-de-voz\/"},"author":{"name":"Alejandro Gabriel Rosito","@id":"https:\/\/autofans.com.ar\/#\/schema\/person\/4a8dda0b6df83ac3d6723e921274c2aa"},"headline":"BMW en el CES 2024, realidad aumentada y asistentes de voz","datePublished":"2024-01-10T17:07:20+00:00","mainEntityOfPage":{"@id":"https:\/\/autofans.com.ar\/index.php\/2024\/01\/10\/bmw-en-el-ces-2024-realidad-aumentada-y-asistentes-de-voz\/"},"wordCount":416,"image":{"@id":"https:\/\/autofans.com.ar\/index.php\/2024\/01\/10\/bmw-en-el-ces-2024-realidad-aumentada-y-asistentes-de-voz\/#primaryimage"},"thumbnailUrl":"https:\/\/autofans.com.ar\/wp-content\/uploads\/2024\/01\/foto-1-12.jpg","keywords":["#BMW","Asistente de Voz","CES 2024","Estacionamiento Automatizado","Experiencia Digital","Gafas de Realidad Aumentada","innovaci\u00f3n tecnol\u00f3gica","Juegos a Bordo","movilidad futura","Realidad aumentada"],"articleSection":["AUTOTECNO","NOTICIAS"],"inLanguage":"es"},{"@type":"WebPage","@id":"https:\/\/autofans.com.ar\/index.php\/2024\/01\/10\/bmw-en-el-ces-2024-realidad-aumentada-y-asistentes-de-voz\/","url":"https:\/\/autofans.com.ar\/index.php\/2024\/01\/10\/bmw-en-el-ces-2024-realidad-aumentada-y-asistentes-de-voz\/","name":"BMW en el CES 2024, realidad aumentada y asistentes de voz -","isPartOf":{"@id":"https:\/\/autofans.com.ar\/#website"},"primaryImageOfPage":{"@id":"https:\/\/autofans.com.ar\/index.php\/2024\/01\/10\/bmw-en-el-ces-2024-realidad-aumentada-y-asistentes-de-voz\/#primaryimage"},"image":{"@id":"https:\/\/autofans.com.ar\/index.php\/2024\/01\/10\/bmw-en-el-ces-2024-realidad-aumentada-y-asistentes-de-voz\/#primaryimage"},"thumbnailUrl":"https:\/\/autofans.com.ar\/wp-content\/uploads\/2024\/01\/foto-1-12.jpg","datePublished":"2024-01-10T17:07:20+00:00","author":{"@id":"https:\/\/autofans.com.ar\/#\/schema\/person\/4a8dda0b6df83ac3d6723e921274c2aa"},"description":"BMW, en el Consumer Electronics Show (CES) 2024, destaca su visi\u00f3n futurista para la experiencia digital dentro del veh\u00edculo...","breadcrumb":{"@id":"https:\/\/autofans.com.ar\/index.php\/2024\/01\/10\/bmw-en-el-ces-2024-realidad-aumentada-y-asistentes-de-voz\/#breadcrumb"},"inLanguage":"es","potentialAction":[{"@type":"ReadAction","target":["https:\/\/autofans.com.ar\/index.php\/2024\/01\/10\/bmw-en-el-ces-2024-realidad-aumentada-y-asistentes-de-voz\/"]}]},{"@type":"ImageObject","inLanguage":"es","@id":"https:\/\/autofans.com.ar\/index.php\/2024\/01\/10\/bmw-en-el-ces-2024-realidad-aumentada-y-asistentes-de-voz\/#primaryimage","url":"https:\/\/autofans.com.ar\/wp-content\/uploads\/2024\/01\/foto-1-12.jpg","contentUrl":"https:\/\/autofans.com.ar\/wp-content\/uploads\/2024\/01\/foto-1-12.jpg","width":1000,"height":667,"caption":"BMW"},{"@type":"BreadcrumbList","@id":"https:\/\/autofans.com.ar\/index.php\/2024\/01\/10\/bmw-en-el-ces-2024-realidad-aumentada-y-asistentes-de-voz\/#breadcrumb","itemListElement":[{"@type":"ListItem","position":1,"name":"Inicio","item":"https:\/\/autofans.com.ar\/"},{"@type":"ListItem","position":2,"name":"BMW en el CES 2024, realidad aumentada y asistentes de voz"}]},{"@type":"WebSite","@id":"https:\/\/autofans.com.ar\/#website","url":"https:\/\/autofans.com.ar\/","name":"","description":"El multimedio referente de la industria automotriz","potentialAction":[{"@type":"SearchAction","target":{"@type":"EntryPoint","urlTemplate":"https:\/\/autofans.com.ar\/?s={search_term_string}"},"query-input":{"@type":"PropertyValueSpecification","valueRequired":true,"valueName":"search_term_string"}}],"inLanguage":"es"},{"@type":"Person","@id":"https:\/\/autofans.com.ar\/#\/schema\/person\/4a8dda0b6df83ac3d6723e921274c2aa","name":"Alejandro Gabriel Rosito","image":{"@type":"ImageObject","inLanguage":"es","@id":"https:\/\/secure.gravatar.com\/avatar\/16c5dda1489adfc62618084dcbb91cffd879c374b13fe5dd8e44ed6733852c88?s=96&d=mm&r=g","url":"https:\/\/secure.gravatar.com\/avatar\/16c5dda1489adfc62618084dcbb91cffd879c374b13fe5dd8e44ed6733852c88?s=96&d=mm&r=g","contentUrl":"https:\/\/secure.gravatar.com\/avatar\/16c5dda1489adfc62618084dcbb91cffd879c374b13fe5dd8e44ed6733852c88?s=96&d=mm&r=g","caption":"Alejandro Gabriel Rosito"},"url":"https:\/\/autofans.com.ar\/index.php\/author\/gabrielr\/"}]}},"featured_image_urls":{"full":["https:\/\/autofans.com.ar\/wp-content\/uploads\/2024\/01\/foto-1-12.jpg",1000,667,false],"thumbnail":["https:\/\/autofans.com.ar\/wp-content\/uploads\/2024\/01\/foto-1-12-150x150.jpg",150,150,true],"medium":["https:\/\/autofans.com.ar\/wp-content\/uploads\/2024\/01\/foto-1-12-300x200.jpg",300,200,true],"medium_large":["https:\/\/autofans.com.ar\/wp-content\/uploads\/2024\/01\/foto-1-12-768x512.jpg",640,427,true],"large":["https:\/\/autofans.com.ar\/wp-content\/uploads\/2024\/01\/foto-1-12.jpg",640,427,false],"1536x1536":["https:\/\/autofans.com.ar\/wp-content\/uploads\/2024\/01\/foto-1-12.jpg",1000,667,false],"2048x2048":["https:\/\/autofans.com.ar\/wp-content\/uploads\/2024\/01\/foto-1-12.jpg",1000,667,false],"covernews-featured":["https:\/\/autofans.com.ar\/wp-content\/uploads\/2024\/01\/foto-1-12.jpg",1000,667,false],"covernews-medium":["https:\/\/autofans.com.ar\/wp-content\/uploads\/2024\/01\/foto-1-12-540x340.jpg",540,340,true]},"author_info":{"display_name":"Alejandro Gabriel Rosito","author_link":"https:\/\/autofans.com.ar\/index.php\/author\/gabrielr\/"},"category_info":"<a href=\"https:\/\/autofans.com.ar\/index.php\/category\/noticias\/autotecno\/\" rel=\"category tag\">AUTOTECNO<\/a> <a href=\"https:\/\/autofans.com.ar\/index.php\/category\/noticias\/\" rel=\"category tag\">NOTICIAS<\/a>","tag_info":"NOTICIAS","comment_count":0,"_links":{"self":[{"href":"https:\/\/autofans.com.ar\/index.php\/wp-json\/wp\/v2\/posts\/6290","targetHints":{"allow":["GET"]}}],"collection":[{"href":"https:\/\/autofans.com.ar\/index.php\/wp-json\/wp\/v2\/posts"}],"about":[{"href":"https:\/\/autofans.com.ar\/index.php\/wp-json\/wp\/v2\/types\/post"}],"author":[{"embeddable":true,"href":"https:\/\/autofans.com.ar\/index.php\/wp-json\/wp\/v2\/users\/2"}],"replies":[{"embeddable":true,"href":"https:\/\/autofans.com.ar\/index.php\/wp-json\/wp\/v2\/comments?post=6290"}],"version-history":[{"count":3,"href":"https:\/\/autofans.com.ar\/index.php\/wp-json\/wp\/v2\/posts\/6290\/revisions"}],"predecessor-version":[{"id":6298,"href":"https:\/\/autofans.com.ar\/index.php\/wp-json\/wp\/v2\/posts\/6290\/revisions\/6298"}],"wp:featuredmedia":[{"embeddable":true,"href":"https:\/\/autofans.com.ar\/index.php\/wp-json\/wp\/v2\/media\/6297"}],"wp:attachment":[{"href":"https:\/\/autofans.com.ar\/index.php\/wp-json\/wp\/v2\/media?parent=6290"}],"wp:term":[{"taxonomy":"category","embeddable":true,"href":"https:\/\/autofans.com.ar\/index.php\/wp-json\/wp\/v2\/categories?post=6290"},{"taxonomy":"post_tag","embeddable":true,"href":"https:\/\/autofans.com.ar\/index.php\/wp-json\/wp\/v2\/tags?post=6290"}],"curies":[{"name":"wp","href":"https:\/\/api.w.org\/{rel}","templated":true}]}}