{"id":6299,"date":"2024-01-10T17:41:28","date_gmt":"2024-01-10T20:41:28","guid":{"rendered":"https:\/\/autofans.com.ar\/?p=6299"},"modified":"2024-01-10T17:41:28","modified_gmt":"2024-01-10T20:41:28","slug":"audi-carilo-2024-electromovilidad-en-accion","status":"publish","type":"post","link":"https:\/\/autofans.com.ar\/index.php\/2024\/01\/10\/audi-carilo-2024-electromovilidad-en-accion\/","title":{"rendered":"Audi Caril\u00f3 2024, electromovilidad en acci\u00f3n"},"content":{"rendered":"<p>Audi, con 25 a\u00f1os ininterrumpidos en la Costa Argentina, revela su visi\u00f3n de vanguardia en movilidad y digitalizaci\u00f3n en el renovado stand de Caril\u00f3. Descubre los pr\u00f3ximos lanzamientos, desarrollos tecnol\u00f3gicos y la apuesta firme por la electromovilidad.<\/p>\n<p>&nbsp;<\/p>\n<h2>Audi Caril\u00f3 &#8211; modelos destacados<\/h2>\n<p>En el stand, destacan innovaciones globales que llegar\u00e1n al mercado argentino en el pr\u00f3ximo a\u00f1o. El nuevo Audi S3 Sportback, el Audi Q5 Sportback y el Audi Q8 e-tron son los protagonistas.<\/p>\n<p>&nbsp;<\/p>\n<div id='gallery-1' class='gallery galleryid-6299 gallery-columns-2 gallery-size-full'><figure class='gallery-item'>\n\t\t\t<div class='gallery-icon landscape'>\n\t\t\t\t<a href='https:\/\/autofans.com.ar\/index.php\/2024\/01\/10\/audi-carilo-2024-electromovilidad-en-accion\/foto-2-386\/'><img loading=\"lazy\" width=\"1000\" height=\"667\" src=\"https:\/\/autofans.com.ar\/wp-content\/uploads\/2024\/01\/foto-2-13.jpg\" class=\"attachment-full size-full\" alt=\"Audi Caril\u00f3\" srcset=\"https:\/\/autofans.com.ar\/wp-content\/uploads\/2024\/01\/foto-2-13.jpg 1000w, https:\/\/autofans.com.ar\/wp-content\/uploads\/2024\/01\/foto-2-13-300x200.jpg 300w, https:\/\/autofans.com.ar\/wp-content\/uploads\/2024\/01\/foto-2-13-768x512.jpg 768w\" sizes=\"auto, (max-width: 1000px) 100vw, 1000px\" loading=\"lazy\" decoding=\"async\" \/><\/a>\n\t\t\t<\/div><\/figure><figure class='gallery-item'>\n\t\t\t<div class='gallery-icon landscape'>\n\t\t\t\t<a href='https:\/\/autofans.com.ar\/index.php\/2024\/01\/10\/audi-carilo-2024-electromovilidad-en-accion\/foto-3-316\/'><img loading=\"lazy\" width=\"1000\" height=\"667\" src=\"https:\/\/autofans.com.ar\/wp-content\/uploads\/2024\/01\/foto-3-9.jpg\" class=\"attachment-full size-full\" alt=\"Audi Caril\u00f3\" srcset=\"https:\/\/autofans.com.ar\/wp-content\/uploads\/2024\/01\/foto-3-9.jpg 1000w, https:\/\/autofans.com.ar\/wp-content\/uploads\/2024\/01\/foto-3-9-300x200.jpg 300w, https:\/\/autofans.com.ar\/wp-content\/uploads\/2024\/01\/foto-3-9-768x512.jpg 768w\" sizes=\"auto, (max-width: 1000px) 100vw, 1000px\" loading=\"lazy\" decoding=\"async\" \/><\/a>\n\t\t\t<\/div><\/figure>\n\t\t<\/div>\n\n<p>&nbsp;<\/p>\n<p><strong>Audi S3 Sportback:<\/strong> Con un motor 2.0 TFSI de 290 CV y tracci\u00f3n quattro, el nuevo S3 combina elegancia y deportividad. Su dise\u00f1o impresiona con una gran parrilla romboidal y l\u00edneas din\u00e1micas.<\/p>\n<p><strong>Audi Q5 Sportback:<\/strong> El SUV coup\u00e9 m\u00e1s elegante y deportivo de su categor\u00eda. Equipado con un motor 2.0 TFSI de 245 CV, mild hybrid y tracci\u00f3n en las cuatro ruedas, fusiona audacia y tecnolog\u00eda avanzada.<\/p>\n<p><strong>Audi Q8 e-tron Sportback:<\/strong> Llegando pronto a Argentina, potencia la estrategia de electromovilidad. Con una autonom\u00eda de hasta 582 km, su bater\u00eda de 114 kWh ofrece mayor potencia y carga r\u00e1pida.<\/p>\n<p>&nbsp;<\/p>\n<h2>Audi Progressive Lab<\/h2>\n<p>Este espacio tecnol\u00f3gico permite a los visitantes interactuar digitalmente con los productos de Audi. El nuevo configurador 3D Remote Consultancy, impulsado por Unreal Engine 5, ofrece renders hiperrealistas de los modelos en stock, brindando una experiencia 100% interactiva. Al finalizar, los interesados reciben un Giveaway digital para revivir y compartir la experiencia en cualquier momento.<\/p>\n<p>&nbsp;<\/p>\n<h2>Audi Caril\u00f3 &#8211; alianza con Shell Recharge<\/h2>\n<p>&nbsp;<\/p>\n<p><img fetchpriority=\"high\" decoding=\"async\" class=\"aligncenter wp-image-6300 size-full\" src=\"https:\/\/autofans.com.ar\/wp-content\/uploads\/2024\/01\/foto-4-5.jpg\" alt=\"Audi Caril\u00f3\" width=\"1000\" height=\"667\" srcset=\"https:\/\/autofans.com.ar\/wp-content\/uploads\/2024\/01\/foto-4-5.jpg 1000w, https:\/\/autofans.com.ar\/wp-content\/uploads\/2024\/01\/foto-4-5-300x200.jpg 300w, https:\/\/autofans.com.ar\/wp-content\/uploads\/2024\/01\/foto-4-5-768x512.jpg 768w\" sizes=\"(max-width: 1000px) 100vw, 1000px\" \/><\/p>\n<p>&nbsp;<\/p>\n<p>Audi, comprometido con la electrificaci\u00f3n, ha establecido una alianza estrat\u00e9gica con Shell Recharge desde 2023. La red de carga incluye cargadores ultra r\u00e1pidos de 160 kW y r\u00e1pidos de 50 kW en las principales rutas argentinas. En el stand de Caril\u00f3, Audi exhibe un mapa con los puntos activos, pr\u00f3ximos a inaugurar y exclusivos Audi, demostrando el avance de la mayor red de carga en Argentina.<\/p>\n<p>&nbsp;<\/p>\n<p>Ubicado en Avellano, el stand estar\u00e1 abierto desde el 28 de diciembre al 3 de marzo, de lunes a lunes, de 11:00 a 13:00 hs y de 18:00 a 23:00 hs. Audi sigue acercando innovaci\u00f3n a clientes y seguidores en uno de los principales puntos tur\u00edsticos de Argentina.<\/p>\n<p>&nbsp;<\/p>\n<p>&nbsp;<\/p>\n<p><i>Para enterarte de m\u00e1s novedades, no dejes de leer\u00a0<\/i><a href=\"https:\/\/autofans.thebrandsoup.com\/\"><i>nuestras notas<\/i><\/a><i>, de ver<\/i><b><i>\u00a0<\/i><\/b><a href=\"https:\/\/www.youtube.com\/channel\/UCgAC8UGHZYbT6P7PpmVnP7g\"><b><i>AUTOFANS TV<\/i><\/b><\/a><b><i>\u00a0<\/i><\/b><i>en nuestro\u00a0canal de Youtube. Adem\u00e1s seguinos en\u00a0<\/i><a href=\"https:\/\/www.instagram.com\/autofanstv\/\"><i>INSTAGRAM<\/i><\/a><i> y <\/i><a href=\"https:\/\/www.facebook.com\/autofansmas\/\"><i>FACEBOOK<\/i><\/a><i> para no perderte nada sobre las novedades del segmento automotor de Argentina y el mundo.<\/i><\/p>\n","protected":false},"excerpt":{"rendered":"<p>Audi, con 25 a\u00f1os ininterrumpidos en la Costa Argentina, revela su visi\u00f3n de vanguardia en&#8230;<\/p>\n","protected":false},"author":2,"featured_media":6303,"comment_status":"closed","ping_status":"closed","sticky":false,"template":"","format":"standard","meta":{"footnotes":""},"categories":[6,16],"tags":[3320,3324,3325,3323,3322,1460,3321,910,3326],"class_list":["post-6299","post","type-post","status-publish","format-standard","has-post-thumbnail","hentry","category-bizstyle","category-noticias","tag-audi-carilo-2024","tag-audi-q5-sportback","tag-audi-q8-e-tron","tag-audi-s3","tag-electromovilidad-argentina","tag-movilidad-sustentable","tag-novedades-audi","tag-shell-recharge","tag-tecnologia-audi"],"yoast_head":"<!-- This site is optimized with the Yoast SEO plugin v27.5 - https:\/\/yoast.com\/product\/yoast-seo-wordpress\/ -->\n<title>Audi Caril\u00f3 2024, electromovilidad en acci\u00f3n -<\/title>\n<meta name=\"description\" content=\"Audi, con 25 a\u00f1os ininterrumpidos en la Costa Argentina, revela su visi\u00f3n de vanguardia en movilidad y digitalizaci\u00f3n en el stand de Caril\u00f3..\" \/>\n<meta name=\"robots\" content=\"index, follow, max-snippet:-1, max-image-preview:large, max-video-preview:-1\" \/>\n<link rel=\"canonical\" href=\"https:\/\/autofans.com.ar\/index.php\/2024\/01\/10\/audi-carilo-2024-electromovilidad-en-accion\/\" \/>\n<meta property=\"og:locale\" content=\"es_ES\" \/>\n<meta property=\"og:type\" content=\"article\" \/>\n<meta property=\"og:title\" content=\"Audi Caril\u00f3 2024, electromovilidad en acci\u00f3n -\" \/>\n<meta property=\"og:description\" content=\"Audi, con 25 a\u00f1os ininterrumpidos en la Costa Argentina, revela su visi\u00f3n de vanguardia en movilidad y digitalizaci\u00f3n en el stand de Caril\u00f3..\" \/>\n<meta property=\"og:url\" content=\"https:\/\/autofans.com.ar\/index.php\/2024\/01\/10\/audi-carilo-2024-electromovilidad-en-accion\/\" \/>\n<meta property=\"article:published_time\" content=\"2024-01-10T20:41:28+00:00\" \/>\n<meta property=\"og:image\" content=\"https:\/\/autofans.com.ar\/wp-content\/uploads\/2024\/01\/foto-1-13.jpg\" \/>\n\t<meta property=\"og:image:width\" content=\"640\" \/>\n\t<meta property=\"og:image:height\" content=\"427\" \/>\n\t<meta property=\"og:image:type\" content=\"image\/jpeg\" \/>\n<meta name=\"author\" content=\"Alejandro Gabriel Rosito\" \/>\n<meta name=\"twitter:card\" content=\"summary_large_image\" \/>\n<meta name=\"twitter:label1\" content=\"Escrito por\" \/>\n\t<meta name=\"twitter:data1\" content=\"Alejandro Gabriel Rosito\" \/>\n\t<meta name=\"twitter:label2\" content=\"Tiempo de lectura\" \/>\n\t<meta name=\"twitter:data2\" content=\"3 minutos\" \/>\n<script type=\"application\/ld+json\" class=\"yoast-schema-graph\">{\"@context\":\"https:\\\/\\\/schema.org\",\"@graph\":[{\"@type\":\"Article\",\"@id\":\"https:\\\/\\\/autofans.com.ar\\\/index.php\\\/2024\\\/01\\\/10\\\/audi-carilo-2024-electromovilidad-en-accion\\\/#article\",\"isPartOf\":{\"@id\":\"https:\\\/\\\/autofans.com.ar\\\/index.php\\\/2024\\\/01\\\/10\\\/audi-carilo-2024-electromovilidad-en-accion\\\/\"},\"author\":{\"name\":\"Alejandro Gabriel Rosito\",\"@id\":\"https:\\\/\\\/autofans.com.ar\\\/#\\\/schema\\\/person\\\/4a8dda0b6df83ac3d6723e921274c2aa\"},\"headline\":\"Audi Caril\u00f3 2024, electromovilidad en acci\u00f3n\",\"datePublished\":\"2024-01-10T20:41:28+00:00\",\"mainEntityOfPage\":{\"@id\":\"https:\\\/\\\/autofans.com.ar\\\/index.php\\\/2024\\\/01\\\/10\\\/audi-carilo-2024-electromovilidad-en-accion\\\/\"},\"wordCount\":424,\"image\":{\"@id\":\"https:\\\/\\\/autofans.com.ar\\\/index.php\\\/2024\\\/01\\\/10\\\/audi-carilo-2024-electromovilidad-en-accion\\\/#primaryimage\"},\"thumbnailUrl\":\"https:\\\/\\\/autofans.com.ar\\\/wp-content\\\/uploads\\\/2024\\\/01\\\/foto-1-13.jpg\",\"keywords\":[\"Audi Caril\u00f3 2024\",\"Audi Q5 Sportback\",\"Audi Q8 e-tron\",\"Audi S3\",\"Electromovilidad Argentina\",\"movilidad sustentable\",\"Novedades Audi\",\"Shell Recharge\",\"Tecnolog\u00eda Audi\"],\"articleSection\":[\"BIZSTYLE\",\"NOTICIAS\"],\"inLanguage\":\"es\"},{\"@type\":\"WebPage\",\"@id\":\"https:\\\/\\\/autofans.com.ar\\\/index.php\\\/2024\\\/01\\\/10\\\/audi-carilo-2024-electromovilidad-en-accion\\\/\",\"url\":\"https:\\\/\\\/autofans.com.ar\\\/index.php\\\/2024\\\/01\\\/10\\\/audi-carilo-2024-electromovilidad-en-accion\\\/\",\"name\":\"Audi Caril\u00f3 2024, electromovilidad en acci\u00f3n -\",\"isPartOf\":{\"@id\":\"https:\\\/\\\/autofans.com.ar\\\/#website\"},\"primaryImageOfPage\":{\"@id\":\"https:\\\/\\\/autofans.com.ar\\\/index.php\\\/2024\\\/01\\\/10\\\/audi-carilo-2024-electromovilidad-en-accion\\\/#primaryimage\"},\"image\":{\"@id\":\"https:\\\/\\\/autofans.com.ar\\\/index.php\\\/2024\\\/01\\\/10\\\/audi-carilo-2024-electromovilidad-en-accion\\\/#primaryimage\"},\"thumbnailUrl\":\"https:\\\/\\\/autofans.com.ar\\\/wp-content\\\/uploads\\\/2024\\\/01\\\/foto-1-13.jpg\",\"datePublished\":\"2024-01-10T20:41:28+00:00\",\"author\":{\"@id\":\"https:\\\/\\\/autofans.com.ar\\\/#\\\/schema\\\/person\\\/4a8dda0b6df83ac3d6723e921274c2aa\"},\"description\":\"Audi, con 25 a\u00f1os ininterrumpidos en la Costa Argentina, revela su visi\u00f3n de vanguardia en movilidad y digitalizaci\u00f3n en el stand de Caril\u00f3..\",\"breadcrumb\":{\"@id\":\"https:\\\/\\\/autofans.com.ar\\\/index.php\\\/2024\\\/01\\\/10\\\/audi-carilo-2024-electromovilidad-en-accion\\\/#breadcrumb\"},\"inLanguage\":\"es\",\"potentialAction\":[{\"@type\":\"ReadAction\",\"target\":[\"https:\\\/\\\/autofans.com.ar\\\/index.php\\\/2024\\\/01\\\/10\\\/audi-carilo-2024-electromovilidad-en-accion\\\/\"]}]},{\"@type\":\"ImageObject\",\"inLanguage\":\"es\",\"@id\":\"https:\\\/\\\/autofans.com.ar\\\/index.php\\\/2024\\\/01\\\/10\\\/audi-carilo-2024-electromovilidad-en-accion\\\/#primaryimage\",\"url\":\"https:\\\/\\\/autofans.com.ar\\\/wp-content\\\/uploads\\\/2024\\\/01\\\/foto-1-13.jpg\",\"contentUrl\":\"https:\\\/\\\/autofans.com.ar\\\/wp-content\\\/uploads\\\/2024\\\/01\\\/foto-1-13.jpg\",\"width\":1000,\"height\":667,\"caption\":\"Audi Caril\u00f3\"},{\"@type\":\"BreadcrumbList\",\"@id\":\"https:\\\/\\\/autofans.com.ar\\\/index.php\\\/2024\\\/01\\\/10\\\/audi-carilo-2024-electromovilidad-en-accion\\\/#breadcrumb\",\"itemListElement\":[{\"@type\":\"ListItem\",\"position\":1,\"name\":\"Inicio\",\"item\":\"https:\\\/\\\/autofans.com.ar\\\/\"},{\"@type\":\"ListItem\",\"position\":2,\"name\":\"Audi Caril\u00f3 2024, electromovilidad en acci\u00f3n\"}]},{\"@type\":\"WebSite\",\"@id\":\"https:\\\/\\\/autofans.com.ar\\\/#website\",\"url\":\"https:\\\/\\\/autofans.com.ar\\\/\",\"name\":\"\",\"description\":\"El multimedio referente de la industria automotriz\",\"potentialAction\":[{\"@type\":\"SearchAction\",\"target\":{\"@type\":\"EntryPoint\",\"urlTemplate\":\"https:\\\/\\\/autofans.com.ar\\\/?s={search_term_string}\"},\"query-input\":{\"@type\":\"PropertyValueSpecification\",\"valueRequired\":true,\"valueName\":\"search_term_string\"}}],\"inLanguage\":\"es\"},{\"@type\":\"Person\",\"@id\":\"https:\\\/\\\/autofans.com.ar\\\/#\\\/schema\\\/person\\\/4a8dda0b6df83ac3d6723e921274c2aa\",\"name\":\"Alejandro Gabriel Rosito\",\"image\":{\"@type\":\"ImageObject\",\"inLanguage\":\"es\",\"@id\":\"https:\\\/\\\/secure.gravatar.com\\\/avatar\\\/16c5dda1489adfc62618084dcbb91cffd879c374b13fe5dd8e44ed6733852c88?s=96&d=mm&r=g\",\"url\":\"https:\\\/\\\/secure.gravatar.com\\\/avatar\\\/16c5dda1489adfc62618084dcbb91cffd879c374b13fe5dd8e44ed6733852c88?s=96&d=mm&r=g\",\"contentUrl\":\"https:\\\/\\\/secure.gravatar.com\\\/avatar\\\/16c5dda1489adfc62618084dcbb91cffd879c374b13fe5dd8e44ed6733852c88?s=96&d=mm&r=g\",\"caption\":\"Alejandro Gabriel Rosito\"},\"url\":\"https:\\\/\\\/autofans.com.ar\\\/index.php\\\/author\\\/gabrielr\\\/\"}]}<\/script>\n<!-- \/ Yoast SEO plugin. -->","yoast_head_json":{"title":"Audi Caril\u00f3 2024, electromovilidad en acci\u00f3n -","description":"Audi, con 25 a\u00f1os ininterrumpidos en la Costa Argentina, revela su visi\u00f3n de vanguardia en movilidad y digitalizaci\u00f3n en el stand de Caril\u00f3..","robots":{"index":"index","follow":"follow","max-snippet":"max-snippet:-1","max-image-preview":"max-image-preview:large","max-video-preview":"max-video-preview:-1"},"canonical":"https:\/\/autofans.com.ar\/index.php\/2024\/01\/10\/audi-carilo-2024-electromovilidad-en-accion\/","og_locale":"es_ES","og_type":"article","og_title":"Audi Caril\u00f3 2024, electromovilidad en acci\u00f3n -","og_description":"Audi, con 25 a\u00f1os ininterrumpidos en la Costa Argentina, revela su visi\u00f3n de vanguardia en movilidad y digitalizaci\u00f3n en el stand de Caril\u00f3..","og_url":"https:\/\/autofans.com.ar\/index.php\/2024\/01\/10\/audi-carilo-2024-electromovilidad-en-accion\/","article_published_time":"2024-01-10T20:41:28+00:00","og_image":[{"url":"https:\/\/autofans.com.ar\/wp-content\/uploads\/2024\/01\/foto-1-13.jpg","width":640,"height":427,"type":"image\/jpeg"}],"author":"Alejandro Gabriel Rosito","twitter_card":"summary_large_image","twitter_misc":{"Escrito por":"Alejandro Gabriel Rosito","Tiempo de lectura":"3 minutos"},"schema":{"@context":"https:\/\/schema.org","@graph":[{"@type":"Article","@id":"https:\/\/autofans.com.ar\/index.php\/2024\/01\/10\/audi-carilo-2024-electromovilidad-en-accion\/#article","isPartOf":{"@id":"https:\/\/autofans.com.ar\/index.php\/2024\/01\/10\/audi-carilo-2024-electromovilidad-en-accion\/"},"author":{"name":"Alejandro Gabriel Rosito","@id":"https:\/\/autofans.com.ar\/#\/schema\/person\/4a8dda0b6df83ac3d6723e921274c2aa"},"headline":"Audi Caril\u00f3 2024, electromovilidad en acci\u00f3n","datePublished":"2024-01-10T20:41:28+00:00","mainEntityOfPage":{"@id":"https:\/\/autofans.com.ar\/index.php\/2024\/01\/10\/audi-carilo-2024-electromovilidad-en-accion\/"},"wordCount":424,"image":{"@id":"https:\/\/autofans.com.ar\/index.php\/2024\/01\/10\/audi-carilo-2024-electromovilidad-en-accion\/#primaryimage"},"thumbnailUrl":"https:\/\/autofans.com.ar\/wp-content\/uploads\/2024\/01\/foto-1-13.jpg","keywords":["Audi Caril\u00f3 2024","Audi Q5 Sportback","Audi Q8 e-tron","Audi S3","Electromovilidad Argentina","movilidad sustentable","Novedades Audi","Shell Recharge","Tecnolog\u00eda Audi"],"articleSection":["BIZSTYLE","NOTICIAS"],"inLanguage":"es"},{"@type":"WebPage","@id":"https:\/\/autofans.com.ar\/index.php\/2024\/01\/10\/audi-carilo-2024-electromovilidad-en-accion\/","url":"https:\/\/autofans.com.ar\/index.php\/2024\/01\/10\/audi-carilo-2024-electromovilidad-en-accion\/","name":"Audi Caril\u00f3 2024, electromovilidad en acci\u00f3n -","isPartOf":{"@id":"https:\/\/autofans.com.ar\/#website"},"primaryImageOfPage":{"@id":"https:\/\/autofans.com.ar\/index.php\/2024\/01\/10\/audi-carilo-2024-electromovilidad-en-accion\/#primaryimage"},"image":{"@id":"https:\/\/autofans.com.ar\/index.php\/2024\/01\/10\/audi-carilo-2024-electromovilidad-en-accion\/#primaryimage"},"thumbnailUrl":"https:\/\/autofans.com.ar\/wp-content\/uploads\/2024\/01\/foto-1-13.jpg","datePublished":"2024-01-10T20:41:28+00:00","author":{"@id":"https:\/\/autofans.com.ar\/#\/schema\/person\/4a8dda0b6df83ac3d6723e921274c2aa"},"description":"Audi, con 25 a\u00f1os ininterrumpidos en la Costa Argentina, revela su visi\u00f3n de vanguardia en movilidad y digitalizaci\u00f3n en el stand de Caril\u00f3..","breadcrumb":{"@id":"https:\/\/autofans.com.ar\/index.php\/2024\/01\/10\/audi-carilo-2024-electromovilidad-en-accion\/#breadcrumb"},"inLanguage":"es","potentialAction":[{"@type":"ReadAction","target":["https:\/\/autofans.com.ar\/index.php\/2024\/01\/10\/audi-carilo-2024-electromovilidad-en-accion\/"]}]},{"@type":"ImageObject","inLanguage":"es","@id":"https:\/\/autofans.com.ar\/index.php\/2024\/01\/10\/audi-carilo-2024-electromovilidad-en-accion\/#primaryimage","url":"https:\/\/autofans.com.ar\/wp-content\/uploads\/2024\/01\/foto-1-13.jpg","contentUrl":"https:\/\/autofans.com.ar\/wp-content\/uploads\/2024\/01\/foto-1-13.jpg","width":1000,"height":667,"caption":"Audi Caril\u00f3"},{"@type":"BreadcrumbList","@id":"https:\/\/autofans.com.ar\/index.php\/2024\/01\/10\/audi-carilo-2024-electromovilidad-en-accion\/#breadcrumb","itemListElement":[{"@type":"ListItem","position":1,"name":"Inicio","item":"https:\/\/autofans.com.ar\/"},{"@type":"ListItem","position":2,"name":"Audi Caril\u00f3 2024, electromovilidad en acci\u00f3n"}]},{"@type":"WebSite","@id":"https:\/\/autofans.com.ar\/#website","url":"https:\/\/autofans.com.ar\/","name":"","description":"El multimedio referente de la industria automotriz","potentialAction":[{"@type":"SearchAction","target":{"@type":"EntryPoint","urlTemplate":"https:\/\/autofans.com.ar\/?s={search_term_string}"},"query-input":{"@type":"PropertyValueSpecification","valueRequired":true,"valueName":"search_term_string"}}],"inLanguage":"es"},{"@type":"Person","@id":"https:\/\/autofans.com.ar\/#\/schema\/person\/4a8dda0b6df83ac3d6723e921274c2aa","name":"Alejandro Gabriel Rosito","image":{"@type":"ImageObject","inLanguage":"es","@id":"https:\/\/secure.gravatar.com\/avatar\/16c5dda1489adfc62618084dcbb91cffd879c374b13fe5dd8e44ed6733852c88?s=96&d=mm&r=g","url":"https:\/\/secure.gravatar.com\/avatar\/16c5dda1489adfc62618084dcbb91cffd879c374b13fe5dd8e44ed6733852c88?s=96&d=mm&r=g","contentUrl":"https:\/\/secure.gravatar.com\/avatar\/16c5dda1489adfc62618084dcbb91cffd879c374b13fe5dd8e44ed6733852c88?s=96&d=mm&r=g","caption":"Alejandro Gabriel Rosito"},"url":"https:\/\/autofans.com.ar\/index.php\/author\/gabrielr\/"}]}},"featured_image_urls":{"full":["https:\/\/autofans.com.ar\/wp-content\/uploads\/2024\/01\/foto-1-13.jpg",1000,667,false],"thumbnail":["https:\/\/autofans.com.ar\/wp-content\/uploads\/2024\/01\/foto-1-13-150x150.jpg",150,150,true],"medium":["https:\/\/autofans.com.ar\/wp-content\/uploads\/2024\/01\/foto-1-13-300x200.jpg",300,200,true],"medium_large":["https:\/\/autofans.com.ar\/wp-content\/uploads\/2024\/01\/foto-1-13-768x512.jpg",640,427,true],"large":["https:\/\/autofans.com.ar\/wp-content\/uploads\/2024\/01\/foto-1-13.jpg",640,427,false],"1536x1536":["https:\/\/autofans.com.ar\/wp-content\/uploads\/2024\/01\/foto-1-13.jpg",1000,667,false],"2048x2048":["https:\/\/autofans.com.ar\/wp-content\/uploads\/2024\/01\/foto-1-13.jpg",1000,667,false],"covernews-featured":["https:\/\/autofans.com.ar\/wp-content\/uploads\/2024\/01\/foto-1-13.jpg",1000,667,false],"covernews-medium":["https:\/\/autofans.com.ar\/wp-content\/uploads\/2024\/01\/foto-1-13-540x340.jpg",540,340,true]},"author_info":{"display_name":"Alejandro Gabriel Rosito","author_link":"https:\/\/autofans.com.ar\/index.php\/author\/gabrielr\/"},"category_info":"<a href=\"https:\/\/autofans.com.ar\/index.php\/category\/noticias\/bizstyle\/\" rel=\"category tag\">BIZSTYLE<\/a> <a href=\"https:\/\/autofans.com.ar\/index.php\/category\/noticias\/\" rel=\"category tag\">NOTICIAS<\/a>","tag_info":"NOTICIAS","comment_count":0,"_links":{"self":[{"href":"https:\/\/autofans.com.ar\/index.php\/wp-json\/wp\/v2\/posts\/6299","targetHints":{"allow":["GET"]}}],"collection":[{"href":"https:\/\/autofans.com.ar\/index.php\/wp-json\/wp\/v2\/posts"}],"about":[{"href":"https:\/\/autofans.com.ar\/index.php\/wp-json\/wp\/v2\/types\/post"}],"author":[{"embeddable":true,"href":"https:\/\/autofans.com.ar\/index.php\/wp-json\/wp\/v2\/users\/2"}],"replies":[{"embeddable":true,"href":"https:\/\/autofans.com.ar\/index.php\/wp-json\/wp\/v2\/comments?post=6299"}],"version-history":[{"count":2,"href":"https:\/\/autofans.com.ar\/index.php\/wp-json\/wp\/v2\/posts\/6299\/revisions"}],"predecessor-version":[{"id":6305,"href":"https:\/\/autofans.com.ar\/index.php\/wp-json\/wp\/v2\/posts\/6299\/revisions\/6305"}],"wp:featuredmedia":[{"embeddable":true,"href":"https:\/\/autofans.com.ar\/index.php\/wp-json\/wp\/v2\/media\/6303"}],"wp:attachment":[{"href":"https:\/\/autofans.com.ar\/index.php\/wp-json\/wp\/v2\/media?parent=6299"}],"wp:term":[{"taxonomy":"category","embeddable":true,"href":"https:\/\/autofans.com.ar\/index.php\/wp-json\/wp\/v2\/categories?post=6299"},{"taxonomy":"post_tag","embeddable":true,"href":"https:\/\/autofans.com.ar\/index.php\/wp-json\/wp\/v2\/tags?post=6299"}],"curies":[{"name":"wp","href":"https:\/\/api.w.org\/{rel}","templated":true}]}}