{"id":6324,"date":"2024-01-11T18:05:48","date_gmt":"2024-01-11T21:05:48","guid":{"rendered":"https:\/\/autofans.com.ar\/?p=6324"},"modified":"2024-01-11T18:19:46","modified_gmt":"2024-01-11T21:19:46","slug":"bmw-group-bate-record-de-ventas","status":"publish","type":"post","link":"https:\/\/autofans.com.ar\/index.php\/2024\/01\/11\/bmw-group-bate-record-de-ventas\/","title":{"rendered":"BMW Group bate r\u00e9cord de ventas"},"content":{"rendered":"<p>BMW Group celebra un excepcional 2023 al alcanzar un r\u00e9cord hist\u00f3rico de ventas con 2.55 millones de veh\u00edculos entregados (+6.5%). Las ventas de veh\u00edculos el\u00e9ctricos de bater\u00eda (BEV) se destacan, representando el 15% del total y experimentando un crecimiento del 92.2%. Rolls-Royce y BMW Motorrad tambi\u00e9n celebran r\u00e9cords individuales.<\/p>\n<p>&nbsp;<\/p>\n<blockquote>\n<p style=\"text-align: center;\">\u201cGracias a la estrecha cooperaci\u00f3n con nuestros distribuidores e importadores y motivados por el s\u00f3lido desempe\u00f1o de nuestros colaboradores, BMW Group pudo alcanzar un nuevo r\u00e9cord de ventas en 2023. Los clientes alrededor del mundo valoran nuestras fuertes marcas BMW, MINI, Motorrad y Rolls-Royce, y en particular la disponibilidad de diferentes tecnolog\u00edas de propulsi\u00f3n en toda la gama de productos de BMW Group \u201c, dijo Jochen Goller, miembro del Consejo de Administraci\u00f3n de BMW AG, responsable de Cliente, Marcas, Ventas. \u201cCon nuestros nuevos veh\u00edculos, altamente atractivos y tecnol\u00f3gicamente sobresalientes, pudimos impulsar la electromovilidad a\u00fan m\u00e1s en 2023 y alcanzar la meta del 15% de ventas totales de veh\u00edculos completamente el\u00e9ctricos\u201d, continu\u00f3 Goller.<\/p>\n<\/blockquote>\n<p>&nbsp;<\/p>\n<h2>BMW Group apunta alto con 18 modelos el\u00e9ctricos<\/h2>\n<p>En 2023, BMW Group super\u00f3 todas las expectativas con 2.55 millones de veh\u00edculos entregados, marcando un aumento del 6.5%. Este hito incluye las marcas BMW, MINI y Rolls-Royce, que individualmente alcanzaron m\u00e1ximos hist\u00f3ricos. En el \u00faltimo trimestre, las ventas ascendieron a 718,778 unidades, un impresionante +10.3% respecto al a\u00f1o anterior.<\/p>\n<p>&nbsp;<\/p>\n<p><img fetchpriority=\"high\" decoding=\"async\" class=\"aligncenter wp-image-6327 size-full\" src=\"https:\/\/autofans.com.ar\/wp-content\/uploads\/2024\/01\/bmw-group-2.jpg\" alt=\"BMW Group\" width=\"1000\" height=\"667\" srcset=\"https:\/\/autofans.com.ar\/wp-content\/uploads\/2024\/01\/bmw-group-2.jpg 1000w, https:\/\/autofans.com.ar\/wp-content\/uploads\/2024\/01\/bmw-group-2-300x200.jpg 300w, https:\/\/autofans.com.ar\/wp-content\/uploads\/2024\/01\/bmw-group-2-768x512.jpg 768w\" sizes=\"(max-width: 1000px) 100vw, 1000px\" \/><\/p>\n<p>&nbsp;<\/p>\n<p>Con un s\u00f3lido enfoque en la movilidad el\u00e9ctrica, BMW Group entreg\u00f3 376,183 veh\u00edculos completamente el\u00e9ctricos en 2023, logrando un asombroso crecimiento del 74.4%. Este desempe\u00f1o super\u00f3 la expansi\u00f3n del mercado de veh\u00edculos el\u00e9ctricos, consolidando la posici\u00f3n de la empresa como pionera en e-movilidad.<\/p>\n<p>BMW Group proyecta mantener su crecimiento en veh\u00edculos el\u00e9ctricos de bater\u00eda (BEV) en 2024, con una gama de 18 modelos totalmente el\u00e9ctricos. La compa\u00f1\u00eda espera que uno de cada cinco veh\u00edculos entregados este a\u00f1o cuente con un tren motriz completamente el\u00e9ctrico, aumentando a uno de cada cuatro en 2025.<\/p>\n<p>&nbsp;<\/p>\n<h2>Electrificaci\u00f3n y crecimiento continuo<\/h2>\n<p>La marca BMW reafirma su liderazgo en el segmento Premium global en 2023, entregando 2.25 millones de veh\u00edculos, un aumento del 7.3%. Los modelos completamente el\u00e9ctricos, como el BMW iX1* y BMW i4*, impulsaron las ventas, con una demanda especialmente fuerte en los modelos de lujo como el BMW Serie 7 y el BMW X7.<\/p>\n<p>&nbsp;<\/p>\n<p><img decoding=\"async\" class=\"aligncenter wp-image-6328 size-full\" src=\"https:\/\/autofans.com.ar\/wp-content\/uploads\/2024\/01\/bmw-group-1.jpg\" alt=\"BMW Group\" width=\"1000\" height=\"667\" srcset=\"https:\/\/autofans.com.ar\/wp-content\/uploads\/2024\/01\/bmw-group-1.jpg 1000w, https:\/\/autofans.com.ar\/wp-content\/uploads\/2024\/01\/bmw-group-1-300x200.jpg 300w, https:\/\/autofans.com.ar\/wp-content\/uploads\/2024\/01\/bmw-group-1-768x512.jpg 768w\" sizes=\"(max-width: 1000px) 100vw, 1000px\" \/><\/p>\n<p>&nbsp;<\/p>\n<p>BMW M GmbH celebra su mejor a\u00f1o en m\u00e1s de 50 a\u00f1os, vendiendo 202,530 autom\u00f3viles en 2023, un aumento del 14.3%. Destacando la transici\u00f3n hacia la electromovilidad, el BMW i4 M50* completamente el\u00e9ctrico lidera las ventas en el segmento ejecutivo y de lujo.<\/p>\n<p>MINI entreg\u00f3 295,474 veh\u00edculos en 2023, con un modesto aumento del 0.9%. Los modelos completamente el\u00e9ctricos representaron el 15.3% de las ventas totales, siendo el MINI Cooper SE* el m\u00e1s vendido. La nueva familia MINI, con modelos completamente el\u00e9ctricos, se lanzar\u00e1 en 2024.<\/p>\n<p>&nbsp;<\/p>\n<blockquote>\n<p style=\"text-align: center;\">\u00abVemos una demanda continua y alta por nuestros productos completamente el\u00e9ctricos y, bas\u00e1ndonos en nuestro fuerte portfolio de productos, esperamos vender m\u00e1s de medio mill\u00f3n de veh\u00edculos completamente el\u00e9ctricos en 2024\u00bb, dijo Goller.<\/p>\n<\/blockquote>\n<p>&nbsp;<\/p>\n<h2>Desempe\u00f1o s\u00f3lido en mercados clave durante 2023<\/h2>\n<p>Rolls-Royce cerr\u00f3 2023 con r\u00e9cords, entregando 6,032 veh\u00edculos, el mayor n\u00famero en su historia. El Rolls-Royce Spectre*, su primer autom\u00f3vil completamente el\u00e9ctrico, fue introducido con \u00e9xito. La marca refuerza su compromiso con proyectos personalizados Bespoke.<\/p>\n<p>BMW Motorrad celebra su a\u00f1o del centenario con ventas hist\u00f3ricas de 209,257 motocicletas y scooters en 2023, un aumento del 3.1%. Nuevos modelos, como la potente M 1000 R y la ic\u00f3nica R 1300 GS, contribuyeron al \u00e9xito.<\/p>\n<p>BMW y MINI mantienen un s\u00f3lido desempe\u00f1o en mercados clave. En Estados Unidos, las entregas aumentaron un 9.4%, en Europa un 7.5%, en China un 4.2%, y en Alemania se registraron 281,986 veh\u00edculos.<\/p>\n<p>&nbsp;<\/p>\n<p>&nbsp;<\/p>\n<p><i>Para enterarte de m\u00e1s novedades, no dejes de leer\u00a0<\/i><a href=\"https:\/\/autofans.thebrandsoup.com\/\"><i>nuestras notas<\/i><\/a><i>, de ver<\/i><b><i>\u00a0<\/i><\/b><a href=\"https:\/\/www.youtube.com\/channel\/UCgAC8UGHZYbT6P7PpmVnP7g\"><b><i>AUTOFANS TV<\/i><\/b><\/a><b><i>\u00a0<\/i><\/b><i>en nuestro\u00a0canal de Youtube. Adem\u00e1s seguinos en\u00a0<\/i><a href=\"https:\/\/www.instagram.com\/autofanstv\/\"><i>INSTAGRAM<\/i><\/a><i> y <\/i><a href=\"https:\/\/www.facebook.com\/autofansmas\/\"><i>FACEBOOK<\/i><\/a><i> para no perderte nada sobre las novedades del segmento automotor de Argentina y el mundo.<\/i><\/p>\n","protected":false},"excerpt":{"rendered":"<p>BMW Group celebra un excepcional 2023 al alcanzar un r\u00e9cord hist\u00f3rico de ventas con 2.55&#8230;<\/p>\n","protected":false},"author":2,"featured_media":6325,"comment_status":"closed","ping_status":"closed","sticky":false,"template":"","format":"standard","meta":{"footnotes":""},"categories":[292,16],"tags":[208,1634,1603,1159,542,3337,1906,430,3335,3336,359],"class_list":["post-6324","post","type-post","status-publish","format-standard","has-post-thumbnail","hentry","category-empresas","category-noticias","tag-bmw","tag-bmw-group","tag-bmw-m","tag-bmw-motorrad","tag-electromovilidad","tag-exito-2023","tag-mercado-automotriz","tag-mini","tag-record-de-ventas","tag-rolls-royce","tag-vehiculos-electricos"],"yoast_head":"<!-- This site is optimized with the Yoast SEO plugin v27.5 - https:\/\/yoast.com\/product\/yoast-seo-wordpress\/ -->\n<title>BMW Group bate r\u00e9cord de ventas -<\/title>\n<meta name=\"description\" content=\"BMW Group celebra un excepcional 2023 al alcanzar un r\u00e9cord hist\u00f3rico de ventas con 2.55 millones de veh\u00edculos entregados (+6.5%)...\" \/>\n<meta name=\"robots\" content=\"index, follow, max-snippet:-1, max-image-preview:large, max-video-preview:-1\" \/>\n<link rel=\"canonical\" href=\"https:\/\/autofans.com.ar\/index.php\/2024\/01\/11\/bmw-group-bate-record-de-ventas\/\" \/>\n<meta property=\"og:locale\" content=\"es_ES\" \/>\n<meta property=\"og:type\" content=\"article\" \/>\n<meta property=\"og:title\" content=\"BMW Group bate r\u00e9cord de ventas -\" \/>\n<meta property=\"og:description\" content=\"BMW Group celebra un excepcional 2023 al alcanzar un r\u00e9cord hist\u00f3rico de ventas con 2.55 millones de veh\u00edculos entregados (+6.5%)...\" \/>\n<meta property=\"og:url\" content=\"https:\/\/autofans.com.ar\/index.php\/2024\/01\/11\/bmw-group-bate-record-de-ventas\/\" \/>\n<meta property=\"article:published_time\" content=\"2024-01-11T21:05:48+00:00\" \/>\n<meta property=\"article:modified_time\" content=\"2024-01-11T21:19:46+00:00\" \/>\n<meta property=\"og:image\" content=\"https:\/\/autofans.com.ar\/wp-content\/uploads\/2024\/01\/bmw-group-4.jpg\" \/>\n\t<meta property=\"og:image:width\" content=\"640\" \/>\n\t<meta property=\"og:image:height\" content=\"427\" \/>\n\t<meta property=\"og:image:type\" content=\"image\/jpeg\" \/>\n<meta name=\"author\" content=\"Alejandro Gabriel Rosito\" \/>\n<meta name=\"twitter:card\" content=\"summary_large_image\" \/>\n<meta name=\"twitter:label1\" content=\"Escrito por\" \/>\n\t<meta name=\"twitter:data1\" content=\"Alejandro Gabriel Rosito\" \/>\n\t<meta name=\"twitter:label2\" content=\"Tiempo de lectura\" \/>\n\t<meta name=\"twitter:data2\" content=\"3 minutos\" \/>\n<script type=\"application\/ld+json\" class=\"yoast-schema-graph\">{\"@context\":\"https:\\\/\\\/schema.org\",\"@graph\":[{\"@type\":\"Article\",\"@id\":\"https:\\\/\\\/autofans.com.ar\\\/index.php\\\/2024\\\/01\\\/11\\\/bmw-group-bate-record-de-ventas\\\/#article\",\"isPartOf\":{\"@id\":\"https:\\\/\\\/autofans.com.ar\\\/index.php\\\/2024\\\/01\\\/11\\\/bmw-group-bate-record-de-ventas\\\/\"},\"author\":{\"name\":\"Alejandro Gabriel Rosito\",\"@id\":\"https:\\\/\\\/autofans.com.ar\\\/#\\\/schema\\\/person\\\/4a8dda0b6df83ac3d6723e921274c2aa\"},\"headline\":\"BMW Group bate r\u00e9cord de ventas\",\"datePublished\":\"2024-01-11T21:05:48+00:00\",\"dateModified\":\"2024-01-11T21:19:46+00:00\",\"mainEntityOfPage\":{\"@id\":\"https:\\\/\\\/autofans.com.ar\\\/index.php\\\/2024\\\/01\\\/11\\\/bmw-group-bate-record-de-ventas\\\/\"},\"wordCount\":691,\"image\":{\"@id\":\"https:\\\/\\\/autofans.com.ar\\\/index.php\\\/2024\\\/01\\\/11\\\/bmw-group-bate-record-de-ventas\\\/#primaryimage\"},\"thumbnailUrl\":\"https:\\\/\\\/autofans.com.ar\\\/wp-content\\\/uploads\\\/2024\\\/01\\\/bmw-group-4.jpg\",\"keywords\":[\"#BMW\",\"BMW Group\",\"BMW M\",\"BMW Motorrad\",\"electromovilidad\",\"\u00c9xito 2023\",\"mercado automotriz\",\"MINI\",\"R\u00e9cord de Ventas\",\"Rolls-Royce\",\"veh\u00edculos el\u00e9ctricos\"],\"articleSection\":[\"EMPRESAS\",\"NOTICIAS\"],\"inLanguage\":\"es\"},{\"@type\":\"WebPage\",\"@id\":\"https:\\\/\\\/autofans.com.ar\\\/index.php\\\/2024\\\/01\\\/11\\\/bmw-group-bate-record-de-ventas\\\/\",\"url\":\"https:\\\/\\\/autofans.com.ar\\\/index.php\\\/2024\\\/01\\\/11\\\/bmw-group-bate-record-de-ventas\\\/\",\"name\":\"BMW Group bate r\u00e9cord de ventas -\",\"isPartOf\":{\"@id\":\"https:\\\/\\\/autofans.com.ar\\\/#website\"},\"primaryImageOfPage\":{\"@id\":\"https:\\\/\\\/autofans.com.ar\\\/index.php\\\/2024\\\/01\\\/11\\\/bmw-group-bate-record-de-ventas\\\/#primaryimage\"},\"image\":{\"@id\":\"https:\\\/\\\/autofans.com.ar\\\/index.php\\\/2024\\\/01\\\/11\\\/bmw-group-bate-record-de-ventas\\\/#primaryimage\"},\"thumbnailUrl\":\"https:\\\/\\\/autofans.com.ar\\\/wp-content\\\/uploads\\\/2024\\\/01\\\/bmw-group-4.jpg\",\"datePublished\":\"2024-01-11T21:05:48+00:00\",\"dateModified\":\"2024-01-11T21:19:46+00:00\",\"author\":{\"@id\":\"https:\\\/\\\/autofans.com.ar\\\/#\\\/schema\\\/person\\\/4a8dda0b6df83ac3d6723e921274c2aa\"},\"description\":\"BMW Group celebra un excepcional 2023 al alcanzar un r\u00e9cord hist\u00f3rico de ventas con 2.55 millones de veh\u00edculos entregados (+6.5%)...\",\"breadcrumb\":{\"@id\":\"https:\\\/\\\/autofans.com.ar\\\/index.php\\\/2024\\\/01\\\/11\\\/bmw-group-bate-record-de-ventas\\\/#breadcrumb\"},\"inLanguage\":\"es\",\"potentialAction\":[{\"@type\":\"ReadAction\",\"target\":[\"https:\\\/\\\/autofans.com.ar\\\/index.php\\\/2024\\\/01\\\/11\\\/bmw-group-bate-record-de-ventas\\\/\"]}]},{\"@type\":\"ImageObject\",\"inLanguage\":\"es\",\"@id\":\"https:\\\/\\\/autofans.com.ar\\\/index.php\\\/2024\\\/01\\\/11\\\/bmw-group-bate-record-de-ventas\\\/#primaryimage\",\"url\":\"https:\\\/\\\/autofans.com.ar\\\/wp-content\\\/uploads\\\/2024\\\/01\\\/bmw-group-4.jpg\",\"contentUrl\":\"https:\\\/\\\/autofans.com.ar\\\/wp-content\\\/uploads\\\/2024\\\/01\\\/bmw-group-4.jpg\",\"width\":1000,\"height\":667,\"caption\":\"BMW Group\"},{\"@type\":\"BreadcrumbList\",\"@id\":\"https:\\\/\\\/autofans.com.ar\\\/index.php\\\/2024\\\/01\\\/11\\\/bmw-group-bate-record-de-ventas\\\/#breadcrumb\",\"itemListElement\":[{\"@type\":\"ListItem\",\"position\":1,\"name\":\"Inicio\",\"item\":\"https:\\\/\\\/autofans.com.ar\\\/\"},{\"@type\":\"ListItem\",\"position\":2,\"name\":\"BMW Group bate r\u00e9cord de ventas\"}]},{\"@type\":\"WebSite\",\"@id\":\"https:\\\/\\\/autofans.com.ar\\\/#website\",\"url\":\"https:\\\/\\\/autofans.com.ar\\\/\",\"name\":\"\",\"description\":\"El multimedio referente de la industria automotriz\",\"potentialAction\":[{\"@type\":\"SearchAction\",\"target\":{\"@type\":\"EntryPoint\",\"urlTemplate\":\"https:\\\/\\\/autofans.com.ar\\\/?s={search_term_string}\"},\"query-input\":{\"@type\":\"PropertyValueSpecification\",\"valueRequired\":true,\"valueName\":\"search_term_string\"}}],\"inLanguage\":\"es\"},{\"@type\":\"Person\",\"@id\":\"https:\\\/\\\/autofans.com.ar\\\/#\\\/schema\\\/person\\\/4a8dda0b6df83ac3d6723e921274c2aa\",\"name\":\"Alejandro Gabriel Rosito\",\"image\":{\"@type\":\"ImageObject\",\"inLanguage\":\"es\",\"@id\":\"https:\\\/\\\/secure.gravatar.com\\\/avatar\\\/16c5dda1489adfc62618084dcbb91cffd879c374b13fe5dd8e44ed6733852c88?s=96&d=mm&r=g\",\"url\":\"https:\\\/\\\/secure.gravatar.com\\\/avatar\\\/16c5dda1489adfc62618084dcbb91cffd879c374b13fe5dd8e44ed6733852c88?s=96&d=mm&r=g\",\"contentUrl\":\"https:\\\/\\\/secure.gravatar.com\\\/avatar\\\/16c5dda1489adfc62618084dcbb91cffd879c374b13fe5dd8e44ed6733852c88?s=96&d=mm&r=g\",\"caption\":\"Alejandro Gabriel Rosito\"},\"url\":\"https:\\\/\\\/autofans.com.ar\\\/index.php\\\/author\\\/gabrielr\\\/\"}]}<\/script>\n<!-- \/ Yoast SEO plugin. -->","yoast_head_json":{"title":"BMW Group bate r\u00e9cord de ventas -","description":"BMW Group celebra un excepcional 2023 al alcanzar un r\u00e9cord hist\u00f3rico de ventas con 2.55 millones de veh\u00edculos entregados (+6.5%)...","robots":{"index":"index","follow":"follow","max-snippet":"max-snippet:-1","max-image-preview":"max-image-preview:large","max-video-preview":"max-video-preview:-1"},"canonical":"https:\/\/autofans.com.ar\/index.php\/2024\/01\/11\/bmw-group-bate-record-de-ventas\/","og_locale":"es_ES","og_type":"article","og_title":"BMW Group bate r\u00e9cord de ventas -","og_description":"BMW Group celebra un excepcional 2023 al alcanzar un r\u00e9cord hist\u00f3rico de ventas con 2.55 millones de veh\u00edculos entregados (+6.5%)...","og_url":"https:\/\/autofans.com.ar\/index.php\/2024\/01\/11\/bmw-group-bate-record-de-ventas\/","article_published_time":"2024-01-11T21:05:48+00:00","article_modified_time":"2024-01-11T21:19:46+00:00","og_image":[{"url":"https:\/\/autofans.com.ar\/wp-content\/uploads\/2024\/01\/bmw-group-4.jpg","width":640,"height":427,"type":"image\/jpeg"}],"author":"Alejandro Gabriel Rosito","twitter_card":"summary_large_image","twitter_misc":{"Escrito por":"Alejandro Gabriel Rosito","Tiempo de lectura":"3 minutos"},"schema":{"@context":"https:\/\/schema.org","@graph":[{"@type":"Article","@id":"https:\/\/autofans.com.ar\/index.php\/2024\/01\/11\/bmw-group-bate-record-de-ventas\/#article","isPartOf":{"@id":"https:\/\/autofans.com.ar\/index.php\/2024\/01\/11\/bmw-group-bate-record-de-ventas\/"},"author":{"name":"Alejandro Gabriel Rosito","@id":"https:\/\/autofans.com.ar\/#\/schema\/person\/4a8dda0b6df83ac3d6723e921274c2aa"},"headline":"BMW Group bate r\u00e9cord de ventas","datePublished":"2024-01-11T21:05:48+00:00","dateModified":"2024-01-11T21:19:46+00:00","mainEntityOfPage":{"@id":"https:\/\/autofans.com.ar\/index.php\/2024\/01\/11\/bmw-group-bate-record-de-ventas\/"},"wordCount":691,"image":{"@id":"https:\/\/autofans.com.ar\/index.php\/2024\/01\/11\/bmw-group-bate-record-de-ventas\/#primaryimage"},"thumbnailUrl":"https:\/\/autofans.com.ar\/wp-content\/uploads\/2024\/01\/bmw-group-4.jpg","keywords":["#BMW","BMW Group","BMW M","BMW Motorrad","electromovilidad","\u00c9xito 2023","mercado automotriz","MINI","R\u00e9cord de Ventas","Rolls-Royce","veh\u00edculos el\u00e9ctricos"],"articleSection":["EMPRESAS","NOTICIAS"],"inLanguage":"es"},{"@type":"WebPage","@id":"https:\/\/autofans.com.ar\/index.php\/2024\/01\/11\/bmw-group-bate-record-de-ventas\/","url":"https:\/\/autofans.com.ar\/index.php\/2024\/01\/11\/bmw-group-bate-record-de-ventas\/","name":"BMW Group bate r\u00e9cord de ventas -","isPartOf":{"@id":"https:\/\/autofans.com.ar\/#website"},"primaryImageOfPage":{"@id":"https:\/\/autofans.com.ar\/index.php\/2024\/01\/11\/bmw-group-bate-record-de-ventas\/#primaryimage"},"image":{"@id":"https:\/\/autofans.com.ar\/index.php\/2024\/01\/11\/bmw-group-bate-record-de-ventas\/#primaryimage"},"thumbnailUrl":"https:\/\/autofans.com.ar\/wp-content\/uploads\/2024\/01\/bmw-group-4.jpg","datePublished":"2024-01-11T21:05:48+00:00","dateModified":"2024-01-11T21:19:46+00:00","author":{"@id":"https:\/\/autofans.com.ar\/#\/schema\/person\/4a8dda0b6df83ac3d6723e921274c2aa"},"description":"BMW Group celebra un excepcional 2023 al alcanzar un r\u00e9cord hist\u00f3rico de ventas con 2.55 millones de veh\u00edculos entregados (+6.5%)...","breadcrumb":{"@id":"https:\/\/autofans.com.ar\/index.php\/2024\/01\/11\/bmw-group-bate-record-de-ventas\/#breadcrumb"},"inLanguage":"es","potentialAction":[{"@type":"ReadAction","target":["https:\/\/autofans.com.ar\/index.php\/2024\/01\/11\/bmw-group-bate-record-de-ventas\/"]}]},{"@type":"ImageObject","inLanguage":"es","@id":"https:\/\/autofans.com.ar\/index.php\/2024\/01\/11\/bmw-group-bate-record-de-ventas\/#primaryimage","url":"https:\/\/autofans.com.ar\/wp-content\/uploads\/2024\/01\/bmw-group-4.jpg","contentUrl":"https:\/\/autofans.com.ar\/wp-content\/uploads\/2024\/01\/bmw-group-4.jpg","width":1000,"height":667,"caption":"BMW Group"},{"@type":"BreadcrumbList","@id":"https:\/\/autofans.com.ar\/index.php\/2024\/01\/11\/bmw-group-bate-record-de-ventas\/#breadcrumb","itemListElement":[{"@type":"ListItem","position":1,"name":"Inicio","item":"https:\/\/autofans.com.ar\/"},{"@type":"ListItem","position":2,"name":"BMW Group bate r\u00e9cord de ventas"}]},{"@type":"WebSite","@id":"https:\/\/autofans.com.ar\/#website","url":"https:\/\/autofans.com.ar\/","name":"","description":"El multimedio referente de la industria automotriz","potentialAction":[{"@type":"SearchAction","target":{"@type":"EntryPoint","urlTemplate":"https:\/\/autofans.com.ar\/?s={search_term_string}"},"query-input":{"@type":"PropertyValueSpecification","valueRequired":true,"valueName":"search_term_string"}}],"inLanguage":"es"},{"@type":"Person","@id":"https:\/\/autofans.com.ar\/#\/schema\/person\/4a8dda0b6df83ac3d6723e921274c2aa","name":"Alejandro Gabriel Rosito","image":{"@type":"ImageObject","inLanguage":"es","@id":"https:\/\/secure.gravatar.com\/avatar\/16c5dda1489adfc62618084dcbb91cffd879c374b13fe5dd8e44ed6733852c88?s=96&d=mm&r=g","url":"https:\/\/secure.gravatar.com\/avatar\/16c5dda1489adfc62618084dcbb91cffd879c374b13fe5dd8e44ed6733852c88?s=96&d=mm&r=g","contentUrl":"https:\/\/secure.gravatar.com\/avatar\/16c5dda1489adfc62618084dcbb91cffd879c374b13fe5dd8e44ed6733852c88?s=96&d=mm&r=g","caption":"Alejandro Gabriel Rosito"},"url":"https:\/\/autofans.com.ar\/index.php\/author\/gabrielr\/"}]}},"featured_image_urls":{"full":["https:\/\/autofans.com.ar\/wp-content\/uploads\/2024\/01\/bmw-group-4.jpg",1000,667,false],"thumbnail":["https:\/\/autofans.com.ar\/wp-content\/uploads\/2024\/01\/bmw-group-4-150x150.jpg",150,150,true],"medium":["https:\/\/autofans.com.ar\/wp-content\/uploads\/2024\/01\/bmw-group-4-300x200.jpg",300,200,true],"medium_large":["https:\/\/autofans.com.ar\/wp-content\/uploads\/2024\/01\/bmw-group-4-768x512.jpg",640,427,true],"large":["https:\/\/autofans.com.ar\/wp-content\/uploads\/2024\/01\/bmw-group-4.jpg",640,427,false],"1536x1536":["https:\/\/autofans.com.ar\/wp-content\/uploads\/2024\/01\/bmw-group-4.jpg",1000,667,false],"2048x2048":["https:\/\/autofans.com.ar\/wp-content\/uploads\/2024\/01\/bmw-group-4.jpg",1000,667,false],"covernews-featured":["https:\/\/autofans.com.ar\/wp-content\/uploads\/2024\/01\/bmw-group-4.jpg",1000,667,false],"covernews-medium":["https:\/\/autofans.com.ar\/wp-content\/uploads\/2024\/01\/bmw-group-4-540x340.jpg",540,340,true]},"author_info":{"display_name":"Alejandro Gabriel Rosito","author_link":"https:\/\/autofans.com.ar\/index.php\/author\/gabrielr\/"},"category_info":"<a href=\"https:\/\/autofans.com.ar\/index.php\/category\/noticias\/empresas\/\" rel=\"category tag\">EMPRESAS<\/a> <a href=\"https:\/\/autofans.com.ar\/index.php\/category\/noticias\/\" rel=\"category tag\">NOTICIAS<\/a>","tag_info":"NOTICIAS","comment_count":0,"_links":{"self":[{"href":"https:\/\/autofans.com.ar\/index.php\/wp-json\/wp\/v2\/posts\/6324","targetHints":{"allow":["GET"]}}],"collection":[{"href":"https:\/\/autofans.com.ar\/index.php\/wp-json\/wp\/v2\/posts"}],"about":[{"href":"https:\/\/autofans.com.ar\/index.php\/wp-json\/wp\/v2\/types\/post"}],"author":[{"embeddable":true,"href":"https:\/\/autofans.com.ar\/index.php\/wp-json\/wp\/v2\/users\/2"}],"replies":[{"embeddable":true,"href":"https:\/\/autofans.com.ar\/index.php\/wp-json\/wp\/v2\/comments?post=6324"}],"version-history":[{"count":3,"href":"https:\/\/autofans.com.ar\/index.php\/wp-json\/wp\/v2\/posts\/6324\/revisions"}],"predecessor-version":[{"id":6331,"href":"https:\/\/autofans.com.ar\/index.php\/wp-json\/wp\/v2\/posts\/6324\/revisions\/6331"}],"wp:featuredmedia":[{"embeddable":true,"href":"https:\/\/autofans.com.ar\/index.php\/wp-json\/wp\/v2\/media\/6325"}],"wp:attachment":[{"href":"https:\/\/autofans.com.ar\/index.php\/wp-json\/wp\/v2\/media?parent=6324"}],"wp:term":[{"taxonomy":"category","embeddable":true,"href":"https:\/\/autofans.com.ar\/index.php\/wp-json\/wp\/v2\/categories?post=6324"},{"taxonomy":"post_tag","embeddable":true,"href":"https:\/\/autofans.com.ar\/index.php\/wp-json\/wp\/v2\/tags?post=6324"}],"curies":[{"name":"wp","href":"https:\/\/api.w.org\/{rel}","templated":true}]}}