{"id":6341,"date":"2024-01-12T13:17:09","date_gmt":"2024-01-12T16:17:09","guid":{"rendered":"https:\/\/autofans.com.ar\/?p=6341"},"modified":"2024-01-12T13:18:57","modified_gmt":"2024-01-12T16:18:57","slug":"sprinter-de-mercedes-benz-rompe-records-y-lidera-el-mercado","status":"publish","type":"post","link":"https:\/\/autofans.com.ar\/index.php\/2024\/01\/12\/sprinter-de-mercedes-benz-rompe-records-y-lidera-el-mercado\/","title":{"rendered":"Sprinter de Mercedes-Benz rompe r\u00e9cords y lidera el mercado"},"content":{"rendered":"<p>En un a\u00f1o sin precedentes, la Sprinter de Mercedes-Benz consolida su posici\u00f3n como l\u00edder indiscutido en el segmento de utilitarios. Con un r\u00e9cord hist\u00f3rico de 5980 unidades vendidas, el emblem\u00e1tico veh\u00edculo fabricado en Virrey del Pino durante los \u00faltimos 27 a\u00f1os se consagra como la opci\u00f3n preferida en el mercado.<\/p>\n<p>&nbsp;<\/p>\n<h2>Sprinter de Mercedes-Benz &#8211; l\u00edder exportador en Am\u00e9rica<\/h2>\n<p>La Sprinter, reconocida por su versatilidad y seguridad, no solo es la m\u00e1s elegida en Argentina, sino que tambi\u00e9n marca tendencia en la exportaci\u00f3n, enviando el 70% de sus unidades a pa\u00edses de Latinoam\u00e9rica y Estados Unidos. Este logro consolida a Mercedes-Benz como la \u00fanica automotriz local exportadora de veh\u00edculos a Estados Unidos.<\/p>\n<p>&nbsp;<\/p>\n<p><img fetchpriority=\"high\" decoding=\"async\" class=\"aligncenter wp-image-6342 size-full\" src=\"https:\/\/autofans.com.ar\/wp-content\/uploads\/2024\/01\/sprinter-3.jpg\" alt=\"Sprinter de Mercedes-Benz\" width=\"1000\" height=\"667\" srcset=\"https:\/\/autofans.com.ar\/wp-content\/uploads\/2024\/01\/sprinter-3.jpg 1000w, https:\/\/autofans.com.ar\/wp-content\/uploads\/2024\/01\/sprinter-3-300x200.jpg 300w, https:\/\/autofans.com.ar\/wp-content\/uploads\/2024\/01\/sprinter-3-768x512.jpg 768w\" sizes=\"(max-width: 1000px) 100vw, 1000px\" \/><\/p>\n<p>&nbsp;<\/p>\n<p>Durante el 2023, la Sprinter registr\u00f3 un impresionante aumento del 17% en sus ventas en comparaci\u00f3n con el a\u00f1o anterior, manteni\u00e9ndose como l\u00edder en patentamientos por m\u00e1s de una d\u00e9cada. Este fen\u00f3meno no solo destaca su arraigo en el mercado argentino, sino tambi\u00e9n su presencia destacada en el \u00e1mbito internacional.<\/p>\n<p>&nbsp;<\/p>\n<blockquote>\n<p style=\"text-align: center;\"><span style=\"font-weight: 400;\">Manuel Mantilla, presidente y CEO de Mercedes-Benz Argentina, afirm\u00f3<\/span><span style=\"font-weight: 400;\">: \u201cAlcanzar el r\u00e9cord hist\u00f3rico de ventas de la Sprinter <\/span><span style=\"font-weight: 400;\">nos llena de orgullo a cada uno de los que formamos parte del equipo de Mercedes-Benz Argentina. Adem\u00e1s, en 2023, alcanzamos las 400.000 unidades de Sprinter producidas en nuestra f\u00e1brica. Por otra parte, la Sprinter es tan confiable que ahora la ofrecemos con tres a\u00f1os de garant\u00eda sin l\u00edmite de kilometraje\u201d.\u00a0<\/span><\/p>\n<\/blockquote>\n<p>&nbsp;<\/p>\n<h2>27 A\u00f1os de innovaci\u00f3n en el centro Fangio<\/h2>\n<p>El Centro Industrial Juan Manuel Fangio, donde se fabrica la Sprinter, celebra 27 a\u00f1os de producci\u00f3n ininterrumpida. La clave de su \u00e9xito reside en su destacada seguridad y versatilidad, ofreciendo una amplia gama de versiones que se adaptan a las necesidades de los clientes y permiten aplicaciones con carrocer\u00edas especiales.<\/p>\n<p>&nbsp;<\/p>\n<p>&nbsp;<\/p>\n<p><img decoding=\"async\" class=\"aligncenter wp-image-6346 size-full\" src=\"https:\/\/autofans.com.ar\/wp-content\/uploads\/2024\/01\/centro-Fangio.jpg\" alt=\"Sprinter de Mercedes-Benz\" width=\"1000\" height=\"667\" srcset=\"https:\/\/autofans.com.ar\/wp-content\/uploads\/2024\/01\/centro-Fangio.jpg 1000w, https:\/\/autofans.com.ar\/wp-content\/uploads\/2024\/01\/centro-Fangio-300x200.jpg 300w, https:\/\/autofans.com.ar\/wp-content\/uploads\/2024\/01\/centro-Fangio-768x512.jpg 768w\" sizes=\"(max-width: 1000px) 100vw, 1000px\" \/><\/p>\n<p>&nbsp;<\/p>\n<p>En resumen, la Sprinter de Mercedes-Benz no solo bate r\u00e9cords en ventas, sino que se consolida como una soluci\u00f3n vanguardista y eficiente de movilidad. Su impacto va m\u00e1s all\u00e1 de las fronteras argentinas, llevando su calidad y prestigio a diversas partes del mundo.<\/p>\n<p>&nbsp;<\/p>\n<p>&nbsp;<\/p>\n<p><i>Para enterarte de m\u00e1s novedades, no dejes de leer\u00a0<\/i><a href=\"https:\/\/autofans.thebrandsoup.com\/\"><i>nuestras notas<\/i><\/a><i>, de ver<\/i><b><i>\u00a0<\/i><\/b><a href=\"https:\/\/www.youtube.com\/channel\/UCgAC8UGHZYbT6P7PpmVnP7g\"><b><i>AUTOFANS TV<\/i><\/b><\/a><b><i>\u00a0<\/i><\/b><i>en nuestro\u00a0canal de Youtube. Adem\u00e1s seguinos en\u00a0<\/i><a href=\"https:\/\/www.instagram.com\/autofanstv\/\"><i>INSTAGRAM<\/i><\/a><i> y <\/i><a href=\"https:\/\/www.facebook.com\/autofansmas\/\"><i>FACEBOOK<\/i><\/a><i> para no perderte nada sobre las novedades del segmento automotor de Argentina y el mundo.<\/i><\/p>\n","protected":false},"excerpt":{"rendered":"<p>En un a\u00f1o sin precedentes, la Sprinter de Mercedes-Benz consolida su posici\u00f3n como l\u00edder indiscutido&#8230;<\/p>\n","protected":false},"author":2,"featured_media":6344,"comment_status":"closed","ping_status":"closed","sticky":false,"template":"","format":"standard","meta":{"footnotes":""},"categories":[292,16],"tags":[3346,2527,3345,3347,3343,3344],"class_list":["post-6341","post","type-post","status-publish","format-standard","has-post-thumbnail","hentry","category-empresas","category-noticias","tag-centro-industrial-juan-manuel-fangio","tag-exportacion-de-vehiculos","tag-record-de-ventas-2023","tag-seguridad-y-versatilidad-automotriz","tag-sprinter-mercedes-benz","tag-utilitarios-argentina"],"yoast_head":"<!-- This site is optimized with the Yoast SEO plugin v27.5 - https:\/\/yoast.com\/product\/yoast-seo-wordpress\/ -->\n<title>Sprinter de Mercedes-Benz rompe r\u00e9cords y lidera el mercado -<\/title>\n<meta name=\"description\" content=\"En un a\u00f1o sin precedentes, la Sprinter de Mercedes-Benz consolida su posici\u00f3n como l\u00edder indiscutido en el segmento de utilitarios....\" \/>\n<meta name=\"robots\" content=\"index, follow, max-snippet:-1, max-image-preview:large, max-video-preview:-1\" \/>\n<link rel=\"canonical\" href=\"https:\/\/autofans.com.ar\/index.php\/2024\/01\/12\/sprinter-de-mercedes-benz-rompe-records-y-lidera-el-mercado\/\" \/>\n<meta property=\"og:locale\" content=\"es_ES\" \/>\n<meta property=\"og:type\" content=\"article\" \/>\n<meta property=\"og:title\" content=\"Sprinter de Mercedes-Benz rompe r\u00e9cords y lidera el mercado -\" \/>\n<meta property=\"og:description\" content=\"En un a\u00f1o sin precedentes, la Sprinter de Mercedes-Benz consolida su posici\u00f3n como l\u00edder indiscutido en el segmento de utilitarios....\" \/>\n<meta property=\"og:url\" content=\"https:\/\/autofans.com.ar\/index.php\/2024\/01\/12\/sprinter-de-mercedes-benz-rompe-records-y-lidera-el-mercado\/\" \/>\n<meta property=\"article:published_time\" content=\"2024-01-12T16:17:09+00:00\" \/>\n<meta property=\"article:modified_time\" content=\"2024-01-12T16:18:57+00:00\" \/>\n<meta property=\"og:image\" content=\"https:\/\/autofans.com.ar\/wp-content\/uploads\/2024\/01\/sprinter-1.jpg\" \/>\n\t<meta property=\"og:image:width\" content=\"640\" \/>\n\t<meta property=\"og:image:height\" content=\"427\" \/>\n\t<meta property=\"og:image:type\" content=\"image\/jpeg\" \/>\n<meta name=\"author\" content=\"Alejandro Gabriel Rosito\" \/>\n<meta name=\"twitter:card\" content=\"summary_large_image\" \/>\n<meta name=\"twitter:label1\" content=\"Escrito por\" \/>\n\t<meta name=\"twitter:data1\" content=\"Alejandro Gabriel Rosito\" \/>\n\t<meta name=\"twitter:label2\" content=\"Tiempo de lectura\" \/>\n\t<meta name=\"twitter:data2\" content=\"2 minutos\" \/>\n<script type=\"application\/ld+json\" class=\"yoast-schema-graph\">{\"@context\":\"https:\\\/\\\/schema.org\",\"@graph\":[{\"@type\":\"Article\",\"@id\":\"https:\\\/\\\/autofans.com.ar\\\/index.php\\\/2024\\\/01\\\/12\\\/sprinter-de-mercedes-benz-rompe-records-y-lidera-el-mercado\\\/#article\",\"isPartOf\":{\"@id\":\"https:\\\/\\\/autofans.com.ar\\\/index.php\\\/2024\\\/01\\\/12\\\/sprinter-de-mercedes-benz-rompe-records-y-lidera-el-mercado\\\/\"},\"author\":{\"name\":\"Alejandro Gabriel Rosito\",\"@id\":\"https:\\\/\\\/autofans.com.ar\\\/#\\\/schema\\\/person\\\/4a8dda0b6df83ac3d6723e921274c2aa\"},\"headline\":\"Sprinter de Mercedes-Benz rompe r\u00e9cords y lidera el mercado\",\"datePublished\":\"2024-01-12T16:17:09+00:00\",\"dateModified\":\"2024-01-12T16:18:57+00:00\",\"mainEntityOfPage\":{\"@id\":\"https:\\\/\\\/autofans.com.ar\\\/index.php\\\/2024\\\/01\\\/12\\\/sprinter-de-mercedes-benz-rompe-records-y-lidera-el-mercado\\\/\"},\"wordCount\":425,\"image\":{\"@id\":\"https:\\\/\\\/autofans.com.ar\\\/index.php\\\/2024\\\/01\\\/12\\\/sprinter-de-mercedes-benz-rompe-records-y-lidera-el-mercado\\\/#primaryimage\"},\"thumbnailUrl\":\"https:\\\/\\\/autofans.com.ar\\\/wp-content\\\/uploads\\\/2024\\\/01\\\/sprinter-1.jpg\",\"keywords\":[\"Centro Industrial Juan Manuel Fangio\",\"exportaci\u00f3n de veh\u00edculos\",\"R\u00e9cord de ventas 2023\",\"Seguridad y Versatilidad automotriz\",\"Sprinter Mercedes-Benz\",\"Utilitarios Argentina\"],\"articleSection\":[\"EMPRESAS\",\"NOTICIAS\"],\"inLanguage\":\"es\"},{\"@type\":\"WebPage\",\"@id\":\"https:\\\/\\\/autofans.com.ar\\\/index.php\\\/2024\\\/01\\\/12\\\/sprinter-de-mercedes-benz-rompe-records-y-lidera-el-mercado\\\/\",\"url\":\"https:\\\/\\\/autofans.com.ar\\\/index.php\\\/2024\\\/01\\\/12\\\/sprinter-de-mercedes-benz-rompe-records-y-lidera-el-mercado\\\/\",\"name\":\"Sprinter de Mercedes-Benz rompe r\u00e9cords y lidera el mercado -\",\"isPartOf\":{\"@id\":\"https:\\\/\\\/autofans.com.ar\\\/#website\"},\"primaryImageOfPage\":{\"@id\":\"https:\\\/\\\/autofans.com.ar\\\/index.php\\\/2024\\\/01\\\/12\\\/sprinter-de-mercedes-benz-rompe-records-y-lidera-el-mercado\\\/#primaryimage\"},\"image\":{\"@id\":\"https:\\\/\\\/autofans.com.ar\\\/index.php\\\/2024\\\/01\\\/12\\\/sprinter-de-mercedes-benz-rompe-records-y-lidera-el-mercado\\\/#primaryimage\"},\"thumbnailUrl\":\"https:\\\/\\\/autofans.com.ar\\\/wp-content\\\/uploads\\\/2024\\\/01\\\/sprinter-1.jpg\",\"datePublished\":\"2024-01-12T16:17:09+00:00\",\"dateModified\":\"2024-01-12T16:18:57+00:00\",\"author\":{\"@id\":\"https:\\\/\\\/autofans.com.ar\\\/#\\\/schema\\\/person\\\/4a8dda0b6df83ac3d6723e921274c2aa\"},\"description\":\"En un a\u00f1o sin precedentes, la Sprinter de Mercedes-Benz consolida su posici\u00f3n como l\u00edder indiscutido en el segmento de utilitarios....\",\"breadcrumb\":{\"@id\":\"https:\\\/\\\/autofans.com.ar\\\/index.php\\\/2024\\\/01\\\/12\\\/sprinter-de-mercedes-benz-rompe-records-y-lidera-el-mercado\\\/#breadcrumb\"},\"inLanguage\":\"es\",\"potentialAction\":[{\"@type\":\"ReadAction\",\"target\":[\"https:\\\/\\\/autofans.com.ar\\\/index.php\\\/2024\\\/01\\\/12\\\/sprinter-de-mercedes-benz-rompe-records-y-lidera-el-mercado\\\/\"]}]},{\"@type\":\"ImageObject\",\"inLanguage\":\"es\",\"@id\":\"https:\\\/\\\/autofans.com.ar\\\/index.php\\\/2024\\\/01\\\/12\\\/sprinter-de-mercedes-benz-rompe-records-y-lidera-el-mercado\\\/#primaryimage\",\"url\":\"https:\\\/\\\/autofans.com.ar\\\/wp-content\\\/uploads\\\/2024\\\/01\\\/sprinter-1.jpg\",\"contentUrl\":\"https:\\\/\\\/autofans.com.ar\\\/wp-content\\\/uploads\\\/2024\\\/01\\\/sprinter-1.jpg\",\"width\":1000,\"height\":667,\"caption\":\"Sprinter de Mercedes-Benz\"},{\"@type\":\"BreadcrumbList\",\"@id\":\"https:\\\/\\\/autofans.com.ar\\\/index.php\\\/2024\\\/01\\\/12\\\/sprinter-de-mercedes-benz-rompe-records-y-lidera-el-mercado\\\/#breadcrumb\",\"itemListElement\":[{\"@type\":\"ListItem\",\"position\":1,\"name\":\"Inicio\",\"item\":\"https:\\\/\\\/autofans.com.ar\\\/\"},{\"@type\":\"ListItem\",\"position\":2,\"name\":\"Sprinter de Mercedes-Benz rompe r\u00e9cords y lidera el mercado\"}]},{\"@type\":\"WebSite\",\"@id\":\"https:\\\/\\\/autofans.com.ar\\\/#website\",\"url\":\"https:\\\/\\\/autofans.com.ar\\\/\",\"name\":\"\",\"description\":\"El multimedio referente de la industria automotriz\",\"potentialAction\":[{\"@type\":\"SearchAction\",\"target\":{\"@type\":\"EntryPoint\",\"urlTemplate\":\"https:\\\/\\\/autofans.com.ar\\\/?s={search_term_string}\"},\"query-input\":{\"@type\":\"PropertyValueSpecification\",\"valueRequired\":true,\"valueName\":\"search_term_string\"}}],\"inLanguage\":\"es\"},{\"@type\":\"Person\",\"@id\":\"https:\\\/\\\/autofans.com.ar\\\/#\\\/schema\\\/person\\\/4a8dda0b6df83ac3d6723e921274c2aa\",\"name\":\"Alejandro Gabriel Rosito\",\"image\":{\"@type\":\"ImageObject\",\"inLanguage\":\"es\",\"@id\":\"https:\\\/\\\/secure.gravatar.com\\\/avatar\\\/16c5dda1489adfc62618084dcbb91cffd879c374b13fe5dd8e44ed6733852c88?s=96&d=mm&r=g\",\"url\":\"https:\\\/\\\/secure.gravatar.com\\\/avatar\\\/16c5dda1489adfc62618084dcbb91cffd879c374b13fe5dd8e44ed6733852c88?s=96&d=mm&r=g\",\"contentUrl\":\"https:\\\/\\\/secure.gravatar.com\\\/avatar\\\/16c5dda1489adfc62618084dcbb91cffd879c374b13fe5dd8e44ed6733852c88?s=96&d=mm&r=g\",\"caption\":\"Alejandro Gabriel Rosito\"},\"url\":\"https:\\\/\\\/autofans.com.ar\\\/index.php\\\/author\\\/gabrielr\\\/\"}]}<\/script>\n<!-- \/ Yoast SEO plugin. -->","yoast_head_json":{"title":"Sprinter de Mercedes-Benz rompe r\u00e9cords y lidera el mercado -","description":"En un a\u00f1o sin precedentes, la Sprinter de Mercedes-Benz consolida su posici\u00f3n como l\u00edder indiscutido en el segmento de utilitarios....","robots":{"index":"index","follow":"follow","max-snippet":"max-snippet:-1","max-image-preview":"max-image-preview:large","max-video-preview":"max-video-preview:-1"},"canonical":"https:\/\/autofans.com.ar\/index.php\/2024\/01\/12\/sprinter-de-mercedes-benz-rompe-records-y-lidera-el-mercado\/","og_locale":"es_ES","og_type":"article","og_title":"Sprinter de Mercedes-Benz rompe r\u00e9cords y lidera el mercado -","og_description":"En un a\u00f1o sin precedentes, la Sprinter de Mercedes-Benz consolida su posici\u00f3n como l\u00edder indiscutido en el segmento de utilitarios....","og_url":"https:\/\/autofans.com.ar\/index.php\/2024\/01\/12\/sprinter-de-mercedes-benz-rompe-records-y-lidera-el-mercado\/","article_published_time":"2024-01-12T16:17:09+00:00","article_modified_time":"2024-01-12T16:18:57+00:00","og_image":[{"url":"https:\/\/autofans.com.ar\/wp-content\/uploads\/2024\/01\/sprinter-1.jpg","width":640,"height":427,"type":"image\/jpeg"}],"author":"Alejandro Gabriel Rosito","twitter_card":"summary_large_image","twitter_misc":{"Escrito por":"Alejandro Gabriel Rosito","Tiempo de lectura":"2 minutos"},"schema":{"@context":"https:\/\/schema.org","@graph":[{"@type":"Article","@id":"https:\/\/autofans.com.ar\/index.php\/2024\/01\/12\/sprinter-de-mercedes-benz-rompe-records-y-lidera-el-mercado\/#article","isPartOf":{"@id":"https:\/\/autofans.com.ar\/index.php\/2024\/01\/12\/sprinter-de-mercedes-benz-rompe-records-y-lidera-el-mercado\/"},"author":{"name":"Alejandro Gabriel Rosito","@id":"https:\/\/autofans.com.ar\/#\/schema\/person\/4a8dda0b6df83ac3d6723e921274c2aa"},"headline":"Sprinter de Mercedes-Benz rompe r\u00e9cords y lidera el mercado","datePublished":"2024-01-12T16:17:09+00:00","dateModified":"2024-01-12T16:18:57+00:00","mainEntityOfPage":{"@id":"https:\/\/autofans.com.ar\/index.php\/2024\/01\/12\/sprinter-de-mercedes-benz-rompe-records-y-lidera-el-mercado\/"},"wordCount":425,"image":{"@id":"https:\/\/autofans.com.ar\/index.php\/2024\/01\/12\/sprinter-de-mercedes-benz-rompe-records-y-lidera-el-mercado\/#primaryimage"},"thumbnailUrl":"https:\/\/autofans.com.ar\/wp-content\/uploads\/2024\/01\/sprinter-1.jpg","keywords":["Centro Industrial Juan Manuel Fangio","exportaci\u00f3n de veh\u00edculos","R\u00e9cord de ventas 2023","Seguridad y Versatilidad automotriz","Sprinter Mercedes-Benz","Utilitarios Argentina"],"articleSection":["EMPRESAS","NOTICIAS"],"inLanguage":"es"},{"@type":"WebPage","@id":"https:\/\/autofans.com.ar\/index.php\/2024\/01\/12\/sprinter-de-mercedes-benz-rompe-records-y-lidera-el-mercado\/","url":"https:\/\/autofans.com.ar\/index.php\/2024\/01\/12\/sprinter-de-mercedes-benz-rompe-records-y-lidera-el-mercado\/","name":"Sprinter de Mercedes-Benz rompe r\u00e9cords y lidera el mercado -","isPartOf":{"@id":"https:\/\/autofans.com.ar\/#website"},"primaryImageOfPage":{"@id":"https:\/\/autofans.com.ar\/index.php\/2024\/01\/12\/sprinter-de-mercedes-benz-rompe-records-y-lidera-el-mercado\/#primaryimage"},"image":{"@id":"https:\/\/autofans.com.ar\/index.php\/2024\/01\/12\/sprinter-de-mercedes-benz-rompe-records-y-lidera-el-mercado\/#primaryimage"},"thumbnailUrl":"https:\/\/autofans.com.ar\/wp-content\/uploads\/2024\/01\/sprinter-1.jpg","datePublished":"2024-01-12T16:17:09+00:00","dateModified":"2024-01-12T16:18:57+00:00","author":{"@id":"https:\/\/autofans.com.ar\/#\/schema\/person\/4a8dda0b6df83ac3d6723e921274c2aa"},"description":"En un a\u00f1o sin precedentes, la Sprinter de Mercedes-Benz consolida su posici\u00f3n como l\u00edder indiscutido en el segmento de utilitarios....","breadcrumb":{"@id":"https:\/\/autofans.com.ar\/index.php\/2024\/01\/12\/sprinter-de-mercedes-benz-rompe-records-y-lidera-el-mercado\/#breadcrumb"},"inLanguage":"es","potentialAction":[{"@type":"ReadAction","target":["https:\/\/autofans.com.ar\/index.php\/2024\/01\/12\/sprinter-de-mercedes-benz-rompe-records-y-lidera-el-mercado\/"]}]},{"@type":"ImageObject","inLanguage":"es","@id":"https:\/\/autofans.com.ar\/index.php\/2024\/01\/12\/sprinter-de-mercedes-benz-rompe-records-y-lidera-el-mercado\/#primaryimage","url":"https:\/\/autofans.com.ar\/wp-content\/uploads\/2024\/01\/sprinter-1.jpg","contentUrl":"https:\/\/autofans.com.ar\/wp-content\/uploads\/2024\/01\/sprinter-1.jpg","width":1000,"height":667,"caption":"Sprinter de Mercedes-Benz"},{"@type":"BreadcrumbList","@id":"https:\/\/autofans.com.ar\/index.php\/2024\/01\/12\/sprinter-de-mercedes-benz-rompe-records-y-lidera-el-mercado\/#breadcrumb","itemListElement":[{"@type":"ListItem","position":1,"name":"Inicio","item":"https:\/\/autofans.com.ar\/"},{"@type":"ListItem","position":2,"name":"Sprinter de Mercedes-Benz rompe r\u00e9cords y lidera el mercado"}]},{"@type":"WebSite","@id":"https:\/\/autofans.com.ar\/#website","url":"https:\/\/autofans.com.ar\/","name":"","description":"El multimedio referente de la industria automotriz","potentialAction":[{"@type":"SearchAction","target":{"@type":"EntryPoint","urlTemplate":"https:\/\/autofans.com.ar\/?s={search_term_string}"},"query-input":{"@type":"PropertyValueSpecification","valueRequired":true,"valueName":"search_term_string"}}],"inLanguage":"es"},{"@type":"Person","@id":"https:\/\/autofans.com.ar\/#\/schema\/person\/4a8dda0b6df83ac3d6723e921274c2aa","name":"Alejandro Gabriel Rosito","image":{"@type":"ImageObject","inLanguage":"es","@id":"https:\/\/secure.gravatar.com\/avatar\/16c5dda1489adfc62618084dcbb91cffd879c374b13fe5dd8e44ed6733852c88?s=96&d=mm&r=g","url":"https:\/\/secure.gravatar.com\/avatar\/16c5dda1489adfc62618084dcbb91cffd879c374b13fe5dd8e44ed6733852c88?s=96&d=mm&r=g","contentUrl":"https:\/\/secure.gravatar.com\/avatar\/16c5dda1489adfc62618084dcbb91cffd879c374b13fe5dd8e44ed6733852c88?s=96&d=mm&r=g","caption":"Alejandro Gabriel Rosito"},"url":"https:\/\/autofans.com.ar\/index.php\/author\/gabrielr\/"}]}},"featured_image_urls":{"full":["https:\/\/autofans.com.ar\/wp-content\/uploads\/2024\/01\/sprinter-1.jpg",1000,667,false],"thumbnail":["https:\/\/autofans.com.ar\/wp-content\/uploads\/2024\/01\/sprinter-1-150x150.jpg",150,150,true],"medium":["https:\/\/autofans.com.ar\/wp-content\/uploads\/2024\/01\/sprinter-1-300x200.jpg",300,200,true],"medium_large":["https:\/\/autofans.com.ar\/wp-content\/uploads\/2024\/01\/sprinter-1-768x512.jpg",640,427,true],"large":["https:\/\/autofans.com.ar\/wp-content\/uploads\/2024\/01\/sprinter-1.jpg",640,427,false],"1536x1536":["https:\/\/autofans.com.ar\/wp-content\/uploads\/2024\/01\/sprinter-1.jpg",1000,667,false],"2048x2048":["https:\/\/autofans.com.ar\/wp-content\/uploads\/2024\/01\/sprinter-1.jpg",1000,667,false],"covernews-featured":["https:\/\/autofans.com.ar\/wp-content\/uploads\/2024\/01\/sprinter-1.jpg",1000,667,false],"covernews-medium":["https:\/\/autofans.com.ar\/wp-content\/uploads\/2024\/01\/sprinter-1-540x340.jpg",540,340,true]},"author_info":{"display_name":"Alejandro Gabriel Rosito","author_link":"https:\/\/autofans.com.ar\/index.php\/author\/gabrielr\/"},"category_info":"<a href=\"https:\/\/autofans.com.ar\/index.php\/category\/noticias\/empresas\/\" rel=\"category tag\">EMPRESAS<\/a> <a href=\"https:\/\/autofans.com.ar\/index.php\/category\/noticias\/\" rel=\"category tag\">NOTICIAS<\/a>","tag_info":"NOTICIAS","comment_count":0,"_links":{"self":[{"href":"https:\/\/autofans.com.ar\/index.php\/wp-json\/wp\/v2\/posts\/6341","targetHints":{"allow":["GET"]}}],"collection":[{"href":"https:\/\/autofans.com.ar\/index.php\/wp-json\/wp\/v2\/posts"}],"about":[{"href":"https:\/\/autofans.com.ar\/index.php\/wp-json\/wp\/v2\/types\/post"}],"author":[{"embeddable":true,"href":"https:\/\/autofans.com.ar\/index.php\/wp-json\/wp\/v2\/users\/2"}],"replies":[{"embeddable":true,"href":"https:\/\/autofans.com.ar\/index.php\/wp-json\/wp\/v2\/comments?post=6341"}],"version-history":[{"count":4,"href":"https:\/\/autofans.com.ar\/index.php\/wp-json\/wp\/v2\/posts\/6341\/revisions"}],"predecessor-version":[{"id":6349,"href":"https:\/\/autofans.com.ar\/index.php\/wp-json\/wp\/v2\/posts\/6341\/revisions\/6349"}],"wp:featuredmedia":[{"embeddable":true,"href":"https:\/\/autofans.com.ar\/index.php\/wp-json\/wp\/v2\/media\/6344"}],"wp:attachment":[{"href":"https:\/\/autofans.com.ar\/index.php\/wp-json\/wp\/v2\/media?parent=6341"}],"wp:term":[{"taxonomy":"category","embeddable":true,"href":"https:\/\/autofans.com.ar\/index.php\/wp-json\/wp\/v2\/categories?post=6341"},{"taxonomy":"post_tag","embeddable":true,"href":"https:\/\/autofans.com.ar\/index.php\/wp-json\/wp\/v2\/tags?post=6341"}],"curies":[{"name":"wp","href":"https:\/\/api.w.org\/{rel}","templated":true}]}}