{"id":6363,"date":"2024-01-15T17:23:55","date_gmt":"2024-01-15T20:23:55","guid":{"rendered":"https:\/\/autofans.com.ar\/?p=6363"},"modified":"2024-01-15T17:23:55","modified_gmt":"2024-01-15T20:23:55","slug":"mercedes-benz-camiones-y-buses-afirma-su-liderazgo-en-argentina","status":"publish","type":"post","link":"https:\/\/autofans.com.ar\/index.php\/2024\/01\/15\/mercedes-benz-camiones-y-buses-afirma-su-liderazgo-en-argentina\/","title":{"rendered":"Mercedes-Benz Camiones y Buses afirma su liderazgo en Argentina"},"content":{"rendered":"<p>Durante el 2023, Mercedes-Benz Camiones y Buses consolid\u00f3 su posici\u00f3n como referente en el transporte de pasajeros, demostrando un compromiso s\u00f3lido con Argentina. La marca alemana afront\u00f3 desaf\u00edos y cosech\u00f3 logros significativos, respaldando su liderazgo en el sector.<\/p>\n<p>&nbsp;<\/p>\n<h2>Atego 1729 &#8211; potencia y versatilidad<\/h2>\n<p>Por 13\u00b0 a\u00f1o consecutivo, Mercedes-Benz se posicion\u00f3 como l\u00edder en buses, alcanzando un impresionante 61,8% de market share. En el segmento de camiones livianos, logr\u00f3 el primer puesto con un 48,3%. El Atego 1729 se destac\u00f3 entre los tractores semipesados, siendo reconocido por su potencia y versatilidad.<\/p>\n<p>&nbsp;<\/p>\n<p><img fetchpriority=\"high\" decoding=\"async\" class=\"aligncenter wp-image-6365 size-full\" src=\"https:\/\/autofans.com.ar\/wp-content\/uploads\/2024\/01\/foto-2-15.jpg\" alt=\"Mercedes-Benz Camiones\" width=\"1000\" height=\"667\" srcset=\"https:\/\/autofans.com.ar\/wp-content\/uploads\/2024\/01\/foto-2-15.jpg 1000w, https:\/\/autofans.com.ar\/wp-content\/uploads\/2024\/01\/foto-2-15-300x200.jpg 300w, https:\/\/autofans.com.ar\/wp-content\/uploads\/2024\/01\/foto-2-15-768x512.jpg 768w\" sizes=\"(max-width: 1000px) 100vw, 1000px\" \/><\/p>\n<p>&nbsp;<\/p>\n<p>En su segundo a\u00f1o como empresa independiente, la compa\u00f1\u00eda invirti\u00f3 USD 50 millones en la adquisici\u00f3n de un predio en Z\u00e1rate. Este terreno albergar\u00e1 un centro log\u00edstico de autopartes y repuestos, respaldando su apertura al mercado exterior. La proximidad al puerto facilitar\u00e1 exportaciones, iniciando con \u00e9xito el env\u00edo de chasis de buses a M\u00e9xico.<\/p>\n<p>&nbsp;<\/p>\n<h2>Eco-Innovaci\u00f3n &#8211; Mercedes-Benz remanufactura 4.000 piezas para ahorro y sostenibilidad<\/h2>\n<p>Mercedes-Benz Camiones y Buses, a trav\u00e9s de su unidad REMAN, ha remanufacturado m\u00e1s de 4.000 piezas, proporcionando a los clientes una alternativa de postventa que genera ahorros del 50% y contribuye a la reducci\u00f3n de residuos, reforzando as\u00ed su compromiso ambiental.<\/p>\n<p>&nbsp;<\/p>\n<p><img decoding=\"async\" class=\"aligncenter wp-image-6364 size-full\" src=\"https:\/\/autofans.com.ar\/wp-content\/uploads\/2024\/01\/foto-3-11.jpg\" alt=\"Mercedes-Benz Camiones\" width=\"1000\" height=\"667\" srcset=\"https:\/\/autofans.com.ar\/wp-content\/uploads\/2024\/01\/foto-3-11.jpg 1000w, https:\/\/autofans.com.ar\/wp-content\/uploads\/2024\/01\/foto-3-11-300x200.jpg 300w, https:\/\/autofans.com.ar\/wp-content\/uploads\/2024\/01\/foto-3-11-768x512.jpg 768w\" sizes=\"(max-width: 1000px) 100vw, 1000px\" \/><\/p>\n<p>&nbsp;<\/p>\n<p>El 67,7% de los camiones y buses Mercedes-Benz patentados en 2023 fueron de producci\u00f3n nacional. La planta ubicada en el Centro Industrial Juan Manuel Fangio en La Matanza desempe\u00f1\u00f3 un papel clave en este \u00e9xito, evidenciando la apuesta de la compa\u00f1\u00eda por la industria argentina.<\/p>\n<p>Mercedes-Benz Camiones y Buses, respaldado por la confianza de clientes, colaboradores, concesionarios y proveedores, continuar\u00e1 fortaleciendo la industria nacional de camiones y buses en el 2024. Su compromiso persistente con la calidad y la innovaci\u00f3n contribuir\u00e1 a mantener en movimiento el mundo del transporte.<\/p>\n<p>&nbsp;<\/p>\n<p>&nbsp;<\/p>\n<p><i>Para enterarte de m\u00e1s novedades, no dejes de leer\u00a0<\/i><a href=\"https:\/\/autofans.thebrandsoup.com\/\"><i>nuestras notas<\/i><\/a><i>, de ver<\/i><b><i>\u00a0<\/i><\/b><a href=\"https:\/\/www.youtube.com\/channel\/UCgAC8UGHZYbT6P7PpmVnP7g\"><b><i>AUTOFANS TV<\/i><\/b><\/a><b><i>\u00a0<\/i><\/b><i>en nuestro\u00a0canal de Youtube. Adem\u00e1s seguinos en\u00a0<\/i><a href=\"https:\/\/www.instagram.com\/autofanstv\/\"><i>INSTAGRAM<\/i><\/a><i> y <\/i><a href=\"https:\/\/www.facebook.com\/autofansmas\/\"><i>FACEBOOK<\/i><\/a><i> para no perderte nada sobre las novedades del segmento automotor de Argentina y el mundo.<\/i><\/p>\n","protected":false},"excerpt":{"rendered":"<p>Durante el 2023, Mercedes-Benz Camiones y Buses consolid\u00f3 su posici\u00f3n como referente en el transporte&#8230;<\/p>\n","protected":false},"author":2,"featured_media":6366,"comment_status":"closed","ping_status":"closed","sticky":false,"template":"","format":"standard","meta":{"footnotes":""},"categories":[292,16],"tags":[1300,657,963,2485,86,3356,3355,17,898],"class_list":["post-6363","post","type-post","status-publish","format-standard","has-post-thumbnail","hentry","category-empresas","category-noticias","tag-buses","tag-camiones","tag-compromiso-ambiental","tag-exportaciones","tag-industria-automotriz","tag-inversiones-2023","tag-liderazgo-en-transporte","tag-mercedes-benz-argentina","tag-produccion-nacional"],"yoast_head":"<!-- This site is optimized with the Yoast SEO plugin v27.5 - https:\/\/yoast.com\/product\/yoast-seo-wordpress\/ -->\n<title>Mercedes-Benz Camiones y Buses afirma su liderazgo en Argentina -<\/title>\n<meta name=\"description\" content=\"Mercedes-Benz Camiones y Buses consolid\u00f3 su posici\u00f3n como referente en el transporte de pasajeros, demostrando un compromiso con la Argentina\" \/>\n<meta name=\"robots\" content=\"index, follow, max-snippet:-1, max-image-preview:large, max-video-preview:-1\" \/>\n<link rel=\"canonical\" href=\"https:\/\/autofans.com.ar\/index.php\/2024\/01\/15\/mercedes-benz-camiones-y-buses-afirma-su-liderazgo-en-argentina\/\" \/>\n<meta property=\"og:locale\" content=\"es_ES\" \/>\n<meta property=\"og:type\" content=\"article\" \/>\n<meta property=\"og:title\" content=\"Mercedes-Benz Camiones y Buses afirma su liderazgo en Argentina -\" \/>\n<meta property=\"og:description\" content=\"Mercedes-Benz Camiones y Buses consolid\u00f3 su posici\u00f3n como referente en el transporte de pasajeros, demostrando un compromiso con la Argentina\" \/>\n<meta property=\"og:url\" content=\"https:\/\/autofans.com.ar\/index.php\/2024\/01\/15\/mercedes-benz-camiones-y-buses-afirma-su-liderazgo-en-argentina\/\" \/>\n<meta property=\"article:published_time\" content=\"2024-01-15T20:23:55+00:00\" \/>\n<meta property=\"og:image\" content=\"https:\/\/autofans.com.ar\/wp-content\/uploads\/2024\/01\/foto-1-15.jpg\" \/>\n\t<meta property=\"og:image:width\" content=\"640\" \/>\n\t<meta property=\"og:image:height\" content=\"427\" \/>\n\t<meta property=\"og:image:type\" content=\"image\/jpeg\" \/>\n<meta name=\"author\" content=\"Alejandro Gabriel Rosito\" \/>\n<meta name=\"twitter:card\" content=\"summary_large_image\" \/>\n<meta name=\"twitter:label1\" content=\"Escrito por\" \/>\n\t<meta name=\"twitter:data1\" content=\"Alejandro Gabriel Rosito\" \/>\n\t<meta name=\"twitter:label2\" content=\"Tiempo de lectura\" \/>\n\t<meta name=\"twitter:data2\" content=\"3 minutos\" \/>\n<script type=\"application\/ld+json\" class=\"yoast-schema-graph\">{\"@context\":\"https:\\\/\\\/schema.org\",\"@graph\":[{\"@type\":\"Article\",\"@id\":\"https:\\\/\\\/autofans.com.ar\\\/index.php\\\/2024\\\/01\\\/15\\\/mercedes-benz-camiones-y-buses-afirma-su-liderazgo-en-argentina\\\/#article\",\"isPartOf\":{\"@id\":\"https:\\\/\\\/autofans.com.ar\\\/index.php\\\/2024\\\/01\\\/15\\\/mercedes-benz-camiones-y-buses-afirma-su-liderazgo-en-argentina\\\/\"},\"author\":{\"name\":\"Alejandro Gabriel Rosito\",\"@id\":\"https:\\\/\\\/autofans.com.ar\\\/#\\\/schema\\\/person\\\/4a8dda0b6df83ac3d6723e921274c2aa\"},\"headline\":\"Mercedes-Benz Camiones y Buses afirma su liderazgo en Argentina\",\"datePublished\":\"2024-01-15T20:23:55+00:00\",\"mainEntityOfPage\":{\"@id\":\"https:\\\/\\\/autofans.com.ar\\\/index.php\\\/2024\\\/01\\\/15\\\/mercedes-benz-camiones-y-buses-afirma-su-liderazgo-en-argentina\\\/\"},\"wordCount\":351,\"image\":{\"@id\":\"https:\\\/\\\/autofans.com.ar\\\/index.php\\\/2024\\\/01\\\/15\\\/mercedes-benz-camiones-y-buses-afirma-su-liderazgo-en-argentina\\\/#primaryimage\"},\"thumbnailUrl\":\"https:\\\/\\\/autofans.com.ar\\\/wp-content\\\/uploads\\\/2024\\\/01\\\/foto-1-15.jpg\",\"keywords\":[\"buses\",\"camiones\",\"Compromiso Ambiental\",\"Exportaciones\",\"Industria Automotriz\",\"Inversiones 2023\",\"Liderazgo en Transporte\",\"Mercedes Benz Argentina\",\"producci\u00f3n nacional\"],\"articleSection\":[\"EMPRESAS\",\"NOTICIAS\"],\"inLanguage\":\"es\"},{\"@type\":\"WebPage\",\"@id\":\"https:\\\/\\\/autofans.com.ar\\\/index.php\\\/2024\\\/01\\\/15\\\/mercedes-benz-camiones-y-buses-afirma-su-liderazgo-en-argentina\\\/\",\"url\":\"https:\\\/\\\/autofans.com.ar\\\/index.php\\\/2024\\\/01\\\/15\\\/mercedes-benz-camiones-y-buses-afirma-su-liderazgo-en-argentina\\\/\",\"name\":\"Mercedes-Benz Camiones y Buses afirma su liderazgo en Argentina -\",\"isPartOf\":{\"@id\":\"https:\\\/\\\/autofans.com.ar\\\/#website\"},\"primaryImageOfPage\":{\"@id\":\"https:\\\/\\\/autofans.com.ar\\\/index.php\\\/2024\\\/01\\\/15\\\/mercedes-benz-camiones-y-buses-afirma-su-liderazgo-en-argentina\\\/#primaryimage\"},\"image\":{\"@id\":\"https:\\\/\\\/autofans.com.ar\\\/index.php\\\/2024\\\/01\\\/15\\\/mercedes-benz-camiones-y-buses-afirma-su-liderazgo-en-argentina\\\/#primaryimage\"},\"thumbnailUrl\":\"https:\\\/\\\/autofans.com.ar\\\/wp-content\\\/uploads\\\/2024\\\/01\\\/foto-1-15.jpg\",\"datePublished\":\"2024-01-15T20:23:55+00:00\",\"author\":{\"@id\":\"https:\\\/\\\/autofans.com.ar\\\/#\\\/schema\\\/person\\\/4a8dda0b6df83ac3d6723e921274c2aa\"},\"description\":\"Mercedes-Benz Camiones y Buses consolid\u00f3 su posici\u00f3n como referente en el transporte de pasajeros, demostrando un compromiso con la Argentina\",\"breadcrumb\":{\"@id\":\"https:\\\/\\\/autofans.com.ar\\\/index.php\\\/2024\\\/01\\\/15\\\/mercedes-benz-camiones-y-buses-afirma-su-liderazgo-en-argentina\\\/#breadcrumb\"},\"inLanguage\":\"es\",\"potentialAction\":[{\"@type\":\"ReadAction\",\"target\":[\"https:\\\/\\\/autofans.com.ar\\\/index.php\\\/2024\\\/01\\\/15\\\/mercedes-benz-camiones-y-buses-afirma-su-liderazgo-en-argentina\\\/\"]}]},{\"@type\":\"ImageObject\",\"inLanguage\":\"es\",\"@id\":\"https:\\\/\\\/autofans.com.ar\\\/index.php\\\/2024\\\/01\\\/15\\\/mercedes-benz-camiones-y-buses-afirma-su-liderazgo-en-argentina\\\/#primaryimage\",\"url\":\"https:\\\/\\\/autofans.com.ar\\\/wp-content\\\/uploads\\\/2024\\\/01\\\/foto-1-15.jpg\",\"contentUrl\":\"https:\\\/\\\/autofans.com.ar\\\/wp-content\\\/uploads\\\/2024\\\/01\\\/foto-1-15.jpg\",\"width\":1000,\"height\":667,\"caption\":\"Mercedes-Benz Camiones\"},{\"@type\":\"BreadcrumbList\",\"@id\":\"https:\\\/\\\/autofans.com.ar\\\/index.php\\\/2024\\\/01\\\/15\\\/mercedes-benz-camiones-y-buses-afirma-su-liderazgo-en-argentina\\\/#breadcrumb\",\"itemListElement\":[{\"@type\":\"ListItem\",\"position\":1,\"name\":\"Inicio\",\"item\":\"https:\\\/\\\/autofans.com.ar\\\/\"},{\"@type\":\"ListItem\",\"position\":2,\"name\":\"Mercedes-Benz Camiones y Buses afirma su liderazgo en Argentina\"}]},{\"@type\":\"WebSite\",\"@id\":\"https:\\\/\\\/autofans.com.ar\\\/#website\",\"url\":\"https:\\\/\\\/autofans.com.ar\\\/\",\"name\":\"\",\"description\":\"El multimedio referente de la industria automotriz\",\"potentialAction\":[{\"@type\":\"SearchAction\",\"target\":{\"@type\":\"EntryPoint\",\"urlTemplate\":\"https:\\\/\\\/autofans.com.ar\\\/?s={search_term_string}\"},\"query-input\":{\"@type\":\"PropertyValueSpecification\",\"valueRequired\":true,\"valueName\":\"search_term_string\"}}],\"inLanguage\":\"es\"},{\"@type\":\"Person\",\"@id\":\"https:\\\/\\\/autofans.com.ar\\\/#\\\/schema\\\/person\\\/4a8dda0b6df83ac3d6723e921274c2aa\",\"name\":\"Alejandro Gabriel Rosito\",\"image\":{\"@type\":\"ImageObject\",\"inLanguage\":\"es\",\"@id\":\"https:\\\/\\\/secure.gravatar.com\\\/avatar\\\/16c5dda1489adfc62618084dcbb91cffd879c374b13fe5dd8e44ed6733852c88?s=96&d=mm&r=g\",\"url\":\"https:\\\/\\\/secure.gravatar.com\\\/avatar\\\/16c5dda1489adfc62618084dcbb91cffd879c374b13fe5dd8e44ed6733852c88?s=96&d=mm&r=g\",\"contentUrl\":\"https:\\\/\\\/secure.gravatar.com\\\/avatar\\\/16c5dda1489adfc62618084dcbb91cffd879c374b13fe5dd8e44ed6733852c88?s=96&d=mm&r=g\",\"caption\":\"Alejandro Gabriel Rosito\"},\"url\":\"https:\\\/\\\/autofans.com.ar\\\/index.php\\\/author\\\/gabrielr\\\/\"}]}<\/script>\n<!-- \/ Yoast SEO plugin. -->","yoast_head_json":{"title":"Mercedes-Benz Camiones y Buses afirma su liderazgo en Argentina -","description":"Mercedes-Benz Camiones y Buses consolid\u00f3 su posici\u00f3n como referente en el transporte de pasajeros, demostrando un compromiso con la Argentina","robots":{"index":"index","follow":"follow","max-snippet":"max-snippet:-1","max-image-preview":"max-image-preview:large","max-video-preview":"max-video-preview:-1"},"canonical":"https:\/\/autofans.com.ar\/index.php\/2024\/01\/15\/mercedes-benz-camiones-y-buses-afirma-su-liderazgo-en-argentina\/","og_locale":"es_ES","og_type":"article","og_title":"Mercedes-Benz Camiones y Buses afirma su liderazgo en Argentina -","og_description":"Mercedes-Benz Camiones y Buses consolid\u00f3 su posici\u00f3n como referente en el transporte de pasajeros, demostrando un compromiso con la Argentina","og_url":"https:\/\/autofans.com.ar\/index.php\/2024\/01\/15\/mercedes-benz-camiones-y-buses-afirma-su-liderazgo-en-argentina\/","article_published_time":"2024-01-15T20:23:55+00:00","og_image":[{"url":"https:\/\/autofans.com.ar\/wp-content\/uploads\/2024\/01\/foto-1-15.jpg","width":640,"height":427,"type":"image\/jpeg"}],"author":"Alejandro Gabriel Rosito","twitter_card":"summary_large_image","twitter_misc":{"Escrito por":"Alejandro Gabriel Rosito","Tiempo de lectura":"3 minutos"},"schema":{"@context":"https:\/\/schema.org","@graph":[{"@type":"Article","@id":"https:\/\/autofans.com.ar\/index.php\/2024\/01\/15\/mercedes-benz-camiones-y-buses-afirma-su-liderazgo-en-argentina\/#article","isPartOf":{"@id":"https:\/\/autofans.com.ar\/index.php\/2024\/01\/15\/mercedes-benz-camiones-y-buses-afirma-su-liderazgo-en-argentina\/"},"author":{"name":"Alejandro Gabriel Rosito","@id":"https:\/\/autofans.com.ar\/#\/schema\/person\/4a8dda0b6df83ac3d6723e921274c2aa"},"headline":"Mercedes-Benz Camiones y Buses afirma su liderazgo en Argentina","datePublished":"2024-01-15T20:23:55+00:00","mainEntityOfPage":{"@id":"https:\/\/autofans.com.ar\/index.php\/2024\/01\/15\/mercedes-benz-camiones-y-buses-afirma-su-liderazgo-en-argentina\/"},"wordCount":351,"image":{"@id":"https:\/\/autofans.com.ar\/index.php\/2024\/01\/15\/mercedes-benz-camiones-y-buses-afirma-su-liderazgo-en-argentina\/#primaryimage"},"thumbnailUrl":"https:\/\/autofans.com.ar\/wp-content\/uploads\/2024\/01\/foto-1-15.jpg","keywords":["buses","camiones","Compromiso Ambiental","Exportaciones","Industria Automotriz","Inversiones 2023","Liderazgo en Transporte","Mercedes Benz Argentina","producci\u00f3n nacional"],"articleSection":["EMPRESAS","NOTICIAS"],"inLanguage":"es"},{"@type":"WebPage","@id":"https:\/\/autofans.com.ar\/index.php\/2024\/01\/15\/mercedes-benz-camiones-y-buses-afirma-su-liderazgo-en-argentina\/","url":"https:\/\/autofans.com.ar\/index.php\/2024\/01\/15\/mercedes-benz-camiones-y-buses-afirma-su-liderazgo-en-argentina\/","name":"Mercedes-Benz Camiones y Buses afirma su liderazgo en Argentina -","isPartOf":{"@id":"https:\/\/autofans.com.ar\/#website"},"primaryImageOfPage":{"@id":"https:\/\/autofans.com.ar\/index.php\/2024\/01\/15\/mercedes-benz-camiones-y-buses-afirma-su-liderazgo-en-argentina\/#primaryimage"},"image":{"@id":"https:\/\/autofans.com.ar\/index.php\/2024\/01\/15\/mercedes-benz-camiones-y-buses-afirma-su-liderazgo-en-argentina\/#primaryimage"},"thumbnailUrl":"https:\/\/autofans.com.ar\/wp-content\/uploads\/2024\/01\/foto-1-15.jpg","datePublished":"2024-01-15T20:23:55+00:00","author":{"@id":"https:\/\/autofans.com.ar\/#\/schema\/person\/4a8dda0b6df83ac3d6723e921274c2aa"},"description":"Mercedes-Benz Camiones y Buses consolid\u00f3 su posici\u00f3n como referente en el transporte de pasajeros, demostrando un compromiso con la Argentina","breadcrumb":{"@id":"https:\/\/autofans.com.ar\/index.php\/2024\/01\/15\/mercedes-benz-camiones-y-buses-afirma-su-liderazgo-en-argentina\/#breadcrumb"},"inLanguage":"es","potentialAction":[{"@type":"ReadAction","target":["https:\/\/autofans.com.ar\/index.php\/2024\/01\/15\/mercedes-benz-camiones-y-buses-afirma-su-liderazgo-en-argentina\/"]}]},{"@type":"ImageObject","inLanguage":"es","@id":"https:\/\/autofans.com.ar\/index.php\/2024\/01\/15\/mercedes-benz-camiones-y-buses-afirma-su-liderazgo-en-argentina\/#primaryimage","url":"https:\/\/autofans.com.ar\/wp-content\/uploads\/2024\/01\/foto-1-15.jpg","contentUrl":"https:\/\/autofans.com.ar\/wp-content\/uploads\/2024\/01\/foto-1-15.jpg","width":1000,"height":667,"caption":"Mercedes-Benz Camiones"},{"@type":"BreadcrumbList","@id":"https:\/\/autofans.com.ar\/index.php\/2024\/01\/15\/mercedes-benz-camiones-y-buses-afirma-su-liderazgo-en-argentina\/#breadcrumb","itemListElement":[{"@type":"ListItem","position":1,"name":"Inicio","item":"https:\/\/autofans.com.ar\/"},{"@type":"ListItem","position":2,"name":"Mercedes-Benz Camiones y Buses afirma su liderazgo en Argentina"}]},{"@type":"WebSite","@id":"https:\/\/autofans.com.ar\/#website","url":"https:\/\/autofans.com.ar\/","name":"","description":"El multimedio referente de la industria automotriz","potentialAction":[{"@type":"SearchAction","target":{"@type":"EntryPoint","urlTemplate":"https:\/\/autofans.com.ar\/?s={search_term_string}"},"query-input":{"@type":"PropertyValueSpecification","valueRequired":true,"valueName":"search_term_string"}}],"inLanguage":"es"},{"@type":"Person","@id":"https:\/\/autofans.com.ar\/#\/schema\/person\/4a8dda0b6df83ac3d6723e921274c2aa","name":"Alejandro Gabriel Rosito","image":{"@type":"ImageObject","inLanguage":"es","@id":"https:\/\/secure.gravatar.com\/avatar\/16c5dda1489adfc62618084dcbb91cffd879c374b13fe5dd8e44ed6733852c88?s=96&d=mm&r=g","url":"https:\/\/secure.gravatar.com\/avatar\/16c5dda1489adfc62618084dcbb91cffd879c374b13fe5dd8e44ed6733852c88?s=96&d=mm&r=g","contentUrl":"https:\/\/secure.gravatar.com\/avatar\/16c5dda1489adfc62618084dcbb91cffd879c374b13fe5dd8e44ed6733852c88?s=96&d=mm&r=g","caption":"Alejandro Gabriel Rosito"},"url":"https:\/\/autofans.com.ar\/index.php\/author\/gabrielr\/"}]}},"featured_image_urls":{"full":["https:\/\/autofans.com.ar\/wp-content\/uploads\/2024\/01\/foto-1-15.jpg",1000,667,false],"thumbnail":["https:\/\/autofans.com.ar\/wp-content\/uploads\/2024\/01\/foto-1-15-150x150.jpg",150,150,true],"medium":["https:\/\/autofans.com.ar\/wp-content\/uploads\/2024\/01\/foto-1-15-300x200.jpg",300,200,true],"medium_large":["https:\/\/autofans.com.ar\/wp-content\/uploads\/2024\/01\/foto-1-15-768x512.jpg",640,427,true],"large":["https:\/\/autofans.com.ar\/wp-content\/uploads\/2024\/01\/foto-1-15.jpg",640,427,false],"1536x1536":["https:\/\/autofans.com.ar\/wp-content\/uploads\/2024\/01\/foto-1-15.jpg",1000,667,false],"2048x2048":["https:\/\/autofans.com.ar\/wp-content\/uploads\/2024\/01\/foto-1-15.jpg",1000,667,false],"covernews-featured":["https:\/\/autofans.com.ar\/wp-content\/uploads\/2024\/01\/foto-1-15.jpg",1000,667,false],"covernews-medium":["https:\/\/autofans.com.ar\/wp-content\/uploads\/2024\/01\/foto-1-15-540x340.jpg",540,340,true]},"author_info":{"display_name":"Alejandro Gabriel Rosito","author_link":"https:\/\/autofans.com.ar\/index.php\/author\/gabrielr\/"},"category_info":"<a href=\"https:\/\/autofans.com.ar\/index.php\/category\/noticias\/empresas\/\" rel=\"category tag\">EMPRESAS<\/a> <a href=\"https:\/\/autofans.com.ar\/index.php\/category\/noticias\/\" rel=\"category tag\">NOTICIAS<\/a>","tag_info":"NOTICIAS","comment_count":0,"_links":{"self":[{"href":"https:\/\/autofans.com.ar\/index.php\/wp-json\/wp\/v2\/posts\/6363","targetHints":{"allow":["GET"]}}],"collection":[{"href":"https:\/\/autofans.com.ar\/index.php\/wp-json\/wp\/v2\/posts"}],"about":[{"href":"https:\/\/autofans.com.ar\/index.php\/wp-json\/wp\/v2\/types\/post"}],"author":[{"embeddable":true,"href":"https:\/\/autofans.com.ar\/index.php\/wp-json\/wp\/v2\/users\/2"}],"replies":[{"embeddable":true,"href":"https:\/\/autofans.com.ar\/index.php\/wp-json\/wp\/v2\/comments?post=6363"}],"version-history":[{"count":1,"href":"https:\/\/autofans.com.ar\/index.php\/wp-json\/wp\/v2\/posts\/6363\/revisions"}],"predecessor-version":[{"id":6367,"href":"https:\/\/autofans.com.ar\/index.php\/wp-json\/wp\/v2\/posts\/6363\/revisions\/6367"}],"wp:featuredmedia":[{"embeddable":true,"href":"https:\/\/autofans.com.ar\/index.php\/wp-json\/wp\/v2\/media\/6366"}],"wp:attachment":[{"href":"https:\/\/autofans.com.ar\/index.php\/wp-json\/wp\/v2\/media?parent=6363"}],"wp:term":[{"taxonomy":"category","embeddable":true,"href":"https:\/\/autofans.com.ar\/index.php\/wp-json\/wp\/v2\/categories?post=6363"},{"taxonomy":"post_tag","embeddable":true,"href":"https:\/\/autofans.com.ar\/index.php\/wp-json\/wp\/v2\/tags?post=6363"}],"curies":[{"name":"wp","href":"https:\/\/api.w.org\/{rel}","templated":true}]}}