{"id":6378,"date":"2024-01-16T12:38:45","date_gmt":"2024-01-16T15:38:45","guid":{"rendered":"https:\/\/autofans.com.ar\/?p=6378"},"modified":"2024-01-16T12:38:45","modified_gmt":"2024-01-16T15:38:45","slug":"mercedes-benz-en-ces-2024","status":"publish","type":"post","link":"https:\/\/autofans.com.ar\/index.php\/2024\/01\/16\/mercedes-benz-en-ces-2024\/","title":{"rendered":"Mercedes-Benz en CES 2024"},"content":{"rendered":"<p>Mercedes-Benz, destacada en la feria tecnol\u00f3gica m\u00e1s grande del mundo, la Consumer Electronics Show (CES) 2024 en Las Vegas, present\u00f3 innovaciones que elevan la experiencia de los usuarios tanto dentro como fuera de sus veh\u00edculos. Acompa\u00f1ando este hito, se celebra el estreno del Clase CLA Concept.<\/p>\n<p>&nbsp;<\/p>\n<p>Durante la CES 2024, la marca anunci\u00f3 avances significativos en la transformaci\u00f3n digital centrados en mejorar la interacci\u00f3n con los clientes. El nuevo asistente virtual MBUX, impulsado por Inteligencia Artificial (IA) generativa y gr\u00e1ficos 3D avanzados, ofrece interacciones m\u00e1s naturales, intuitivas y personalizadas. Este asistente opera en el Sistema Operativo Mercedes-Benz (MB. OS), desarrollado internamente desde cero.<\/p>\n<p>&nbsp;<\/p>\n<h2>Mercedes-Benz &#8211; MBUX Sound Drive y Clase CLA Concept<\/h2>\n<p>En el escenario de Las Vegas, Mercedes-Benz present\u00f3 el revolucionario Clase CLA Concept, basado en la futura arquitectura modular de la marca (MMA). Este veh\u00edculo el\u00e9ctrico alcanza una autonom\u00eda de aproximadamente 750 km y un consumo de energ\u00eda de 12 kWh\/100 km, gracias a su unidad de propulsi\u00f3n el\u00e9ctrica MB.EDU, con una arquitectura de 800 voltios y una bater\u00eda con un 93% de eficiencia en largas distancias.<\/p>\n<p>&nbsp;<\/p>\n<div id='gallery-1' class='gallery galleryid-6378 gallery-columns-2 gallery-size-full'><figure class='gallery-item'>\n\t\t\t<div class='gallery-icon landscape'>\n\t\t\t\t<a href='https:\/\/autofans.com.ar\/index.php\/2024\/01\/16\/mercedes-benz-en-ces-2024\/mercedes-3-2\/'><img loading=\"lazy\" width=\"1000\" height=\"667\" src=\"https:\/\/autofans.com.ar\/wp-content\/uploads\/2024\/01\/mercedes-3.jpg\" class=\"attachment-full size-full\" alt=\"Mercedes-Benz\" srcset=\"https:\/\/autofans.com.ar\/wp-content\/uploads\/2024\/01\/mercedes-3.jpg 1000w, https:\/\/autofans.com.ar\/wp-content\/uploads\/2024\/01\/mercedes-3-300x200.jpg 300w, https:\/\/autofans.com.ar\/wp-content\/uploads\/2024\/01\/mercedes-3-768x512.jpg 768w\" sizes=\"auto, (max-width: 1000px) 100vw, 1000px\" loading=\"lazy\" decoding=\"async\" \/><\/a>\n\t\t\t<\/div><\/figure><figure class='gallery-item'>\n\t\t\t<div class='gallery-icon landscape'>\n\t\t\t\t<a href='https:\/\/autofans.com.ar\/index.php\/2024\/01\/16\/mercedes-benz-en-ces-2024\/mercedes-2-5\/'><img loading=\"lazy\" width=\"1000\" height=\"667\" src=\"https:\/\/autofans.com.ar\/wp-content\/uploads\/2024\/01\/mercedes-2.jpg\" class=\"attachment-full size-full\" alt=\"Mercedes-Benz\" srcset=\"https:\/\/autofans.com.ar\/wp-content\/uploads\/2024\/01\/mercedes-2.jpg 1000w, https:\/\/autofans.com.ar\/wp-content\/uploads\/2024\/01\/mercedes-2-300x200.jpg 300w, https:\/\/autofans.com.ar\/wp-content\/uploads\/2024\/01\/mercedes-2-768x512.jpg 768w\" sizes=\"auto, (max-width: 1000px) 100vw, 1000px\" loading=\"lazy\" decoding=\"async\" \/><\/a>\n\t\t\t<\/div><\/figure>\n\t\t<\/div>\n\n<p>&nbsp;<\/p>\n<p>Adem\u00e1s, la marca sorprendi\u00f3 con la MBUX Sound Drive, una experiencia musical desarrollada en colaboraci\u00f3n con Mercedes-AMG y el empresario estadounidense will.i.am. Este sistema transforma la manera en que se disfruta de la m\u00fasica en el veh\u00edculo, ofreciendo una calidad de sonido personalizada y sin igual mediante un avanzado software adaptado a cada preferencia del usuario.<\/p>\n<p>&nbsp;<\/p>\n<h2>Colaboraciones estrat\u00e9gicas para una experiencia narrativa inigualable<\/h2>\n<p>Mercedes-Benz se asoci\u00f3 con Audible y Amazon Music para abrir nuevos horizontes en la narraci\u00f3n de historias durante los viajes. Aprovechando la potencia de Dolby Atmos, los clientes disfrutar\u00e1n de una experiencia de sonido din\u00e1mica, con una amplia selecci\u00f3n de audiolibros y podcasts disponibles.<\/p>\n<p>La participaci\u00f3n activa de Mercedes-Benz en CES 2024 redefine la movilidad y la interacci\u00f3n en el mundo automotriz, consolid\u00e1ndose como l\u00edder en innovaci\u00f3n y experiencia del usuario.<\/p>\n<p>&nbsp;<\/p>\n<p>&nbsp;<\/p>\n<p><i>Para enterarte de m\u00e1s novedades, no dejes de leer\u00a0<\/i><a href=\"https:\/\/autofans.thebrandsoup.com\/\"><i>nuestras notas<\/i><\/a><i>, de ver<\/i><b><i>\u00a0<\/i><\/b><a href=\"https:\/\/www.youtube.com\/channel\/UCgAC8UGHZYbT6P7PpmVnP7g\"><b><i>AUTOFANS TV<\/i><\/b><\/a><b><i>\u00a0<\/i><\/b><i>en nuestro\u00a0canal de Youtube. Adem\u00e1s seguinos en\u00a0<\/i><a href=\"https:\/\/www.instagram.com\/autofanstv\/\"><i>INSTAGRAM<\/i><\/a><i> y <\/i><a href=\"https:\/\/www.facebook.com\/autofansmas\/\"><i>FACEBOOK<\/i><\/a><i> para no perderte nada sobre las novedades del segmento automotor de Argentina y el mundo.<\/i><\/p>\n","protected":false},"excerpt":{"rendered":"<p>Mercedes-Benz, destacada en la feria tecnol\u00f3gica m\u00e1s grande del mundo, la Consumer Electronics Show (CES)&#8230;<\/p>\n","protected":false},"author":2,"featured_media":6381,"comment_status":"closed","ping_status":"closed","sticky":false,"template":"","format":"standard","meta":{"footnotes":""},"categories":[218,16],"tags":[3232,3235,3363,3362,380,3361,364,2340,32],"class_list":["post-6378","post","type-post","status-publish","format-standard","has-post-thumbnail","hentry","category-autotecno","category-noticias","tag-ces-2024","tag-clase-cla-concept","tag-colaboraciones-estrategicas","tag-experiencia-del-usuario","tag-innovacion-tecnologica","tag-mbux","tag-mercedes-benz","tag-transformacion-digital","tag-vehiculo-electrico"],"yoast_head":"<!-- This site is optimized with the Yoast SEO plugin v27.5 - https:\/\/yoast.com\/product\/yoast-seo-wordpress\/ -->\n<title>Mercedes-Benz en CES 2024 -<\/title>\n<meta name=\"description\" content=\"Mercedes-Benz, destacada en la feria tecnol\u00f3gica m\u00e1s grande del mundo, la Consumer Electronics Show (CES) 2024 en Las Vegas...\" \/>\n<meta name=\"robots\" content=\"index, follow, max-snippet:-1, max-image-preview:large, max-video-preview:-1\" \/>\n<link rel=\"canonical\" href=\"https:\/\/autofans.com.ar\/index.php\/2024\/01\/16\/mercedes-benz-en-ces-2024\/\" \/>\n<meta property=\"og:locale\" content=\"es_ES\" \/>\n<meta property=\"og:type\" content=\"article\" \/>\n<meta property=\"og:title\" content=\"Mercedes-Benz en CES 2024 -\" \/>\n<meta property=\"og:description\" content=\"Mercedes-Benz, destacada en la feria tecnol\u00f3gica m\u00e1s grande del mundo, la Consumer Electronics Show (CES) 2024 en Las Vegas...\" \/>\n<meta property=\"og:url\" content=\"https:\/\/autofans.com.ar\/index.php\/2024\/01\/16\/mercedes-benz-en-ces-2024\/\" \/>\n<meta property=\"article:published_time\" content=\"2024-01-16T15:38:45+00:00\" \/>\n<meta property=\"og:image\" content=\"https:\/\/autofans.com.ar\/wp-content\/uploads\/2024\/01\/mercedes-1.jpg\" \/>\n\t<meta property=\"og:image:width\" content=\"640\" \/>\n\t<meta property=\"og:image:height\" content=\"427\" \/>\n\t<meta property=\"og:image:type\" content=\"image\/jpeg\" \/>\n<meta name=\"author\" content=\"Alejandro Gabriel Rosito\" \/>\n<meta name=\"twitter:card\" content=\"summary_large_image\" \/>\n<meta name=\"twitter:label1\" content=\"Escrito por\" \/>\n\t<meta name=\"twitter:data1\" content=\"Alejandro Gabriel Rosito\" \/>\n\t<meta name=\"twitter:label2\" content=\"Tiempo de lectura\" \/>\n\t<meta name=\"twitter:data2\" content=\"2 minutos\" \/>\n<script type=\"application\/ld+json\" class=\"yoast-schema-graph\">{\"@context\":\"https:\\\/\\\/schema.org\",\"@graph\":[{\"@type\":\"Article\",\"@id\":\"https:\\\/\\\/autofans.com.ar\\\/index.php\\\/2024\\\/01\\\/16\\\/mercedes-benz-en-ces-2024\\\/#article\",\"isPartOf\":{\"@id\":\"https:\\\/\\\/autofans.com.ar\\\/index.php\\\/2024\\\/01\\\/16\\\/mercedes-benz-en-ces-2024\\\/\"},\"author\":{\"name\":\"Alejandro Gabriel Rosito\",\"@id\":\"https:\\\/\\\/autofans.com.ar\\\/#\\\/schema\\\/person\\\/4a8dda0b6df83ac3d6723e921274c2aa\"},\"headline\":\"Mercedes-Benz en CES 2024\",\"datePublished\":\"2024-01-16T15:38:45+00:00\",\"mainEntityOfPage\":{\"@id\":\"https:\\\/\\\/autofans.com.ar\\\/index.php\\\/2024\\\/01\\\/16\\\/mercedes-benz-en-ces-2024\\\/\"},\"wordCount\":396,\"image\":{\"@id\":\"https:\\\/\\\/autofans.com.ar\\\/index.php\\\/2024\\\/01\\\/16\\\/mercedes-benz-en-ces-2024\\\/#primaryimage\"},\"thumbnailUrl\":\"https:\\\/\\\/autofans.com.ar\\\/wp-content\\\/uploads\\\/2024\\\/01\\\/mercedes-1.jpg\",\"keywords\":[\"CES 2024\",\"Clase CLA Concept\",\"Colaboraciones Estrat\u00e9gicas\",\"Experiencia del Usuario\",\"innovaci\u00f3n tecnol\u00f3gica\",\"MBUX\",\"Mercedes-Benz\",\"Transformaci\u00f3n digital\",\"Vehiculo electrico\"],\"articleSection\":[\"AUTOTECNO\",\"NOTICIAS\"],\"inLanguage\":\"es\"},{\"@type\":\"WebPage\",\"@id\":\"https:\\\/\\\/autofans.com.ar\\\/index.php\\\/2024\\\/01\\\/16\\\/mercedes-benz-en-ces-2024\\\/\",\"url\":\"https:\\\/\\\/autofans.com.ar\\\/index.php\\\/2024\\\/01\\\/16\\\/mercedes-benz-en-ces-2024\\\/\",\"name\":\"Mercedes-Benz en CES 2024 -\",\"isPartOf\":{\"@id\":\"https:\\\/\\\/autofans.com.ar\\\/#website\"},\"primaryImageOfPage\":{\"@id\":\"https:\\\/\\\/autofans.com.ar\\\/index.php\\\/2024\\\/01\\\/16\\\/mercedes-benz-en-ces-2024\\\/#primaryimage\"},\"image\":{\"@id\":\"https:\\\/\\\/autofans.com.ar\\\/index.php\\\/2024\\\/01\\\/16\\\/mercedes-benz-en-ces-2024\\\/#primaryimage\"},\"thumbnailUrl\":\"https:\\\/\\\/autofans.com.ar\\\/wp-content\\\/uploads\\\/2024\\\/01\\\/mercedes-1.jpg\",\"datePublished\":\"2024-01-16T15:38:45+00:00\",\"author\":{\"@id\":\"https:\\\/\\\/autofans.com.ar\\\/#\\\/schema\\\/person\\\/4a8dda0b6df83ac3d6723e921274c2aa\"},\"description\":\"Mercedes-Benz, destacada en la feria tecnol\u00f3gica m\u00e1s grande del mundo, la Consumer Electronics Show (CES) 2024 en Las Vegas...\",\"breadcrumb\":{\"@id\":\"https:\\\/\\\/autofans.com.ar\\\/index.php\\\/2024\\\/01\\\/16\\\/mercedes-benz-en-ces-2024\\\/#breadcrumb\"},\"inLanguage\":\"es\",\"potentialAction\":[{\"@type\":\"ReadAction\",\"target\":[\"https:\\\/\\\/autofans.com.ar\\\/index.php\\\/2024\\\/01\\\/16\\\/mercedes-benz-en-ces-2024\\\/\"]}]},{\"@type\":\"ImageObject\",\"inLanguage\":\"es\",\"@id\":\"https:\\\/\\\/autofans.com.ar\\\/index.php\\\/2024\\\/01\\\/16\\\/mercedes-benz-en-ces-2024\\\/#primaryimage\",\"url\":\"https:\\\/\\\/autofans.com.ar\\\/wp-content\\\/uploads\\\/2024\\\/01\\\/mercedes-1.jpg\",\"contentUrl\":\"https:\\\/\\\/autofans.com.ar\\\/wp-content\\\/uploads\\\/2024\\\/01\\\/mercedes-1.jpg\",\"width\":1000,\"height\":667,\"caption\":\"Mercedes-Benz\"},{\"@type\":\"BreadcrumbList\",\"@id\":\"https:\\\/\\\/autofans.com.ar\\\/index.php\\\/2024\\\/01\\\/16\\\/mercedes-benz-en-ces-2024\\\/#breadcrumb\",\"itemListElement\":[{\"@type\":\"ListItem\",\"position\":1,\"name\":\"Inicio\",\"item\":\"https:\\\/\\\/autofans.com.ar\\\/\"},{\"@type\":\"ListItem\",\"position\":2,\"name\":\"Mercedes-Benz en CES 2024\"}]},{\"@type\":\"WebSite\",\"@id\":\"https:\\\/\\\/autofans.com.ar\\\/#website\",\"url\":\"https:\\\/\\\/autofans.com.ar\\\/\",\"name\":\"\",\"description\":\"El multimedio referente de la industria automotriz\",\"potentialAction\":[{\"@type\":\"SearchAction\",\"target\":{\"@type\":\"EntryPoint\",\"urlTemplate\":\"https:\\\/\\\/autofans.com.ar\\\/?s={search_term_string}\"},\"query-input\":{\"@type\":\"PropertyValueSpecification\",\"valueRequired\":true,\"valueName\":\"search_term_string\"}}],\"inLanguage\":\"es\"},{\"@type\":\"Person\",\"@id\":\"https:\\\/\\\/autofans.com.ar\\\/#\\\/schema\\\/person\\\/4a8dda0b6df83ac3d6723e921274c2aa\",\"name\":\"Alejandro Gabriel Rosito\",\"image\":{\"@type\":\"ImageObject\",\"inLanguage\":\"es\",\"@id\":\"https:\\\/\\\/secure.gravatar.com\\\/avatar\\\/16c5dda1489adfc62618084dcbb91cffd879c374b13fe5dd8e44ed6733852c88?s=96&d=mm&r=g\",\"url\":\"https:\\\/\\\/secure.gravatar.com\\\/avatar\\\/16c5dda1489adfc62618084dcbb91cffd879c374b13fe5dd8e44ed6733852c88?s=96&d=mm&r=g\",\"contentUrl\":\"https:\\\/\\\/secure.gravatar.com\\\/avatar\\\/16c5dda1489adfc62618084dcbb91cffd879c374b13fe5dd8e44ed6733852c88?s=96&d=mm&r=g\",\"caption\":\"Alejandro Gabriel Rosito\"},\"url\":\"https:\\\/\\\/autofans.com.ar\\\/index.php\\\/author\\\/gabrielr\\\/\"}]}<\/script>\n<!-- \/ Yoast SEO plugin. -->","yoast_head_json":{"title":"Mercedes-Benz en CES 2024 -","description":"Mercedes-Benz, destacada en la feria tecnol\u00f3gica m\u00e1s grande del mundo, la Consumer Electronics Show (CES) 2024 en Las Vegas...","robots":{"index":"index","follow":"follow","max-snippet":"max-snippet:-1","max-image-preview":"max-image-preview:large","max-video-preview":"max-video-preview:-1"},"canonical":"https:\/\/autofans.com.ar\/index.php\/2024\/01\/16\/mercedes-benz-en-ces-2024\/","og_locale":"es_ES","og_type":"article","og_title":"Mercedes-Benz en CES 2024 -","og_description":"Mercedes-Benz, destacada en la feria tecnol\u00f3gica m\u00e1s grande del mundo, la Consumer Electronics Show (CES) 2024 en Las Vegas...","og_url":"https:\/\/autofans.com.ar\/index.php\/2024\/01\/16\/mercedes-benz-en-ces-2024\/","article_published_time":"2024-01-16T15:38:45+00:00","og_image":[{"url":"https:\/\/autofans.com.ar\/wp-content\/uploads\/2024\/01\/mercedes-1.jpg","width":640,"height":427,"type":"image\/jpeg"}],"author":"Alejandro Gabriel Rosito","twitter_card":"summary_large_image","twitter_misc":{"Escrito por":"Alejandro Gabriel Rosito","Tiempo de lectura":"2 minutos"},"schema":{"@context":"https:\/\/schema.org","@graph":[{"@type":"Article","@id":"https:\/\/autofans.com.ar\/index.php\/2024\/01\/16\/mercedes-benz-en-ces-2024\/#article","isPartOf":{"@id":"https:\/\/autofans.com.ar\/index.php\/2024\/01\/16\/mercedes-benz-en-ces-2024\/"},"author":{"name":"Alejandro Gabriel Rosito","@id":"https:\/\/autofans.com.ar\/#\/schema\/person\/4a8dda0b6df83ac3d6723e921274c2aa"},"headline":"Mercedes-Benz en CES 2024","datePublished":"2024-01-16T15:38:45+00:00","mainEntityOfPage":{"@id":"https:\/\/autofans.com.ar\/index.php\/2024\/01\/16\/mercedes-benz-en-ces-2024\/"},"wordCount":396,"image":{"@id":"https:\/\/autofans.com.ar\/index.php\/2024\/01\/16\/mercedes-benz-en-ces-2024\/#primaryimage"},"thumbnailUrl":"https:\/\/autofans.com.ar\/wp-content\/uploads\/2024\/01\/mercedes-1.jpg","keywords":["CES 2024","Clase CLA Concept","Colaboraciones Estrat\u00e9gicas","Experiencia del Usuario","innovaci\u00f3n tecnol\u00f3gica","MBUX","Mercedes-Benz","Transformaci\u00f3n digital","Vehiculo electrico"],"articleSection":["AUTOTECNO","NOTICIAS"],"inLanguage":"es"},{"@type":"WebPage","@id":"https:\/\/autofans.com.ar\/index.php\/2024\/01\/16\/mercedes-benz-en-ces-2024\/","url":"https:\/\/autofans.com.ar\/index.php\/2024\/01\/16\/mercedes-benz-en-ces-2024\/","name":"Mercedes-Benz en CES 2024 -","isPartOf":{"@id":"https:\/\/autofans.com.ar\/#website"},"primaryImageOfPage":{"@id":"https:\/\/autofans.com.ar\/index.php\/2024\/01\/16\/mercedes-benz-en-ces-2024\/#primaryimage"},"image":{"@id":"https:\/\/autofans.com.ar\/index.php\/2024\/01\/16\/mercedes-benz-en-ces-2024\/#primaryimage"},"thumbnailUrl":"https:\/\/autofans.com.ar\/wp-content\/uploads\/2024\/01\/mercedes-1.jpg","datePublished":"2024-01-16T15:38:45+00:00","author":{"@id":"https:\/\/autofans.com.ar\/#\/schema\/person\/4a8dda0b6df83ac3d6723e921274c2aa"},"description":"Mercedes-Benz, destacada en la feria tecnol\u00f3gica m\u00e1s grande del mundo, la Consumer Electronics Show (CES) 2024 en Las Vegas...","breadcrumb":{"@id":"https:\/\/autofans.com.ar\/index.php\/2024\/01\/16\/mercedes-benz-en-ces-2024\/#breadcrumb"},"inLanguage":"es","potentialAction":[{"@type":"ReadAction","target":["https:\/\/autofans.com.ar\/index.php\/2024\/01\/16\/mercedes-benz-en-ces-2024\/"]}]},{"@type":"ImageObject","inLanguage":"es","@id":"https:\/\/autofans.com.ar\/index.php\/2024\/01\/16\/mercedes-benz-en-ces-2024\/#primaryimage","url":"https:\/\/autofans.com.ar\/wp-content\/uploads\/2024\/01\/mercedes-1.jpg","contentUrl":"https:\/\/autofans.com.ar\/wp-content\/uploads\/2024\/01\/mercedes-1.jpg","width":1000,"height":667,"caption":"Mercedes-Benz"},{"@type":"BreadcrumbList","@id":"https:\/\/autofans.com.ar\/index.php\/2024\/01\/16\/mercedes-benz-en-ces-2024\/#breadcrumb","itemListElement":[{"@type":"ListItem","position":1,"name":"Inicio","item":"https:\/\/autofans.com.ar\/"},{"@type":"ListItem","position":2,"name":"Mercedes-Benz en CES 2024"}]},{"@type":"WebSite","@id":"https:\/\/autofans.com.ar\/#website","url":"https:\/\/autofans.com.ar\/","name":"","description":"El multimedio referente de la industria automotriz","potentialAction":[{"@type":"SearchAction","target":{"@type":"EntryPoint","urlTemplate":"https:\/\/autofans.com.ar\/?s={search_term_string}"},"query-input":{"@type":"PropertyValueSpecification","valueRequired":true,"valueName":"search_term_string"}}],"inLanguage":"es"},{"@type":"Person","@id":"https:\/\/autofans.com.ar\/#\/schema\/person\/4a8dda0b6df83ac3d6723e921274c2aa","name":"Alejandro Gabriel Rosito","image":{"@type":"ImageObject","inLanguage":"es","@id":"https:\/\/secure.gravatar.com\/avatar\/16c5dda1489adfc62618084dcbb91cffd879c374b13fe5dd8e44ed6733852c88?s=96&d=mm&r=g","url":"https:\/\/secure.gravatar.com\/avatar\/16c5dda1489adfc62618084dcbb91cffd879c374b13fe5dd8e44ed6733852c88?s=96&d=mm&r=g","contentUrl":"https:\/\/secure.gravatar.com\/avatar\/16c5dda1489adfc62618084dcbb91cffd879c374b13fe5dd8e44ed6733852c88?s=96&d=mm&r=g","caption":"Alejandro Gabriel Rosito"},"url":"https:\/\/autofans.com.ar\/index.php\/author\/gabrielr\/"}]}},"featured_image_urls":{"full":["https:\/\/autofans.com.ar\/wp-content\/uploads\/2024\/01\/mercedes-1.jpg",1000,667,false],"thumbnail":["https:\/\/autofans.com.ar\/wp-content\/uploads\/2024\/01\/mercedes-1-150x150.jpg",150,150,true],"medium":["https:\/\/autofans.com.ar\/wp-content\/uploads\/2024\/01\/mercedes-1-300x200.jpg",300,200,true],"medium_large":["https:\/\/autofans.com.ar\/wp-content\/uploads\/2024\/01\/mercedes-1-768x512.jpg",640,427,true],"large":["https:\/\/autofans.com.ar\/wp-content\/uploads\/2024\/01\/mercedes-1.jpg",640,427,false],"1536x1536":["https:\/\/autofans.com.ar\/wp-content\/uploads\/2024\/01\/mercedes-1.jpg",1000,667,false],"2048x2048":["https:\/\/autofans.com.ar\/wp-content\/uploads\/2024\/01\/mercedes-1.jpg",1000,667,false],"covernews-featured":["https:\/\/autofans.com.ar\/wp-content\/uploads\/2024\/01\/mercedes-1.jpg",1000,667,false],"covernews-medium":["https:\/\/autofans.com.ar\/wp-content\/uploads\/2024\/01\/mercedes-1-540x340.jpg",540,340,true]},"author_info":{"display_name":"Alejandro Gabriel Rosito","author_link":"https:\/\/autofans.com.ar\/index.php\/author\/gabrielr\/"},"category_info":"<a href=\"https:\/\/autofans.com.ar\/index.php\/category\/noticias\/autotecno\/\" rel=\"category tag\">AUTOTECNO<\/a> <a href=\"https:\/\/autofans.com.ar\/index.php\/category\/noticias\/\" rel=\"category tag\">NOTICIAS<\/a>","tag_info":"NOTICIAS","comment_count":0,"_links":{"self":[{"href":"https:\/\/autofans.com.ar\/index.php\/wp-json\/wp\/v2\/posts\/6378","targetHints":{"allow":["GET"]}}],"collection":[{"href":"https:\/\/autofans.com.ar\/index.php\/wp-json\/wp\/v2\/posts"}],"about":[{"href":"https:\/\/autofans.com.ar\/index.php\/wp-json\/wp\/v2\/types\/post"}],"author":[{"embeddable":true,"href":"https:\/\/autofans.com.ar\/index.php\/wp-json\/wp\/v2\/users\/2"}],"replies":[{"embeddable":true,"href":"https:\/\/autofans.com.ar\/index.php\/wp-json\/wp\/v2\/comments?post=6378"}],"version-history":[{"count":2,"href":"https:\/\/autofans.com.ar\/index.php\/wp-json\/wp\/v2\/posts\/6378\/revisions"}],"predecessor-version":[{"id":6383,"href":"https:\/\/autofans.com.ar\/index.php\/wp-json\/wp\/v2\/posts\/6378\/revisions\/6383"}],"wp:featuredmedia":[{"embeddable":true,"href":"https:\/\/autofans.com.ar\/index.php\/wp-json\/wp\/v2\/media\/6381"}],"wp:attachment":[{"href":"https:\/\/autofans.com.ar\/index.php\/wp-json\/wp\/v2\/media?parent=6378"}],"wp:term":[{"taxonomy":"category","embeddable":true,"href":"https:\/\/autofans.com.ar\/index.php\/wp-json\/wp\/v2\/categories?post=6378"},{"taxonomy":"post_tag","embeddable":true,"href":"https:\/\/autofans.com.ar\/index.php\/wp-json\/wp\/v2\/tags?post=6378"}],"curies":[{"name":"wp","href":"https:\/\/api.w.org\/{rel}","templated":true}]}}