{"id":643,"date":"2023-03-09T17:55:51","date_gmt":"2023-03-09T20:55:51","guid":{"rendered":"https:\/\/autofans.com.ar\/?p=643"},"modified":"2023-04-09T18:27:16","modified_gmt":"2023-04-09T21:27:16","slug":"sacha-fenestraz-el-piloto-de-nissan-en-la-formula-e","status":"publish","type":"post","link":"https:\/\/autofans.com.ar\/index.php\/2023\/03\/09\/sacha-fenestraz-el-piloto-de-nissan-en-la-formula-e\/","title":{"rendered":"Sacha Fenestraz el piloto de Nissan en la F\u00f3rmula E"},"content":{"rendered":"<p>Sacha Fenestraz, el joven piloto franco-argentino de 23 a\u00f1os. El piloto se prepara para participar en el e-Prix de San Pablo con el equipo de Nissan en la Temporada 2022\/23 de la F\u00f3rmula E. Fenestraz cuenta con un amplio historial como piloto profesional, habiendo pasado por la F\u00f3rmula 4, la F\u00f3rmula Renault y la F\u00f3rmula 3, donde logr\u00f3 varios t\u00edtulos.<\/p>\n<p>&nbsp;<\/p>\n<p><img fetchpriority=\"high\" decoding=\"async\" class=\"aligncenter wp-image-645 size-full\" src=\"https:\/\/autofans.com.ar\/wp-content\/uploads\/2023\/03\/pilotos-carrera.jpg\" alt=\"Sacha Fenestraz\" width=\"1000\" height=\"667\" srcset=\"https:\/\/autofans.com.ar\/wp-content\/uploads\/2023\/03\/pilotos-carrera.jpg 1000w, https:\/\/autofans.com.ar\/wp-content\/uploads\/2023\/03\/pilotos-carrera-300x200.jpg 300w, https:\/\/autofans.com.ar\/wp-content\/uploads\/2023\/03\/pilotos-carrera-768x512.jpg 768w\" sizes=\"(max-width: 1000px) 100vw, 1000px\" \/><\/p>\n<p>&nbsp;<\/p>\n<p>En su preparaci\u00f3n para la carrera, Sacha Fenestraz realiza actividades f\u00edsicas como correr y visitar el gimnasio. Adem\u00e1s, destaca que lo m\u00e1s divertido de la F\u00f3rmula E es el paddock y la relaci\u00f3n entre los pilotos, aunque dentro de la pista la competencia es intensa y de alto nivel debido a la experiencia de los participantes.<\/p>\n<p>La F\u00f3rmula E es una competici\u00f3n en la que se disputan carreras totalmente el\u00e9ctricas. <a href=\"https:\/\/www.nissan.com.ar\" target=\"_blank\" rel=\"noopener\">Nissan,<\/a> hizo su debut en esta competici\u00f3n en la Temporada 5 (2018\/19), convirti\u00e9ndose en el primer y \u00fanico fabricante japon\u00e9s en entrar en la serie. La marca ha participado en varias temporadas y ha anunciado su compromiso a largo plazo con la F\u00f3rmula E.<\/p>\n<p>&nbsp;<\/p>\n<div id='gallery-1' class='gallery galleryid-643 gallery-columns-2 gallery-size-large'><figure class='gallery-item'>\n\t\t\t<div class='gallery-icon landscape'>\n\t\t\t\t<a href='https:\/\/autofans.com.ar\/index.php\/2023\/03\/09\/sacha-fenestraz-el-piloto-de-nissan-en-la-formula-e\/auto\/'><img loading=\"lazy\" width=\"640\" height=\"427\" src=\"https:\/\/autofans.com.ar\/wp-content\/uploads\/2023\/03\/auto.jpg\" class=\"attachment-large size-large\" alt=\"Sacha Fenestraz\" srcset=\"https:\/\/autofans.com.ar\/wp-content\/uploads\/2023\/03\/auto.jpg 1000w, https:\/\/autofans.com.ar\/wp-content\/uploads\/2023\/03\/auto-300x200.jpg 300w, https:\/\/autofans.com.ar\/wp-content\/uploads\/2023\/03\/auto-768x512.jpg 768w\" sizes=\"auto, (max-width: 640px) 100vw, 640px\" loading=\"lazy\" decoding=\"async\" \/><\/a>\n\t\t\t<\/div><\/figure><figure class='gallery-item'>\n\t\t\t<div class='gallery-icon landscape'>\n\t\t\t\t<a href='https:\/\/autofans.com.ar\/index.php\/2023\/03\/09\/sacha-fenestraz-el-piloto-de-nissan-en-la-formula-e\/nissan-pilotos\/'><img loading=\"lazy\" width=\"640\" height=\"427\" src=\"https:\/\/autofans.com.ar\/wp-content\/uploads\/2023\/03\/nissan-pilotos.jpg\" class=\"attachment-large size-large\" alt=\"Sacha Fenestraz\" srcset=\"https:\/\/autofans.com.ar\/wp-content\/uploads\/2023\/03\/nissan-pilotos.jpg 1000w, https:\/\/autofans.com.ar\/wp-content\/uploads\/2023\/03\/nissan-pilotos-300x200.jpg 300w, https:\/\/autofans.com.ar\/wp-content\/uploads\/2023\/03\/nissan-pilotos-768x512.jpg 768w\" sizes=\"auto, (max-width: 640px) 100vw, 640px\" loading=\"lazy\" decoding=\"async\" \/><\/a>\n\t\t\t<\/div><\/figure>\n\t\t<\/div>\n\n<p>Para el e-Prix de San Pablo, que se realizar\u00e1 el 25 de marzo, Sacha Fenestraz se muestra entusiasmado y espera tener una buena actuaci\u00f3n en el circuito brasile\u00f1o. Este evento es la primera temporada para el campeonato del mundo de la F\u00f3rmula E en Brasil y se espera que sea una carrera incre\u00edble.<\/p>\n<p>&nbsp;<\/p>\n<p><center><iframe title=\"Sacha Fenestraz est\u00e1 listo para arrasar en el e-Prix de San Pablo\" width=\"640\" height=\"360\" src=\"https:\/\/www.youtube.com\/embed\/ILMhXlr7mMg?feature=oembed\" frameborder=\"0\" allow=\"accelerometer; autoplay; clipboard-write; encrypted-media; gyroscope; picture-in-picture; web-share\" referrerpolicy=\"strict-origin-when-cross-origin\" allowfullscreen><\/iframe><\/p>\n<p style=\"text-align: left;\">Si te gusto esta nota, podes obtener mas informaci\u00f3n en: <a href=\"https:\/\/nsam.nissannews.com\/es\/releases\/release-98b332f707d240c7138ff16c90027c6b-nissan-formula-e-capitulo-1-sacha-fenestraz\" target=\"_blank\" rel=\"noopener\">nissannews<\/a><\/p>\n<p>&nbsp;<\/p>\n<p style=\"text-align: left;\"><i>Para enterarte de m\u00e1s novedades, no dejes de leer\u00a0<\/i><a href=\"https:\/\/autofans.thebrandsoup.com\/\"><i>nuestras notas<\/i><\/a><i>, de ver<\/i><b><i>\u00a0<\/i><\/b><a href=\"https:\/\/www.youtube.com\/channel\/UCgAC8UGHZYbT6P7PpmVnP7g\"><b><i>AUTOFANS TV<\/i><\/b><\/a><b><i>\u00a0<\/i><\/b><i>en nuestro\u00a0canal de Youtube. Adem\u00e1s seguinos en\u00a0<\/i><a href=\"https:\/\/www.instagram.com\/autofanstv\/\"><i>INSTAGRAM<\/i><\/a><i> y <\/i><a href=\"https:\/\/www.facebook.com\/autofansmas\/\"><i>FACEBOOK<\/i><\/a><i> para no perderte nada sobre las novedades del segmento automotor de Argentina y el mundo.<\/i><\/p>\n<p>&nbsp;<\/p>\n<p>&nbsp;<\/p>\n<p>&nbsp;<\/p>\n<p>&nbsp;<\/p>\n<p><\/center><\/p>\n","protected":false},"excerpt":{"rendered":"<p>Sacha Fenestraz, el joven piloto franco-argentino de 23 a\u00f1os. El piloto se prepara para participar&#8230;<\/p>\n","protected":false},"author":2,"featured_media":647,"comment_status":"closed","ping_status":"closed","sticky":false,"template":"","format":"standard","meta":{"footnotes":""},"categories":[127,16],"tags":[185,271,143,269,267,268,46,266,270],"class_list":["post-643","post","type-post","status-publish","format-standard","has-post-thumbnail","hentry","category-deporte","category-noticias","tag-automovilismo","tag-carreras-electricas","tag-competicion","tag-e-prix","tag-formula-e","tag-nissan","tag-nissan-argentina","tag-sacha-fenestraz","tag-san-pablo"],"yoast_head":"<!-- This site is optimized with the Yoast SEO plugin v27.5 - https:\/\/yoast.com\/product\/yoast-seo-wordpress\/ -->\n<title>Sacha Fenestraz el piloto de Nissan en la F\u00f3rmula E -<\/title>\n<meta name=\"description\" content=\"Sacha Fenestraz, el piloto franco-argentino de 23 a\u00f1os, se prepara para participar en el e-Prix de San Pablo con el equipo de Nissan...\" \/>\n<meta name=\"robots\" content=\"index, follow, max-snippet:-1, max-image-preview:large, max-video-preview:-1\" \/>\n<link rel=\"canonical\" href=\"https:\/\/autofans.com.ar\/index.php\/2023\/03\/09\/sacha-fenestraz-el-piloto-de-nissan-en-la-formula-e\/\" \/>\n<meta property=\"og:locale\" content=\"es_ES\" \/>\n<meta property=\"og:type\" content=\"article\" \/>\n<meta property=\"og:title\" content=\"Sacha Fenestraz el piloto de Nissan en la F\u00f3rmula E -\" \/>\n<meta property=\"og:description\" content=\"Sacha Fenestraz, el piloto franco-argentino de 23 a\u00f1os, se prepara para participar en el e-Prix de San Pablo con el equipo de Nissan...\" \/>\n<meta property=\"og:url\" content=\"https:\/\/autofans.com.ar\/index.php\/2023\/03\/09\/sacha-fenestraz-el-piloto-de-nissan-en-la-formula-e\/\" \/>\n<meta property=\"article:published_time\" content=\"2023-03-09T20:55:51+00:00\" \/>\n<meta property=\"article:modified_time\" content=\"2023-04-09T21:27:16+00:00\" \/>\n<meta property=\"og:image\" content=\"https:\/\/autofans.com.ar\/wp-content\/uploads\/2023\/03\/Sacha-Fenestraz.jpg\" \/>\n\t<meta property=\"og:image:width\" content=\"1000\" \/>\n\t<meta property=\"og:image:height\" content=\"667\" \/>\n\t<meta property=\"og:image:type\" content=\"image\/jpeg\" \/>\n<meta name=\"author\" content=\"Alejandro Gabriel Rosito\" \/>\n<meta name=\"twitter:card\" content=\"summary_large_image\" \/>\n<meta name=\"twitter:label1\" content=\"Escrito por\" \/>\n\t<meta name=\"twitter:data1\" content=\"Alejandro Gabriel Rosito\" \/>\n\t<meta name=\"twitter:label2\" content=\"Tiempo de lectura\" \/>\n\t<meta name=\"twitter:data2\" content=\"2 minutos\" \/>\n<script type=\"application\/ld+json\" class=\"yoast-schema-graph\">{\"@context\":\"https:\\\/\\\/schema.org\",\"@graph\":[{\"@type\":\"Article\",\"@id\":\"https:\\\/\\\/autofans.com.ar\\\/index.php\\\/2023\\\/03\\\/09\\\/sacha-fenestraz-el-piloto-de-nissan-en-la-formula-e\\\/#article\",\"isPartOf\":{\"@id\":\"https:\\\/\\\/autofans.com.ar\\\/index.php\\\/2023\\\/03\\\/09\\\/sacha-fenestraz-el-piloto-de-nissan-en-la-formula-e\\\/\"},\"author\":{\"name\":\"Alejandro Gabriel Rosito\",\"@id\":\"https:\\\/\\\/autofans.com.ar\\\/#\\\/schema\\\/person\\\/4a8dda0b6df83ac3d6723e921274c2aa\"},\"headline\":\"Sacha Fenestraz el piloto de Nissan en la F\u00f3rmula E\",\"datePublished\":\"2023-03-09T20:55:51+00:00\",\"dateModified\":\"2023-04-09T21:27:16+00:00\",\"mainEntityOfPage\":{\"@id\":\"https:\\\/\\\/autofans.com.ar\\\/index.php\\\/2023\\\/03\\\/09\\\/sacha-fenestraz-el-piloto-de-nissan-en-la-formula-e\\\/\"},\"wordCount\":330,\"image\":{\"@id\":\"https:\\\/\\\/autofans.com.ar\\\/index.php\\\/2023\\\/03\\\/09\\\/sacha-fenestraz-el-piloto-de-nissan-en-la-formula-e\\\/#primaryimage\"},\"thumbnailUrl\":\"https:\\\/\\\/autofans.com.ar\\\/wp-content\\\/uploads\\\/2023\\\/03\\\/Sacha-Fenestraz.jpg\",\"keywords\":[\"#automovilismo\",\"carreras el\u00e9ctricas\",\"Competici\u00f3n\",\"e-Prix\",\"F\u00f3rmula E\",\"Nissan\",\"Nissan Argentina\",\"Sacha Fenestraz\",\"San Pablo\"],\"articleSection\":[\"DEPORTE MOTOR\",\"NOTICIAS\"],\"inLanguage\":\"es\"},{\"@type\":\"WebPage\",\"@id\":\"https:\\\/\\\/autofans.com.ar\\\/index.php\\\/2023\\\/03\\\/09\\\/sacha-fenestraz-el-piloto-de-nissan-en-la-formula-e\\\/\",\"url\":\"https:\\\/\\\/autofans.com.ar\\\/index.php\\\/2023\\\/03\\\/09\\\/sacha-fenestraz-el-piloto-de-nissan-en-la-formula-e\\\/\",\"name\":\"Sacha Fenestraz el piloto de Nissan en la F\u00f3rmula E -\",\"isPartOf\":{\"@id\":\"https:\\\/\\\/autofans.com.ar\\\/#website\"},\"primaryImageOfPage\":{\"@id\":\"https:\\\/\\\/autofans.com.ar\\\/index.php\\\/2023\\\/03\\\/09\\\/sacha-fenestraz-el-piloto-de-nissan-en-la-formula-e\\\/#primaryimage\"},\"image\":{\"@id\":\"https:\\\/\\\/autofans.com.ar\\\/index.php\\\/2023\\\/03\\\/09\\\/sacha-fenestraz-el-piloto-de-nissan-en-la-formula-e\\\/#primaryimage\"},\"thumbnailUrl\":\"https:\\\/\\\/autofans.com.ar\\\/wp-content\\\/uploads\\\/2023\\\/03\\\/Sacha-Fenestraz.jpg\",\"datePublished\":\"2023-03-09T20:55:51+00:00\",\"dateModified\":\"2023-04-09T21:27:16+00:00\",\"author\":{\"@id\":\"https:\\\/\\\/autofans.com.ar\\\/#\\\/schema\\\/person\\\/4a8dda0b6df83ac3d6723e921274c2aa\"},\"description\":\"Sacha Fenestraz, el piloto franco-argentino de 23 a\u00f1os, se prepara para participar en el e-Prix de San Pablo con el equipo de Nissan...\",\"breadcrumb\":{\"@id\":\"https:\\\/\\\/autofans.com.ar\\\/index.php\\\/2023\\\/03\\\/09\\\/sacha-fenestraz-el-piloto-de-nissan-en-la-formula-e\\\/#breadcrumb\"},\"inLanguage\":\"es\",\"potentialAction\":[{\"@type\":\"ReadAction\",\"target\":[\"https:\\\/\\\/autofans.com.ar\\\/index.php\\\/2023\\\/03\\\/09\\\/sacha-fenestraz-el-piloto-de-nissan-en-la-formula-e\\\/\"]}]},{\"@type\":\"ImageObject\",\"inLanguage\":\"es\",\"@id\":\"https:\\\/\\\/autofans.com.ar\\\/index.php\\\/2023\\\/03\\\/09\\\/sacha-fenestraz-el-piloto-de-nissan-en-la-formula-e\\\/#primaryimage\",\"url\":\"https:\\\/\\\/autofans.com.ar\\\/wp-content\\\/uploads\\\/2023\\\/03\\\/Sacha-Fenestraz.jpg\",\"contentUrl\":\"https:\\\/\\\/autofans.com.ar\\\/wp-content\\\/uploads\\\/2023\\\/03\\\/Sacha-Fenestraz.jpg\",\"width\":1000,\"height\":667,\"caption\":\"Sacha Fenestraz\"},{\"@type\":\"BreadcrumbList\",\"@id\":\"https:\\\/\\\/autofans.com.ar\\\/index.php\\\/2023\\\/03\\\/09\\\/sacha-fenestraz-el-piloto-de-nissan-en-la-formula-e\\\/#breadcrumb\",\"itemListElement\":[{\"@type\":\"ListItem\",\"position\":1,\"name\":\"Inicio\",\"item\":\"https:\\\/\\\/autofans.com.ar\\\/\"},{\"@type\":\"ListItem\",\"position\":2,\"name\":\"Sacha Fenestraz el piloto de Nissan en la F\u00f3rmula E\"}]},{\"@type\":\"WebSite\",\"@id\":\"https:\\\/\\\/autofans.com.ar\\\/#website\",\"url\":\"https:\\\/\\\/autofans.com.ar\\\/\",\"name\":\"\",\"description\":\"El multimedio referente de la industria automotriz\",\"potentialAction\":[{\"@type\":\"SearchAction\",\"target\":{\"@type\":\"EntryPoint\",\"urlTemplate\":\"https:\\\/\\\/autofans.com.ar\\\/?s={search_term_string}\"},\"query-input\":{\"@type\":\"PropertyValueSpecification\",\"valueRequired\":true,\"valueName\":\"search_term_string\"}}],\"inLanguage\":\"es\"},{\"@type\":\"Person\",\"@id\":\"https:\\\/\\\/autofans.com.ar\\\/#\\\/schema\\\/person\\\/4a8dda0b6df83ac3d6723e921274c2aa\",\"name\":\"Alejandro Gabriel Rosito\",\"image\":{\"@type\":\"ImageObject\",\"inLanguage\":\"es\",\"@id\":\"https:\\\/\\\/secure.gravatar.com\\\/avatar\\\/16c5dda1489adfc62618084dcbb91cffd879c374b13fe5dd8e44ed6733852c88?s=96&d=mm&r=g\",\"url\":\"https:\\\/\\\/secure.gravatar.com\\\/avatar\\\/16c5dda1489adfc62618084dcbb91cffd879c374b13fe5dd8e44ed6733852c88?s=96&d=mm&r=g\",\"contentUrl\":\"https:\\\/\\\/secure.gravatar.com\\\/avatar\\\/16c5dda1489adfc62618084dcbb91cffd879c374b13fe5dd8e44ed6733852c88?s=96&d=mm&r=g\",\"caption\":\"Alejandro Gabriel Rosito\"},\"url\":\"https:\\\/\\\/autofans.com.ar\\\/index.php\\\/author\\\/gabrielr\\\/\"}]}<\/script>\n<!-- \/ Yoast SEO plugin. -->","yoast_head_json":{"title":"Sacha Fenestraz el piloto de Nissan en la F\u00f3rmula E -","description":"Sacha Fenestraz, el piloto franco-argentino de 23 a\u00f1os, se prepara para participar en el e-Prix de San Pablo con el equipo de Nissan...","robots":{"index":"index","follow":"follow","max-snippet":"max-snippet:-1","max-image-preview":"max-image-preview:large","max-video-preview":"max-video-preview:-1"},"canonical":"https:\/\/autofans.com.ar\/index.php\/2023\/03\/09\/sacha-fenestraz-el-piloto-de-nissan-en-la-formula-e\/","og_locale":"es_ES","og_type":"article","og_title":"Sacha Fenestraz el piloto de Nissan en la F\u00f3rmula E -","og_description":"Sacha Fenestraz, el piloto franco-argentino de 23 a\u00f1os, se prepara para participar en el e-Prix de San Pablo con el equipo de Nissan...","og_url":"https:\/\/autofans.com.ar\/index.php\/2023\/03\/09\/sacha-fenestraz-el-piloto-de-nissan-en-la-formula-e\/","article_published_time":"2023-03-09T20:55:51+00:00","article_modified_time":"2023-04-09T21:27:16+00:00","og_image":[{"width":1000,"height":667,"url":"https:\/\/autofans.com.ar\/wp-content\/uploads\/2023\/03\/Sacha-Fenestraz.jpg","type":"image\/jpeg"}],"author":"Alejandro Gabriel Rosito","twitter_card":"summary_large_image","twitter_misc":{"Escrito por":"Alejandro Gabriel Rosito","Tiempo de lectura":"2 minutos"},"schema":{"@context":"https:\/\/schema.org","@graph":[{"@type":"Article","@id":"https:\/\/autofans.com.ar\/index.php\/2023\/03\/09\/sacha-fenestraz-el-piloto-de-nissan-en-la-formula-e\/#article","isPartOf":{"@id":"https:\/\/autofans.com.ar\/index.php\/2023\/03\/09\/sacha-fenestraz-el-piloto-de-nissan-en-la-formula-e\/"},"author":{"name":"Alejandro Gabriel Rosito","@id":"https:\/\/autofans.com.ar\/#\/schema\/person\/4a8dda0b6df83ac3d6723e921274c2aa"},"headline":"Sacha Fenestraz el piloto de Nissan en la F\u00f3rmula E","datePublished":"2023-03-09T20:55:51+00:00","dateModified":"2023-04-09T21:27:16+00:00","mainEntityOfPage":{"@id":"https:\/\/autofans.com.ar\/index.php\/2023\/03\/09\/sacha-fenestraz-el-piloto-de-nissan-en-la-formula-e\/"},"wordCount":330,"image":{"@id":"https:\/\/autofans.com.ar\/index.php\/2023\/03\/09\/sacha-fenestraz-el-piloto-de-nissan-en-la-formula-e\/#primaryimage"},"thumbnailUrl":"https:\/\/autofans.com.ar\/wp-content\/uploads\/2023\/03\/Sacha-Fenestraz.jpg","keywords":["#automovilismo","carreras el\u00e9ctricas","Competici\u00f3n","e-Prix","F\u00f3rmula E","Nissan","Nissan Argentina","Sacha Fenestraz","San Pablo"],"articleSection":["DEPORTE MOTOR","NOTICIAS"],"inLanguage":"es"},{"@type":"WebPage","@id":"https:\/\/autofans.com.ar\/index.php\/2023\/03\/09\/sacha-fenestraz-el-piloto-de-nissan-en-la-formula-e\/","url":"https:\/\/autofans.com.ar\/index.php\/2023\/03\/09\/sacha-fenestraz-el-piloto-de-nissan-en-la-formula-e\/","name":"Sacha Fenestraz el piloto de Nissan en la F\u00f3rmula E -","isPartOf":{"@id":"https:\/\/autofans.com.ar\/#website"},"primaryImageOfPage":{"@id":"https:\/\/autofans.com.ar\/index.php\/2023\/03\/09\/sacha-fenestraz-el-piloto-de-nissan-en-la-formula-e\/#primaryimage"},"image":{"@id":"https:\/\/autofans.com.ar\/index.php\/2023\/03\/09\/sacha-fenestraz-el-piloto-de-nissan-en-la-formula-e\/#primaryimage"},"thumbnailUrl":"https:\/\/autofans.com.ar\/wp-content\/uploads\/2023\/03\/Sacha-Fenestraz.jpg","datePublished":"2023-03-09T20:55:51+00:00","dateModified":"2023-04-09T21:27:16+00:00","author":{"@id":"https:\/\/autofans.com.ar\/#\/schema\/person\/4a8dda0b6df83ac3d6723e921274c2aa"},"description":"Sacha Fenestraz, el piloto franco-argentino de 23 a\u00f1os, se prepara para participar en el e-Prix de San Pablo con el equipo de Nissan...","breadcrumb":{"@id":"https:\/\/autofans.com.ar\/index.php\/2023\/03\/09\/sacha-fenestraz-el-piloto-de-nissan-en-la-formula-e\/#breadcrumb"},"inLanguage":"es","potentialAction":[{"@type":"ReadAction","target":["https:\/\/autofans.com.ar\/index.php\/2023\/03\/09\/sacha-fenestraz-el-piloto-de-nissan-en-la-formula-e\/"]}]},{"@type":"ImageObject","inLanguage":"es","@id":"https:\/\/autofans.com.ar\/index.php\/2023\/03\/09\/sacha-fenestraz-el-piloto-de-nissan-en-la-formula-e\/#primaryimage","url":"https:\/\/autofans.com.ar\/wp-content\/uploads\/2023\/03\/Sacha-Fenestraz.jpg","contentUrl":"https:\/\/autofans.com.ar\/wp-content\/uploads\/2023\/03\/Sacha-Fenestraz.jpg","width":1000,"height":667,"caption":"Sacha Fenestraz"},{"@type":"BreadcrumbList","@id":"https:\/\/autofans.com.ar\/index.php\/2023\/03\/09\/sacha-fenestraz-el-piloto-de-nissan-en-la-formula-e\/#breadcrumb","itemListElement":[{"@type":"ListItem","position":1,"name":"Inicio","item":"https:\/\/autofans.com.ar\/"},{"@type":"ListItem","position":2,"name":"Sacha Fenestraz el piloto de Nissan en la F\u00f3rmula E"}]},{"@type":"WebSite","@id":"https:\/\/autofans.com.ar\/#website","url":"https:\/\/autofans.com.ar\/","name":"","description":"El multimedio referente de la industria automotriz","potentialAction":[{"@type":"SearchAction","target":{"@type":"EntryPoint","urlTemplate":"https:\/\/autofans.com.ar\/?s={search_term_string}"},"query-input":{"@type":"PropertyValueSpecification","valueRequired":true,"valueName":"search_term_string"}}],"inLanguage":"es"},{"@type":"Person","@id":"https:\/\/autofans.com.ar\/#\/schema\/person\/4a8dda0b6df83ac3d6723e921274c2aa","name":"Alejandro Gabriel Rosito","image":{"@type":"ImageObject","inLanguage":"es","@id":"https:\/\/secure.gravatar.com\/avatar\/16c5dda1489adfc62618084dcbb91cffd879c374b13fe5dd8e44ed6733852c88?s=96&d=mm&r=g","url":"https:\/\/secure.gravatar.com\/avatar\/16c5dda1489adfc62618084dcbb91cffd879c374b13fe5dd8e44ed6733852c88?s=96&d=mm&r=g","contentUrl":"https:\/\/secure.gravatar.com\/avatar\/16c5dda1489adfc62618084dcbb91cffd879c374b13fe5dd8e44ed6733852c88?s=96&d=mm&r=g","caption":"Alejandro Gabriel Rosito"},"url":"https:\/\/autofans.com.ar\/index.php\/author\/gabrielr\/"}]}},"featured_image_urls":{"full":["https:\/\/autofans.com.ar\/wp-content\/uploads\/2023\/03\/Sacha-Fenestraz.jpg",1000,667,false],"thumbnail":["https:\/\/autofans.com.ar\/wp-content\/uploads\/2023\/03\/Sacha-Fenestraz-150x150.jpg",150,150,true],"medium":["https:\/\/autofans.com.ar\/wp-content\/uploads\/2023\/03\/Sacha-Fenestraz-300x200.jpg",300,200,true],"medium_large":["https:\/\/autofans.com.ar\/wp-content\/uploads\/2023\/03\/Sacha-Fenestraz-768x512.jpg",640,427,true],"large":["https:\/\/autofans.com.ar\/wp-content\/uploads\/2023\/03\/Sacha-Fenestraz.jpg",640,427,false],"1536x1536":["https:\/\/autofans.com.ar\/wp-content\/uploads\/2023\/03\/Sacha-Fenestraz.jpg",1000,667,false],"2048x2048":["https:\/\/autofans.com.ar\/wp-content\/uploads\/2023\/03\/Sacha-Fenestraz.jpg",1000,667,false],"covernews-featured":["https:\/\/autofans.com.ar\/wp-content\/uploads\/2023\/03\/Sacha-Fenestraz.jpg",1000,667,false],"covernews-medium":["https:\/\/autofans.com.ar\/wp-content\/uploads\/2023\/03\/Sacha-Fenestraz-540x340.jpg",540,340,true]},"author_info":{"display_name":"Alejandro Gabriel Rosito","author_link":"https:\/\/autofans.com.ar\/index.php\/author\/gabrielr\/"},"category_info":"<a href=\"https:\/\/autofans.com.ar\/index.php\/category\/noticias\/deporte\/\" rel=\"category tag\">DEPORTE MOTOR<\/a> <a href=\"https:\/\/autofans.com.ar\/index.php\/category\/noticias\/\" rel=\"category tag\">NOTICIAS<\/a>","tag_info":"NOTICIAS","comment_count":0,"_links":{"self":[{"href":"https:\/\/autofans.com.ar\/index.php\/wp-json\/wp\/v2\/posts\/643","targetHints":{"allow":["GET"]}}],"collection":[{"href":"https:\/\/autofans.com.ar\/index.php\/wp-json\/wp\/v2\/posts"}],"about":[{"href":"https:\/\/autofans.com.ar\/index.php\/wp-json\/wp\/v2\/types\/post"}],"author":[{"embeddable":true,"href":"https:\/\/autofans.com.ar\/index.php\/wp-json\/wp\/v2\/users\/2"}],"replies":[{"embeddable":true,"href":"https:\/\/autofans.com.ar\/index.php\/wp-json\/wp\/v2\/comments?post=643"}],"version-history":[{"count":11,"href":"https:\/\/autofans.com.ar\/index.php\/wp-json\/wp\/v2\/posts\/643\/revisions"}],"predecessor-version":[{"id":1411,"href":"https:\/\/autofans.com.ar\/index.php\/wp-json\/wp\/v2\/posts\/643\/revisions\/1411"}],"wp:featuredmedia":[{"embeddable":true,"href":"https:\/\/autofans.com.ar\/index.php\/wp-json\/wp\/v2\/media\/647"}],"wp:attachment":[{"href":"https:\/\/autofans.com.ar\/index.php\/wp-json\/wp\/v2\/media?parent=643"}],"wp:term":[{"taxonomy":"category","embeddable":true,"href":"https:\/\/autofans.com.ar\/index.php\/wp-json\/wp\/v2\/categories?post=643"},{"taxonomy":"post_tag","embeddable":true,"href":"https:\/\/autofans.com.ar\/index.php\/wp-json\/wp\/v2\/tags?post=643"}],"curies":[{"name":"wp","href":"https:\/\/api.w.org\/{rel}","templated":true}]}}