{"id":6448,"date":"2024-01-19T11:57:36","date_gmt":"2024-01-19T14:57:36","guid":{"rendered":"https:\/\/autofans.com.ar\/?p=6448"},"modified":"2024-01-19T11:57:36","modified_gmt":"2024-01-19T14:57:36","slug":"summer-car-show-2024-el-parque-tematico-de-autos-en-argentina","status":"publish","type":"post","link":"https:\/\/autofans.com.ar\/index.php\/2024\/01\/19\/summer-car-show-2024-el-parque-tematico-de-autos-en-argentina\/","title":{"rendered":"Summer Car Show 2024, el parque tem\u00e1tico de autos en Argentina"},"content":{"rendered":"<p>En la ruta 11, KM 407, entre Caril\u00f3 y Villa Gesell, se inaugur\u00f3 el \u00abSummer Car Show 2024\u00bb, el primer parque tem\u00e1tico de autos en Argentina. Hasta el 18 de febrero, de 16:00 a 00:00, los visitantes pueden sumergirse en un mundo de emociones automotrices con las marcas CITRO\u00cbN, DS AUTOMOBILES, FIAT, JEEP, PEUGEOT y RAM del Grupo Stellantis.<\/p>\n<p>&nbsp;<\/p>\n<h2>Aventura y emoci\u00f3n en Summer Car Show<\/h2>\n<p>Las marcas presentan sus mejores modelos en stands que destacan por su innovaci\u00f3n. Desde el CITRO\u00cbN C3 hasta el \u00faltimo lanzamiento, el nuevo C3 Aircross, las opciones son variadas. DS AUTOMOBILES sorprende con el DS 7 E-TENSE, mientras que FIAT exhibe desde el PULSE ABARTH hasta el nuevo FASTBACK. Por su parte, JEEP presenta desde el RENEGADE hasta el robusto GLADIATOR. Tambi\u00e9n destacan PEUGEOT con el 208 y 3008, y RAM con sus potentes 1500 REBEL y LARAMIE, junto con la novedad, el RAMPAGE.<\/p>\n<p>&nbsp;<\/p>\n<div id='gallery-1' class='gallery galleryid-6448 gallery-columns-4 gallery-size-full'><figure class='gallery-item'>\n\t\t\t<div class='gallery-icon landscape'>\n\t\t\t\t<a href='https:\/\/autofans.com.ar\/index.php\/2024\/01\/19\/summer-car-show-2024-el-parque-tematico-de-autos-en-argentina\/ds\/'><img loading=\"lazy\" width=\"1000\" height=\"667\" src=\"https:\/\/autofans.com.ar\/wp-content\/uploads\/2024\/01\/ds.jpg\" class=\"attachment-full size-full\" alt=\"Summer Car Show 2024\" srcset=\"https:\/\/autofans.com.ar\/wp-content\/uploads\/2024\/01\/ds.jpg 1000w, https:\/\/autofans.com.ar\/wp-content\/uploads\/2024\/01\/ds-300x200.jpg 300w, https:\/\/autofans.com.ar\/wp-content\/uploads\/2024\/01\/ds-768x512.jpg 768w\" sizes=\"auto, (max-width: 1000px) 100vw, 1000px\" loading=\"lazy\" decoding=\"async\" \/><\/a>\n\t\t\t<\/div><\/figure><figure class='gallery-item'>\n\t\t\t<div class='gallery-icon landscape'>\n\t\t\t\t<a href='https:\/\/autofans.com.ar\/index.php\/2024\/01\/19\/summer-car-show-2024-el-parque-tematico-de-autos-en-argentina\/jepp\/'><img loading=\"lazy\" width=\"1000\" height=\"667\" src=\"https:\/\/autofans.com.ar\/wp-content\/uploads\/2024\/01\/jepp.jpg\" class=\"attachment-full size-full\" alt=\"Summer Car Show 2024\" srcset=\"https:\/\/autofans.com.ar\/wp-content\/uploads\/2024\/01\/jepp.jpg 1000w, https:\/\/autofans.com.ar\/wp-content\/uploads\/2024\/01\/jepp-300x200.jpg 300w, https:\/\/autofans.com.ar\/wp-content\/uploads\/2024\/01\/jepp-768x512.jpg 768w\" sizes=\"auto, (max-width: 1000px) 100vw, 1000px\" loading=\"lazy\" decoding=\"async\" \/><\/a>\n\t\t\t<\/div><\/figure><figure class='gallery-item'>\n\t\t\t<div class='gallery-icon landscape'>\n\t\t\t\t<a href='https:\/\/autofans.com.ar\/index.php\/2024\/01\/19\/summer-car-show-2024-el-parque-tematico-de-autos-en-argentina\/ram-8\/'><img loading=\"lazy\" width=\"1000\" height=\"667\" src=\"https:\/\/autofans.com.ar\/wp-content\/uploads\/2024\/01\/ram.jpg\" class=\"attachment-full size-full\" alt=\"Summer Car Show 2024\" srcset=\"https:\/\/autofans.com.ar\/wp-content\/uploads\/2024\/01\/ram.jpg 1000w, https:\/\/autofans.com.ar\/wp-content\/uploads\/2024\/01\/ram-300x200.jpg 300w, https:\/\/autofans.com.ar\/wp-content\/uploads\/2024\/01\/ram-768x512.jpg 768w\" sizes=\"auto, (max-width: 1000px) 100vw, 1000px\" loading=\"lazy\" decoding=\"async\" \/><\/a>\n\t\t\t<\/div><\/figure><figure class='gallery-item'>\n\t\t\t<div class='gallery-icon landscape'>\n\t\t\t\t<a href='https:\/\/autofans.com.ar\/index.php\/2024\/01\/19\/summer-car-show-2024-el-parque-tematico-de-autos-en-argentina\/citroen\/'><img loading=\"lazy\" width=\"1000\" height=\"667\" src=\"https:\/\/autofans.com.ar\/wp-content\/uploads\/2024\/01\/citroen.jpg\" class=\"attachment-full size-full\" alt=\"Summer Car Show 2024\" srcset=\"https:\/\/autofans.com.ar\/wp-content\/uploads\/2024\/01\/citroen.jpg 1000w, https:\/\/autofans.com.ar\/wp-content\/uploads\/2024\/01\/citroen-300x200.jpg 300w, https:\/\/autofans.com.ar\/wp-content\/uploads\/2024\/01\/citroen-768x512.jpg 768w\" sizes=\"auto, (max-width: 1000px) 100vw, 1000px\" loading=\"lazy\" decoding=\"async\" \/><\/a>\n\t\t\t<\/div><\/figure>\n\t\t<\/div>\n\n<p>&nbsp;<\/p>\n<p>Los entusiastas pueden solicitar su test drive urbano u off-road a trav\u00e9s de <a href=\"https:\/\/summercarshow.com.ar\/\" target=\"_blank\" rel=\"noopener\">https:\/\/summercarshow.com.ar<\/a>. Selecciona la marca y el veh\u00edculo de tu preferencia, elige el d\u00eda y horario, y disfruta del lineup m\u00e1s completo del verano en un solo lugar. Adem\u00e1s, se ofrecen academias off-road para modelos espec\u00edficos de las marcas, como la RAM Academy y la Jeep Academy.<\/p>\n<p>&nbsp;<\/p>\n<h2>Sabores familiares en el parque automotriz<\/h2>\n<p>Disfruta de m\u00fasica en vivo los s\u00e1bados desde el 20 de enero. Artistas como Usted Se\u00f1alamelo y Franzizca y Anita B Queen se presentar\u00e1n desde las 20:30 horas. Los clientes Stellantis pueden acceder a un espacio VIP, reservando su lugar desde la web.<\/p>\n<p>&nbsp;<\/p>\n<div id='gallery-2' class='gallery galleryid-6448 gallery-columns-2 gallery-size-full'><figure class='gallery-item'>\n\t\t\t<div class='gallery-icon landscape'>\n\t\t\t\t<a href='https:\/\/autofans.com.ar\/index.php\/2024\/01\/19\/summer-car-show-2024-el-parque-tematico-de-autos-en-argentina\/show\/'><img loading=\"lazy\" width=\"1000\" height=\"667\" src=\"https:\/\/autofans.com.ar\/wp-content\/uploads\/2024\/01\/show.jpg\" class=\"attachment-full size-full\" alt=\"Summer Car Show 2024\" srcset=\"https:\/\/autofans.com.ar\/wp-content\/uploads\/2024\/01\/show.jpg 1000w, https:\/\/autofans.com.ar\/wp-content\/uploads\/2024\/01\/show-300x200.jpg 300w, https:\/\/autofans.com.ar\/wp-content\/uploads\/2024\/01\/show-768x512.jpg 768w\" sizes=\"auto, (max-width: 1000px) 100vw, 1000px\" loading=\"lazy\" decoding=\"async\" \/><\/a>\n\t\t\t<\/div><\/figure><figure class='gallery-item'>\n\t\t\t<div class='gallery-icon landscape'>\n\t\t\t\t<a href='https:\/\/autofans.com.ar\/index.php\/2024\/01\/19\/summer-car-show-2024-el-parque-tematico-de-autos-en-argentina\/food\/'><img loading=\"lazy\" width=\"1000\" height=\"667\" src=\"https:\/\/autofans.com.ar\/wp-content\/uploads\/2024\/01\/food.jpg\" class=\"attachment-full size-full\" alt=\"Summer Car Show 2024\" srcset=\"https:\/\/autofans.com.ar\/wp-content\/uploads\/2024\/01\/food.jpg 1000w, https:\/\/autofans.com.ar\/wp-content\/uploads\/2024\/01\/food-300x200.jpg 300w, https:\/\/autofans.com.ar\/wp-content\/uploads\/2024\/01\/food-768x512.jpg 768w\" sizes=\"auto, (max-width: 1000px) 100vw, 1000px\" loading=\"lazy\" decoding=\"async\" \/><\/a>\n\t\t\t<\/div><\/figure>\n\t\t<\/div>\n\n<p>&nbsp;<\/p>\n<p>El parque ofrece opciones gastron\u00f3micas hasta la medianoche, ideales para compartir en familia.<\/p>\n<p>Aprende sobre el correcto mantenimiento de autos en workshops gratuitos. \u00abWomen by Citro\u00ebn\u00bb el 22\/01 y \u00abWomen by Peugeot\u00bb el 23\/01, ambos a las 11 hs. Inscripciones a trav\u00e9s de los correos indicados.<\/p>\n<p>&nbsp;<\/p>\n<p>&nbsp;<\/p>\n<p><i>Para enterarte de m\u00e1s novedades, no dejes de leer\u00a0<\/i><a href=\"https:\/\/autofans.thebrandsoup.com\/\"><i>nuestras notas<\/i><\/a><i>, de ver<\/i><b><i>\u00a0<\/i><\/b><a href=\"https:\/\/www.youtube.com\/channel\/UCgAC8UGHZYbT6P7PpmVnP7g\"><b><i>AUTOFANS TV<\/i><\/b><\/a><b><i>\u00a0<\/i><\/b><i>en nuestro\u00a0canal de Youtube. Adem\u00e1s seguinos en\u00a0<\/i><a href=\"https:\/\/www.instagram.com\/autofanstv\/\"><i>INSTAGRAM<\/i><\/a><i> y <\/i><a href=\"https:\/\/www.facebook.com\/autofansmas\/\"><i>FACEBOOK<\/i><\/a><i> para no perderte nada sobre las novedades del segmento automotor de Argentina y el mundo.<\/i><\/p>\n","protected":false},"excerpt":{"rendered":"<p>En la ruta 11, KM 407, entre Caril\u00f3 y Villa Gesell, se inaugur\u00f3 el \u00abSummer&#8230;<\/p>\n","protected":false},"author":2,"featured_media":6456,"comment_status":"closed","ping_status":"closed","sticky":false,"template":"","format":"standard","meta":{"footnotes":""},"categories":[6,16],"tags":[3409,3406,3304,3407,3405,78,3408],"class_list":["post-6448","post","type-post","status-publish","format-standard","has-post-thumbnail","hentry","category-bizstyle","category-noticias","tag-gastronomia-automotriz","tag-grupo-stellantis","tag-musica-en-vivo","tag-novedades-autos","tag-summer-car-show","tag-test-drive","tag-workshops-gratuitos"],"yoast_head":"<!-- This site is optimized with the Yoast SEO plugin v27.5 - https:\/\/yoast.com\/product\/yoast-seo-wordpress\/ -->\n<title>Summer Car Show 2024, el parque tem\u00e1tico de autos en Argentina -<\/title>\n<meta name=\"description\" content=\"Entre Caril\u00f3 y Villa Gesell, se inaugur\u00f3 el &quot;Summer Car Show 2024&quot;, el primer parque tem\u00e1tico de autos en Argentina. Hasta el 18 de febrero..\" \/>\n<meta name=\"robots\" content=\"index, follow, max-snippet:-1, max-image-preview:large, max-video-preview:-1\" \/>\n<link rel=\"canonical\" href=\"https:\/\/autofans.com.ar\/index.php\/2024\/01\/19\/summer-car-show-2024-el-parque-tematico-de-autos-en-argentina\/\" \/>\n<meta property=\"og:locale\" content=\"es_ES\" \/>\n<meta property=\"og:type\" content=\"article\" \/>\n<meta property=\"og:title\" content=\"Summer Car Show 2024, el parque tem\u00e1tico de autos en Argentina -\" \/>\n<meta property=\"og:description\" content=\"Entre Caril\u00f3 y Villa Gesell, se inaugur\u00f3 el &quot;Summer Car Show 2024&quot;, el primer parque tem\u00e1tico de autos en Argentina. Hasta el 18 de febrero..\" \/>\n<meta property=\"og:url\" content=\"https:\/\/autofans.com.ar\/index.php\/2024\/01\/19\/summer-car-show-2024-el-parque-tematico-de-autos-en-argentina\/\" \/>\n<meta property=\"article:published_time\" content=\"2024-01-19T14:57:36+00:00\" \/>\n<meta property=\"og:image\" content=\"https:\/\/autofans.com.ar\/wp-content\/uploads\/2024\/01\/summer-1.jpg\" \/>\n\t<meta property=\"og:image:width\" content=\"640\" \/>\n\t<meta property=\"og:image:height\" content=\"427\" \/>\n\t<meta property=\"og:image:type\" content=\"image\/jpeg\" \/>\n<meta name=\"author\" content=\"Alejandro Gabriel Rosito\" \/>\n<meta name=\"twitter:card\" content=\"summary_large_image\" \/>\n<meta name=\"twitter:label1\" content=\"Escrito por\" \/>\n\t<meta name=\"twitter:data1\" content=\"Alejandro Gabriel Rosito\" \/>\n\t<meta name=\"twitter:label2\" content=\"Tiempo de lectura\" \/>\n\t<meta name=\"twitter:data2\" content=\"2 minutos\" \/>\n<script type=\"application\/ld+json\" class=\"yoast-schema-graph\">{\"@context\":\"https:\\\/\\\/schema.org\",\"@graph\":[{\"@type\":\"Article\",\"@id\":\"https:\\\/\\\/autofans.com.ar\\\/index.php\\\/2024\\\/01\\\/19\\\/summer-car-show-2024-el-parque-tematico-de-autos-en-argentina\\\/#article\",\"isPartOf\":{\"@id\":\"https:\\\/\\\/autofans.com.ar\\\/index.php\\\/2024\\\/01\\\/19\\\/summer-car-show-2024-el-parque-tematico-de-autos-en-argentina\\\/\"},\"author\":{\"name\":\"Alejandro Gabriel Rosito\",\"@id\":\"https:\\\/\\\/autofans.com.ar\\\/#\\\/schema\\\/person\\\/4a8dda0b6df83ac3d6723e921274c2aa\"},\"headline\":\"Summer Car Show 2024, el parque tem\u00e1tico de autos en Argentina\",\"datePublished\":\"2024-01-19T14:57:36+00:00\",\"mainEntityOfPage\":{\"@id\":\"https:\\\/\\\/autofans.com.ar\\\/index.php\\\/2024\\\/01\\\/19\\\/summer-car-show-2024-el-parque-tematico-de-autos-en-argentina\\\/\"},\"wordCount\":383,\"image\":{\"@id\":\"https:\\\/\\\/autofans.com.ar\\\/index.php\\\/2024\\\/01\\\/19\\\/summer-car-show-2024-el-parque-tematico-de-autos-en-argentina\\\/#primaryimage\"},\"thumbnailUrl\":\"https:\\\/\\\/autofans.com.ar\\\/wp-content\\\/uploads\\\/2024\\\/01\\\/summer-1.jpg\",\"keywords\":[\"Gastronom\u00eda Automotriz\",\"Grupo Stellantis\",\"M\u00fasica en Vivo\",\"Novedades Autos\",\"Summer Car Show\",\"Test Drive\",\"Workshops Gratuitos\"],\"articleSection\":[\"BIZSTYLE\",\"NOTICIAS\"],\"inLanguage\":\"es\"},{\"@type\":\"WebPage\",\"@id\":\"https:\\\/\\\/autofans.com.ar\\\/index.php\\\/2024\\\/01\\\/19\\\/summer-car-show-2024-el-parque-tematico-de-autos-en-argentina\\\/\",\"url\":\"https:\\\/\\\/autofans.com.ar\\\/index.php\\\/2024\\\/01\\\/19\\\/summer-car-show-2024-el-parque-tematico-de-autos-en-argentina\\\/\",\"name\":\"Summer Car Show 2024, el parque tem\u00e1tico de autos en Argentina -\",\"isPartOf\":{\"@id\":\"https:\\\/\\\/autofans.com.ar\\\/#website\"},\"primaryImageOfPage\":{\"@id\":\"https:\\\/\\\/autofans.com.ar\\\/index.php\\\/2024\\\/01\\\/19\\\/summer-car-show-2024-el-parque-tematico-de-autos-en-argentina\\\/#primaryimage\"},\"image\":{\"@id\":\"https:\\\/\\\/autofans.com.ar\\\/index.php\\\/2024\\\/01\\\/19\\\/summer-car-show-2024-el-parque-tematico-de-autos-en-argentina\\\/#primaryimage\"},\"thumbnailUrl\":\"https:\\\/\\\/autofans.com.ar\\\/wp-content\\\/uploads\\\/2024\\\/01\\\/summer-1.jpg\",\"datePublished\":\"2024-01-19T14:57:36+00:00\",\"author\":{\"@id\":\"https:\\\/\\\/autofans.com.ar\\\/#\\\/schema\\\/person\\\/4a8dda0b6df83ac3d6723e921274c2aa\"},\"description\":\"Entre Caril\u00f3 y Villa Gesell, se inaugur\u00f3 el \\\"Summer Car Show 2024\\\", el primer parque tem\u00e1tico de autos en Argentina. Hasta el 18 de febrero..\",\"breadcrumb\":{\"@id\":\"https:\\\/\\\/autofans.com.ar\\\/index.php\\\/2024\\\/01\\\/19\\\/summer-car-show-2024-el-parque-tematico-de-autos-en-argentina\\\/#breadcrumb\"},\"inLanguage\":\"es\",\"potentialAction\":[{\"@type\":\"ReadAction\",\"target\":[\"https:\\\/\\\/autofans.com.ar\\\/index.php\\\/2024\\\/01\\\/19\\\/summer-car-show-2024-el-parque-tematico-de-autos-en-argentina\\\/\"]}]},{\"@type\":\"ImageObject\",\"inLanguage\":\"es\",\"@id\":\"https:\\\/\\\/autofans.com.ar\\\/index.php\\\/2024\\\/01\\\/19\\\/summer-car-show-2024-el-parque-tematico-de-autos-en-argentina\\\/#primaryimage\",\"url\":\"https:\\\/\\\/autofans.com.ar\\\/wp-content\\\/uploads\\\/2024\\\/01\\\/summer-1.jpg\",\"contentUrl\":\"https:\\\/\\\/autofans.com.ar\\\/wp-content\\\/uploads\\\/2024\\\/01\\\/summer-1.jpg\",\"width\":1000,\"height\":667,\"caption\":\"Summer Car Show 2024\"},{\"@type\":\"BreadcrumbList\",\"@id\":\"https:\\\/\\\/autofans.com.ar\\\/index.php\\\/2024\\\/01\\\/19\\\/summer-car-show-2024-el-parque-tematico-de-autos-en-argentina\\\/#breadcrumb\",\"itemListElement\":[{\"@type\":\"ListItem\",\"position\":1,\"name\":\"Inicio\",\"item\":\"https:\\\/\\\/autofans.com.ar\\\/\"},{\"@type\":\"ListItem\",\"position\":2,\"name\":\"Summer Car Show 2024, el parque tem\u00e1tico de autos en Argentina\"}]},{\"@type\":\"WebSite\",\"@id\":\"https:\\\/\\\/autofans.com.ar\\\/#website\",\"url\":\"https:\\\/\\\/autofans.com.ar\\\/\",\"name\":\"\",\"description\":\"El multimedio referente de la industria automotriz\",\"potentialAction\":[{\"@type\":\"SearchAction\",\"target\":{\"@type\":\"EntryPoint\",\"urlTemplate\":\"https:\\\/\\\/autofans.com.ar\\\/?s={search_term_string}\"},\"query-input\":{\"@type\":\"PropertyValueSpecification\",\"valueRequired\":true,\"valueName\":\"search_term_string\"}}],\"inLanguage\":\"es\"},{\"@type\":\"Person\",\"@id\":\"https:\\\/\\\/autofans.com.ar\\\/#\\\/schema\\\/person\\\/4a8dda0b6df83ac3d6723e921274c2aa\",\"name\":\"Alejandro Gabriel Rosito\",\"image\":{\"@type\":\"ImageObject\",\"inLanguage\":\"es\",\"@id\":\"https:\\\/\\\/secure.gravatar.com\\\/avatar\\\/16c5dda1489adfc62618084dcbb91cffd879c374b13fe5dd8e44ed6733852c88?s=96&d=mm&r=g\",\"url\":\"https:\\\/\\\/secure.gravatar.com\\\/avatar\\\/16c5dda1489adfc62618084dcbb91cffd879c374b13fe5dd8e44ed6733852c88?s=96&d=mm&r=g\",\"contentUrl\":\"https:\\\/\\\/secure.gravatar.com\\\/avatar\\\/16c5dda1489adfc62618084dcbb91cffd879c374b13fe5dd8e44ed6733852c88?s=96&d=mm&r=g\",\"caption\":\"Alejandro Gabriel Rosito\"},\"url\":\"https:\\\/\\\/autofans.com.ar\\\/index.php\\\/author\\\/gabrielr\\\/\"}]}<\/script>\n<!-- \/ Yoast SEO plugin. -->","yoast_head_json":{"title":"Summer Car Show 2024, el parque tem\u00e1tico de autos en Argentina -","description":"Entre Caril\u00f3 y Villa Gesell, se inaugur\u00f3 el \"Summer Car Show 2024\", el primer parque tem\u00e1tico de autos en Argentina. Hasta el 18 de febrero..","robots":{"index":"index","follow":"follow","max-snippet":"max-snippet:-1","max-image-preview":"max-image-preview:large","max-video-preview":"max-video-preview:-1"},"canonical":"https:\/\/autofans.com.ar\/index.php\/2024\/01\/19\/summer-car-show-2024-el-parque-tematico-de-autos-en-argentina\/","og_locale":"es_ES","og_type":"article","og_title":"Summer Car Show 2024, el parque tem\u00e1tico de autos en Argentina -","og_description":"Entre Caril\u00f3 y Villa Gesell, se inaugur\u00f3 el \"Summer Car Show 2024\", el primer parque tem\u00e1tico de autos en Argentina. Hasta el 18 de febrero..","og_url":"https:\/\/autofans.com.ar\/index.php\/2024\/01\/19\/summer-car-show-2024-el-parque-tematico-de-autos-en-argentina\/","article_published_time":"2024-01-19T14:57:36+00:00","og_image":[{"url":"https:\/\/autofans.com.ar\/wp-content\/uploads\/2024\/01\/summer-1.jpg","width":640,"height":427,"type":"image\/jpeg"}],"author":"Alejandro Gabriel Rosito","twitter_card":"summary_large_image","twitter_misc":{"Escrito por":"Alejandro Gabriel Rosito","Tiempo de lectura":"2 minutos"},"schema":{"@context":"https:\/\/schema.org","@graph":[{"@type":"Article","@id":"https:\/\/autofans.com.ar\/index.php\/2024\/01\/19\/summer-car-show-2024-el-parque-tematico-de-autos-en-argentina\/#article","isPartOf":{"@id":"https:\/\/autofans.com.ar\/index.php\/2024\/01\/19\/summer-car-show-2024-el-parque-tematico-de-autos-en-argentina\/"},"author":{"name":"Alejandro Gabriel Rosito","@id":"https:\/\/autofans.com.ar\/#\/schema\/person\/4a8dda0b6df83ac3d6723e921274c2aa"},"headline":"Summer Car Show 2024, el parque tem\u00e1tico de autos en Argentina","datePublished":"2024-01-19T14:57:36+00:00","mainEntityOfPage":{"@id":"https:\/\/autofans.com.ar\/index.php\/2024\/01\/19\/summer-car-show-2024-el-parque-tematico-de-autos-en-argentina\/"},"wordCount":383,"image":{"@id":"https:\/\/autofans.com.ar\/index.php\/2024\/01\/19\/summer-car-show-2024-el-parque-tematico-de-autos-en-argentina\/#primaryimage"},"thumbnailUrl":"https:\/\/autofans.com.ar\/wp-content\/uploads\/2024\/01\/summer-1.jpg","keywords":["Gastronom\u00eda Automotriz","Grupo Stellantis","M\u00fasica en Vivo","Novedades Autos","Summer Car Show","Test Drive","Workshops Gratuitos"],"articleSection":["BIZSTYLE","NOTICIAS"],"inLanguage":"es"},{"@type":"WebPage","@id":"https:\/\/autofans.com.ar\/index.php\/2024\/01\/19\/summer-car-show-2024-el-parque-tematico-de-autos-en-argentina\/","url":"https:\/\/autofans.com.ar\/index.php\/2024\/01\/19\/summer-car-show-2024-el-parque-tematico-de-autos-en-argentina\/","name":"Summer Car Show 2024, el parque tem\u00e1tico de autos en Argentina -","isPartOf":{"@id":"https:\/\/autofans.com.ar\/#website"},"primaryImageOfPage":{"@id":"https:\/\/autofans.com.ar\/index.php\/2024\/01\/19\/summer-car-show-2024-el-parque-tematico-de-autos-en-argentina\/#primaryimage"},"image":{"@id":"https:\/\/autofans.com.ar\/index.php\/2024\/01\/19\/summer-car-show-2024-el-parque-tematico-de-autos-en-argentina\/#primaryimage"},"thumbnailUrl":"https:\/\/autofans.com.ar\/wp-content\/uploads\/2024\/01\/summer-1.jpg","datePublished":"2024-01-19T14:57:36+00:00","author":{"@id":"https:\/\/autofans.com.ar\/#\/schema\/person\/4a8dda0b6df83ac3d6723e921274c2aa"},"description":"Entre Caril\u00f3 y Villa Gesell, se inaugur\u00f3 el \"Summer Car Show 2024\", el primer parque tem\u00e1tico de autos en Argentina. Hasta el 18 de febrero..","breadcrumb":{"@id":"https:\/\/autofans.com.ar\/index.php\/2024\/01\/19\/summer-car-show-2024-el-parque-tematico-de-autos-en-argentina\/#breadcrumb"},"inLanguage":"es","potentialAction":[{"@type":"ReadAction","target":["https:\/\/autofans.com.ar\/index.php\/2024\/01\/19\/summer-car-show-2024-el-parque-tematico-de-autos-en-argentina\/"]}]},{"@type":"ImageObject","inLanguage":"es","@id":"https:\/\/autofans.com.ar\/index.php\/2024\/01\/19\/summer-car-show-2024-el-parque-tematico-de-autos-en-argentina\/#primaryimage","url":"https:\/\/autofans.com.ar\/wp-content\/uploads\/2024\/01\/summer-1.jpg","contentUrl":"https:\/\/autofans.com.ar\/wp-content\/uploads\/2024\/01\/summer-1.jpg","width":1000,"height":667,"caption":"Summer Car Show 2024"},{"@type":"BreadcrumbList","@id":"https:\/\/autofans.com.ar\/index.php\/2024\/01\/19\/summer-car-show-2024-el-parque-tematico-de-autos-en-argentina\/#breadcrumb","itemListElement":[{"@type":"ListItem","position":1,"name":"Inicio","item":"https:\/\/autofans.com.ar\/"},{"@type":"ListItem","position":2,"name":"Summer Car Show 2024, el parque tem\u00e1tico de autos en Argentina"}]},{"@type":"WebSite","@id":"https:\/\/autofans.com.ar\/#website","url":"https:\/\/autofans.com.ar\/","name":"","description":"El multimedio referente de la industria automotriz","potentialAction":[{"@type":"SearchAction","target":{"@type":"EntryPoint","urlTemplate":"https:\/\/autofans.com.ar\/?s={search_term_string}"},"query-input":{"@type":"PropertyValueSpecification","valueRequired":true,"valueName":"search_term_string"}}],"inLanguage":"es"},{"@type":"Person","@id":"https:\/\/autofans.com.ar\/#\/schema\/person\/4a8dda0b6df83ac3d6723e921274c2aa","name":"Alejandro Gabriel Rosito","image":{"@type":"ImageObject","inLanguage":"es","@id":"https:\/\/secure.gravatar.com\/avatar\/16c5dda1489adfc62618084dcbb91cffd879c374b13fe5dd8e44ed6733852c88?s=96&d=mm&r=g","url":"https:\/\/secure.gravatar.com\/avatar\/16c5dda1489adfc62618084dcbb91cffd879c374b13fe5dd8e44ed6733852c88?s=96&d=mm&r=g","contentUrl":"https:\/\/secure.gravatar.com\/avatar\/16c5dda1489adfc62618084dcbb91cffd879c374b13fe5dd8e44ed6733852c88?s=96&d=mm&r=g","caption":"Alejandro Gabriel Rosito"},"url":"https:\/\/autofans.com.ar\/index.php\/author\/gabrielr\/"}]}},"featured_image_urls":{"full":["https:\/\/autofans.com.ar\/wp-content\/uploads\/2024\/01\/summer-1.jpg",1000,667,false],"thumbnail":["https:\/\/autofans.com.ar\/wp-content\/uploads\/2024\/01\/summer-1-150x150.jpg",150,150,true],"medium":["https:\/\/autofans.com.ar\/wp-content\/uploads\/2024\/01\/summer-1-300x200.jpg",300,200,true],"medium_large":["https:\/\/autofans.com.ar\/wp-content\/uploads\/2024\/01\/summer-1-768x512.jpg",640,427,true],"large":["https:\/\/autofans.com.ar\/wp-content\/uploads\/2024\/01\/summer-1.jpg",640,427,false],"1536x1536":["https:\/\/autofans.com.ar\/wp-content\/uploads\/2024\/01\/summer-1.jpg",1000,667,false],"2048x2048":["https:\/\/autofans.com.ar\/wp-content\/uploads\/2024\/01\/summer-1.jpg",1000,667,false],"covernews-featured":["https:\/\/autofans.com.ar\/wp-content\/uploads\/2024\/01\/summer-1.jpg",1000,667,false],"covernews-medium":["https:\/\/autofans.com.ar\/wp-content\/uploads\/2024\/01\/summer-1-540x340.jpg",540,340,true]},"author_info":{"display_name":"Alejandro Gabriel Rosito","author_link":"https:\/\/autofans.com.ar\/index.php\/author\/gabrielr\/"},"category_info":"<a href=\"https:\/\/autofans.com.ar\/index.php\/category\/noticias\/bizstyle\/\" rel=\"category tag\">BIZSTYLE<\/a> <a href=\"https:\/\/autofans.com.ar\/index.php\/category\/noticias\/\" rel=\"category tag\">NOTICIAS<\/a>","tag_info":"NOTICIAS","comment_count":0,"_links":{"self":[{"href":"https:\/\/autofans.com.ar\/index.php\/wp-json\/wp\/v2\/posts\/6448","targetHints":{"allow":["GET"]}}],"collection":[{"href":"https:\/\/autofans.com.ar\/index.php\/wp-json\/wp\/v2\/posts"}],"about":[{"href":"https:\/\/autofans.com.ar\/index.php\/wp-json\/wp\/v2\/types\/post"}],"author":[{"embeddable":true,"href":"https:\/\/autofans.com.ar\/index.php\/wp-json\/wp\/v2\/users\/2"}],"replies":[{"embeddable":true,"href":"https:\/\/autofans.com.ar\/index.php\/wp-json\/wp\/v2\/comments?post=6448"}],"version-history":[{"count":2,"href":"https:\/\/autofans.com.ar\/index.php\/wp-json\/wp\/v2\/posts\/6448\/revisions"}],"predecessor-version":[{"id":6458,"href":"https:\/\/autofans.com.ar\/index.php\/wp-json\/wp\/v2\/posts\/6448\/revisions\/6458"}],"wp:featuredmedia":[{"embeddable":true,"href":"https:\/\/autofans.com.ar\/index.php\/wp-json\/wp\/v2\/media\/6456"}],"wp:attachment":[{"href":"https:\/\/autofans.com.ar\/index.php\/wp-json\/wp\/v2\/media?parent=6448"}],"wp:term":[{"taxonomy":"category","embeddable":true,"href":"https:\/\/autofans.com.ar\/index.php\/wp-json\/wp\/v2\/categories?post=6448"},{"taxonomy":"post_tag","embeddable":true,"href":"https:\/\/autofans.com.ar\/index.php\/wp-json\/wp\/v2\/tags?post=6448"}],"curies":[{"name":"wp","href":"https:\/\/api.w.org\/{rel}","templated":true}]}}