{"id":6459,"date":"2024-01-19T16:55:31","date_gmt":"2024-01-19T19:55:31","guid":{"rendered":"https:\/\/autofans.com.ar\/?p=6459"},"modified":"2024-01-19T16:55:31","modified_gmt":"2024-01-19T19:55:31","slug":"audi-hace-historia-triunfo-epico-en-el-rally-dakar","status":"publish","type":"post","link":"https:\/\/autofans.com.ar\/index.php\/2024\/01\/19\/audi-hace-historia-triunfo-epico-en-el-rally-dakar\/","title":{"rendered":"Audi hace historia, triunfo \u00e9pico en el Rally Dakar"},"content":{"rendered":"<p>Audi ha logrado un hito hist\u00f3rico al ganar el Rally Dakar con su prototipo de bajas emisiones, el Audi RS Q e-tron. Carlos Sainz y Lucas Cruz se alzaron con la victoria, marcando la primera vez que un veh\u00edculo con propulsi\u00f3n el\u00e9ctrica se lleva la gloria en la competencia m\u00e1s desafiante del mundo. Con una ventaja de 1 hora y 20 minutos despu\u00e9s de recorrer casi 7,900 kil\u00f3metros, el equipo espa\u00f1ol dej\u00f3 su huella en el desierto.<\/p>\n<p>&nbsp;<\/p>\n<blockquote>\n<p style=\"text-align: center;\">\u00abFelicitaciones a todo el equipo Audi Sport por conseguir la victoria en este\u00a0Rally Dakar\u00bb, declar\u00f3\u00a0Gernot D\u00f6llner, Presidente del Consejo de Administraci\u00f3n de AUDI AG. \u00abAudi acaba de conseguir\u00a0un nuevo hito en el mundo del deporte\u00a0automotor. Ganar el rally m\u00e1s dif\u00edcil del desierto con una propulsi\u00f3n electrificada refleja un determinante\u00a0&#8216;Vorsprung durch Technik&#8217; y se\u00f1ala el camino hacia nuestro futuro el\u00e9ctrico\u00bb, agreg\u00f3.<\/p>\n<\/blockquote>\n<p>&nbsp;<\/p>\n<h2>Audi RS Q e-tron en el Rally Dakar<\/h2>\n<p>El Audi RS Q e-tron cuenta con tracci\u00f3n total el\u00e9ctrica, alimentada por una bater\u00eda de alta tensi\u00f3n y un convertidor de energ\u00eda que utiliza reFuel a base de combustible residual, reduciendo las emisiones de CO2 en un 60%. El rendimiento excepcional de este veh\u00edculo no solo destaca en t\u00e9rminos de velocidad, sino tambi\u00e9n en su compromiso con la sostenibilidad.<\/p>\n<p>&nbsp;<\/p>\n<figure id=\"attachment_6463\" aria-describedby=\"caption-attachment-6463\" style=\"width: 1000px\" class=\"wp-caption aligncenter\"><img fetchpriority=\"high\" decoding=\"async\" class=\"wp-image-6463 size-full\" src=\"https:\/\/autofans.com.ar\/wp-content\/uploads\/2024\/01\/audi-1.jpg\" alt=\"Rally Dakar\" width=\"1000\" height=\"667\" srcset=\"https:\/\/autofans.com.ar\/wp-content\/uploads\/2024\/01\/audi-1.jpg 1000w, https:\/\/autofans.com.ar\/wp-content\/uploads\/2024\/01\/audi-1-300x200.jpg 300w, https:\/\/autofans.com.ar\/wp-content\/uploads\/2024\/01\/audi-1-768x512.jpg 768w\" sizes=\"(max-width: 1000px) 100vw, 1000px\" \/><figcaption id=\"caption-attachment-6463\" class=\"wp-caption-text\">Rolf Michl y Carlos Sainz<\/figcaption><\/figure>\n<p>&nbsp;<\/p>\n<p>Carlos Sainz y Lucas Cruz, experimentados en rallys, lideraron de manera impecable desde la sexta etapa, asegurando su cuarto \u00e9xito en el Dakar. Sin embargo, la competencia no fue f\u00e1cil, con etapas diarias de m\u00e1s de 400 kil\u00f3metros, dos etapas marat\u00f3n sin servicio completo y m\u00e1s de 4,600 kil\u00f3metros cronometrados en total.<\/p>\n<p>&nbsp;<\/p>\n<blockquote>\n<p style=\"text-align: center;\">\u00abCon nuestra revolucionaria propulsi\u00f3n electrificada, hemos superado uno de los mayores desaf\u00edos en el automovilismo despu\u00e9s de s\u00f3lo tres a\u00f1os de haber comenzado. As\u00ed, continuamos una larga serie de logros pioneros que siempre han caracterizado a Audi en cuatro d\u00e9cadas de automovilismo.<\/p>\n<\/blockquote>\n<p>&nbsp;<\/p>\n<h2>Triunfos y desaf\u00edos<\/h2>\n<p>Otros equipos de Audi tambi\u00e9n demostraron su capacidad, como los suecos Mattias Ekstr\u00f6m y Emil Bergkvist, que ganaron el pr\u00f3logo y mostraron un buen rendimiento hasta la s\u00e9ptima etapa, donde un defecto en el eje trasero les cost\u00f3 sus posibilidades. St\u00e9phane Peterhansel, con 14 victorias en el Dakar, tambi\u00e9n experiment\u00f3 desaf\u00edos, pero la estrategia implementada por el equipo Audi Motorsport demostr\u00f3 ser clave para el \u00e9xito.<\/p>\n<p>&nbsp;<\/p>\n<p><img decoding=\"async\" class=\"aligncenter wp-image-6461 size-full\" src=\"https:\/\/autofans.com.ar\/wp-content\/uploads\/2024\/01\/audi-3.jpg\" alt=\"Rally Dakar\" width=\"1000\" height=\"667\" srcset=\"https:\/\/autofans.com.ar\/wp-content\/uploads\/2024\/01\/audi-3.jpg 1000w, https:\/\/autofans.com.ar\/wp-content\/uploads\/2024\/01\/audi-3-300x200.jpg 300w, https:\/\/autofans.com.ar\/wp-content\/uploads\/2024\/01\/audi-3-768x512.jpg 768w\" sizes=\"(max-width: 1000px) 100vw, 1000px\" \/><\/p>\n<p>&nbsp;<\/p>\n<p>Rolf Michl, jefe de Audi Motorsport, y Sven Quandt, Director del Equipo Q Motorsport, orquestaron una estrategia perfecta en esta 46\u00aa edici\u00f3n del rally. Desde retroceder t\u00e1cticamente hasta el apoyo constante a los l\u00edderes, el equipo mostr\u00f3 su fortaleza en todo momento.<\/p>\n<p>&nbsp;<\/p>\n<blockquote>\n<p style=\"text-align: center;\">\u00abFue una actuaci\u00f3n impresionante\u00a0del equipo\u00bb, dijo el jefe de Audi Motorsport, Rolf Michl. \u00abTodos se unieron para hacer posible este resultado hist\u00f3rico para Audi. Un especial\u00a0agradecimiento a este maravilloso equipo. Hoy hemos escrito un nuevo cap\u00edtulo para Audi, pero tambi\u00e9n en la historia del Rally Dakar\u00bb.<\/p>\n<\/blockquote>\n<p>&nbsp;<\/p>\n<p>El Audi RS Q e-tron es el resultado de a\u00f1os de desarrollo bajo la direcci\u00f3n t\u00e9cnica del Dr. Leonardo Pascali. Audi Sport, conocido por su innovaci\u00f3n en tecnolog\u00edas como la tracci\u00f3n total quattro y la propulsi\u00f3n electrificada e-tron quattro, ahora agrega el Rally Dakar a su lista de triunfos. Desde Le Mans hasta la F\u00f3rmula E, Audi demuestra una vez m\u00e1s su liderazgo tecnol\u00f3gico con el primer veh\u00edculo de carreras totalmente el\u00e9ctrico en ganar el Rally Dakar. Una prueba m\u00e1s de su \u00abVorsprung durch Technik\u00bb (Ventaja a trav\u00e9s de la tecnolog\u00eda).<\/p>\n<p>&nbsp;<\/p>\n<p>&nbsp;<\/p>\n<p><i>Para enterarte de m\u00e1s novedades, no dejes de leer\u00a0<\/i><a href=\"https:\/\/autofans.thebrandsoup.com\/\"><i>nuestras notas<\/i><\/a><i>, de ver<\/i><b><i>\u00a0<\/i><\/b><a href=\"https:\/\/www.youtube.com\/channel\/UCgAC8UGHZYbT6P7PpmVnP7g\"><b><i>AUTOFANS TV<\/i><\/b><\/a><b><i>\u00a0<\/i><\/b><i>en nuestro\u00a0canal de Youtube. Adem\u00e1s seguinos en\u00a0<\/i><a href=\"https:\/\/www.instagram.com\/autofanstv\/\"><i>INSTAGRAM<\/i><\/a><i> y <\/i><a href=\"https:\/\/www.facebook.com\/autofansmas\/\"><i>FACEBOOK<\/i><\/a><i> para no perderte nada sobre las novedades del segmento automotor de Argentina y el mundo.<\/i><\/p>\n","protected":false},"excerpt":{"rendered":"<p>Audi ha logrado un hito hist\u00f3rico al ganar el Rally Dakar con su prototipo de&#8230;<\/p>\n","protected":false},"author":2,"featured_media":6460,"comment_status":"closed","ping_status":"closed","sticky":false,"template":"","format":"standard","meta":{"footnotes":""},"categories":[341,16],"tags":[911,3020,3411,3415,886,3412,3413,3414,3410,3416,3417],"class_list":["post-6459","post","type-post","status-publish","format-standard","has-post-thumbnail","hentry","category-hibridos-y-electricos","category-noticias","tag-audi","tag-audi-rs-q-e-tron","tag-carlos-sainz","tag-coche-sostenible","tag-innovacion-automotriz","tag-lucas-cruz","tag-prototipo-electrico","tag-rally-2024","tag-rally-dakar","tag-tecnologia-de-traccion-total","tag-victoria-historica"],"yoast_head":"<!-- This site is optimized with the Yoast SEO plugin v27.5 - https:\/\/yoast.com\/product\/yoast-seo-wordpress\/ -->\n<title>Audi hace historia, triunfo \u00e9pico en el Rally Dakar -<\/title>\n<meta name=\"description\" content=\"Audi ha logrado un hito hist\u00f3rico al ganar el Rally Dakar con su prototipo de bajas emisiones, el Audi RS Q e-tron el veh\u00edculo el\u00e9ctrico...\" \/>\n<meta name=\"robots\" content=\"index, follow, max-snippet:-1, max-image-preview:large, max-video-preview:-1\" \/>\n<link rel=\"canonical\" href=\"https:\/\/autofans.com.ar\/index.php\/2024\/01\/19\/audi-hace-historia-triunfo-epico-en-el-rally-dakar\/\" \/>\n<meta property=\"og:locale\" content=\"es_ES\" \/>\n<meta property=\"og:type\" content=\"article\" \/>\n<meta property=\"og:title\" content=\"Audi hace historia, triunfo \u00e9pico en el Rally Dakar -\" \/>\n<meta property=\"og:description\" content=\"Audi ha logrado un hito hist\u00f3rico al ganar el Rally Dakar con su prototipo de bajas emisiones, el Audi RS Q e-tron el veh\u00edculo el\u00e9ctrico...\" \/>\n<meta property=\"og:url\" content=\"https:\/\/autofans.com.ar\/index.php\/2024\/01\/19\/audi-hace-historia-triunfo-epico-en-el-rally-dakar\/\" \/>\n<meta property=\"article:published_time\" content=\"2024-01-19T19:55:31+00:00\" \/>\n<meta property=\"og:image\" content=\"https:\/\/autofans.com.ar\/wp-content\/uploads\/2024\/01\/audi-4.jpg\" \/>\n\t<meta property=\"og:image:width\" content=\"640\" \/>\n\t<meta property=\"og:image:height\" content=\"427\" \/>\n\t<meta property=\"og:image:type\" content=\"image\/jpeg\" \/>\n<meta name=\"author\" content=\"Alejandro Gabriel Rosito\" \/>\n<meta name=\"twitter:card\" content=\"summary_large_image\" \/>\n<meta name=\"twitter:label1\" content=\"Escrito por\" \/>\n\t<meta name=\"twitter:data1\" content=\"Alejandro Gabriel Rosito\" \/>\n\t<meta name=\"twitter:label2\" content=\"Tiempo de lectura\" \/>\n\t<meta name=\"twitter:data2\" content=\"3 minutos\" \/>\n<script type=\"application\/ld+json\" class=\"yoast-schema-graph\">{\"@context\":\"https:\\\/\\\/schema.org\",\"@graph\":[{\"@type\":\"Article\",\"@id\":\"https:\\\/\\\/autofans.com.ar\\\/index.php\\\/2024\\\/01\\\/19\\\/audi-hace-historia-triunfo-epico-en-el-rally-dakar\\\/#article\",\"isPartOf\":{\"@id\":\"https:\\\/\\\/autofans.com.ar\\\/index.php\\\/2024\\\/01\\\/19\\\/audi-hace-historia-triunfo-epico-en-el-rally-dakar\\\/\"},\"author\":{\"name\":\"Alejandro Gabriel Rosito\",\"@id\":\"https:\\\/\\\/autofans.com.ar\\\/#\\\/schema\\\/person\\\/4a8dda0b6df83ac3d6723e921274c2aa\"},\"headline\":\"Audi hace historia, triunfo \u00e9pico en el Rally Dakar\",\"datePublished\":\"2024-01-19T19:55:31+00:00\",\"mainEntityOfPage\":{\"@id\":\"https:\\\/\\\/autofans.com.ar\\\/index.php\\\/2024\\\/01\\\/19\\\/audi-hace-historia-triunfo-epico-en-el-rally-dakar\\\/\"},\"wordCount\":686,\"image\":{\"@id\":\"https:\\\/\\\/autofans.com.ar\\\/index.php\\\/2024\\\/01\\\/19\\\/audi-hace-historia-triunfo-epico-en-el-rally-dakar\\\/#primaryimage\"},\"thumbnailUrl\":\"https:\\\/\\\/autofans.com.ar\\\/wp-content\\\/uploads\\\/2024\\\/01\\\/audi-4.jpg\",\"keywords\":[\"Audi\",\"Audi RS Q e-tron\",\"Carlos Sainz\",\"Coche sostenible\",\"Innovaci\u00f3n automotriz\",\"Lucas Cruz\",\"Prototipo el\u00e9ctrico\",\"Rally 2024\",\"Rally Dakar\",\"Tecnolog\u00eda de tracci\u00f3n total\",\"Victoria hist\u00f3rica\"],\"articleSection\":[\"HIBRIDOS, ELECTRICOS y otros\",\"NOTICIAS\"],\"inLanguage\":\"es\"},{\"@type\":\"WebPage\",\"@id\":\"https:\\\/\\\/autofans.com.ar\\\/index.php\\\/2024\\\/01\\\/19\\\/audi-hace-historia-triunfo-epico-en-el-rally-dakar\\\/\",\"url\":\"https:\\\/\\\/autofans.com.ar\\\/index.php\\\/2024\\\/01\\\/19\\\/audi-hace-historia-triunfo-epico-en-el-rally-dakar\\\/\",\"name\":\"Audi hace historia, triunfo \u00e9pico en el Rally Dakar -\",\"isPartOf\":{\"@id\":\"https:\\\/\\\/autofans.com.ar\\\/#website\"},\"primaryImageOfPage\":{\"@id\":\"https:\\\/\\\/autofans.com.ar\\\/index.php\\\/2024\\\/01\\\/19\\\/audi-hace-historia-triunfo-epico-en-el-rally-dakar\\\/#primaryimage\"},\"image\":{\"@id\":\"https:\\\/\\\/autofans.com.ar\\\/index.php\\\/2024\\\/01\\\/19\\\/audi-hace-historia-triunfo-epico-en-el-rally-dakar\\\/#primaryimage\"},\"thumbnailUrl\":\"https:\\\/\\\/autofans.com.ar\\\/wp-content\\\/uploads\\\/2024\\\/01\\\/audi-4.jpg\",\"datePublished\":\"2024-01-19T19:55:31+00:00\",\"author\":{\"@id\":\"https:\\\/\\\/autofans.com.ar\\\/#\\\/schema\\\/person\\\/4a8dda0b6df83ac3d6723e921274c2aa\"},\"description\":\"Audi ha logrado un hito hist\u00f3rico al ganar el Rally Dakar con su prototipo de bajas emisiones, el Audi RS Q e-tron el veh\u00edculo el\u00e9ctrico...\",\"breadcrumb\":{\"@id\":\"https:\\\/\\\/autofans.com.ar\\\/index.php\\\/2024\\\/01\\\/19\\\/audi-hace-historia-triunfo-epico-en-el-rally-dakar\\\/#breadcrumb\"},\"inLanguage\":\"es\",\"potentialAction\":[{\"@type\":\"ReadAction\",\"target\":[\"https:\\\/\\\/autofans.com.ar\\\/index.php\\\/2024\\\/01\\\/19\\\/audi-hace-historia-triunfo-epico-en-el-rally-dakar\\\/\"]}]},{\"@type\":\"ImageObject\",\"inLanguage\":\"es\",\"@id\":\"https:\\\/\\\/autofans.com.ar\\\/index.php\\\/2024\\\/01\\\/19\\\/audi-hace-historia-triunfo-epico-en-el-rally-dakar\\\/#primaryimage\",\"url\":\"https:\\\/\\\/autofans.com.ar\\\/wp-content\\\/uploads\\\/2024\\\/01\\\/audi-4.jpg\",\"contentUrl\":\"https:\\\/\\\/autofans.com.ar\\\/wp-content\\\/uploads\\\/2024\\\/01\\\/audi-4.jpg\",\"width\":1000,\"height\":667,\"caption\":\"Rally Dakar\"},{\"@type\":\"BreadcrumbList\",\"@id\":\"https:\\\/\\\/autofans.com.ar\\\/index.php\\\/2024\\\/01\\\/19\\\/audi-hace-historia-triunfo-epico-en-el-rally-dakar\\\/#breadcrumb\",\"itemListElement\":[{\"@type\":\"ListItem\",\"position\":1,\"name\":\"Inicio\",\"item\":\"https:\\\/\\\/autofans.com.ar\\\/\"},{\"@type\":\"ListItem\",\"position\":2,\"name\":\"Audi hace historia, triunfo \u00e9pico en el Rally Dakar\"}]},{\"@type\":\"WebSite\",\"@id\":\"https:\\\/\\\/autofans.com.ar\\\/#website\",\"url\":\"https:\\\/\\\/autofans.com.ar\\\/\",\"name\":\"\",\"description\":\"El multimedio referente de la industria automotriz\",\"potentialAction\":[{\"@type\":\"SearchAction\",\"target\":{\"@type\":\"EntryPoint\",\"urlTemplate\":\"https:\\\/\\\/autofans.com.ar\\\/?s={search_term_string}\"},\"query-input\":{\"@type\":\"PropertyValueSpecification\",\"valueRequired\":true,\"valueName\":\"search_term_string\"}}],\"inLanguage\":\"es\"},{\"@type\":\"Person\",\"@id\":\"https:\\\/\\\/autofans.com.ar\\\/#\\\/schema\\\/person\\\/4a8dda0b6df83ac3d6723e921274c2aa\",\"name\":\"Alejandro Gabriel Rosito\",\"image\":{\"@type\":\"ImageObject\",\"inLanguage\":\"es\",\"@id\":\"https:\\\/\\\/secure.gravatar.com\\\/avatar\\\/16c5dda1489adfc62618084dcbb91cffd879c374b13fe5dd8e44ed6733852c88?s=96&d=mm&r=g\",\"url\":\"https:\\\/\\\/secure.gravatar.com\\\/avatar\\\/16c5dda1489adfc62618084dcbb91cffd879c374b13fe5dd8e44ed6733852c88?s=96&d=mm&r=g\",\"contentUrl\":\"https:\\\/\\\/secure.gravatar.com\\\/avatar\\\/16c5dda1489adfc62618084dcbb91cffd879c374b13fe5dd8e44ed6733852c88?s=96&d=mm&r=g\",\"caption\":\"Alejandro Gabriel Rosito\"},\"url\":\"https:\\\/\\\/autofans.com.ar\\\/index.php\\\/author\\\/gabrielr\\\/\"}]}<\/script>\n<!-- \/ Yoast SEO plugin. -->","yoast_head_json":{"title":"Audi hace historia, triunfo \u00e9pico en el Rally Dakar -","description":"Audi ha logrado un hito hist\u00f3rico al ganar el Rally Dakar con su prototipo de bajas emisiones, el Audi RS Q e-tron el veh\u00edculo el\u00e9ctrico...","robots":{"index":"index","follow":"follow","max-snippet":"max-snippet:-1","max-image-preview":"max-image-preview:large","max-video-preview":"max-video-preview:-1"},"canonical":"https:\/\/autofans.com.ar\/index.php\/2024\/01\/19\/audi-hace-historia-triunfo-epico-en-el-rally-dakar\/","og_locale":"es_ES","og_type":"article","og_title":"Audi hace historia, triunfo \u00e9pico en el Rally Dakar -","og_description":"Audi ha logrado un hito hist\u00f3rico al ganar el Rally Dakar con su prototipo de bajas emisiones, el Audi RS Q e-tron el veh\u00edculo el\u00e9ctrico...","og_url":"https:\/\/autofans.com.ar\/index.php\/2024\/01\/19\/audi-hace-historia-triunfo-epico-en-el-rally-dakar\/","article_published_time":"2024-01-19T19:55:31+00:00","og_image":[{"url":"https:\/\/autofans.com.ar\/wp-content\/uploads\/2024\/01\/audi-4.jpg","width":640,"height":427,"type":"image\/jpeg"}],"author":"Alejandro Gabriel Rosito","twitter_card":"summary_large_image","twitter_misc":{"Escrito por":"Alejandro Gabriel Rosito","Tiempo de lectura":"3 minutos"},"schema":{"@context":"https:\/\/schema.org","@graph":[{"@type":"Article","@id":"https:\/\/autofans.com.ar\/index.php\/2024\/01\/19\/audi-hace-historia-triunfo-epico-en-el-rally-dakar\/#article","isPartOf":{"@id":"https:\/\/autofans.com.ar\/index.php\/2024\/01\/19\/audi-hace-historia-triunfo-epico-en-el-rally-dakar\/"},"author":{"name":"Alejandro Gabriel Rosito","@id":"https:\/\/autofans.com.ar\/#\/schema\/person\/4a8dda0b6df83ac3d6723e921274c2aa"},"headline":"Audi hace historia, triunfo \u00e9pico en el Rally Dakar","datePublished":"2024-01-19T19:55:31+00:00","mainEntityOfPage":{"@id":"https:\/\/autofans.com.ar\/index.php\/2024\/01\/19\/audi-hace-historia-triunfo-epico-en-el-rally-dakar\/"},"wordCount":686,"image":{"@id":"https:\/\/autofans.com.ar\/index.php\/2024\/01\/19\/audi-hace-historia-triunfo-epico-en-el-rally-dakar\/#primaryimage"},"thumbnailUrl":"https:\/\/autofans.com.ar\/wp-content\/uploads\/2024\/01\/audi-4.jpg","keywords":["Audi","Audi RS Q e-tron","Carlos Sainz","Coche sostenible","Innovaci\u00f3n automotriz","Lucas Cruz","Prototipo el\u00e9ctrico","Rally 2024","Rally Dakar","Tecnolog\u00eda de tracci\u00f3n total","Victoria hist\u00f3rica"],"articleSection":["HIBRIDOS, ELECTRICOS y otros","NOTICIAS"],"inLanguage":"es"},{"@type":"WebPage","@id":"https:\/\/autofans.com.ar\/index.php\/2024\/01\/19\/audi-hace-historia-triunfo-epico-en-el-rally-dakar\/","url":"https:\/\/autofans.com.ar\/index.php\/2024\/01\/19\/audi-hace-historia-triunfo-epico-en-el-rally-dakar\/","name":"Audi hace historia, triunfo \u00e9pico en el Rally Dakar -","isPartOf":{"@id":"https:\/\/autofans.com.ar\/#website"},"primaryImageOfPage":{"@id":"https:\/\/autofans.com.ar\/index.php\/2024\/01\/19\/audi-hace-historia-triunfo-epico-en-el-rally-dakar\/#primaryimage"},"image":{"@id":"https:\/\/autofans.com.ar\/index.php\/2024\/01\/19\/audi-hace-historia-triunfo-epico-en-el-rally-dakar\/#primaryimage"},"thumbnailUrl":"https:\/\/autofans.com.ar\/wp-content\/uploads\/2024\/01\/audi-4.jpg","datePublished":"2024-01-19T19:55:31+00:00","author":{"@id":"https:\/\/autofans.com.ar\/#\/schema\/person\/4a8dda0b6df83ac3d6723e921274c2aa"},"description":"Audi ha logrado un hito hist\u00f3rico al ganar el Rally Dakar con su prototipo de bajas emisiones, el Audi RS Q e-tron el veh\u00edculo el\u00e9ctrico...","breadcrumb":{"@id":"https:\/\/autofans.com.ar\/index.php\/2024\/01\/19\/audi-hace-historia-triunfo-epico-en-el-rally-dakar\/#breadcrumb"},"inLanguage":"es","potentialAction":[{"@type":"ReadAction","target":["https:\/\/autofans.com.ar\/index.php\/2024\/01\/19\/audi-hace-historia-triunfo-epico-en-el-rally-dakar\/"]}]},{"@type":"ImageObject","inLanguage":"es","@id":"https:\/\/autofans.com.ar\/index.php\/2024\/01\/19\/audi-hace-historia-triunfo-epico-en-el-rally-dakar\/#primaryimage","url":"https:\/\/autofans.com.ar\/wp-content\/uploads\/2024\/01\/audi-4.jpg","contentUrl":"https:\/\/autofans.com.ar\/wp-content\/uploads\/2024\/01\/audi-4.jpg","width":1000,"height":667,"caption":"Rally Dakar"},{"@type":"BreadcrumbList","@id":"https:\/\/autofans.com.ar\/index.php\/2024\/01\/19\/audi-hace-historia-triunfo-epico-en-el-rally-dakar\/#breadcrumb","itemListElement":[{"@type":"ListItem","position":1,"name":"Inicio","item":"https:\/\/autofans.com.ar\/"},{"@type":"ListItem","position":2,"name":"Audi hace historia, triunfo \u00e9pico en el Rally Dakar"}]},{"@type":"WebSite","@id":"https:\/\/autofans.com.ar\/#website","url":"https:\/\/autofans.com.ar\/","name":"","description":"El multimedio referente de la industria automotriz","potentialAction":[{"@type":"SearchAction","target":{"@type":"EntryPoint","urlTemplate":"https:\/\/autofans.com.ar\/?s={search_term_string}"},"query-input":{"@type":"PropertyValueSpecification","valueRequired":true,"valueName":"search_term_string"}}],"inLanguage":"es"},{"@type":"Person","@id":"https:\/\/autofans.com.ar\/#\/schema\/person\/4a8dda0b6df83ac3d6723e921274c2aa","name":"Alejandro Gabriel Rosito","image":{"@type":"ImageObject","inLanguage":"es","@id":"https:\/\/secure.gravatar.com\/avatar\/16c5dda1489adfc62618084dcbb91cffd879c374b13fe5dd8e44ed6733852c88?s=96&d=mm&r=g","url":"https:\/\/secure.gravatar.com\/avatar\/16c5dda1489adfc62618084dcbb91cffd879c374b13fe5dd8e44ed6733852c88?s=96&d=mm&r=g","contentUrl":"https:\/\/secure.gravatar.com\/avatar\/16c5dda1489adfc62618084dcbb91cffd879c374b13fe5dd8e44ed6733852c88?s=96&d=mm&r=g","caption":"Alejandro Gabriel Rosito"},"url":"https:\/\/autofans.com.ar\/index.php\/author\/gabrielr\/"}]}},"featured_image_urls":{"full":["https:\/\/autofans.com.ar\/wp-content\/uploads\/2024\/01\/audi-4.jpg",1000,667,false],"thumbnail":["https:\/\/autofans.com.ar\/wp-content\/uploads\/2024\/01\/audi-4-150x150.jpg",150,150,true],"medium":["https:\/\/autofans.com.ar\/wp-content\/uploads\/2024\/01\/audi-4-300x200.jpg",300,200,true],"medium_large":["https:\/\/autofans.com.ar\/wp-content\/uploads\/2024\/01\/audi-4-768x512.jpg",640,427,true],"large":["https:\/\/autofans.com.ar\/wp-content\/uploads\/2024\/01\/audi-4.jpg",640,427,false],"1536x1536":["https:\/\/autofans.com.ar\/wp-content\/uploads\/2024\/01\/audi-4.jpg",1000,667,false],"2048x2048":["https:\/\/autofans.com.ar\/wp-content\/uploads\/2024\/01\/audi-4.jpg",1000,667,false],"covernews-featured":["https:\/\/autofans.com.ar\/wp-content\/uploads\/2024\/01\/audi-4.jpg",1000,667,false],"covernews-medium":["https:\/\/autofans.com.ar\/wp-content\/uploads\/2024\/01\/audi-4-540x340.jpg",540,340,true]},"author_info":{"display_name":"Alejandro Gabriel Rosito","author_link":"https:\/\/autofans.com.ar\/index.php\/author\/gabrielr\/"},"category_info":"<a href=\"https:\/\/autofans.com.ar\/index.php\/category\/noticias\/hibridos-y-electricos\/\" rel=\"category tag\">HIBRIDOS, ELECTRICOS y otros<\/a> <a href=\"https:\/\/autofans.com.ar\/index.php\/category\/noticias\/\" rel=\"category tag\">NOTICIAS<\/a>","tag_info":"NOTICIAS","comment_count":0,"_links":{"self":[{"href":"https:\/\/autofans.com.ar\/index.php\/wp-json\/wp\/v2\/posts\/6459","targetHints":{"allow":["GET"]}}],"collection":[{"href":"https:\/\/autofans.com.ar\/index.php\/wp-json\/wp\/v2\/posts"}],"about":[{"href":"https:\/\/autofans.com.ar\/index.php\/wp-json\/wp\/v2\/types\/post"}],"author":[{"embeddable":true,"href":"https:\/\/autofans.com.ar\/index.php\/wp-json\/wp\/v2\/users\/2"}],"replies":[{"embeddable":true,"href":"https:\/\/autofans.com.ar\/index.php\/wp-json\/wp\/v2\/comments?post=6459"}],"version-history":[{"count":1,"href":"https:\/\/autofans.com.ar\/index.php\/wp-json\/wp\/v2\/posts\/6459\/revisions"}],"predecessor-version":[{"id":6464,"href":"https:\/\/autofans.com.ar\/index.php\/wp-json\/wp\/v2\/posts\/6459\/revisions\/6464"}],"wp:featuredmedia":[{"embeddable":true,"href":"https:\/\/autofans.com.ar\/index.php\/wp-json\/wp\/v2\/media\/6460"}],"wp:attachment":[{"href":"https:\/\/autofans.com.ar\/index.php\/wp-json\/wp\/v2\/media?parent=6459"}],"wp:term":[{"taxonomy":"category","embeddable":true,"href":"https:\/\/autofans.com.ar\/index.php\/wp-json\/wp\/v2\/categories?post=6459"},{"taxonomy":"post_tag","embeddable":true,"href":"https:\/\/autofans.com.ar\/index.php\/wp-json\/wp\/v2\/tags?post=6459"}],"curies":[{"name":"wp","href":"https:\/\/api.w.org\/{rel}","templated":true}]}}