{"id":6465,"date":"2024-01-22T12:52:18","date_gmt":"2024-01-22T15:52:18","guid":{"rendered":"https:\/\/autofans.com.ar\/?p=6465"},"modified":"2024-01-22T12:56:40","modified_gmt":"2024-01-22T15:56:40","slug":"volkswagen-argentina-presenta-la-renovada-gama-del-saveiro","status":"publish","type":"post","link":"https:\/\/autofans.com.ar\/index.php\/2024\/01\/22\/volkswagen-argentina-presenta-la-renovada-gama-del-saveiro\/","title":{"rendered":"Volkswagen Argentina presenta la renovada gama del Saveiro"},"content":{"rendered":"<p>Volkswagen Argentina introduce la renovaci\u00f3n completa del Saveiro, su pick-up emblem\u00e1tica que destaca por su versatilidad con opciones de cabina simple y doble. Desde el \u00e1mbito laboral hasta el disfrute personal, el nuevo Saveiro llega con dise\u00f1o exclusivo y equipamiento tecnol\u00f3gico para satisfacer diversas necesidades de los usuarios.<\/p>\n<p>&nbsp;<\/p>\n<h2>Dise\u00f1o y equipamiento de vanguardia<\/h2>\n<p>El Saveiro, fabricado en Brasil, se actualiza con un enfoque centrado en el dise\u00f1o y mayor equipamiento. Todas las versiones cuentan con el reconocido motor naftero 1.6 MSI de 110CV, 155Nm de torque y caja manual de 5 velocidades.<\/p>\n<p>&nbsp;<\/p>\n<div id='gallery-1' class='gallery galleryid-6465 gallery-columns-2 gallery-size-full'><figure class='gallery-item'>\n\t\t\t<div class='gallery-icon landscape'>\n\t\t\t\t<a href='https:\/\/autofans.com.ar\/index.php\/2024\/01\/22\/volkswagen-argentina-presenta-la-renovada-gama-del-saveiro\/saverio-1\/'><img loading=\"lazy\" width=\"1000\" height=\"667\" src=\"https:\/\/autofans.com.ar\/wp-content\/uploads\/2024\/01\/saverio-1.jpg\" class=\"attachment-full size-full\" alt=\"Saveiro\" srcset=\"https:\/\/autofans.com.ar\/wp-content\/uploads\/2024\/01\/saverio-1.jpg 1000w, https:\/\/autofans.com.ar\/wp-content\/uploads\/2024\/01\/saverio-1-300x200.jpg 300w, https:\/\/autofans.com.ar\/wp-content\/uploads\/2024\/01\/saverio-1-768x512.jpg 768w\" sizes=\"auto, (max-width: 1000px) 100vw, 1000px\" loading=\"lazy\" decoding=\"async\" \/><\/a>\n\t\t\t<\/div><\/figure><figure class='gallery-item'>\n\t\t\t<div class='gallery-icon landscape'>\n\t\t\t\t<a href='https:\/\/autofans.com.ar\/index.php\/2024\/01\/22\/volkswagen-argentina-presenta-la-renovada-gama-del-saveiro\/saverio-2\/'><img loading=\"lazy\" width=\"1000\" height=\"667\" src=\"https:\/\/autofans.com.ar\/wp-content\/uploads\/2024\/01\/saverio-2.jpg\" class=\"attachment-full size-full\" alt=\"Saveiro\" srcset=\"https:\/\/autofans.com.ar\/wp-content\/uploads\/2024\/01\/saverio-2.jpg 1000w, https:\/\/autofans.com.ar\/wp-content\/uploads\/2024\/01\/saverio-2-300x200.jpg 300w, https:\/\/autofans.com.ar\/wp-content\/uploads\/2024\/01\/saverio-2-768x512.jpg 768w\" sizes=\"auto, (max-width: 1000px) 100vw, 1000px\" loading=\"lazy\" decoding=\"async\" \/><\/a>\n\t\t\t<\/div><\/figure>\n\t\t<\/div>\n\n<p>&nbsp;<\/p>\n<p>La versi\u00f3n de entrada, llamada \u00abTrendline\u00bb, se destaca por su robusto dise\u00f1o y es perfecta para un uso laboral. Incluye volante multifunci\u00f3n, radio \u00abComposition Touch\u00bb de 6,5\u201d con \u00abApp Connect\u00bb, y caracter\u00edsticas de seguridad como control de estabilidad (ESC) y frenos ABS.<\/p>\n<p>La versi\u00f3n \u00abComfortline\u00bb, en doble cabina, a\u00f1ade el equipamiento de la versi\u00f3n anterior y presenta un renovado sistema de audio con 6 parlantes. Adem\u00e1s, incorpora cinturones de seguridad delanteros de 3 puntos ajustables en altura y tres apoyacabezas traseros.<\/p>\n<p>&nbsp;<\/p>\n<p>&nbsp;<\/p>\n<blockquote>\n<p style=\"text-align: center;\"><span style=\"font-weight: 400;\">\u201cEl Volkswagen Saveiro llega renovado y con un atractivo dise\u00f1o para ofrecerle a los clientes un veh\u00edculo robusto y una herramienta de movilidad ideal tanto para el trabajo diario como para disfrutar del tiempo libre. No tengo dudas que el nuevo Saveiro seguir\u00e1 ocupando un lugar protag\u00f3nico en nuestro pa\u00eds.\u201d, sostuvo Mart\u00edn Massimino, Director Comercial del Grupo Volkswagen.<\/span><\/p>\n<\/blockquote>\n<p><br style=\"font-weight: 400;\" \/><\/p>\n<h2>Saveiro Extreme &#8211; aventura y estilo en doble cabina<\/h2>\n<p>La novedosa versi\u00f3n \u00abExtreme\u00bb, exclusiva en doble cabina, se orienta hacia la vida al aire libre y la aventura. Con llantas de aleaci\u00f3n de 15\u201d, faros antiniebla, barras de techo, molduras protectoras laterales y lona mar\u00edtima para la caja, ofrece un equilibrio entre la vida personal y el trabajo.<\/p>\n<p>&nbsp;<\/p>\n<div id='gallery-2' class='gallery galleryid-6465 gallery-columns-2 gallery-size-full'><figure class='gallery-item'>\n\t\t\t<div class='gallery-icon landscape'>\n\t\t\t\t<a href='https:\/\/autofans.com.ar\/index.php\/2024\/01\/22\/volkswagen-argentina-presenta-la-renovada-gama-del-saveiro\/saverio-4\/'><img loading=\"lazy\" width=\"1000\" height=\"667\" src=\"https:\/\/autofans.com.ar\/wp-content\/uploads\/2024\/01\/saverio-4.jpg\" class=\"attachment-full size-full\" alt=\"Saveiro\" srcset=\"https:\/\/autofans.com.ar\/wp-content\/uploads\/2024\/01\/saverio-4.jpg 1000w, https:\/\/autofans.com.ar\/wp-content\/uploads\/2024\/01\/saverio-4-300x200.jpg 300w, https:\/\/autofans.com.ar\/wp-content\/uploads\/2024\/01\/saverio-4-768x512.jpg 768w\" sizes=\"auto, (max-width: 1000px) 100vw, 1000px\" loading=\"lazy\" decoding=\"async\" \/><\/a>\n\t\t\t<\/div><\/figure><figure class='gallery-item'>\n\t\t\t<div class='gallery-icon landscape'>\n\t\t\t\t<a href='https:\/\/autofans.com.ar\/index.php\/2024\/01\/22\/volkswagen-argentina-presenta-la-renovada-gama-del-saveiro\/saverio-5\/'><img loading=\"lazy\" width=\"1000\" height=\"667\" src=\"https:\/\/autofans.com.ar\/wp-content\/uploads\/2024\/01\/saverio-5.jpg\" class=\"attachment-full size-full\" alt=\"Saveiro\" srcset=\"https:\/\/autofans.com.ar\/wp-content\/uploads\/2024\/01\/saverio-5.jpg 1000w, https:\/\/autofans.com.ar\/wp-content\/uploads\/2024\/01\/saverio-5-300x200.jpg 300w, https:\/\/autofans.com.ar\/wp-content\/uploads\/2024\/01\/saverio-5-768x512.jpg 768w\" sizes=\"auto, (max-width: 1000px) 100vw, 1000px\" loading=\"lazy\" decoding=\"async\" \/><\/a>\n\t\t\t<\/div><\/figure>\n\t\t<\/div>\n\n<p>&nbsp;<\/p>\n<p>El Saveiro garantiza comodidad con alza cristales el\u00e9ctricos, espejos el\u00e9ctricos con luz de giro, columna de direcci\u00f3n ajustable, espejo retrovisor interior antideslumbrante, asientos tapizados en cuero sint\u00e9tico, control de velocidad crucero, y m\u00e1s. Todas las versiones est\u00e1n disponibles en cinco colores.<\/p>\n<p>La gama del nuevo Saveiro ofrece los primeros 3 servicios de mantenimiento de forma bonificada y ya se encuentra disponible en la <a href=\"https:\/\/www.volkswagen.com.ar\/es\/concesionarios-online.html?adchan=sem&amp;country=ar&amp;publisher=google&amp;adpl=consideration&amp;campaign=vw-cc&amp;format=exact&amp;adcr=rsa&amp;seatype=branded&amp;adgroup=inst_[exact]_dealers&amp;language=ar&amp;adpay=paid&amp;adap=rsa_dealers&amp;adchan=sem&amp;campaign=03105094_NC_IMC_AON_CPA_VWB_VWB_BRD_ARG_NU_SEAH_PSEAC_TEAD_NU_GAD_GADW_NU_NU_NU_NU_NU_NU_ES_EX_PURB_VW-CC&amp;adgroup=Inst_%5Bexact%5D_dealers&amp;publisher=GOOGLE&amp;adcr=concesionarios+volkswagen&amp;adpl=GOOGLE&amp;adlid=71700000047534172&amp;country=AR&amp;language=ES&amp;&amp;gad_source=1&amp;gclid=Cj0KCQiAwbitBhDIARIsABfFYILk8AhQ4k8f5igmYUTZRXsOOZZMwhVdwfYYLP6VgnW5h20lZatkauYaAmOhEALw_wcB&amp;gclsrc=aw.ds\" target=\"_blank\" rel=\"noopener\">red de concesionarios Volkswagen<\/a>.<\/p>\n<p>&nbsp;<\/p>\n<p>&nbsp;<\/p>\n<p>&nbsp;<\/p>\n<p><i>Para enterarte de m\u00e1s novedades, no dejes de leer\u00a0<\/i><a href=\"https:\/\/autofans.thebrandsoup.com\/\"><i>nuestras notas<\/i><\/a><i>, de ver<\/i><b><i>\u00a0<\/i><\/b><a href=\"https:\/\/www.youtube.com\/channel\/UCgAC8UGHZYbT6P7PpmVnP7g\"><b><i>AUTOFANS TV<\/i><\/b><\/a><b><i>\u00a0<\/i><\/b><i>en nuestro\u00a0canal de Youtube. Adem\u00e1s seguinos en\u00a0<\/i><a href=\"https:\/\/www.instagram.com\/autofanstv\/\"><i>INSTAGRAM<\/i><\/a><i> y <\/i><a href=\"https:\/\/www.facebook.com\/autofansmas\/\"><i>FACEBOOK<\/i><\/a><i> para no perderte nada sobre las novedades del segmento automotor de Argentina y el mundo.<\/i><\/p>\n","protected":false},"excerpt":{"rendered":"<p>Volkswagen Argentina introduce la renovaci\u00f3n completa del Saveiro, su pick-up emblem\u00e1tica que destaca por su&#8230;<\/p>\n","protected":false},"author":2,"featured_media":6475,"comment_status":"closed","ping_status":"closed","sticky":false,"template":"","format":"standard","meta":{"footnotes":""},"categories":[16,10],"tags":[2949,3398,3418,2927,889,3397],"class_list":["post-6465","post","type-post","status-publish","format-standard","has-post-thumbnail","hentry","category-noticias","category-utilitarios-y-pesados-lanzamientos","tag-diseno-exclusivo","tag-mantenimiento-bonificado","tag-nuevo-saveiro","tag-pick-up-argentina","tag-tecnologia-volkswagen","tag-volkswagen-saveiro"],"yoast_head":"<!-- This site is optimized with the Yoast SEO plugin v27.5 - https:\/\/yoast.com\/product\/yoast-seo-wordpress\/ -->\n<title>Volkswagen Argentina presenta la renovada gama del Saveiro -<\/title>\n<meta name=\"description\" content=\"Volkswagen Argentina introduce la renovaci\u00f3n completa del Saveiro, su pick-up emblem\u00e1tica que destaca por su versatilidad...\" \/>\n<meta name=\"robots\" content=\"index, follow, max-snippet:-1, max-image-preview:large, max-video-preview:-1\" \/>\n<link rel=\"canonical\" href=\"https:\/\/autofans.com.ar\/index.php\/2024\/01\/22\/volkswagen-argentina-presenta-la-renovada-gama-del-saveiro\/\" \/>\n<meta property=\"og:locale\" content=\"es_ES\" \/>\n<meta property=\"og:type\" content=\"article\" \/>\n<meta property=\"og:title\" content=\"Volkswagen Argentina presenta la renovada gama del Saveiro -\" \/>\n<meta property=\"og:description\" content=\"Volkswagen Argentina introduce la renovaci\u00f3n completa del Saveiro, su pick-up emblem\u00e1tica que destaca por su versatilidad...\" \/>\n<meta property=\"og:url\" content=\"https:\/\/autofans.com.ar\/index.php\/2024\/01\/22\/volkswagen-argentina-presenta-la-renovada-gama-del-saveiro\/\" \/>\n<meta property=\"article:published_time\" content=\"2024-01-22T15:52:18+00:00\" \/>\n<meta property=\"article:modified_time\" content=\"2024-01-22T15:56:40+00:00\" \/>\n<meta property=\"og:image\" content=\"https:\/\/autofans.com.ar\/wp-content\/uploads\/2024\/01\/saverio-3.jpg\" \/>\n\t<meta property=\"og:image:width\" content=\"640\" \/>\n\t<meta property=\"og:image:height\" content=\"427\" \/>\n\t<meta property=\"og:image:type\" content=\"image\/jpeg\" \/>\n<meta name=\"author\" content=\"Alejandro Gabriel Rosito\" \/>\n<meta name=\"twitter:card\" content=\"summary_large_image\" \/>\n<meta name=\"twitter:label1\" content=\"Escrito por\" \/>\n\t<meta name=\"twitter:data1\" content=\"Alejandro Gabriel Rosito\" \/>\n\t<meta name=\"twitter:label2\" content=\"Tiempo de lectura\" \/>\n\t<meta name=\"twitter:data2\" content=\"2 minutos\" \/>\n<script type=\"application\/ld+json\" class=\"yoast-schema-graph\">{\"@context\":\"https:\\\/\\\/schema.org\",\"@graph\":[{\"@type\":\"Article\",\"@id\":\"https:\\\/\\\/autofans.com.ar\\\/index.php\\\/2024\\\/01\\\/22\\\/volkswagen-argentina-presenta-la-renovada-gama-del-saveiro\\\/#article\",\"isPartOf\":{\"@id\":\"https:\\\/\\\/autofans.com.ar\\\/index.php\\\/2024\\\/01\\\/22\\\/volkswagen-argentina-presenta-la-renovada-gama-del-saveiro\\\/\"},\"author\":{\"name\":\"Alejandro Gabriel Rosito\",\"@id\":\"https:\\\/\\\/autofans.com.ar\\\/#\\\/schema\\\/person\\\/4a8dda0b6df83ac3d6723e921274c2aa\"},\"headline\":\"Volkswagen Argentina presenta la renovada gama del Saveiro\",\"datePublished\":\"2024-01-22T15:52:18+00:00\",\"dateModified\":\"2024-01-22T15:56:40+00:00\",\"mainEntityOfPage\":{\"@id\":\"https:\\\/\\\/autofans.com.ar\\\/index.php\\\/2024\\\/01\\\/22\\\/volkswagen-argentina-presenta-la-renovada-gama-del-saveiro\\\/\"},\"wordCount\":448,\"image\":{\"@id\":\"https:\\\/\\\/autofans.com.ar\\\/index.php\\\/2024\\\/01\\\/22\\\/volkswagen-argentina-presenta-la-renovada-gama-del-saveiro\\\/#primaryimage\"},\"thumbnailUrl\":\"https:\\\/\\\/autofans.com.ar\\\/wp-content\\\/uploads\\\/2024\\\/01\\\/saverio-3.jpg\",\"keywords\":[\"Dise\u00f1o Exclusivo\",\"Mantenimiento Bonificado\",\"Nuevo Saveiro\",\"Pick-up Argentina\",\"Tecnolog\u00eda Volkswagen\",\"Volkswagen Saveiro\"],\"articleSection\":[\"NOTICIAS\",\"Pick Ups, Utilitarios y Pesados\"],\"inLanguage\":\"es\"},{\"@type\":\"WebPage\",\"@id\":\"https:\\\/\\\/autofans.com.ar\\\/index.php\\\/2024\\\/01\\\/22\\\/volkswagen-argentina-presenta-la-renovada-gama-del-saveiro\\\/\",\"url\":\"https:\\\/\\\/autofans.com.ar\\\/index.php\\\/2024\\\/01\\\/22\\\/volkswagen-argentina-presenta-la-renovada-gama-del-saveiro\\\/\",\"name\":\"Volkswagen Argentina presenta la renovada gama del Saveiro -\",\"isPartOf\":{\"@id\":\"https:\\\/\\\/autofans.com.ar\\\/#website\"},\"primaryImageOfPage\":{\"@id\":\"https:\\\/\\\/autofans.com.ar\\\/index.php\\\/2024\\\/01\\\/22\\\/volkswagen-argentina-presenta-la-renovada-gama-del-saveiro\\\/#primaryimage\"},\"image\":{\"@id\":\"https:\\\/\\\/autofans.com.ar\\\/index.php\\\/2024\\\/01\\\/22\\\/volkswagen-argentina-presenta-la-renovada-gama-del-saveiro\\\/#primaryimage\"},\"thumbnailUrl\":\"https:\\\/\\\/autofans.com.ar\\\/wp-content\\\/uploads\\\/2024\\\/01\\\/saverio-3.jpg\",\"datePublished\":\"2024-01-22T15:52:18+00:00\",\"dateModified\":\"2024-01-22T15:56:40+00:00\",\"author\":{\"@id\":\"https:\\\/\\\/autofans.com.ar\\\/#\\\/schema\\\/person\\\/4a8dda0b6df83ac3d6723e921274c2aa\"},\"description\":\"Volkswagen Argentina introduce la renovaci\u00f3n completa del Saveiro, su pick-up emblem\u00e1tica que destaca por su versatilidad...\",\"breadcrumb\":{\"@id\":\"https:\\\/\\\/autofans.com.ar\\\/index.php\\\/2024\\\/01\\\/22\\\/volkswagen-argentina-presenta-la-renovada-gama-del-saveiro\\\/#breadcrumb\"},\"inLanguage\":\"es\",\"potentialAction\":[{\"@type\":\"ReadAction\",\"target\":[\"https:\\\/\\\/autofans.com.ar\\\/index.php\\\/2024\\\/01\\\/22\\\/volkswagen-argentina-presenta-la-renovada-gama-del-saveiro\\\/\"]}]},{\"@type\":\"ImageObject\",\"inLanguage\":\"es\",\"@id\":\"https:\\\/\\\/autofans.com.ar\\\/index.php\\\/2024\\\/01\\\/22\\\/volkswagen-argentina-presenta-la-renovada-gama-del-saveiro\\\/#primaryimage\",\"url\":\"https:\\\/\\\/autofans.com.ar\\\/wp-content\\\/uploads\\\/2024\\\/01\\\/saverio-3.jpg\",\"contentUrl\":\"https:\\\/\\\/autofans.com.ar\\\/wp-content\\\/uploads\\\/2024\\\/01\\\/saverio-3.jpg\",\"width\":1000,\"height\":667,\"caption\":\"Saveiro\"},{\"@type\":\"BreadcrumbList\",\"@id\":\"https:\\\/\\\/autofans.com.ar\\\/index.php\\\/2024\\\/01\\\/22\\\/volkswagen-argentina-presenta-la-renovada-gama-del-saveiro\\\/#breadcrumb\",\"itemListElement\":[{\"@type\":\"ListItem\",\"position\":1,\"name\":\"Inicio\",\"item\":\"https:\\\/\\\/autofans.com.ar\\\/\"},{\"@type\":\"ListItem\",\"position\":2,\"name\":\"Volkswagen Argentina presenta la renovada gama del Saveiro\"}]},{\"@type\":\"WebSite\",\"@id\":\"https:\\\/\\\/autofans.com.ar\\\/#website\",\"url\":\"https:\\\/\\\/autofans.com.ar\\\/\",\"name\":\"\",\"description\":\"El multimedio referente de la industria automotriz\",\"potentialAction\":[{\"@type\":\"SearchAction\",\"target\":{\"@type\":\"EntryPoint\",\"urlTemplate\":\"https:\\\/\\\/autofans.com.ar\\\/?s={search_term_string}\"},\"query-input\":{\"@type\":\"PropertyValueSpecification\",\"valueRequired\":true,\"valueName\":\"search_term_string\"}}],\"inLanguage\":\"es\"},{\"@type\":\"Person\",\"@id\":\"https:\\\/\\\/autofans.com.ar\\\/#\\\/schema\\\/person\\\/4a8dda0b6df83ac3d6723e921274c2aa\",\"name\":\"Alejandro Gabriel Rosito\",\"image\":{\"@type\":\"ImageObject\",\"inLanguage\":\"es\",\"@id\":\"https:\\\/\\\/secure.gravatar.com\\\/avatar\\\/16c5dda1489adfc62618084dcbb91cffd879c374b13fe5dd8e44ed6733852c88?s=96&d=mm&r=g\",\"url\":\"https:\\\/\\\/secure.gravatar.com\\\/avatar\\\/16c5dda1489adfc62618084dcbb91cffd879c374b13fe5dd8e44ed6733852c88?s=96&d=mm&r=g\",\"contentUrl\":\"https:\\\/\\\/secure.gravatar.com\\\/avatar\\\/16c5dda1489adfc62618084dcbb91cffd879c374b13fe5dd8e44ed6733852c88?s=96&d=mm&r=g\",\"caption\":\"Alejandro Gabriel Rosito\"},\"url\":\"https:\\\/\\\/autofans.com.ar\\\/index.php\\\/author\\\/gabrielr\\\/\"}]}<\/script>\n<!-- \/ Yoast SEO plugin. -->","yoast_head_json":{"title":"Volkswagen Argentina presenta la renovada gama del Saveiro -","description":"Volkswagen Argentina introduce la renovaci\u00f3n completa del Saveiro, su pick-up emblem\u00e1tica que destaca por su versatilidad...","robots":{"index":"index","follow":"follow","max-snippet":"max-snippet:-1","max-image-preview":"max-image-preview:large","max-video-preview":"max-video-preview:-1"},"canonical":"https:\/\/autofans.com.ar\/index.php\/2024\/01\/22\/volkswagen-argentina-presenta-la-renovada-gama-del-saveiro\/","og_locale":"es_ES","og_type":"article","og_title":"Volkswagen Argentina presenta la renovada gama del Saveiro -","og_description":"Volkswagen Argentina introduce la renovaci\u00f3n completa del Saveiro, su pick-up emblem\u00e1tica que destaca por su versatilidad...","og_url":"https:\/\/autofans.com.ar\/index.php\/2024\/01\/22\/volkswagen-argentina-presenta-la-renovada-gama-del-saveiro\/","article_published_time":"2024-01-22T15:52:18+00:00","article_modified_time":"2024-01-22T15:56:40+00:00","og_image":[{"url":"https:\/\/autofans.com.ar\/wp-content\/uploads\/2024\/01\/saverio-3.jpg","width":640,"height":427,"type":"image\/jpeg"}],"author":"Alejandro Gabriel Rosito","twitter_card":"summary_large_image","twitter_misc":{"Escrito por":"Alejandro Gabriel Rosito","Tiempo de lectura":"2 minutos"},"schema":{"@context":"https:\/\/schema.org","@graph":[{"@type":"Article","@id":"https:\/\/autofans.com.ar\/index.php\/2024\/01\/22\/volkswagen-argentina-presenta-la-renovada-gama-del-saveiro\/#article","isPartOf":{"@id":"https:\/\/autofans.com.ar\/index.php\/2024\/01\/22\/volkswagen-argentina-presenta-la-renovada-gama-del-saveiro\/"},"author":{"name":"Alejandro Gabriel Rosito","@id":"https:\/\/autofans.com.ar\/#\/schema\/person\/4a8dda0b6df83ac3d6723e921274c2aa"},"headline":"Volkswagen Argentina presenta la renovada gama del Saveiro","datePublished":"2024-01-22T15:52:18+00:00","dateModified":"2024-01-22T15:56:40+00:00","mainEntityOfPage":{"@id":"https:\/\/autofans.com.ar\/index.php\/2024\/01\/22\/volkswagen-argentina-presenta-la-renovada-gama-del-saveiro\/"},"wordCount":448,"image":{"@id":"https:\/\/autofans.com.ar\/index.php\/2024\/01\/22\/volkswagen-argentina-presenta-la-renovada-gama-del-saveiro\/#primaryimage"},"thumbnailUrl":"https:\/\/autofans.com.ar\/wp-content\/uploads\/2024\/01\/saverio-3.jpg","keywords":["Dise\u00f1o Exclusivo","Mantenimiento Bonificado","Nuevo Saveiro","Pick-up Argentina","Tecnolog\u00eda Volkswagen","Volkswagen Saveiro"],"articleSection":["NOTICIAS","Pick Ups, Utilitarios y Pesados"],"inLanguage":"es"},{"@type":"WebPage","@id":"https:\/\/autofans.com.ar\/index.php\/2024\/01\/22\/volkswagen-argentina-presenta-la-renovada-gama-del-saveiro\/","url":"https:\/\/autofans.com.ar\/index.php\/2024\/01\/22\/volkswagen-argentina-presenta-la-renovada-gama-del-saveiro\/","name":"Volkswagen Argentina presenta la renovada gama del Saveiro -","isPartOf":{"@id":"https:\/\/autofans.com.ar\/#website"},"primaryImageOfPage":{"@id":"https:\/\/autofans.com.ar\/index.php\/2024\/01\/22\/volkswagen-argentina-presenta-la-renovada-gama-del-saveiro\/#primaryimage"},"image":{"@id":"https:\/\/autofans.com.ar\/index.php\/2024\/01\/22\/volkswagen-argentina-presenta-la-renovada-gama-del-saveiro\/#primaryimage"},"thumbnailUrl":"https:\/\/autofans.com.ar\/wp-content\/uploads\/2024\/01\/saverio-3.jpg","datePublished":"2024-01-22T15:52:18+00:00","dateModified":"2024-01-22T15:56:40+00:00","author":{"@id":"https:\/\/autofans.com.ar\/#\/schema\/person\/4a8dda0b6df83ac3d6723e921274c2aa"},"description":"Volkswagen Argentina introduce la renovaci\u00f3n completa del Saveiro, su pick-up emblem\u00e1tica que destaca por su versatilidad...","breadcrumb":{"@id":"https:\/\/autofans.com.ar\/index.php\/2024\/01\/22\/volkswagen-argentina-presenta-la-renovada-gama-del-saveiro\/#breadcrumb"},"inLanguage":"es","potentialAction":[{"@type":"ReadAction","target":["https:\/\/autofans.com.ar\/index.php\/2024\/01\/22\/volkswagen-argentina-presenta-la-renovada-gama-del-saveiro\/"]}]},{"@type":"ImageObject","inLanguage":"es","@id":"https:\/\/autofans.com.ar\/index.php\/2024\/01\/22\/volkswagen-argentina-presenta-la-renovada-gama-del-saveiro\/#primaryimage","url":"https:\/\/autofans.com.ar\/wp-content\/uploads\/2024\/01\/saverio-3.jpg","contentUrl":"https:\/\/autofans.com.ar\/wp-content\/uploads\/2024\/01\/saverio-3.jpg","width":1000,"height":667,"caption":"Saveiro"},{"@type":"BreadcrumbList","@id":"https:\/\/autofans.com.ar\/index.php\/2024\/01\/22\/volkswagen-argentina-presenta-la-renovada-gama-del-saveiro\/#breadcrumb","itemListElement":[{"@type":"ListItem","position":1,"name":"Inicio","item":"https:\/\/autofans.com.ar\/"},{"@type":"ListItem","position":2,"name":"Volkswagen Argentina presenta la renovada gama del Saveiro"}]},{"@type":"WebSite","@id":"https:\/\/autofans.com.ar\/#website","url":"https:\/\/autofans.com.ar\/","name":"","description":"El multimedio referente de la industria automotriz","potentialAction":[{"@type":"SearchAction","target":{"@type":"EntryPoint","urlTemplate":"https:\/\/autofans.com.ar\/?s={search_term_string}"},"query-input":{"@type":"PropertyValueSpecification","valueRequired":true,"valueName":"search_term_string"}}],"inLanguage":"es"},{"@type":"Person","@id":"https:\/\/autofans.com.ar\/#\/schema\/person\/4a8dda0b6df83ac3d6723e921274c2aa","name":"Alejandro Gabriel Rosito","image":{"@type":"ImageObject","inLanguage":"es","@id":"https:\/\/secure.gravatar.com\/avatar\/16c5dda1489adfc62618084dcbb91cffd879c374b13fe5dd8e44ed6733852c88?s=96&d=mm&r=g","url":"https:\/\/secure.gravatar.com\/avatar\/16c5dda1489adfc62618084dcbb91cffd879c374b13fe5dd8e44ed6733852c88?s=96&d=mm&r=g","contentUrl":"https:\/\/secure.gravatar.com\/avatar\/16c5dda1489adfc62618084dcbb91cffd879c374b13fe5dd8e44ed6733852c88?s=96&d=mm&r=g","caption":"Alejandro Gabriel Rosito"},"url":"https:\/\/autofans.com.ar\/index.php\/author\/gabrielr\/"}]}},"featured_image_urls":{"full":["https:\/\/autofans.com.ar\/wp-content\/uploads\/2024\/01\/saverio-3.jpg",1000,667,false],"thumbnail":["https:\/\/autofans.com.ar\/wp-content\/uploads\/2024\/01\/saverio-3-150x150.jpg",150,150,true],"medium":["https:\/\/autofans.com.ar\/wp-content\/uploads\/2024\/01\/saverio-3-300x200.jpg",300,200,true],"medium_large":["https:\/\/autofans.com.ar\/wp-content\/uploads\/2024\/01\/saverio-3-768x512.jpg",640,427,true],"large":["https:\/\/autofans.com.ar\/wp-content\/uploads\/2024\/01\/saverio-3.jpg",640,427,false],"1536x1536":["https:\/\/autofans.com.ar\/wp-content\/uploads\/2024\/01\/saverio-3.jpg",1000,667,false],"2048x2048":["https:\/\/autofans.com.ar\/wp-content\/uploads\/2024\/01\/saverio-3.jpg",1000,667,false],"covernews-featured":["https:\/\/autofans.com.ar\/wp-content\/uploads\/2024\/01\/saverio-3.jpg",1000,667,false],"covernews-medium":["https:\/\/autofans.com.ar\/wp-content\/uploads\/2024\/01\/saverio-3-540x340.jpg",540,340,true]},"author_info":{"display_name":"Alejandro Gabriel Rosito","author_link":"https:\/\/autofans.com.ar\/index.php\/author\/gabrielr\/"},"category_info":"<a href=\"https:\/\/autofans.com.ar\/index.php\/category\/noticias\/\" rel=\"category tag\">NOTICIAS<\/a> <a href=\"https:\/\/autofans.com.ar\/index.php\/category\/lanzamientos\/utilitarios-y-pesados-lanzamientos\/\" rel=\"category tag\">Pick Ups, Utilitarios y Pesados<\/a>","tag_info":"Pick Ups, Utilitarios y Pesados","comment_count":0,"_links":{"self":[{"href":"https:\/\/autofans.com.ar\/index.php\/wp-json\/wp\/v2\/posts\/6465","targetHints":{"allow":["GET"]}}],"collection":[{"href":"https:\/\/autofans.com.ar\/index.php\/wp-json\/wp\/v2\/posts"}],"about":[{"href":"https:\/\/autofans.com.ar\/index.php\/wp-json\/wp\/v2\/types\/post"}],"author":[{"embeddable":true,"href":"https:\/\/autofans.com.ar\/index.php\/wp-json\/wp\/v2\/users\/2"}],"replies":[{"embeddable":true,"href":"https:\/\/autofans.com.ar\/index.php\/wp-json\/wp\/v2\/comments?post=6465"}],"version-history":[{"count":3,"href":"https:\/\/autofans.com.ar\/index.php\/wp-json\/wp\/v2\/posts\/6465\/revisions"}],"predecessor-version":[{"id":6480,"href":"https:\/\/autofans.com.ar\/index.php\/wp-json\/wp\/v2\/posts\/6465\/revisions\/6480"}],"wp:featuredmedia":[{"embeddable":true,"href":"https:\/\/autofans.com.ar\/index.php\/wp-json\/wp\/v2\/media\/6475"}],"wp:attachment":[{"href":"https:\/\/autofans.com.ar\/index.php\/wp-json\/wp\/v2\/media?parent=6465"}],"wp:term":[{"taxonomy":"category","embeddable":true,"href":"https:\/\/autofans.com.ar\/index.php\/wp-json\/wp\/v2\/categories?post=6465"},{"taxonomy":"post_tag","embeddable":true,"href":"https:\/\/autofans.com.ar\/index.php\/wp-json\/wp\/v2\/tags?post=6465"}],"curies":[{"name":"wp","href":"https:\/\/api.w.org\/{rel}","templated":true}]}}