{"id":6481,"date":"2024-01-22T17:03:17","date_gmt":"2024-01-22T20:03:17","guid":{"rendered":"https:\/\/autofans.com.ar\/?p=6481"},"modified":"2024-01-22T17:03:17","modified_gmt":"2024-01-22T20:03:17","slug":"iveco-bus-patrocinador-oficial-de-la-terminal-de-combis-de-puerto-madero","status":"publish","type":"post","link":"https:\/\/autofans.com.ar\/index.php\/2024\/01\/22\/iveco-bus-patrocinador-oficial-de-la-terminal-de-combis-de-puerto-madero\/","title":{"rendered":"IVECO BUS, patrocinador oficial de la terminal de combis de Puerto Madero"},"content":{"rendered":"<p>IVECO BUS, perteneciente a Iveco Group, y OVERBUS, su concesionario oficial, se unen como patrocinadores oficiales de la Terminal de Combis de Puerto Madero, emplazada estrat\u00e9gicamente frente al estadio Luna Park en la Ciudad Aut\u00f3noma de Buenos Aires.<\/p>\n<p>&nbsp;<\/p>\n<blockquote>\n<p style=\"text-align: center;\">\u00abEstamos muy contentos de ser parte de este proyecto, as\u00ed como lo fuimos con la terminal de 9 de Julio, ya que nos ayuda a reforzar no solo la presencia de IVECO BUS, sino tambi\u00e9n nuestro compromiso con el transporte de pasajeros en todo el pa\u00eds, el cual sabemos es esencial\u00bb, coment\u00f3 Juan Cruz Cerrato, Responsable Comercial de IVECO BUS en Argentina.<\/p>\n<\/blockquote>\n<p>&nbsp;<\/p>\n<h2><strong>IVECO BUS, Puerto Madero se moderniza<\/strong><\/h2>\n<p>Con m\u00e1s de 25,000 beneficiarios diarios que viajan hacia el sur, norte y oeste del Gran Buenos Aires, esta terminal se convierte en un punto clave de llegada y partida. Ubicada sobre la avenida Eduardo Madero, su presencia contribuye a la organizaci\u00f3n del tr\u00e1fico, optimizando el flujo vehicular en la confluencia de las avenidas Corrientes y L. N. Alem.<\/p>\n<p>&nbsp;<\/p>\n<div id='gallery-1' class='gallery galleryid-6481 gallery-columns-2 gallery-size-full'><figure class='gallery-item'>\n\t\t\t<div class='gallery-icon landscape'>\n\t\t\t\t<a href='https:\/\/autofans.com.ar\/index.php\/2024\/01\/22\/iveco-bus-patrocinador-oficial-de-la-terminal-de-combis-de-puerto-madero\/iveco-1-5\/'><img loading=\"lazy\" width=\"1000\" height=\"667\" src=\"https:\/\/autofans.com.ar\/wp-content\/uploads\/2024\/01\/iveco-1-1.jpg\" class=\"attachment-full size-full\" alt=\"IVECO BUS\" srcset=\"https:\/\/autofans.com.ar\/wp-content\/uploads\/2024\/01\/iveco-1-1.jpg 1000w, https:\/\/autofans.com.ar\/wp-content\/uploads\/2024\/01\/iveco-1-1-300x200.jpg 300w, https:\/\/autofans.com.ar\/wp-content\/uploads\/2024\/01\/iveco-1-1-768x512.jpg 768w\" sizes=\"auto, (max-width: 1000px) 100vw, 1000px\" loading=\"lazy\" decoding=\"async\" \/><\/a>\n\t\t\t<\/div><\/figure><figure class='gallery-item'>\n\t\t\t<div class='gallery-icon landscape'>\n\t\t\t\t<a href='https:\/\/autofans.com.ar\/index.php\/2024\/01\/22\/iveco-bus-patrocinador-oficial-de-la-terminal-de-combis-de-puerto-madero\/iveco-3-4\/'><img loading=\"lazy\" width=\"1000\" height=\"667\" src=\"https:\/\/autofans.com.ar\/wp-content\/uploads\/2024\/01\/iveco-3.jpg\" class=\"attachment-full size-full\" alt=\"IVECO BUS\" srcset=\"https:\/\/autofans.com.ar\/wp-content\/uploads\/2024\/01\/iveco-3.jpg 1000w, https:\/\/autofans.com.ar\/wp-content\/uploads\/2024\/01\/iveco-3-300x200.jpg 300w, https:\/\/autofans.com.ar\/wp-content\/uploads\/2024\/01\/iveco-3-768x512.jpg 768w\" sizes=\"auto, (max-width: 1000px) 100vw, 1000px\" loading=\"lazy\" decoding=\"async\" \/><\/a>\n\t\t\t<\/div><\/figure>\n\t\t<\/div>\n\n<p>&nbsp;<\/p>\n<p>Como patrocinador oficial, IVECO BUS ha implementado mejoras sustanciales en la terminal, incluyendo carteler\u00eda interna y externa, televisores LED para compartir informaci\u00f3n relevante, y bancos de polietileno reciclado para descanso o espera. La terminal tambi\u00e9n ofrece comodidades como conexi\u00f3n wi-fi, boleter\u00edas, comercios y vigilancia.<\/p>\n<p>&nbsp;<\/p>\n<blockquote><p>\u00abProyectos como \u00e9ste nos permiten seguir creciendo y ampliando nuestro portafolio de productos. Sin dudas, OVERBUS es una pieza clave en este proceso, no solo porque forma parte de nuestra red de concesionarios, sino que adem\u00e1s es un aliado estrat\u00e9gico que acompa\u00f1a el desarrollo de la marca, conociendo a los clientes, escuchando sus necesidades y brindando un servicio de posventa de calidad y profesionalismo \u00fanico\u00bb, concluy\u00f3 Cerrato.<\/p><\/blockquote>\n<p>&nbsp;<\/p>\n<h2>M\u00e1s de 10 a\u00f1os de innovaci\u00f3n en autobuses de alta gama<\/h2>\n<p>La marca, presente en el pa\u00eds por m\u00e1s de 10 a\u00f1os, se destaca por desarrollar veh\u00edculos modernos que garantizan seguridad, confort y tecnolog\u00eda avanzada. Esta apuesta se ha traducido en un crecimiento significativo en el segmento de buses de m\u00e1s de 7 toneladas en los \u00faltimos a\u00f1os.<\/p>\n<p>&nbsp;<\/p>\n<p><img fetchpriority=\"high\" decoding=\"async\" class=\"aligncenter wp-image-6485 size-full\" src=\"https:\/\/autofans.com.ar\/wp-content\/uploads\/2024\/01\/iveco-2-1.jpg\" alt=\"IVECO BUS\" width=\"1000\" height=\"667\" srcset=\"https:\/\/autofans.com.ar\/wp-content\/uploads\/2024\/01\/iveco-2-1.jpg 1000w, https:\/\/autofans.com.ar\/wp-content\/uploads\/2024\/01\/iveco-2-1-300x200.jpg 300w, https:\/\/autofans.com.ar\/wp-content\/uploads\/2024\/01\/iveco-2-1-768x512.jpg 768w\" sizes=\"(max-width: 1000px) 100vw, 1000px\" \/><\/p>\n<p>&nbsp;<\/p>\n<p>En resumen, la alianza entre IVECO BUS y OVERBUS como patrocinadores de la Terminal de Combis de Puerto Madero no solo mejora las instalaciones, sino que tambi\u00e9n promueve una experiencia de viaje de alto nivel tanto para choferes como para pasajeros. La modernidad y el confort se encuentran ahora al servicio de miles de viajeros que transitan diariamente por este estrat\u00e9gico punto de la Ciudad de Buenos Aires.<\/p>\n<p>&nbsp;<\/p>\n<p>&nbsp;<\/p>\n<p><i>Para enterarte de m\u00e1s novedades, no dejes de leer\u00a0<\/i><a href=\"https:\/\/autofans.thebrandsoup.com\/\"><i>nuestras notas<\/i><\/a><i>, de ver<\/i><b><i>\u00a0<\/i><\/b><a href=\"https:\/\/www.youtube.com\/channel\/UCgAC8UGHZYbT6P7PpmVnP7g\"><b><i>AUTOFANS TV<\/i><\/b><\/a><b><i>\u00a0<\/i><\/b><i>en nuestro\u00a0canal de Youtube. Adem\u00e1s seguinos en\u00a0<\/i><a href=\"https:\/\/www.instagram.com\/autofanstv\/\"><i>INSTAGRAM<\/i><\/a><i> y <\/i><a href=\"https:\/\/www.facebook.com\/autofansmas\/\"><i>FACEBOOK<\/i><\/a><i> para no perderte nada sobre las novedades del segmento automotor de Argentina y el mundo.<\/i><\/p>\n<p><i><span class=\"Apple-converted-space\">\u00a0<\/span><\/i><\/p>\n","protected":false},"excerpt":{"rendered":"<p>IVECO BUS, perteneciente a Iveco Group, y OVERBUS, su concesionario oficial, se unen como patrocinadores&#8230;<\/p>\n","protected":false},"author":2,"featured_media":6483,"comment_status":"closed","ping_status":"closed","sticky":false,"template":"","format":"standard","meta":{"footnotes":""},"categories":[292,16],"tags":[964,3424,3237,3419,298,3421,3423,624,3420,3422],"class_list":["post-6481","post","type-post","status-publish","format-standard","has-post-thumbnail","hentry","category-empresas","category-noticias","tag-concesionario-oficial","tag-confort-en-viajes","tag-iveco-bus","tag-overbus","tag-patrocinador-oficial","tag-puerto-madero","tag-seguridad-en-autobuses","tag-tecnologia-avanzada","tag-terminal-de-combis","tag-viajes"],"yoast_head":"<!-- This site is optimized with the Yoast SEO plugin v27.5 - https:\/\/yoast.com\/product\/yoast-seo-wordpress\/ -->\n<title>IVECO BUS, patrocinador oficial de la terminal de combis de Puerto Madero -<\/title>\n<meta name=\"description\" content=\"IVECO BUS, perteneciente a Iveco Group, y OVERBUS, su concesionario oficial, se unen como patrocinadores oficiales de la Terminal de Combis..\" \/>\n<meta name=\"robots\" content=\"index, follow, max-snippet:-1, max-image-preview:large, max-video-preview:-1\" \/>\n<link rel=\"canonical\" href=\"https:\/\/autofans.com.ar\/index.php\/2024\/01\/22\/iveco-bus-patrocinador-oficial-de-la-terminal-de-combis-de-puerto-madero\/\" \/>\n<meta property=\"og:locale\" content=\"es_ES\" \/>\n<meta property=\"og:type\" content=\"article\" \/>\n<meta property=\"og:title\" content=\"IVECO BUS, patrocinador oficial de la terminal de combis de Puerto Madero -\" \/>\n<meta property=\"og:description\" content=\"IVECO BUS, perteneciente a Iveco Group, y OVERBUS, su concesionario oficial, se unen como patrocinadores oficiales de la Terminal de Combis..\" \/>\n<meta property=\"og:url\" content=\"https:\/\/autofans.com.ar\/index.php\/2024\/01\/22\/iveco-bus-patrocinador-oficial-de-la-terminal-de-combis-de-puerto-madero\/\" \/>\n<meta property=\"article:published_time\" content=\"2024-01-22T20:03:17+00:00\" \/>\n<meta property=\"og:image\" content=\"https:\/\/autofans.com.ar\/wp-content\/uploads\/2024\/01\/iveco-4.jpg\" \/>\n\t<meta property=\"og:image:width\" content=\"640\" \/>\n\t<meta property=\"og:image:height\" content=\"427\" \/>\n\t<meta property=\"og:image:type\" content=\"image\/jpeg\" \/>\n<meta name=\"author\" content=\"Alejandro Gabriel Rosito\" \/>\n<meta name=\"twitter:card\" content=\"summary_large_image\" \/>\n<meta name=\"twitter:label1\" content=\"Escrito por\" \/>\n\t<meta name=\"twitter:data1\" content=\"Alejandro Gabriel Rosito\" \/>\n\t<meta name=\"twitter:label2\" content=\"Tiempo de lectura\" \/>\n\t<meta name=\"twitter:data2\" content=\"2 minutos\" \/>\n<script type=\"application\/ld+json\" class=\"yoast-schema-graph\">{\"@context\":\"https:\\\/\\\/schema.org\",\"@graph\":[{\"@type\":\"Article\",\"@id\":\"https:\\\/\\\/autofans.com.ar\\\/index.php\\\/2024\\\/01\\\/22\\\/iveco-bus-patrocinador-oficial-de-la-terminal-de-combis-de-puerto-madero\\\/#article\",\"isPartOf\":{\"@id\":\"https:\\\/\\\/autofans.com.ar\\\/index.php\\\/2024\\\/01\\\/22\\\/iveco-bus-patrocinador-oficial-de-la-terminal-de-combis-de-puerto-madero\\\/\"},\"author\":{\"name\":\"Alejandro Gabriel Rosito\",\"@id\":\"https:\\\/\\\/autofans.com.ar\\\/#\\\/schema\\\/person\\\/4a8dda0b6df83ac3d6723e921274c2aa\"},\"headline\":\"IVECO BUS, patrocinador oficial de la terminal de combis de Puerto Madero\",\"datePublished\":\"2024-01-22T20:03:17+00:00\",\"mainEntityOfPage\":{\"@id\":\"https:\\\/\\\/autofans.com.ar\\\/index.php\\\/2024\\\/01\\\/22\\\/iveco-bus-patrocinador-oficial-de-la-terminal-de-combis-de-puerto-madero\\\/\"},\"wordCount\":494,\"image\":{\"@id\":\"https:\\\/\\\/autofans.com.ar\\\/index.php\\\/2024\\\/01\\\/22\\\/iveco-bus-patrocinador-oficial-de-la-terminal-de-combis-de-puerto-madero\\\/#primaryimage\"},\"thumbnailUrl\":\"https:\\\/\\\/autofans.com.ar\\\/wp-content\\\/uploads\\\/2024\\\/01\\\/iveco-4.jpg\",\"keywords\":[\"Concesionario Oficial\",\"Confort en Viajes\",\"IVECO BUS\",\"OVERBUS\",\"patrocinador oficial\",\"Puerto Madero\",\"Seguridad en Autobuses\",\"tecnolog\u00eda avanzada\",\"Terminal de Combis\",\"Viajes\"],\"articleSection\":[\"EMPRESAS\",\"NOTICIAS\"],\"inLanguage\":\"es\"},{\"@type\":\"WebPage\",\"@id\":\"https:\\\/\\\/autofans.com.ar\\\/index.php\\\/2024\\\/01\\\/22\\\/iveco-bus-patrocinador-oficial-de-la-terminal-de-combis-de-puerto-madero\\\/\",\"url\":\"https:\\\/\\\/autofans.com.ar\\\/index.php\\\/2024\\\/01\\\/22\\\/iveco-bus-patrocinador-oficial-de-la-terminal-de-combis-de-puerto-madero\\\/\",\"name\":\"IVECO BUS, patrocinador oficial de la terminal de combis de Puerto Madero -\",\"isPartOf\":{\"@id\":\"https:\\\/\\\/autofans.com.ar\\\/#website\"},\"primaryImageOfPage\":{\"@id\":\"https:\\\/\\\/autofans.com.ar\\\/index.php\\\/2024\\\/01\\\/22\\\/iveco-bus-patrocinador-oficial-de-la-terminal-de-combis-de-puerto-madero\\\/#primaryimage\"},\"image\":{\"@id\":\"https:\\\/\\\/autofans.com.ar\\\/index.php\\\/2024\\\/01\\\/22\\\/iveco-bus-patrocinador-oficial-de-la-terminal-de-combis-de-puerto-madero\\\/#primaryimage\"},\"thumbnailUrl\":\"https:\\\/\\\/autofans.com.ar\\\/wp-content\\\/uploads\\\/2024\\\/01\\\/iveco-4.jpg\",\"datePublished\":\"2024-01-22T20:03:17+00:00\",\"author\":{\"@id\":\"https:\\\/\\\/autofans.com.ar\\\/#\\\/schema\\\/person\\\/4a8dda0b6df83ac3d6723e921274c2aa\"},\"description\":\"IVECO BUS, perteneciente a Iveco Group, y OVERBUS, su concesionario oficial, se unen como patrocinadores oficiales de la Terminal de Combis..\",\"breadcrumb\":{\"@id\":\"https:\\\/\\\/autofans.com.ar\\\/index.php\\\/2024\\\/01\\\/22\\\/iveco-bus-patrocinador-oficial-de-la-terminal-de-combis-de-puerto-madero\\\/#breadcrumb\"},\"inLanguage\":\"es\",\"potentialAction\":[{\"@type\":\"ReadAction\",\"target\":[\"https:\\\/\\\/autofans.com.ar\\\/index.php\\\/2024\\\/01\\\/22\\\/iveco-bus-patrocinador-oficial-de-la-terminal-de-combis-de-puerto-madero\\\/\"]}]},{\"@type\":\"ImageObject\",\"inLanguage\":\"es\",\"@id\":\"https:\\\/\\\/autofans.com.ar\\\/index.php\\\/2024\\\/01\\\/22\\\/iveco-bus-patrocinador-oficial-de-la-terminal-de-combis-de-puerto-madero\\\/#primaryimage\",\"url\":\"https:\\\/\\\/autofans.com.ar\\\/wp-content\\\/uploads\\\/2024\\\/01\\\/iveco-4.jpg\",\"contentUrl\":\"https:\\\/\\\/autofans.com.ar\\\/wp-content\\\/uploads\\\/2024\\\/01\\\/iveco-4.jpg\",\"width\":1000,\"height\":667,\"caption\":\"IVECO BUS\"},{\"@type\":\"BreadcrumbList\",\"@id\":\"https:\\\/\\\/autofans.com.ar\\\/index.php\\\/2024\\\/01\\\/22\\\/iveco-bus-patrocinador-oficial-de-la-terminal-de-combis-de-puerto-madero\\\/#breadcrumb\",\"itemListElement\":[{\"@type\":\"ListItem\",\"position\":1,\"name\":\"Inicio\",\"item\":\"https:\\\/\\\/autofans.com.ar\\\/\"},{\"@type\":\"ListItem\",\"position\":2,\"name\":\"IVECO BUS, patrocinador oficial de la terminal de combis de Puerto Madero\"}]},{\"@type\":\"WebSite\",\"@id\":\"https:\\\/\\\/autofans.com.ar\\\/#website\",\"url\":\"https:\\\/\\\/autofans.com.ar\\\/\",\"name\":\"\",\"description\":\"El multimedio referente de la industria automotriz\",\"potentialAction\":[{\"@type\":\"SearchAction\",\"target\":{\"@type\":\"EntryPoint\",\"urlTemplate\":\"https:\\\/\\\/autofans.com.ar\\\/?s={search_term_string}\"},\"query-input\":{\"@type\":\"PropertyValueSpecification\",\"valueRequired\":true,\"valueName\":\"search_term_string\"}}],\"inLanguage\":\"es\"},{\"@type\":\"Person\",\"@id\":\"https:\\\/\\\/autofans.com.ar\\\/#\\\/schema\\\/person\\\/4a8dda0b6df83ac3d6723e921274c2aa\",\"name\":\"Alejandro Gabriel Rosito\",\"image\":{\"@type\":\"ImageObject\",\"inLanguage\":\"es\",\"@id\":\"https:\\\/\\\/secure.gravatar.com\\\/avatar\\\/16c5dda1489adfc62618084dcbb91cffd879c374b13fe5dd8e44ed6733852c88?s=96&d=mm&r=g\",\"url\":\"https:\\\/\\\/secure.gravatar.com\\\/avatar\\\/16c5dda1489adfc62618084dcbb91cffd879c374b13fe5dd8e44ed6733852c88?s=96&d=mm&r=g\",\"contentUrl\":\"https:\\\/\\\/secure.gravatar.com\\\/avatar\\\/16c5dda1489adfc62618084dcbb91cffd879c374b13fe5dd8e44ed6733852c88?s=96&d=mm&r=g\",\"caption\":\"Alejandro Gabriel Rosito\"},\"url\":\"https:\\\/\\\/autofans.com.ar\\\/index.php\\\/author\\\/gabrielr\\\/\"}]}<\/script>\n<!-- \/ Yoast SEO plugin. -->","yoast_head_json":{"title":"IVECO BUS, patrocinador oficial de la terminal de combis de Puerto Madero -","description":"IVECO BUS, perteneciente a Iveco Group, y OVERBUS, su concesionario oficial, se unen como patrocinadores oficiales de la Terminal de Combis..","robots":{"index":"index","follow":"follow","max-snippet":"max-snippet:-1","max-image-preview":"max-image-preview:large","max-video-preview":"max-video-preview:-1"},"canonical":"https:\/\/autofans.com.ar\/index.php\/2024\/01\/22\/iveco-bus-patrocinador-oficial-de-la-terminal-de-combis-de-puerto-madero\/","og_locale":"es_ES","og_type":"article","og_title":"IVECO BUS, patrocinador oficial de la terminal de combis de Puerto Madero -","og_description":"IVECO BUS, perteneciente a Iveco Group, y OVERBUS, su concesionario oficial, se unen como patrocinadores oficiales de la Terminal de Combis..","og_url":"https:\/\/autofans.com.ar\/index.php\/2024\/01\/22\/iveco-bus-patrocinador-oficial-de-la-terminal-de-combis-de-puerto-madero\/","article_published_time":"2024-01-22T20:03:17+00:00","og_image":[{"url":"https:\/\/autofans.com.ar\/wp-content\/uploads\/2024\/01\/iveco-4.jpg","width":640,"height":427,"type":"image\/jpeg"}],"author":"Alejandro Gabriel Rosito","twitter_card":"summary_large_image","twitter_misc":{"Escrito por":"Alejandro Gabriel Rosito","Tiempo de lectura":"2 minutos"},"schema":{"@context":"https:\/\/schema.org","@graph":[{"@type":"Article","@id":"https:\/\/autofans.com.ar\/index.php\/2024\/01\/22\/iveco-bus-patrocinador-oficial-de-la-terminal-de-combis-de-puerto-madero\/#article","isPartOf":{"@id":"https:\/\/autofans.com.ar\/index.php\/2024\/01\/22\/iveco-bus-patrocinador-oficial-de-la-terminal-de-combis-de-puerto-madero\/"},"author":{"name":"Alejandro Gabriel Rosito","@id":"https:\/\/autofans.com.ar\/#\/schema\/person\/4a8dda0b6df83ac3d6723e921274c2aa"},"headline":"IVECO BUS, patrocinador oficial de la terminal de combis de Puerto Madero","datePublished":"2024-01-22T20:03:17+00:00","mainEntityOfPage":{"@id":"https:\/\/autofans.com.ar\/index.php\/2024\/01\/22\/iveco-bus-patrocinador-oficial-de-la-terminal-de-combis-de-puerto-madero\/"},"wordCount":494,"image":{"@id":"https:\/\/autofans.com.ar\/index.php\/2024\/01\/22\/iveco-bus-patrocinador-oficial-de-la-terminal-de-combis-de-puerto-madero\/#primaryimage"},"thumbnailUrl":"https:\/\/autofans.com.ar\/wp-content\/uploads\/2024\/01\/iveco-4.jpg","keywords":["Concesionario Oficial","Confort en Viajes","IVECO BUS","OVERBUS","patrocinador oficial","Puerto Madero","Seguridad en Autobuses","tecnolog\u00eda avanzada","Terminal de Combis","Viajes"],"articleSection":["EMPRESAS","NOTICIAS"],"inLanguage":"es"},{"@type":"WebPage","@id":"https:\/\/autofans.com.ar\/index.php\/2024\/01\/22\/iveco-bus-patrocinador-oficial-de-la-terminal-de-combis-de-puerto-madero\/","url":"https:\/\/autofans.com.ar\/index.php\/2024\/01\/22\/iveco-bus-patrocinador-oficial-de-la-terminal-de-combis-de-puerto-madero\/","name":"IVECO BUS, patrocinador oficial de la terminal de combis de Puerto Madero -","isPartOf":{"@id":"https:\/\/autofans.com.ar\/#website"},"primaryImageOfPage":{"@id":"https:\/\/autofans.com.ar\/index.php\/2024\/01\/22\/iveco-bus-patrocinador-oficial-de-la-terminal-de-combis-de-puerto-madero\/#primaryimage"},"image":{"@id":"https:\/\/autofans.com.ar\/index.php\/2024\/01\/22\/iveco-bus-patrocinador-oficial-de-la-terminal-de-combis-de-puerto-madero\/#primaryimage"},"thumbnailUrl":"https:\/\/autofans.com.ar\/wp-content\/uploads\/2024\/01\/iveco-4.jpg","datePublished":"2024-01-22T20:03:17+00:00","author":{"@id":"https:\/\/autofans.com.ar\/#\/schema\/person\/4a8dda0b6df83ac3d6723e921274c2aa"},"description":"IVECO BUS, perteneciente a Iveco Group, y OVERBUS, su concesionario oficial, se unen como patrocinadores oficiales de la Terminal de Combis..","breadcrumb":{"@id":"https:\/\/autofans.com.ar\/index.php\/2024\/01\/22\/iveco-bus-patrocinador-oficial-de-la-terminal-de-combis-de-puerto-madero\/#breadcrumb"},"inLanguage":"es","potentialAction":[{"@type":"ReadAction","target":["https:\/\/autofans.com.ar\/index.php\/2024\/01\/22\/iveco-bus-patrocinador-oficial-de-la-terminal-de-combis-de-puerto-madero\/"]}]},{"@type":"ImageObject","inLanguage":"es","@id":"https:\/\/autofans.com.ar\/index.php\/2024\/01\/22\/iveco-bus-patrocinador-oficial-de-la-terminal-de-combis-de-puerto-madero\/#primaryimage","url":"https:\/\/autofans.com.ar\/wp-content\/uploads\/2024\/01\/iveco-4.jpg","contentUrl":"https:\/\/autofans.com.ar\/wp-content\/uploads\/2024\/01\/iveco-4.jpg","width":1000,"height":667,"caption":"IVECO BUS"},{"@type":"BreadcrumbList","@id":"https:\/\/autofans.com.ar\/index.php\/2024\/01\/22\/iveco-bus-patrocinador-oficial-de-la-terminal-de-combis-de-puerto-madero\/#breadcrumb","itemListElement":[{"@type":"ListItem","position":1,"name":"Inicio","item":"https:\/\/autofans.com.ar\/"},{"@type":"ListItem","position":2,"name":"IVECO BUS, patrocinador oficial de la terminal de combis de Puerto Madero"}]},{"@type":"WebSite","@id":"https:\/\/autofans.com.ar\/#website","url":"https:\/\/autofans.com.ar\/","name":"","description":"El multimedio referente de la industria automotriz","potentialAction":[{"@type":"SearchAction","target":{"@type":"EntryPoint","urlTemplate":"https:\/\/autofans.com.ar\/?s={search_term_string}"},"query-input":{"@type":"PropertyValueSpecification","valueRequired":true,"valueName":"search_term_string"}}],"inLanguage":"es"},{"@type":"Person","@id":"https:\/\/autofans.com.ar\/#\/schema\/person\/4a8dda0b6df83ac3d6723e921274c2aa","name":"Alejandro Gabriel Rosito","image":{"@type":"ImageObject","inLanguage":"es","@id":"https:\/\/secure.gravatar.com\/avatar\/16c5dda1489adfc62618084dcbb91cffd879c374b13fe5dd8e44ed6733852c88?s=96&d=mm&r=g","url":"https:\/\/secure.gravatar.com\/avatar\/16c5dda1489adfc62618084dcbb91cffd879c374b13fe5dd8e44ed6733852c88?s=96&d=mm&r=g","contentUrl":"https:\/\/secure.gravatar.com\/avatar\/16c5dda1489adfc62618084dcbb91cffd879c374b13fe5dd8e44ed6733852c88?s=96&d=mm&r=g","caption":"Alejandro Gabriel Rosito"},"url":"https:\/\/autofans.com.ar\/index.php\/author\/gabrielr\/"}]}},"featured_image_urls":{"full":["https:\/\/autofans.com.ar\/wp-content\/uploads\/2024\/01\/iveco-4.jpg",1000,667,false],"thumbnail":["https:\/\/autofans.com.ar\/wp-content\/uploads\/2024\/01\/iveco-4-150x150.jpg",150,150,true],"medium":["https:\/\/autofans.com.ar\/wp-content\/uploads\/2024\/01\/iveco-4-300x200.jpg",300,200,true],"medium_large":["https:\/\/autofans.com.ar\/wp-content\/uploads\/2024\/01\/iveco-4-768x512.jpg",640,427,true],"large":["https:\/\/autofans.com.ar\/wp-content\/uploads\/2024\/01\/iveco-4.jpg",640,427,false],"1536x1536":["https:\/\/autofans.com.ar\/wp-content\/uploads\/2024\/01\/iveco-4.jpg",1000,667,false],"2048x2048":["https:\/\/autofans.com.ar\/wp-content\/uploads\/2024\/01\/iveco-4.jpg",1000,667,false],"covernews-featured":["https:\/\/autofans.com.ar\/wp-content\/uploads\/2024\/01\/iveco-4.jpg",1000,667,false],"covernews-medium":["https:\/\/autofans.com.ar\/wp-content\/uploads\/2024\/01\/iveco-4-540x340.jpg",540,340,true]},"author_info":{"display_name":"Alejandro Gabriel Rosito","author_link":"https:\/\/autofans.com.ar\/index.php\/author\/gabrielr\/"},"category_info":"<a href=\"https:\/\/autofans.com.ar\/index.php\/category\/noticias\/empresas\/\" rel=\"category tag\">EMPRESAS<\/a> <a href=\"https:\/\/autofans.com.ar\/index.php\/category\/noticias\/\" rel=\"category tag\">NOTICIAS<\/a>","tag_info":"NOTICIAS","comment_count":0,"_links":{"self":[{"href":"https:\/\/autofans.com.ar\/index.php\/wp-json\/wp\/v2\/posts\/6481","targetHints":{"allow":["GET"]}}],"collection":[{"href":"https:\/\/autofans.com.ar\/index.php\/wp-json\/wp\/v2\/posts"}],"about":[{"href":"https:\/\/autofans.com.ar\/index.php\/wp-json\/wp\/v2\/types\/post"}],"author":[{"embeddable":true,"href":"https:\/\/autofans.com.ar\/index.php\/wp-json\/wp\/v2\/users\/2"}],"replies":[{"embeddable":true,"href":"https:\/\/autofans.com.ar\/index.php\/wp-json\/wp\/v2\/comments?post=6481"}],"version-history":[{"count":2,"href":"https:\/\/autofans.com.ar\/index.php\/wp-json\/wp\/v2\/posts\/6481\/revisions"}],"predecessor-version":[{"id":6487,"href":"https:\/\/autofans.com.ar\/index.php\/wp-json\/wp\/v2\/posts\/6481\/revisions\/6487"}],"wp:featuredmedia":[{"embeddable":true,"href":"https:\/\/autofans.com.ar\/index.php\/wp-json\/wp\/v2\/media\/6483"}],"wp:attachment":[{"href":"https:\/\/autofans.com.ar\/index.php\/wp-json\/wp\/v2\/media?parent=6481"}],"wp:term":[{"taxonomy":"category","embeddable":true,"href":"https:\/\/autofans.com.ar\/index.php\/wp-json\/wp\/v2\/categories?post=6481"},{"taxonomy":"post_tag","embeddable":true,"href":"https:\/\/autofans.com.ar\/index.php\/wp-json\/wp\/v2\/tags?post=6481"}],"curies":[{"name":"wp","href":"https:\/\/api.w.org\/{rel}","templated":true}]}}