{"id":6488,"date":"2024-01-22T18:56:30","date_gmt":"2024-01-22T21:56:30","guid":{"rendered":"https:\/\/autofans.com.ar\/?p=6488"},"modified":"2024-01-22T18:56:30","modified_gmt":"2024-01-22T21:56:30","slug":"jeep-en-accion-en-el-summer-car-show","status":"publish","type":"post","link":"https:\/\/autofans.com.ar\/index.php\/2024\/01\/22\/jeep-en-accion-en-el-summer-car-show\/","title":{"rendered":"Jeep en acci\u00f3n en el Summer Car Show"},"content":{"rendered":"<p>La reconocida marca Jeep se hace presente en el \u00abSummer Car Show\u00bb hasta el 18 de febrero, ubicado en el Nuevo Parque Tem\u00e1tico de Autos, sobre la ruta 11, KM 407, entre Caril\u00f3 y Villa Gesell. Una oportunidad \u00fanica para explorar sus emblem\u00e1ticos modelos y disfrutar de diversas actividades.<\/p>\n<p>&nbsp;<\/p>\n<h2>Descubr\u00ed la potencia Jeep<\/h2>\n<p>&nbsp;<\/p>\n<div id='gallery-1' class='gallery galleryid-6488 gallery-columns-2 gallery-size-full'><figure class='gallery-item'>\n\t\t\t<div class='gallery-icon landscape'>\n\t\t\t\t<a href='https:\/\/autofans.com.ar\/index.php\/2024\/01\/22\/jeep-en-accion-en-el-summer-car-show\/jeep-2-2\/'><img loading=\"lazy\" width=\"1000\" height=\"667\" src=\"https:\/\/autofans.com.ar\/wp-content\/uploads\/2024\/01\/jeep-2.jpg\" class=\"attachment-full size-full\" alt=\"Jeep\" srcset=\"https:\/\/autofans.com.ar\/wp-content\/uploads\/2024\/01\/jeep-2.jpg 1000w, https:\/\/autofans.com.ar\/wp-content\/uploads\/2024\/01\/jeep-2-300x200.jpg 300w, https:\/\/autofans.com.ar\/wp-content\/uploads\/2024\/01\/jeep-2-768x512.jpg 768w\" sizes=\"auto, (max-width: 1000px) 100vw, 1000px\" loading=\"lazy\" decoding=\"async\" \/><\/a>\n\t\t\t<\/div><\/figure><figure class='gallery-item'>\n\t\t\t<div class='gallery-icon landscape'>\n\t\t\t\t<a href='https:\/\/autofans.com.ar\/index.php\/2024\/01\/22\/jeep-en-accion-en-el-summer-car-show\/jeep-4\/'><img loading=\"lazy\" width=\"1000\" height=\"667\" src=\"https:\/\/autofans.com.ar\/wp-content\/uploads\/2024\/01\/jeep-4.jpg\" class=\"attachment-full size-full\" alt=\"Jeep\" srcset=\"https:\/\/autofans.com.ar\/wp-content\/uploads\/2024\/01\/jeep-4.jpg 1000w, https:\/\/autofans.com.ar\/wp-content\/uploads\/2024\/01\/jeep-4-300x200.jpg 300w, https:\/\/autofans.com.ar\/wp-content\/uploads\/2024\/01\/jeep-4-768x512.jpg 768w\" sizes=\"auto, (max-width: 1000px) 100vw, 1000px\" loading=\"lazy\" decoding=\"async\" \/><\/a>\n\t\t\t<\/div><\/figure>\n\t\t<\/div>\n\n<p>&nbsp;<\/p>\n<p>Jeep exhibe su impresionante gama de veh\u00edculos en el Summer Car Show, presentando modelos que van desde lo compacto hasta lo robusto. A continuaci\u00f3n, destacamos las caracter\u00edsticas clave de cada uno:<\/p>\n<ul>\n<li><strong>Renegade:<\/strong> Este SUV compacto se destaca por su dise\u00f1o audaz y capacidades todoterreno. Con tracci\u00f3n 4&#215;4 y tama\u00f1o compacto, es ideal para la ciudad sin perder la aut\u00e9ntica robustez de un Jeep.<\/li>\n<li><strong>Compass:<\/strong> Fusionando estilo y rendimiento, este SUV compacto ofrece opciones de tracci\u00f3n 4&#215;4 y tecnolog\u00eda de seguridad avanzada. Su dise\u00f1o atractivo se complementa con caracter\u00edsticas premium en el interior y sistemas de infoentretenimiento modernos.<\/li>\n<li><strong>Commander:<\/strong> Presente en el evento, este SUV de tama\u00f1o medio combina elegancia y capacidad todoterreno. Con tecnolog\u00eda avanzada, sistemas de seguridad modernos y capacidad para siete pasajeros, destaca por su amplitud interior y versatilidad.<\/li>\n<li><strong>Wrangler:<\/strong> Un todoterreno ic\u00f3nico con dise\u00f1o distintivo, tracci\u00f3n 4&#215;4 robusta y opciones de techo extra\u00edble. Perfecto para aventuras todoterreno y uso diario.<\/li>\n<li><strong>Gladiator:<\/strong> La pick-up todoterreno se distingue por su dise\u00f1o y caracter\u00edsticas off-road. Ofrece versatilidad, capacidad de remolque y comodidad, adapt\u00e1ndose a diversas experiencias, desde aventuras off-road hasta el uso diario.<\/li>\n<\/ul>\n<p>&nbsp;<\/p>\n<h2>El verano con Jeep<\/h2>\n<p>Adem\u00e1s de la exhibici\u00f3n, Jeep ofrece la posibilidad de realizar test drives. Solicita el tuyo en <a href=\"https:\/\/summercarshow.com.ar\/\" target=\"_blank\" rel=\"noopener\">https:\/\/summercarshow.com.ar<\/a> y elige el veh\u00edculo, d\u00eda y hora que mejor se adapte a ti, entre las 16:00 y las 20:00 todos los d\u00edas.<\/p>\n<p>&nbsp;<\/p>\n<p><center><iframe title=\"SUV Jeep, estrellas del Summer Car Show 2024\" width=\"640\" height=\"360\" src=\"https:\/\/www.youtube.com\/embed\/Pve3GDrSABM?feature=oembed\" frameborder=\"0\" allow=\"accelerometer; autoplay; clipboard-write; encrypted-media; gyroscope; picture-in-picture; web-share\" referrerpolicy=\"strict-origin-when-cross-origin\" allowfullscreen><\/iframe><\/p>\n<p>&nbsp;<\/p>\n<p><\/center>&nbsp;<\/p>\n<p>Todos los s\u00e1bados, artistas en vivo animar\u00e1n el Summer Car Show a partir de las 20.30 horas. La entrada es libre y gratuita, sujeta a la capacidad del parque. Los clientes de Stellantis pueden acceder a un espacio VIP reservando desde la web.<\/p>\n<p><strong>Agenda de Espect\u00e1culos:<\/strong><\/p>\n<ul>\n<li>20\/01: Franzizca y Anita B Queen<\/li>\n<li>27\/01: Silvestre y La Naranja<\/li>\n<li>03\/02: Zoe Gotusso<\/li>\n<li>10\/02: Ainda<\/li>\n<\/ul>\n<p>Explora las mejores ofertas gastron\u00f3micas dentro del predio hasta las 00hs todos los d\u00edas, convirtiendo el evento en un plan ideal para familias.<\/p>\n<p>Obt\u00e9n m\u00e1s detalles y planifica tu visita en el sitio web exclusivo: <a href=\"https:\/\/summercarshow.com.ar\/\" target=\"_blank\" rel=\"noopener\">https:\/\/summercarshow.com.ar\/<\/a><\/p>\n<p>&nbsp;<\/p>\n<p>&nbsp;<\/p>\n<p><i>Para enterarte de m\u00e1s novedades, no dejes de leer\u00a0<\/i><a href=\"https:\/\/autofans.thebrandsoup.com\/\"><i>nuestras notas<\/i><\/a><i>, de ver<\/i><b><i>\u00a0<\/i><\/b><a href=\"https:\/\/www.youtube.com\/channel\/UCgAC8UGHZYbT6P7PpmVnP7g\"><b><i>AUTOFANS TV<\/i><\/b><\/a><b><i>\u00a0<\/i><\/b><i>en nuestro\u00a0canal de Youtube. Adem\u00e1s seguinos en\u00a0<\/i><a href=\"https:\/\/www.instagram.com\/autofanstv\/\"><i>INSTAGRAM<\/i><\/a><i> y <\/i><a href=\"https:\/\/www.facebook.com\/autofansmas\/\"><i>FACEBOOK<\/i><\/a><i> para no perderte nada sobre las novedades del segmento automotor de Argentina y el mundo.<\/i><\/p>\n<p><i><span class=\"Apple-converted-space\">\u00a0<\/span><\/i><\/p>\n","protected":false},"excerpt":{"rendered":"<p>La reconocida marca Jeep se hace presente en el \u00abSummer Car Show\u00bb hasta el 18&#8230;<\/p>\n","protected":false},"author":2,"featured_media":6490,"comment_status":"closed","ping_status":"closed","sticky":false,"template":"","format":"standard","meta":{"footnotes":""},"categories":[6,16],"tags":[3425,3307,534,3426,3304,37,3405,40,78,555],"class_list":["post-6488","post","type-post","status-publish","format-standard","has-post-thumbnail","hentry","category-bizstyle","category-noticias","tag-evento-automotriz","tag-gastronomia","tag-jeep","tag-modelos-jeep","tag-musica-en-vivo","tag-stellantis","tag-summer-car-show","tag-suv","tag-test-drive","tag-todoterreno"],"yoast_head":"<!-- This site is optimized with the Yoast SEO plugin v27.5 - https:\/\/yoast.com\/product\/yoast-seo-wordpress\/ -->\n<title>Jeep en acci\u00f3n en el Summer Car Show -<\/title>\n<meta name=\"description\" content=\"La reconocida marca Jeep se hace presente en el &quot;Summer Car Show&quot; hasta el 18 de febrero, ubicado en el Nuevo Parque Tem\u00e1tico de Autos...\" \/>\n<meta name=\"robots\" content=\"index, follow, max-snippet:-1, max-image-preview:large, max-video-preview:-1\" \/>\n<link rel=\"canonical\" href=\"https:\/\/autofans.com.ar\/index.php\/2024\/01\/22\/jeep-en-accion-en-el-summer-car-show\/\" \/>\n<meta property=\"og:locale\" content=\"es_ES\" \/>\n<meta property=\"og:type\" content=\"article\" \/>\n<meta property=\"og:title\" content=\"Jeep en acci\u00f3n en el Summer Car Show -\" \/>\n<meta property=\"og:description\" content=\"La reconocida marca Jeep se hace presente en el &quot;Summer Car Show&quot; hasta el 18 de febrero, ubicado en el Nuevo Parque Tem\u00e1tico de Autos...\" \/>\n<meta property=\"og:url\" content=\"https:\/\/autofans.com.ar\/index.php\/2024\/01\/22\/jeep-en-accion-en-el-summer-car-show\/\" \/>\n<meta property=\"article:published_time\" content=\"2024-01-22T21:56:30+00:00\" \/>\n<meta property=\"og:image\" content=\"https:\/\/autofans.com.ar\/wp-content\/uploads\/2024\/01\/jeep-3.jpg\" \/>\n\t<meta property=\"og:image:width\" content=\"640\" \/>\n\t<meta property=\"og:image:height\" content=\"427\" \/>\n\t<meta property=\"og:image:type\" content=\"image\/jpeg\" \/>\n<meta name=\"author\" content=\"Alejandro Gabriel Rosito\" \/>\n<meta name=\"twitter:card\" content=\"summary_large_image\" \/>\n<meta name=\"twitter:label1\" content=\"Escrito por\" \/>\n\t<meta name=\"twitter:data1\" content=\"Alejandro Gabriel Rosito\" \/>\n\t<meta name=\"twitter:label2\" content=\"Tiempo de lectura\" \/>\n\t<meta name=\"twitter:data2\" content=\"3 minutos\" \/>\n<script type=\"application\/ld+json\" class=\"yoast-schema-graph\">{\"@context\":\"https:\\\/\\\/schema.org\",\"@graph\":[{\"@type\":\"Article\",\"@id\":\"https:\\\/\\\/autofans.com.ar\\\/index.php\\\/2024\\\/01\\\/22\\\/jeep-en-accion-en-el-summer-car-show\\\/#article\",\"isPartOf\":{\"@id\":\"https:\\\/\\\/autofans.com.ar\\\/index.php\\\/2024\\\/01\\\/22\\\/jeep-en-accion-en-el-summer-car-show\\\/\"},\"author\":{\"name\":\"Alejandro Gabriel Rosito\",\"@id\":\"https:\\\/\\\/autofans.com.ar\\\/#\\\/schema\\\/person\\\/4a8dda0b6df83ac3d6723e921274c2aa\"},\"headline\":\"Jeep en acci\u00f3n en el Summer Car Show\",\"datePublished\":\"2024-01-22T21:56:30+00:00\",\"mainEntityOfPage\":{\"@id\":\"https:\\\/\\\/autofans.com.ar\\\/index.php\\\/2024\\\/01\\\/22\\\/jeep-en-accion-en-el-summer-car-show\\\/\"},\"wordCount\":480,\"image\":{\"@id\":\"https:\\\/\\\/autofans.com.ar\\\/index.php\\\/2024\\\/01\\\/22\\\/jeep-en-accion-en-el-summer-car-show\\\/#primaryimage\"},\"thumbnailUrl\":\"https:\\\/\\\/autofans.com.ar\\\/wp-content\\\/uploads\\\/2024\\\/01\\\/jeep-3.jpg\",\"keywords\":[\"Evento Automotriz\",\"Gastronom\u00eda\",\"Jeep\",\"Modelos Jeep\",\"M\u00fasica en Vivo\",\"Stellantis\",\"Summer Car Show\",\"SUV\",\"Test Drive\",\"todoterreno\"],\"articleSection\":[\"BIZSTYLE\",\"NOTICIAS\"],\"inLanguage\":\"es\"},{\"@type\":\"WebPage\",\"@id\":\"https:\\\/\\\/autofans.com.ar\\\/index.php\\\/2024\\\/01\\\/22\\\/jeep-en-accion-en-el-summer-car-show\\\/\",\"url\":\"https:\\\/\\\/autofans.com.ar\\\/index.php\\\/2024\\\/01\\\/22\\\/jeep-en-accion-en-el-summer-car-show\\\/\",\"name\":\"Jeep en acci\u00f3n en el Summer Car Show -\",\"isPartOf\":{\"@id\":\"https:\\\/\\\/autofans.com.ar\\\/#website\"},\"primaryImageOfPage\":{\"@id\":\"https:\\\/\\\/autofans.com.ar\\\/index.php\\\/2024\\\/01\\\/22\\\/jeep-en-accion-en-el-summer-car-show\\\/#primaryimage\"},\"image\":{\"@id\":\"https:\\\/\\\/autofans.com.ar\\\/index.php\\\/2024\\\/01\\\/22\\\/jeep-en-accion-en-el-summer-car-show\\\/#primaryimage\"},\"thumbnailUrl\":\"https:\\\/\\\/autofans.com.ar\\\/wp-content\\\/uploads\\\/2024\\\/01\\\/jeep-3.jpg\",\"datePublished\":\"2024-01-22T21:56:30+00:00\",\"author\":{\"@id\":\"https:\\\/\\\/autofans.com.ar\\\/#\\\/schema\\\/person\\\/4a8dda0b6df83ac3d6723e921274c2aa\"},\"description\":\"La reconocida marca Jeep se hace presente en el \\\"Summer Car Show\\\" hasta el 18 de febrero, ubicado en el Nuevo Parque Tem\u00e1tico de Autos...\",\"breadcrumb\":{\"@id\":\"https:\\\/\\\/autofans.com.ar\\\/index.php\\\/2024\\\/01\\\/22\\\/jeep-en-accion-en-el-summer-car-show\\\/#breadcrumb\"},\"inLanguage\":\"es\",\"potentialAction\":[{\"@type\":\"ReadAction\",\"target\":[\"https:\\\/\\\/autofans.com.ar\\\/index.php\\\/2024\\\/01\\\/22\\\/jeep-en-accion-en-el-summer-car-show\\\/\"]}]},{\"@type\":\"ImageObject\",\"inLanguage\":\"es\",\"@id\":\"https:\\\/\\\/autofans.com.ar\\\/index.php\\\/2024\\\/01\\\/22\\\/jeep-en-accion-en-el-summer-car-show\\\/#primaryimage\",\"url\":\"https:\\\/\\\/autofans.com.ar\\\/wp-content\\\/uploads\\\/2024\\\/01\\\/jeep-3.jpg\",\"contentUrl\":\"https:\\\/\\\/autofans.com.ar\\\/wp-content\\\/uploads\\\/2024\\\/01\\\/jeep-3.jpg\",\"width\":1000,\"height\":667,\"caption\":\"Jeep\"},{\"@type\":\"BreadcrumbList\",\"@id\":\"https:\\\/\\\/autofans.com.ar\\\/index.php\\\/2024\\\/01\\\/22\\\/jeep-en-accion-en-el-summer-car-show\\\/#breadcrumb\",\"itemListElement\":[{\"@type\":\"ListItem\",\"position\":1,\"name\":\"Inicio\",\"item\":\"https:\\\/\\\/autofans.com.ar\\\/\"},{\"@type\":\"ListItem\",\"position\":2,\"name\":\"Jeep en acci\u00f3n en el Summer Car Show\"}]},{\"@type\":\"WebSite\",\"@id\":\"https:\\\/\\\/autofans.com.ar\\\/#website\",\"url\":\"https:\\\/\\\/autofans.com.ar\\\/\",\"name\":\"\",\"description\":\"El multimedio referente de la industria automotriz\",\"potentialAction\":[{\"@type\":\"SearchAction\",\"target\":{\"@type\":\"EntryPoint\",\"urlTemplate\":\"https:\\\/\\\/autofans.com.ar\\\/?s={search_term_string}\"},\"query-input\":{\"@type\":\"PropertyValueSpecification\",\"valueRequired\":true,\"valueName\":\"search_term_string\"}}],\"inLanguage\":\"es\"},{\"@type\":\"Person\",\"@id\":\"https:\\\/\\\/autofans.com.ar\\\/#\\\/schema\\\/person\\\/4a8dda0b6df83ac3d6723e921274c2aa\",\"name\":\"Alejandro Gabriel Rosito\",\"image\":{\"@type\":\"ImageObject\",\"inLanguage\":\"es\",\"@id\":\"https:\\\/\\\/secure.gravatar.com\\\/avatar\\\/16c5dda1489adfc62618084dcbb91cffd879c374b13fe5dd8e44ed6733852c88?s=96&d=mm&r=g\",\"url\":\"https:\\\/\\\/secure.gravatar.com\\\/avatar\\\/16c5dda1489adfc62618084dcbb91cffd879c374b13fe5dd8e44ed6733852c88?s=96&d=mm&r=g\",\"contentUrl\":\"https:\\\/\\\/secure.gravatar.com\\\/avatar\\\/16c5dda1489adfc62618084dcbb91cffd879c374b13fe5dd8e44ed6733852c88?s=96&d=mm&r=g\",\"caption\":\"Alejandro Gabriel Rosito\"},\"url\":\"https:\\\/\\\/autofans.com.ar\\\/index.php\\\/author\\\/gabrielr\\\/\"}]}<\/script>\n<!-- \/ Yoast SEO plugin. -->","yoast_head_json":{"title":"Jeep en acci\u00f3n en el Summer Car Show -","description":"La reconocida marca Jeep se hace presente en el \"Summer Car Show\" hasta el 18 de febrero, ubicado en el Nuevo Parque Tem\u00e1tico de Autos...","robots":{"index":"index","follow":"follow","max-snippet":"max-snippet:-1","max-image-preview":"max-image-preview:large","max-video-preview":"max-video-preview:-1"},"canonical":"https:\/\/autofans.com.ar\/index.php\/2024\/01\/22\/jeep-en-accion-en-el-summer-car-show\/","og_locale":"es_ES","og_type":"article","og_title":"Jeep en acci\u00f3n en el Summer Car Show -","og_description":"La reconocida marca Jeep se hace presente en el \"Summer Car Show\" hasta el 18 de febrero, ubicado en el Nuevo Parque Tem\u00e1tico de Autos...","og_url":"https:\/\/autofans.com.ar\/index.php\/2024\/01\/22\/jeep-en-accion-en-el-summer-car-show\/","article_published_time":"2024-01-22T21:56:30+00:00","og_image":[{"url":"https:\/\/autofans.com.ar\/wp-content\/uploads\/2024\/01\/jeep-3.jpg","width":640,"height":427,"type":"image\/jpeg"}],"author":"Alejandro Gabriel Rosito","twitter_card":"summary_large_image","twitter_misc":{"Escrito por":"Alejandro Gabriel Rosito","Tiempo de lectura":"3 minutos"},"schema":{"@context":"https:\/\/schema.org","@graph":[{"@type":"Article","@id":"https:\/\/autofans.com.ar\/index.php\/2024\/01\/22\/jeep-en-accion-en-el-summer-car-show\/#article","isPartOf":{"@id":"https:\/\/autofans.com.ar\/index.php\/2024\/01\/22\/jeep-en-accion-en-el-summer-car-show\/"},"author":{"name":"Alejandro Gabriel Rosito","@id":"https:\/\/autofans.com.ar\/#\/schema\/person\/4a8dda0b6df83ac3d6723e921274c2aa"},"headline":"Jeep en acci\u00f3n en el Summer Car Show","datePublished":"2024-01-22T21:56:30+00:00","mainEntityOfPage":{"@id":"https:\/\/autofans.com.ar\/index.php\/2024\/01\/22\/jeep-en-accion-en-el-summer-car-show\/"},"wordCount":480,"image":{"@id":"https:\/\/autofans.com.ar\/index.php\/2024\/01\/22\/jeep-en-accion-en-el-summer-car-show\/#primaryimage"},"thumbnailUrl":"https:\/\/autofans.com.ar\/wp-content\/uploads\/2024\/01\/jeep-3.jpg","keywords":["Evento Automotriz","Gastronom\u00eda","Jeep","Modelos Jeep","M\u00fasica en Vivo","Stellantis","Summer Car Show","SUV","Test Drive","todoterreno"],"articleSection":["BIZSTYLE","NOTICIAS"],"inLanguage":"es"},{"@type":"WebPage","@id":"https:\/\/autofans.com.ar\/index.php\/2024\/01\/22\/jeep-en-accion-en-el-summer-car-show\/","url":"https:\/\/autofans.com.ar\/index.php\/2024\/01\/22\/jeep-en-accion-en-el-summer-car-show\/","name":"Jeep en acci\u00f3n en el Summer Car Show -","isPartOf":{"@id":"https:\/\/autofans.com.ar\/#website"},"primaryImageOfPage":{"@id":"https:\/\/autofans.com.ar\/index.php\/2024\/01\/22\/jeep-en-accion-en-el-summer-car-show\/#primaryimage"},"image":{"@id":"https:\/\/autofans.com.ar\/index.php\/2024\/01\/22\/jeep-en-accion-en-el-summer-car-show\/#primaryimage"},"thumbnailUrl":"https:\/\/autofans.com.ar\/wp-content\/uploads\/2024\/01\/jeep-3.jpg","datePublished":"2024-01-22T21:56:30+00:00","author":{"@id":"https:\/\/autofans.com.ar\/#\/schema\/person\/4a8dda0b6df83ac3d6723e921274c2aa"},"description":"La reconocida marca Jeep se hace presente en el \"Summer Car Show\" hasta el 18 de febrero, ubicado en el Nuevo Parque Tem\u00e1tico de Autos...","breadcrumb":{"@id":"https:\/\/autofans.com.ar\/index.php\/2024\/01\/22\/jeep-en-accion-en-el-summer-car-show\/#breadcrumb"},"inLanguage":"es","potentialAction":[{"@type":"ReadAction","target":["https:\/\/autofans.com.ar\/index.php\/2024\/01\/22\/jeep-en-accion-en-el-summer-car-show\/"]}]},{"@type":"ImageObject","inLanguage":"es","@id":"https:\/\/autofans.com.ar\/index.php\/2024\/01\/22\/jeep-en-accion-en-el-summer-car-show\/#primaryimage","url":"https:\/\/autofans.com.ar\/wp-content\/uploads\/2024\/01\/jeep-3.jpg","contentUrl":"https:\/\/autofans.com.ar\/wp-content\/uploads\/2024\/01\/jeep-3.jpg","width":1000,"height":667,"caption":"Jeep"},{"@type":"BreadcrumbList","@id":"https:\/\/autofans.com.ar\/index.php\/2024\/01\/22\/jeep-en-accion-en-el-summer-car-show\/#breadcrumb","itemListElement":[{"@type":"ListItem","position":1,"name":"Inicio","item":"https:\/\/autofans.com.ar\/"},{"@type":"ListItem","position":2,"name":"Jeep en acci\u00f3n en el Summer Car Show"}]},{"@type":"WebSite","@id":"https:\/\/autofans.com.ar\/#website","url":"https:\/\/autofans.com.ar\/","name":"","description":"El multimedio referente de la industria automotriz","potentialAction":[{"@type":"SearchAction","target":{"@type":"EntryPoint","urlTemplate":"https:\/\/autofans.com.ar\/?s={search_term_string}"},"query-input":{"@type":"PropertyValueSpecification","valueRequired":true,"valueName":"search_term_string"}}],"inLanguage":"es"},{"@type":"Person","@id":"https:\/\/autofans.com.ar\/#\/schema\/person\/4a8dda0b6df83ac3d6723e921274c2aa","name":"Alejandro Gabriel Rosito","image":{"@type":"ImageObject","inLanguage":"es","@id":"https:\/\/secure.gravatar.com\/avatar\/16c5dda1489adfc62618084dcbb91cffd879c374b13fe5dd8e44ed6733852c88?s=96&d=mm&r=g","url":"https:\/\/secure.gravatar.com\/avatar\/16c5dda1489adfc62618084dcbb91cffd879c374b13fe5dd8e44ed6733852c88?s=96&d=mm&r=g","contentUrl":"https:\/\/secure.gravatar.com\/avatar\/16c5dda1489adfc62618084dcbb91cffd879c374b13fe5dd8e44ed6733852c88?s=96&d=mm&r=g","caption":"Alejandro Gabriel Rosito"},"url":"https:\/\/autofans.com.ar\/index.php\/author\/gabrielr\/"}]}},"featured_image_urls":{"full":["https:\/\/autofans.com.ar\/wp-content\/uploads\/2024\/01\/jeep-3.jpg",1000,667,false],"thumbnail":["https:\/\/autofans.com.ar\/wp-content\/uploads\/2024\/01\/jeep-3-150x150.jpg",150,150,true],"medium":["https:\/\/autofans.com.ar\/wp-content\/uploads\/2024\/01\/jeep-3-300x200.jpg",300,200,true],"medium_large":["https:\/\/autofans.com.ar\/wp-content\/uploads\/2024\/01\/jeep-3-768x512.jpg",640,427,true],"large":["https:\/\/autofans.com.ar\/wp-content\/uploads\/2024\/01\/jeep-3.jpg",640,427,false],"1536x1536":["https:\/\/autofans.com.ar\/wp-content\/uploads\/2024\/01\/jeep-3.jpg",1000,667,false],"2048x2048":["https:\/\/autofans.com.ar\/wp-content\/uploads\/2024\/01\/jeep-3.jpg",1000,667,false],"covernews-featured":["https:\/\/autofans.com.ar\/wp-content\/uploads\/2024\/01\/jeep-3.jpg",1000,667,false],"covernews-medium":["https:\/\/autofans.com.ar\/wp-content\/uploads\/2024\/01\/jeep-3-540x340.jpg",540,340,true]},"author_info":{"display_name":"Alejandro Gabriel Rosito","author_link":"https:\/\/autofans.com.ar\/index.php\/author\/gabrielr\/"},"category_info":"<a href=\"https:\/\/autofans.com.ar\/index.php\/category\/noticias\/bizstyle\/\" rel=\"category tag\">BIZSTYLE<\/a> <a href=\"https:\/\/autofans.com.ar\/index.php\/category\/noticias\/\" rel=\"category tag\">NOTICIAS<\/a>","tag_info":"NOTICIAS","comment_count":0,"_links":{"self":[{"href":"https:\/\/autofans.com.ar\/index.php\/wp-json\/wp\/v2\/posts\/6488","targetHints":{"allow":["GET"]}}],"collection":[{"href":"https:\/\/autofans.com.ar\/index.php\/wp-json\/wp\/v2\/posts"}],"about":[{"href":"https:\/\/autofans.com.ar\/index.php\/wp-json\/wp\/v2\/types\/post"}],"author":[{"embeddable":true,"href":"https:\/\/autofans.com.ar\/index.php\/wp-json\/wp\/v2\/users\/2"}],"replies":[{"embeddable":true,"href":"https:\/\/autofans.com.ar\/index.php\/wp-json\/wp\/v2\/comments?post=6488"}],"version-history":[{"count":2,"href":"https:\/\/autofans.com.ar\/index.php\/wp-json\/wp\/v2\/posts\/6488\/revisions"}],"predecessor-version":[{"id":6494,"href":"https:\/\/autofans.com.ar\/index.php\/wp-json\/wp\/v2\/posts\/6488\/revisions\/6494"}],"wp:featuredmedia":[{"embeddable":true,"href":"https:\/\/autofans.com.ar\/index.php\/wp-json\/wp\/v2\/media\/6490"}],"wp:attachment":[{"href":"https:\/\/autofans.com.ar\/index.php\/wp-json\/wp\/v2\/media?parent=6488"}],"wp:term":[{"taxonomy":"category","embeddable":true,"href":"https:\/\/autofans.com.ar\/index.php\/wp-json\/wp\/v2\/categories?post=6488"},{"taxonomy":"post_tag","embeddable":true,"href":"https:\/\/autofans.com.ar\/index.php\/wp-json\/wp\/v2\/tags?post=6488"}],"curies":[{"name":"wp","href":"https:\/\/api.w.org\/{rel}","templated":true}]}}