{"id":6519,"date":"2024-01-24T16:50:27","date_gmt":"2024-01-24T19:50:27","guid":{"rendered":"https:\/\/autofans.com.ar\/?p=6519"},"modified":"2024-01-24T16:50:27","modified_gmt":"2024-01-24T19:50:27","slug":"mercedes-benz-y-sus-dummies-de-prueba","status":"publish","type":"post","link":"https:\/\/autofans.com.ar\/index.php\/2024\/01\/24\/mercedes-benz-y-sus-dummies-de-prueba\/","title":{"rendered":"Mercedes-Benz y sus Dummies de prueba"},"content":{"rendered":"<p>En el Museo de Mercedes-Benz, en Stuttgart, Alemania, se narra la fascinante trayectoria de la marca a trav\u00e9s de exposiciones de veh\u00edculos y diversas muestras de dise\u00f1o y arquitectura. Entre sus destacados, la exposici\u00f3n \u00abPrimer Plano\u00bb revela los secretos detr\u00e1s de las pruebas de seguridad, donde los dummies han desempe\u00f1ado un papel crucial.<\/p>\n<p>&nbsp;<\/p>\n<h2>Mercedes-Benz &#8211; 60 a\u00f1os de liderazgo en pruebas de choque<\/h2>\n<p>Mercedes-Benz, pionera en ensayos de choque, ha llevado a cabo esta pr\u00e1ctica durante m\u00e1s de seis d\u00e9cadas. En \u00abPrimer Plano\u00bb, se exhiben cuatro dummies del tipo \u00abHybrid II 50\u00bb, sometidos a choques entre 1960 y 1982. Cada maniqu\u00ed cuenta con hasta 80 sensores, esenciales para medir variables cr\u00edticas.<\/p>\n<p>&nbsp;<\/p>\n<p><img fetchpriority=\"high\" decoding=\"async\" class=\"aligncenter wp-image-6521 size-full\" src=\"https:\/\/autofans.com.ar\/wp-content\/uploads\/2024\/01\/dummi-3.jpg\" alt=\"Mercedes-Benz\" width=\"1000\" height=\"667\" srcset=\"https:\/\/autofans.com.ar\/wp-content\/uploads\/2024\/01\/dummi-3.jpg 1000w, https:\/\/autofans.com.ar\/wp-content\/uploads\/2024\/01\/dummi-3-300x200.jpg 300w, https:\/\/autofans.com.ar\/wp-content\/uploads\/2024\/01\/dummi-3-768x512.jpg 768w\" sizes=\"(max-width: 1000px) 100vw, 1000px\" \/><\/p>\n<p>&nbsp;<\/p>\n<p>Desde los a\u00f1os sesenta, los dummies han evolucionado. En la actualidad, los descendientes modernos del Hybrid II 50 poseen hasta 150 sensores conectados digitalmente mediante un solo cable. En el Centro Tecnol\u00f3gico Mercedes-Benz para la Seguridad de los Veh\u00edculos en Sindelfingen, Alemania, se realizan alrededor de 900 pruebas anuales en tres pistas, utilizando 120 maniqu\u00edes mantenidos por t\u00e9cnicos especializados.<\/p>\n<p>&nbsp;<\/p>\n<h2>Hybrid III &#8211; detr\u00e1s del \u00e9xito en la seguridad<\/h2>\n<p>La \u00faltima haza\u00f1a de Mercedes-Benz fue una prueba de choque entre dos veh\u00edculos el\u00e9ctricos, un EQA y un SUV EQS, a 56 km\/h con un solapamiento frontal del 50%. Equipados con tres Hybrid III cada uno, la prueba demostr\u00f3 resultados exitosos, asegurando la integridad del habit\u00e1culo y la bater\u00eda de alto voltaje.<\/p>\n<p>&nbsp;<\/p>\n<div id='gallery-1' class='gallery galleryid-6519 gallery-columns-2 gallery-size-full'><figure class='gallery-item'>\n\t\t\t<div class='gallery-icon landscape'>\n\t\t\t\t<a href='https:\/\/autofans.com.ar\/index.php\/2024\/01\/24\/mercedes-benz-y-sus-dummies-de-prueba\/dummi-4\/'><img loading=\"lazy\" width=\"1000\" height=\"667\" src=\"https:\/\/autofans.com.ar\/wp-content\/uploads\/2024\/01\/dummi-4.jpg\" class=\"attachment-full size-full\" alt=\"Mercedes-Benz\" srcset=\"https:\/\/autofans.com.ar\/wp-content\/uploads\/2024\/01\/dummi-4.jpg 1000w, https:\/\/autofans.com.ar\/wp-content\/uploads\/2024\/01\/dummi-4-300x200.jpg 300w, https:\/\/autofans.com.ar\/wp-content\/uploads\/2024\/01\/dummi-4-768x512.jpg 768w\" sizes=\"auto, (max-width: 1000px) 100vw, 1000px\" loading=\"lazy\" decoding=\"async\" \/><\/a>\n\t\t\t<\/div><\/figure><figure class='gallery-item'>\n\t\t\t<div class='gallery-icon landscape'>\n\t\t\t\t<a href='https:\/\/autofans.com.ar\/index.php\/2024\/01\/24\/mercedes-benz-y-sus-dummies-de-prueba\/dummi-1\/'><img loading=\"lazy\" width=\"1000\" height=\"667\" src=\"https:\/\/autofans.com.ar\/wp-content\/uploads\/2024\/01\/dummi-1.jpg\" class=\"attachment-full size-full\" alt=\"Mercedes-Benz\" srcset=\"https:\/\/autofans.com.ar\/wp-content\/uploads\/2024\/01\/dummi-1.jpg 1000w, https:\/\/autofans.com.ar\/wp-content\/uploads\/2024\/01\/dummi-1-300x200.jpg 300w, https:\/\/autofans.com.ar\/wp-content\/uploads\/2024\/01\/dummi-1-768x512.jpg 768w\" sizes=\"auto, (max-width: 1000px) 100vw, 1000px\" loading=\"lazy\" decoding=\"async\" \/><\/a>\n\t\t\t<\/div><\/figure>\n\t\t<\/div>\n\n<p>&nbsp;<\/p>\n<p>Los dummies, con sensores internos que registran aceleraciones, trayectorias de compresi\u00f3n, fuerzas angulares y deformaciones, proporcionan datos clave. Adem\u00e1s, las marcas adhesivas en su exterior sirven como puntos de referencia para el an\u00e1lisis de filmaciones, grabadas a 1,000 fotogramas por segundo con c\u00e1maras de alta velocidad.<\/p>\n<p>La tradici\u00f3n de seguridad de Mercedes-Benz, respaldada por d\u00e9cadas de pruebas y avances, contin\u00faa liderando la innovaci\u00f3n en la protecci\u00f3n de los pasajeros frente a posibles accidentes.<\/p>\n<p>&nbsp;<\/p>\n<p>&nbsp;<\/p>\n<p><i>Para enterarte de m\u00e1s novedades, no dejes de leer\u00a0<\/i><a href=\"https:\/\/autofans.thebrandsoup.com\/\"><i>nuestras notas<\/i><\/a><i>, de ver<\/i><b><i>\u00a0<\/i><\/b><a href=\"https:\/\/www.youtube.com\/channel\/UCgAC8UGHZYbT6P7PpmVnP7g\"><b><i>AUTOFANS TV<\/i><\/b><\/a><b><i>\u00a0<\/i><\/b><i>en nuestro\u00a0canal de Youtube. Adem\u00e1s seguinos en\u00a0<\/i><a href=\"https:\/\/www.instagram.com\/autofanstv\/\"><i>INSTAGRAM<\/i><\/a><i> y <\/i><a href=\"https:\/\/www.facebook.com\/autofansmas\/\"><i>FACEBOOK<\/i><\/a><i> para no perderte nada sobre las novedades del segmento automotor de Argentina y el mundo.<\/i><\/p>\n","protected":false},"excerpt":{"rendered":"<p>En el Museo de Mercedes-Benz, en Stuttgart, Alemania, se narra la fascinante trayectoria de la&#8230;<\/p>\n","protected":false},"author":2,"featured_media":6522,"comment_status":"closed","ping_status":"closed","sticky":false,"template":"","format":"standard","meta":{"footnotes":""},"categories":[292,16],"tags":[3441,3439,3442,3443,364,3445,3440,1306,3444,359],"class_list":["post-6519","post","type-post","status-publish","format-standard","has-post-thumbnail","hentry","category-empresas","category-noticias","tag-centro-tecnologico","tag-dummies-de-prueba","tag-exposicion-primer-plano","tag-historia-de-la-seguridad","tag-mercedes-benz","tag-museo-mercedes-benz","tag-pruebas-de-choque","tag-seguridad-vehicular","tag-tecnologia-digital","tag-vehiculos-electricos"],"yoast_head":"<!-- This site is optimized with the Yoast SEO plugin v27.5 - https:\/\/yoast.com\/product\/yoast-seo-wordpress\/ -->\n<title>Mercedes-Benz y sus Dummies de prueba -<\/title>\n<meta name=\"description\" content=\"En el Museo de Mercedes-Benz, en Stuttgart, Alemania, se narra la fascinante trayectoria de la marca a trav\u00e9s de exposiciones de veh\u00edculos...\" \/>\n<meta name=\"robots\" content=\"index, follow, max-snippet:-1, max-image-preview:large, max-video-preview:-1\" \/>\n<link rel=\"canonical\" href=\"https:\/\/autofans.com.ar\/index.php\/2024\/01\/24\/mercedes-benz-y-sus-dummies-de-prueba\/\" \/>\n<meta property=\"og:locale\" content=\"es_ES\" \/>\n<meta property=\"og:type\" content=\"article\" \/>\n<meta property=\"og:title\" content=\"Mercedes-Benz y sus Dummies de prueba -\" \/>\n<meta property=\"og:description\" content=\"En el Museo de Mercedes-Benz, en Stuttgart, Alemania, se narra la fascinante trayectoria de la marca a trav\u00e9s de exposiciones de veh\u00edculos...\" \/>\n<meta property=\"og:url\" content=\"https:\/\/autofans.com.ar\/index.php\/2024\/01\/24\/mercedes-benz-y-sus-dummies-de-prueba\/\" \/>\n<meta property=\"article:published_time\" content=\"2024-01-24T19:50:27+00:00\" \/>\n<meta property=\"og:image\" content=\"https:\/\/autofans.com.ar\/wp-content\/uploads\/2024\/01\/dummi-2.jpg\" \/>\n\t<meta property=\"og:image:width\" content=\"640\" \/>\n\t<meta property=\"og:image:height\" content=\"427\" \/>\n\t<meta property=\"og:image:type\" content=\"image\/jpeg\" \/>\n<meta name=\"author\" content=\"Alejandro Gabriel Rosito\" \/>\n<meta name=\"twitter:card\" content=\"summary_large_image\" \/>\n<meta name=\"twitter:label1\" content=\"Escrito por\" \/>\n\t<meta name=\"twitter:data1\" content=\"Alejandro Gabriel Rosito\" \/>\n\t<meta name=\"twitter:label2\" content=\"Tiempo de lectura\" \/>\n\t<meta name=\"twitter:data2\" content=\"2 minutos\" \/>\n<script type=\"application\/ld+json\" class=\"yoast-schema-graph\">{\"@context\":\"https:\\\/\\\/schema.org\",\"@graph\":[{\"@type\":\"Article\",\"@id\":\"https:\\\/\\\/autofans.com.ar\\\/index.php\\\/2024\\\/01\\\/24\\\/mercedes-benz-y-sus-dummies-de-prueba\\\/#article\",\"isPartOf\":{\"@id\":\"https:\\\/\\\/autofans.com.ar\\\/index.php\\\/2024\\\/01\\\/24\\\/mercedes-benz-y-sus-dummies-de-prueba\\\/\"},\"author\":{\"name\":\"Alejandro Gabriel Rosito\",\"@id\":\"https:\\\/\\\/autofans.com.ar\\\/#\\\/schema\\\/person\\\/4a8dda0b6df83ac3d6723e921274c2aa\"},\"headline\":\"Mercedes-Benz y sus Dummies de prueba\",\"datePublished\":\"2024-01-24T19:50:27+00:00\",\"mainEntityOfPage\":{\"@id\":\"https:\\\/\\\/autofans.com.ar\\\/index.php\\\/2024\\\/01\\\/24\\\/mercedes-benz-y-sus-dummies-de-prueba\\\/\"},\"wordCount\":386,\"image\":{\"@id\":\"https:\\\/\\\/autofans.com.ar\\\/index.php\\\/2024\\\/01\\\/24\\\/mercedes-benz-y-sus-dummies-de-prueba\\\/#primaryimage\"},\"thumbnailUrl\":\"https:\\\/\\\/autofans.com.ar\\\/wp-content\\\/uploads\\\/2024\\\/01\\\/dummi-2.jpg\",\"keywords\":[\"Centro Tecnol\u00f3gico\",\"Dummies de Prueba\",\"Exposici\u00f3n Primer Plano\",\"Historia de la Seguridad\",\"Mercedes-Benz\",\"Museo Mercedes-Benz\",\"Pruebas de Choque\",\"seguridad vehicular\",\"Tecnolog\u00eda Digital\",\"veh\u00edculos el\u00e9ctricos\"],\"articleSection\":[\"EMPRESAS\",\"NOTICIAS\"],\"inLanguage\":\"es\"},{\"@type\":\"WebPage\",\"@id\":\"https:\\\/\\\/autofans.com.ar\\\/index.php\\\/2024\\\/01\\\/24\\\/mercedes-benz-y-sus-dummies-de-prueba\\\/\",\"url\":\"https:\\\/\\\/autofans.com.ar\\\/index.php\\\/2024\\\/01\\\/24\\\/mercedes-benz-y-sus-dummies-de-prueba\\\/\",\"name\":\"Mercedes-Benz y sus Dummies de prueba -\",\"isPartOf\":{\"@id\":\"https:\\\/\\\/autofans.com.ar\\\/#website\"},\"primaryImageOfPage\":{\"@id\":\"https:\\\/\\\/autofans.com.ar\\\/index.php\\\/2024\\\/01\\\/24\\\/mercedes-benz-y-sus-dummies-de-prueba\\\/#primaryimage\"},\"image\":{\"@id\":\"https:\\\/\\\/autofans.com.ar\\\/index.php\\\/2024\\\/01\\\/24\\\/mercedes-benz-y-sus-dummies-de-prueba\\\/#primaryimage\"},\"thumbnailUrl\":\"https:\\\/\\\/autofans.com.ar\\\/wp-content\\\/uploads\\\/2024\\\/01\\\/dummi-2.jpg\",\"datePublished\":\"2024-01-24T19:50:27+00:00\",\"author\":{\"@id\":\"https:\\\/\\\/autofans.com.ar\\\/#\\\/schema\\\/person\\\/4a8dda0b6df83ac3d6723e921274c2aa\"},\"description\":\"En el Museo de Mercedes-Benz, en Stuttgart, Alemania, se narra la fascinante trayectoria de la marca a trav\u00e9s de exposiciones de veh\u00edculos...\",\"breadcrumb\":{\"@id\":\"https:\\\/\\\/autofans.com.ar\\\/index.php\\\/2024\\\/01\\\/24\\\/mercedes-benz-y-sus-dummies-de-prueba\\\/#breadcrumb\"},\"inLanguage\":\"es\",\"potentialAction\":[{\"@type\":\"ReadAction\",\"target\":[\"https:\\\/\\\/autofans.com.ar\\\/index.php\\\/2024\\\/01\\\/24\\\/mercedes-benz-y-sus-dummies-de-prueba\\\/\"]}]},{\"@type\":\"ImageObject\",\"inLanguage\":\"es\",\"@id\":\"https:\\\/\\\/autofans.com.ar\\\/index.php\\\/2024\\\/01\\\/24\\\/mercedes-benz-y-sus-dummies-de-prueba\\\/#primaryimage\",\"url\":\"https:\\\/\\\/autofans.com.ar\\\/wp-content\\\/uploads\\\/2024\\\/01\\\/dummi-2.jpg\",\"contentUrl\":\"https:\\\/\\\/autofans.com.ar\\\/wp-content\\\/uploads\\\/2024\\\/01\\\/dummi-2.jpg\",\"width\":1000,\"height\":667,\"caption\":\"Mercedes-Benz\"},{\"@type\":\"BreadcrumbList\",\"@id\":\"https:\\\/\\\/autofans.com.ar\\\/index.php\\\/2024\\\/01\\\/24\\\/mercedes-benz-y-sus-dummies-de-prueba\\\/#breadcrumb\",\"itemListElement\":[{\"@type\":\"ListItem\",\"position\":1,\"name\":\"Inicio\",\"item\":\"https:\\\/\\\/autofans.com.ar\\\/\"},{\"@type\":\"ListItem\",\"position\":2,\"name\":\"Mercedes-Benz y sus Dummies de prueba\"}]},{\"@type\":\"WebSite\",\"@id\":\"https:\\\/\\\/autofans.com.ar\\\/#website\",\"url\":\"https:\\\/\\\/autofans.com.ar\\\/\",\"name\":\"\",\"description\":\"El multimedio referente de la industria automotriz\",\"potentialAction\":[{\"@type\":\"SearchAction\",\"target\":{\"@type\":\"EntryPoint\",\"urlTemplate\":\"https:\\\/\\\/autofans.com.ar\\\/?s={search_term_string}\"},\"query-input\":{\"@type\":\"PropertyValueSpecification\",\"valueRequired\":true,\"valueName\":\"search_term_string\"}}],\"inLanguage\":\"es\"},{\"@type\":\"Person\",\"@id\":\"https:\\\/\\\/autofans.com.ar\\\/#\\\/schema\\\/person\\\/4a8dda0b6df83ac3d6723e921274c2aa\",\"name\":\"Alejandro Gabriel Rosito\",\"image\":{\"@type\":\"ImageObject\",\"inLanguage\":\"es\",\"@id\":\"https:\\\/\\\/secure.gravatar.com\\\/avatar\\\/16c5dda1489adfc62618084dcbb91cffd879c374b13fe5dd8e44ed6733852c88?s=96&d=mm&r=g\",\"url\":\"https:\\\/\\\/secure.gravatar.com\\\/avatar\\\/16c5dda1489adfc62618084dcbb91cffd879c374b13fe5dd8e44ed6733852c88?s=96&d=mm&r=g\",\"contentUrl\":\"https:\\\/\\\/secure.gravatar.com\\\/avatar\\\/16c5dda1489adfc62618084dcbb91cffd879c374b13fe5dd8e44ed6733852c88?s=96&d=mm&r=g\",\"caption\":\"Alejandro Gabriel Rosito\"},\"url\":\"https:\\\/\\\/autofans.com.ar\\\/index.php\\\/author\\\/gabrielr\\\/\"}]}<\/script>\n<!-- \/ Yoast SEO plugin. -->","yoast_head_json":{"title":"Mercedes-Benz y sus Dummies de prueba -","description":"En el Museo de Mercedes-Benz, en Stuttgart, Alemania, se narra la fascinante trayectoria de la marca a trav\u00e9s de exposiciones de veh\u00edculos...","robots":{"index":"index","follow":"follow","max-snippet":"max-snippet:-1","max-image-preview":"max-image-preview:large","max-video-preview":"max-video-preview:-1"},"canonical":"https:\/\/autofans.com.ar\/index.php\/2024\/01\/24\/mercedes-benz-y-sus-dummies-de-prueba\/","og_locale":"es_ES","og_type":"article","og_title":"Mercedes-Benz y sus Dummies de prueba -","og_description":"En el Museo de Mercedes-Benz, en Stuttgart, Alemania, se narra la fascinante trayectoria de la marca a trav\u00e9s de exposiciones de veh\u00edculos...","og_url":"https:\/\/autofans.com.ar\/index.php\/2024\/01\/24\/mercedes-benz-y-sus-dummies-de-prueba\/","article_published_time":"2024-01-24T19:50:27+00:00","og_image":[{"url":"https:\/\/autofans.com.ar\/wp-content\/uploads\/2024\/01\/dummi-2.jpg","width":640,"height":427,"type":"image\/jpeg"}],"author":"Alejandro Gabriel Rosito","twitter_card":"summary_large_image","twitter_misc":{"Escrito por":"Alejandro Gabriel Rosito","Tiempo de lectura":"2 minutos"},"schema":{"@context":"https:\/\/schema.org","@graph":[{"@type":"Article","@id":"https:\/\/autofans.com.ar\/index.php\/2024\/01\/24\/mercedes-benz-y-sus-dummies-de-prueba\/#article","isPartOf":{"@id":"https:\/\/autofans.com.ar\/index.php\/2024\/01\/24\/mercedes-benz-y-sus-dummies-de-prueba\/"},"author":{"name":"Alejandro Gabriel Rosito","@id":"https:\/\/autofans.com.ar\/#\/schema\/person\/4a8dda0b6df83ac3d6723e921274c2aa"},"headline":"Mercedes-Benz y sus Dummies de prueba","datePublished":"2024-01-24T19:50:27+00:00","mainEntityOfPage":{"@id":"https:\/\/autofans.com.ar\/index.php\/2024\/01\/24\/mercedes-benz-y-sus-dummies-de-prueba\/"},"wordCount":386,"image":{"@id":"https:\/\/autofans.com.ar\/index.php\/2024\/01\/24\/mercedes-benz-y-sus-dummies-de-prueba\/#primaryimage"},"thumbnailUrl":"https:\/\/autofans.com.ar\/wp-content\/uploads\/2024\/01\/dummi-2.jpg","keywords":["Centro Tecnol\u00f3gico","Dummies de Prueba","Exposici\u00f3n Primer Plano","Historia de la Seguridad","Mercedes-Benz","Museo Mercedes-Benz","Pruebas de Choque","seguridad vehicular","Tecnolog\u00eda Digital","veh\u00edculos el\u00e9ctricos"],"articleSection":["EMPRESAS","NOTICIAS"],"inLanguage":"es"},{"@type":"WebPage","@id":"https:\/\/autofans.com.ar\/index.php\/2024\/01\/24\/mercedes-benz-y-sus-dummies-de-prueba\/","url":"https:\/\/autofans.com.ar\/index.php\/2024\/01\/24\/mercedes-benz-y-sus-dummies-de-prueba\/","name":"Mercedes-Benz y sus Dummies de prueba -","isPartOf":{"@id":"https:\/\/autofans.com.ar\/#website"},"primaryImageOfPage":{"@id":"https:\/\/autofans.com.ar\/index.php\/2024\/01\/24\/mercedes-benz-y-sus-dummies-de-prueba\/#primaryimage"},"image":{"@id":"https:\/\/autofans.com.ar\/index.php\/2024\/01\/24\/mercedes-benz-y-sus-dummies-de-prueba\/#primaryimage"},"thumbnailUrl":"https:\/\/autofans.com.ar\/wp-content\/uploads\/2024\/01\/dummi-2.jpg","datePublished":"2024-01-24T19:50:27+00:00","author":{"@id":"https:\/\/autofans.com.ar\/#\/schema\/person\/4a8dda0b6df83ac3d6723e921274c2aa"},"description":"En el Museo de Mercedes-Benz, en Stuttgart, Alemania, se narra la fascinante trayectoria de la marca a trav\u00e9s de exposiciones de veh\u00edculos...","breadcrumb":{"@id":"https:\/\/autofans.com.ar\/index.php\/2024\/01\/24\/mercedes-benz-y-sus-dummies-de-prueba\/#breadcrumb"},"inLanguage":"es","potentialAction":[{"@type":"ReadAction","target":["https:\/\/autofans.com.ar\/index.php\/2024\/01\/24\/mercedes-benz-y-sus-dummies-de-prueba\/"]}]},{"@type":"ImageObject","inLanguage":"es","@id":"https:\/\/autofans.com.ar\/index.php\/2024\/01\/24\/mercedes-benz-y-sus-dummies-de-prueba\/#primaryimage","url":"https:\/\/autofans.com.ar\/wp-content\/uploads\/2024\/01\/dummi-2.jpg","contentUrl":"https:\/\/autofans.com.ar\/wp-content\/uploads\/2024\/01\/dummi-2.jpg","width":1000,"height":667,"caption":"Mercedes-Benz"},{"@type":"BreadcrumbList","@id":"https:\/\/autofans.com.ar\/index.php\/2024\/01\/24\/mercedes-benz-y-sus-dummies-de-prueba\/#breadcrumb","itemListElement":[{"@type":"ListItem","position":1,"name":"Inicio","item":"https:\/\/autofans.com.ar\/"},{"@type":"ListItem","position":2,"name":"Mercedes-Benz y sus Dummies de prueba"}]},{"@type":"WebSite","@id":"https:\/\/autofans.com.ar\/#website","url":"https:\/\/autofans.com.ar\/","name":"","description":"El multimedio referente de la industria automotriz","potentialAction":[{"@type":"SearchAction","target":{"@type":"EntryPoint","urlTemplate":"https:\/\/autofans.com.ar\/?s={search_term_string}"},"query-input":{"@type":"PropertyValueSpecification","valueRequired":true,"valueName":"search_term_string"}}],"inLanguage":"es"},{"@type":"Person","@id":"https:\/\/autofans.com.ar\/#\/schema\/person\/4a8dda0b6df83ac3d6723e921274c2aa","name":"Alejandro Gabriel Rosito","image":{"@type":"ImageObject","inLanguage":"es","@id":"https:\/\/secure.gravatar.com\/avatar\/16c5dda1489adfc62618084dcbb91cffd879c374b13fe5dd8e44ed6733852c88?s=96&d=mm&r=g","url":"https:\/\/secure.gravatar.com\/avatar\/16c5dda1489adfc62618084dcbb91cffd879c374b13fe5dd8e44ed6733852c88?s=96&d=mm&r=g","contentUrl":"https:\/\/secure.gravatar.com\/avatar\/16c5dda1489adfc62618084dcbb91cffd879c374b13fe5dd8e44ed6733852c88?s=96&d=mm&r=g","caption":"Alejandro Gabriel Rosito"},"url":"https:\/\/autofans.com.ar\/index.php\/author\/gabrielr\/"}]}},"featured_image_urls":{"full":["https:\/\/autofans.com.ar\/wp-content\/uploads\/2024\/01\/dummi-2.jpg",1000,667,false],"thumbnail":["https:\/\/autofans.com.ar\/wp-content\/uploads\/2024\/01\/dummi-2-150x150.jpg",150,150,true],"medium":["https:\/\/autofans.com.ar\/wp-content\/uploads\/2024\/01\/dummi-2-300x200.jpg",300,200,true],"medium_large":["https:\/\/autofans.com.ar\/wp-content\/uploads\/2024\/01\/dummi-2-768x512.jpg",640,427,true],"large":["https:\/\/autofans.com.ar\/wp-content\/uploads\/2024\/01\/dummi-2.jpg",640,427,false],"1536x1536":["https:\/\/autofans.com.ar\/wp-content\/uploads\/2024\/01\/dummi-2.jpg",1000,667,false],"2048x2048":["https:\/\/autofans.com.ar\/wp-content\/uploads\/2024\/01\/dummi-2.jpg",1000,667,false],"covernews-featured":["https:\/\/autofans.com.ar\/wp-content\/uploads\/2024\/01\/dummi-2.jpg",1000,667,false],"covernews-medium":["https:\/\/autofans.com.ar\/wp-content\/uploads\/2024\/01\/dummi-2-540x340.jpg",540,340,true]},"author_info":{"display_name":"Alejandro Gabriel Rosito","author_link":"https:\/\/autofans.com.ar\/index.php\/author\/gabrielr\/"},"category_info":"<a href=\"https:\/\/autofans.com.ar\/index.php\/category\/noticias\/empresas\/\" rel=\"category tag\">EMPRESAS<\/a> <a href=\"https:\/\/autofans.com.ar\/index.php\/category\/noticias\/\" rel=\"category tag\">NOTICIAS<\/a>","tag_info":"NOTICIAS","comment_count":0,"_links":{"self":[{"href":"https:\/\/autofans.com.ar\/index.php\/wp-json\/wp\/v2\/posts\/6519","targetHints":{"allow":["GET"]}}],"collection":[{"href":"https:\/\/autofans.com.ar\/index.php\/wp-json\/wp\/v2\/posts"}],"about":[{"href":"https:\/\/autofans.com.ar\/index.php\/wp-json\/wp\/v2\/types\/post"}],"author":[{"embeddable":true,"href":"https:\/\/autofans.com.ar\/index.php\/wp-json\/wp\/v2\/users\/2"}],"replies":[{"embeddable":true,"href":"https:\/\/autofans.com.ar\/index.php\/wp-json\/wp\/v2\/comments?post=6519"}],"version-history":[{"count":1,"href":"https:\/\/autofans.com.ar\/index.php\/wp-json\/wp\/v2\/posts\/6519\/revisions"}],"predecessor-version":[{"id":6524,"href":"https:\/\/autofans.com.ar\/index.php\/wp-json\/wp\/v2\/posts\/6519\/revisions\/6524"}],"wp:featuredmedia":[{"embeddable":true,"href":"https:\/\/autofans.com.ar\/index.php\/wp-json\/wp\/v2\/media\/6522"}],"wp:attachment":[{"href":"https:\/\/autofans.com.ar\/index.php\/wp-json\/wp\/v2\/media?parent=6519"}],"wp:term":[{"taxonomy":"category","embeddable":true,"href":"https:\/\/autofans.com.ar\/index.php\/wp-json\/wp\/v2\/categories?post=6519"},{"taxonomy":"post_tag","embeddable":true,"href":"https:\/\/autofans.com.ar\/index.php\/wp-json\/wp\/v2\/tags?post=6519"}],"curies":[{"name":"wp","href":"https:\/\/api.w.org\/{rel}","templated":true}]}}