{"id":6525,"date":"2024-01-24T20:21:22","date_gmt":"2024-01-24T23:21:22","guid":{"rendered":"https:\/\/autofans.com.ar\/?p=6525"},"modified":"2024-01-24T20:21:22","modified_gmt":"2024-01-24T23:21:22","slug":"nissan-x-trail-e-power-el-auto-electrico-del-ano","status":"publish","type":"post","link":"https:\/\/autofans.com.ar\/index.php\/2024\/01\/24\/nissan-x-trail-e-power-el-auto-electrico-del-ano\/","title":{"rendered":"Nissan X-Trail e-POWER, el auto el\u00e9ctrico del a\u00f1o"},"content":{"rendered":"<p>La Federaci\u00f3n Interamericana de Periodistas del Autom\u00f3vil (FIPA) ha distinguido a la Nissan X-Trail e-POWER con el t\u00edtulo de \u00abAuto el\u00e9ctrico del a\u00f1o FIPA 2024\u00bb, consolidando su posici\u00f3n como referente en movilidad el\u00e9ctrica en Am\u00e9rica Latina. Este reconocimiento se suma a la destacada posici\u00f3n del Nissan Versa en el Top 10 de los \u00abAutos del a\u00f1o FIPA 2024\u00bb y la Nissan Pathfinder en el Top 3 de los \u00abSUVs del a\u00f1o\u00bb.<\/p>\n<p>&nbsp;<\/p>\n<h2>FIPA 2024 &#8211; elecci\u00f3n \u00e9tica y renovada de los mejores autos<\/h2>\n<p>Por vig\u00e9sima ocasi\u00f3n, la FIPA llev\u00f3 a cabo la selecci\u00f3n mediante votaci\u00f3n directa de m\u00e1s de 80 periodistas especializados en toda la regi\u00f3n de Am\u00e9rica y el Caribe. En esta edici\u00f3n, se renov\u00f3 la categorizaci\u00f3n, destacando \u00abAuto h\u00edbrido\u00bb y \u00abAuto el\u00e9ctrico\u00bb. El criterio principal de evaluaci\u00f3n se bas\u00f3 en pruebas de manejo. Manteniendo la integridad \u00e9tica de la FIPA, a pesar de la pausa debida a la pandemia.<\/p>\n<p>&nbsp;<\/p>\n<p><img fetchpriority=\"high\" decoding=\"async\" class=\"aligncenter wp-image-6529 size-full\" src=\"https:\/\/autofans.com.ar\/wp-content\/uploads\/2024\/01\/foto-2-18.jpg\" alt=\"Nissan X-Trail\" width=\"1000\" height=\"667\" srcset=\"https:\/\/autofans.com.ar\/wp-content\/uploads\/2024\/01\/foto-2-18.jpg 1000w, https:\/\/autofans.com.ar\/wp-content\/uploads\/2024\/01\/foto-2-18-300x200.jpg 300w, https:\/\/autofans.com.ar\/wp-content\/uploads\/2024\/01\/foto-2-18-768x512.jpg 768w\" sizes=\"(max-width: 1000px) 100vw, 1000px\" \/><\/p>\n<p>&nbsp;<\/p>\n<p>La Nissan X-Trail e-POWER ha cosechado \u00e9xitos en diferentes premiaciones, siendo votada como \u00abAuto y SUV importado del a\u00f1o\u00bb en los Premios Autocosmos 2023 y recibiendo el t\u00edtulo de \u00abAuto\/SUV importado del a\u00f1o 2023\u00bb por los Periodistas de la Industria Automotriz (PIA). El Grupo Premia la ubic\u00f3 como la segunda m\u00e1s elegida en el \u00abAuto del a\u00f1o 2024 en Argentina\u00bb. Adem\u00e1s, en los Women&#8217;s World Car of the Year (WWCOTY), fue reconocida como la \u00abmejor SUV grande\u00bb.<\/p>\n<p>&nbsp;<\/p>\n<blockquote>\n<p style=\"text-align: center;\">\u00abCelebramos este reconocimiento a la calidad, seguridad, dise\u00f1o e innovaci\u00f3n de nuestra Nissan X-Trail e-POWER y al compromiso que tenemos con los clientes latinoamericanos para ofrecerles un porfolio robusto con diversas opciones de movilidad\u00bb, coment\u00f3 Guy Rodr\u00edguez, presidente de Nissan Am\u00e9rica Latina y vicepresidente corporativo de Nissan Motor Co.<\/p>\n<\/blockquote>\n<p>&nbsp;<\/p>\n<h2>Nissan X-Trail &#8211; innovadora tecnolog\u00eda e-POWER<\/h2>\n<p>La X-Trail e-POWER de Nissan incorpora la innovadora tecnolog\u00eda e-POWER, impulsada por un motor 100% el\u00e9ctrico alimentado por bater\u00edas con un motor de combusti\u00f3n interna altamente eficiente. Este enfoque ofrece una experiencia de conducci\u00f3n 100% el\u00e9ctrica. Respaldada por dos motores el\u00e9ctricos y una bater\u00eda alimentada por un generador a gasolina. Una soluci\u00f3n que combina movilidad el\u00e9ctrica con la comodidad del rango extendido.<\/p>\n<p>&nbsp;<\/p>\n<div id='gallery-1' class='gallery galleryid-6525 gallery-columns-2 gallery-size-full'><figure class='gallery-item'>\n\t\t\t<div class='gallery-icon landscape'>\n\t\t\t\t<a href='https:\/\/autofans.com.ar\/index.php\/2024\/01\/24\/nissan-x-trail-e-power-el-auto-electrico-del-ano\/foto-4-211\/'><img loading=\"lazy\" width=\"1000\" height=\"667\" src=\"https:\/\/autofans.com.ar\/wp-content\/uploads\/2024\/01\/foto-4-8.jpg\" class=\"attachment-full size-full\" alt=\"Nissan X-Trail\" srcset=\"https:\/\/autofans.com.ar\/wp-content\/uploads\/2024\/01\/foto-4-8.jpg 1000w, https:\/\/autofans.com.ar\/wp-content\/uploads\/2024\/01\/foto-4-8-300x200.jpg 300w, https:\/\/autofans.com.ar\/wp-content\/uploads\/2024\/01\/foto-4-8-768x512.jpg 768w\" sizes=\"auto, (max-width: 1000px) 100vw, 1000px\" loading=\"lazy\" decoding=\"async\" \/><\/a>\n\t\t\t<\/div><\/figure><figure class='gallery-item'>\n\t\t\t<div class='gallery-icon landscape'>\n\t\t\t\t<a href='https:\/\/autofans.com.ar\/index.php\/2024\/01\/24\/nissan-x-trail-e-power-el-auto-electrico-del-ano\/foto-3-320\/'><img loading=\"lazy\" width=\"1000\" height=\"667\" src=\"https:\/\/autofans.com.ar\/wp-content\/uploads\/2024\/01\/foto-3-13.jpg\" class=\"attachment-full size-full\" alt=\"Nissan X-Trail\" srcset=\"https:\/\/autofans.com.ar\/wp-content\/uploads\/2024\/01\/foto-3-13.jpg 1000w, https:\/\/autofans.com.ar\/wp-content\/uploads\/2024\/01\/foto-3-13-300x200.jpg 300w, https:\/\/autofans.com.ar\/wp-content\/uploads\/2024\/01\/foto-3-13-768x512.jpg 768w\" sizes=\"auto, (max-width: 1000px) 100vw, 1000px\" loading=\"lazy\" decoding=\"async\" \/><\/a>\n\t\t\t<\/div><\/figure>\n\t\t<\/div>\n\n<p>&nbsp;<\/p>\n<p>Los m\u00faltiples premios a la Nissan X-Trail e-POWER reflejan la positiva recepci\u00f3n tanto del p\u00fablico como de la prensa hacia la visi\u00f3n innovadora de movilidad y tecnolog\u00eda de la compa\u00f1\u00eda japonesa. Estos reconocimientos consolidan la posici\u00f3n de Nissan como l\u00edder en la evoluci\u00f3n hacia la movilidad el\u00e9ctrica en Am\u00e9rica Latina.<\/p>\n<p>&nbsp;<\/p>\n<p>&nbsp;<\/p>\n<p><i>Para enterarte de m\u00e1s novedades, no dejes de leer\u00a0<\/i><a href=\"https:\/\/autofans.thebrandsoup.com\/\"><i>nuestras notas<\/i><\/a><i>, de ver<\/i><b><i>\u00a0<\/i><\/b><a href=\"https:\/\/www.youtube.com\/channel\/UCgAC8UGHZYbT6P7PpmVnP7g\"><b><i>AUTOFANS TV<\/i><\/b><\/a><b><i>\u00a0<\/i><\/b><i>en nuestro\u00a0canal de Youtube. Adem\u00e1s seguinos en\u00a0<\/i><a href=\"https:\/\/www.instagram.com\/autofanstv\/\"><i>INSTAGRAM<\/i><\/a><i> y <\/i><a href=\"https:\/\/www.facebook.com\/autofansmas\/\"><i>FACEBOOK<\/i><\/a><i> para no perderte nada sobre las novedades del segmento automotor de Argentina y el mundo.<\/i><\/p>\n","protected":false},"excerpt":{"rendered":"<p>La Federaci\u00f3n Interamericana de Periodistas del Autom\u00f3vil (FIPA) ha distinguido a la Nissan X-Trail e-POWER&#8230;<\/p>\n","protected":false},"author":2,"featured_media":6530,"comment_status":"closed","ping_status":"closed","sticky":false,"template":"","format":"standard","meta":{"footnotes":""},"categories":[341,16],"tags":[3447,3448,379,3446,3449,3450,2828],"class_list":["post-6525","post","type-post","status-publish","format-standard","has-post-thumbnail","hentry","category-hibridos-y-electricos","category-noticias","tag-auto-electrico","tag-fipa-2024","tag-movilidad-electrica","tag-nissan-x-trail","tag-premios-autocosmos","tag-suv-electrica","tag-tecnologia-e-power"],"yoast_head":"<!-- This site is optimized with the Yoast SEO plugin v27.5 - https:\/\/yoast.com\/product\/yoast-seo-wordpress\/ -->\n<title>Nissan X-Trail e-POWER, el auto el\u00e9ctrico del a\u00f1o -<\/title>\n<meta name=\"description\" content=\"La Federaci\u00f3n Interamericana de Periodistas del Autom\u00f3vil ha distinguido a la Nissan X-Trail e-POWER con el t\u00edtulo de Auto el\u00e9ctrico del a\u00f1o FIPA 2024\" \/>\n<meta name=\"robots\" content=\"index, follow, max-snippet:-1, max-image-preview:large, max-video-preview:-1\" \/>\n<link rel=\"canonical\" href=\"https:\/\/autofans.com.ar\/index.php\/2024\/01\/24\/nissan-x-trail-e-power-el-auto-electrico-del-ano\/\" \/>\n<meta property=\"og:locale\" content=\"es_ES\" \/>\n<meta property=\"og:type\" content=\"article\" \/>\n<meta property=\"og:title\" content=\"Nissan X-Trail e-POWER, el auto el\u00e9ctrico del a\u00f1o -\" \/>\n<meta property=\"og:description\" content=\"La Federaci\u00f3n Interamericana de Periodistas del Autom\u00f3vil ha distinguido a la Nissan X-Trail e-POWER con el t\u00edtulo de Auto el\u00e9ctrico del a\u00f1o FIPA 2024\" \/>\n<meta property=\"og:url\" content=\"https:\/\/autofans.com.ar\/index.php\/2024\/01\/24\/nissan-x-trail-e-power-el-auto-electrico-del-ano\/\" \/>\n<meta property=\"article:published_time\" content=\"2024-01-24T23:21:22+00:00\" \/>\n<meta property=\"og:image\" content=\"https:\/\/autofans.com.ar\/wp-content\/uploads\/2024\/01\/foto-1-18.jpg\" \/>\n\t<meta property=\"og:image:width\" content=\"640\" \/>\n\t<meta property=\"og:image:height\" content=\"427\" \/>\n\t<meta property=\"og:image:type\" content=\"image\/jpeg\" \/>\n<meta name=\"author\" content=\"Alejandro Gabriel Rosito\" \/>\n<meta name=\"twitter:card\" content=\"summary_large_image\" \/>\n<meta name=\"twitter:label1\" content=\"Escrito por\" \/>\n\t<meta name=\"twitter:data1\" content=\"Alejandro Gabriel Rosito\" \/>\n\t<meta name=\"twitter:label2\" content=\"Tiempo de lectura\" \/>\n\t<meta name=\"twitter:data2\" content=\"3 minutos\" \/>\n<script type=\"application\/ld+json\" class=\"yoast-schema-graph\">{\"@context\":\"https:\\\/\\\/schema.org\",\"@graph\":[{\"@type\":\"Article\",\"@id\":\"https:\\\/\\\/autofans.com.ar\\\/index.php\\\/2024\\\/01\\\/24\\\/nissan-x-trail-e-power-el-auto-electrico-del-ano\\\/#article\",\"isPartOf\":{\"@id\":\"https:\\\/\\\/autofans.com.ar\\\/index.php\\\/2024\\\/01\\\/24\\\/nissan-x-trail-e-power-el-auto-electrico-del-ano\\\/\"},\"author\":{\"name\":\"Alejandro Gabriel Rosito\",\"@id\":\"https:\\\/\\\/autofans.com.ar\\\/#\\\/schema\\\/person\\\/4a8dda0b6df83ac3d6723e921274c2aa\"},\"headline\":\"Nissan X-Trail e-POWER, el auto el\u00e9ctrico del a\u00f1o\",\"datePublished\":\"2024-01-24T23:21:22+00:00\",\"mainEntityOfPage\":{\"@id\":\"https:\\\/\\\/autofans.com.ar\\\/index.php\\\/2024\\\/01\\\/24\\\/nissan-x-trail-e-power-el-auto-electrico-del-ano\\\/\"},\"wordCount\":508,\"image\":{\"@id\":\"https:\\\/\\\/autofans.com.ar\\\/index.php\\\/2024\\\/01\\\/24\\\/nissan-x-trail-e-power-el-auto-electrico-del-ano\\\/#primaryimage\"},\"thumbnailUrl\":\"https:\\\/\\\/autofans.com.ar\\\/wp-content\\\/uploads\\\/2024\\\/01\\\/foto-1-18.jpg\",\"keywords\":[\"Auto el\u00e9ctrico\",\"FIPA 2024\",\"movilidad el\u00e9ctrica\",\"Nissan X-Trail\",\"Premios Autocosmos\",\"SUV el\u00e9ctrica\",\"tecnolog\u00eda e-POWER\"],\"articleSection\":[\"HIBRIDOS, ELECTRICOS y otros\",\"NOTICIAS\"],\"inLanguage\":\"es\"},{\"@type\":\"WebPage\",\"@id\":\"https:\\\/\\\/autofans.com.ar\\\/index.php\\\/2024\\\/01\\\/24\\\/nissan-x-trail-e-power-el-auto-electrico-del-ano\\\/\",\"url\":\"https:\\\/\\\/autofans.com.ar\\\/index.php\\\/2024\\\/01\\\/24\\\/nissan-x-trail-e-power-el-auto-electrico-del-ano\\\/\",\"name\":\"Nissan X-Trail e-POWER, el auto el\u00e9ctrico del a\u00f1o -\",\"isPartOf\":{\"@id\":\"https:\\\/\\\/autofans.com.ar\\\/#website\"},\"primaryImageOfPage\":{\"@id\":\"https:\\\/\\\/autofans.com.ar\\\/index.php\\\/2024\\\/01\\\/24\\\/nissan-x-trail-e-power-el-auto-electrico-del-ano\\\/#primaryimage\"},\"image\":{\"@id\":\"https:\\\/\\\/autofans.com.ar\\\/index.php\\\/2024\\\/01\\\/24\\\/nissan-x-trail-e-power-el-auto-electrico-del-ano\\\/#primaryimage\"},\"thumbnailUrl\":\"https:\\\/\\\/autofans.com.ar\\\/wp-content\\\/uploads\\\/2024\\\/01\\\/foto-1-18.jpg\",\"datePublished\":\"2024-01-24T23:21:22+00:00\",\"author\":{\"@id\":\"https:\\\/\\\/autofans.com.ar\\\/#\\\/schema\\\/person\\\/4a8dda0b6df83ac3d6723e921274c2aa\"},\"description\":\"La Federaci\u00f3n Interamericana de Periodistas del Autom\u00f3vil ha distinguido a la Nissan X-Trail e-POWER con el t\u00edtulo de Auto el\u00e9ctrico del a\u00f1o FIPA 2024\",\"breadcrumb\":{\"@id\":\"https:\\\/\\\/autofans.com.ar\\\/index.php\\\/2024\\\/01\\\/24\\\/nissan-x-trail-e-power-el-auto-electrico-del-ano\\\/#breadcrumb\"},\"inLanguage\":\"es\",\"potentialAction\":[{\"@type\":\"ReadAction\",\"target\":[\"https:\\\/\\\/autofans.com.ar\\\/index.php\\\/2024\\\/01\\\/24\\\/nissan-x-trail-e-power-el-auto-electrico-del-ano\\\/\"]}]},{\"@type\":\"ImageObject\",\"inLanguage\":\"es\",\"@id\":\"https:\\\/\\\/autofans.com.ar\\\/index.php\\\/2024\\\/01\\\/24\\\/nissan-x-trail-e-power-el-auto-electrico-del-ano\\\/#primaryimage\",\"url\":\"https:\\\/\\\/autofans.com.ar\\\/wp-content\\\/uploads\\\/2024\\\/01\\\/foto-1-18.jpg\",\"contentUrl\":\"https:\\\/\\\/autofans.com.ar\\\/wp-content\\\/uploads\\\/2024\\\/01\\\/foto-1-18.jpg\",\"width\":1000,\"height\":667,\"caption\":\"Nissan X-Trail\"},{\"@type\":\"BreadcrumbList\",\"@id\":\"https:\\\/\\\/autofans.com.ar\\\/index.php\\\/2024\\\/01\\\/24\\\/nissan-x-trail-e-power-el-auto-electrico-del-ano\\\/#breadcrumb\",\"itemListElement\":[{\"@type\":\"ListItem\",\"position\":1,\"name\":\"Inicio\",\"item\":\"https:\\\/\\\/autofans.com.ar\\\/\"},{\"@type\":\"ListItem\",\"position\":2,\"name\":\"Nissan X-Trail e-POWER, el auto el\u00e9ctrico del a\u00f1o\"}]},{\"@type\":\"WebSite\",\"@id\":\"https:\\\/\\\/autofans.com.ar\\\/#website\",\"url\":\"https:\\\/\\\/autofans.com.ar\\\/\",\"name\":\"\",\"description\":\"El multimedio referente de la industria automotriz\",\"potentialAction\":[{\"@type\":\"SearchAction\",\"target\":{\"@type\":\"EntryPoint\",\"urlTemplate\":\"https:\\\/\\\/autofans.com.ar\\\/?s={search_term_string}\"},\"query-input\":{\"@type\":\"PropertyValueSpecification\",\"valueRequired\":true,\"valueName\":\"search_term_string\"}}],\"inLanguage\":\"es\"},{\"@type\":\"Person\",\"@id\":\"https:\\\/\\\/autofans.com.ar\\\/#\\\/schema\\\/person\\\/4a8dda0b6df83ac3d6723e921274c2aa\",\"name\":\"Alejandro Gabriel Rosito\",\"image\":{\"@type\":\"ImageObject\",\"inLanguage\":\"es\",\"@id\":\"https:\\\/\\\/secure.gravatar.com\\\/avatar\\\/16c5dda1489adfc62618084dcbb91cffd879c374b13fe5dd8e44ed6733852c88?s=96&d=mm&r=g\",\"url\":\"https:\\\/\\\/secure.gravatar.com\\\/avatar\\\/16c5dda1489adfc62618084dcbb91cffd879c374b13fe5dd8e44ed6733852c88?s=96&d=mm&r=g\",\"contentUrl\":\"https:\\\/\\\/secure.gravatar.com\\\/avatar\\\/16c5dda1489adfc62618084dcbb91cffd879c374b13fe5dd8e44ed6733852c88?s=96&d=mm&r=g\",\"caption\":\"Alejandro Gabriel Rosito\"},\"url\":\"https:\\\/\\\/autofans.com.ar\\\/index.php\\\/author\\\/gabrielr\\\/\"}]}<\/script>\n<!-- \/ Yoast SEO plugin. -->","yoast_head_json":{"title":"Nissan X-Trail e-POWER, el auto el\u00e9ctrico del a\u00f1o -","description":"La Federaci\u00f3n Interamericana de Periodistas del Autom\u00f3vil ha distinguido a la Nissan X-Trail e-POWER con el t\u00edtulo de Auto el\u00e9ctrico del a\u00f1o FIPA 2024","robots":{"index":"index","follow":"follow","max-snippet":"max-snippet:-1","max-image-preview":"max-image-preview:large","max-video-preview":"max-video-preview:-1"},"canonical":"https:\/\/autofans.com.ar\/index.php\/2024\/01\/24\/nissan-x-trail-e-power-el-auto-electrico-del-ano\/","og_locale":"es_ES","og_type":"article","og_title":"Nissan X-Trail e-POWER, el auto el\u00e9ctrico del a\u00f1o -","og_description":"La Federaci\u00f3n Interamericana de Periodistas del Autom\u00f3vil ha distinguido a la Nissan X-Trail e-POWER con el t\u00edtulo de Auto el\u00e9ctrico del a\u00f1o FIPA 2024","og_url":"https:\/\/autofans.com.ar\/index.php\/2024\/01\/24\/nissan-x-trail-e-power-el-auto-electrico-del-ano\/","article_published_time":"2024-01-24T23:21:22+00:00","og_image":[{"url":"https:\/\/autofans.com.ar\/wp-content\/uploads\/2024\/01\/foto-1-18.jpg","width":640,"height":427,"type":"image\/jpeg"}],"author":"Alejandro Gabriel Rosito","twitter_card":"summary_large_image","twitter_misc":{"Escrito por":"Alejandro Gabriel Rosito","Tiempo de lectura":"3 minutos"},"schema":{"@context":"https:\/\/schema.org","@graph":[{"@type":"Article","@id":"https:\/\/autofans.com.ar\/index.php\/2024\/01\/24\/nissan-x-trail-e-power-el-auto-electrico-del-ano\/#article","isPartOf":{"@id":"https:\/\/autofans.com.ar\/index.php\/2024\/01\/24\/nissan-x-trail-e-power-el-auto-electrico-del-ano\/"},"author":{"name":"Alejandro Gabriel Rosito","@id":"https:\/\/autofans.com.ar\/#\/schema\/person\/4a8dda0b6df83ac3d6723e921274c2aa"},"headline":"Nissan X-Trail e-POWER, el auto el\u00e9ctrico del a\u00f1o","datePublished":"2024-01-24T23:21:22+00:00","mainEntityOfPage":{"@id":"https:\/\/autofans.com.ar\/index.php\/2024\/01\/24\/nissan-x-trail-e-power-el-auto-electrico-del-ano\/"},"wordCount":508,"image":{"@id":"https:\/\/autofans.com.ar\/index.php\/2024\/01\/24\/nissan-x-trail-e-power-el-auto-electrico-del-ano\/#primaryimage"},"thumbnailUrl":"https:\/\/autofans.com.ar\/wp-content\/uploads\/2024\/01\/foto-1-18.jpg","keywords":["Auto el\u00e9ctrico","FIPA 2024","movilidad el\u00e9ctrica","Nissan X-Trail","Premios Autocosmos","SUV el\u00e9ctrica","tecnolog\u00eda e-POWER"],"articleSection":["HIBRIDOS, ELECTRICOS y otros","NOTICIAS"],"inLanguage":"es"},{"@type":"WebPage","@id":"https:\/\/autofans.com.ar\/index.php\/2024\/01\/24\/nissan-x-trail-e-power-el-auto-electrico-del-ano\/","url":"https:\/\/autofans.com.ar\/index.php\/2024\/01\/24\/nissan-x-trail-e-power-el-auto-electrico-del-ano\/","name":"Nissan X-Trail e-POWER, el auto el\u00e9ctrico del a\u00f1o -","isPartOf":{"@id":"https:\/\/autofans.com.ar\/#website"},"primaryImageOfPage":{"@id":"https:\/\/autofans.com.ar\/index.php\/2024\/01\/24\/nissan-x-trail-e-power-el-auto-electrico-del-ano\/#primaryimage"},"image":{"@id":"https:\/\/autofans.com.ar\/index.php\/2024\/01\/24\/nissan-x-trail-e-power-el-auto-electrico-del-ano\/#primaryimage"},"thumbnailUrl":"https:\/\/autofans.com.ar\/wp-content\/uploads\/2024\/01\/foto-1-18.jpg","datePublished":"2024-01-24T23:21:22+00:00","author":{"@id":"https:\/\/autofans.com.ar\/#\/schema\/person\/4a8dda0b6df83ac3d6723e921274c2aa"},"description":"La Federaci\u00f3n Interamericana de Periodistas del Autom\u00f3vil ha distinguido a la Nissan X-Trail e-POWER con el t\u00edtulo de Auto el\u00e9ctrico del a\u00f1o FIPA 2024","breadcrumb":{"@id":"https:\/\/autofans.com.ar\/index.php\/2024\/01\/24\/nissan-x-trail-e-power-el-auto-electrico-del-ano\/#breadcrumb"},"inLanguage":"es","potentialAction":[{"@type":"ReadAction","target":["https:\/\/autofans.com.ar\/index.php\/2024\/01\/24\/nissan-x-trail-e-power-el-auto-electrico-del-ano\/"]}]},{"@type":"ImageObject","inLanguage":"es","@id":"https:\/\/autofans.com.ar\/index.php\/2024\/01\/24\/nissan-x-trail-e-power-el-auto-electrico-del-ano\/#primaryimage","url":"https:\/\/autofans.com.ar\/wp-content\/uploads\/2024\/01\/foto-1-18.jpg","contentUrl":"https:\/\/autofans.com.ar\/wp-content\/uploads\/2024\/01\/foto-1-18.jpg","width":1000,"height":667,"caption":"Nissan X-Trail"},{"@type":"BreadcrumbList","@id":"https:\/\/autofans.com.ar\/index.php\/2024\/01\/24\/nissan-x-trail-e-power-el-auto-electrico-del-ano\/#breadcrumb","itemListElement":[{"@type":"ListItem","position":1,"name":"Inicio","item":"https:\/\/autofans.com.ar\/"},{"@type":"ListItem","position":2,"name":"Nissan X-Trail e-POWER, el auto el\u00e9ctrico del a\u00f1o"}]},{"@type":"WebSite","@id":"https:\/\/autofans.com.ar\/#website","url":"https:\/\/autofans.com.ar\/","name":"","description":"El multimedio referente de la industria automotriz","potentialAction":[{"@type":"SearchAction","target":{"@type":"EntryPoint","urlTemplate":"https:\/\/autofans.com.ar\/?s={search_term_string}"},"query-input":{"@type":"PropertyValueSpecification","valueRequired":true,"valueName":"search_term_string"}}],"inLanguage":"es"},{"@type":"Person","@id":"https:\/\/autofans.com.ar\/#\/schema\/person\/4a8dda0b6df83ac3d6723e921274c2aa","name":"Alejandro Gabriel Rosito","image":{"@type":"ImageObject","inLanguage":"es","@id":"https:\/\/secure.gravatar.com\/avatar\/16c5dda1489adfc62618084dcbb91cffd879c374b13fe5dd8e44ed6733852c88?s=96&d=mm&r=g","url":"https:\/\/secure.gravatar.com\/avatar\/16c5dda1489adfc62618084dcbb91cffd879c374b13fe5dd8e44ed6733852c88?s=96&d=mm&r=g","contentUrl":"https:\/\/secure.gravatar.com\/avatar\/16c5dda1489adfc62618084dcbb91cffd879c374b13fe5dd8e44ed6733852c88?s=96&d=mm&r=g","caption":"Alejandro Gabriel Rosito"},"url":"https:\/\/autofans.com.ar\/index.php\/author\/gabrielr\/"}]}},"featured_image_urls":{"full":["https:\/\/autofans.com.ar\/wp-content\/uploads\/2024\/01\/foto-1-18.jpg",1000,667,false],"thumbnail":["https:\/\/autofans.com.ar\/wp-content\/uploads\/2024\/01\/foto-1-18-150x150.jpg",150,150,true],"medium":["https:\/\/autofans.com.ar\/wp-content\/uploads\/2024\/01\/foto-1-18-300x200.jpg",300,200,true],"medium_large":["https:\/\/autofans.com.ar\/wp-content\/uploads\/2024\/01\/foto-1-18-768x512.jpg",640,427,true],"large":["https:\/\/autofans.com.ar\/wp-content\/uploads\/2024\/01\/foto-1-18.jpg",640,427,false],"1536x1536":["https:\/\/autofans.com.ar\/wp-content\/uploads\/2024\/01\/foto-1-18.jpg",1000,667,false],"2048x2048":["https:\/\/autofans.com.ar\/wp-content\/uploads\/2024\/01\/foto-1-18.jpg",1000,667,false],"covernews-featured":["https:\/\/autofans.com.ar\/wp-content\/uploads\/2024\/01\/foto-1-18.jpg",1000,667,false],"covernews-medium":["https:\/\/autofans.com.ar\/wp-content\/uploads\/2024\/01\/foto-1-18-540x340.jpg",540,340,true]},"author_info":{"display_name":"Alejandro Gabriel Rosito","author_link":"https:\/\/autofans.com.ar\/index.php\/author\/gabrielr\/"},"category_info":"<a href=\"https:\/\/autofans.com.ar\/index.php\/category\/noticias\/hibridos-y-electricos\/\" rel=\"category tag\">HIBRIDOS, ELECTRICOS y otros<\/a> <a href=\"https:\/\/autofans.com.ar\/index.php\/category\/noticias\/\" rel=\"category tag\">NOTICIAS<\/a>","tag_info":"NOTICIAS","comment_count":0,"_links":{"self":[{"href":"https:\/\/autofans.com.ar\/index.php\/wp-json\/wp\/v2\/posts\/6525","targetHints":{"allow":["GET"]}}],"collection":[{"href":"https:\/\/autofans.com.ar\/index.php\/wp-json\/wp\/v2\/posts"}],"about":[{"href":"https:\/\/autofans.com.ar\/index.php\/wp-json\/wp\/v2\/types\/post"}],"author":[{"embeddable":true,"href":"https:\/\/autofans.com.ar\/index.php\/wp-json\/wp\/v2\/users\/2"}],"replies":[{"embeddable":true,"href":"https:\/\/autofans.com.ar\/index.php\/wp-json\/wp\/v2\/comments?post=6525"}],"version-history":[{"count":2,"href":"https:\/\/autofans.com.ar\/index.php\/wp-json\/wp\/v2\/posts\/6525\/revisions"}],"predecessor-version":[{"id":6531,"href":"https:\/\/autofans.com.ar\/index.php\/wp-json\/wp\/v2\/posts\/6525\/revisions\/6531"}],"wp:featuredmedia":[{"embeddable":true,"href":"https:\/\/autofans.com.ar\/index.php\/wp-json\/wp\/v2\/media\/6530"}],"wp:attachment":[{"href":"https:\/\/autofans.com.ar\/index.php\/wp-json\/wp\/v2\/media?parent=6525"}],"wp:term":[{"taxonomy":"category","embeddable":true,"href":"https:\/\/autofans.com.ar\/index.php\/wp-json\/wp\/v2\/categories?post=6525"},{"taxonomy":"post_tag","embeddable":true,"href":"https:\/\/autofans.com.ar\/index.php\/wp-json\/wp\/v2\/tags?post=6525"}],"curies":[{"name":"wp","href":"https:\/\/api.w.org\/{rel}","templated":true}]}}