{"id":6537,"date":"2024-01-25T18:46:15","date_gmt":"2024-01-25T21:46:15","guid":{"rendered":"https:\/\/autofans.com.ar\/?p=6537"},"modified":"2024-01-25T19:56:22","modified_gmt":"2024-01-25T22:56:22","slug":"bmw-motorrad-100-anos-de-historia-records","status":"publish","type":"post","link":"https:\/\/autofans.com.ar\/index.php\/2024\/01\/25\/bmw-motorrad-100-anos-de-historia-records\/","title":{"rendered":"BMW Motorrad, 100 a\u00f1os de historia, r\u00e9cords"},"content":{"rendered":"<p>En el marco de su centenario, BMW Motorrad entreg\u00f3 un total de 209,257 motocicletas y scooters en 2023, marcando el a\u00f1o con un 3.1% de aumento en comparaci\u00f3n con 2022. Europa, Asia y Am\u00e9rica Latina desempe\u00f1aron roles fundamentales en este \u00e9xito, con cifras de ventas r\u00e9cord. El lanzamiento de modelos ic\u00f3nicos como la BMW M 1000 R y la BMW R 1300 GS contribuy\u00f3 a este rendimiento excepcional.<\/p>\n<p>&nbsp;<\/p>\n<h2>BMW Motorrad &#8211; ventas en aumento y crecimiento r\u00e9cord<\/h2>\n<p>Con un s\u00f3lido incremento del 4% en las ventas, BMW Motorrad se consolida como l\u00edder en Latinoam\u00e9rica, aportando m\u00e1s del 12% al total de ventas globales. Brasil, Colombia, Chile y M\u00e9xico destacan como l\u00edderes de segmento, consolidando a la regi\u00f3n como un pilar estrat\u00e9gico para la marca.<\/p>\n<p>&nbsp;<\/p>\n<div id='gallery-1' class='gallery galleryid-6537 gallery-columns-2 gallery-size-full'><figure class='gallery-item'>\n\t\t\t<div class='gallery-icon landscape'>\n\t\t\t\t<a href='https:\/\/autofans.com.ar\/index.php\/2024\/01\/25\/bmw-motorrad-100-anos-de-historia-records\/bmw-3-4\/'><img loading=\"lazy\" width=\"1000\" height=\"667\" src=\"https:\/\/autofans.com.ar\/wp-content\/uploads\/2024\/01\/BMW-3-1.jpg\" class=\"attachment-full size-full\" alt=\"BMW Motorrad\" srcset=\"https:\/\/autofans.com.ar\/wp-content\/uploads\/2024\/01\/BMW-3-1.jpg 1000w, https:\/\/autofans.com.ar\/wp-content\/uploads\/2024\/01\/BMW-3-1-300x200.jpg 300w, https:\/\/autofans.com.ar\/wp-content\/uploads\/2024\/01\/BMW-3-1-768x512.jpg 768w\" sizes=\"auto, (max-width: 1000px) 100vw, 1000px\" loading=\"lazy\" decoding=\"async\" \/><\/a>\n\t\t\t<\/div><\/figure><figure class='gallery-item'>\n\t\t\t<div class='gallery-icon landscape'>\n\t\t\t\t<a href='https:\/\/autofans.com.ar\/index.php\/2024\/01\/25\/bmw-motorrad-100-anos-de-historia-records\/bmw-4-3\/'><img loading=\"lazy\" width=\"1000\" height=\"667\" src=\"https:\/\/autofans.com.ar\/wp-content\/uploads\/2024\/01\/BMW-4-1.jpg\" class=\"attachment-full size-full\" alt=\"BMW Motorrad\" srcset=\"https:\/\/autofans.com.ar\/wp-content\/uploads\/2024\/01\/BMW-4-1.jpg 1000w, https:\/\/autofans.com.ar\/wp-content\/uploads\/2024\/01\/BMW-4-1-300x200.jpg 300w, https:\/\/autofans.com.ar\/wp-content\/uploads\/2024\/01\/BMW-4-1-768x512.jpg 768w\" sizes=\"auto, (max-width: 1000px) 100vw, 1000px\" loading=\"lazy\" decoding=\"async\" \/><\/a>\n\t\t\t<\/div><\/figure>\n\t\t<\/div>\n\n<p>&nbsp;<\/p>\n<p>Europa se mantiene como la regi\u00f3n m\u00e1s fuerte para BMW Motorrad, vendiendo 116,012 unidades en total, un aumento del 4.7%. Alemania lidera con 24,176 unidades, seguida de Francia, Italia y Espa\u00f1a. Europa del Este experimenta un crecimiento r\u00e9cord del 105.4%, contribuyendo al desempe\u00f1o general.<\/p>\n<p>Los modelos GS, incluyendo la nueva R 1300 GS, lideran las ventas con 60,535 unidades. Los deportivos de cuatro cilindros, destacando la BMW S 1000 RR y la BMW M 1000 R, mantienen un dinamismo inalterado con 25,194 unidades vendidas. Las series F y G, junto con la popular BMW F 750 GS, contribuyen significativamente con 62,834 unidades vendidas.<\/p>\n<p>&nbsp;<\/p>\n<blockquote>\n<p style=\"text-align: center;\">Markus Flasch, Director de BMW Motorrad, coment\u00f3 al respecto: \u201cQuisiera agradecer a nuestros clientes de todo el mundo por la gran confianza depositada en nosotros nuevamente en 2023. Con un resultado r\u00e9cord en nuestro 100\u00b0 aniversario, BMW Motorrad se mantiene como la marca n\u00famero uno a nivel mundial en el segmento de motocicletas y scooters Premium y demuestra una vez m\u00e1s la exitosa estrategia de la marca. Nuestro dominio en m\u00faltiples segmentos del mercado se basa en la innovaci\u00f3n, nuestra gama de productos y la fortaleza de nuestra firma. Bas\u00e1ndose en estos tres principales factores de \u00e9xito, BMW Motorrad est\u00e1 idealmente posicionada y tengo mucha confianza en que lograremos excelentes resultados en el a\u00f1o 2024\u201d.<\/p>\n<\/blockquote>\n<p>&nbsp;<\/p>\n<h2>BMW CE 04 &#8211; l\u00edder indiscutible en motos y scooters el\u00e9ctricos<\/h2>\n<p>El BMW CE 04 lidera el mercado global de motos y scooters el\u00e9ctricos, con una participaci\u00f3n del 70%. Las ventas del scooter el\u00e9ctrico aumentan un 44%. La gama de Movilidad Urbana, con modelos como BMW C 400 GT y BMW C 400 X, experimenta un crecimiento del 17.9%.<\/p>\n<p>&nbsp;<\/p>\n<p><img fetchpriority=\"high\" decoding=\"async\" class=\"aligncenter wp-image-6541 size-full\" src=\"https:\/\/autofans.com.ar\/wp-content\/uploads\/2024\/01\/BMW-2-1.jpg\" alt=\"BMW Motorrad\" width=\"1000\" height=\"667\" srcset=\"https:\/\/autofans.com.ar\/wp-content\/uploads\/2024\/01\/BMW-2-1.jpg 1000w, https:\/\/autofans.com.ar\/wp-content\/uploads\/2024\/01\/BMW-2-1-300x200.jpg 300w, https:\/\/autofans.com.ar\/wp-content\/uploads\/2024\/01\/BMW-2-1-768x512.jpg 768w\" sizes=\"(max-width: 1000px) 100vw, 1000px\" \/><\/p>\n<p>&nbsp;<\/p>\n<p>Con un agradecimiento a los clientes por el r\u00e9cord en el centenario, BMW Motorrad proyecta superar sus propios logros en 2024. Nuevos modelos GS y emocionantes estrenos mundiales marcar\u00e1n el pr\u00f3ximo a\u00f1o, consolidando el liderazgo en el segmento Premium.<\/p>\n<p>&nbsp;<\/p>\n<p>&nbsp;<\/p>\n<p><i>Para enterarte de m\u00e1s novedades, no dejes de leer\u00a0<\/i><a href=\"https:\/\/autofans.thebrandsoup.com\/\"><i>nuestras notas<\/i><\/a><i>, de ver<\/i><b><i>\u00a0<\/i><\/b><a href=\"https:\/\/www.youtube.com\/channel\/UCgAC8UGHZYbT6P7PpmVnP7g\"><b><i>AUTOFANS TV<\/i><\/b><\/a><b><i>\u00a0<\/i><\/b><i>en nuestro\u00a0canal de Youtube. Adem\u00e1s seguinos en\u00a0<\/i><a href=\"https:\/\/www.instagram.com\/autofanstv\/\"><i>INSTAGRAM<\/i><\/a><i> y <\/i><a href=\"https:\/\/www.facebook.com\/autofansmas\/\"><i>FACEBOOK<\/i><\/a><i> para no perderte nada sobre las novedades del segmento automotor de Argentina y el mundo.<\/i><\/p>\n","protected":false},"excerpt":{"rendered":"<p>En el marco de su centenario, BMW Motorrad entreg\u00f3 un total de 209,257 motocicletas y&#8230;<\/p>\n","protected":false},"author":2,"featured_media":6542,"comment_status":"closed","ping_status":"closed","sticky":false,"template":"","format":"standard","meta":{"footnotes":""},"categories":[9,16],"tags":[1159,945,925,3456,3396,3457],"class_list":["post-6537","post","type-post","status-publish","format-standard","has-post-thumbnail","hentry","category-motos-lanzamientos","category-noticias","tag-bmw-motorrad","tag-centenario","tag-latinoamerica","tag-modelos-gs","tag-records-de-ventas","tag-scooters-electricos"],"yoast_head":"<!-- This site is optimized with the Yoast SEO plugin v27.5 - https:\/\/yoast.com\/product\/yoast-seo-wordpress\/ -->\n<title>BMW Motorrad, 100 a\u00f1os de historia, r\u00e9cords -<\/title>\n<meta name=\"description\" content=\"BMW Motorrad alcanza un hito al entregar un total de 209,257 motocicletas y scooters en 2023, marcando el a\u00f1o con un 3.1% de aumento...\" \/>\n<meta name=\"robots\" content=\"index, follow, max-snippet:-1, max-image-preview:large, max-video-preview:-1\" \/>\n<link rel=\"canonical\" href=\"https:\/\/autofans.com.ar\/index.php\/2024\/01\/25\/bmw-motorrad-100-anos-de-historia-records\/\" \/>\n<meta property=\"og:locale\" content=\"es_ES\" \/>\n<meta property=\"og:type\" content=\"article\" \/>\n<meta property=\"og:title\" content=\"BMW Motorrad, 100 a\u00f1os de historia, r\u00e9cords -\" \/>\n<meta property=\"og:description\" content=\"BMW Motorrad alcanza un hito al entregar un total de 209,257 motocicletas y scooters en 2023, marcando el a\u00f1o con un 3.1% de aumento...\" \/>\n<meta property=\"og:url\" content=\"https:\/\/autofans.com.ar\/index.php\/2024\/01\/25\/bmw-motorrad-100-anos-de-historia-records\/\" \/>\n<meta property=\"article:published_time\" content=\"2024-01-25T21:46:15+00:00\" \/>\n<meta property=\"article:modified_time\" content=\"2024-01-25T22:56:22+00:00\" \/>\n<meta property=\"og:image\" content=\"https:\/\/autofans.com.ar\/wp-content\/uploads\/2024\/01\/BMW-1-1.jpg\" \/>\n\t<meta property=\"og:image:width\" content=\"640\" \/>\n\t<meta property=\"og:image:height\" content=\"427\" \/>\n\t<meta property=\"og:image:type\" content=\"image\/jpeg\" \/>\n<meta name=\"author\" content=\"Alejandro Gabriel Rosito\" \/>\n<meta name=\"twitter:card\" content=\"summary_large_image\" \/>\n<meta name=\"twitter:label1\" content=\"Escrito por\" \/>\n\t<meta name=\"twitter:data1\" content=\"Alejandro Gabriel Rosito\" \/>\n\t<meta name=\"twitter:label2\" content=\"Tiempo de lectura\" \/>\n\t<meta name=\"twitter:data2\" content=\"3 minutos\" \/>\n<script type=\"application\/ld+json\" class=\"yoast-schema-graph\">{\"@context\":\"https:\\\/\\\/schema.org\",\"@graph\":[{\"@type\":\"Article\",\"@id\":\"https:\\\/\\\/autofans.com.ar\\\/index.php\\\/2024\\\/01\\\/25\\\/bmw-motorrad-100-anos-de-historia-records\\\/#article\",\"isPartOf\":{\"@id\":\"https:\\\/\\\/autofans.com.ar\\\/index.php\\\/2024\\\/01\\\/25\\\/bmw-motorrad-100-anos-de-historia-records\\\/\"},\"author\":{\"name\":\"Alejandro Gabriel Rosito\",\"@id\":\"https:\\\/\\\/autofans.com.ar\\\/#\\\/schema\\\/person\\\/4a8dda0b6df83ac3d6723e921274c2aa\"},\"headline\":\"BMW Motorrad, 100 a\u00f1os de historia, r\u00e9cords\",\"datePublished\":\"2024-01-25T21:46:15+00:00\",\"dateModified\":\"2024-01-25T22:56:22+00:00\",\"mainEntityOfPage\":{\"@id\":\"https:\\\/\\\/autofans.com.ar\\\/index.php\\\/2024\\\/01\\\/25\\\/bmw-motorrad-100-anos-de-historia-records\\\/\"},\"wordCount\":511,\"image\":{\"@id\":\"https:\\\/\\\/autofans.com.ar\\\/index.php\\\/2024\\\/01\\\/25\\\/bmw-motorrad-100-anos-de-historia-records\\\/#primaryimage\"},\"thumbnailUrl\":\"https:\\\/\\\/autofans.com.ar\\\/wp-content\\\/uploads\\\/2024\\\/01\\\/BMW-1-1.jpg\",\"keywords\":[\"BMW Motorrad\",\"Centenario\",\"Latinoam\u00e9rica\",\"Modelos GS\",\"R\u00e9cords de Ventas\",\"Scooters El\u00e9ctricos\"],\"articleSection\":[\"Motos\",\"NOTICIAS\"],\"inLanguage\":\"es\"},{\"@type\":\"WebPage\",\"@id\":\"https:\\\/\\\/autofans.com.ar\\\/index.php\\\/2024\\\/01\\\/25\\\/bmw-motorrad-100-anos-de-historia-records\\\/\",\"url\":\"https:\\\/\\\/autofans.com.ar\\\/index.php\\\/2024\\\/01\\\/25\\\/bmw-motorrad-100-anos-de-historia-records\\\/\",\"name\":\"BMW Motorrad, 100 a\u00f1os de historia, r\u00e9cords -\",\"isPartOf\":{\"@id\":\"https:\\\/\\\/autofans.com.ar\\\/#website\"},\"primaryImageOfPage\":{\"@id\":\"https:\\\/\\\/autofans.com.ar\\\/index.php\\\/2024\\\/01\\\/25\\\/bmw-motorrad-100-anos-de-historia-records\\\/#primaryimage\"},\"image\":{\"@id\":\"https:\\\/\\\/autofans.com.ar\\\/index.php\\\/2024\\\/01\\\/25\\\/bmw-motorrad-100-anos-de-historia-records\\\/#primaryimage\"},\"thumbnailUrl\":\"https:\\\/\\\/autofans.com.ar\\\/wp-content\\\/uploads\\\/2024\\\/01\\\/BMW-1-1.jpg\",\"datePublished\":\"2024-01-25T21:46:15+00:00\",\"dateModified\":\"2024-01-25T22:56:22+00:00\",\"author\":{\"@id\":\"https:\\\/\\\/autofans.com.ar\\\/#\\\/schema\\\/person\\\/4a8dda0b6df83ac3d6723e921274c2aa\"},\"description\":\"BMW Motorrad alcanza un hito al entregar un total de 209,257 motocicletas y scooters en 2023, marcando el a\u00f1o con un 3.1% de aumento...\",\"breadcrumb\":{\"@id\":\"https:\\\/\\\/autofans.com.ar\\\/index.php\\\/2024\\\/01\\\/25\\\/bmw-motorrad-100-anos-de-historia-records\\\/#breadcrumb\"},\"inLanguage\":\"es\",\"potentialAction\":[{\"@type\":\"ReadAction\",\"target\":[\"https:\\\/\\\/autofans.com.ar\\\/index.php\\\/2024\\\/01\\\/25\\\/bmw-motorrad-100-anos-de-historia-records\\\/\"]}]},{\"@type\":\"ImageObject\",\"inLanguage\":\"es\",\"@id\":\"https:\\\/\\\/autofans.com.ar\\\/index.php\\\/2024\\\/01\\\/25\\\/bmw-motorrad-100-anos-de-historia-records\\\/#primaryimage\",\"url\":\"https:\\\/\\\/autofans.com.ar\\\/wp-content\\\/uploads\\\/2024\\\/01\\\/BMW-1-1.jpg\",\"contentUrl\":\"https:\\\/\\\/autofans.com.ar\\\/wp-content\\\/uploads\\\/2024\\\/01\\\/BMW-1-1.jpg\",\"width\":1000,\"height\":667,\"caption\":\"BMW Motorrad\"},{\"@type\":\"BreadcrumbList\",\"@id\":\"https:\\\/\\\/autofans.com.ar\\\/index.php\\\/2024\\\/01\\\/25\\\/bmw-motorrad-100-anos-de-historia-records\\\/#breadcrumb\",\"itemListElement\":[{\"@type\":\"ListItem\",\"position\":1,\"name\":\"Inicio\",\"item\":\"https:\\\/\\\/autofans.com.ar\\\/\"},{\"@type\":\"ListItem\",\"position\":2,\"name\":\"BMW Motorrad, 100 a\u00f1os de historia, r\u00e9cords\"}]},{\"@type\":\"WebSite\",\"@id\":\"https:\\\/\\\/autofans.com.ar\\\/#website\",\"url\":\"https:\\\/\\\/autofans.com.ar\\\/\",\"name\":\"\",\"description\":\"El multimedio referente de la industria automotriz\",\"potentialAction\":[{\"@type\":\"SearchAction\",\"target\":{\"@type\":\"EntryPoint\",\"urlTemplate\":\"https:\\\/\\\/autofans.com.ar\\\/?s={search_term_string}\"},\"query-input\":{\"@type\":\"PropertyValueSpecification\",\"valueRequired\":true,\"valueName\":\"search_term_string\"}}],\"inLanguage\":\"es\"},{\"@type\":\"Person\",\"@id\":\"https:\\\/\\\/autofans.com.ar\\\/#\\\/schema\\\/person\\\/4a8dda0b6df83ac3d6723e921274c2aa\",\"name\":\"Alejandro Gabriel Rosito\",\"image\":{\"@type\":\"ImageObject\",\"inLanguage\":\"es\",\"@id\":\"https:\\\/\\\/secure.gravatar.com\\\/avatar\\\/16c5dda1489adfc62618084dcbb91cffd879c374b13fe5dd8e44ed6733852c88?s=96&d=mm&r=g\",\"url\":\"https:\\\/\\\/secure.gravatar.com\\\/avatar\\\/16c5dda1489adfc62618084dcbb91cffd879c374b13fe5dd8e44ed6733852c88?s=96&d=mm&r=g\",\"contentUrl\":\"https:\\\/\\\/secure.gravatar.com\\\/avatar\\\/16c5dda1489adfc62618084dcbb91cffd879c374b13fe5dd8e44ed6733852c88?s=96&d=mm&r=g\",\"caption\":\"Alejandro Gabriel Rosito\"},\"url\":\"https:\\\/\\\/autofans.com.ar\\\/index.php\\\/author\\\/gabrielr\\\/\"}]}<\/script>\n<!-- \/ Yoast SEO plugin. -->","yoast_head_json":{"title":"BMW Motorrad, 100 a\u00f1os de historia, r\u00e9cords -","description":"BMW Motorrad alcanza un hito al entregar un total de 209,257 motocicletas y scooters en 2023, marcando el a\u00f1o con un 3.1% de aumento...","robots":{"index":"index","follow":"follow","max-snippet":"max-snippet:-1","max-image-preview":"max-image-preview:large","max-video-preview":"max-video-preview:-1"},"canonical":"https:\/\/autofans.com.ar\/index.php\/2024\/01\/25\/bmw-motorrad-100-anos-de-historia-records\/","og_locale":"es_ES","og_type":"article","og_title":"BMW Motorrad, 100 a\u00f1os de historia, r\u00e9cords -","og_description":"BMW Motorrad alcanza un hito al entregar un total de 209,257 motocicletas y scooters en 2023, marcando el a\u00f1o con un 3.1% de aumento...","og_url":"https:\/\/autofans.com.ar\/index.php\/2024\/01\/25\/bmw-motorrad-100-anos-de-historia-records\/","article_published_time":"2024-01-25T21:46:15+00:00","article_modified_time":"2024-01-25T22:56:22+00:00","og_image":[{"url":"https:\/\/autofans.com.ar\/wp-content\/uploads\/2024\/01\/BMW-1-1.jpg","width":640,"height":427,"type":"image\/jpeg"}],"author":"Alejandro Gabriel Rosito","twitter_card":"summary_large_image","twitter_misc":{"Escrito por":"Alejandro Gabriel Rosito","Tiempo de lectura":"3 minutos"},"schema":{"@context":"https:\/\/schema.org","@graph":[{"@type":"Article","@id":"https:\/\/autofans.com.ar\/index.php\/2024\/01\/25\/bmw-motorrad-100-anos-de-historia-records\/#article","isPartOf":{"@id":"https:\/\/autofans.com.ar\/index.php\/2024\/01\/25\/bmw-motorrad-100-anos-de-historia-records\/"},"author":{"name":"Alejandro Gabriel Rosito","@id":"https:\/\/autofans.com.ar\/#\/schema\/person\/4a8dda0b6df83ac3d6723e921274c2aa"},"headline":"BMW Motorrad, 100 a\u00f1os de historia, r\u00e9cords","datePublished":"2024-01-25T21:46:15+00:00","dateModified":"2024-01-25T22:56:22+00:00","mainEntityOfPage":{"@id":"https:\/\/autofans.com.ar\/index.php\/2024\/01\/25\/bmw-motorrad-100-anos-de-historia-records\/"},"wordCount":511,"image":{"@id":"https:\/\/autofans.com.ar\/index.php\/2024\/01\/25\/bmw-motorrad-100-anos-de-historia-records\/#primaryimage"},"thumbnailUrl":"https:\/\/autofans.com.ar\/wp-content\/uploads\/2024\/01\/BMW-1-1.jpg","keywords":["BMW Motorrad","Centenario","Latinoam\u00e9rica","Modelos GS","R\u00e9cords de Ventas","Scooters El\u00e9ctricos"],"articleSection":["Motos","NOTICIAS"],"inLanguage":"es"},{"@type":"WebPage","@id":"https:\/\/autofans.com.ar\/index.php\/2024\/01\/25\/bmw-motorrad-100-anos-de-historia-records\/","url":"https:\/\/autofans.com.ar\/index.php\/2024\/01\/25\/bmw-motorrad-100-anos-de-historia-records\/","name":"BMW Motorrad, 100 a\u00f1os de historia, r\u00e9cords -","isPartOf":{"@id":"https:\/\/autofans.com.ar\/#website"},"primaryImageOfPage":{"@id":"https:\/\/autofans.com.ar\/index.php\/2024\/01\/25\/bmw-motorrad-100-anos-de-historia-records\/#primaryimage"},"image":{"@id":"https:\/\/autofans.com.ar\/index.php\/2024\/01\/25\/bmw-motorrad-100-anos-de-historia-records\/#primaryimage"},"thumbnailUrl":"https:\/\/autofans.com.ar\/wp-content\/uploads\/2024\/01\/BMW-1-1.jpg","datePublished":"2024-01-25T21:46:15+00:00","dateModified":"2024-01-25T22:56:22+00:00","author":{"@id":"https:\/\/autofans.com.ar\/#\/schema\/person\/4a8dda0b6df83ac3d6723e921274c2aa"},"description":"BMW Motorrad alcanza un hito al entregar un total de 209,257 motocicletas y scooters en 2023, marcando el a\u00f1o con un 3.1% de aumento...","breadcrumb":{"@id":"https:\/\/autofans.com.ar\/index.php\/2024\/01\/25\/bmw-motorrad-100-anos-de-historia-records\/#breadcrumb"},"inLanguage":"es","potentialAction":[{"@type":"ReadAction","target":["https:\/\/autofans.com.ar\/index.php\/2024\/01\/25\/bmw-motorrad-100-anos-de-historia-records\/"]}]},{"@type":"ImageObject","inLanguage":"es","@id":"https:\/\/autofans.com.ar\/index.php\/2024\/01\/25\/bmw-motorrad-100-anos-de-historia-records\/#primaryimage","url":"https:\/\/autofans.com.ar\/wp-content\/uploads\/2024\/01\/BMW-1-1.jpg","contentUrl":"https:\/\/autofans.com.ar\/wp-content\/uploads\/2024\/01\/BMW-1-1.jpg","width":1000,"height":667,"caption":"BMW Motorrad"},{"@type":"BreadcrumbList","@id":"https:\/\/autofans.com.ar\/index.php\/2024\/01\/25\/bmw-motorrad-100-anos-de-historia-records\/#breadcrumb","itemListElement":[{"@type":"ListItem","position":1,"name":"Inicio","item":"https:\/\/autofans.com.ar\/"},{"@type":"ListItem","position":2,"name":"BMW Motorrad, 100 a\u00f1os de historia, r\u00e9cords"}]},{"@type":"WebSite","@id":"https:\/\/autofans.com.ar\/#website","url":"https:\/\/autofans.com.ar\/","name":"","description":"El multimedio referente de la industria automotriz","potentialAction":[{"@type":"SearchAction","target":{"@type":"EntryPoint","urlTemplate":"https:\/\/autofans.com.ar\/?s={search_term_string}"},"query-input":{"@type":"PropertyValueSpecification","valueRequired":true,"valueName":"search_term_string"}}],"inLanguage":"es"},{"@type":"Person","@id":"https:\/\/autofans.com.ar\/#\/schema\/person\/4a8dda0b6df83ac3d6723e921274c2aa","name":"Alejandro Gabriel Rosito","image":{"@type":"ImageObject","inLanguage":"es","@id":"https:\/\/secure.gravatar.com\/avatar\/16c5dda1489adfc62618084dcbb91cffd879c374b13fe5dd8e44ed6733852c88?s=96&d=mm&r=g","url":"https:\/\/secure.gravatar.com\/avatar\/16c5dda1489adfc62618084dcbb91cffd879c374b13fe5dd8e44ed6733852c88?s=96&d=mm&r=g","contentUrl":"https:\/\/secure.gravatar.com\/avatar\/16c5dda1489adfc62618084dcbb91cffd879c374b13fe5dd8e44ed6733852c88?s=96&d=mm&r=g","caption":"Alejandro Gabriel Rosito"},"url":"https:\/\/autofans.com.ar\/index.php\/author\/gabrielr\/"}]}},"featured_image_urls":{"full":["https:\/\/autofans.com.ar\/wp-content\/uploads\/2024\/01\/BMW-1-1.jpg",1000,667,false],"thumbnail":["https:\/\/autofans.com.ar\/wp-content\/uploads\/2024\/01\/BMW-1-1-150x150.jpg",150,150,true],"medium":["https:\/\/autofans.com.ar\/wp-content\/uploads\/2024\/01\/BMW-1-1-300x200.jpg",300,200,true],"medium_large":["https:\/\/autofans.com.ar\/wp-content\/uploads\/2024\/01\/BMW-1-1-768x512.jpg",640,427,true],"large":["https:\/\/autofans.com.ar\/wp-content\/uploads\/2024\/01\/BMW-1-1.jpg",640,427,false],"1536x1536":["https:\/\/autofans.com.ar\/wp-content\/uploads\/2024\/01\/BMW-1-1.jpg",1000,667,false],"2048x2048":["https:\/\/autofans.com.ar\/wp-content\/uploads\/2024\/01\/BMW-1-1.jpg",1000,667,false],"covernews-featured":["https:\/\/autofans.com.ar\/wp-content\/uploads\/2024\/01\/BMW-1-1.jpg",1000,667,false],"covernews-medium":["https:\/\/autofans.com.ar\/wp-content\/uploads\/2024\/01\/BMW-1-1-540x340.jpg",540,340,true]},"author_info":{"display_name":"Alejandro Gabriel Rosito","author_link":"https:\/\/autofans.com.ar\/index.php\/author\/gabrielr\/"},"category_info":"<a href=\"https:\/\/autofans.com.ar\/index.php\/category\/lanzamientos\/motos-lanzamientos\/\" rel=\"category tag\">Motos<\/a> <a href=\"https:\/\/autofans.com.ar\/index.php\/category\/noticias\/\" rel=\"category tag\">NOTICIAS<\/a>","tag_info":"NOTICIAS","comment_count":0,"_links":{"self":[{"href":"https:\/\/autofans.com.ar\/index.php\/wp-json\/wp\/v2\/posts\/6537","targetHints":{"allow":["GET"]}}],"collection":[{"href":"https:\/\/autofans.com.ar\/index.php\/wp-json\/wp\/v2\/posts"}],"about":[{"href":"https:\/\/autofans.com.ar\/index.php\/wp-json\/wp\/v2\/types\/post"}],"author":[{"embeddable":true,"href":"https:\/\/autofans.com.ar\/index.php\/wp-json\/wp\/v2\/users\/2"}],"replies":[{"embeddable":true,"href":"https:\/\/autofans.com.ar\/index.php\/wp-json\/wp\/v2\/comments?post=6537"}],"version-history":[{"count":4,"href":"https:\/\/autofans.com.ar\/index.php\/wp-json\/wp\/v2\/posts\/6537\/revisions"}],"predecessor-version":[{"id":6546,"href":"https:\/\/autofans.com.ar\/index.php\/wp-json\/wp\/v2\/posts\/6537\/revisions\/6546"}],"wp:featuredmedia":[{"embeddable":true,"href":"https:\/\/autofans.com.ar\/index.php\/wp-json\/wp\/v2\/media\/6542"}],"wp:attachment":[{"href":"https:\/\/autofans.com.ar\/index.php\/wp-json\/wp\/v2\/media?parent=6537"}],"wp:term":[{"taxonomy":"category","embeddable":true,"href":"https:\/\/autofans.com.ar\/index.php\/wp-json\/wp\/v2\/categories?post=6537"},{"taxonomy":"post_tag","embeddable":true,"href":"https:\/\/autofans.com.ar\/index.php\/wp-json\/wp\/v2\/tags?post=6537"}],"curies":[{"name":"wp","href":"https:\/\/api.w.org\/{rel}","templated":true}]}}