{"id":6547,"date":"2024-01-26T13:13:00","date_gmt":"2024-01-26T16:13:00","guid":{"rendered":"https:\/\/autofans.com.ar\/?p=6547"},"modified":"2024-01-26T13:13:00","modified_gmt":"2024-01-26T16:13:00","slug":"iveco-bus-revoluciona-roma-con-411-e-way-electricos","status":"publish","type":"post","link":"https:\/\/autofans.com.ar\/index.php\/2024\/01\/26\/iveco-bus-revoluciona-roma-con-411-e-way-electricos\/","title":{"rendered":"IVECO BUS revoluciona Roma con 411 E-WAY el\u00e9ctricos"},"content":{"rendered":"<p>En un hito para la movilidad sostenible en Italia, IVECO BUS ha asegurado el contrato m\u00e1s grande hasta la fecha de buses el\u00e9ctricos en el pa\u00eds. ATAC S.p.A.- Azienda per la mobilit\u00e0, el gigante del transporte p\u00fablico en Roma, ha encargado 411 unidades del innovador E-WAY en un concurso que consolida a IVECO BUS como l\u00edder en la transici\u00f3n hacia veh\u00edculos de cero emisiones.<\/p>\n<p>&nbsp;<\/p>\n<h2>Gigante flota el\u00e9ctrica con 411 E-WAY<\/h2>\n<p>La oferta de movilidad totalmente el\u00e9ctrica, E-WAY, se ha revelado como la elecci\u00f3n perfecta para ATAC Roma, que busca impulsar una flota m\u00e1s ecol\u00f3gica. Este pedido hist\u00f3rico marca un momento clave para IVECO BUS en su compromiso con la movilidad sin emisiones en Italia.<\/p>\n<p>&nbsp;<\/p>\n<p><img fetchpriority=\"high\" decoding=\"async\" class=\"aligncenter wp-image-6550 size-full\" src=\"https:\/\/autofans.com.ar\/wp-content\/uploads\/2024\/01\/iveco-roma-1.jpg\" alt=\"IVECO BUS\" width=\"1000\" height=\"667\" srcset=\"https:\/\/autofans.com.ar\/wp-content\/uploads\/2024\/01\/iveco-roma-1.jpg 1000w, https:\/\/autofans.com.ar\/wp-content\/uploads\/2024\/01\/iveco-roma-1-300x200.jpg 300w, https:\/\/autofans.com.ar\/wp-content\/uploads\/2024\/01\/iveco-roma-1-768x512.jpg 768w\" sizes=\"(max-width: 1000px) 100vw, 1000px\" \/><\/p>\n<p>&nbsp;<\/p>\n<p>Con este nuevo contrato, ATAC Roma se convertir\u00e1 en poseedor de la mayor flota de buses el\u00e9ctricos de IVECO BUS en el pa\u00eds. La entrega de los primeros 110 buses comenzar\u00e1 en el \u00faltimo trimestre de 2024, con la totalidad de la flota programada para abril de 2026.<\/p>\n<p>Este masivo pedido se compone de 396 unidades del modelo E-WAY de 12 metros y 15 articulados de 18 metros de longitud. Adem\u00e1s del suministro de los buses, IVECO BUS se encargar\u00e1 del servicio completo de mantenimiento durante una d\u00e9cada. Equipados con la \u00faltima tecnolog\u00eda de bater\u00edas NMC, con capacidad unitaria de 69,3 kWh, estas bater\u00edas se producir\u00e1n en la nueva planta de bater\u00edas (e-plant) de FPT Industrial en Tur\u00edn.<\/p>\n<p>&nbsp;<\/p>\n<blockquote>\n<p style=\"text-align: center;\">Giorgio Zino, Director de Operaciones Comerciales de IVECO BUS Europa, expres\u00f3: \u00abEstamos muy orgullosos de que ATAC Roma haya depositado su confianza en nosotros con este impresionante pedido. Nuestros buses E-WAY se benefician de soluciones de \u00faltima generaci\u00f3n para proporcionar a los conductores y pasajeros un viaje c\u00f3modo y libre de emisiones. Este nuevo \u00e9xito en Italia confirma que nuestra soluci\u00f3n E-WAY responde perfectamente a las expectativas de descarbonizaci\u00f3n del transporte p\u00fablico italiano.\u00bb<\/p>\n<\/blockquote>\n<p>&nbsp;<\/p>\n<h2>IVECO BUS afianza desarrollo sostenible en Italia<\/h2>\n<p>La seguridad no se ha dejado de lado: tanto los buses de 12 como los de 18 metros cumplir\u00e1n con el Riguroso Reglamento General de Seguridad. Adem\u00e1s, incorporar\u00e1n los dispositivos ADAS m\u00e1s avanzados de la marca, asegurando un viaje seguro y eficiente.<\/p>\n<p>La entrega de cero emisiones, conducci\u00f3n suave y experiencia silenciosa respaldar\u00e1 la transici\u00f3n de ATAC Roma hacia una movilidad m\u00e1s ecol\u00f3gica y eficiente.<\/p>\n<p>&nbsp;<\/p>\n<p><img decoding=\"async\" class=\"aligncenter wp-image-6548 size-full\" src=\"https:\/\/autofans.com.ar\/wp-content\/uploads\/2024\/01\/iveco-roma-4.jpg\" alt=\"IVECO BUS\" width=\"1000\" height=\"667\" srcset=\"https:\/\/autofans.com.ar\/wp-content\/uploads\/2024\/01\/iveco-roma-4.jpg 1000w, https:\/\/autofans.com.ar\/wp-content\/uploads\/2024\/01\/iveco-roma-4-300x200.jpg 300w, https:\/\/autofans.com.ar\/wp-content\/uploads\/2024\/01\/iveco-roma-4-768x512.jpg 768w\" sizes=\"(max-width: 1000px) 100vw, 1000px\" \/><\/p>\n<p>&nbsp;<\/p>\n<p>Este contrato consolida el compromiso de IVECO BUS con la descarbonizaci\u00f3n del transporte p\u00fablico en Italia, siguiendo los pasos de otros contratos exitosos con Busitalia, Autoguidovie Group, GTT Tur\u00edn y ATM Mil\u00e1n. Romana Diesel, el concesionario de IVECO, ser\u00e1 el encargado del mantenimiento integral, garantizando la plena disponibilidad y rendimiento de los veh\u00edculos durante toda la duraci\u00f3n del contrato. Con 350 empleados, Romana Diesel se posiciona como uno de los mayores concesionarios oficiales de IVECO en Europa.<\/p>\n<p>&nbsp;<\/p>\n<p>&nbsp;<\/p>\n<p><i>Para enterarte de m\u00e1s novedades, no dejes de leer\u00a0<\/i><a href=\"https:\/\/autofans.thebrandsoup.com\/\"><i>nuestras notas<\/i><\/a><i>, de ver<\/i><b><i>\u00a0<\/i><\/b><a href=\"https:\/\/www.youtube.com\/channel\/UCgAC8UGHZYbT6P7PpmVnP7g\"><b><i>AUTOFANS TV<\/i><\/b><\/a><b><i>\u00a0<\/i><\/b><i>en nuestro\u00a0canal de Youtube. Adem\u00e1s seguinos en\u00a0<\/i><a href=\"https:\/\/www.instagram.com\/autofanstv\/\"><i>INSTAGRAM<\/i><\/a><i> y <\/i><a href=\"https:\/\/www.facebook.com\/autofansmas\/\"><i>FACEBOOK<\/i><\/a><i> para no perderte nada sobre las novedades del segmento automotor de Argentina y el mundo.<\/i><\/p>\n","protected":false},"excerpt":{"rendered":"<p>En un hito para la movilidad sostenible en Italia, IVECO BUS ha asegurado el contrato&#8230;<\/p>\n","protected":false},"author":2,"featured_media":6549,"comment_status":"closed","ping_status":"closed","sticky":false,"template":"","format":"standard","meta":{"footnotes":""},"categories":[341,16],"tags":[3459,3458,610,2575,3460,822,3237,125,3462,3351,3461,1390],"class_list":["post-6547","post","type-post","status-publish","format-standard","has-post-thumbnail","hentry","category-hibridos-y-electricos","category-noticias","tag-atac-roma","tag-buses-electricos","tag-cero-emisiones","tag-descarbonizacion","tag-e-way","tag-italia","tag-iveco-bus","tag-movilidad-sostenible","tag-romana-diesel","tag-seguridad-en-el-transporte","tag-tecnologia-nmc","tag-transporte-publico"],"yoast_head":"<!-- This site is optimized with the Yoast SEO plugin v27.5 - https:\/\/yoast.com\/product\/yoast-seo-wordpress\/ -->\n<title>IVECO BUS revoluciona Roma con 411 E-WAY el\u00e9ctricos -<\/title>\n<meta name=\"description\" content=\"En un hito para la movilidad sostenible en Italia IVECO BUS ha asegurado el contrato m\u00e1s grande hasta la fecha de buses el\u00e9ctricos en el pa\u00eds\" \/>\n<meta name=\"robots\" content=\"index, follow, max-snippet:-1, max-image-preview:large, max-video-preview:-1\" \/>\n<link rel=\"canonical\" href=\"https:\/\/autofans.com.ar\/index.php\/2024\/01\/26\/iveco-bus-revoluciona-roma-con-411-e-way-electricos\/\" \/>\n<meta property=\"og:locale\" content=\"es_ES\" \/>\n<meta property=\"og:type\" content=\"article\" \/>\n<meta property=\"og:title\" content=\"IVECO BUS revoluciona Roma con 411 E-WAY el\u00e9ctricos -\" \/>\n<meta property=\"og:description\" content=\"En un hito para la movilidad sostenible en Italia IVECO BUS ha asegurado el contrato m\u00e1s grande hasta la fecha de buses el\u00e9ctricos en el pa\u00eds\" \/>\n<meta property=\"og:url\" content=\"https:\/\/autofans.com.ar\/index.php\/2024\/01\/26\/iveco-bus-revoluciona-roma-con-411-e-way-electricos\/\" \/>\n<meta property=\"article:published_time\" content=\"2024-01-26T16:13:00+00:00\" \/>\n<meta property=\"og:image\" content=\"https:\/\/autofans.com.ar\/wp-content\/uploads\/2024\/01\/iveco-roma-3.jpg\" \/>\n\t<meta property=\"og:image:width\" content=\"640\" \/>\n\t<meta property=\"og:image:height\" content=\"427\" \/>\n\t<meta property=\"og:image:type\" content=\"image\/jpeg\" \/>\n<meta name=\"author\" content=\"Alejandro Gabriel Rosito\" \/>\n<meta name=\"twitter:card\" content=\"summary_large_image\" \/>\n<meta name=\"twitter:label1\" content=\"Escrito por\" \/>\n\t<meta name=\"twitter:data1\" content=\"Alejandro Gabriel Rosito\" \/>\n\t<meta name=\"twitter:label2\" content=\"Tiempo de lectura\" \/>\n\t<meta name=\"twitter:data2\" content=\"3 minutos\" \/>\n<script type=\"application\/ld+json\" class=\"yoast-schema-graph\">{\"@context\":\"https:\\\/\\\/schema.org\",\"@graph\":[{\"@type\":\"Article\",\"@id\":\"https:\\\/\\\/autofans.com.ar\\\/index.php\\\/2024\\\/01\\\/26\\\/iveco-bus-revoluciona-roma-con-411-e-way-electricos\\\/#article\",\"isPartOf\":{\"@id\":\"https:\\\/\\\/autofans.com.ar\\\/index.php\\\/2024\\\/01\\\/26\\\/iveco-bus-revoluciona-roma-con-411-e-way-electricos\\\/\"},\"author\":{\"name\":\"Alejandro Gabriel Rosito\",\"@id\":\"https:\\\/\\\/autofans.com.ar\\\/#\\\/schema\\\/person\\\/4a8dda0b6df83ac3d6723e921274c2aa\"},\"headline\":\"IVECO BUS revoluciona Roma con 411 E-WAY el\u00e9ctricos\",\"datePublished\":\"2024-01-26T16:13:00+00:00\",\"mainEntityOfPage\":{\"@id\":\"https:\\\/\\\/autofans.com.ar\\\/index.php\\\/2024\\\/01\\\/26\\\/iveco-bus-revoluciona-roma-con-411-e-way-electricos\\\/\"},\"wordCount\":546,\"image\":{\"@id\":\"https:\\\/\\\/autofans.com.ar\\\/index.php\\\/2024\\\/01\\\/26\\\/iveco-bus-revoluciona-roma-con-411-e-way-electricos\\\/#primaryimage\"},\"thumbnailUrl\":\"https:\\\/\\\/autofans.com.ar\\\/wp-content\\\/uploads\\\/2024\\\/01\\\/iveco-roma-3.jpg\",\"keywords\":[\"ATAC Roma\",\"buses el\u00e9ctricos\",\"cero emisiones\",\"Descarbonizaci\u00f3n\",\"E-WAY\",\"Italia\",\"IVECO BUS\",\"Movilidad Sostenible\",\"Romana Diesel\",\"Seguridad en el Transporte\",\"tecnolog\u00eda NMC\",\"transporte p\u00fablico\"],\"articleSection\":[\"HIBRIDOS, ELECTRICOS y otros\",\"NOTICIAS\"],\"inLanguage\":\"es\"},{\"@type\":\"WebPage\",\"@id\":\"https:\\\/\\\/autofans.com.ar\\\/index.php\\\/2024\\\/01\\\/26\\\/iveco-bus-revoluciona-roma-con-411-e-way-electricos\\\/\",\"url\":\"https:\\\/\\\/autofans.com.ar\\\/index.php\\\/2024\\\/01\\\/26\\\/iveco-bus-revoluciona-roma-con-411-e-way-electricos\\\/\",\"name\":\"IVECO BUS revoluciona Roma con 411 E-WAY el\u00e9ctricos -\",\"isPartOf\":{\"@id\":\"https:\\\/\\\/autofans.com.ar\\\/#website\"},\"primaryImageOfPage\":{\"@id\":\"https:\\\/\\\/autofans.com.ar\\\/index.php\\\/2024\\\/01\\\/26\\\/iveco-bus-revoluciona-roma-con-411-e-way-electricos\\\/#primaryimage\"},\"image\":{\"@id\":\"https:\\\/\\\/autofans.com.ar\\\/index.php\\\/2024\\\/01\\\/26\\\/iveco-bus-revoluciona-roma-con-411-e-way-electricos\\\/#primaryimage\"},\"thumbnailUrl\":\"https:\\\/\\\/autofans.com.ar\\\/wp-content\\\/uploads\\\/2024\\\/01\\\/iveco-roma-3.jpg\",\"datePublished\":\"2024-01-26T16:13:00+00:00\",\"author\":{\"@id\":\"https:\\\/\\\/autofans.com.ar\\\/#\\\/schema\\\/person\\\/4a8dda0b6df83ac3d6723e921274c2aa\"},\"description\":\"En un hito para la movilidad sostenible en Italia IVECO BUS ha asegurado el contrato m\u00e1s grande hasta la fecha de buses el\u00e9ctricos en el pa\u00eds\",\"breadcrumb\":{\"@id\":\"https:\\\/\\\/autofans.com.ar\\\/index.php\\\/2024\\\/01\\\/26\\\/iveco-bus-revoluciona-roma-con-411-e-way-electricos\\\/#breadcrumb\"},\"inLanguage\":\"es\",\"potentialAction\":[{\"@type\":\"ReadAction\",\"target\":[\"https:\\\/\\\/autofans.com.ar\\\/index.php\\\/2024\\\/01\\\/26\\\/iveco-bus-revoluciona-roma-con-411-e-way-electricos\\\/\"]}]},{\"@type\":\"ImageObject\",\"inLanguage\":\"es\",\"@id\":\"https:\\\/\\\/autofans.com.ar\\\/index.php\\\/2024\\\/01\\\/26\\\/iveco-bus-revoluciona-roma-con-411-e-way-electricos\\\/#primaryimage\",\"url\":\"https:\\\/\\\/autofans.com.ar\\\/wp-content\\\/uploads\\\/2024\\\/01\\\/iveco-roma-3.jpg\",\"contentUrl\":\"https:\\\/\\\/autofans.com.ar\\\/wp-content\\\/uploads\\\/2024\\\/01\\\/iveco-roma-3.jpg\",\"width\":1000,\"height\":667,\"caption\":\"IVECO BUS\"},{\"@type\":\"BreadcrumbList\",\"@id\":\"https:\\\/\\\/autofans.com.ar\\\/index.php\\\/2024\\\/01\\\/26\\\/iveco-bus-revoluciona-roma-con-411-e-way-electricos\\\/#breadcrumb\",\"itemListElement\":[{\"@type\":\"ListItem\",\"position\":1,\"name\":\"Inicio\",\"item\":\"https:\\\/\\\/autofans.com.ar\\\/\"},{\"@type\":\"ListItem\",\"position\":2,\"name\":\"IVECO BUS revoluciona Roma con 411 E-WAY el\u00e9ctricos\"}]},{\"@type\":\"WebSite\",\"@id\":\"https:\\\/\\\/autofans.com.ar\\\/#website\",\"url\":\"https:\\\/\\\/autofans.com.ar\\\/\",\"name\":\"\",\"description\":\"El multimedio referente de la industria automotriz\",\"potentialAction\":[{\"@type\":\"SearchAction\",\"target\":{\"@type\":\"EntryPoint\",\"urlTemplate\":\"https:\\\/\\\/autofans.com.ar\\\/?s={search_term_string}\"},\"query-input\":{\"@type\":\"PropertyValueSpecification\",\"valueRequired\":true,\"valueName\":\"search_term_string\"}}],\"inLanguage\":\"es\"},{\"@type\":\"Person\",\"@id\":\"https:\\\/\\\/autofans.com.ar\\\/#\\\/schema\\\/person\\\/4a8dda0b6df83ac3d6723e921274c2aa\",\"name\":\"Alejandro Gabriel Rosito\",\"image\":{\"@type\":\"ImageObject\",\"inLanguage\":\"es\",\"@id\":\"https:\\\/\\\/secure.gravatar.com\\\/avatar\\\/16c5dda1489adfc62618084dcbb91cffd879c374b13fe5dd8e44ed6733852c88?s=96&d=mm&r=g\",\"url\":\"https:\\\/\\\/secure.gravatar.com\\\/avatar\\\/16c5dda1489adfc62618084dcbb91cffd879c374b13fe5dd8e44ed6733852c88?s=96&d=mm&r=g\",\"contentUrl\":\"https:\\\/\\\/secure.gravatar.com\\\/avatar\\\/16c5dda1489adfc62618084dcbb91cffd879c374b13fe5dd8e44ed6733852c88?s=96&d=mm&r=g\",\"caption\":\"Alejandro Gabriel Rosito\"},\"url\":\"https:\\\/\\\/autofans.com.ar\\\/index.php\\\/author\\\/gabrielr\\\/\"}]}<\/script>\n<!-- \/ Yoast SEO plugin. -->","yoast_head_json":{"title":"IVECO BUS revoluciona Roma con 411 E-WAY el\u00e9ctricos -","description":"En un hito para la movilidad sostenible en Italia IVECO BUS ha asegurado el contrato m\u00e1s grande hasta la fecha de buses el\u00e9ctricos en el pa\u00eds","robots":{"index":"index","follow":"follow","max-snippet":"max-snippet:-1","max-image-preview":"max-image-preview:large","max-video-preview":"max-video-preview:-1"},"canonical":"https:\/\/autofans.com.ar\/index.php\/2024\/01\/26\/iveco-bus-revoluciona-roma-con-411-e-way-electricos\/","og_locale":"es_ES","og_type":"article","og_title":"IVECO BUS revoluciona Roma con 411 E-WAY el\u00e9ctricos -","og_description":"En un hito para la movilidad sostenible en Italia IVECO BUS ha asegurado el contrato m\u00e1s grande hasta la fecha de buses el\u00e9ctricos en el pa\u00eds","og_url":"https:\/\/autofans.com.ar\/index.php\/2024\/01\/26\/iveco-bus-revoluciona-roma-con-411-e-way-electricos\/","article_published_time":"2024-01-26T16:13:00+00:00","og_image":[{"url":"https:\/\/autofans.com.ar\/wp-content\/uploads\/2024\/01\/iveco-roma-3.jpg","width":640,"height":427,"type":"image\/jpeg"}],"author":"Alejandro Gabriel Rosito","twitter_card":"summary_large_image","twitter_misc":{"Escrito por":"Alejandro Gabriel Rosito","Tiempo de lectura":"3 minutos"},"schema":{"@context":"https:\/\/schema.org","@graph":[{"@type":"Article","@id":"https:\/\/autofans.com.ar\/index.php\/2024\/01\/26\/iveco-bus-revoluciona-roma-con-411-e-way-electricos\/#article","isPartOf":{"@id":"https:\/\/autofans.com.ar\/index.php\/2024\/01\/26\/iveco-bus-revoluciona-roma-con-411-e-way-electricos\/"},"author":{"name":"Alejandro Gabriel Rosito","@id":"https:\/\/autofans.com.ar\/#\/schema\/person\/4a8dda0b6df83ac3d6723e921274c2aa"},"headline":"IVECO BUS revoluciona Roma con 411 E-WAY el\u00e9ctricos","datePublished":"2024-01-26T16:13:00+00:00","mainEntityOfPage":{"@id":"https:\/\/autofans.com.ar\/index.php\/2024\/01\/26\/iveco-bus-revoluciona-roma-con-411-e-way-electricos\/"},"wordCount":546,"image":{"@id":"https:\/\/autofans.com.ar\/index.php\/2024\/01\/26\/iveco-bus-revoluciona-roma-con-411-e-way-electricos\/#primaryimage"},"thumbnailUrl":"https:\/\/autofans.com.ar\/wp-content\/uploads\/2024\/01\/iveco-roma-3.jpg","keywords":["ATAC Roma","buses el\u00e9ctricos","cero emisiones","Descarbonizaci\u00f3n","E-WAY","Italia","IVECO BUS","Movilidad Sostenible","Romana Diesel","Seguridad en el Transporte","tecnolog\u00eda NMC","transporte p\u00fablico"],"articleSection":["HIBRIDOS, ELECTRICOS y otros","NOTICIAS"],"inLanguage":"es"},{"@type":"WebPage","@id":"https:\/\/autofans.com.ar\/index.php\/2024\/01\/26\/iveco-bus-revoluciona-roma-con-411-e-way-electricos\/","url":"https:\/\/autofans.com.ar\/index.php\/2024\/01\/26\/iveco-bus-revoluciona-roma-con-411-e-way-electricos\/","name":"IVECO BUS revoluciona Roma con 411 E-WAY el\u00e9ctricos -","isPartOf":{"@id":"https:\/\/autofans.com.ar\/#website"},"primaryImageOfPage":{"@id":"https:\/\/autofans.com.ar\/index.php\/2024\/01\/26\/iveco-bus-revoluciona-roma-con-411-e-way-electricos\/#primaryimage"},"image":{"@id":"https:\/\/autofans.com.ar\/index.php\/2024\/01\/26\/iveco-bus-revoluciona-roma-con-411-e-way-electricos\/#primaryimage"},"thumbnailUrl":"https:\/\/autofans.com.ar\/wp-content\/uploads\/2024\/01\/iveco-roma-3.jpg","datePublished":"2024-01-26T16:13:00+00:00","author":{"@id":"https:\/\/autofans.com.ar\/#\/schema\/person\/4a8dda0b6df83ac3d6723e921274c2aa"},"description":"En un hito para la movilidad sostenible en Italia IVECO BUS ha asegurado el contrato m\u00e1s grande hasta la fecha de buses el\u00e9ctricos en el pa\u00eds","breadcrumb":{"@id":"https:\/\/autofans.com.ar\/index.php\/2024\/01\/26\/iveco-bus-revoluciona-roma-con-411-e-way-electricos\/#breadcrumb"},"inLanguage":"es","potentialAction":[{"@type":"ReadAction","target":["https:\/\/autofans.com.ar\/index.php\/2024\/01\/26\/iveco-bus-revoluciona-roma-con-411-e-way-electricos\/"]}]},{"@type":"ImageObject","inLanguage":"es","@id":"https:\/\/autofans.com.ar\/index.php\/2024\/01\/26\/iveco-bus-revoluciona-roma-con-411-e-way-electricos\/#primaryimage","url":"https:\/\/autofans.com.ar\/wp-content\/uploads\/2024\/01\/iveco-roma-3.jpg","contentUrl":"https:\/\/autofans.com.ar\/wp-content\/uploads\/2024\/01\/iveco-roma-3.jpg","width":1000,"height":667,"caption":"IVECO BUS"},{"@type":"BreadcrumbList","@id":"https:\/\/autofans.com.ar\/index.php\/2024\/01\/26\/iveco-bus-revoluciona-roma-con-411-e-way-electricos\/#breadcrumb","itemListElement":[{"@type":"ListItem","position":1,"name":"Inicio","item":"https:\/\/autofans.com.ar\/"},{"@type":"ListItem","position":2,"name":"IVECO BUS revoluciona Roma con 411 E-WAY el\u00e9ctricos"}]},{"@type":"WebSite","@id":"https:\/\/autofans.com.ar\/#website","url":"https:\/\/autofans.com.ar\/","name":"","description":"El multimedio referente de la industria automotriz","potentialAction":[{"@type":"SearchAction","target":{"@type":"EntryPoint","urlTemplate":"https:\/\/autofans.com.ar\/?s={search_term_string}"},"query-input":{"@type":"PropertyValueSpecification","valueRequired":true,"valueName":"search_term_string"}}],"inLanguage":"es"},{"@type":"Person","@id":"https:\/\/autofans.com.ar\/#\/schema\/person\/4a8dda0b6df83ac3d6723e921274c2aa","name":"Alejandro Gabriel Rosito","image":{"@type":"ImageObject","inLanguage":"es","@id":"https:\/\/secure.gravatar.com\/avatar\/16c5dda1489adfc62618084dcbb91cffd879c374b13fe5dd8e44ed6733852c88?s=96&d=mm&r=g","url":"https:\/\/secure.gravatar.com\/avatar\/16c5dda1489adfc62618084dcbb91cffd879c374b13fe5dd8e44ed6733852c88?s=96&d=mm&r=g","contentUrl":"https:\/\/secure.gravatar.com\/avatar\/16c5dda1489adfc62618084dcbb91cffd879c374b13fe5dd8e44ed6733852c88?s=96&d=mm&r=g","caption":"Alejandro Gabriel Rosito"},"url":"https:\/\/autofans.com.ar\/index.php\/author\/gabrielr\/"}]}},"featured_image_urls":{"full":["https:\/\/autofans.com.ar\/wp-content\/uploads\/2024\/01\/iveco-roma-3.jpg",1000,667,false],"thumbnail":["https:\/\/autofans.com.ar\/wp-content\/uploads\/2024\/01\/iveco-roma-3-150x150.jpg",150,150,true],"medium":["https:\/\/autofans.com.ar\/wp-content\/uploads\/2024\/01\/iveco-roma-3-300x200.jpg",300,200,true],"medium_large":["https:\/\/autofans.com.ar\/wp-content\/uploads\/2024\/01\/iveco-roma-3-768x512.jpg",640,427,true],"large":["https:\/\/autofans.com.ar\/wp-content\/uploads\/2024\/01\/iveco-roma-3.jpg",640,427,false],"1536x1536":["https:\/\/autofans.com.ar\/wp-content\/uploads\/2024\/01\/iveco-roma-3.jpg",1000,667,false],"2048x2048":["https:\/\/autofans.com.ar\/wp-content\/uploads\/2024\/01\/iveco-roma-3.jpg",1000,667,false],"covernews-featured":["https:\/\/autofans.com.ar\/wp-content\/uploads\/2024\/01\/iveco-roma-3.jpg",1000,667,false],"covernews-medium":["https:\/\/autofans.com.ar\/wp-content\/uploads\/2024\/01\/iveco-roma-3-540x340.jpg",540,340,true]},"author_info":{"display_name":"Alejandro Gabriel Rosito","author_link":"https:\/\/autofans.com.ar\/index.php\/author\/gabrielr\/"},"category_info":"<a href=\"https:\/\/autofans.com.ar\/index.php\/category\/noticias\/hibridos-y-electricos\/\" rel=\"category tag\">HIBRIDOS, ELECTRICOS y otros<\/a> <a href=\"https:\/\/autofans.com.ar\/index.php\/category\/noticias\/\" rel=\"category tag\">NOTICIAS<\/a>","tag_info":"NOTICIAS","comment_count":0,"_links":{"self":[{"href":"https:\/\/autofans.com.ar\/index.php\/wp-json\/wp\/v2\/posts\/6547","targetHints":{"allow":["GET"]}}],"collection":[{"href":"https:\/\/autofans.com.ar\/index.php\/wp-json\/wp\/v2\/posts"}],"about":[{"href":"https:\/\/autofans.com.ar\/index.php\/wp-json\/wp\/v2\/types\/post"}],"author":[{"embeddable":true,"href":"https:\/\/autofans.com.ar\/index.php\/wp-json\/wp\/v2\/users\/2"}],"replies":[{"embeddable":true,"href":"https:\/\/autofans.com.ar\/index.php\/wp-json\/wp\/v2\/comments?post=6547"}],"version-history":[{"count":1,"href":"https:\/\/autofans.com.ar\/index.php\/wp-json\/wp\/v2\/posts\/6547\/revisions"}],"predecessor-version":[{"id":6551,"href":"https:\/\/autofans.com.ar\/index.php\/wp-json\/wp\/v2\/posts\/6547\/revisions\/6551"}],"wp:featuredmedia":[{"embeddable":true,"href":"https:\/\/autofans.com.ar\/index.php\/wp-json\/wp\/v2\/media\/6549"}],"wp:attachment":[{"href":"https:\/\/autofans.com.ar\/index.php\/wp-json\/wp\/v2\/media?parent=6547"}],"wp:term":[{"taxonomy":"category","embeddable":true,"href":"https:\/\/autofans.com.ar\/index.php\/wp-json\/wp\/v2\/categories?post=6547"},{"taxonomy":"post_tag","embeddable":true,"href":"https:\/\/autofans.com.ar\/index.php\/wp-json\/wp\/v2\/tags?post=6547"}],"curies":[{"name":"wp","href":"https:\/\/api.w.org\/{rel}","templated":true}]}}