{"id":6611,"date":"2024-01-31T18:28:59","date_gmt":"2024-01-31T21:28:59","guid":{"rendered":"https:\/\/autofans.com.ar\/?p=6611"},"modified":"2024-01-31T18:28:59","modified_gmt":"2024-01-31T21:28:59","slug":"138-anos-de-innovacion-la-historia-de-mercedes-benz","status":"publish","type":"post","link":"https:\/\/autofans.com.ar\/index.php\/2024\/01\/31\/138-anos-de-innovacion-la-historia-de-mercedes-benz\/","title":{"rendered":"138 a\u00f1os de innovaci\u00f3n, la historia de Mercedes-Benz"},"content":{"rendered":"<p>Un d\u00eda como hoy, en 1886, Carl Benz marc\u00f3 un hito al patentar su revolucionario veh\u00edculo motorizado de tres ruedas, el primer autom\u00f3vil de la historia. Hoy, 138 a\u00f1os despu\u00e9s, Mercedes-Benz contin\u00faa su exitosa trayectoria, transformando el mundo automotriz.<\/p>\n<p>&nbsp;<\/p>\n<h2>Carl Benz padre del motor de cuatro tiempos<\/h2>\n<p>En el coraz\u00f3n de esta historia se encuentra Carl Benz, nacido el 25 de noviembre de 1844 en Pfaffenrot, Alemania. Ingeniero de formaci\u00f3n, Benz inici\u00f3 su carrera como montador en una fundici\u00f3n. En 1871, abri\u00f3 un almac\u00e9n de materiales de construcci\u00f3n y contrajo matrimonio con Bertha Ringer, quien desempe\u00f1ar\u00eda un papel fundamental en la historia que se estaba gestando.<\/p>\n<p>&nbsp;<\/p>\n<p><img fetchpriority=\"high\" decoding=\"async\" class=\"aligncenter wp-image-6613 size-full\" src=\"https:\/\/autofans.com.ar\/wp-content\/uploads\/2024\/01\/mercedes-2-2.jpg\" alt=\"Mercedes-Benz\" width=\"1000\" height=\"667\" srcset=\"https:\/\/autofans.com.ar\/wp-content\/uploads\/2024\/01\/mercedes-2-2.jpg 1000w, https:\/\/autofans.com.ar\/wp-content\/uploads\/2024\/01\/mercedes-2-2-300x200.jpg 300w, https:\/\/autofans.com.ar\/wp-content\/uploads\/2024\/01\/mercedes-2-2-768x512.jpg 768w\" sizes=\"(max-width: 1000px) 100vw, 1000px\" \/><\/p>\n<p>&nbsp;<\/p>\n<p>la creaci\u00f3n de un motor de cuatro tiempos con un cilindro horizontal de 954 cm3 de desplazamiento, capaz de alcanzar una potencia de 0,75 CV y una velocidad m\u00e1xima de 16 km\/h. Este triciclo motorizado fue el pionero en utilizar un motor de combusti\u00f3n interna, patentado en enero del a\u00f1o siguiente.<\/p>\n<p>&nbsp;<\/p>\n<h2>Mercedes-Benz &#8211; 138 a\u00f1os de innovaci\u00f3n y visi\u00f3n pionera de Bertha Benz<\/h2>\n<p>La primera aparici\u00f3n p\u00fablica de este veh\u00edculo revolucionario tuvo lugar el 3 de julio de ese mismo a\u00f1o en la ciudad de Mannheim. Benz demostr\u00f3 su capacidad al realizar el primer viaje de larga distancia de la historia de la humanidad, desde Ringstrasse hasta Pforzheim.<\/p>\n<p>&nbsp;<\/p>\n<p><img decoding=\"async\" class=\"aligncenter wp-image-6614 size-full\" src=\"https:\/\/autofans.com.ar\/wp-content\/uploads\/2024\/01\/mercedes-1-2.jpg\" alt=\"Mercedes-Benz\" width=\"1000\" height=\"667\" srcset=\"https:\/\/autofans.com.ar\/wp-content\/uploads\/2024\/01\/mercedes-1-2.jpg 1000w, https:\/\/autofans.com.ar\/wp-content\/uploads\/2024\/01\/mercedes-1-2-300x200.jpg 300w, https:\/\/autofans.com.ar\/wp-content\/uploads\/2024\/01\/mercedes-1-2-768x512.jpg 768w\" sizes=\"(max-width: 1000px) 100vw, 1000px\" \/><\/p>\n<p>&nbsp;<\/p>\n<p>En 1888, Bertha, la esposa de Carl, junto a sus hijos Eugen y Richard, marc\u00f3 otro hito al recorrer 104 km desde Mannheim hasta Pforzheim. Este viaje se conoce hoy como el \u00abBertha Benz Memorial Route,\u00bb en homenaje a la audacia de la primera mujer en realizar un trayecto de larga distancia, destacando la idoneidad del veh\u00edculo para el uso diario.<\/p>\n<p>La historia de <a href=\"https:\/\/autofans.com.ar\/index.php\/2023\/11\/27\/mercedes-benz-septimo-en-el-ranking-global-2023\/\" target=\"_blank\" rel=\"noopener\">Mercedes-Benz<\/a> no solo celebra la innovaci\u00f3n t\u00e9cnica de Carl Benz, sino tambi\u00e9n la visi\u00f3n de Bertha Benz al promover y demostrar la utilidad pr\u00e1ctica del autom\u00f3vil. 138 a\u00f1os despu\u00e9s, la marca sigue siendo sin\u00f3nimo de calidad, innovaci\u00f3n y un legado imborrable en la industria automotriz.<\/p>\n<p>&nbsp;<\/p>\n<p>&nbsp;<\/p>\n<p><i>Para enterarte de m\u00e1s novedades, no dejes de leer\u00a0<\/i><a href=\"https:\/\/autofans.thebrandsoup.com\/\"><i>nuestras notas<\/i><\/a><i>, de ver<\/i><b><i>\u00a0<\/i><\/b><a href=\"https:\/\/www.youtube.com\/channel\/UCgAC8UGHZYbT6P7PpmVnP7g\"><b><i>AUTOFANS TV<\/i><\/b><\/a><b><i>\u00a0<\/i><\/b><i>en nuestro\u00a0canal de Youtube. Adem\u00e1s seguinos en\u00a0<\/i><a href=\"https:\/\/www.instagram.com\/autofanstv\/\"><i>INSTAGRAM<\/i><\/a><i> y <\/i><a href=\"https:\/\/www.facebook.com\/autofansmas\/\"><i>FACEBOOK<\/i><\/a><i> para no perderte nada sobre las novedades del segmento automotor de Argentina y el mundo.<\/i><\/p>\n","protected":false},"excerpt":{"rendered":"<p>Un d\u00eda como hoy, en 1886, Carl Benz marc\u00f3 un hito al patentar su revolucionario&#8230;<\/p>\n","protected":false},"author":2,"featured_media":6612,"comment_status":"closed","ping_status":"closed","sticky":false,"template":"","format":"standard","meta":{"footnotes":""},"categories":[292,16],"tags":[3492,3494,3491,2613,886,364,3493],"class_list":["post-6611","post","type-post","status-publish","format-standard","has-post-thumbnail","hentry","category-empresas","category-noticias","tag-bertha-benz","tag-bertha-benz-memorial-route","tag-carl-benz","tag-historia-automotriz","tag-innovacion-automotriz","tag-mercedes-benz","tag-primer-automovil"],"yoast_head":"<!-- This site is optimized with the Yoast SEO plugin v27.5 - https:\/\/yoast.com\/product\/yoast-seo-wordpress\/ -->\n<title>138 a\u00f1os de innovaci\u00f3n, la historia de Mercedes-Benz -<\/title>\n<meta name=\"description\" content=\"Un d\u00eda como hoy, en 1886, Carl Benz marc\u00f3 un hito al patentar su revolucionario veh\u00edculo de tres ruedas, el primer autom\u00f3vil de la historia..\" \/>\n<meta name=\"robots\" content=\"index, follow, max-snippet:-1, max-image-preview:large, max-video-preview:-1\" \/>\n<link rel=\"canonical\" href=\"https:\/\/autofans.com.ar\/index.php\/2024\/01\/31\/138-anos-de-innovacion-la-historia-de-mercedes-benz\/\" \/>\n<meta property=\"og:locale\" content=\"es_ES\" \/>\n<meta property=\"og:type\" content=\"article\" \/>\n<meta property=\"og:title\" content=\"138 a\u00f1os de innovaci\u00f3n, la historia de Mercedes-Benz -\" \/>\n<meta property=\"og:description\" content=\"Un d\u00eda como hoy, en 1886, Carl Benz marc\u00f3 un hito al patentar su revolucionario veh\u00edculo de tres ruedas, el primer autom\u00f3vil de la historia..\" \/>\n<meta property=\"og:url\" content=\"https:\/\/autofans.com.ar\/index.php\/2024\/01\/31\/138-anos-de-innovacion-la-historia-de-mercedes-benz\/\" \/>\n<meta property=\"article:published_time\" content=\"2024-01-31T21:28:59+00:00\" \/>\n<meta property=\"og:image\" content=\"https:\/\/autofans.com.ar\/wp-content\/uploads\/2024\/01\/mercedes-3-2.jpg\" \/>\n\t<meta property=\"og:image:width\" content=\"640\" \/>\n\t<meta property=\"og:image:height\" content=\"427\" \/>\n\t<meta property=\"og:image:type\" content=\"image\/jpeg\" \/>\n<meta name=\"author\" content=\"Alejandro Gabriel Rosito\" \/>\n<meta name=\"twitter:card\" content=\"summary_large_image\" \/>\n<meta name=\"twitter:label1\" content=\"Escrito por\" \/>\n\t<meta name=\"twitter:data1\" content=\"Alejandro Gabriel Rosito\" \/>\n\t<meta name=\"twitter:label2\" content=\"Tiempo de lectura\" \/>\n\t<meta name=\"twitter:data2\" content=\"3 minutos\" \/>\n<script type=\"application\/ld+json\" class=\"yoast-schema-graph\">{\"@context\":\"https:\\\/\\\/schema.org\",\"@graph\":[{\"@type\":\"Article\",\"@id\":\"https:\\\/\\\/autofans.com.ar\\\/index.php\\\/2024\\\/01\\\/31\\\/138-anos-de-innovacion-la-historia-de-mercedes-benz\\\/#article\",\"isPartOf\":{\"@id\":\"https:\\\/\\\/autofans.com.ar\\\/index.php\\\/2024\\\/01\\\/31\\\/138-anos-de-innovacion-la-historia-de-mercedes-benz\\\/\"},\"author\":{\"name\":\"Alejandro Gabriel Rosito\",\"@id\":\"https:\\\/\\\/autofans.com.ar\\\/#\\\/schema\\\/person\\\/4a8dda0b6df83ac3d6723e921274c2aa\"},\"headline\":\"138 a\u00f1os de innovaci\u00f3n, la historia de Mercedes-Benz\",\"datePublished\":\"2024-01-31T21:28:59+00:00\",\"mainEntityOfPage\":{\"@id\":\"https:\\\/\\\/autofans.com.ar\\\/index.php\\\/2024\\\/01\\\/31\\\/138-anos-de-innovacion-la-historia-de-mercedes-benz\\\/\"},\"wordCount\":406,\"image\":{\"@id\":\"https:\\\/\\\/autofans.com.ar\\\/index.php\\\/2024\\\/01\\\/31\\\/138-anos-de-innovacion-la-historia-de-mercedes-benz\\\/#primaryimage\"},\"thumbnailUrl\":\"https:\\\/\\\/autofans.com.ar\\\/wp-content\\\/uploads\\\/2024\\\/01\\\/mercedes-3-2.jpg\",\"keywords\":[\"Bertha Benz\",\"Bertha Benz Memorial Route\",\"Carl Benz\",\"historia automotriz\",\"Innovaci\u00f3n automotriz\",\"Mercedes-Benz\",\"Primer autom\u00f3vil\"],\"articleSection\":[\"EMPRESAS\",\"NOTICIAS\"],\"inLanguage\":\"es\"},{\"@type\":\"WebPage\",\"@id\":\"https:\\\/\\\/autofans.com.ar\\\/index.php\\\/2024\\\/01\\\/31\\\/138-anos-de-innovacion-la-historia-de-mercedes-benz\\\/\",\"url\":\"https:\\\/\\\/autofans.com.ar\\\/index.php\\\/2024\\\/01\\\/31\\\/138-anos-de-innovacion-la-historia-de-mercedes-benz\\\/\",\"name\":\"138 a\u00f1os de innovaci\u00f3n, la historia de Mercedes-Benz -\",\"isPartOf\":{\"@id\":\"https:\\\/\\\/autofans.com.ar\\\/#website\"},\"primaryImageOfPage\":{\"@id\":\"https:\\\/\\\/autofans.com.ar\\\/index.php\\\/2024\\\/01\\\/31\\\/138-anos-de-innovacion-la-historia-de-mercedes-benz\\\/#primaryimage\"},\"image\":{\"@id\":\"https:\\\/\\\/autofans.com.ar\\\/index.php\\\/2024\\\/01\\\/31\\\/138-anos-de-innovacion-la-historia-de-mercedes-benz\\\/#primaryimage\"},\"thumbnailUrl\":\"https:\\\/\\\/autofans.com.ar\\\/wp-content\\\/uploads\\\/2024\\\/01\\\/mercedes-3-2.jpg\",\"datePublished\":\"2024-01-31T21:28:59+00:00\",\"author\":{\"@id\":\"https:\\\/\\\/autofans.com.ar\\\/#\\\/schema\\\/person\\\/4a8dda0b6df83ac3d6723e921274c2aa\"},\"description\":\"Un d\u00eda como hoy, en 1886, Carl Benz marc\u00f3 un hito al patentar su revolucionario veh\u00edculo de tres ruedas, el primer autom\u00f3vil de la historia..\",\"breadcrumb\":{\"@id\":\"https:\\\/\\\/autofans.com.ar\\\/index.php\\\/2024\\\/01\\\/31\\\/138-anos-de-innovacion-la-historia-de-mercedes-benz\\\/#breadcrumb\"},\"inLanguage\":\"es\",\"potentialAction\":[{\"@type\":\"ReadAction\",\"target\":[\"https:\\\/\\\/autofans.com.ar\\\/index.php\\\/2024\\\/01\\\/31\\\/138-anos-de-innovacion-la-historia-de-mercedes-benz\\\/\"]}]},{\"@type\":\"ImageObject\",\"inLanguage\":\"es\",\"@id\":\"https:\\\/\\\/autofans.com.ar\\\/index.php\\\/2024\\\/01\\\/31\\\/138-anos-de-innovacion-la-historia-de-mercedes-benz\\\/#primaryimage\",\"url\":\"https:\\\/\\\/autofans.com.ar\\\/wp-content\\\/uploads\\\/2024\\\/01\\\/mercedes-3-2.jpg\",\"contentUrl\":\"https:\\\/\\\/autofans.com.ar\\\/wp-content\\\/uploads\\\/2024\\\/01\\\/mercedes-3-2.jpg\",\"width\":1000,\"height\":667,\"caption\":\"Mercedes-Benz\"},{\"@type\":\"BreadcrumbList\",\"@id\":\"https:\\\/\\\/autofans.com.ar\\\/index.php\\\/2024\\\/01\\\/31\\\/138-anos-de-innovacion-la-historia-de-mercedes-benz\\\/#breadcrumb\",\"itemListElement\":[{\"@type\":\"ListItem\",\"position\":1,\"name\":\"Inicio\",\"item\":\"https:\\\/\\\/autofans.com.ar\\\/\"},{\"@type\":\"ListItem\",\"position\":2,\"name\":\"138 a\u00f1os de innovaci\u00f3n, la historia de Mercedes-Benz\"}]},{\"@type\":\"WebSite\",\"@id\":\"https:\\\/\\\/autofans.com.ar\\\/#website\",\"url\":\"https:\\\/\\\/autofans.com.ar\\\/\",\"name\":\"\",\"description\":\"El multimedio referente de la industria automotriz\",\"potentialAction\":[{\"@type\":\"SearchAction\",\"target\":{\"@type\":\"EntryPoint\",\"urlTemplate\":\"https:\\\/\\\/autofans.com.ar\\\/?s={search_term_string}\"},\"query-input\":{\"@type\":\"PropertyValueSpecification\",\"valueRequired\":true,\"valueName\":\"search_term_string\"}}],\"inLanguage\":\"es\"},{\"@type\":\"Person\",\"@id\":\"https:\\\/\\\/autofans.com.ar\\\/#\\\/schema\\\/person\\\/4a8dda0b6df83ac3d6723e921274c2aa\",\"name\":\"Alejandro Gabriel Rosito\",\"image\":{\"@type\":\"ImageObject\",\"inLanguage\":\"es\",\"@id\":\"https:\\\/\\\/secure.gravatar.com\\\/avatar\\\/16c5dda1489adfc62618084dcbb91cffd879c374b13fe5dd8e44ed6733852c88?s=96&d=mm&r=g\",\"url\":\"https:\\\/\\\/secure.gravatar.com\\\/avatar\\\/16c5dda1489adfc62618084dcbb91cffd879c374b13fe5dd8e44ed6733852c88?s=96&d=mm&r=g\",\"contentUrl\":\"https:\\\/\\\/secure.gravatar.com\\\/avatar\\\/16c5dda1489adfc62618084dcbb91cffd879c374b13fe5dd8e44ed6733852c88?s=96&d=mm&r=g\",\"caption\":\"Alejandro Gabriel Rosito\"},\"url\":\"https:\\\/\\\/autofans.com.ar\\\/index.php\\\/author\\\/gabrielr\\\/\"}]}<\/script>\n<!-- \/ Yoast SEO plugin. -->","yoast_head_json":{"title":"138 a\u00f1os de innovaci\u00f3n, la historia de Mercedes-Benz -","description":"Un d\u00eda como hoy, en 1886, Carl Benz marc\u00f3 un hito al patentar su revolucionario veh\u00edculo de tres ruedas, el primer autom\u00f3vil de la historia..","robots":{"index":"index","follow":"follow","max-snippet":"max-snippet:-1","max-image-preview":"max-image-preview:large","max-video-preview":"max-video-preview:-1"},"canonical":"https:\/\/autofans.com.ar\/index.php\/2024\/01\/31\/138-anos-de-innovacion-la-historia-de-mercedes-benz\/","og_locale":"es_ES","og_type":"article","og_title":"138 a\u00f1os de innovaci\u00f3n, la historia de Mercedes-Benz -","og_description":"Un d\u00eda como hoy, en 1886, Carl Benz marc\u00f3 un hito al patentar su revolucionario veh\u00edculo de tres ruedas, el primer autom\u00f3vil de la historia..","og_url":"https:\/\/autofans.com.ar\/index.php\/2024\/01\/31\/138-anos-de-innovacion-la-historia-de-mercedes-benz\/","article_published_time":"2024-01-31T21:28:59+00:00","og_image":[{"url":"https:\/\/autofans.com.ar\/wp-content\/uploads\/2024\/01\/mercedes-3-2.jpg","width":640,"height":427,"type":"image\/jpeg"}],"author":"Alejandro Gabriel Rosito","twitter_card":"summary_large_image","twitter_misc":{"Escrito por":"Alejandro Gabriel Rosito","Tiempo de lectura":"3 minutos"},"schema":{"@context":"https:\/\/schema.org","@graph":[{"@type":"Article","@id":"https:\/\/autofans.com.ar\/index.php\/2024\/01\/31\/138-anos-de-innovacion-la-historia-de-mercedes-benz\/#article","isPartOf":{"@id":"https:\/\/autofans.com.ar\/index.php\/2024\/01\/31\/138-anos-de-innovacion-la-historia-de-mercedes-benz\/"},"author":{"name":"Alejandro Gabriel Rosito","@id":"https:\/\/autofans.com.ar\/#\/schema\/person\/4a8dda0b6df83ac3d6723e921274c2aa"},"headline":"138 a\u00f1os de innovaci\u00f3n, la historia de Mercedes-Benz","datePublished":"2024-01-31T21:28:59+00:00","mainEntityOfPage":{"@id":"https:\/\/autofans.com.ar\/index.php\/2024\/01\/31\/138-anos-de-innovacion-la-historia-de-mercedes-benz\/"},"wordCount":406,"image":{"@id":"https:\/\/autofans.com.ar\/index.php\/2024\/01\/31\/138-anos-de-innovacion-la-historia-de-mercedes-benz\/#primaryimage"},"thumbnailUrl":"https:\/\/autofans.com.ar\/wp-content\/uploads\/2024\/01\/mercedes-3-2.jpg","keywords":["Bertha Benz","Bertha Benz Memorial Route","Carl Benz","historia automotriz","Innovaci\u00f3n automotriz","Mercedes-Benz","Primer autom\u00f3vil"],"articleSection":["EMPRESAS","NOTICIAS"],"inLanguage":"es"},{"@type":"WebPage","@id":"https:\/\/autofans.com.ar\/index.php\/2024\/01\/31\/138-anos-de-innovacion-la-historia-de-mercedes-benz\/","url":"https:\/\/autofans.com.ar\/index.php\/2024\/01\/31\/138-anos-de-innovacion-la-historia-de-mercedes-benz\/","name":"138 a\u00f1os de innovaci\u00f3n, la historia de Mercedes-Benz -","isPartOf":{"@id":"https:\/\/autofans.com.ar\/#website"},"primaryImageOfPage":{"@id":"https:\/\/autofans.com.ar\/index.php\/2024\/01\/31\/138-anos-de-innovacion-la-historia-de-mercedes-benz\/#primaryimage"},"image":{"@id":"https:\/\/autofans.com.ar\/index.php\/2024\/01\/31\/138-anos-de-innovacion-la-historia-de-mercedes-benz\/#primaryimage"},"thumbnailUrl":"https:\/\/autofans.com.ar\/wp-content\/uploads\/2024\/01\/mercedes-3-2.jpg","datePublished":"2024-01-31T21:28:59+00:00","author":{"@id":"https:\/\/autofans.com.ar\/#\/schema\/person\/4a8dda0b6df83ac3d6723e921274c2aa"},"description":"Un d\u00eda como hoy, en 1886, Carl Benz marc\u00f3 un hito al patentar su revolucionario veh\u00edculo de tres ruedas, el primer autom\u00f3vil de la historia..","breadcrumb":{"@id":"https:\/\/autofans.com.ar\/index.php\/2024\/01\/31\/138-anos-de-innovacion-la-historia-de-mercedes-benz\/#breadcrumb"},"inLanguage":"es","potentialAction":[{"@type":"ReadAction","target":["https:\/\/autofans.com.ar\/index.php\/2024\/01\/31\/138-anos-de-innovacion-la-historia-de-mercedes-benz\/"]}]},{"@type":"ImageObject","inLanguage":"es","@id":"https:\/\/autofans.com.ar\/index.php\/2024\/01\/31\/138-anos-de-innovacion-la-historia-de-mercedes-benz\/#primaryimage","url":"https:\/\/autofans.com.ar\/wp-content\/uploads\/2024\/01\/mercedes-3-2.jpg","contentUrl":"https:\/\/autofans.com.ar\/wp-content\/uploads\/2024\/01\/mercedes-3-2.jpg","width":1000,"height":667,"caption":"Mercedes-Benz"},{"@type":"BreadcrumbList","@id":"https:\/\/autofans.com.ar\/index.php\/2024\/01\/31\/138-anos-de-innovacion-la-historia-de-mercedes-benz\/#breadcrumb","itemListElement":[{"@type":"ListItem","position":1,"name":"Inicio","item":"https:\/\/autofans.com.ar\/"},{"@type":"ListItem","position":2,"name":"138 a\u00f1os de innovaci\u00f3n, la historia de Mercedes-Benz"}]},{"@type":"WebSite","@id":"https:\/\/autofans.com.ar\/#website","url":"https:\/\/autofans.com.ar\/","name":"","description":"El multimedio referente de la industria automotriz","potentialAction":[{"@type":"SearchAction","target":{"@type":"EntryPoint","urlTemplate":"https:\/\/autofans.com.ar\/?s={search_term_string}"},"query-input":{"@type":"PropertyValueSpecification","valueRequired":true,"valueName":"search_term_string"}}],"inLanguage":"es"},{"@type":"Person","@id":"https:\/\/autofans.com.ar\/#\/schema\/person\/4a8dda0b6df83ac3d6723e921274c2aa","name":"Alejandro Gabriel Rosito","image":{"@type":"ImageObject","inLanguage":"es","@id":"https:\/\/secure.gravatar.com\/avatar\/16c5dda1489adfc62618084dcbb91cffd879c374b13fe5dd8e44ed6733852c88?s=96&d=mm&r=g","url":"https:\/\/secure.gravatar.com\/avatar\/16c5dda1489adfc62618084dcbb91cffd879c374b13fe5dd8e44ed6733852c88?s=96&d=mm&r=g","contentUrl":"https:\/\/secure.gravatar.com\/avatar\/16c5dda1489adfc62618084dcbb91cffd879c374b13fe5dd8e44ed6733852c88?s=96&d=mm&r=g","caption":"Alejandro Gabriel Rosito"},"url":"https:\/\/autofans.com.ar\/index.php\/author\/gabrielr\/"}]}},"featured_image_urls":{"full":["https:\/\/autofans.com.ar\/wp-content\/uploads\/2024\/01\/mercedes-3-2.jpg",1000,667,false],"thumbnail":["https:\/\/autofans.com.ar\/wp-content\/uploads\/2024\/01\/mercedes-3-2-150x150.jpg",150,150,true],"medium":["https:\/\/autofans.com.ar\/wp-content\/uploads\/2024\/01\/mercedes-3-2-300x200.jpg",300,200,true],"medium_large":["https:\/\/autofans.com.ar\/wp-content\/uploads\/2024\/01\/mercedes-3-2-768x512.jpg",640,427,true],"large":["https:\/\/autofans.com.ar\/wp-content\/uploads\/2024\/01\/mercedes-3-2.jpg",640,427,false],"1536x1536":["https:\/\/autofans.com.ar\/wp-content\/uploads\/2024\/01\/mercedes-3-2.jpg",1000,667,false],"2048x2048":["https:\/\/autofans.com.ar\/wp-content\/uploads\/2024\/01\/mercedes-3-2.jpg",1000,667,false],"covernews-featured":["https:\/\/autofans.com.ar\/wp-content\/uploads\/2024\/01\/mercedes-3-2.jpg",1000,667,false],"covernews-medium":["https:\/\/autofans.com.ar\/wp-content\/uploads\/2024\/01\/mercedes-3-2-540x340.jpg",540,340,true]},"author_info":{"display_name":"Alejandro Gabriel Rosito","author_link":"https:\/\/autofans.com.ar\/index.php\/author\/gabrielr\/"},"category_info":"<a href=\"https:\/\/autofans.com.ar\/index.php\/category\/noticias\/empresas\/\" rel=\"category tag\">EMPRESAS<\/a> <a href=\"https:\/\/autofans.com.ar\/index.php\/category\/noticias\/\" rel=\"category tag\">NOTICIAS<\/a>","tag_info":"NOTICIAS","comment_count":0,"_links":{"self":[{"href":"https:\/\/autofans.com.ar\/index.php\/wp-json\/wp\/v2\/posts\/6611","targetHints":{"allow":["GET"]}}],"collection":[{"href":"https:\/\/autofans.com.ar\/index.php\/wp-json\/wp\/v2\/posts"}],"about":[{"href":"https:\/\/autofans.com.ar\/index.php\/wp-json\/wp\/v2\/types\/post"}],"author":[{"embeddable":true,"href":"https:\/\/autofans.com.ar\/index.php\/wp-json\/wp\/v2\/users\/2"}],"replies":[{"embeddable":true,"href":"https:\/\/autofans.com.ar\/index.php\/wp-json\/wp\/v2\/comments?post=6611"}],"version-history":[{"count":1,"href":"https:\/\/autofans.com.ar\/index.php\/wp-json\/wp\/v2\/posts\/6611\/revisions"}],"predecessor-version":[{"id":6615,"href":"https:\/\/autofans.com.ar\/index.php\/wp-json\/wp\/v2\/posts\/6611\/revisions\/6615"}],"wp:featuredmedia":[{"embeddable":true,"href":"https:\/\/autofans.com.ar\/index.php\/wp-json\/wp\/v2\/media\/6612"}],"wp:attachment":[{"href":"https:\/\/autofans.com.ar\/index.php\/wp-json\/wp\/v2\/media?parent=6611"}],"wp:term":[{"taxonomy":"category","embeddable":true,"href":"https:\/\/autofans.com.ar\/index.php\/wp-json\/wp\/v2\/categories?post=6611"},{"taxonomy":"post_tag","embeddable":true,"href":"https:\/\/autofans.com.ar\/index.php\/wp-json\/wp\/v2\/tags?post=6611"}],"curies":[{"name":"wp","href":"https:\/\/api.w.org\/{rel}","templated":true}]}}