{"id":6628,"date":"2024-02-02T14:41:49","date_gmt":"2024-02-02T17:41:49","guid":{"rendered":"https:\/\/autofans.com.ar\/?p=6628"},"modified":"2024-02-02T14:41:49","modified_gmt":"2024-02-02T17:41:49","slug":"exposicion-de-autos-clasicos-en-mar-del-plata","status":"publish","type":"post","link":"https:\/\/autofans.com.ar\/index.php\/2024\/02\/02\/exposicion-de-autos-clasicos-en-mar-del-plata\/","title":{"rendered":"Exposici\u00f3n de autos cl\u00e1sicos en Mar del Plata"},"content":{"rendered":"<p>En el Espacio Cultural del Paseo Aldrey, los amantes de los autos cl\u00e1sicos tienen una cita ineludible. Hasta el 8 de febrero, se lleva a cabo una fascinante exposici\u00f3n que re\u00fane modelos ic\u00f3nicos de todas las \u00e9pocas. Desde un Bentley ochentoso hasta joyas mec\u00e1nicas de preguerra como el Ford A modelo 1929, la muestra ofrece un viaje en el tiempo para los fan\u00e1ticos de los veh\u00edculos vintage.<\/p>\n<p>&nbsp;<\/p>\n<h2>Colecci\u00f3n vintage en espacio Cultural MDQ<\/h2>\n<p>Los apasionados por los autos cl\u00e1sicos tienen la oportunidad de disfrutar de una exposici\u00f3n \u00fanica en el Espacio Cultural del Paseo Aldrey. La muestra, organizada por el Club de Autom\u00f3viles Antiguos de Mar del Plata, presenta una variada colecci\u00f3n de treinta unidades, representando modelos desde 1929 hasta la d\u00e9cada del &#8217;80.<\/p>\n<p>Desde las 13 hasta las 21, todos los d\u00edas, y con entrada gratuita, los visitantes pueden explorar detalles fascinantes de autos emblem\u00e1ticos. Entre ellos, destacan un Jaguar de los &#8217;80 con tel\u00e9fono incorporado, un Porsche Carrera de 1988, modelos de Mercedes Benz, Triumph, MG y representantes de la industria automotriz nacional como Peugeot, Fiat, y Ford, entre otros.<\/p>\n<p>Los veh\u00edculos, propiedad de socios del club, no solo son piezas de museo, sino que se utilizan a diario y est\u00e1n en perfecto funcionamiento. La exhibici\u00f3n est\u00e1 organizada en dos categor\u00edas: modelos de preguerra y de posguerra, abarcando tanto marcas argentinas como internacionales.<\/p>\n<p>&nbsp;<\/p>\n<p><img fetchpriority=\"high\" decoding=\"async\" class=\"aligncenter wp-image-6630 size-full\" src=\"https:\/\/autofans.com.ar\/wp-content\/uploads\/2024\/02\/Untitled.jpeg\" alt=\"Exposici\u00f3n de autos\" width=\"1024\" height=\"683\" srcset=\"https:\/\/autofans.com.ar\/wp-content\/uploads\/2024\/02\/Untitled.jpeg 1024w, https:\/\/autofans.com.ar\/wp-content\/uploads\/2024\/02\/Untitled-300x200.jpeg 300w, https:\/\/autofans.com.ar\/wp-content\/uploads\/2024\/02\/Untitled-768x512.jpeg 768w\" sizes=\"(max-width: 1024px) 100vw, 1024px\" \/><\/p>\n<p>&nbsp;<\/p>\n<h2>BMW de los &#8217;80 y caravanas cl\u00e1sicas<\/h2>\n<p>Para los entusiastas m\u00e1s especializados, la muestra incluye modelos detallados de BMW de los &#8217;80, as\u00ed como las cl\u00e1sicas camionetas norteamericanas de \u00absuper lujo\u00bb de 8 cilindros. Adem\u00e1s, los amantes de los autos cl\u00e1sicos pueden revivir el encuentro de fin de a\u00f1o del Club de Autom\u00f3viles Antiguos, ahora en una exposici\u00f3n bajo techo en el Centro Cultural del Paseo Aldrey.<\/p>\n<p>La exhibici\u00f3n culminar\u00e1 con una caravana por las calles de Mar del Plata el s\u00e1bado 10, sum\u00e1ndose a los festejos por el 150 aniversario de la ciudad. Como entidad sin fines de lucro, el Club de Autom\u00f3viles Antiguos de Mar del Plata celebra su pasi\u00f3n por los autos de \u00e9poca desde 1981, siendo miembro fundador de la Federaci\u00f3n Argentina de Clubes de Automotores Hist\u00f3ricos y adherido a la Federaci\u00f3n Internacional de Veh\u00edculos de \u00c9poca.<\/p>\n<p>No te pierdas esta oportunidad \u00fanica de sumergirte en la historia sobre ruedas. \u00a1Visita la exposici\u00f3n y descubr\u00ed la magia de los autos cl\u00e1sicos en Mar del Plata!<\/p>\n<p>&nbsp;<\/p>\n<p>&nbsp;<\/p>\n<p><i>Para enterarte de m\u00e1s novedades, no dejes de leer\u00a0<\/i><a href=\"https:\/\/autofans.thebrandsoup.com\/\"><i>nuestras notas<\/i><\/a><i>, de ver<\/i><b><i>\u00a0<\/i><\/b><a href=\"https:\/\/www.youtube.com\/channel\/UCgAC8UGHZYbT6P7PpmVnP7g\"><b><i>AUTOFANS TV<\/i><\/b><\/a><b><i>\u00a0<\/i><\/b><i>en nuestro\u00a0canal de Youtube. Adem\u00e1s seguinos en\u00a0<\/i><a href=\"https:\/\/www.instagram.com\/autofanstv\/\"><i>INSTAGRAM<\/i><\/a><i> y <\/i><a href=\"https:\/\/www.facebook.com\/autofansmas\/\"><i>FACEBOOK<\/i><\/a><i> para no perderte nada sobre las novedades del segmento automotor de Argentina y el mundo.<\/i><\/p>\n","protected":false},"excerpt":{"rendered":"<p>En el Espacio Cultural del Paseo Aldrey, los amantes de los autos cl\u00e1sicos tienen una&#8230;<\/p>\n","protected":false},"author":2,"featured_media":6629,"comment_status":"closed","ping_status":"closed","sticky":false,"template":"","format":"standard","meta":{"footnotes":""},"categories":[3,16],"tags":[208,499,3513,3516,3514,3519,3512,3518,2891,3517,62,364,2810,3515],"class_list":["post-6628","post","type-post","status-publish","format-standard","has-post-thumbnail","hentry","category-autos","category-noticias","tag-bmw","tag-autos-clasicos","tag-club-de-automoviles-antiguos","tag-coches-de-epoca","tag-espacio-cultural-paseo-aldrey","tag-eventos-mar-del-plata","tag-exposicion-de-autos","tag-ford-a","tag-historia-del-automovil","tag-jaguar","tag-mar-del-plata","tag-mercedes-benz","tag-porsche","tag-vehiculos-vintage"],"yoast_head":"<!-- This site is optimized with the Yoast SEO plugin v27.5 - https:\/\/yoast.com\/product\/yoast-seo-wordpress\/ -->\n<title>Exposici\u00f3n de autos cl\u00e1sicos en Mar del Plata -<\/title>\n<meta name=\"description\" content=\"En el Espacio Cultural del Paseo Aldrey, los amantes de los autos cl\u00e1sicos tienen una cita ineludible. Hasta el 8 de febrero...\" \/>\n<meta name=\"robots\" content=\"index, follow, max-snippet:-1, max-image-preview:large, max-video-preview:-1\" \/>\n<link rel=\"canonical\" href=\"https:\/\/autofans.com.ar\/index.php\/2024\/02\/02\/exposicion-de-autos-clasicos-en-mar-del-plata\/\" \/>\n<meta property=\"og:locale\" content=\"es_ES\" \/>\n<meta property=\"og:type\" content=\"article\" \/>\n<meta property=\"og:title\" content=\"Exposici\u00f3n de autos cl\u00e1sicos en Mar del Plata -\" \/>\n<meta property=\"og:description\" content=\"En el Espacio Cultural del Paseo Aldrey, los amantes de los autos cl\u00e1sicos tienen una cita ineludible. Hasta el 8 de febrero...\" \/>\n<meta property=\"og:url\" content=\"https:\/\/autofans.com.ar\/index.php\/2024\/02\/02\/exposicion-de-autos-clasicos-en-mar-del-plata\/\" \/>\n<meta property=\"article:published_time\" content=\"2024-02-02T17:41:49+00:00\" \/>\n<meta property=\"og:image\" content=\"https:\/\/autofans.com.ar\/wp-content\/uploads\/2024\/02\/Untitled-2-scaled.jpeg\" \/>\n\t<meta property=\"og:image:width\" content=\"2560\" \/>\n\t<meta property=\"og:image:height\" content=\"1708\" \/>\n\t<meta property=\"og:image:type\" content=\"image\/jpeg\" \/>\n<meta name=\"author\" content=\"Alejandro Gabriel Rosito\" \/>\n<meta name=\"twitter:card\" content=\"summary_large_image\" \/>\n<meta name=\"twitter:label1\" content=\"Escrito por\" \/>\n\t<meta name=\"twitter:data1\" content=\"Alejandro Gabriel Rosito\" \/>\n\t<meta name=\"twitter:label2\" content=\"Tiempo de lectura\" \/>\n\t<meta name=\"twitter:data2\" content=\"3 minutos\" \/>\n<script type=\"application\/ld+json\" class=\"yoast-schema-graph\">{\"@context\":\"https:\\\/\\\/schema.org\",\"@graph\":[{\"@type\":\"Article\",\"@id\":\"https:\\\/\\\/autofans.com.ar\\\/index.php\\\/2024\\\/02\\\/02\\\/exposicion-de-autos-clasicos-en-mar-del-plata\\\/#article\",\"isPartOf\":{\"@id\":\"https:\\\/\\\/autofans.com.ar\\\/index.php\\\/2024\\\/02\\\/02\\\/exposicion-de-autos-clasicos-en-mar-del-plata\\\/\"},\"author\":{\"name\":\"Alejandro Gabriel Rosito\",\"@id\":\"https:\\\/\\\/autofans.com.ar\\\/#\\\/schema\\\/person\\\/4a8dda0b6df83ac3d6723e921274c2aa\"},\"headline\":\"Exposici\u00f3n de autos cl\u00e1sicos en Mar del Plata\",\"datePublished\":\"2024-02-02T17:41:49+00:00\",\"mainEntityOfPage\":{\"@id\":\"https:\\\/\\\/autofans.com.ar\\\/index.php\\\/2024\\\/02\\\/02\\\/exposicion-de-autos-clasicos-en-mar-del-plata\\\/\"},\"wordCount\":477,\"image\":{\"@id\":\"https:\\\/\\\/autofans.com.ar\\\/index.php\\\/2024\\\/02\\\/02\\\/exposicion-de-autos-clasicos-en-mar-del-plata\\\/#primaryimage\"},\"thumbnailUrl\":\"https:\\\/\\\/autofans.com.ar\\\/wp-content\\\/uploads\\\/2024\\\/02\\\/Untitled-2-scaled.jpeg\",\"keywords\":[\"#BMW\",\"autos cl\u00e1sicos\",\"Club de Autom\u00f3viles Antiguos\",\"Coches de \u00c9poca\",\"Espacio Cultural Paseo Aldrey\",\"Eventos Mar del Plata\",\"Exposici\u00f3n de Autos\",\"Ford A\",\"historia del autom\u00f3vil\",\"Jaguar\",\"Mar del Plata\",\"Mercedes-Benz\",\"Porsche\",\"Veh\u00edculos Vintage\"],\"articleSection\":[\"AUTOS y SUV\",\"NOTICIAS\"],\"inLanguage\":\"es\"},{\"@type\":\"WebPage\",\"@id\":\"https:\\\/\\\/autofans.com.ar\\\/index.php\\\/2024\\\/02\\\/02\\\/exposicion-de-autos-clasicos-en-mar-del-plata\\\/\",\"url\":\"https:\\\/\\\/autofans.com.ar\\\/index.php\\\/2024\\\/02\\\/02\\\/exposicion-de-autos-clasicos-en-mar-del-plata\\\/\",\"name\":\"Exposici\u00f3n de autos cl\u00e1sicos en Mar del Plata -\",\"isPartOf\":{\"@id\":\"https:\\\/\\\/autofans.com.ar\\\/#website\"},\"primaryImageOfPage\":{\"@id\":\"https:\\\/\\\/autofans.com.ar\\\/index.php\\\/2024\\\/02\\\/02\\\/exposicion-de-autos-clasicos-en-mar-del-plata\\\/#primaryimage\"},\"image\":{\"@id\":\"https:\\\/\\\/autofans.com.ar\\\/index.php\\\/2024\\\/02\\\/02\\\/exposicion-de-autos-clasicos-en-mar-del-plata\\\/#primaryimage\"},\"thumbnailUrl\":\"https:\\\/\\\/autofans.com.ar\\\/wp-content\\\/uploads\\\/2024\\\/02\\\/Untitled-2-scaled.jpeg\",\"datePublished\":\"2024-02-02T17:41:49+00:00\",\"author\":{\"@id\":\"https:\\\/\\\/autofans.com.ar\\\/#\\\/schema\\\/person\\\/4a8dda0b6df83ac3d6723e921274c2aa\"},\"description\":\"En el Espacio Cultural del Paseo Aldrey, los amantes de los autos cl\u00e1sicos tienen una cita ineludible. Hasta el 8 de febrero...\",\"breadcrumb\":{\"@id\":\"https:\\\/\\\/autofans.com.ar\\\/index.php\\\/2024\\\/02\\\/02\\\/exposicion-de-autos-clasicos-en-mar-del-plata\\\/#breadcrumb\"},\"inLanguage\":\"es\",\"potentialAction\":[{\"@type\":\"ReadAction\",\"target\":[\"https:\\\/\\\/autofans.com.ar\\\/index.php\\\/2024\\\/02\\\/02\\\/exposicion-de-autos-clasicos-en-mar-del-plata\\\/\"]}]},{\"@type\":\"ImageObject\",\"inLanguage\":\"es\",\"@id\":\"https:\\\/\\\/autofans.com.ar\\\/index.php\\\/2024\\\/02\\\/02\\\/exposicion-de-autos-clasicos-en-mar-del-plata\\\/#primaryimage\",\"url\":\"https:\\\/\\\/autofans.com.ar\\\/wp-content\\\/uploads\\\/2024\\\/02\\\/Untitled-2-scaled.jpeg\",\"contentUrl\":\"https:\\\/\\\/autofans.com.ar\\\/wp-content\\\/uploads\\\/2024\\\/02\\\/Untitled-2-scaled.jpeg\",\"width\":2560,\"height\":1708,\"caption\":\"Exposici\u00f3n de autos\"},{\"@type\":\"BreadcrumbList\",\"@id\":\"https:\\\/\\\/autofans.com.ar\\\/index.php\\\/2024\\\/02\\\/02\\\/exposicion-de-autos-clasicos-en-mar-del-plata\\\/#breadcrumb\",\"itemListElement\":[{\"@type\":\"ListItem\",\"position\":1,\"name\":\"Inicio\",\"item\":\"https:\\\/\\\/autofans.com.ar\\\/\"},{\"@type\":\"ListItem\",\"position\":2,\"name\":\"Exposici\u00f3n de autos cl\u00e1sicos en Mar del Plata\"}]},{\"@type\":\"WebSite\",\"@id\":\"https:\\\/\\\/autofans.com.ar\\\/#website\",\"url\":\"https:\\\/\\\/autofans.com.ar\\\/\",\"name\":\"\",\"description\":\"El multimedio referente de la industria automotriz\",\"potentialAction\":[{\"@type\":\"SearchAction\",\"target\":{\"@type\":\"EntryPoint\",\"urlTemplate\":\"https:\\\/\\\/autofans.com.ar\\\/?s={search_term_string}\"},\"query-input\":{\"@type\":\"PropertyValueSpecification\",\"valueRequired\":true,\"valueName\":\"search_term_string\"}}],\"inLanguage\":\"es\"},{\"@type\":\"Person\",\"@id\":\"https:\\\/\\\/autofans.com.ar\\\/#\\\/schema\\\/person\\\/4a8dda0b6df83ac3d6723e921274c2aa\",\"name\":\"Alejandro Gabriel Rosito\",\"image\":{\"@type\":\"ImageObject\",\"inLanguage\":\"es\",\"@id\":\"https:\\\/\\\/secure.gravatar.com\\\/avatar\\\/16c5dda1489adfc62618084dcbb91cffd879c374b13fe5dd8e44ed6733852c88?s=96&d=mm&r=g\",\"url\":\"https:\\\/\\\/secure.gravatar.com\\\/avatar\\\/16c5dda1489adfc62618084dcbb91cffd879c374b13fe5dd8e44ed6733852c88?s=96&d=mm&r=g\",\"contentUrl\":\"https:\\\/\\\/secure.gravatar.com\\\/avatar\\\/16c5dda1489adfc62618084dcbb91cffd879c374b13fe5dd8e44ed6733852c88?s=96&d=mm&r=g\",\"caption\":\"Alejandro Gabriel Rosito\"},\"url\":\"https:\\\/\\\/autofans.com.ar\\\/index.php\\\/author\\\/gabrielr\\\/\"}]}<\/script>\n<!-- \/ Yoast SEO plugin. -->","yoast_head_json":{"title":"Exposici\u00f3n de autos cl\u00e1sicos en Mar del Plata -","description":"En el Espacio Cultural del Paseo Aldrey, los amantes de los autos cl\u00e1sicos tienen una cita ineludible. Hasta el 8 de febrero...","robots":{"index":"index","follow":"follow","max-snippet":"max-snippet:-1","max-image-preview":"max-image-preview:large","max-video-preview":"max-video-preview:-1"},"canonical":"https:\/\/autofans.com.ar\/index.php\/2024\/02\/02\/exposicion-de-autos-clasicos-en-mar-del-plata\/","og_locale":"es_ES","og_type":"article","og_title":"Exposici\u00f3n de autos cl\u00e1sicos en Mar del Plata -","og_description":"En el Espacio Cultural del Paseo Aldrey, los amantes de los autos cl\u00e1sicos tienen una cita ineludible. Hasta el 8 de febrero...","og_url":"https:\/\/autofans.com.ar\/index.php\/2024\/02\/02\/exposicion-de-autos-clasicos-en-mar-del-plata\/","article_published_time":"2024-02-02T17:41:49+00:00","og_image":[{"width":2560,"height":1708,"url":"https:\/\/autofans.com.ar\/wp-content\/uploads\/2024\/02\/Untitled-2-scaled.jpeg","type":"image\/jpeg"}],"author":"Alejandro Gabriel Rosito","twitter_card":"summary_large_image","twitter_misc":{"Escrito por":"Alejandro Gabriel Rosito","Tiempo de lectura":"3 minutos"},"schema":{"@context":"https:\/\/schema.org","@graph":[{"@type":"Article","@id":"https:\/\/autofans.com.ar\/index.php\/2024\/02\/02\/exposicion-de-autos-clasicos-en-mar-del-plata\/#article","isPartOf":{"@id":"https:\/\/autofans.com.ar\/index.php\/2024\/02\/02\/exposicion-de-autos-clasicos-en-mar-del-plata\/"},"author":{"name":"Alejandro Gabriel Rosito","@id":"https:\/\/autofans.com.ar\/#\/schema\/person\/4a8dda0b6df83ac3d6723e921274c2aa"},"headline":"Exposici\u00f3n de autos cl\u00e1sicos en Mar del Plata","datePublished":"2024-02-02T17:41:49+00:00","mainEntityOfPage":{"@id":"https:\/\/autofans.com.ar\/index.php\/2024\/02\/02\/exposicion-de-autos-clasicos-en-mar-del-plata\/"},"wordCount":477,"image":{"@id":"https:\/\/autofans.com.ar\/index.php\/2024\/02\/02\/exposicion-de-autos-clasicos-en-mar-del-plata\/#primaryimage"},"thumbnailUrl":"https:\/\/autofans.com.ar\/wp-content\/uploads\/2024\/02\/Untitled-2-scaled.jpeg","keywords":["#BMW","autos cl\u00e1sicos","Club de Autom\u00f3viles Antiguos","Coches de \u00c9poca","Espacio Cultural Paseo Aldrey","Eventos Mar del Plata","Exposici\u00f3n de Autos","Ford A","historia del autom\u00f3vil","Jaguar","Mar del Plata","Mercedes-Benz","Porsche","Veh\u00edculos Vintage"],"articleSection":["AUTOS y SUV","NOTICIAS"],"inLanguage":"es"},{"@type":"WebPage","@id":"https:\/\/autofans.com.ar\/index.php\/2024\/02\/02\/exposicion-de-autos-clasicos-en-mar-del-plata\/","url":"https:\/\/autofans.com.ar\/index.php\/2024\/02\/02\/exposicion-de-autos-clasicos-en-mar-del-plata\/","name":"Exposici\u00f3n de autos cl\u00e1sicos en Mar del Plata -","isPartOf":{"@id":"https:\/\/autofans.com.ar\/#website"},"primaryImageOfPage":{"@id":"https:\/\/autofans.com.ar\/index.php\/2024\/02\/02\/exposicion-de-autos-clasicos-en-mar-del-plata\/#primaryimage"},"image":{"@id":"https:\/\/autofans.com.ar\/index.php\/2024\/02\/02\/exposicion-de-autos-clasicos-en-mar-del-plata\/#primaryimage"},"thumbnailUrl":"https:\/\/autofans.com.ar\/wp-content\/uploads\/2024\/02\/Untitled-2-scaled.jpeg","datePublished":"2024-02-02T17:41:49+00:00","author":{"@id":"https:\/\/autofans.com.ar\/#\/schema\/person\/4a8dda0b6df83ac3d6723e921274c2aa"},"description":"En el Espacio Cultural del Paseo Aldrey, los amantes de los autos cl\u00e1sicos tienen una cita ineludible. Hasta el 8 de febrero...","breadcrumb":{"@id":"https:\/\/autofans.com.ar\/index.php\/2024\/02\/02\/exposicion-de-autos-clasicos-en-mar-del-plata\/#breadcrumb"},"inLanguage":"es","potentialAction":[{"@type":"ReadAction","target":["https:\/\/autofans.com.ar\/index.php\/2024\/02\/02\/exposicion-de-autos-clasicos-en-mar-del-plata\/"]}]},{"@type":"ImageObject","inLanguage":"es","@id":"https:\/\/autofans.com.ar\/index.php\/2024\/02\/02\/exposicion-de-autos-clasicos-en-mar-del-plata\/#primaryimage","url":"https:\/\/autofans.com.ar\/wp-content\/uploads\/2024\/02\/Untitled-2-scaled.jpeg","contentUrl":"https:\/\/autofans.com.ar\/wp-content\/uploads\/2024\/02\/Untitled-2-scaled.jpeg","width":2560,"height":1708,"caption":"Exposici\u00f3n de autos"},{"@type":"BreadcrumbList","@id":"https:\/\/autofans.com.ar\/index.php\/2024\/02\/02\/exposicion-de-autos-clasicos-en-mar-del-plata\/#breadcrumb","itemListElement":[{"@type":"ListItem","position":1,"name":"Inicio","item":"https:\/\/autofans.com.ar\/"},{"@type":"ListItem","position":2,"name":"Exposici\u00f3n de autos cl\u00e1sicos en Mar del Plata"}]},{"@type":"WebSite","@id":"https:\/\/autofans.com.ar\/#website","url":"https:\/\/autofans.com.ar\/","name":"","description":"El multimedio referente de la industria automotriz","potentialAction":[{"@type":"SearchAction","target":{"@type":"EntryPoint","urlTemplate":"https:\/\/autofans.com.ar\/?s={search_term_string}"},"query-input":{"@type":"PropertyValueSpecification","valueRequired":true,"valueName":"search_term_string"}}],"inLanguage":"es"},{"@type":"Person","@id":"https:\/\/autofans.com.ar\/#\/schema\/person\/4a8dda0b6df83ac3d6723e921274c2aa","name":"Alejandro Gabriel Rosito","image":{"@type":"ImageObject","inLanguage":"es","@id":"https:\/\/secure.gravatar.com\/avatar\/16c5dda1489adfc62618084dcbb91cffd879c374b13fe5dd8e44ed6733852c88?s=96&d=mm&r=g","url":"https:\/\/secure.gravatar.com\/avatar\/16c5dda1489adfc62618084dcbb91cffd879c374b13fe5dd8e44ed6733852c88?s=96&d=mm&r=g","contentUrl":"https:\/\/secure.gravatar.com\/avatar\/16c5dda1489adfc62618084dcbb91cffd879c374b13fe5dd8e44ed6733852c88?s=96&d=mm&r=g","caption":"Alejandro Gabriel Rosito"},"url":"https:\/\/autofans.com.ar\/index.php\/author\/gabrielr\/"}]}},"featured_image_urls":{"full":["https:\/\/autofans.com.ar\/wp-content\/uploads\/2024\/02\/Untitled-2-scaled.jpeg",2560,1708,false],"thumbnail":["https:\/\/autofans.com.ar\/wp-content\/uploads\/2024\/02\/Untitled-2-150x150.jpeg",150,150,true],"medium":["https:\/\/autofans.com.ar\/wp-content\/uploads\/2024\/02\/Untitled-2-300x200.jpeg",300,200,true],"medium_large":["https:\/\/autofans.com.ar\/wp-content\/uploads\/2024\/02\/Untitled-2-768x512.jpeg",640,427,true],"large":["https:\/\/autofans.com.ar\/wp-content\/uploads\/2024\/02\/Untitled-2-1024x683.jpeg",640,427,true],"1536x1536":["https:\/\/autofans.com.ar\/wp-content\/uploads\/2024\/02\/Untitled-2-1536x1025.jpeg",1536,1025,true],"2048x2048":["https:\/\/autofans.com.ar\/wp-content\/uploads\/2024\/02\/Untitled-2-2048x1367.jpeg",2048,1367,true],"covernews-featured":["https:\/\/autofans.com.ar\/wp-content\/uploads\/2024\/02\/Untitled-2-1024x683.jpeg",1024,683,true],"covernews-medium":["https:\/\/autofans.com.ar\/wp-content\/uploads\/2024\/02\/Untitled-2-540x340.jpeg",540,340,true]},"author_info":{"display_name":"Alejandro Gabriel Rosito","author_link":"https:\/\/autofans.com.ar\/index.php\/author\/gabrielr\/"},"category_info":"<a href=\"https:\/\/autofans.com.ar\/index.php\/category\/noticias\/autos\/\" rel=\"category tag\">AUTOS y SUV<\/a> <a href=\"https:\/\/autofans.com.ar\/index.php\/category\/noticias\/\" rel=\"category tag\">NOTICIAS<\/a>","tag_info":"NOTICIAS","comment_count":0,"_links":{"self":[{"href":"https:\/\/autofans.com.ar\/index.php\/wp-json\/wp\/v2\/posts\/6628","targetHints":{"allow":["GET"]}}],"collection":[{"href":"https:\/\/autofans.com.ar\/index.php\/wp-json\/wp\/v2\/posts"}],"about":[{"href":"https:\/\/autofans.com.ar\/index.php\/wp-json\/wp\/v2\/types\/post"}],"author":[{"embeddable":true,"href":"https:\/\/autofans.com.ar\/index.php\/wp-json\/wp\/v2\/users\/2"}],"replies":[{"embeddable":true,"href":"https:\/\/autofans.com.ar\/index.php\/wp-json\/wp\/v2\/comments?post=6628"}],"version-history":[{"count":1,"href":"https:\/\/autofans.com.ar\/index.php\/wp-json\/wp\/v2\/posts\/6628\/revisions"}],"predecessor-version":[{"id":6631,"href":"https:\/\/autofans.com.ar\/index.php\/wp-json\/wp\/v2\/posts\/6628\/revisions\/6631"}],"wp:featuredmedia":[{"embeddable":true,"href":"https:\/\/autofans.com.ar\/index.php\/wp-json\/wp\/v2\/media\/6629"}],"wp:attachment":[{"href":"https:\/\/autofans.com.ar\/index.php\/wp-json\/wp\/v2\/media?parent=6628"}],"wp:term":[{"taxonomy":"category","embeddable":true,"href":"https:\/\/autofans.com.ar\/index.php\/wp-json\/wp\/v2\/categories?post=6628"},{"taxonomy":"post_tag","embeddable":true,"href":"https:\/\/autofans.com.ar\/index.php\/wp-json\/wp\/v2\/tags?post=6628"}],"curies":[{"name":"wp","href":"https:\/\/api.w.org\/{rel}","templated":true}]}}