{"id":6652,"date":"2024-02-08T13:30:30","date_gmt":"2024-02-08T16:30:30","guid":{"rendered":"https:\/\/autofans.com.ar\/?p=6652"},"modified":"2024-02-08T13:30:30","modified_gmt":"2024-02-08T16:30:30","slug":"audi-ingolstadt-produccion-neutra-en-carbono","status":"publish","type":"post","link":"https:\/\/autofans.com.ar\/index.php\/2024\/02\/08\/audi-ingolstadt-produccion-neutra-en-carbono\/","title":{"rendered":"Audi Ingolstadt, producci\u00f3n neutra en carbono"},"content":{"rendered":"<p>Desde principios de 2024, la planta de Audi en Ingolstadt se ha convertido en pionera al lograr una producci\u00f3n neta neutra en carbono, consolid\u00e1ndose como la tercera instalaci\u00f3n de Audi en lograr cero emisiones netas, siguiendo los pasos de Bruselas (2018) y Gy\u0151r (2020). Esta iniciativa forma parte del programa ambiental Mission:Zero de Audi, que busca alcanzar la neutralidad de carbono en todas sus plantas a nivel mundial para 2025.<\/p>\n<p>&nbsp;<\/p>\n<h2>Aumento de la eficiencia energ\u00e9tica<\/h2>\n<p>En el primer pilar de su concepto, Audi se enfoca en mejorar la eficiencia energ\u00e9tica en sus instalaciones, logrando notables ahorros. En 2022, la planta de Ingolstadt ahorr\u00f3 m\u00e1s de 35,000 megavatios hora de energ\u00eda y evit\u00f3 m\u00e1s de 5,000 toneladas de emisiones de carbono gracias a medidas de gesti\u00f3n energ\u00e9tica. La plataforma Energy Analytics, desarrollada por Audi, ha desempe\u00f1ado un papel clave al identificar \u00e1reas de mejora a trav\u00e9s del an\u00e1lisis de grandes cantidades de datos de producci\u00f3n.<\/p>\n<p>&nbsp;<\/p>\n<p><img fetchpriority=\"high\" decoding=\"async\" class=\"aligncenter wp-image-6654 size-full\" src=\"https:\/\/autofans.com.ar\/wp-content\/uploads\/2024\/02\/audi-2-1.jpg\" alt=\"Audi Ingolstadt\" width=\"1000\" height=\"667\" srcset=\"https:\/\/autofans.com.ar\/wp-content\/uploads\/2024\/02\/audi-2-1.jpg 1000w, https:\/\/autofans.com.ar\/wp-content\/uploads\/2024\/02\/audi-2-1-300x200.jpg 300w, https:\/\/autofans.com.ar\/wp-content\/uploads\/2024\/02\/audi-2-1-768x512.jpg 768w\" sizes=\"(max-width: 1000px) 100vw, 1000px\" \/><\/p>\n<p>&nbsp;<\/p>\n<p>En el segundo pilar, Audi genera electricidad a partir de fuentes renovables internamente, con 23,000 metros cuadrados de m\u00f3dulos fotovoltaicos instalados en la planta de Ingolstadt. Con planes de expansi\u00f3n, la marca busca aumentar la generaci\u00f3n de energ\u00eda renovable en todas sus instalaciones, incorporando tambi\u00e9n la generaci\u00f3n de energ\u00eda t\u00e9rmica a trav\u00e9s de bombas de calor para reutilizar el calor residual.<\/p>\n<p>&nbsp;<\/p>\n<blockquote>\n<p style=\"text-align: center;\">El Dr. R\u00fcdiger Recknagel, Director de Protecci\u00f3n Ambiental de Audi AG, explica: \u00abUna refiner\u00eda vecina y la planta de reciclaje de residuos municipales suministran a la planta principal calor residual neto neutro en carbono. Adem\u00e1s, hemos asegurado grandes cantidades de biog\u00e1s para garantizar un suministro neto de calor neutro en carbono\u00bb.<\/p>\n<\/blockquote>\n<p>&nbsp;<\/p>\n<p>El tercer pilar destaca la transici\u00f3n de Audi hacia compras de energ\u00eda neutra en carbono desde 2012, fabricando autom\u00f3viles en Ingolstadt exclusivamente con electricidad verde. El Dr. R\u00fcdiger Recknagel, Director de Protecci\u00f3n Ambiental de Audi AG, destaca el suministro neto neutro en carbono de calor residual proveniente de una refiner\u00eda vecina y la planta de reciclaje de residuos municipales, junto con la adquisici\u00f3n de grandes cantidades de biog\u00e1s.<\/p>\n<p>El cuarto pilar aborda la compensaci\u00f3n de emisiones inevitables (hasta el 10% de las emisiones originales) mediante la compra de cr\u00e9ditos de carbono certificados, invirtiendo en proyectos de alta calidad como la construcci\u00f3n de turbinas e\u00f3licas en el Sur Global. Audi busca cubrir casi todas sus necesidades energ\u00e9ticas con fuentes renovables.<\/p>\n<p>&nbsp;<\/p>\n<blockquote>\n<p style=\"text-align: center;\">Gerd Walker, responsable de Producci\u00f3n y Log\u00edstica del Consejo de Administraci\u00f3n de Audi, resume: \u00abProteger el medio ambiente de la mejor manera posible est\u00e1 firmemente anclado en la estrategia corporativa de Audi. Al hacer la transici\u00f3n de la planta de Ingolstadt a las energ\u00edas renovables, estamos dando un paso importante hacia nuestro objetivo de neutralidad neta de carbono1 en la producci\u00f3n de veh\u00edculos\u00bb.<\/p>\n<\/blockquote>\n<p>&nbsp;<\/p>\n<h2>Misi\u00f3n Zero y m\u00e1s all\u00e1<\/h2>\n<p>El programa ambiental de Audi, Mission:Zero, no se limita a la descarbonizaci\u00f3n, tambi\u00e9n aborda \u00e1reas clave como el uso sostenible del agua, la eficiencia de los recursos y la protecci\u00f3n de la biodiversidad. Audi planea reducir a la mitad el consumo de agua ponderado ecol\u00f3gicamente en sus plantas para 2035 y se ha unido a la Alliance for Water Stewardship. La compa\u00f1\u00eda tambi\u00e9n se compromete a proteger la biodiversidad en todos sus emplazamientos.<\/p>\n<p>&nbsp;<\/p>\n<p><img decoding=\"async\" class=\"aligncenter wp-image-6653 size-full\" src=\"https:\/\/autofans.com.ar\/wp-content\/uploads\/2024\/02\/audi-3-1.jpg\" alt=\"Audi Ingolstadt\" width=\"1000\" height=\"667\" srcset=\"https:\/\/autofans.com.ar\/wp-content\/uploads\/2024\/02\/audi-3-1.jpg 1000w, https:\/\/autofans.com.ar\/wp-content\/uploads\/2024\/02\/audi-3-1-300x200.jpg 300w, https:\/\/autofans.com.ar\/wp-content\/uploads\/2024\/02\/audi-3-1-768x512.jpg 768w\" sizes=\"(max-width: 1000px) 100vw, 1000px\" \/><\/p>\n<p>&nbsp;<\/p>\n<p>Audi se enfoca en la sostenibilidad en el desarrollo de sus plantas con la iniciativa 360factory, modernizando y transformando sus instalaciones existentes para lograr flexibilidad y eficiencia sin expandir nuevas \u00e1reas. La revitalizaci\u00f3n de un antiguo emplazamiento industrial en el sur de Ingolstadt destaca el compromiso de Audi con el uso sostenible del suelo.<\/p>\n<p>&nbsp;<\/p>\n<p>&nbsp;<\/p>\n<p><i>Para enterarte de m\u00e1s novedades, no dejes de leer\u00a0<\/i><a href=\"https:\/\/autofans.thebrandsoup.com\/\"><i>nuestras notas<\/i><\/a><i>, de ver<\/i><b><i>\u00a0<\/i><\/b><a href=\"https:\/\/www.youtube.com\/channel\/UCgAC8UGHZYbT6P7PpmVnP7g\"><b><i>AUTOFANS TV<\/i><\/b><\/a><b><i>\u00a0<\/i><\/b><i>en nuestro\u00a0canal de Youtube. Adem\u00e1s seguinos en\u00a0<\/i><a href=\"https:\/\/www.instagram.com\/autofanstv\/\"><i>INSTAGRAM<\/i><\/a><i> y <\/i><a href=\"https:\/\/www.facebook.com\/autofansmas\/\"><i>FACEBOOK<\/i><\/a><i> para no perderte nada sobre las novedades del segmento automotor de Argentina y el mundo.<\/i><\/p>\n","protected":false},"excerpt":{"rendered":"<p>Desde principios de 2024, la planta de Audi en Ingolstadt se ha convertido en pionera&#8230;<\/p>\n","protected":false},"author":2,"featured_media":6655,"comment_status":"closed","ping_status":"closed","sticky":false,"template":"","format":"standard","meta":{"footnotes":""},"categories":[292,16],"tags":[216,3534,911,3535,3533,3532,356,825,357,3531,3530],"class_list":["post-6652","post","type-post","status-publish","format-standard","has-post-thumbnail","hentry","category-empresas","category-noticias","tag-sostenibilidad","tag-agua","tag-audi","tag-biodiversidad","tag-compensacion-de-emisiones","tag-compra-de-energia","tag-eficiencia-energetica","tag-energia-renovable","tag-medio-ambiente","tag-missionzero","tag-produccion-neutra-en-carbono"],"yoast_head":"<!-- This site is optimized with the Yoast SEO plugin v27.5 - https:\/\/yoast.com\/product\/yoast-seo-wordpress\/ -->\n<title>Audi Ingolstadt, producci\u00f3n neutra en carbono -<\/title>\n<meta name=\"description\" content=\"Audi Ingolstadt se convirti\u00f3 en pionera al lograr una producci\u00f3n neta neutra en carbono, la tercera instalaci\u00f3n de Audi en lograrlo...\" \/>\n<meta name=\"robots\" content=\"index, follow, max-snippet:-1, max-image-preview:large, max-video-preview:-1\" \/>\n<link rel=\"canonical\" href=\"https:\/\/autofans.com.ar\/index.php\/2024\/02\/08\/audi-ingolstadt-produccion-neutra-en-carbono\/\" \/>\n<meta property=\"og:locale\" content=\"es_ES\" \/>\n<meta property=\"og:type\" content=\"article\" \/>\n<meta property=\"og:title\" content=\"Audi Ingolstadt, producci\u00f3n neutra en carbono -\" \/>\n<meta property=\"og:description\" content=\"Audi Ingolstadt se convirti\u00f3 en pionera al lograr una producci\u00f3n neta neutra en carbono, la tercera instalaci\u00f3n de Audi en lograrlo...\" \/>\n<meta property=\"og:url\" content=\"https:\/\/autofans.com.ar\/index.php\/2024\/02\/08\/audi-ingolstadt-produccion-neutra-en-carbono\/\" \/>\n<meta property=\"article:published_time\" content=\"2024-02-08T16:30:30+00:00\" \/>\n<meta property=\"og:image\" content=\"https:\/\/autofans.com.ar\/wp-content\/uploads\/2024\/02\/audi-1.jpg\" \/>\n\t<meta property=\"og:image:width\" content=\"640\" \/>\n\t<meta property=\"og:image:height\" content=\"427\" \/>\n\t<meta property=\"og:image:type\" content=\"image\/jpeg\" \/>\n<meta name=\"author\" content=\"Alejandro Gabriel Rosito\" \/>\n<meta name=\"twitter:card\" content=\"summary_large_image\" \/>\n<meta name=\"twitter:label1\" content=\"Escrito por\" \/>\n\t<meta name=\"twitter:data1\" content=\"Alejandro Gabriel Rosito\" \/>\n\t<meta name=\"twitter:label2\" content=\"Tiempo de lectura\" \/>\n\t<meta name=\"twitter:data2\" content=\"3 minutos\" \/>\n<script type=\"application\/ld+json\" class=\"yoast-schema-graph\">{\"@context\":\"https:\\\/\\\/schema.org\",\"@graph\":[{\"@type\":\"Article\",\"@id\":\"https:\\\/\\\/autofans.com.ar\\\/index.php\\\/2024\\\/02\\\/08\\\/audi-ingolstadt-produccion-neutra-en-carbono\\\/#article\",\"isPartOf\":{\"@id\":\"https:\\\/\\\/autofans.com.ar\\\/index.php\\\/2024\\\/02\\\/08\\\/audi-ingolstadt-produccion-neutra-en-carbono\\\/\"},\"author\":{\"name\":\"Alejandro Gabriel Rosito\",\"@id\":\"https:\\\/\\\/autofans.com.ar\\\/#\\\/schema\\\/person\\\/4a8dda0b6df83ac3d6723e921274c2aa\"},\"headline\":\"Audi Ingolstadt, producci\u00f3n neutra en carbono\",\"datePublished\":\"2024-02-08T16:30:30+00:00\",\"mainEntityOfPage\":{\"@id\":\"https:\\\/\\\/autofans.com.ar\\\/index.php\\\/2024\\\/02\\\/08\\\/audi-ingolstadt-produccion-neutra-en-carbono\\\/\"},\"wordCount\":690,\"image\":{\"@id\":\"https:\\\/\\\/autofans.com.ar\\\/index.php\\\/2024\\\/02\\\/08\\\/audi-ingolstadt-produccion-neutra-en-carbono\\\/#primaryimage\"},\"thumbnailUrl\":\"https:\\\/\\\/autofans.com.ar\\\/wp-content\\\/uploads\\\/2024\\\/02\\\/audi-1.jpg\",\"keywords\":[\"#sostenibilidad\",\"Agua\",\"Audi\",\"Biodiversidad\",\"Compensaci\u00f3n de Emisiones\",\"Compra de Energ\u00eda\",\"eficiencia energ\u00e9tica\",\"energ\u00eda renovable\",\"medio ambiente\",\"Mission:Zero\",\"Producci\u00f3n Neutra en Carbono\"],\"articleSection\":[\"EMPRESAS\",\"NOTICIAS\"],\"inLanguage\":\"es\"},{\"@type\":\"WebPage\",\"@id\":\"https:\\\/\\\/autofans.com.ar\\\/index.php\\\/2024\\\/02\\\/08\\\/audi-ingolstadt-produccion-neutra-en-carbono\\\/\",\"url\":\"https:\\\/\\\/autofans.com.ar\\\/index.php\\\/2024\\\/02\\\/08\\\/audi-ingolstadt-produccion-neutra-en-carbono\\\/\",\"name\":\"Audi Ingolstadt, producci\u00f3n neutra en carbono -\",\"isPartOf\":{\"@id\":\"https:\\\/\\\/autofans.com.ar\\\/#website\"},\"primaryImageOfPage\":{\"@id\":\"https:\\\/\\\/autofans.com.ar\\\/index.php\\\/2024\\\/02\\\/08\\\/audi-ingolstadt-produccion-neutra-en-carbono\\\/#primaryimage\"},\"image\":{\"@id\":\"https:\\\/\\\/autofans.com.ar\\\/index.php\\\/2024\\\/02\\\/08\\\/audi-ingolstadt-produccion-neutra-en-carbono\\\/#primaryimage\"},\"thumbnailUrl\":\"https:\\\/\\\/autofans.com.ar\\\/wp-content\\\/uploads\\\/2024\\\/02\\\/audi-1.jpg\",\"datePublished\":\"2024-02-08T16:30:30+00:00\",\"author\":{\"@id\":\"https:\\\/\\\/autofans.com.ar\\\/#\\\/schema\\\/person\\\/4a8dda0b6df83ac3d6723e921274c2aa\"},\"description\":\"Audi Ingolstadt se convirti\u00f3 en pionera al lograr una producci\u00f3n neta neutra en carbono, la tercera instalaci\u00f3n de Audi en lograrlo...\",\"breadcrumb\":{\"@id\":\"https:\\\/\\\/autofans.com.ar\\\/index.php\\\/2024\\\/02\\\/08\\\/audi-ingolstadt-produccion-neutra-en-carbono\\\/#breadcrumb\"},\"inLanguage\":\"es\",\"potentialAction\":[{\"@type\":\"ReadAction\",\"target\":[\"https:\\\/\\\/autofans.com.ar\\\/index.php\\\/2024\\\/02\\\/08\\\/audi-ingolstadt-produccion-neutra-en-carbono\\\/\"]}]},{\"@type\":\"ImageObject\",\"inLanguage\":\"es\",\"@id\":\"https:\\\/\\\/autofans.com.ar\\\/index.php\\\/2024\\\/02\\\/08\\\/audi-ingolstadt-produccion-neutra-en-carbono\\\/#primaryimage\",\"url\":\"https:\\\/\\\/autofans.com.ar\\\/wp-content\\\/uploads\\\/2024\\\/02\\\/audi-1.jpg\",\"contentUrl\":\"https:\\\/\\\/autofans.com.ar\\\/wp-content\\\/uploads\\\/2024\\\/02\\\/audi-1.jpg\",\"width\":1000,\"height\":667,\"caption\":\"Audi Ingolstadt\"},{\"@type\":\"BreadcrumbList\",\"@id\":\"https:\\\/\\\/autofans.com.ar\\\/index.php\\\/2024\\\/02\\\/08\\\/audi-ingolstadt-produccion-neutra-en-carbono\\\/#breadcrumb\",\"itemListElement\":[{\"@type\":\"ListItem\",\"position\":1,\"name\":\"Inicio\",\"item\":\"https:\\\/\\\/autofans.com.ar\\\/\"},{\"@type\":\"ListItem\",\"position\":2,\"name\":\"Audi Ingolstadt, producci\u00f3n neutra en carbono\"}]},{\"@type\":\"WebSite\",\"@id\":\"https:\\\/\\\/autofans.com.ar\\\/#website\",\"url\":\"https:\\\/\\\/autofans.com.ar\\\/\",\"name\":\"\",\"description\":\"El multimedio referente de la industria automotriz\",\"potentialAction\":[{\"@type\":\"SearchAction\",\"target\":{\"@type\":\"EntryPoint\",\"urlTemplate\":\"https:\\\/\\\/autofans.com.ar\\\/?s={search_term_string}\"},\"query-input\":{\"@type\":\"PropertyValueSpecification\",\"valueRequired\":true,\"valueName\":\"search_term_string\"}}],\"inLanguage\":\"es\"},{\"@type\":\"Person\",\"@id\":\"https:\\\/\\\/autofans.com.ar\\\/#\\\/schema\\\/person\\\/4a8dda0b6df83ac3d6723e921274c2aa\",\"name\":\"Alejandro Gabriel Rosito\",\"image\":{\"@type\":\"ImageObject\",\"inLanguage\":\"es\",\"@id\":\"https:\\\/\\\/secure.gravatar.com\\\/avatar\\\/16c5dda1489adfc62618084dcbb91cffd879c374b13fe5dd8e44ed6733852c88?s=96&d=mm&r=g\",\"url\":\"https:\\\/\\\/secure.gravatar.com\\\/avatar\\\/16c5dda1489adfc62618084dcbb91cffd879c374b13fe5dd8e44ed6733852c88?s=96&d=mm&r=g\",\"contentUrl\":\"https:\\\/\\\/secure.gravatar.com\\\/avatar\\\/16c5dda1489adfc62618084dcbb91cffd879c374b13fe5dd8e44ed6733852c88?s=96&d=mm&r=g\",\"caption\":\"Alejandro Gabriel Rosito\"},\"url\":\"https:\\\/\\\/autofans.com.ar\\\/index.php\\\/author\\\/gabrielr\\\/\"}]}<\/script>\n<!-- \/ Yoast SEO plugin. -->","yoast_head_json":{"title":"Audi Ingolstadt, producci\u00f3n neutra en carbono -","description":"Audi Ingolstadt se convirti\u00f3 en pionera al lograr una producci\u00f3n neta neutra en carbono, la tercera instalaci\u00f3n de Audi en lograrlo...","robots":{"index":"index","follow":"follow","max-snippet":"max-snippet:-1","max-image-preview":"max-image-preview:large","max-video-preview":"max-video-preview:-1"},"canonical":"https:\/\/autofans.com.ar\/index.php\/2024\/02\/08\/audi-ingolstadt-produccion-neutra-en-carbono\/","og_locale":"es_ES","og_type":"article","og_title":"Audi Ingolstadt, producci\u00f3n neutra en carbono -","og_description":"Audi Ingolstadt se convirti\u00f3 en pionera al lograr una producci\u00f3n neta neutra en carbono, la tercera instalaci\u00f3n de Audi en lograrlo...","og_url":"https:\/\/autofans.com.ar\/index.php\/2024\/02\/08\/audi-ingolstadt-produccion-neutra-en-carbono\/","article_published_time":"2024-02-08T16:30:30+00:00","og_image":[{"url":"https:\/\/autofans.com.ar\/wp-content\/uploads\/2024\/02\/audi-1.jpg","width":640,"height":427,"type":"image\/jpeg"}],"author":"Alejandro Gabriel Rosito","twitter_card":"summary_large_image","twitter_misc":{"Escrito por":"Alejandro Gabriel Rosito","Tiempo de lectura":"3 minutos"},"schema":{"@context":"https:\/\/schema.org","@graph":[{"@type":"Article","@id":"https:\/\/autofans.com.ar\/index.php\/2024\/02\/08\/audi-ingolstadt-produccion-neutra-en-carbono\/#article","isPartOf":{"@id":"https:\/\/autofans.com.ar\/index.php\/2024\/02\/08\/audi-ingolstadt-produccion-neutra-en-carbono\/"},"author":{"name":"Alejandro Gabriel Rosito","@id":"https:\/\/autofans.com.ar\/#\/schema\/person\/4a8dda0b6df83ac3d6723e921274c2aa"},"headline":"Audi Ingolstadt, producci\u00f3n neutra en carbono","datePublished":"2024-02-08T16:30:30+00:00","mainEntityOfPage":{"@id":"https:\/\/autofans.com.ar\/index.php\/2024\/02\/08\/audi-ingolstadt-produccion-neutra-en-carbono\/"},"wordCount":690,"image":{"@id":"https:\/\/autofans.com.ar\/index.php\/2024\/02\/08\/audi-ingolstadt-produccion-neutra-en-carbono\/#primaryimage"},"thumbnailUrl":"https:\/\/autofans.com.ar\/wp-content\/uploads\/2024\/02\/audi-1.jpg","keywords":["#sostenibilidad","Agua","Audi","Biodiversidad","Compensaci\u00f3n de Emisiones","Compra de Energ\u00eda","eficiencia energ\u00e9tica","energ\u00eda renovable","medio ambiente","Mission:Zero","Producci\u00f3n Neutra en Carbono"],"articleSection":["EMPRESAS","NOTICIAS"],"inLanguage":"es"},{"@type":"WebPage","@id":"https:\/\/autofans.com.ar\/index.php\/2024\/02\/08\/audi-ingolstadt-produccion-neutra-en-carbono\/","url":"https:\/\/autofans.com.ar\/index.php\/2024\/02\/08\/audi-ingolstadt-produccion-neutra-en-carbono\/","name":"Audi Ingolstadt, producci\u00f3n neutra en carbono -","isPartOf":{"@id":"https:\/\/autofans.com.ar\/#website"},"primaryImageOfPage":{"@id":"https:\/\/autofans.com.ar\/index.php\/2024\/02\/08\/audi-ingolstadt-produccion-neutra-en-carbono\/#primaryimage"},"image":{"@id":"https:\/\/autofans.com.ar\/index.php\/2024\/02\/08\/audi-ingolstadt-produccion-neutra-en-carbono\/#primaryimage"},"thumbnailUrl":"https:\/\/autofans.com.ar\/wp-content\/uploads\/2024\/02\/audi-1.jpg","datePublished":"2024-02-08T16:30:30+00:00","author":{"@id":"https:\/\/autofans.com.ar\/#\/schema\/person\/4a8dda0b6df83ac3d6723e921274c2aa"},"description":"Audi Ingolstadt se convirti\u00f3 en pionera al lograr una producci\u00f3n neta neutra en carbono, la tercera instalaci\u00f3n de Audi en lograrlo...","breadcrumb":{"@id":"https:\/\/autofans.com.ar\/index.php\/2024\/02\/08\/audi-ingolstadt-produccion-neutra-en-carbono\/#breadcrumb"},"inLanguage":"es","potentialAction":[{"@type":"ReadAction","target":["https:\/\/autofans.com.ar\/index.php\/2024\/02\/08\/audi-ingolstadt-produccion-neutra-en-carbono\/"]}]},{"@type":"ImageObject","inLanguage":"es","@id":"https:\/\/autofans.com.ar\/index.php\/2024\/02\/08\/audi-ingolstadt-produccion-neutra-en-carbono\/#primaryimage","url":"https:\/\/autofans.com.ar\/wp-content\/uploads\/2024\/02\/audi-1.jpg","contentUrl":"https:\/\/autofans.com.ar\/wp-content\/uploads\/2024\/02\/audi-1.jpg","width":1000,"height":667,"caption":"Audi Ingolstadt"},{"@type":"BreadcrumbList","@id":"https:\/\/autofans.com.ar\/index.php\/2024\/02\/08\/audi-ingolstadt-produccion-neutra-en-carbono\/#breadcrumb","itemListElement":[{"@type":"ListItem","position":1,"name":"Inicio","item":"https:\/\/autofans.com.ar\/"},{"@type":"ListItem","position":2,"name":"Audi Ingolstadt, producci\u00f3n neutra en carbono"}]},{"@type":"WebSite","@id":"https:\/\/autofans.com.ar\/#website","url":"https:\/\/autofans.com.ar\/","name":"","description":"El multimedio referente de la industria automotriz","potentialAction":[{"@type":"SearchAction","target":{"@type":"EntryPoint","urlTemplate":"https:\/\/autofans.com.ar\/?s={search_term_string}"},"query-input":{"@type":"PropertyValueSpecification","valueRequired":true,"valueName":"search_term_string"}}],"inLanguage":"es"},{"@type":"Person","@id":"https:\/\/autofans.com.ar\/#\/schema\/person\/4a8dda0b6df83ac3d6723e921274c2aa","name":"Alejandro Gabriel Rosito","image":{"@type":"ImageObject","inLanguage":"es","@id":"https:\/\/secure.gravatar.com\/avatar\/16c5dda1489adfc62618084dcbb91cffd879c374b13fe5dd8e44ed6733852c88?s=96&d=mm&r=g","url":"https:\/\/secure.gravatar.com\/avatar\/16c5dda1489adfc62618084dcbb91cffd879c374b13fe5dd8e44ed6733852c88?s=96&d=mm&r=g","contentUrl":"https:\/\/secure.gravatar.com\/avatar\/16c5dda1489adfc62618084dcbb91cffd879c374b13fe5dd8e44ed6733852c88?s=96&d=mm&r=g","caption":"Alejandro Gabriel Rosito"},"url":"https:\/\/autofans.com.ar\/index.php\/author\/gabrielr\/"}]}},"featured_image_urls":{"full":["https:\/\/autofans.com.ar\/wp-content\/uploads\/2024\/02\/audi-1.jpg",1000,667,false],"thumbnail":["https:\/\/autofans.com.ar\/wp-content\/uploads\/2024\/02\/audi-1-150x150.jpg",150,150,true],"medium":["https:\/\/autofans.com.ar\/wp-content\/uploads\/2024\/02\/audi-1-300x200.jpg",300,200,true],"medium_large":["https:\/\/autofans.com.ar\/wp-content\/uploads\/2024\/02\/audi-1-768x512.jpg",640,427,true],"large":["https:\/\/autofans.com.ar\/wp-content\/uploads\/2024\/02\/audi-1.jpg",640,427,false],"1536x1536":["https:\/\/autofans.com.ar\/wp-content\/uploads\/2024\/02\/audi-1.jpg",1000,667,false],"2048x2048":["https:\/\/autofans.com.ar\/wp-content\/uploads\/2024\/02\/audi-1.jpg",1000,667,false],"covernews-featured":["https:\/\/autofans.com.ar\/wp-content\/uploads\/2024\/02\/audi-1.jpg",1000,667,false],"covernews-medium":["https:\/\/autofans.com.ar\/wp-content\/uploads\/2024\/02\/audi-1-540x340.jpg",540,340,true]},"author_info":{"display_name":"Alejandro Gabriel Rosito","author_link":"https:\/\/autofans.com.ar\/index.php\/author\/gabrielr\/"},"category_info":"<a href=\"https:\/\/autofans.com.ar\/index.php\/category\/noticias\/empresas\/\" rel=\"category tag\">EMPRESAS<\/a> <a href=\"https:\/\/autofans.com.ar\/index.php\/category\/noticias\/\" rel=\"category tag\">NOTICIAS<\/a>","tag_info":"NOTICIAS","comment_count":0,"_links":{"self":[{"href":"https:\/\/autofans.com.ar\/index.php\/wp-json\/wp\/v2\/posts\/6652","targetHints":{"allow":["GET"]}}],"collection":[{"href":"https:\/\/autofans.com.ar\/index.php\/wp-json\/wp\/v2\/posts"}],"about":[{"href":"https:\/\/autofans.com.ar\/index.php\/wp-json\/wp\/v2\/types\/post"}],"author":[{"embeddable":true,"href":"https:\/\/autofans.com.ar\/index.php\/wp-json\/wp\/v2\/users\/2"}],"replies":[{"embeddable":true,"href":"https:\/\/autofans.com.ar\/index.php\/wp-json\/wp\/v2\/comments?post=6652"}],"version-history":[{"count":3,"href":"https:\/\/autofans.com.ar\/index.php\/wp-json\/wp\/v2\/posts\/6652\/revisions"}],"predecessor-version":[{"id":6658,"href":"https:\/\/autofans.com.ar\/index.php\/wp-json\/wp\/v2\/posts\/6652\/revisions\/6658"}],"wp:featuredmedia":[{"embeddable":true,"href":"https:\/\/autofans.com.ar\/index.php\/wp-json\/wp\/v2\/media\/6655"}],"wp:attachment":[{"href":"https:\/\/autofans.com.ar\/index.php\/wp-json\/wp\/v2\/media?parent=6652"}],"wp:term":[{"taxonomy":"category","embeddable":true,"href":"https:\/\/autofans.com.ar\/index.php\/wp-json\/wp\/v2\/categories?post=6652"},{"taxonomy":"post_tag","embeddable":true,"href":"https:\/\/autofans.com.ar\/index.php\/wp-json\/wp\/v2\/tags?post=6652"}],"curies":[{"name":"wp","href":"https:\/\/api.w.org\/{rel}","templated":true}]}}