{"id":6659,"date":"2024-02-08T18:20:23","date_gmt":"2024-02-08T21:20:23","guid":{"rendered":"https:\/\/autofans.com.ar\/?p=6659"},"modified":"2024-02-08T18:20:23","modified_gmt":"2024-02-08T21:20:23","slug":"precio-de-preventa-del-kwid-e-tech-100-electrico","status":"publish","type":"post","link":"https:\/\/autofans.com.ar\/index.php\/2024\/02\/08\/precio-de-preventa-del-kwid-e-tech-100-electrico\/","title":{"rendered":"Precio de preventa del Kwid E-Tech 100% el\u00e9ctrico"},"content":{"rendered":"<p>Renault Argentina dio a conocer el precio de preventa del esperado Kwid E-Tech 100% el\u00e9ctrico, reservado por entusiastas a fines de diciembre durante el evento Renault Summer Experience. El modelo estar\u00e1 disponible a partir de mediados de marzo en toda la red de concesionarios de la marca del rombo.<\/p>\n<p>&nbsp;<\/p>\n<h2>Test drives y adelantos de la gama E-Tech en Caril\u00f3<\/h2>\n<p>En el marco de Renault Summer Experience, la automotriz revel\u00f3 que el precio de preventa para los primeros Kwid E-Tech 100% el\u00e9ctricos reservados en diciembre ser\u00e1 de $27.880.000. Adem\u00e1s, la marca anunci\u00f3 descuentos exclusivos para los compradores, que incluyen un 25% de descuento en el cargador dom\u00e9stico de Chargebox, un 20% de descuento en la instalaci\u00f3n del cargador, y un a\u00f1o de seguro todo riesgo bonificado.<\/p>\n<p>&nbsp;<\/p>\n<p><img fetchpriority=\"high\" decoding=\"async\" class=\"aligncenter wp-image-6662 size-full\" src=\"https:\/\/autofans.com.ar\/wp-content\/uploads\/2024\/02\/kwid-2.jpg\" alt=\"Kwid E-Tech\" width=\"1000\" height=\"667\" srcset=\"https:\/\/autofans.com.ar\/wp-content\/uploads\/2024\/02\/kwid-2.jpg 1000w, https:\/\/autofans.com.ar\/wp-content\/uploads\/2024\/02\/kwid-2-300x200.jpg 300w, https:\/\/autofans.com.ar\/wp-content\/uploads\/2024\/02\/kwid-2-768x512.jpg 768w\" sizes=\"(max-width: 1000px) 100vw, 1000px\" \/><\/p>\n<p>&nbsp;<\/p>\n<p>Quienes visiten Caril\u00f3 en febrero tendr\u00e1n la oportunidad de conocer de cerca el Kwid E-Tech 100% el\u00e9ctrico, destacado por su facilidad de recarga y su agilidad en el tr\u00e1nsito urbano. Equipado con una bater\u00eda de 27 kWh y una autonom\u00eda de 298 kil\u00f3metros en uso urbano, este city car el\u00e9ctrico se lanzar\u00e1 oficialmente a fines de marzo, ofreciendo la posibilidad de realizar test drives.<\/p>\n<p>Durante el evento Renault Summer Experience en Caril\u00f3, los visitantes tambi\u00e9n podr\u00e1n conocer la gama completa de veh\u00edculos E-Tech, como la Kangoo E-Tech 100% el\u00e9ctrica y el Megane E-Tech 100% el\u00e9ctrico. Adem\u00e1s, se presentar\u00e1 un adelanto del Renault Kardian y una exclusiva vista previa del modelo 2024 de Duster.<\/p>\n<p>&nbsp;<\/p>\n<h2>Test drives, servicios exclusivos y beneficios para clientes My Renault<\/h2>\n<p>El despliegue de verano de Renault no se limita solo a la presentaci\u00f3n de veh\u00edculos. La marca estar\u00e1 presente en el parador Kota Beach hasta el 13 de febrero, ofreciendo test drives y consejos de manejo. El Renault Care Service, ubicado en Pinamar, continuar\u00e1 brindando servicios exclusivos para clientes Renault hasta el 15 de febrero, incluyendo cambio de aceite, reparaciones de mec\u00e1nica ligera y diagn\u00f3stico gratuito.<\/p>\n<p>&nbsp;<\/p>\n<p><img decoding=\"async\" class=\"aligncenter wp-image-6660 size-full\" src=\"https:\/\/autofans.com.ar\/wp-content\/uploads\/2024\/02\/kwid-4.jpg\" alt=\"Kwid E-Tech\" width=\"1000\" height=\"667\" srcset=\"https:\/\/autofans.com.ar\/wp-content\/uploads\/2024\/02\/kwid-4.jpg 1000w, https:\/\/autofans.com.ar\/wp-content\/uploads\/2024\/02\/kwid-4-300x200.jpg 300w, https:\/\/autofans.com.ar\/wp-content\/uploads\/2024\/02\/kwid-4-768x512.jpg 768w\" sizes=\"(max-width: 1000px) 100vw, 1000px\" \/><\/p>\n<p>&nbsp;<\/p>\n<p>Adem\u00e1s, los clientes My Renault, el programa de fidelizaci\u00f3n de la marca, disfrutar\u00e1n de beneficios exclusivos durante las vacaciones de verano, con propuestas en gastronom\u00eda, entretenimiento y turismo. Para conocer m\u00e1s sobre sorteos y beneficios, pueden visitar la p\u00e1gina oficial del programa My Renault: <a href=\"https:\/\/myrenault.com.ar\/\" target=\"_blank\" rel=\"noopener\">https:\/\/myrenault.com.ar\/<\/a>.<\/p>\n<p>&nbsp;<\/p>\n<p>&nbsp;<\/p>\n<p><i>Para enterarte de m\u00e1s novedades, no dejes de leer\u00a0<\/i><a href=\"https:\/\/autofans.thebrandsoup.com\/\"><i>nuestras notas<\/i><\/a><i>, de ver<\/i><b><i>\u00a0<\/i><\/b><a href=\"https:\/\/www.youtube.com\/channel\/UCgAC8UGHZYbT6P7PpmVnP7g\"><b><i>AUTOFANS TV<\/i><\/b><\/a><b><i>\u00a0<\/i><\/b><i>en nuestro\u00a0canal de Youtube. Adem\u00e1s seguinos en\u00a0<\/i><a href=\"https:\/\/www.instagram.com\/autofanstv\/\"><i>INSTAGRAM<\/i><\/a><i> y <\/i><a href=\"https:\/\/www.facebook.com\/autofansmas\/\"><i>FACEBOOK<\/i><\/a><i> para no perderte nada sobre las novedades del segmento automotor de Argentina y el mundo.<\/i><\/p>\n","protected":false},"excerpt":{"rendered":"<p>Renault Argentina dio a conocer el precio de preventa del esperado Kwid E-Tech 100% el\u00e9ctrico,&#8230;<\/p>\n","protected":false},"author":2,"featured_media":6663,"comment_status":"closed","ping_status":"closed","sticky":false,"template":"","format":"standard","meta":{"footnotes":""},"categories":[341,16],"tags":[3539,3536,3537,565,3476,3538,359],"class_list":["post-6659","post","type-post","status-publish","format-standard","has-post-thumbnail","hentry","category-hibridos-y-electricos","category-noticias","tag-cuidado-del-automovil","tag-kwid-e-tech","tag-precios-de-preventa","tag-renault-argentina","tag-renault-summer-experience","tag-test-drives","tag-vehiculos-electricos"],"yoast_head":"<!-- This site is optimized with the Yoast SEO plugin v27.5 - https:\/\/yoast.com\/product\/yoast-seo-wordpress\/ -->\n<title>Precio de preventa del Kwid E-Tech 100% el\u00e9ctrico -<\/title>\n<meta name=\"description\" content=\"Renault Argentina dio a conocer el precio de preventa del esperado Kwid E-Tech 100% el\u00e9ctrico, reservado por entusiastas a fines de diciembre.\" \/>\n<meta name=\"robots\" content=\"index, follow, max-snippet:-1, max-image-preview:large, max-video-preview:-1\" \/>\n<link rel=\"canonical\" href=\"https:\/\/autofans.com.ar\/index.php\/2024\/02\/08\/precio-de-preventa-del-kwid-e-tech-100-electrico\/\" \/>\n<meta property=\"og:locale\" content=\"es_ES\" \/>\n<meta property=\"og:type\" content=\"article\" \/>\n<meta property=\"og:title\" content=\"Precio de preventa del Kwid E-Tech 100% el\u00e9ctrico -\" \/>\n<meta property=\"og:description\" content=\"Renault Argentina dio a conocer el precio de preventa del esperado Kwid E-Tech 100% el\u00e9ctrico, reservado por entusiastas a fines de diciembre.\" \/>\n<meta property=\"og:url\" content=\"https:\/\/autofans.com.ar\/index.php\/2024\/02\/08\/precio-de-preventa-del-kwid-e-tech-100-electrico\/\" \/>\n<meta property=\"article:published_time\" content=\"2024-02-08T21:20:23+00:00\" \/>\n<meta property=\"og:image\" content=\"https:\/\/autofans.com.ar\/wp-content\/uploads\/2024\/02\/kwid-1.jpg\" \/>\n\t<meta property=\"og:image:width\" content=\"640\" \/>\n\t<meta property=\"og:image:height\" content=\"427\" \/>\n\t<meta property=\"og:image:type\" content=\"image\/jpeg\" \/>\n<meta name=\"author\" content=\"Alejandro Gabriel Rosito\" \/>\n<meta name=\"twitter:card\" content=\"summary_large_image\" \/>\n<meta name=\"twitter:label1\" content=\"Escrito por\" \/>\n\t<meta name=\"twitter:data1\" content=\"Alejandro Gabriel Rosito\" \/>\n\t<meta name=\"twitter:label2\" content=\"Tiempo de lectura\" \/>\n\t<meta name=\"twitter:data2\" content=\"3 minutos\" \/>\n<script type=\"application\/ld+json\" class=\"yoast-schema-graph\">{\"@context\":\"https:\\\/\\\/schema.org\",\"@graph\":[{\"@type\":\"Article\",\"@id\":\"https:\\\/\\\/autofans.com.ar\\\/index.php\\\/2024\\\/02\\\/08\\\/precio-de-preventa-del-kwid-e-tech-100-electrico\\\/#article\",\"isPartOf\":{\"@id\":\"https:\\\/\\\/autofans.com.ar\\\/index.php\\\/2024\\\/02\\\/08\\\/precio-de-preventa-del-kwid-e-tech-100-electrico\\\/\"},\"author\":{\"name\":\"Alejandro Gabriel Rosito\",\"@id\":\"https:\\\/\\\/autofans.com.ar\\\/#\\\/schema\\\/person\\\/4a8dda0b6df83ac3d6723e921274c2aa\"},\"headline\":\"Precio de preventa del Kwid E-Tech 100% el\u00e9ctrico\",\"datePublished\":\"2024-02-08T21:20:23+00:00\",\"mainEntityOfPage\":{\"@id\":\"https:\\\/\\\/autofans.com.ar\\\/index.php\\\/2024\\\/02\\\/08\\\/precio-de-preventa-del-kwid-e-tech-100-electrico\\\/\"},\"wordCount\":437,\"image\":{\"@id\":\"https:\\\/\\\/autofans.com.ar\\\/index.php\\\/2024\\\/02\\\/08\\\/precio-de-preventa-del-kwid-e-tech-100-electrico\\\/#primaryimage\"},\"thumbnailUrl\":\"https:\\\/\\\/autofans.com.ar\\\/wp-content\\\/uploads\\\/2024\\\/02\\\/kwid-1.jpg\",\"keywords\":[\"Cuidado del Autom\u00f3vil\",\"Kwid E-Tech\",\"Precios de Preventa\",\"Renault Argentina\",\"Renault Summer Experience\",\"Test Drives\",\"veh\u00edculos el\u00e9ctricos\"],\"articleSection\":[\"HIBRIDOS, ELECTRICOS y otros\",\"NOTICIAS\"],\"inLanguage\":\"es\"},{\"@type\":\"WebPage\",\"@id\":\"https:\\\/\\\/autofans.com.ar\\\/index.php\\\/2024\\\/02\\\/08\\\/precio-de-preventa-del-kwid-e-tech-100-electrico\\\/\",\"url\":\"https:\\\/\\\/autofans.com.ar\\\/index.php\\\/2024\\\/02\\\/08\\\/precio-de-preventa-del-kwid-e-tech-100-electrico\\\/\",\"name\":\"Precio de preventa del Kwid E-Tech 100% el\u00e9ctrico -\",\"isPartOf\":{\"@id\":\"https:\\\/\\\/autofans.com.ar\\\/#website\"},\"primaryImageOfPage\":{\"@id\":\"https:\\\/\\\/autofans.com.ar\\\/index.php\\\/2024\\\/02\\\/08\\\/precio-de-preventa-del-kwid-e-tech-100-electrico\\\/#primaryimage\"},\"image\":{\"@id\":\"https:\\\/\\\/autofans.com.ar\\\/index.php\\\/2024\\\/02\\\/08\\\/precio-de-preventa-del-kwid-e-tech-100-electrico\\\/#primaryimage\"},\"thumbnailUrl\":\"https:\\\/\\\/autofans.com.ar\\\/wp-content\\\/uploads\\\/2024\\\/02\\\/kwid-1.jpg\",\"datePublished\":\"2024-02-08T21:20:23+00:00\",\"author\":{\"@id\":\"https:\\\/\\\/autofans.com.ar\\\/#\\\/schema\\\/person\\\/4a8dda0b6df83ac3d6723e921274c2aa\"},\"description\":\"Renault Argentina dio a conocer el precio de preventa del esperado Kwid E-Tech 100% el\u00e9ctrico, reservado por entusiastas a fines de diciembre.\",\"breadcrumb\":{\"@id\":\"https:\\\/\\\/autofans.com.ar\\\/index.php\\\/2024\\\/02\\\/08\\\/precio-de-preventa-del-kwid-e-tech-100-electrico\\\/#breadcrumb\"},\"inLanguage\":\"es\",\"potentialAction\":[{\"@type\":\"ReadAction\",\"target\":[\"https:\\\/\\\/autofans.com.ar\\\/index.php\\\/2024\\\/02\\\/08\\\/precio-de-preventa-del-kwid-e-tech-100-electrico\\\/\"]}]},{\"@type\":\"ImageObject\",\"inLanguage\":\"es\",\"@id\":\"https:\\\/\\\/autofans.com.ar\\\/index.php\\\/2024\\\/02\\\/08\\\/precio-de-preventa-del-kwid-e-tech-100-electrico\\\/#primaryimage\",\"url\":\"https:\\\/\\\/autofans.com.ar\\\/wp-content\\\/uploads\\\/2024\\\/02\\\/kwid-1.jpg\",\"contentUrl\":\"https:\\\/\\\/autofans.com.ar\\\/wp-content\\\/uploads\\\/2024\\\/02\\\/kwid-1.jpg\",\"width\":1000,\"height\":667,\"caption\":\"Kwid E-Tech\"},{\"@type\":\"BreadcrumbList\",\"@id\":\"https:\\\/\\\/autofans.com.ar\\\/index.php\\\/2024\\\/02\\\/08\\\/precio-de-preventa-del-kwid-e-tech-100-electrico\\\/#breadcrumb\",\"itemListElement\":[{\"@type\":\"ListItem\",\"position\":1,\"name\":\"Inicio\",\"item\":\"https:\\\/\\\/autofans.com.ar\\\/\"},{\"@type\":\"ListItem\",\"position\":2,\"name\":\"Precio de preventa del Kwid E-Tech 100% el\u00e9ctrico\"}]},{\"@type\":\"WebSite\",\"@id\":\"https:\\\/\\\/autofans.com.ar\\\/#website\",\"url\":\"https:\\\/\\\/autofans.com.ar\\\/\",\"name\":\"\",\"description\":\"El multimedio referente de la industria automotriz\",\"potentialAction\":[{\"@type\":\"SearchAction\",\"target\":{\"@type\":\"EntryPoint\",\"urlTemplate\":\"https:\\\/\\\/autofans.com.ar\\\/?s={search_term_string}\"},\"query-input\":{\"@type\":\"PropertyValueSpecification\",\"valueRequired\":true,\"valueName\":\"search_term_string\"}}],\"inLanguage\":\"es\"},{\"@type\":\"Person\",\"@id\":\"https:\\\/\\\/autofans.com.ar\\\/#\\\/schema\\\/person\\\/4a8dda0b6df83ac3d6723e921274c2aa\",\"name\":\"Alejandro Gabriel Rosito\",\"image\":{\"@type\":\"ImageObject\",\"inLanguage\":\"es\",\"@id\":\"https:\\\/\\\/secure.gravatar.com\\\/avatar\\\/16c5dda1489adfc62618084dcbb91cffd879c374b13fe5dd8e44ed6733852c88?s=96&d=mm&r=g\",\"url\":\"https:\\\/\\\/secure.gravatar.com\\\/avatar\\\/16c5dda1489adfc62618084dcbb91cffd879c374b13fe5dd8e44ed6733852c88?s=96&d=mm&r=g\",\"contentUrl\":\"https:\\\/\\\/secure.gravatar.com\\\/avatar\\\/16c5dda1489adfc62618084dcbb91cffd879c374b13fe5dd8e44ed6733852c88?s=96&d=mm&r=g\",\"caption\":\"Alejandro Gabriel Rosito\"},\"url\":\"https:\\\/\\\/autofans.com.ar\\\/index.php\\\/author\\\/gabrielr\\\/\"}]}<\/script>\n<!-- \/ Yoast SEO plugin. -->","yoast_head_json":{"title":"Precio de preventa del Kwid E-Tech 100% el\u00e9ctrico -","description":"Renault Argentina dio a conocer el precio de preventa del esperado Kwid E-Tech 100% el\u00e9ctrico, reservado por entusiastas a fines de diciembre.","robots":{"index":"index","follow":"follow","max-snippet":"max-snippet:-1","max-image-preview":"max-image-preview:large","max-video-preview":"max-video-preview:-1"},"canonical":"https:\/\/autofans.com.ar\/index.php\/2024\/02\/08\/precio-de-preventa-del-kwid-e-tech-100-electrico\/","og_locale":"es_ES","og_type":"article","og_title":"Precio de preventa del Kwid E-Tech 100% el\u00e9ctrico -","og_description":"Renault Argentina dio a conocer el precio de preventa del esperado Kwid E-Tech 100% el\u00e9ctrico, reservado por entusiastas a fines de diciembre.","og_url":"https:\/\/autofans.com.ar\/index.php\/2024\/02\/08\/precio-de-preventa-del-kwid-e-tech-100-electrico\/","article_published_time":"2024-02-08T21:20:23+00:00","og_image":[{"url":"https:\/\/autofans.com.ar\/wp-content\/uploads\/2024\/02\/kwid-1.jpg","width":640,"height":427,"type":"image\/jpeg"}],"author":"Alejandro Gabriel Rosito","twitter_card":"summary_large_image","twitter_misc":{"Escrito por":"Alejandro Gabriel Rosito","Tiempo de lectura":"3 minutos"},"schema":{"@context":"https:\/\/schema.org","@graph":[{"@type":"Article","@id":"https:\/\/autofans.com.ar\/index.php\/2024\/02\/08\/precio-de-preventa-del-kwid-e-tech-100-electrico\/#article","isPartOf":{"@id":"https:\/\/autofans.com.ar\/index.php\/2024\/02\/08\/precio-de-preventa-del-kwid-e-tech-100-electrico\/"},"author":{"name":"Alejandro Gabriel Rosito","@id":"https:\/\/autofans.com.ar\/#\/schema\/person\/4a8dda0b6df83ac3d6723e921274c2aa"},"headline":"Precio de preventa del Kwid E-Tech 100% el\u00e9ctrico","datePublished":"2024-02-08T21:20:23+00:00","mainEntityOfPage":{"@id":"https:\/\/autofans.com.ar\/index.php\/2024\/02\/08\/precio-de-preventa-del-kwid-e-tech-100-electrico\/"},"wordCount":437,"image":{"@id":"https:\/\/autofans.com.ar\/index.php\/2024\/02\/08\/precio-de-preventa-del-kwid-e-tech-100-electrico\/#primaryimage"},"thumbnailUrl":"https:\/\/autofans.com.ar\/wp-content\/uploads\/2024\/02\/kwid-1.jpg","keywords":["Cuidado del Autom\u00f3vil","Kwid E-Tech","Precios de Preventa","Renault Argentina","Renault Summer Experience","Test Drives","veh\u00edculos el\u00e9ctricos"],"articleSection":["HIBRIDOS, ELECTRICOS y otros","NOTICIAS"],"inLanguage":"es"},{"@type":"WebPage","@id":"https:\/\/autofans.com.ar\/index.php\/2024\/02\/08\/precio-de-preventa-del-kwid-e-tech-100-electrico\/","url":"https:\/\/autofans.com.ar\/index.php\/2024\/02\/08\/precio-de-preventa-del-kwid-e-tech-100-electrico\/","name":"Precio de preventa del Kwid E-Tech 100% el\u00e9ctrico -","isPartOf":{"@id":"https:\/\/autofans.com.ar\/#website"},"primaryImageOfPage":{"@id":"https:\/\/autofans.com.ar\/index.php\/2024\/02\/08\/precio-de-preventa-del-kwid-e-tech-100-electrico\/#primaryimage"},"image":{"@id":"https:\/\/autofans.com.ar\/index.php\/2024\/02\/08\/precio-de-preventa-del-kwid-e-tech-100-electrico\/#primaryimage"},"thumbnailUrl":"https:\/\/autofans.com.ar\/wp-content\/uploads\/2024\/02\/kwid-1.jpg","datePublished":"2024-02-08T21:20:23+00:00","author":{"@id":"https:\/\/autofans.com.ar\/#\/schema\/person\/4a8dda0b6df83ac3d6723e921274c2aa"},"description":"Renault Argentina dio a conocer el precio de preventa del esperado Kwid E-Tech 100% el\u00e9ctrico, reservado por entusiastas a fines de diciembre.","breadcrumb":{"@id":"https:\/\/autofans.com.ar\/index.php\/2024\/02\/08\/precio-de-preventa-del-kwid-e-tech-100-electrico\/#breadcrumb"},"inLanguage":"es","potentialAction":[{"@type":"ReadAction","target":["https:\/\/autofans.com.ar\/index.php\/2024\/02\/08\/precio-de-preventa-del-kwid-e-tech-100-electrico\/"]}]},{"@type":"ImageObject","inLanguage":"es","@id":"https:\/\/autofans.com.ar\/index.php\/2024\/02\/08\/precio-de-preventa-del-kwid-e-tech-100-electrico\/#primaryimage","url":"https:\/\/autofans.com.ar\/wp-content\/uploads\/2024\/02\/kwid-1.jpg","contentUrl":"https:\/\/autofans.com.ar\/wp-content\/uploads\/2024\/02\/kwid-1.jpg","width":1000,"height":667,"caption":"Kwid E-Tech"},{"@type":"BreadcrumbList","@id":"https:\/\/autofans.com.ar\/index.php\/2024\/02\/08\/precio-de-preventa-del-kwid-e-tech-100-electrico\/#breadcrumb","itemListElement":[{"@type":"ListItem","position":1,"name":"Inicio","item":"https:\/\/autofans.com.ar\/"},{"@type":"ListItem","position":2,"name":"Precio de preventa del Kwid E-Tech 100% el\u00e9ctrico"}]},{"@type":"WebSite","@id":"https:\/\/autofans.com.ar\/#website","url":"https:\/\/autofans.com.ar\/","name":"","description":"El multimedio referente de la industria automotriz","potentialAction":[{"@type":"SearchAction","target":{"@type":"EntryPoint","urlTemplate":"https:\/\/autofans.com.ar\/?s={search_term_string}"},"query-input":{"@type":"PropertyValueSpecification","valueRequired":true,"valueName":"search_term_string"}}],"inLanguage":"es"},{"@type":"Person","@id":"https:\/\/autofans.com.ar\/#\/schema\/person\/4a8dda0b6df83ac3d6723e921274c2aa","name":"Alejandro Gabriel Rosito","image":{"@type":"ImageObject","inLanguage":"es","@id":"https:\/\/secure.gravatar.com\/avatar\/16c5dda1489adfc62618084dcbb91cffd879c374b13fe5dd8e44ed6733852c88?s=96&d=mm&r=g","url":"https:\/\/secure.gravatar.com\/avatar\/16c5dda1489adfc62618084dcbb91cffd879c374b13fe5dd8e44ed6733852c88?s=96&d=mm&r=g","contentUrl":"https:\/\/secure.gravatar.com\/avatar\/16c5dda1489adfc62618084dcbb91cffd879c374b13fe5dd8e44ed6733852c88?s=96&d=mm&r=g","caption":"Alejandro Gabriel Rosito"},"url":"https:\/\/autofans.com.ar\/index.php\/author\/gabrielr\/"}]}},"featured_image_urls":{"full":["https:\/\/autofans.com.ar\/wp-content\/uploads\/2024\/02\/kwid-1.jpg",1000,667,false],"thumbnail":["https:\/\/autofans.com.ar\/wp-content\/uploads\/2024\/02\/kwid-1-150x150.jpg",150,150,true],"medium":["https:\/\/autofans.com.ar\/wp-content\/uploads\/2024\/02\/kwid-1-300x200.jpg",300,200,true],"medium_large":["https:\/\/autofans.com.ar\/wp-content\/uploads\/2024\/02\/kwid-1-768x512.jpg",640,427,true],"large":["https:\/\/autofans.com.ar\/wp-content\/uploads\/2024\/02\/kwid-1.jpg",640,427,false],"1536x1536":["https:\/\/autofans.com.ar\/wp-content\/uploads\/2024\/02\/kwid-1.jpg",1000,667,false],"2048x2048":["https:\/\/autofans.com.ar\/wp-content\/uploads\/2024\/02\/kwid-1.jpg",1000,667,false],"covernews-featured":["https:\/\/autofans.com.ar\/wp-content\/uploads\/2024\/02\/kwid-1.jpg",1000,667,false],"covernews-medium":["https:\/\/autofans.com.ar\/wp-content\/uploads\/2024\/02\/kwid-1-540x340.jpg",540,340,true]},"author_info":{"display_name":"Alejandro Gabriel Rosito","author_link":"https:\/\/autofans.com.ar\/index.php\/author\/gabrielr\/"},"category_info":"<a href=\"https:\/\/autofans.com.ar\/index.php\/category\/noticias\/hibridos-y-electricos\/\" rel=\"category tag\">HIBRIDOS, ELECTRICOS y otros<\/a> <a href=\"https:\/\/autofans.com.ar\/index.php\/category\/noticias\/\" rel=\"category tag\">NOTICIAS<\/a>","tag_info":"NOTICIAS","comment_count":0,"_links":{"self":[{"href":"https:\/\/autofans.com.ar\/index.php\/wp-json\/wp\/v2\/posts\/6659","targetHints":{"allow":["GET"]}}],"collection":[{"href":"https:\/\/autofans.com.ar\/index.php\/wp-json\/wp\/v2\/posts"}],"about":[{"href":"https:\/\/autofans.com.ar\/index.php\/wp-json\/wp\/v2\/types\/post"}],"author":[{"embeddable":true,"href":"https:\/\/autofans.com.ar\/index.php\/wp-json\/wp\/v2\/users\/2"}],"replies":[{"embeddable":true,"href":"https:\/\/autofans.com.ar\/index.php\/wp-json\/wp\/v2\/comments?post=6659"}],"version-history":[{"count":1,"href":"https:\/\/autofans.com.ar\/index.php\/wp-json\/wp\/v2\/posts\/6659\/revisions"}],"predecessor-version":[{"id":6664,"href":"https:\/\/autofans.com.ar\/index.php\/wp-json\/wp\/v2\/posts\/6659\/revisions\/6664"}],"wp:featuredmedia":[{"embeddable":true,"href":"https:\/\/autofans.com.ar\/index.php\/wp-json\/wp\/v2\/media\/6663"}],"wp:attachment":[{"href":"https:\/\/autofans.com.ar\/index.php\/wp-json\/wp\/v2\/media?parent=6659"}],"wp:term":[{"taxonomy":"category","embeddable":true,"href":"https:\/\/autofans.com.ar\/index.php\/wp-json\/wp\/v2\/categories?post=6659"},{"taxonomy":"post_tag","embeddable":true,"href":"https:\/\/autofans.com.ar\/index.php\/wp-json\/wp\/v2\/tags?post=6659"}],"curies":[{"name":"wp","href":"https:\/\/api.w.org\/{rel}","templated":true}]}}