{"id":6684,"date":"2024-02-13T14:07:10","date_gmt":"2024-02-13T17:07:10","guid":{"rendered":"https:\/\/autofans.com.ar\/?p=6684"},"modified":"2024-02-13T14:07:59","modified_gmt":"2024-02-13T17:07:59","slug":"mercedes-benz-heritage-ampliando-su-legado-con-kienle","status":"publish","type":"post","link":"https:\/\/autofans.com.ar\/index.php\/2024\/02\/13\/mercedes-benz-heritage-ampliando-su-legado-con-kienle\/","title":{"rendered":"Mercedes-Benz Heritage, ampliando su legado con Kienle"},"content":{"rendered":"<p>Mercedes-Benz Heritage GmbH, la divisi\u00f3n encargada de preservar la rica historia de la marca, ha dado un paso crucial en su expansi\u00f3n al adquirir componentes de la reconocida Kienle Automobiltechnik GmbH. Esta estrat\u00e9gica adquisici\u00f3n no solo representa un aumento en el crecimiento de la marca, sino tambi\u00e9n la incorporaci\u00f3n de conocimientos especializados que fortalecer\u00e1n la experiencia en restauraci\u00f3n, servicio y repuestos.<\/p>\n<p>&nbsp;<\/p>\n<h2>Mercedes-Benz refuerza su liderazgo en cl\u00e1sicos con expertos de alto nivel<\/h2>\n<p>&nbsp;<\/p>\n<p><img fetchpriority=\"high\" decoding=\"async\" class=\"aligncenter wp-image-6686 size-full\" src=\"https:\/\/autofans.com.ar\/wp-content\/uploads\/2024\/02\/mercedes-2.jpg\" alt=\"Mercedes-Benz\" width=\"1000\" height=\"667\" srcset=\"https:\/\/autofans.com.ar\/wp-content\/uploads\/2024\/02\/mercedes-2.jpg 1000w, https:\/\/autofans.com.ar\/wp-content\/uploads\/2024\/02\/mercedes-2-300x200.jpg 300w, https:\/\/autofans.com.ar\/wp-content\/uploads\/2024\/02\/mercedes-2-768x512.jpg 768w\" sizes=\"(max-width: 1000px) 100vw, 1000px\" \/><\/p>\n<p>&nbsp;<\/p>\n<p>La operaci\u00f3n asegura a Mercedes-Benz la experiencia de expertos altamente calificados, ampliando su capacidad para brindar un servicio de calidad y mantener el amplio stock de repuestos necesarios para los amantes de los cl\u00e1sicos de la marca. Este movimiento consolida la posici\u00f3n de Mercedes-Benz como l\u00edder en la preservaci\u00f3n de su legado, garantizando la continuidad del conocimiento en la restauraci\u00f3n y mantenimiento de veh\u00edculos cl\u00e1sicos.<\/p>\n<p>&nbsp;<\/p>\n<blockquote>\n<p style=\"text-align: center;\"><span style=\"font-weight: 400;\">\u201cDesde Mercedes-Benz Heritage GmbH tenemos la responsabilidad de preservar el legado de esta marca \u00fanica y llevarlo al futuro. Con esta compra nos aseguramos piezas de repuesto valiosas y garantizamos mayor disponibilidad. Adem\u00e1s, estamos contratando especialistas adicionales que durante a\u00f1os han adquirido conocimientos y experiencia en esta \u00e1rea espec\u00edfica y que nos apoyar\u00e1n activamente en la implementaci\u00f3n de nuestra estrategia de crecimiento\u201d<\/span><span style=\"font-weight: 400;\">, <\/span><span style=\"font-weight: 400;\">afirm\u00f3 Marcus Breitschwerdt, m\u00e1ximo responsable de Mercedes-Benz Heritage GmbH<\/span><span style=\"font-weight: 400;\">.<\/span><\/p>\n<\/blockquote>\n<p>&nbsp;<\/p>\n<h2>Unificando pasado y presente<\/h2>\n<p>En 2023, Mercedes-Benz unific\u00f3 todas sus actividades relacionadas con los cl\u00e1sicos bajo la denominaci\u00f3n Mercedes-Benz Heritage GmbH. El Classic Center, punto de referencia para restauraciones, reparaciones y mantenimiento original de f\u00e1brica, se suma a esta iniciativa. Adem\u00e1s, Heritage engloba el Museo Mercedes-Benz, el archivo y la colecci\u00f3n de veh\u00edculos hist\u00f3ricos, la producci\u00f3n de partes cl\u00e1sicas originales, la comercializaci\u00f3n y la gesti\u00f3n de clubes de cl\u00e1sicos a nivel mundial.<\/p>\n<p>&nbsp;<\/p>\n<p><img decoding=\"async\" class=\"aligncenter wp-image-6687 size-full\" src=\"https:\/\/autofans.com.ar\/wp-content\/uploads\/2024\/02\/mercedes-1.jpg\" alt=\"Mercedes-Benz\" width=\"1000\" height=\"667\" srcset=\"https:\/\/autofans.com.ar\/wp-content\/uploads\/2024\/02\/mercedes-1.jpg 1000w, https:\/\/autofans.com.ar\/wp-content\/uploads\/2024\/02\/mercedes-1-300x200.jpg 300w, https:\/\/autofans.com.ar\/wp-content\/uploads\/2024\/02\/mercedes-1-768x512.jpg 768w\" sizes=\"(max-width: 1000px) 100vw, 1000px\" \/><\/p>\n<p>&nbsp;<\/p>\n<p>Con esta expansi\u00f3n, Mercedes-Benz Heritage consolida su compromiso con la preservaci\u00f3n de su rica historia automotriz, ofreciendo a los aficionados de los cl\u00e1sicos un acceso completo a servicios de alta calidad respaldados por el respaldo de la marca de lujo m\u00e1s antigua del mundo.<\/p>\n<p>&nbsp;<\/p>\n<p>&nbsp;<\/p>\n<p><i>Para enterarte de m\u00e1s novedades, no dejes de leer\u00a0<\/i><a href=\"https:\/\/autofans.thebrandsoup.com\/\"><i>nuestras notas<\/i><\/a><i>, de ver<\/i><b><i>\u00a0<\/i><\/b><a href=\"https:\/\/www.youtube.com\/channel\/UCgAC8UGHZYbT6P7PpmVnP7g\"><b><i>AUTOFANS TV<\/i><\/b><\/a><b><i>\u00a0<\/i><\/b><i>en nuestro\u00a0canal de Youtube. Adem\u00e1s seguinos en\u00a0<\/i><a href=\"https:\/\/www.instagram.com\/autofanstv\/\"><i>INSTAGRAM<\/i><\/a><i> y <\/i><a href=\"https:\/\/www.facebook.com\/autofansmas\/\"><i>FACEBOOK<\/i><\/a><i> para no perderte nada sobre las novedades del segmento automotor de Argentina y el mundo.<\/i><\/p>\n","protected":false},"excerpt":{"rendered":"<p>Mercedes-Benz Heritage GmbH, la divisi\u00f3n encargada de preservar la rica historia de la marca, ha&#8230;<\/p>\n","protected":false},"author":2,"featured_media":6685,"comment_status":"closed","ping_status":"closed","sticky":false,"template":"","format":"standard","meta":{"footnotes":""},"categories":[3,16],"tags":[196,3550,2613,3551,364,3552,1071,2892],"class_list":["post-6684","post","type-post","status-publish","format-standard","has-post-thumbnail","hentry","category-autos","category-noticias","tag-restauracion","tag-heritage","tag-historia-automotriz","tag-kienle-automobiltechnik","tag-mercedes-benz","tag-repuestos","tag-servicio","tag-vehiculos-clasicos"],"yoast_head":"<!-- This site is optimized with the Yoast SEO plugin v27.4 - https:\/\/yoast.com\/product\/yoast-seo-wordpress\/ -->\n<title>Mercedes-Benz Heritage, ampliando su legado con Kienle -<\/title>\n<meta name=\"description\" content=\"Mercedes-Benz unific\u00f3 todas sus actividades relacionadas con los cl\u00e1sicos bajo la denominaci\u00f3n Mercedes-Benz Heritage GmbH. El Classic Center\" \/>\n<meta name=\"robots\" content=\"index, follow, max-snippet:-1, max-image-preview:large, max-video-preview:-1\" \/>\n<link rel=\"canonical\" href=\"https:\/\/autofans.com.ar\/index.php\/2024\/02\/13\/mercedes-benz-heritage-ampliando-su-legado-con-kienle\/\" \/>\n<meta property=\"og:locale\" content=\"es_ES\" \/>\n<meta property=\"og:type\" content=\"article\" \/>\n<meta property=\"og:title\" content=\"Mercedes-Benz Heritage, ampliando su legado con Kienle -\" \/>\n<meta property=\"og:description\" content=\"Mercedes-Benz unific\u00f3 todas sus actividades relacionadas con los cl\u00e1sicos bajo la denominaci\u00f3n Mercedes-Benz Heritage GmbH. El Classic Center\" \/>\n<meta property=\"og:url\" content=\"https:\/\/autofans.com.ar\/index.php\/2024\/02\/13\/mercedes-benz-heritage-ampliando-su-legado-con-kienle\/\" \/>\n<meta property=\"article:published_time\" content=\"2024-02-13T17:07:10+00:00\" \/>\n<meta property=\"article:modified_time\" content=\"2024-02-13T17:07:59+00:00\" \/>\n<meta property=\"og:image\" content=\"https:\/\/autofans.com.ar\/wp-content\/uploads\/2024\/02\/mercedes-3.jpg\" \/>\n\t<meta property=\"og:image:width\" content=\"640\" \/>\n\t<meta property=\"og:image:height\" content=\"427\" \/>\n\t<meta property=\"og:image:type\" content=\"image\/jpeg\" \/>\n<meta name=\"author\" content=\"Alejandro Gabriel Rosito\" \/>\n<meta name=\"twitter:card\" content=\"summary_large_image\" \/>\n<meta name=\"twitter:label1\" content=\"Escrito por\" \/>\n\t<meta name=\"twitter:data1\" content=\"Alejandro Gabriel Rosito\" \/>\n\t<meta name=\"twitter:label2\" content=\"Tiempo de lectura\" \/>\n\t<meta name=\"twitter:data2\" content=\"2 minutos\" \/>\n<script type=\"application\/ld+json\" class=\"yoast-schema-graph\">{\"@context\":\"https:\\\/\\\/schema.org\",\"@graph\":[{\"@type\":\"Article\",\"@id\":\"https:\\\/\\\/autofans.com.ar\\\/index.php\\\/2024\\\/02\\\/13\\\/mercedes-benz-heritage-ampliando-su-legado-con-kienle\\\/#article\",\"isPartOf\":{\"@id\":\"https:\\\/\\\/autofans.com.ar\\\/index.php\\\/2024\\\/02\\\/13\\\/mercedes-benz-heritage-ampliando-su-legado-con-kienle\\\/\"},\"author\":{\"name\":\"Alejandro Gabriel Rosito\",\"@id\":\"https:\\\/\\\/autofans.com.ar\\\/#\\\/schema\\\/person\\\/4a8dda0b6df83ac3d6723e921274c2aa\"},\"headline\":\"Mercedes-Benz Heritage, ampliando su legado con Kienle\",\"datePublished\":\"2024-02-13T17:07:10+00:00\",\"dateModified\":\"2024-02-13T17:07:59+00:00\",\"mainEntityOfPage\":{\"@id\":\"https:\\\/\\\/autofans.com.ar\\\/index.php\\\/2024\\\/02\\\/13\\\/mercedes-benz-heritage-ampliando-su-legado-con-kienle\\\/\"},\"wordCount\":421,\"image\":{\"@id\":\"https:\\\/\\\/autofans.com.ar\\\/index.php\\\/2024\\\/02\\\/13\\\/mercedes-benz-heritage-ampliando-su-legado-con-kienle\\\/#primaryimage\"},\"thumbnailUrl\":\"https:\\\/\\\/autofans.com.ar\\\/wp-content\\\/uploads\\\/2024\\\/02\\\/mercedes-3.jpg\",\"keywords\":[\"#restauraci\u00f3n\",\"Heritage\",\"historia automotriz\",\"Kienle Automobiltechnik\",\"Mercedes-Benz\",\"repuestos\",\"servicio\",\"veh\u00edculos cl\u00e1sicos\"],\"articleSection\":[\"AUTOS y SUV\",\"NOTICIAS\"],\"inLanguage\":\"es\"},{\"@type\":\"WebPage\",\"@id\":\"https:\\\/\\\/autofans.com.ar\\\/index.php\\\/2024\\\/02\\\/13\\\/mercedes-benz-heritage-ampliando-su-legado-con-kienle\\\/\",\"url\":\"https:\\\/\\\/autofans.com.ar\\\/index.php\\\/2024\\\/02\\\/13\\\/mercedes-benz-heritage-ampliando-su-legado-con-kienle\\\/\",\"name\":\"Mercedes-Benz Heritage, ampliando su legado con Kienle -\",\"isPartOf\":{\"@id\":\"https:\\\/\\\/autofans.com.ar\\\/#website\"},\"primaryImageOfPage\":{\"@id\":\"https:\\\/\\\/autofans.com.ar\\\/index.php\\\/2024\\\/02\\\/13\\\/mercedes-benz-heritage-ampliando-su-legado-con-kienle\\\/#primaryimage\"},\"image\":{\"@id\":\"https:\\\/\\\/autofans.com.ar\\\/index.php\\\/2024\\\/02\\\/13\\\/mercedes-benz-heritage-ampliando-su-legado-con-kienle\\\/#primaryimage\"},\"thumbnailUrl\":\"https:\\\/\\\/autofans.com.ar\\\/wp-content\\\/uploads\\\/2024\\\/02\\\/mercedes-3.jpg\",\"datePublished\":\"2024-02-13T17:07:10+00:00\",\"dateModified\":\"2024-02-13T17:07:59+00:00\",\"author\":{\"@id\":\"https:\\\/\\\/autofans.com.ar\\\/#\\\/schema\\\/person\\\/4a8dda0b6df83ac3d6723e921274c2aa\"},\"description\":\"Mercedes-Benz unific\u00f3 todas sus actividades relacionadas con los cl\u00e1sicos bajo la denominaci\u00f3n Mercedes-Benz Heritage GmbH. El Classic Center\",\"breadcrumb\":{\"@id\":\"https:\\\/\\\/autofans.com.ar\\\/index.php\\\/2024\\\/02\\\/13\\\/mercedes-benz-heritage-ampliando-su-legado-con-kienle\\\/#breadcrumb\"},\"inLanguage\":\"es\",\"potentialAction\":[{\"@type\":\"ReadAction\",\"target\":[\"https:\\\/\\\/autofans.com.ar\\\/index.php\\\/2024\\\/02\\\/13\\\/mercedes-benz-heritage-ampliando-su-legado-con-kienle\\\/\"]}]},{\"@type\":\"ImageObject\",\"inLanguage\":\"es\",\"@id\":\"https:\\\/\\\/autofans.com.ar\\\/index.php\\\/2024\\\/02\\\/13\\\/mercedes-benz-heritage-ampliando-su-legado-con-kienle\\\/#primaryimage\",\"url\":\"https:\\\/\\\/autofans.com.ar\\\/wp-content\\\/uploads\\\/2024\\\/02\\\/mercedes-3.jpg\",\"contentUrl\":\"https:\\\/\\\/autofans.com.ar\\\/wp-content\\\/uploads\\\/2024\\\/02\\\/mercedes-3.jpg\",\"width\":1000,\"height\":667,\"caption\":\"Mercedes-Benz\"},{\"@type\":\"BreadcrumbList\",\"@id\":\"https:\\\/\\\/autofans.com.ar\\\/index.php\\\/2024\\\/02\\\/13\\\/mercedes-benz-heritage-ampliando-su-legado-con-kienle\\\/#breadcrumb\",\"itemListElement\":[{\"@type\":\"ListItem\",\"position\":1,\"name\":\"Inicio\",\"item\":\"https:\\\/\\\/autofans.com.ar\\\/\"},{\"@type\":\"ListItem\",\"position\":2,\"name\":\"Mercedes-Benz Heritage, ampliando su legado con Kienle\"}]},{\"@type\":\"WebSite\",\"@id\":\"https:\\\/\\\/autofans.com.ar\\\/#website\",\"url\":\"https:\\\/\\\/autofans.com.ar\\\/\",\"name\":\"\",\"description\":\"El multimedio referente de la industria automotriz\",\"potentialAction\":[{\"@type\":\"SearchAction\",\"target\":{\"@type\":\"EntryPoint\",\"urlTemplate\":\"https:\\\/\\\/autofans.com.ar\\\/?s={search_term_string}\"},\"query-input\":{\"@type\":\"PropertyValueSpecification\",\"valueRequired\":true,\"valueName\":\"search_term_string\"}}],\"inLanguage\":\"es\"},{\"@type\":\"Person\",\"@id\":\"https:\\\/\\\/autofans.com.ar\\\/#\\\/schema\\\/person\\\/4a8dda0b6df83ac3d6723e921274c2aa\",\"name\":\"Alejandro Gabriel Rosito\",\"image\":{\"@type\":\"ImageObject\",\"inLanguage\":\"es\",\"@id\":\"https:\\\/\\\/secure.gravatar.com\\\/avatar\\\/16c5dda1489adfc62618084dcbb91cffd879c374b13fe5dd8e44ed6733852c88?s=96&d=mm&r=g\",\"url\":\"https:\\\/\\\/secure.gravatar.com\\\/avatar\\\/16c5dda1489adfc62618084dcbb91cffd879c374b13fe5dd8e44ed6733852c88?s=96&d=mm&r=g\",\"contentUrl\":\"https:\\\/\\\/secure.gravatar.com\\\/avatar\\\/16c5dda1489adfc62618084dcbb91cffd879c374b13fe5dd8e44ed6733852c88?s=96&d=mm&r=g\",\"caption\":\"Alejandro Gabriel Rosito\"},\"url\":\"https:\\\/\\\/autofans.com.ar\\\/index.php\\\/author\\\/gabrielr\\\/\"}]}<\/script>\n<!-- \/ Yoast SEO plugin. -->","yoast_head_json":{"title":"Mercedes-Benz Heritage, ampliando su legado con Kienle -","description":"Mercedes-Benz unific\u00f3 todas sus actividades relacionadas con los cl\u00e1sicos bajo la denominaci\u00f3n Mercedes-Benz Heritage GmbH. El Classic Center","robots":{"index":"index","follow":"follow","max-snippet":"max-snippet:-1","max-image-preview":"max-image-preview:large","max-video-preview":"max-video-preview:-1"},"canonical":"https:\/\/autofans.com.ar\/index.php\/2024\/02\/13\/mercedes-benz-heritage-ampliando-su-legado-con-kienle\/","og_locale":"es_ES","og_type":"article","og_title":"Mercedes-Benz Heritage, ampliando su legado con Kienle -","og_description":"Mercedes-Benz unific\u00f3 todas sus actividades relacionadas con los cl\u00e1sicos bajo la denominaci\u00f3n Mercedes-Benz Heritage GmbH. El Classic Center","og_url":"https:\/\/autofans.com.ar\/index.php\/2024\/02\/13\/mercedes-benz-heritage-ampliando-su-legado-con-kienle\/","article_published_time":"2024-02-13T17:07:10+00:00","article_modified_time":"2024-02-13T17:07:59+00:00","og_image":[{"url":"https:\/\/autofans.com.ar\/wp-content\/uploads\/2024\/02\/mercedes-3.jpg","width":640,"height":427,"type":"image\/jpeg"}],"author":"Alejandro Gabriel Rosito","twitter_card":"summary_large_image","twitter_misc":{"Escrito por":"Alejandro Gabriel Rosito","Tiempo de lectura":"2 minutos"},"schema":{"@context":"https:\/\/schema.org","@graph":[{"@type":"Article","@id":"https:\/\/autofans.com.ar\/index.php\/2024\/02\/13\/mercedes-benz-heritage-ampliando-su-legado-con-kienle\/#article","isPartOf":{"@id":"https:\/\/autofans.com.ar\/index.php\/2024\/02\/13\/mercedes-benz-heritage-ampliando-su-legado-con-kienle\/"},"author":{"name":"Alejandro Gabriel Rosito","@id":"https:\/\/autofans.com.ar\/#\/schema\/person\/4a8dda0b6df83ac3d6723e921274c2aa"},"headline":"Mercedes-Benz Heritage, ampliando su legado con Kienle","datePublished":"2024-02-13T17:07:10+00:00","dateModified":"2024-02-13T17:07:59+00:00","mainEntityOfPage":{"@id":"https:\/\/autofans.com.ar\/index.php\/2024\/02\/13\/mercedes-benz-heritage-ampliando-su-legado-con-kienle\/"},"wordCount":421,"image":{"@id":"https:\/\/autofans.com.ar\/index.php\/2024\/02\/13\/mercedes-benz-heritage-ampliando-su-legado-con-kienle\/#primaryimage"},"thumbnailUrl":"https:\/\/autofans.com.ar\/wp-content\/uploads\/2024\/02\/mercedes-3.jpg","keywords":["#restauraci\u00f3n","Heritage","historia automotriz","Kienle Automobiltechnik","Mercedes-Benz","repuestos","servicio","veh\u00edculos cl\u00e1sicos"],"articleSection":["AUTOS y SUV","NOTICIAS"],"inLanguage":"es"},{"@type":"WebPage","@id":"https:\/\/autofans.com.ar\/index.php\/2024\/02\/13\/mercedes-benz-heritage-ampliando-su-legado-con-kienle\/","url":"https:\/\/autofans.com.ar\/index.php\/2024\/02\/13\/mercedes-benz-heritage-ampliando-su-legado-con-kienle\/","name":"Mercedes-Benz Heritage, ampliando su legado con Kienle -","isPartOf":{"@id":"https:\/\/autofans.com.ar\/#website"},"primaryImageOfPage":{"@id":"https:\/\/autofans.com.ar\/index.php\/2024\/02\/13\/mercedes-benz-heritage-ampliando-su-legado-con-kienle\/#primaryimage"},"image":{"@id":"https:\/\/autofans.com.ar\/index.php\/2024\/02\/13\/mercedes-benz-heritage-ampliando-su-legado-con-kienle\/#primaryimage"},"thumbnailUrl":"https:\/\/autofans.com.ar\/wp-content\/uploads\/2024\/02\/mercedes-3.jpg","datePublished":"2024-02-13T17:07:10+00:00","dateModified":"2024-02-13T17:07:59+00:00","author":{"@id":"https:\/\/autofans.com.ar\/#\/schema\/person\/4a8dda0b6df83ac3d6723e921274c2aa"},"description":"Mercedes-Benz unific\u00f3 todas sus actividades relacionadas con los cl\u00e1sicos bajo la denominaci\u00f3n Mercedes-Benz Heritage GmbH. El Classic Center","breadcrumb":{"@id":"https:\/\/autofans.com.ar\/index.php\/2024\/02\/13\/mercedes-benz-heritage-ampliando-su-legado-con-kienle\/#breadcrumb"},"inLanguage":"es","potentialAction":[{"@type":"ReadAction","target":["https:\/\/autofans.com.ar\/index.php\/2024\/02\/13\/mercedes-benz-heritage-ampliando-su-legado-con-kienle\/"]}]},{"@type":"ImageObject","inLanguage":"es","@id":"https:\/\/autofans.com.ar\/index.php\/2024\/02\/13\/mercedes-benz-heritage-ampliando-su-legado-con-kienle\/#primaryimage","url":"https:\/\/autofans.com.ar\/wp-content\/uploads\/2024\/02\/mercedes-3.jpg","contentUrl":"https:\/\/autofans.com.ar\/wp-content\/uploads\/2024\/02\/mercedes-3.jpg","width":1000,"height":667,"caption":"Mercedes-Benz"},{"@type":"BreadcrumbList","@id":"https:\/\/autofans.com.ar\/index.php\/2024\/02\/13\/mercedes-benz-heritage-ampliando-su-legado-con-kienle\/#breadcrumb","itemListElement":[{"@type":"ListItem","position":1,"name":"Inicio","item":"https:\/\/autofans.com.ar\/"},{"@type":"ListItem","position":2,"name":"Mercedes-Benz Heritage, ampliando su legado con Kienle"}]},{"@type":"WebSite","@id":"https:\/\/autofans.com.ar\/#website","url":"https:\/\/autofans.com.ar\/","name":"","description":"El multimedio referente de la industria automotriz","potentialAction":[{"@type":"SearchAction","target":{"@type":"EntryPoint","urlTemplate":"https:\/\/autofans.com.ar\/?s={search_term_string}"},"query-input":{"@type":"PropertyValueSpecification","valueRequired":true,"valueName":"search_term_string"}}],"inLanguage":"es"},{"@type":"Person","@id":"https:\/\/autofans.com.ar\/#\/schema\/person\/4a8dda0b6df83ac3d6723e921274c2aa","name":"Alejandro Gabriel Rosito","image":{"@type":"ImageObject","inLanguage":"es","@id":"https:\/\/secure.gravatar.com\/avatar\/16c5dda1489adfc62618084dcbb91cffd879c374b13fe5dd8e44ed6733852c88?s=96&d=mm&r=g","url":"https:\/\/secure.gravatar.com\/avatar\/16c5dda1489adfc62618084dcbb91cffd879c374b13fe5dd8e44ed6733852c88?s=96&d=mm&r=g","contentUrl":"https:\/\/secure.gravatar.com\/avatar\/16c5dda1489adfc62618084dcbb91cffd879c374b13fe5dd8e44ed6733852c88?s=96&d=mm&r=g","caption":"Alejandro Gabriel Rosito"},"url":"https:\/\/autofans.com.ar\/index.php\/author\/gabrielr\/"}]}},"featured_image_urls":{"full":["https:\/\/autofans.com.ar\/wp-content\/uploads\/2024\/02\/mercedes-3.jpg",1000,667,false],"thumbnail":["https:\/\/autofans.com.ar\/wp-content\/uploads\/2024\/02\/mercedes-3-150x150.jpg",150,150,true],"medium":["https:\/\/autofans.com.ar\/wp-content\/uploads\/2024\/02\/mercedes-3-300x200.jpg",300,200,true],"medium_large":["https:\/\/autofans.com.ar\/wp-content\/uploads\/2024\/02\/mercedes-3-768x512.jpg",640,427,true],"large":["https:\/\/autofans.com.ar\/wp-content\/uploads\/2024\/02\/mercedes-3.jpg",640,427,false],"1536x1536":["https:\/\/autofans.com.ar\/wp-content\/uploads\/2024\/02\/mercedes-3.jpg",1000,667,false],"2048x2048":["https:\/\/autofans.com.ar\/wp-content\/uploads\/2024\/02\/mercedes-3.jpg",1000,667,false],"covernews-featured":["https:\/\/autofans.com.ar\/wp-content\/uploads\/2024\/02\/mercedes-3.jpg",1000,667,false],"covernews-medium":["https:\/\/autofans.com.ar\/wp-content\/uploads\/2024\/02\/mercedes-3-540x340.jpg",540,340,true]},"author_info":{"display_name":"Alejandro Gabriel Rosito","author_link":"https:\/\/autofans.com.ar\/index.php\/author\/gabrielr\/"},"category_info":"<a href=\"https:\/\/autofans.com.ar\/index.php\/category\/noticias\/autos\/\" rel=\"category tag\">AUTOS y SUV<\/a> <a href=\"https:\/\/autofans.com.ar\/index.php\/category\/noticias\/\" rel=\"category tag\">NOTICIAS<\/a>","tag_info":"NOTICIAS","comment_count":0,"_links":{"self":[{"href":"https:\/\/autofans.com.ar\/index.php\/wp-json\/wp\/v2\/posts\/6684","targetHints":{"allow":["GET"]}}],"collection":[{"href":"https:\/\/autofans.com.ar\/index.php\/wp-json\/wp\/v2\/posts"}],"about":[{"href":"https:\/\/autofans.com.ar\/index.php\/wp-json\/wp\/v2\/types\/post"}],"author":[{"embeddable":true,"href":"https:\/\/autofans.com.ar\/index.php\/wp-json\/wp\/v2\/users\/2"}],"replies":[{"embeddable":true,"href":"https:\/\/autofans.com.ar\/index.php\/wp-json\/wp\/v2\/comments?post=6684"}],"version-history":[{"count":2,"href":"https:\/\/autofans.com.ar\/index.php\/wp-json\/wp\/v2\/posts\/6684\/revisions"}],"predecessor-version":[{"id":6689,"href":"https:\/\/autofans.com.ar\/index.php\/wp-json\/wp\/v2\/posts\/6684\/revisions\/6689"}],"wp:featuredmedia":[{"embeddable":true,"href":"https:\/\/autofans.com.ar\/index.php\/wp-json\/wp\/v2\/media\/6685"}],"wp:attachment":[{"href":"https:\/\/autofans.com.ar\/index.php\/wp-json\/wp\/v2\/media?parent=6684"}],"wp:term":[{"taxonomy":"category","embeddable":true,"href":"https:\/\/autofans.com.ar\/index.php\/wp-json\/wp\/v2\/categories?post=6684"},{"taxonomy":"post_tag","embeddable":true,"href":"https:\/\/autofans.com.ar\/index.php\/wp-json\/wp\/v2\/tags?post=6684"}],"curies":[{"name":"wp","href":"https:\/\/api.w.org\/{rel}","templated":true}]}}