{"id":6691,"date":"2024-02-14T14:02:02","date_gmt":"2024-02-14T17:02:02","guid":{"rendered":"https:\/\/autofans.com.ar\/?p=6691"},"modified":"2024-02-14T14:02:02","modified_gmt":"2024-02-14T17:02:02","slug":"edicion-limitada-de-abarth-695-75-aniversario","status":"publish","type":"post","link":"https:\/\/autofans.com.ar\/index.php\/2024\/02\/14\/edicion-limitada-de-abarth-695-75-aniversario\/","title":{"rendered":"Edici\u00f3n limitada de Abarth 695 75\u00b0 aniversario"},"content":{"rendered":"<p>Abarth, la marca del Escorpi\u00f3n, est\u00e1 por cumplir 75 a\u00f1os de historia llena de \u00e9xitos y r\u00e9cords, cautivando a fan\u00e1ticos alrededor del mundo. En este hito especial, lanzan la edici\u00f3n limitada Abarth 695 75\u00b0 Anniversario en Europa, una joya \u00fanica con solo 1.368 unidades. Este modelo no solo celebra la trayectoria de la marca sino que rinde homenaje al ic\u00f3nico motor 1.4 T-Jet que ha sido el coraz\u00f3n de Abarth.<\/p>\n<p>&nbsp;<\/p>\n<h2>La exclusiva Abarth 695 75\u00b0 Anniversario<\/h2>\n<p>Con detalles que lo hacen \u00fanico, este veh\u00edculo presenta un motor sobrealimentado con un turbocompresor Garrett GT 1446, entregando 180 HP de potencia y un par motor de 250 Nm a 3,000 rpm. Alcanza una velocidad m\u00e1xima de 225 km\/h y acelera de 0 a 100 km\/h en tan solo 6.7 segundos. El escape cuenta con el distintivo Record Monza con v\u00e1lvula activa y amortiguadores Koni FSD en ambos ejes.<\/p>\n<p>&nbsp;<\/p>\n<div id='gallery-1' class='gallery galleryid-6691 gallery-columns-2 gallery-size-full'><figure class='gallery-item'>\n\t\t\t<div class='gallery-icon landscape'>\n\t\t\t\t<a href='https:\/\/autofans.com.ar\/index.php\/2024\/02\/14\/edicion-limitada-de-abarth-695-75-aniversario\/abarth-2\/'><img loading=\"lazy\" width=\"1000\" height=\"667\" src=\"https:\/\/autofans.com.ar\/wp-content\/uploads\/2024\/02\/abarth-2.jpg\" class=\"attachment-full size-full\" alt=\"Abarth 695\" srcset=\"https:\/\/autofans.com.ar\/wp-content\/uploads\/2024\/02\/abarth-2.jpg 1000w, https:\/\/autofans.com.ar\/wp-content\/uploads\/2024\/02\/abarth-2-300x200.jpg 300w, https:\/\/autofans.com.ar\/wp-content\/uploads\/2024\/02\/abarth-2-768x512.jpg 768w\" sizes=\"auto, (max-width: 1000px) 100vw, 1000px\" loading=\"lazy\" decoding=\"async\" \/><\/a>\n\t\t\t<\/div><\/figure><figure class='gallery-item'>\n\t\t\t<div class='gallery-icon landscape'>\n\t\t\t\t<a href='https:\/\/autofans.com.ar\/index.php\/2024\/02\/14\/edicion-limitada-de-abarth-695-75-aniversario\/abarth-1\/'><img loading=\"lazy\" width=\"1000\" height=\"667\" src=\"https:\/\/autofans.com.ar\/wp-content\/uploads\/2024\/02\/abarth-1.jpg\" class=\"attachment-full size-full\" alt=\"Abarth 695\" srcset=\"https:\/\/autofans.com.ar\/wp-content\/uploads\/2024\/02\/abarth-1.jpg 1000w, https:\/\/autofans.com.ar\/wp-content\/uploads\/2024\/02\/abarth-1-300x200.jpg 300w, https:\/\/autofans.com.ar\/wp-content\/uploads\/2024\/02\/abarth-1-768x512.jpg 768w\" sizes=\"auto, (max-width: 1000px) 100vw, 1000px\" loading=\"lazy\" decoding=\"async\" \/><\/a>\n\t\t\t<\/div><\/figure>\n\t\t<\/div>\n\n<p>&nbsp;<\/p>\n<p>El dise\u00f1o exterior es llamativo, con un escorpi\u00f3n que cubre todo el techo, resaltando sobre la carrocer\u00eda negra con detalles dorados, cristales oscuros y llantas de aleaci\u00f3n doradas de 17 pulgadas. El interior ofrece un ambiente exclusivo con detalles en Alcantara negro en el tablero y asientos de carbono espec\u00edficos de Sabelt. Equipado con lo \u00faltimo en tecnolog\u00eda, cuenta con radio DAB de 7 pulgadas, pantalla digital TFT de 7 pulgadas, conectividad Carplay y Android Auto, aire acondicionado autom\u00e1tico, sistema de audio Beats y sistemas de navegaci\u00f3n. Adem\u00e1s, presenta caracter\u00edsticas de conectividad Mopar Connect, como My:Assistant, My:Remote Control, My:Car y My:Journey.<\/p>\n<p>&nbsp;<\/p>\n<h2>Setenta y cinco a\u00f1os de historia y \u00e9xito<\/h2>\n<p>La historia de Abarth comenz\u00f3 en 1949 con el lanzamiento del Abarth 204 A, permitiendo a Tazio Nuvolari ganar su \u00faltima carrera en 1950. Desde entonces, la marca ha acumulado r\u00e9cords y victorias, destacando en la d\u00e9cada de 1960 con el Fiat-Abarth 595. En 2022, Abarth dio un paso hacia el futuro con el lanzamiento del Nuevo Abarth 500e, un modelo totalmente el\u00e9ctrico. La expansi\u00f3n global continu\u00f3 con el lanzamiento del Abarth Pulse en Brasil, el primer SUV de la marca, seguido por el Abarth Fastback.<\/p>\n<p>&nbsp;<\/p>\n<div id='gallery-2' class='gallery galleryid-6691 gallery-columns-2 gallery-size-full'><figure class='gallery-item'>\n\t\t\t<div class='gallery-icon landscape'>\n\t\t\t\t<a href='https:\/\/autofans.com.ar\/index.php\/2024\/02\/14\/edicion-limitada-de-abarth-695-75-aniversario\/abarth-6\/'><img loading=\"lazy\" width=\"1000\" height=\"667\" src=\"https:\/\/autofans.com.ar\/wp-content\/uploads\/2024\/02\/abarth-6.jpg\" class=\"attachment-full size-full\" alt=\"Abarth 695\" srcset=\"https:\/\/autofans.com.ar\/wp-content\/uploads\/2024\/02\/abarth-6.jpg 1000w, https:\/\/autofans.com.ar\/wp-content\/uploads\/2024\/02\/abarth-6-300x200.jpg 300w, https:\/\/autofans.com.ar\/wp-content\/uploads\/2024\/02\/abarth-6-768x512.jpg 768w\" sizes=\"auto, (max-width: 1000px) 100vw, 1000px\" loading=\"lazy\" decoding=\"async\" \/><\/a>\n\t\t\t<\/div><\/figure><figure class='gallery-item'>\n\t\t\t<div class='gallery-icon landscape'>\n\t\t\t\t<a href='https:\/\/autofans.com.ar\/index.php\/2024\/02\/14\/edicion-limitada-de-abarth-695-75-aniversario\/abarth-5\/'><img loading=\"lazy\" width=\"1000\" height=\"667\" src=\"https:\/\/autofans.com.ar\/wp-content\/uploads\/2024\/02\/abarth-5.jpg\" class=\"attachment-full size-full\" alt=\"Abarth 695\" srcset=\"https:\/\/autofans.com.ar\/wp-content\/uploads\/2024\/02\/abarth-5.jpg 1000w, https:\/\/autofans.com.ar\/wp-content\/uploads\/2024\/02\/abarth-5-300x200.jpg 300w, https:\/\/autofans.com.ar\/wp-content\/uploads\/2024\/02\/abarth-5-768x512.jpg 768w\" sizes=\"auto, (max-width: 1000px) 100vw, 1000px\" loading=\"lazy\" decoding=\"async\" \/><\/a>\n\t\t\t<\/div><\/figure>\n\t\t<\/div>\n\n<p>&nbsp;<\/p>\n<p>La asociaci\u00f3n estrat\u00e9gica con Stellantis Motorsport marc\u00f3 un hito, dando vida al Abarth m\u00e1s potente de la historia: el Nuevo Abarth 600e en su versi\u00f3n de lanzamiento Scorpionissima, con una edici\u00f3n limitada de 1,949 unidades. Este modelo cautivar\u00e1 a los fan\u00e1ticos con su encanto inconfundible y actitud agresiva en la carretera.<\/p>\n<p>&nbsp;<\/p>\n<p>&nbsp;<\/p>\n<p><i>Para enterarte de m\u00e1s novedades, no dejes de leer\u00a0<\/i><a href=\"https:\/\/autofans.thebrandsoup.com\/\"><i>nuestras notas<\/i><\/a><i>, de ver<\/i><b><i>\u00a0<\/i><\/b><a href=\"https:\/\/www.youtube.com\/channel\/UCgAC8UGHZYbT6P7PpmVnP7g\"><b><i>AUTOFANS TV<\/i><\/b><\/a><b><i>\u00a0<\/i><\/b><i>en nuestro\u00a0canal de Youtube. Adem\u00e1s seguinos en\u00a0<\/i><a href=\"https:\/\/www.instagram.com\/autofanstv\/\"><i>INSTAGRAM<\/i><\/a><i> y <\/i><a href=\"https:\/\/www.facebook.com\/autofansmas\/\"><i>FACEBOOK<\/i><\/a><i> para no perderte nada sobre las novedades del segmento automotor de Argentina y el mundo.<\/i><\/p>\n","protected":false},"excerpt":{"rendered":"<p>Abarth, la marca del Escorpi\u00f3n, est\u00e1 por cumplir 75 a\u00f1os de historia llena de \u00e9xitos&#8230;<\/p>\n","protected":false},"author":2,"featured_media":6692,"comment_status":"closed","ping_status":"closed","sticky":false,"template":"","format":"standard","meta":{"footnotes":""},"categories":[8,1],"tags":[],"class_list":["post-6691","post","type-post","status-publish","format-standard","has-post-thumbnail","hentry","category-autos-y-suv","category-lanzamientos"],"yoast_head":"<!-- This site is optimized with the Yoast SEO plugin v27.5 - https:\/\/yoast.com\/product\/yoast-seo-wordpress\/ -->\n<title>Edici\u00f3n limitada de Abarth 695 75\u00b0 aniversario -<\/title>\n<meta name=\"description\" content=\"Abarth, la marca del Escorpi\u00f3n, est\u00e1 por cumplir 75 a\u00f1os de historia llena de \u00e9xitos y r\u00e9cords, cautivando a fan\u00e1ticos alrededor del mundo...\" \/>\n<meta name=\"robots\" content=\"index, follow, max-snippet:-1, max-image-preview:large, max-video-preview:-1\" \/>\n<link rel=\"canonical\" href=\"https:\/\/autofans.com.ar\/index.php\/2024\/02\/14\/edicion-limitada-de-abarth-695-75-aniversario\/\" \/>\n<meta property=\"og:locale\" content=\"es_ES\" \/>\n<meta property=\"og:type\" content=\"article\" \/>\n<meta property=\"og:title\" content=\"Edici\u00f3n limitada de Abarth 695 75\u00b0 aniversario -\" \/>\n<meta property=\"og:description\" content=\"Abarth, la marca del Escorpi\u00f3n, est\u00e1 por cumplir 75 a\u00f1os de historia llena de \u00e9xitos y r\u00e9cords, cautivando a fan\u00e1ticos alrededor del mundo...\" \/>\n<meta property=\"og:url\" content=\"https:\/\/autofans.com.ar\/index.php\/2024\/02\/14\/edicion-limitada-de-abarth-695-75-aniversario\/\" \/>\n<meta property=\"article:published_time\" content=\"2024-02-14T17:02:02+00:00\" \/>\n<meta property=\"og:image\" content=\"https:\/\/autofans.com.ar\/wp-content\/uploads\/2024\/02\/abarth-7.jpg\" \/>\n\t<meta property=\"og:image:width\" content=\"640\" \/>\n\t<meta property=\"og:image:height\" content=\"427\" \/>\n\t<meta property=\"og:image:type\" content=\"image\/jpeg\" \/>\n<meta name=\"author\" content=\"Alejandro Gabriel Rosito\" \/>\n<meta name=\"twitter:card\" content=\"summary_large_image\" \/>\n<meta name=\"twitter:label1\" content=\"Escrito por\" \/>\n\t<meta name=\"twitter:data1\" content=\"Alejandro Gabriel Rosito\" \/>\n\t<meta name=\"twitter:label2\" content=\"Tiempo de lectura\" \/>\n\t<meta name=\"twitter:data2\" content=\"3 minutos\" \/>\n<script type=\"application\/ld+json\" class=\"yoast-schema-graph\">{\"@context\":\"https:\\\/\\\/schema.org\",\"@graph\":[{\"@type\":\"Article\",\"@id\":\"https:\\\/\\\/autofans.com.ar\\\/index.php\\\/2024\\\/02\\\/14\\\/edicion-limitada-de-abarth-695-75-aniversario\\\/#article\",\"isPartOf\":{\"@id\":\"https:\\\/\\\/autofans.com.ar\\\/index.php\\\/2024\\\/02\\\/14\\\/edicion-limitada-de-abarth-695-75-aniversario\\\/\"},\"author\":{\"name\":\"Alejandro Gabriel Rosito\",\"@id\":\"https:\\\/\\\/autofans.com.ar\\\/#\\\/schema\\\/person\\\/4a8dda0b6df83ac3d6723e921274c2aa\"},\"headline\":\"Edici\u00f3n limitada de Abarth 695 75\u00b0 aniversario\",\"datePublished\":\"2024-02-14T17:02:02+00:00\",\"mainEntityOfPage\":{\"@id\":\"https:\\\/\\\/autofans.com.ar\\\/index.php\\\/2024\\\/02\\\/14\\\/edicion-limitada-de-abarth-695-75-aniversario\\\/\"},\"wordCount\":471,\"image\":{\"@id\":\"https:\\\/\\\/autofans.com.ar\\\/index.php\\\/2024\\\/02\\\/14\\\/edicion-limitada-de-abarth-695-75-aniversario\\\/#primaryimage\"},\"thumbnailUrl\":\"https:\\\/\\\/autofans.com.ar\\\/wp-content\\\/uploads\\\/2024\\\/02\\\/abarth-7.jpg\",\"articleSection\":[\"Autos y SUV\",\"LANZAMIENTOS\"],\"inLanguage\":\"es\"},{\"@type\":\"WebPage\",\"@id\":\"https:\\\/\\\/autofans.com.ar\\\/index.php\\\/2024\\\/02\\\/14\\\/edicion-limitada-de-abarth-695-75-aniversario\\\/\",\"url\":\"https:\\\/\\\/autofans.com.ar\\\/index.php\\\/2024\\\/02\\\/14\\\/edicion-limitada-de-abarth-695-75-aniversario\\\/\",\"name\":\"Edici\u00f3n limitada de Abarth 695 75\u00b0 aniversario -\",\"isPartOf\":{\"@id\":\"https:\\\/\\\/autofans.com.ar\\\/#website\"},\"primaryImageOfPage\":{\"@id\":\"https:\\\/\\\/autofans.com.ar\\\/index.php\\\/2024\\\/02\\\/14\\\/edicion-limitada-de-abarth-695-75-aniversario\\\/#primaryimage\"},\"image\":{\"@id\":\"https:\\\/\\\/autofans.com.ar\\\/index.php\\\/2024\\\/02\\\/14\\\/edicion-limitada-de-abarth-695-75-aniversario\\\/#primaryimage\"},\"thumbnailUrl\":\"https:\\\/\\\/autofans.com.ar\\\/wp-content\\\/uploads\\\/2024\\\/02\\\/abarth-7.jpg\",\"datePublished\":\"2024-02-14T17:02:02+00:00\",\"author\":{\"@id\":\"https:\\\/\\\/autofans.com.ar\\\/#\\\/schema\\\/person\\\/4a8dda0b6df83ac3d6723e921274c2aa\"},\"description\":\"Abarth, la marca del Escorpi\u00f3n, est\u00e1 por cumplir 75 a\u00f1os de historia llena de \u00e9xitos y r\u00e9cords, cautivando a fan\u00e1ticos alrededor del mundo...\",\"breadcrumb\":{\"@id\":\"https:\\\/\\\/autofans.com.ar\\\/index.php\\\/2024\\\/02\\\/14\\\/edicion-limitada-de-abarth-695-75-aniversario\\\/#breadcrumb\"},\"inLanguage\":\"es\",\"potentialAction\":[{\"@type\":\"ReadAction\",\"target\":[\"https:\\\/\\\/autofans.com.ar\\\/index.php\\\/2024\\\/02\\\/14\\\/edicion-limitada-de-abarth-695-75-aniversario\\\/\"]}]},{\"@type\":\"ImageObject\",\"inLanguage\":\"es\",\"@id\":\"https:\\\/\\\/autofans.com.ar\\\/index.php\\\/2024\\\/02\\\/14\\\/edicion-limitada-de-abarth-695-75-aniversario\\\/#primaryimage\",\"url\":\"https:\\\/\\\/autofans.com.ar\\\/wp-content\\\/uploads\\\/2024\\\/02\\\/abarth-7.jpg\",\"contentUrl\":\"https:\\\/\\\/autofans.com.ar\\\/wp-content\\\/uploads\\\/2024\\\/02\\\/abarth-7.jpg\",\"width\":1000,\"height\":667,\"caption\":\"Abarth 695\"},{\"@type\":\"BreadcrumbList\",\"@id\":\"https:\\\/\\\/autofans.com.ar\\\/index.php\\\/2024\\\/02\\\/14\\\/edicion-limitada-de-abarth-695-75-aniversario\\\/#breadcrumb\",\"itemListElement\":[{\"@type\":\"ListItem\",\"position\":1,\"name\":\"Inicio\",\"item\":\"https:\\\/\\\/autofans.com.ar\\\/\"},{\"@type\":\"ListItem\",\"position\":2,\"name\":\"Edici\u00f3n limitada de Abarth 695 75\u00b0 aniversario\"}]},{\"@type\":\"WebSite\",\"@id\":\"https:\\\/\\\/autofans.com.ar\\\/#website\",\"url\":\"https:\\\/\\\/autofans.com.ar\\\/\",\"name\":\"\",\"description\":\"El multimedio referente de la industria automotriz\",\"potentialAction\":[{\"@type\":\"SearchAction\",\"target\":{\"@type\":\"EntryPoint\",\"urlTemplate\":\"https:\\\/\\\/autofans.com.ar\\\/?s={search_term_string}\"},\"query-input\":{\"@type\":\"PropertyValueSpecification\",\"valueRequired\":true,\"valueName\":\"search_term_string\"}}],\"inLanguage\":\"es\"},{\"@type\":\"Person\",\"@id\":\"https:\\\/\\\/autofans.com.ar\\\/#\\\/schema\\\/person\\\/4a8dda0b6df83ac3d6723e921274c2aa\",\"name\":\"Alejandro Gabriel Rosito\",\"image\":{\"@type\":\"ImageObject\",\"inLanguage\":\"es\",\"@id\":\"https:\\\/\\\/secure.gravatar.com\\\/avatar\\\/16c5dda1489adfc62618084dcbb91cffd879c374b13fe5dd8e44ed6733852c88?s=96&d=mm&r=g\",\"url\":\"https:\\\/\\\/secure.gravatar.com\\\/avatar\\\/16c5dda1489adfc62618084dcbb91cffd879c374b13fe5dd8e44ed6733852c88?s=96&d=mm&r=g\",\"contentUrl\":\"https:\\\/\\\/secure.gravatar.com\\\/avatar\\\/16c5dda1489adfc62618084dcbb91cffd879c374b13fe5dd8e44ed6733852c88?s=96&d=mm&r=g\",\"caption\":\"Alejandro Gabriel Rosito\"},\"url\":\"https:\\\/\\\/autofans.com.ar\\\/index.php\\\/author\\\/gabrielr\\\/\"}]}<\/script>\n<!-- \/ Yoast SEO plugin. -->","yoast_head_json":{"title":"Edici\u00f3n limitada de Abarth 695 75\u00b0 aniversario -","description":"Abarth, la marca del Escorpi\u00f3n, est\u00e1 por cumplir 75 a\u00f1os de historia llena de \u00e9xitos y r\u00e9cords, cautivando a fan\u00e1ticos alrededor del mundo...","robots":{"index":"index","follow":"follow","max-snippet":"max-snippet:-1","max-image-preview":"max-image-preview:large","max-video-preview":"max-video-preview:-1"},"canonical":"https:\/\/autofans.com.ar\/index.php\/2024\/02\/14\/edicion-limitada-de-abarth-695-75-aniversario\/","og_locale":"es_ES","og_type":"article","og_title":"Edici\u00f3n limitada de Abarth 695 75\u00b0 aniversario -","og_description":"Abarth, la marca del Escorpi\u00f3n, est\u00e1 por cumplir 75 a\u00f1os de historia llena de \u00e9xitos y r\u00e9cords, cautivando a fan\u00e1ticos alrededor del mundo...","og_url":"https:\/\/autofans.com.ar\/index.php\/2024\/02\/14\/edicion-limitada-de-abarth-695-75-aniversario\/","article_published_time":"2024-02-14T17:02:02+00:00","og_image":[{"url":"https:\/\/autofans.com.ar\/wp-content\/uploads\/2024\/02\/abarth-7.jpg","width":640,"height":427,"type":"image\/jpeg"}],"author":"Alejandro Gabriel Rosito","twitter_card":"summary_large_image","twitter_misc":{"Escrito por":"Alejandro Gabriel Rosito","Tiempo de lectura":"3 minutos"},"schema":{"@context":"https:\/\/schema.org","@graph":[{"@type":"Article","@id":"https:\/\/autofans.com.ar\/index.php\/2024\/02\/14\/edicion-limitada-de-abarth-695-75-aniversario\/#article","isPartOf":{"@id":"https:\/\/autofans.com.ar\/index.php\/2024\/02\/14\/edicion-limitada-de-abarth-695-75-aniversario\/"},"author":{"name":"Alejandro Gabriel Rosito","@id":"https:\/\/autofans.com.ar\/#\/schema\/person\/4a8dda0b6df83ac3d6723e921274c2aa"},"headline":"Edici\u00f3n limitada de Abarth 695 75\u00b0 aniversario","datePublished":"2024-02-14T17:02:02+00:00","mainEntityOfPage":{"@id":"https:\/\/autofans.com.ar\/index.php\/2024\/02\/14\/edicion-limitada-de-abarth-695-75-aniversario\/"},"wordCount":471,"image":{"@id":"https:\/\/autofans.com.ar\/index.php\/2024\/02\/14\/edicion-limitada-de-abarth-695-75-aniversario\/#primaryimage"},"thumbnailUrl":"https:\/\/autofans.com.ar\/wp-content\/uploads\/2024\/02\/abarth-7.jpg","articleSection":["Autos y SUV","LANZAMIENTOS"],"inLanguage":"es"},{"@type":"WebPage","@id":"https:\/\/autofans.com.ar\/index.php\/2024\/02\/14\/edicion-limitada-de-abarth-695-75-aniversario\/","url":"https:\/\/autofans.com.ar\/index.php\/2024\/02\/14\/edicion-limitada-de-abarth-695-75-aniversario\/","name":"Edici\u00f3n limitada de Abarth 695 75\u00b0 aniversario -","isPartOf":{"@id":"https:\/\/autofans.com.ar\/#website"},"primaryImageOfPage":{"@id":"https:\/\/autofans.com.ar\/index.php\/2024\/02\/14\/edicion-limitada-de-abarth-695-75-aniversario\/#primaryimage"},"image":{"@id":"https:\/\/autofans.com.ar\/index.php\/2024\/02\/14\/edicion-limitada-de-abarth-695-75-aniversario\/#primaryimage"},"thumbnailUrl":"https:\/\/autofans.com.ar\/wp-content\/uploads\/2024\/02\/abarth-7.jpg","datePublished":"2024-02-14T17:02:02+00:00","author":{"@id":"https:\/\/autofans.com.ar\/#\/schema\/person\/4a8dda0b6df83ac3d6723e921274c2aa"},"description":"Abarth, la marca del Escorpi\u00f3n, est\u00e1 por cumplir 75 a\u00f1os de historia llena de \u00e9xitos y r\u00e9cords, cautivando a fan\u00e1ticos alrededor del mundo...","breadcrumb":{"@id":"https:\/\/autofans.com.ar\/index.php\/2024\/02\/14\/edicion-limitada-de-abarth-695-75-aniversario\/#breadcrumb"},"inLanguage":"es","potentialAction":[{"@type":"ReadAction","target":["https:\/\/autofans.com.ar\/index.php\/2024\/02\/14\/edicion-limitada-de-abarth-695-75-aniversario\/"]}]},{"@type":"ImageObject","inLanguage":"es","@id":"https:\/\/autofans.com.ar\/index.php\/2024\/02\/14\/edicion-limitada-de-abarth-695-75-aniversario\/#primaryimage","url":"https:\/\/autofans.com.ar\/wp-content\/uploads\/2024\/02\/abarth-7.jpg","contentUrl":"https:\/\/autofans.com.ar\/wp-content\/uploads\/2024\/02\/abarth-7.jpg","width":1000,"height":667,"caption":"Abarth 695"},{"@type":"BreadcrumbList","@id":"https:\/\/autofans.com.ar\/index.php\/2024\/02\/14\/edicion-limitada-de-abarth-695-75-aniversario\/#breadcrumb","itemListElement":[{"@type":"ListItem","position":1,"name":"Inicio","item":"https:\/\/autofans.com.ar\/"},{"@type":"ListItem","position":2,"name":"Edici\u00f3n limitada de Abarth 695 75\u00b0 aniversario"}]},{"@type":"WebSite","@id":"https:\/\/autofans.com.ar\/#website","url":"https:\/\/autofans.com.ar\/","name":"","description":"El multimedio referente de la industria automotriz","potentialAction":[{"@type":"SearchAction","target":{"@type":"EntryPoint","urlTemplate":"https:\/\/autofans.com.ar\/?s={search_term_string}"},"query-input":{"@type":"PropertyValueSpecification","valueRequired":true,"valueName":"search_term_string"}}],"inLanguage":"es"},{"@type":"Person","@id":"https:\/\/autofans.com.ar\/#\/schema\/person\/4a8dda0b6df83ac3d6723e921274c2aa","name":"Alejandro Gabriel Rosito","image":{"@type":"ImageObject","inLanguage":"es","@id":"https:\/\/secure.gravatar.com\/avatar\/16c5dda1489adfc62618084dcbb91cffd879c374b13fe5dd8e44ed6733852c88?s=96&d=mm&r=g","url":"https:\/\/secure.gravatar.com\/avatar\/16c5dda1489adfc62618084dcbb91cffd879c374b13fe5dd8e44ed6733852c88?s=96&d=mm&r=g","contentUrl":"https:\/\/secure.gravatar.com\/avatar\/16c5dda1489adfc62618084dcbb91cffd879c374b13fe5dd8e44ed6733852c88?s=96&d=mm&r=g","caption":"Alejandro Gabriel Rosito"},"url":"https:\/\/autofans.com.ar\/index.php\/author\/gabrielr\/"}]}},"featured_image_urls":{"full":["https:\/\/autofans.com.ar\/wp-content\/uploads\/2024\/02\/abarth-7.jpg",1000,667,false],"thumbnail":["https:\/\/autofans.com.ar\/wp-content\/uploads\/2024\/02\/abarth-7-150x150.jpg",150,150,true],"medium":["https:\/\/autofans.com.ar\/wp-content\/uploads\/2024\/02\/abarth-7-300x200.jpg",300,200,true],"medium_large":["https:\/\/autofans.com.ar\/wp-content\/uploads\/2024\/02\/abarth-7-768x512.jpg",640,427,true],"large":["https:\/\/autofans.com.ar\/wp-content\/uploads\/2024\/02\/abarth-7.jpg",640,427,false],"1536x1536":["https:\/\/autofans.com.ar\/wp-content\/uploads\/2024\/02\/abarth-7.jpg",1000,667,false],"2048x2048":["https:\/\/autofans.com.ar\/wp-content\/uploads\/2024\/02\/abarth-7.jpg",1000,667,false],"covernews-featured":["https:\/\/autofans.com.ar\/wp-content\/uploads\/2024\/02\/abarth-7.jpg",1000,667,false],"covernews-medium":["https:\/\/autofans.com.ar\/wp-content\/uploads\/2024\/02\/abarth-7-540x340.jpg",540,340,true]},"author_info":{"display_name":"Alejandro Gabriel Rosito","author_link":"https:\/\/autofans.com.ar\/index.php\/author\/gabrielr\/"},"category_info":"<a href=\"https:\/\/autofans.com.ar\/index.php\/category\/lanzamientos\/autos-y-suv\/\" rel=\"category tag\">Autos y SUV<\/a> <a href=\"https:\/\/autofans.com.ar\/index.php\/category\/lanzamientos\/\" rel=\"category tag\">LANZAMIENTOS<\/a>","tag_info":"LANZAMIENTOS","comment_count":0,"_links":{"self":[{"href":"https:\/\/autofans.com.ar\/index.php\/wp-json\/wp\/v2\/posts\/6691","targetHints":{"allow":["GET"]}}],"collection":[{"href":"https:\/\/autofans.com.ar\/index.php\/wp-json\/wp\/v2\/posts"}],"about":[{"href":"https:\/\/autofans.com.ar\/index.php\/wp-json\/wp\/v2\/types\/post"}],"author":[{"embeddable":true,"href":"https:\/\/autofans.com.ar\/index.php\/wp-json\/wp\/v2\/users\/2"}],"replies":[{"embeddable":true,"href":"https:\/\/autofans.com.ar\/index.php\/wp-json\/wp\/v2\/comments?post=6691"}],"version-history":[{"count":1,"href":"https:\/\/autofans.com.ar\/index.php\/wp-json\/wp\/v2\/posts\/6691\/revisions"}],"predecessor-version":[{"id":6699,"href":"https:\/\/autofans.com.ar\/index.php\/wp-json\/wp\/v2\/posts\/6691\/revisions\/6699"}],"wp:featuredmedia":[{"embeddable":true,"href":"https:\/\/autofans.com.ar\/index.php\/wp-json\/wp\/v2\/media\/6692"}],"wp:attachment":[{"href":"https:\/\/autofans.com.ar\/index.php\/wp-json\/wp\/v2\/media?parent=6691"}],"wp:term":[{"taxonomy":"category","embeddable":true,"href":"https:\/\/autofans.com.ar\/index.php\/wp-json\/wp\/v2\/categories?post=6691"},{"taxonomy":"post_tag","embeddable":true,"href":"https:\/\/autofans.com.ar\/index.php\/wp-json\/wp\/v2\/tags?post=6691"}],"curies":[{"name":"wp","href":"https:\/\/api.w.org\/{rel}","templated":true}]}}