{"id":6705,"date":"2024-02-14T21:00:29","date_gmt":"2024-02-15T00:00:29","guid":{"rendered":"https:\/\/autofans.com.ar\/?p=6705"},"modified":"2024-02-14T21:00:29","modified_gmt":"2024-02-15T00:00:29","slug":"cambios-ejecutivos-en-toyota-america-latina-y-el-caribe","status":"publish","type":"post","link":"https:\/\/autofans.com.ar\/index.php\/2024\/02\/14\/cambios-ejecutivos-en-toyota-america-latina-y-el-caribe\/","title":{"rendered":"Cambios ejecutivos en Toyota Am\u00e9rica Latina y el Caribe"},"content":{"rendered":"<p>Toyota Am\u00e9rica Latina y el Caribe (TLAC) ha revelado importantes cambios ejecutivos que marcar\u00e1n un hito a partir del 1 de marzo de 2024, anunciados durante la conferencia de prensa en Jap\u00f3n el 13 de febrero de 2024.<\/p>\n<p>&nbsp;<\/p>\n<blockquote>\n<p style=\"text-align: center;\"><span style=\"font-weight: 400;\">\u201cEstuve involucrado en el negocio de Toyota con gente de TLAC durante m\u00e1s de 10 a\u00f1os. Tambi\u00e9n sent\u00ed fuertemente cu\u00e1nto conf\u00edan los latinoamericanos en la marca Toyota debido a sus productos confiables y su orientaci\u00f3n hacia las prioridades del cliente. En todo este tiempo tuvimos turbulencias pol\u00edticas y econ\u00f3micas, alzas y bajas pero, al trabajar tan duro junto con ustedes, \u00a1puedo decir que tengo muchos amigos en la regi\u00f3n! De ahora en adelante, quiero que todos mis amigos sigan siendo TLAC One Team bajo la direcci\u00f3n del nuevo CEO Rafael Chang. Mi tarea cambiar\u00e1, sin embargo, no puedo dejar de apoyar el crecimiento sustentable de Toyota en la regi\u00f3n\u201d.<\/span><\/p>\n<\/blockquote>\n<p>&nbsp;<\/p>\n<h2>De CEO a presidente en Daihatsu Jap\u00f3n<\/h2>\n<p>&nbsp;<\/p>\n<figure id=\"attachment_6707\" aria-describedby=\"caption-attachment-6707\" style=\"width: 1000px\" class=\"wp-caption aligncenter\"><img fetchpriority=\"high\" decoding=\"async\" class=\"wp-image-6707 size-full\" src=\"https:\/\/autofans.com.ar\/wp-content\/uploads\/2024\/02\/masahiro.jpg\" alt=\"Toyota\" width=\"1000\" height=\"667\" srcset=\"https:\/\/autofans.com.ar\/wp-content\/uploads\/2024\/02\/masahiro.jpg 1000w, https:\/\/autofans.com.ar\/wp-content\/uploads\/2024\/02\/masahiro-300x200.jpg 300w, https:\/\/autofans.com.ar\/wp-content\/uploads\/2024\/02\/masahiro-768x512.jpg 768w\" sizes=\"(max-width: 1000px) 100vw, 1000px\" \/><figcaption id=\"caption-attachment-6707\" class=\"wp-caption-text\">Masahiro Inoue, nuevo presidente de Daihatsu Motor Co., Ltd. en Jap\u00f3n<\/figcaption><\/figure>\n<p>&nbsp;<\/p>\n<p>Masahiro \u00abMassa\u00bb Inoue, actual CEO de TLAC, asumir\u00e1 el rol de presidente en Daihatsu Motor Co., Ltd. en Jap\u00f3n. Bajo su liderazgo, TLAC ha experimentado un crecimiento constante en Am\u00e9rica Latina y el Caribe, consolidando operaciones de fabricaci\u00f3n y ventas, lanzando productos centrados en la neutralidad de carbono y liderando la transformaci\u00f3n hacia una empresa de movilidad.<\/p>\n<p>&nbsp;<\/p>\n<blockquote>\n<p style=\"text-align: center;\"><span style=\"font-weight: 400;\">\u201cMe gustar\u00eda agradecer a Massa Inoue por su liderazgo durante estos a\u00f1os, gui\u00e1ndonos con su conocimiento y fuerte pasi\u00f3n por Am\u00e9rica Latina y por allanar el camino del futuro de nuestra regi\u00f3n. Recibo humildemente este nuevo desaf\u00edo, con el compromiso de seguir avanzando por lograr lo mejor para las personas en Am\u00e9rica Latina, trabajando juntos como TLAC One Team y siempre guiados por nuestros Valores Toyota\u201d.<\/span><\/p>\n<\/blockquote>\n<p>&nbsp;<\/p>\n<h2>Presidente de Toyota Brasil, trayectoria de \u00e9xito<\/h2>\n<p>El sucesor de Massa como CEO de TLAC ser\u00e1 Rafael Chang, un veterano de 30 a\u00f1os en Toyota con una destacada trayectoria en Per\u00fa, Jap\u00f3n, Venezuela y actualmente como presidente de Toyota de Brasil. Por otro lado, Evandro Maggio ocupar\u00e1 el cargo de presidente de Toyota de Brasil, aportando su experiencia en \u00e1reas como Comercial, Lexus Internacional en Jap\u00f3n, Recursos Humanos y, actualmente, como director regional de I+D y Compras.<\/p>\n<p>&nbsp;<\/p>\n<div id='gallery-1' class='gallery galleryid-6705 gallery-columns-2 gallery-size-full'><figure class='gallery-item'>\n\t\t\t<div class='gallery-icon landscape'>\n\t\t\t\t<a href='https:\/\/autofans.com.ar\/index.php\/2024\/02\/14\/cambios-ejecutivos-en-toyota-america-latina-y-el-caribe\/evandro-maggio\/'><img loading=\"lazy\" width=\"1000\" height=\"667\" src=\"https:\/\/autofans.com.ar\/wp-content\/uploads\/2024\/02\/evandro-maggio.jpg\" class=\"attachment-full size-full\" alt=\"Toyota\" aria-describedby=\"gallery-1-6706\" srcset=\"https:\/\/autofans.com.ar\/wp-content\/uploads\/2024\/02\/evandro-maggio.jpg 1000w, https:\/\/autofans.com.ar\/wp-content\/uploads\/2024\/02\/evandro-maggio-300x200.jpg 300w, https:\/\/autofans.com.ar\/wp-content\/uploads\/2024\/02\/evandro-maggio-768x512.jpg 768w\" sizes=\"auto, (max-width: 1000px) 100vw, 1000px\" loading=\"lazy\" decoding=\"async\" \/><\/a>\n\t\t\t<\/div>\n\t\t\t\t<figcaption class='wp-caption-text gallery-caption' id='gallery-1-6706'>\n\t\t\t\tEvandro Maggio, nuevo presidente de Toyota Do Brasil\n\t\t\t\t<\/figcaption><\/figure><figure class='gallery-item'>\n\t\t\t<div class='gallery-icon landscape'>\n\t\t\t\t<a href='https:\/\/autofans.com.ar\/index.php\/2024\/02\/14\/cambios-ejecutivos-en-toyota-america-latina-y-el-caribe\/rafael-chang2\/'><img loading=\"lazy\" width=\"1000\" height=\"667\" src=\"https:\/\/autofans.com.ar\/wp-content\/uploads\/2024\/02\/rafael-chang2.jpg\" class=\"attachment-full size-full\" alt=\"rafael chang2\" aria-describedby=\"gallery-1-6710\" srcset=\"https:\/\/autofans.com.ar\/wp-content\/uploads\/2024\/02\/rafael-chang2.jpg 1000w, https:\/\/autofans.com.ar\/wp-content\/uploads\/2024\/02\/rafael-chang2-300x200.jpg 300w, https:\/\/autofans.com.ar\/wp-content\/uploads\/2024\/02\/rafael-chang2-768x512.jpg 768w\" sizes=\"auto, (max-width: 1000px) 100vw, 1000px\" loading=\"lazy\" decoding=\"async\" \/><\/a>\n\t\t\t<\/div>\n\t\t\t\t<figcaption class='wp-caption-text gallery-caption' id='gallery-1-6710'>\n\t\t\t\tRafael Chang, nuevo CEO de TLAC\n\t\t\t\t<\/figcaption><\/figure>\n\t\t<\/div>\n\n<p>&nbsp;<\/p>\n<p>El Consejo Directivo Regional de TLAC, encabezado por Rafael Chang y Evandro Maggio, junto con Gustavo Salinas (Presidente de Toyota Argentina) y Hiroshi Yonenaga (Director regional de TLAC), asumir\u00e1n la responsabilidad de liderar la regi\u00f3n bajo el concepto TLAC One Team en un per\u00edodo de transformaci\u00f3n acelerada.<\/p>\n<p>&nbsp;<\/p>\n<blockquote>\n<p style=\"text-align: center;\"><span style=\"font-weight: 400;\">\u201cA lo largo de estos a\u00f1os, fui testigo del crecimiento y evoluci\u00f3n de Toyota de Brasil, construyendo una historia de \u00e9xito. Me siento profundamente honrado de asumir este nuevo desaf\u00edo. La responsabilidad es enorme, pero conf\u00edo en el potencial de nuestro equipo y la fortaleza de nuestra empresa. Juntos continuaremos trabajando por el desarrollo del mercado automotriz brasile\u00f1o, buscando la innovaci\u00f3n en tecnolog\u00eda y movilidad, la excelencia operativa y, siempre, la satisfacci\u00f3n de nuestros clientes\u201d.<\/span><\/p>\n<\/blockquote>\n<p>&nbsp;<\/p>\n<p><i>Para enterarte de m\u00e1s novedades, no dejes de leer\u00a0<\/i><a href=\"https:\/\/autofans.thebrandsoup.com\/\"><i>nuestras notas<\/i><\/a><i>, de ver<\/i><b><i>\u00a0<\/i><\/b><a href=\"https:\/\/www.youtube.com\/channel\/UCgAC8UGHZYbT6P7PpmVnP7g\"><b><i>AUTOFANS TV<\/i><\/b><\/a><b><i>\u00a0<\/i><\/b><i>en nuestro\u00a0canal de Youtube. Adem\u00e1s seguinos en\u00a0<\/i><a href=\"https:\/\/www.instagram.com\/autofanstv\/\"><i>INSTAGRAM<\/i><\/a><i> y <\/i><a href=\"https:\/\/www.facebook.com\/autofansmas\/\"><i>FACEBOOK<\/i><\/a><i> para no perderte nada sobre las novedades del segmento automotor de Argentina y el mundo.<\/i><\/p>\n","protected":false},"excerpt":{"rendered":"<p>Toyota Am\u00e9rica Latina y el Caribe (TLAC) ha revelado importantes cambios ejecutivos que marcar\u00e1n un&#8230;<\/p>\n","protected":false},"author":2,"featured_media":6708,"comment_status":"closed","ping_status":"closed","sticky":false,"template":"","format":"standard","meta":{"footnotes":""},"categories":[292,16],"tags":[551,3559,3561,731,3082,3560,3558,277,3562],"class_list":["post-6705","post","type-post","status-publish","format-standard","has-post-thumbnail","hentry","category-empresas","category-noticias","tag-america-latina","tag-cambios-ejecutivos","tag-caribe","tag-movilidad","tag-neutralidad-de-carbono","tag-nuevos-lideres","tag-tlac","tag-toyota","tag-transformacion-empresarial"],"yoast_head":"<!-- This site is optimized with the Yoast SEO plugin v27.5 - https:\/\/yoast.com\/product\/yoast-seo-wordpress\/ -->\n<title>Cambios ejecutivos en Toyota Am\u00e9rica Latina y el Caribe -<\/title>\n<meta name=\"description\" content=\"Toyota Am\u00e9rica Latina y el Caribe (TLAC) ha revelado importantes cambios ejecutivos que marcar\u00e1n un hito a partir del 1 de marzo de 2024...\" \/>\n<meta name=\"robots\" content=\"index, follow, max-snippet:-1, max-image-preview:large, max-video-preview:-1\" \/>\n<link rel=\"canonical\" href=\"https:\/\/autofans.com.ar\/index.php\/2024\/02\/14\/cambios-ejecutivos-en-toyota-america-latina-y-el-caribe\/\" \/>\n<meta property=\"og:locale\" content=\"es_ES\" \/>\n<meta property=\"og:type\" content=\"article\" \/>\n<meta property=\"og:title\" content=\"Cambios ejecutivos en Toyota Am\u00e9rica Latina y el Caribe -\" \/>\n<meta property=\"og:description\" content=\"Toyota Am\u00e9rica Latina y el Caribe (TLAC) ha revelado importantes cambios ejecutivos que marcar\u00e1n un hito a partir del 1 de marzo de 2024...\" \/>\n<meta property=\"og:url\" content=\"https:\/\/autofans.com.ar\/index.php\/2024\/02\/14\/cambios-ejecutivos-en-toyota-america-latina-y-el-caribe\/\" \/>\n<meta property=\"article:published_time\" content=\"2024-02-15T00:00:29+00:00\" \/>\n<meta property=\"og:image\" content=\"https:\/\/autofans.com.ar\/wp-content\/uploads\/2024\/02\/rafael-chang.jpg\" \/>\n\t<meta property=\"og:image:width\" content=\"640\" \/>\n\t<meta property=\"og:image:height\" content=\"427\" \/>\n\t<meta property=\"og:image:type\" content=\"image\/jpeg\" \/>\n<meta name=\"author\" content=\"Alejandro Gabriel Rosito\" \/>\n<meta name=\"twitter:card\" content=\"summary_large_image\" \/>\n<meta name=\"twitter:label1\" content=\"Escrito por\" \/>\n\t<meta name=\"twitter:data1\" content=\"Alejandro Gabriel Rosito\" \/>\n\t<meta name=\"twitter:label2\" content=\"Tiempo de lectura\" \/>\n\t<meta name=\"twitter:data2\" content=\"2 minutos\" \/>\n<script type=\"application\/ld+json\" class=\"yoast-schema-graph\">{\"@context\":\"https:\\\/\\\/schema.org\",\"@graph\":[{\"@type\":\"Article\",\"@id\":\"https:\\\/\\\/autofans.com.ar\\\/index.php\\\/2024\\\/02\\\/14\\\/cambios-ejecutivos-en-toyota-america-latina-y-el-caribe\\\/#article\",\"isPartOf\":{\"@id\":\"https:\\\/\\\/autofans.com.ar\\\/index.php\\\/2024\\\/02\\\/14\\\/cambios-ejecutivos-en-toyota-america-latina-y-el-caribe\\\/\"},\"author\":{\"name\":\"Alejandro Gabriel Rosito\",\"@id\":\"https:\\\/\\\/autofans.com.ar\\\/#\\\/schema\\\/person\\\/4a8dda0b6df83ac3d6723e921274c2aa\"},\"headline\":\"Cambios ejecutivos en Toyota Am\u00e9rica Latina y el Caribe\",\"datePublished\":\"2024-02-15T00:00:29+00:00\",\"mainEntityOfPage\":{\"@id\":\"https:\\\/\\\/autofans.com.ar\\\/index.php\\\/2024\\\/02\\\/14\\\/cambios-ejecutivos-en-toyota-america-latina-y-el-caribe\\\/\"},\"wordCount\":600,\"image\":{\"@id\":\"https:\\\/\\\/autofans.com.ar\\\/index.php\\\/2024\\\/02\\\/14\\\/cambios-ejecutivos-en-toyota-america-latina-y-el-caribe\\\/#primaryimage\"},\"thumbnailUrl\":\"https:\\\/\\\/autofans.com.ar\\\/wp-content\\\/uploads\\\/2024\\\/02\\\/rafael-chang.jpg\",\"keywords\":[\"Am\u00e9rica Latina\",\"Cambios Ejecutivos\",\"Caribe\",\"movilidad\",\"Neutralidad de Carbono\",\"Nuevos L\u00edderes\",\"TLAC\",\"Toyota\",\"Transformaci\u00f3n Empresarial\"],\"articleSection\":[\"EMPRESAS\",\"NOTICIAS\"],\"inLanguage\":\"es\"},{\"@type\":\"WebPage\",\"@id\":\"https:\\\/\\\/autofans.com.ar\\\/index.php\\\/2024\\\/02\\\/14\\\/cambios-ejecutivos-en-toyota-america-latina-y-el-caribe\\\/\",\"url\":\"https:\\\/\\\/autofans.com.ar\\\/index.php\\\/2024\\\/02\\\/14\\\/cambios-ejecutivos-en-toyota-america-latina-y-el-caribe\\\/\",\"name\":\"Cambios ejecutivos en Toyota Am\u00e9rica Latina y el Caribe -\",\"isPartOf\":{\"@id\":\"https:\\\/\\\/autofans.com.ar\\\/#website\"},\"primaryImageOfPage\":{\"@id\":\"https:\\\/\\\/autofans.com.ar\\\/index.php\\\/2024\\\/02\\\/14\\\/cambios-ejecutivos-en-toyota-america-latina-y-el-caribe\\\/#primaryimage\"},\"image\":{\"@id\":\"https:\\\/\\\/autofans.com.ar\\\/index.php\\\/2024\\\/02\\\/14\\\/cambios-ejecutivos-en-toyota-america-latina-y-el-caribe\\\/#primaryimage\"},\"thumbnailUrl\":\"https:\\\/\\\/autofans.com.ar\\\/wp-content\\\/uploads\\\/2024\\\/02\\\/rafael-chang.jpg\",\"datePublished\":\"2024-02-15T00:00:29+00:00\",\"author\":{\"@id\":\"https:\\\/\\\/autofans.com.ar\\\/#\\\/schema\\\/person\\\/4a8dda0b6df83ac3d6723e921274c2aa\"},\"description\":\"Toyota Am\u00e9rica Latina y el Caribe (TLAC) ha revelado importantes cambios ejecutivos que marcar\u00e1n un hito a partir del 1 de marzo de 2024...\",\"breadcrumb\":{\"@id\":\"https:\\\/\\\/autofans.com.ar\\\/index.php\\\/2024\\\/02\\\/14\\\/cambios-ejecutivos-en-toyota-america-latina-y-el-caribe\\\/#breadcrumb\"},\"inLanguage\":\"es\",\"potentialAction\":[{\"@type\":\"ReadAction\",\"target\":[\"https:\\\/\\\/autofans.com.ar\\\/index.php\\\/2024\\\/02\\\/14\\\/cambios-ejecutivos-en-toyota-america-latina-y-el-caribe\\\/\"]}]},{\"@type\":\"ImageObject\",\"inLanguage\":\"es\",\"@id\":\"https:\\\/\\\/autofans.com.ar\\\/index.php\\\/2024\\\/02\\\/14\\\/cambios-ejecutivos-en-toyota-america-latina-y-el-caribe\\\/#primaryimage\",\"url\":\"https:\\\/\\\/autofans.com.ar\\\/wp-content\\\/uploads\\\/2024\\\/02\\\/rafael-chang.jpg\",\"contentUrl\":\"https:\\\/\\\/autofans.com.ar\\\/wp-content\\\/uploads\\\/2024\\\/02\\\/rafael-chang.jpg\",\"width\":1000,\"height\":667,\"caption\":\"Toyota\"},{\"@type\":\"BreadcrumbList\",\"@id\":\"https:\\\/\\\/autofans.com.ar\\\/index.php\\\/2024\\\/02\\\/14\\\/cambios-ejecutivos-en-toyota-america-latina-y-el-caribe\\\/#breadcrumb\",\"itemListElement\":[{\"@type\":\"ListItem\",\"position\":1,\"name\":\"Inicio\",\"item\":\"https:\\\/\\\/autofans.com.ar\\\/\"},{\"@type\":\"ListItem\",\"position\":2,\"name\":\"Cambios ejecutivos en Toyota Am\u00e9rica Latina y el Caribe\"}]},{\"@type\":\"WebSite\",\"@id\":\"https:\\\/\\\/autofans.com.ar\\\/#website\",\"url\":\"https:\\\/\\\/autofans.com.ar\\\/\",\"name\":\"\",\"description\":\"El multimedio referente de la industria automotriz\",\"potentialAction\":[{\"@type\":\"SearchAction\",\"target\":{\"@type\":\"EntryPoint\",\"urlTemplate\":\"https:\\\/\\\/autofans.com.ar\\\/?s={search_term_string}\"},\"query-input\":{\"@type\":\"PropertyValueSpecification\",\"valueRequired\":true,\"valueName\":\"search_term_string\"}}],\"inLanguage\":\"es\"},{\"@type\":\"Person\",\"@id\":\"https:\\\/\\\/autofans.com.ar\\\/#\\\/schema\\\/person\\\/4a8dda0b6df83ac3d6723e921274c2aa\",\"name\":\"Alejandro Gabriel Rosito\",\"image\":{\"@type\":\"ImageObject\",\"inLanguage\":\"es\",\"@id\":\"https:\\\/\\\/secure.gravatar.com\\\/avatar\\\/16c5dda1489adfc62618084dcbb91cffd879c374b13fe5dd8e44ed6733852c88?s=96&d=mm&r=g\",\"url\":\"https:\\\/\\\/secure.gravatar.com\\\/avatar\\\/16c5dda1489adfc62618084dcbb91cffd879c374b13fe5dd8e44ed6733852c88?s=96&d=mm&r=g\",\"contentUrl\":\"https:\\\/\\\/secure.gravatar.com\\\/avatar\\\/16c5dda1489adfc62618084dcbb91cffd879c374b13fe5dd8e44ed6733852c88?s=96&d=mm&r=g\",\"caption\":\"Alejandro Gabriel Rosito\"},\"url\":\"https:\\\/\\\/autofans.com.ar\\\/index.php\\\/author\\\/gabrielr\\\/\"}]}<\/script>\n<!-- \/ Yoast SEO plugin. -->","yoast_head_json":{"title":"Cambios ejecutivos en Toyota Am\u00e9rica Latina y el Caribe -","description":"Toyota Am\u00e9rica Latina y el Caribe (TLAC) ha revelado importantes cambios ejecutivos que marcar\u00e1n un hito a partir del 1 de marzo de 2024...","robots":{"index":"index","follow":"follow","max-snippet":"max-snippet:-1","max-image-preview":"max-image-preview:large","max-video-preview":"max-video-preview:-1"},"canonical":"https:\/\/autofans.com.ar\/index.php\/2024\/02\/14\/cambios-ejecutivos-en-toyota-america-latina-y-el-caribe\/","og_locale":"es_ES","og_type":"article","og_title":"Cambios ejecutivos en Toyota Am\u00e9rica Latina y el Caribe -","og_description":"Toyota Am\u00e9rica Latina y el Caribe (TLAC) ha revelado importantes cambios ejecutivos que marcar\u00e1n un hito a partir del 1 de marzo de 2024...","og_url":"https:\/\/autofans.com.ar\/index.php\/2024\/02\/14\/cambios-ejecutivos-en-toyota-america-latina-y-el-caribe\/","article_published_time":"2024-02-15T00:00:29+00:00","og_image":[{"url":"https:\/\/autofans.com.ar\/wp-content\/uploads\/2024\/02\/rafael-chang.jpg","width":640,"height":427,"type":"image\/jpeg"}],"author":"Alejandro Gabriel Rosito","twitter_card":"summary_large_image","twitter_misc":{"Escrito por":"Alejandro Gabriel Rosito","Tiempo de lectura":"2 minutos"},"schema":{"@context":"https:\/\/schema.org","@graph":[{"@type":"Article","@id":"https:\/\/autofans.com.ar\/index.php\/2024\/02\/14\/cambios-ejecutivos-en-toyota-america-latina-y-el-caribe\/#article","isPartOf":{"@id":"https:\/\/autofans.com.ar\/index.php\/2024\/02\/14\/cambios-ejecutivos-en-toyota-america-latina-y-el-caribe\/"},"author":{"name":"Alejandro Gabriel Rosito","@id":"https:\/\/autofans.com.ar\/#\/schema\/person\/4a8dda0b6df83ac3d6723e921274c2aa"},"headline":"Cambios ejecutivos en Toyota Am\u00e9rica Latina y el Caribe","datePublished":"2024-02-15T00:00:29+00:00","mainEntityOfPage":{"@id":"https:\/\/autofans.com.ar\/index.php\/2024\/02\/14\/cambios-ejecutivos-en-toyota-america-latina-y-el-caribe\/"},"wordCount":600,"image":{"@id":"https:\/\/autofans.com.ar\/index.php\/2024\/02\/14\/cambios-ejecutivos-en-toyota-america-latina-y-el-caribe\/#primaryimage"},"thumbnailUrl":"https:\/\/autofans.com.ar\/wp-content\/uploads\/2024\/02\/rafael-chang.jpg","keywords":["Am\u00e9rica Latina","Cambios Ejecutivos","Caribe","movilidad","Neutralidad de Carbono","Nuevos L\u00edderes","TLAC","Toyota","Transformaci\u00f3n Empresarial"],"articleSection":["EMPRESAS","NOTICIAS"],"inLanguage":"es"},{"@type":"WebPage","@id":"https:\/\/autofans.com.ar\/index.php\/2024\/02\/14\/cambios-ejecutivos-en-toyota-america-latina-y-el-caribe\/","url":"https:\/\/autofans.com.ar\/index.php\/2024\/02\/14\/cambios-ejecutivos-en-toyota-america-latina-y-el-caribe\/","name":"Cambios ejecutivos en Toyota Am\u00e9rica Latina y el Caribe -","isPartOf":{"@id":"https:\/\/autofans.com.ar\/#website"},"primaryImageOfPage":{"@id":"https:\/\/autofans.com.ar\/index.php\/2024\/02\/14\/cambios-ejecutivos-en-toyota-america-latina-y-el-caribe\/#primaryimage"},"image":{"@id":"https:\/\/autofans.com.ar\/index.php\/2024\/02\/14\/cambios-ejecutivos-en-toyota-america-latina-y-el-caribe\/#primaryimage"},"thumbnailUrl":"https:\/\/autofans.com.ar\/wp-content\/uploads\/2024\/02\/rafael-chang.jpg","datePublished":"2024-02-15T00:00:29+00:00","author":{"@id":"https:\/\/autofans.com.ar\/#\/schema\/person\/4a8dda0b6df83ac3d6723e921274c2aa"},"description":"Toyota Am\u00e9rica Latina y el Caribe (TLAC) ha revelado importantes cambios ejecutivos que marcar\u00e1n un hito a partir del 1 de marzo de 2024...","breadcrumb":{"@id":"https:\/\/autofans.com.ar\/index.php\/2024\/02\/14\/cambios-ejecutivos-en-toyota-america-latina-y-el-caribe\/#breadcrumb"},"inLanguage":"es","potentialAction":[{"@type":"ReadAction","target":["https:\/\/autofans.com.ar\/index.php\/2024\/02\/14\/cambios-ejecutivos-en-toyota-america-latina-y-el-caribe\/"]}]},{"@type":"ImageObject","inLanguage":"es","@id":"https:\/\/autofans.com.ar\/index.php\/2024\/02\/14\/cambios-ejecutivos-en-toyota-america-latina-y-el-caribe\/#primaryimage","url":"https:\/\/autofans.com.ar\/wp-content\/uploads\/2024\/02\/rafael-chang.jpg","contentUrl":"https:\/\/autofans.com.ar\/wp-content\/uploads\/2024\/02\/rafael-chang.jpg","width":1000,"height":667,"caption":"Toyota"},{"@type":"BreadcrumbList","@id":"https:\/\/autofans.com.ar\/index.php\/2024\/02\/14\/cambios-ejecutivos-en-toyota-america-latina-y-el-caribe\/#breadcrumb","itemListElement":[{"@type":"ListItem","position":1,"name":"Inicio","item":"https:\/\/autofans.com.ar\/"},{"@type":"ListItem","position":2,"name":"Cambios ejecutivos en Toyota Am\u00e9rica Latina y el Caribe"}]},{"@type":"WebSite","@id":"https:\/\/autofans.com.ar\/#website","url":"https:\/\/autofans.com.ar\/","name":"","description":"El multimedio referente de la industria automotriz","potentialAction":[{"@type":"SearchAction","target":{"@type":"EntryPoint","urlTemplate":"https:\/\/autofans.com.ar\/?s={search_term_string}"},"query-input":{"@type":"PropertyValueSpecification","valueRequired":true,"valueName":"search_term_string"}}],"inLanguage":"es"},{"@type":"Person","@id":"https:\/\/autofans.com.ar\/#\/schema\/person\/4a8dda0b6df83ac3d6723e921274c2aa","name":"Alejandro Gabriel Rosito","image":{"@type":"ImageObject","inLanguage":"es","@id":"https:\/\/secure.gravatar.com\/avatar\/16c5dda1489adfc62618084dcbb91cffd879c374b13fe5dd8e44ed6733852c88?s=96&d=mm&r=g","url":"https:\/\/secure.gravatar.com\/avatar\/16c5dda1489adfc62618084dcbb91cffd879c374b13fe5dd8e44ed6733852c88?s=96&d=mm&r=g","contentUrl":"https:\/\/secure.gravatar.com\/avatar\/16c5dda1489adfc62618084dcbb91cffd879c374b13fe5dd8e44ed6733852c88?s=96&d=mm&r=g","caption":"Alejandro Gabriel Rosito"},"url":"https:\/\/autofans.com.ar\/index.php\/author\/gabrielr\/"}]}},"featured_image_urls":{"full":["https:\/\/autofans.com.ar\/wp-content\/uploads\/2024\/02\/rafael-chang.jpg",1000,667,false],"thumbnail":["https:\/\/autofans.com.ar\/wp-content\/uploads\/2024\/02\/rafael-chang-150x150.jpg",150,150,true],"medium":["https:\/\/autofans.com.ar\/wp-content\/uploads\/2024\/02\/rafael-chang-300x200.jpg",300,200,true],"medium_large":["https:\/\/autofans.com.ar\/wp-content\/uploads\/2024\/02\/rafael-chang-768x512.jpg",640,427,true],"large":["https:\/\/autofans.com.ar\/wp-content\/uploads\/2024\/02\/rafael-chang.jpg",640,427,false],"1536x1536":["https:\/\/autofans.com.ar\/wp-content\/uploads\/2024\/02\/rafael-chang.jpg",1000,667,false],"2048x2048":["https:\/\/autofans.com.ar\/wp-content\/uploads\/2024\/02\/rafael-chang.jpg",1000,667,false],"covernews-featured":["https:\/\/autofans.com.ar\/wp-content\/uploads\/2024\/02\/rafael-chang.jpg",1000,667,false],"covernews-medium":["https:\/\/autofans.com.ar\/wp-content\/uploads\/2024\/02\/rafael-chang-540x340.jpg",540,340,true]},"author_info":{"display_name":"Alejandro Gabriel Rosito","author_link":"https:\/\/autofans.com.ar\/index.php\/author\/gabrielr\/"},"category_info":"<a href=\"https:\/\/autofans.com.ar\/index.php\/category\/noticias\/empresas\/\" rel=\"category tag\">EMPRESAS<\/a> <a href=\"https:\/\/autofans.com.ar\/index.php\/category\/noticias\/\" rel=\"category tag\">NOTICIAS<\/a>","tag_info":"NOTICIAS","comment_count":0,"_links":{"self":[{"href":"https:\/\/autofans.com.ar\/index.php\/wp-json\/wp\/v2\/posts\/6705","targetHints":{"allow":["GET"]}}],"collection":[{"href":"https:\/\/autofans.com.ar\/index.php\/wp-json\/wp\/v2\/posts"}],"about":[{"href":"https:\/\/autofans.com.ar\/index.php\/wp-json\/wp\/v2\/types\/post"}],"author":[{"embeddable":true,"href":"https:\/\/autofans.com.ar\/index.php\/wp-json\/wp\/v2\/users\/2"}],"replies":[{"embeddable":true,"href":"https:\/\/autofans.com.ar\/index.php\/wp-json\/wp\/v2\/comments?post=6705"}],"version-history":[{"count":1,"href":"https:\/\/autofans.com.ar\/index.php\/wp-json\/wp\/v2\/posts\/6705\/revisions"}],"predecessor-version":[{"id":6711,"href":"https:\/\/autofans.com.ar\/index.php\/wp-json\/wp\/v2\/posts\/6705\/revisions\/6711"}],"wp:featuredmedia":[{"embeddable":true,"href":"https:\/\/autofans.com.ar\/index.php\/wp-json\/wp\/v2\/media\/6708"}],"wp:attachment":[{"href":"https:\/\/autofans.com.ar\/index.php\/wp-json\/wp\/v2\/media?parent=6705"}],"wp:term":[{"taxonomy":"category","embeddable":true,"href":"https:\/\/autofans.com.ar\/index.php\/wp-json\/wp\/v2\/categories?post=6705"},{"taxonomy":"post_tag","embeddable":true,"href":"https:\/\/autofans.com.ar\/index.php\/wp-json\/wp\/v2\/tags?post=6705"}],"curies":[{"name":"wp","href":"https:\/\/api.w.org\/{rel}","templated":true}]}}