{"id":6719,"date":"2024-02-15T19:10:31","date_gmt":"2024-02-15T22:10:31","guid":{"rendered":"https:\/\/autofans.com.ar\/?p=6719"},"modified":"2024-02-15T19:10:31","modified_gmt":"2024-02-15T22:10:31","slug":"mercedes-benz-camiones-y-buses-y-su-compromiso-verde","status":"publish","type":"post","link":"https:\/\/autofans.com.ar\/index.php\/2024\/02\/15\/mercedes-benz-camiones-y-buses-y-su-compromiso-verde\/","title":{"rendered":"Mercedes-Benz Camiones y Buses y su compromiso verde"},"content":{"rendered":"<p>Mercedes-Benz Camiones y Buses, en el marco del D\u00eda Internacional de la Energ\u00eda, destaca su compromiso con la sustentabilidad y la movilidad verde en Argentina.<\/p>\n<p>Desde hace m\u00e1s de dos a\u00f1os, Mercedes-Benz Camiones y Buses opera como una entidad independiente del grupo Daimler Truck AG en Argentina. Concentr\u00e1ndose en ofrecer productos y servicios especializados para la industria del transporte. Con un enfoque integral de desarrollo sustentable, la compa\u00f1\u00eda se destaca en el uso de energ\u00eda renovable y pr\u00e1cticas amigables con el medio ambiente.<\/p>\n<p>&nbsp;<\/p>\n<h2>Apuesta por la energ\u00eda renovable &#8211; \u00abGreen Production\u00bb a nivel global<\/h2>\n<p>A nivel mundial, Daimler Truck impulsa la iniciativa \u00abGreen Production\u00bb. En Argentina, Mercedes-Benz Camiones y Buses opera una l\u00ednea de producci\u00f3n en el Centro Industrial Juan Manuel Fangio, en Virrey del Pino, La Matanza, donde fabrica camiones Atego y Accelo, as\u00ed como chasis de buses OH y OF. La planta, que es CO2 neutral en materia energ\u00e9tica, adquiere el 100% de su energ\u00eda de fuentes renovables y cuenta con paneles solares que abastecen las oficinas del centro de producci\u00f3n.<\/p>\n<p>&nbsp;<\/p>\n<figure id=\"attachment_6721\" aria-describedby=\"caption-attachment-6721\" style=\"width: 1000px\" class=\"wp-caption aligncenter\"><img fetchpriority=\"high\" decoding=\"async\" class=\"wp-image-6721 size-full\" src=\"https:\/\/autofans.com.ar\/wp-content\/uploads\/2024\/02\/mercedes-2-1.jpg\" alt=\"Mercedes-Benz\" width=\"1000\" height=\"667\" srcset=\"https:\/\/autofans.com.ar\/wp-content\/uploads\/2024\/02\/mercedes-2-1.jpg 1000w, https:\/\/autofans.com.ar\/wp-content\/uploads\/2024\/02\/mercedes-2-1-300x200.jpg 300w, https:\/\/autofans.com.ar\/wp-content\/uploads\/2024\/02\/mercedes-2-1-768x512.jpg 768w\" sizes=\"(max-width: 1000px) 100vw, 1000px\" \/><figcaption id=\"caption-attachment-6721\" class=\"wp-caption-text\">Centro Industrial Juan Manuel Fangio, Virrey del Pino, La Matanza &#8211; Mercedes-Benz Camiones y Buses<\/figcaption><\/figure>\n<p>&nbsp;<\/p>\n<p>Recientemente, la empresa invirti\u00f3 USD 50 millones en la construcci\u00f3n de un centro log\u00edstico en Z\u00e1rate, enfocado en la gesti\u00f3n de autopartes y repuestos, siguiendo los est\u00e1ndares de calidad y medio ambiente de Daimler Truck a nivel global.<\/p>\n<p>&nbsp;<\/p>\n<blockquote>\n<p style=\"text-align: center;\">\u00abComo subsidiaria argentina de Daimler Truck, nos orientamos a una estrategia integral de sustentabilidad que abarca todos los niveles: procesos productivos, productos y servicios\u201d, afirma Gonzalo Rodi\u00f1o, Gerente de Relaciones Institucionales de Mercedes-Benz Camiones y Buses. Y agrega: \u201cEn nuestra l\u00ednea de producci\u00f3n logramos significativos avances en la eficiencia energ\u00e9tica y la gesti\u00f3n de residuos. Seguiremos trabajando comprometidos con la construcci\u00f3n de un futuro sustentable\u201d.<\/p>\n<\/blockquote>\n<p>&nbsp;<\/p>\n<h2>Reducci\u00f3n Significativa de Impacto Ambiental<\/h2>\n<p>Como parte de la iniciativa \u00abGreen Production\u00bb, Daimler Truck se ha propuesto objetivos exigentes a nivel global para el 2030. Incluyendo la reducci\u00f3n del consumo de recursos y la generaci\u00f3n de residuos. Entre los objetivos, se destaca una disminuci\u00f3n del 16% en el consumo de energ\u00eda, un 12% en la generaci\u00f3n de residuos, un 12% en el consumo de agua, y una reducci\u00f3n del 41% en la generaci\u00f3n de Di\u00f3xido de Carbono.<\/p>\n<p>&nbsp;<\/p>\n<figure id=\"attachment_6722\" aria-describedby=\"caption-attachment-6722\" style=\"width: 1000px\" class=\"wp-caption aligncenter\"><img decoding=\"async\" class=\"wp-image-6722 size-full\" src=\"https:\/\/autofans.com.ar\/wp-content\/uploads\/2024\/02\/mercedes-1-1.jpg\" alt=\"Mercedes-Benz\" width=\"1000\" height=\"667\" srcset=\"https:\/\/autofans.com.ar\/wp-content\/uploads\/2024\/02\/mercedes-1-1.jpg 1000w, https:\/\/autofans.com.ar\/wp-content\/uploads\/2024\/02\/mercedes-1-1-300x200.jpg 300w, https:\/\/autofans.com.ar\/wp-content\/uploads\/2024\/02\/mercedes-1-1-768x512.jpg 768w\" sizes=\"(max-width: 1000px) 100vw, 1000px\" \/><figcaption id=\"caption-attachment-6722\" class=\"wp-caption-text\">L\u00ednea de producci\u00f3n Mercedes-Benz Camiones y Buses &#8211; Centro Industrial Juan Manuel Fangio<\/figcaption><\/figure>\n<p>&nbsp;<\/p>\n<p>En su compromiso con los Objetivos de Desarrollo Sostenible (ODS) de la ONU, Mercedes-Benz Camiones y Buses participa activamente en el Pacto Mundial de la ONU. La empresa aborda los desaf\u00edos ambientales de forma preventiva, implementando iniciativas que optimizan recursos y disminuyen el impacto ambiental, contribuyendo al \u00e9xito a largo plazo.<\/p>\n<p>&nbsp;<\/p>\n<h2>Mercedes-Benz en el transporte argentino<\/h2>\n<p>Los procesos productivos de Mercedes-Benz Camiones y Buses en Argentina son constantemente analizados y revisados en t\u00e9rminos de consumo de recursos y clasificaci\u00f3n de residuos, siguiendo los lineamientos globales de Daimler Truck AG. La activa participaci\u00f3n del personal operativo, capacitado peri\u00f3dicamente, es clave para generar mejoras continuas en el impacto ambiental de los procesos.<\/p>\n<p>Como subsidiaria argentina de Daimler Truck, Mercedes-Benz Camiones y Buses lidera en el transporte de cargas y pasajeros. En el D\u00eda Internacional de la Energ\u00eda, reafirma su compromiso de respaldar a quienes mantienen el mundo en movimiento, buscando constantemente desarrollar y mantener una visi\u00f3n de negocio sustentable.<\/p>\n<p>&nbsp;<\/p>\n<p>&nbsp;<\/p>\n<p><i>Para enterarte de m\u00e1s novedades, no dejes de leer\u00a0<\/i><a href=\"https:\/\/autofans.thebrandsoup.com\/\"><i>nuestras notas<\/i><\/a><i>, de ver<\/i><b><i>\u00a0<\/i><\/b><a href=\"https:\/\/www.youtube.com\/channel\/UCgAC8UGHZYbT6P7PpmVnP7g\"><b><i>AUTOFANS TV<\/i><\/b><\/a><b><i>\u00a0<\/i><\/b><i>en nuestro\u00a0canal de Youtube. Adem\u00e1s seguinos en\u00a0<\/i><a href=\"https:\/\/www.instagram.com\/autofanstv\/\"><i>INSTAGRAM<\/i><\/a><i> y <\/i><a href=\"https:\/\/www.facebook.com\/autofansmas\/\"><i>FACEBOOK<\/i><\/a><i> para no perderte nada sobre las novedades del segmento automotor de Argentina y el mundo.<\/i><\/p>\n<p><i><span class=\"Apple-converted-space\">\u00a0<\/span><\/i><\/p>\n","protected":false},"excerpt":{"rendered":"<p>Mercedes-Benz Camiones y Buses, en el marco del D\u00eda Internacional de la Energ\u00eda, destaca su&#8230;<\/p>\n","protected":false},"author":2,"featured_media":6720,"comment_status":"closed","ping_status":"closed","sticky":false,"template":"","format":"standard","meta":{"footnotes":""},"categories":[341,16],"tags":[3566,3564,825,3565,2422,2378,125,3568,3567],"class_list":["post-6719","post","type-post","status-publish","format-standard","has-post-thumbnail","hentry","category-hibridos-y-electricos","category-noticias","tag-daimler-truck","tag-desarrollo-sustentable","tag-energia-renovable","tag-green-production","tag-impacto-ambiental","tag-mercedes-benz-camiones","tag-movilidad-sostenible","tag-objetivos-de-desarrollo-sostenible","tag-pacto-mundial-de-la-onu"],"yoast_head":"<!-- This site is optimized with the Yoast SEO plugin v27.5 - https:\/\/yoast.com\/product\/yoast-seo-wordpress\/ -->\n<title>Mercedes-Benz Camiones y Buses y su compromiso verde -<\/title>\n<meta name=\"description\" content=\"Mercedes-Benz Camiones y Buses, en el D\u00eda Internacional de la Energ\u00eda, destaca su compromiso con la sustentabilidad y la movilidad verde\" \/>\n<meta name=\"robots\" content=\"index, follow, max-snippet:-1, max-image-preview:large, max-video-preview:-1\" \/>\n<link rel=\"canonical\" href=\"https:\/\/autofans.com.ar\/index.php\/2024\/02\/15\/mercedes-benz-camiones-y-buses-y-su-compromiso-verde\/\" \/>\n<meta property=\"og:locale\" content=\"es_ES\" \/>\n<meta property=\"og:type\" content=\"article\" \/>\n<meta property=\"og:title\" content=\"Mercedes-Benz Camiones y Buses y su compromiso verde -\" \/>\n<meta property=\"og:description\" content=\"Mercedes-Benz Camiones y Buses, en el D\u00eda Internacional de la Energ\u00eda, destaca su compromiso con la sustentabilidad y la movilidad verde\" \/>\n<meta property=\"og:url\" content=\"https:\/\/autofans.com.ar\/index.php\/2024\/02\/15\/mercedes-benz-camiones-y-buses-y-su-compromiso-verde\/\" \/>\n<meta property=\"article:published_time\" content=\"2024-02-15T22:10:31+00:00\" \/>\n<meta property=\"og:image\" content=\"https:\/\/autofans.com.ar\/wp-content\/uploads\/2024\/02\/mercedes-3-1.jpg\" \/>\n\t<meta property=\"og:image:width\" content=\"640\" \/>\n\t<meta property=\"og:image:height\" content=\"427\" \/>\n\t<meta property=\"og:image:type\" content=\"image\/jpeg\" \/>\n<meta name=\"author\" content=\"Alejandro Gabriel Rosito\" \/>\n<meta name=\"twitter:card\" content=\"summary_large_image\" \/>\n<meta name=\"twitter:label1\" content=\"Escrito por\" \/>\n\t<meta name=\"twitter:data1\" content=\"Alejandro Gabriel Rosito\" \/>\n\t<meta name=\"twitter:label2\" content=\"Tiempo de lectura\" \/>\n\t<meta name=\"twitter:data2\" content=\"3 minutos\" \/>\n<script type=\"application\/ld+json\" class=\"yoast-schema-graph\">{\"@context\":\"https:\\\/\\\/schema.org\",\"@graph\":[{\"@type\":\"Article\",\"@id\":\"https:\\\/\\\/autofans.com.ar\\\/index.php\\\/2024\\\/02\\\/15\\\/mercedes-benz-camiones-y-buses-y-su-compromiso-verde\\\/#article\",\"isPartOf\":{\"@id\":\"https:\\\/\\\/autofans.com.ar\\\/index.php\\\/2024\\\/02\\\/15\\\/mercedes-benz-camiones-y-buses-y-su-compromiso-verde\\\/\"},\"author\":{\"name\":\"Alejandro Gabriel Rosito\",\"@id\":\"https:\\\/\\\/autofans.com.ar\\\/#\\\/schema\\\/person\\\/4a8dda0b6df83ac3d6723e921274c2aa\"},\"headline\":\"Mercedes-Benz Camiones y Buses y su compromiso verde\",\"datePublished\":\"2024-02-15T22:10:31+00:00\",\"mainEntityOfPage\":{\"@id\":\"https:\\\/\\\/autofans.com.ar\\\/index.php\\\/2024\\\/02\\\/15\\\/mercedes-benz-camiones-y-buses-y-su-compromiso-verde\\\/\"},\"wordCount\":650,\"image\":{\"@id\":\"https:\\\/\\\/autofans.com.ar\\\/index.php\\\/2024\\\/02\\\/15\\\/mercedes-benz-camiones-y-buses-y-su-compromiso-verde\\\/#primaryimage\"},\"thumbnailUrl\":\"https:\\\/\\\/autofans.com.ar\\\/wp-content\\\/uploads\\\/2024\\\/02\\\/mercedes-3-1.jpg\",\"keywords\":[\"Daimler Truck\",\"Desarrollo Sustentable\",\"energ\u00eda renovable\",\"Green Production\",\"impacto ambiental\",\"Mercedes-Benz Camiones\",\"Movilidad Sostenible\",\"Objetivos de Desarrollo Sostenible\",\"Pacto Mundial de la ONU\"],\"articleSection\":[\"HIBRIDOS, ELECTRICOS y otros\",\"NOTICIAS\"],\"inLanguage\":\"es\"},{\"@type\":\"WebPage\",\"@id\":\"https:\\\/\\\/autofans.com.ar\\\/index.php\\\/2024\\\/02\\\/15\\\/mercedes-benz-camiones-y-buses-y-su-compromiso-verde\\\/\",\"url\":\"https:\\\/\\\/autofans.com.ar\\\/index.php\\\/2024\\\/02\\\/15\\\/mercedes-benz-camiones-y-buses-y-su-compromiso-verde\\\/\",\"name\":\"Mercedes-Benz Camiones y Buses y su compromiso verde -\",\"isPartOf\":{\"@id\":\"https:\\\/\\\/autofans.com.ar\\\/#website\"},\"primaryImageOfPage\":{\"@id\":\"https:\\\/\\\/autofans.com.ar\\\/index.php\\\/2024\\\/02\\\/15\\\/mercedes-benz-camiones-y-buses-y-su-compromiso-verde\\\/#primaryimage\"},\"image\":{\"@id\":\"https:\\\/\\\/autofans.com.ar\\\/index.php\\\/2024\\\/02\\\/15\\\/mercedes-benz-camiones-y-buses-y-su-compromiso-verde\\\/#primaryimage\"},\"thumbnailUrl\":\"https:\\\/\\\/autofans.com.ar\\\/wp-content\\\/uploads\\\/2024\\\/02\\\/mercedes-3-1.jpg\",\"datePublished\":\"2024-02-15T22:10:31+00:00\",\"author\":{\"@id\":\"https:\\\/\\\/autofans.com.ar\\\/#\\\/schema\\\/person\\\/4a8dda0b6df83ac3d6723e921274c2aa\"},\"description\":\"Mercedes-Benz Camiones y Buses, en el D\u00eda Internacional de la Energ\u00eda, destaca su compromiso con la sustentabilidad y la movilidad verde\",\"breadcrumb\":{\"@id\":\"https:\\\/\\\/autofans.com.ar\\\/index.php\\\/2024\\\/02\\\/15\\\/mercedes-benz-camiones-y-buses-y-su-compromiso-verde\\\/#breadcrumb\"},\"inLanguage\":\"es\",\"potentialAction\":[{\"@type\":\"ReadAction\",\"target\":[\"https:\\\/\\\/autofans.com.ar\\\/index.php\\\/2024\\\/02\\\/15\\\/mercedes-benz-camiones-y-buses-y-su-compromiso-verde\\\/\"]}]},{\"@type\":\"ImageObject\",\"inLanguage\":\"es\",\"@id\":\"https:\\\/\\\/autofans.com.ar\\\/index.php\\\/2024\\\/02\\\/15\\\/mercedes-benz-camiones-y-buses-y-su-compromiso-verde\\\/#primaryimage\",\"url\":\"https:\\\/\\\/autofans.com.ar\\\/wp-content\\\/uploads\\\/2024\\\/02\\\/mercedes-3-1.jpg\",\"contentUrl\":\"https:\\\/\\\/autofans.com.ar\\\/wp-content\\\/uploads\\\/2024\\\/02\\\/mercedes-3-1.jpg\",\"width\":1000,\"height\":667,\"caption\":\"Mercedes-Benz\"},{\"@type\":\"BreadcrumbList\",\"@id\":\"https:\\\/\\\/autofans.com.ar\\\/index.php\\\/2024\\\/02\\\/15\\\/mercedes-benz-camiones-y-buses-y-su-compromiso-verde\\\/#breadcrumb\",\"itemListElement\":[{\"@type\":\"ListItem\",\"position\":1,\"name\":\"Inicio\",\"item\":\"https:\\\/\\\/autofans.com.ar\\\/\"},{\"@type\":\"ListItem\",\"position\":2,\"name\":\"Mercedes-Benz Camiones y Buses y su compromiso verde\"}]},{\"@type\":\"WebSite\",\"@id\":\"https:\\\/\\\/autofans.com.ar\\\/#website\",\"url\":\"https:\\\/\\\/autofans.com.ar\\\/\",\"name\":\"\",\"description\":\"El multimedio referente de la industria automotriz\",\"potentialAction\":[{\"@type\":\"SearchAction\",\"target\":{\"@type\":\"EntryPoint\",\"urlTemplate\":\"https:\\\/\\\/autofans.com.ar\\\/?s={search_term_string}\"},\"query-input\":{\"@type\":\"PropertyValueSpecification\",\"valueRequired\":true,\"valueName\":\"search_term_string\"}}],\"inLanguage\":\"es\"},{\"@type\":\"Person\",\"@id\":\"https:\\\/\\\/autofans.com.ar\\\/#\\\/schema\\\/person\\\/4a8dda0b6df83ac3d6723e921274c2aa\",\"name\":\"Alejandro Gabriel Rosito\",\"image\":{\"@type\":\"ImageObject\",\"inLanguage\":\"es\",\"@id\":\"https:\\\/\\\/secure.gravatar.com\\\/avatar\\\/16c5dda1489adfc62618084dcbb91cffd879c374b13fe5dd8e44ed6733852c88?s=96&d=mm&r=g\",\"url\":\"https:\\\/\\\/secure.gravatar.com\\\/avatar\\\/16c5dda1489adfc62618084dcbb91cffd879c374b13fe5dd8e44ed6733852c88?s=96&d=mm&r=g\",\"contentUrl\":\"https:\\\/\\\/secure.gravatar.com\\\/avatar\\\/16c5dda1489adfc62618084dcbb91cffd879c374b13fe5dd8e44ed6733852c88?s=96&d=mm&r=g\",\"caption\":\"Alejandro Gabriel Rosito\"},\"url\":\"https:\\\/\\\/autofans.com.ar\\\/index.php\\\/author\\\/gabrielr\\\/\"}]}<\/script>\n<!-- \/ Yoast SEO plugin. -->","yoast_head_json":{"title":"Mercedes-Benz Camiones y Buses y su compromiso verde -","description":"Mercedes-Benz Camiones y Buses, en el D\u00eda Internacional de la Energ\u00eda, destaca su compromiso con la sustentabilidad y la movilidad verde","robots":{"index":"index","follow":"follow","max-snippet":"max-snippet:-1","max-image-preview":"max-image-preview:large","max-video-preview":"max-video-preview:-1"},"canonical":"https:\/\/autofans.com.ar\/index.php\/2024\/02\/15\/mercedes-benz-camiones-y-buses-y-su-compromiso-verde\/","og_locale":"es_ES","og_type":"article","og_title":"Mercedes-Benz Camiones y Buses y su compromiso verde -","og_description":"Mercedes-Benz Camiones y Buses, en el D\u00eda Internacional de la Energ\u00eda, destaca su compromiso con la sustentabilidad y la movilidad verde","og_url":"https:\/\/autofans.com.ar\/index.php\/2024\/02\/15\/mercedes-benz-camiones-y-buses-y-su-compromiso-verde\/","article_published_time":"2024-02-15T22:10:31+00:00","og_image":[{"url":"https:\/\/autofans.com.ar\/wp-content\/uploads\/2024\/02\/mercedes-3-1.jpg","width":640,"height":427,"type":"image\/jpeg"}],"author":"Alejandro Gabriel Rosito","twitter_card":"summary_large_image","twitter_misc":{"Escrito por":"Alejandro Gabriel Rosito","Tiempo de lectura":"3 minutos"},"schema":{"@context":"https:\/\/schema.org","@graph":[{"@type":"Article","@id":"https:\/\/autofans.com.ar\/index.php\/2024\/02\/15\/mercedes-benz-camiones-y-buses-y-su-compromiso-verde\/#article","isPartOf":{"@id":"https:\/\/autofans.com.ar\/index.php\/2024\/02\/15\/mercedes-benz-camiones-y-buses-y-su-compromiso-verde\/"},"author":{"name":"Alejandro Gabriel Rosito","@id":"https:\/\/autofans.com.ar\/#\/schema\/person\/4a8dda0b6df83ac3d6723e921274c2aa"},"headline":"Mercedes-Benz Camiones y Buses y su compromiso verde","datePublished":"2024-02-15T22:10:31+00:00","mainEntityOfPage":{"@id":"https:\/\/autofans.com.ar\/index.php\/2024\/02\/15\/mercedes-benz-camiones-y-buses-y-su-compromiso-verde\/"},"wordCount":650,"image":{"@id":"https:\/\/autofans.com.ar\/index.php\/2024\/02\/15\/mercedes-benz-camiones-y-buses-y-su-compromiso-verde\/#primaryimage"},"thumbnailUrl":"https:\/\/autofans.com.ar\/wp-content\/uploads\/2024\/02\/mercedes-3-1.jpg","keywords":["Daimler Truck","Desarrollo Sustentable","energ\u00eda renovable","Green Production","impacto ambiental","Mercedes-Benz Camiones","Movilidad Sostenible","Objetivos de Desarrollo Sostenible","Pacto Mundial de la ONU"],"articleSection":["HIBRIDOS, ELECTRICOS y otros","NOTICIAS"],"inLanguage":"es"},{"@type":"WebPage","@id":"https:\/\/autofans.com.ar\/index.php\/2024\/02\/15\/mercedes-benz-camiones-y-buses-y-su-compromiso-verde\/","url":"https:\/\/autofans.com.ar\/index.php\/2024\/02\/15\/mercedes-benz-camiones-y-buses-y-su-compromiso-verde\/","name":"Mercedes-Benz Camiones y Buses y su compromiso verde -","isPartOf":{"@id":"https:\/\/autofans.com.ar\/#website"},"primaryImageOfPage":{"@id":"https:\/\/autofans.com.ar\/index.php\/2024\/02\/15\/mercedes-benz-camiones-y-buses-y-su-compromiso-verde\/#primaryimage"},"image":{"@id":"https:\/\/autofans.com.ar\/index.php\/2024\/02\/15\/mercedes-benz-camiones-y-buses-y-su-compromiso-verde\/#primaryimage"},"thumbnailUrl":"https:\/\/autofans.com.ar\/wp-content\/uploads\/2024\/02\/mercedes-3-1.jpg","datePublished":"2024-02-15T22:10:31+00:00","author":{"@id":"https:\/\/autofans.com.ar\/#\/schema\/person\/4a8dda0b6df83ac3d6723e921274c2aa"},"description":"Mercedes-Benz Camiones y Buses, en el D\u00eda Internacional de la Energ\u00eda, destaca su compromiso con la sustentabilidad y la movilidad verde","breadcrumb":{"@id":"https:\/\/autofans.com.ar\/index.php\/2024\/02\/15\/mercedes-benz-camiones-y-buses-y-su-compromiso-verde\/#breadcrumb"},"inLanguage":"es","potentialAction":[{"@type":"ReadAction","target":["https:\/\/autofans.com.ar\/index.php\/2024\/02\/15\/mercedes-benz-camiones-y-buses-y-su-compromiso-verde\/"]}]},{"@type":"ImageObject","inLanguage":"es","@id":"https:\/\/autofans.com.ar\/index.php\/2024\/02\/15\/mercedes-benz-camiones-y-buses-y-su-compromiso-verde\/#primaryimage","url":"https:\/\/autofans.com.ar\/wp-content\/uploads\/2024\/02\/mercedes-3-1.jpg","contentUrl":"https:\/\/autofans.com.ar\/wp-content\/uploads\/2024\/02\/mercedes-3-1.jpg","width":1000,"height":667,"caption":"Mercedes-Benz"},{"@type":"BreadcrumbList","@id":"https:\/\/autofans.com.ar\/index.php\/2024\/02\/15\/mercedes-benz-camiones-y-buses-y-su-compromiso-verde\/#breadcrumb","itemListElement":[{"@type":"ListItem","position":1,"name":"Inicio","item":"https:\/\/autofans.com.ar\/"},{"@type":"ListItem","position":2,"name":"Mercedes-Benz Camiones y Buses y su compromiso verde"}]},{"@type":"WebSite","@id":"https:\/\/autofans.com.ar\/#website","url":"https:\/\/autofans.com.ar\/","name":"","description":"El multimedio referente de la industria automotriz","potentialAction":[{"@type":"SearchAction","target":{"@type":"EntryPoint","urlTemplate":"https:\/\/autofans.com.ar\/?s={search_term_string}"},"query-input":{"@type":"PropertyValueSpecification","valueRequired":true,"valueName":"search_term_string"}}],"inLanguage":"es"},{"@type":"Person","@id":"https:\/\/autofans.com.ar\/#\/schema\/person\/4a8dda0b6df83ac3d6723e921274c2aa","name":"Alejandro Gabriel Rosito","image":{"@type":"ImageObject","inLanguage":"es","@id":"https:\/\/secure.gravatar.com\/avatar\/16c5dda1489adfc62618084dcbb91cffd879c374b13fe5dd8e44ed6733852c88?s=96&d=mm&r=g","url":"https:\/\/secure.gravatar.com\/avatar\/16c5dda1489adfc62618084dcbb91cffd879c374b13fe5dd8e44ed6733852c88?s=96&d=mm&r=g","contentUrl":"https:\/\/secure.gravatar.com\/avatar\/16c5dda1489adfc62618084dcbb91cffd879c374b13fe5dd8e44ed6733852c88?s=96&d=mm&r=g","caption":"Alejandro Gabriel Rosito"},"url":"https:\/\/autofans.com.ar\/index.php\/author\/gabrielr\/"}]}},"featured_image_urls":{"full":["https:\/\/autofans.com.ar\/wp-content\/uploads\/2024\/02\/mercedes-3-1.jpg",1000,667,false],"thumbnail":["https:\/\/autofans.com.ar\/wp-content\/uploads\/2024\/02\/mercedes-3-1-150x150.jpg",150,150,true],"medium":["https:\/\/autofans.com.ar\/wp-content\/uploads\/2024\/02\/mercedes-3-1-300x200.jpg",300,200,true],"medium_large":["https:\/\/autofans.com.ar\/wp-content\/uploads\/2024\/02\/mercedes-3-1-768x512.jpg",640,427,true],"large":["https:\/\/autofans.com.ar\/wp-content\/uploads\/2024\/02\/mercedes-3-1.jpg",640,427,false],"1536x1536":["https:\/\/autofans.com.ar\/wp-content\/uploads\/2024\/02\/mercedes-3-1.jpg",1000,667,false],"2048x2048":["https:\/\/autofans.com.ar\/wp-content\/uploads\/2024\/02\/mercedes-3-1.jpg",1000,667,false],"covernews-featured":["https:\/\/autofans.com.ar\/wp-content\/uploads\/2024\/02\/mercedes-3-1.jpg",1000,667,false],"covernews-medium":["https:\/\/autofans.com.ar\/wp-content\/uploads\/2024\/02\/mercedes-3-1-540x340.jpg",540,340,true]},"author_info":{"display_name":"Alejandro Gabriel Rosito","author_link":"https:\/\/autofans.com.ar\/index.php\/author\/gabrielr\/"},"category_info":"<a href=\"https:\/\/autofans.com.ar\/index.php\/category\/noticias\/hibridos-y-electricos\/\" rel=\"category tag\">HIBRIDOS, ELECTRICOS y otros<\/a> <a href=\"https:\/\/autofans.com.ar\/index.php\/category\/noticias\/\" rel=\"category tag\">NOTICIAS<\/a>","tag_info":"NOTICIAS","comment_count":0,"_links":{"self":[{"href":"https:\/\/autofans.com.ar\/index.php\/wp-json\/wp\/v2\/posts\/6719","targetHints":{"allow":["GET"]}}],"collection":[{"href":"https:\/\/autofans.com.ar\/index.php\/wp-json\/wp\/v2\/posts"}],"about":[{"href":"https:\/\/autofans.com.ar\/index.php\/wp-json\/wp\/v2\/types\/post"}],"author":[{"embeddable":true,"href":"https:\/\/autofans.com.ar\/index.php\/wp-json\/wp\/v2\/users\/2"}],"replies":[{"embeddable":true,"href":"https:\/\/autofans.com.ar\/index.php\/wp-json\/wp\/v2\/comments?post=6719"}],"version-history":[{"count":4,"href":"https:\/\/autofans.com.ar\/index.php\/wp-json\/wp\/v2\/posts\/6719\/revisions"}],"predecessor-version":[{"id":6726,"href":"https:\/\/autofans.com.ar\/index.php\/wp-json\/wp\/v2\/posts\/6719\/revisions\/6726"}],"wp:featuredmedia":[{"embeddable":true,"href":"https:\/\/autofans.com.ar\/index.php\/wp-json\/wp\/v2\/media\/6720"}],"wp:attachment":[{"href":"https:\/\/autofans.com.ar\/index.php\/wp-json\/wp\/v2\/media?parent=6719"}],"wp:term":[{"taxonomy":"category","embeddable":true,"href":"https:\/\/autofans.com.ar\/index.php\/wp-json\/wp\/v2\/categories?post=6719"},{"taxonomy":"post_tag","embeddable":true,"href":"https:\/\/autofans.com.ar\/index.php\/wp-json\/wp\/v2\/tags?post=6719"}],"curies":[{"name":"wp","href":"https:\/\/api.w.org\/{rel}","templated":true}]}}