{"id":6727,"date":"2024-02-15T20:59:20","date_gmt":"2024-02-15T23:59:20","guid":{"rendered":"https:\/\/autofans.com.ar\/?p=6727"},"modified":"2024-02-15T20:59:20","modified_gmt":"2024-02-15T23:59:20","slug":"mercedes-amg-nuevo-monoplaza-para-la-temporada-2024-de-formula-1","status":"publish","type":"post","link":"https:\/\/autofans.com.ar\/index.php\/2024\/02\/15\/mercedes-amg-nuevo-monoplaza-para-la-temporada-2024-de-formula-1\/","title":{"rendered":"Mercedes-AMG, nuevo monoplaza para la temporada 2024 de F\u00f3rmula 1"},"content":{"rendered":"<p>El equipo Mercedes-AMG Petronas Formula One Team ha presentado hoy su \u00faltima joya para la temporada 2024 de F\u00f3rmula 1: el W15 E PERFORMANCE. En este renovado monoplaza, el negro, caracter\u00edstico del equipo, se fusiona con las flechas plateadas en la parte delantera, mientras el rojo y el verde aportan un toque din\u00e1mico en el aler\u00f3n trasero y el flujo general del veh\u00edculo.<\/p>\n<p>&nbsp;<\/p>\n<blockquote>\n<p style=\"text-align: center;\">Toto Wolff, director del equipo Mercedes-AMG Petronas Formula One Team, coment\u00f3:<br \/>\n\u00abCreo que los \u00faltimos dos a\u00f1os fueron necesarios para reajustarnos y reinventarnos en<br \/>\ndeterminadas \u00e1reas. Nuestra ambici\u00f3n y determinaci\u00f3n son fuertes. Ten\u00edamos varios<br \/>\nelementos en nuestra lista de prioridades para este nuevo auto, pronto veremos si hemos<br \/>\ndado el paso que buscamos\u00bb<\/p>\n<\/blockquote>\n<p>&nbsp;<\/p>\n<h2>Innovaci\u00f3n aerodin\u00e1mica y mec\u00e1nica en la Temporada 2024<\/h2>\n<p>Este veh\u00edculo, evoluci\u00f3n del W14 del a\u00f1o pasado, incorpora mejoras significativas tanto aerodin\u00e1micas como mec\u00e1nicas. Con un nuevo dise\u00f1o de alerones delantero y trasero, as\u00ed como una suspensi\u00f3n revisada y una configuraci\u00f3n renovada de la unidad de potencia, el W15 busca elevar el rendimiento y la confiabilidad en la pista.<\/p>\n<p>&nbsp;<\/p>\n<p><img fetchpriority=\"high\" decoding=\"async\" class=\"aligncenter wp-image-6729 size-full\" src=\"https:\/\/autofans.com.ar\/wp-content\/uploads\/2024\/02\/foto-3.jpg\" alt=\"Mercedes-AMG\" width=\"1000\" height=\"667\" srcset=\"https:\/\/autofans.com.ar\/wp-content\/uploads\/2024\/02\/foto-3.jpg 1000w, https:\/\/autofans.com.ar\/wp-content\/uploads\/2024\/02\/foto-3-300x200.jpg 300w, https:\/\/autofans.com.ar\/wp-content\/uploads\/2024\/02\/foto-3-768x512.jpg 768w\" sizes=\"(max-width: 1000px) 100vw, 1000px\" \/><\/p>\n<p>&nbsp;<\/p>\n<p>En la temporada 2024, los reconocidos pilotos Lewis Hamilton y George Russell ser\u00e1n los encargados de llevar este b\u00f3lido a trav\u00e9s de un extenso calendario de 24 carreras, que dar\u00e1 inicio el pr\u00f3ximo 5 de marzo con el Gran Premio de Bahr\u00e9in.<\/p>\n<p>&nbsp;<\/p>\n<blockquote>\n<p style=\"text-align: center;\">El siete veces campe\u00f3n del mundo, Lewis Hamilton, sostuvo: \u201cSi no te sientes c\u00f3modo con<br \/>\nel auto, no podr\u00e1s lograr el m\u00e1ximo rendimiento. Un veh\u00edculo m\u00e1s estable y predecible nos<br \/>\npermitir\u00e1 extraer el potencial no s\u00f3lo del veh\u00edculo, sino tambi\u00e9n de nosotros mismos como<br \/>\nconductores. S\u00e9 de lo que es capaz este equipo. Estoy incre\u00edblemente agradecido por el trabajo de cada persona. Cada vez que voy a la f\u00e1brica puedo ver el gran impulso y<br \/>\ndeterminaci\u00f3n de todos. Estamos muy motivados y daremos lo m\u00e1ximo en el camino que<br \/>\ntenemos por delante\u201d.<\/p>\n<\/blockquote>\n<p>&nbsp;<\/p>\n<h2>Mercedes-AMG revela el W15 E PERFORMANCE<\/h2>\n<p>El equipo Mercedes-AMG Petronas Formula One Team ha dado a conocer su m\u00e1s reciente creaci\u00f3n para la temporada 2024 de F\u00f3rmula 1: el W15 E PERFORMANCE. Este monoplaza, con un dise\u00f1o que combina las flechas plateadas y el negro distintivo del equipo, promete destacar en la pista con mejoras significativas.<\/p>\n<p>Entre las novedades m\u00e1s destacadas se encuentra una mayor carga aerodin\u00e1mica con menos resistencia, lograda a trav\u00e9s de cambios en el aler\u00f3n delantero y trasero, as\u00ed como una revisi\u00f3n en la suspensi\u00f3n y una nueva configuraci\u00f3n de la unidad de potencia. Estas mejoras buscan no solo potenciar el rendimiento del veh\u00edculo, sino tambi\u00e9n incrementar su confiabilidad en la competencia.<\/p>\n<p>&nbsp;<\/p>\n<blockquote>\n<p style=\"text-align: center;\">\u201cLa F1 es un deporte incre\u00edblemente dif\u00edcil, por eso nos encanta. Cada mujer y hombre en<br \/>\nBrackley y Brixworth est\u00e1 muy concentrados en llegar a la cima. Continuamos con ese<br \/>\nenfoque y dedicaci\u00f3n para este 2024. Estoy emocionado de ver a d\u00f3nde nos lleva eso\u201d,<br \/>\nmanifest\u00f3 el piloto George Russell.<\/p>\n<\/blockquote>\n<p>&nbsp;<\/p>\n<h2>Mercedes-AMG y el W15 listos para la carrera en 2024<\/h2>\n<p>Los colores emblem\u00e1ticos del equipo se distribuyen estrat\u00e9gicamente en el W15: las flechas plateadas adornan la parte delantera, mientras el negro se mantiene como un pilar fundamental de la identidad. Por su parte, el rojo resalta en el aler\u00f3n trasero y el verde proporciona un dinamismo visual en todo el veh\u00edculo.<\/p>\n<p>&nbsp;<\/p>\n<p><img decoding=\"async\" class=\"aligncenter wp-image-6730 size-full\" src=\"https:\/\/autofans.com.ar\/wp-content\/uploads\/2024\/02\/foto-2-1.jpg\" alt=\"Mercedes-AMG\" width=\"1000\" height=\"667\" srcset=\"https:\/\/autofans.com.ar\/wp-content\/uploads\/2024\/02\/foto-2-1.jpg 1000w, https:\/\/autofans.com.ar\/wp-content\/uploads\/2024\/02\/foto-2-1-300x200.jpg 300w, https:\/\/autofans.com.ar\/wp-content\/uploads\/2024\/02\/foto-2-1-768x512.jpg 768w\" sizes=\"(max-width: 1000px) 100vw, 1000px\" \/><\/p>\n<p>&nbsp;<\/p>\n<p>Lewis Hamilton y George Russell, experimentados pilotos del equipo, asumir\u00e1n el desaf\u00edo de competir en un calendario r\u00e9cord de 24 carreras en la temporada 2024. La acci\u00f3n comenzar\u00e1 el 5 de marzo con el Gran Premio de Bahr\u00e9in, y ambos estar\u00e1n al volante del W15 E PERFORMANCE, confiando en sus habilidades y en las mejoras implementadas en este flamante monoplaza.<\/p>\n<p>&nbsp;<\/p>\n<p>&nbsp;<\/p>\n<p><i>Para enterarte de m\u00e1s novedades, no dejes de leer\u00a0<\/i><a href=\"https:\/\/autofans.thebrandsoup.com\/\"><i>nuestras notas<\/i><\/a><i>, de ver<\/i><b><i>\u00a0<\/i><\/b><a href=\"https:\/\/www.youtube.com\/channel\/UCgAC8UGHZYbT6P7PpmVnP7g\"><b><i>AUTOFANS TV<\/i><\/b><\/a><b><i>\u00a0<\/i><\/b><i>en nuestro\u00a0canal de Youtube. Adem\u00e1s seguinos en\u00a0<\/i><a href=\"https:\/\/www.instagram.com\/autofanstv\/\"><i>INSTAGRAM<\/i><\/a><i> y <\/i><a href=\"https:\/\/www.facebook.com\/autofansmas\/\"><i>FACEBOOK<\/i><\/a><i> para no perderte nada sobre las novedades del segmento automotor de Argentina y el mundo.<\/i><\/p>\n","protected":false},"excerpt":{"rendered":"<p>El equipo Mercedes-AMG Petronas Formula One Team ha presentado hoy su \u00faltima joya para la&#8230;<\/p>\n","protected":false},"author":2,"featured_media":6731,"comment_status":"closed","ping_status":"closed","sticky":false,"template":"","format":"standard","meta":{"footnotes":""},"categories":[127,16],"tags":[590,136,135,17,128,3570,3569],"class_list":["post-6727","post","type-post","status-publish","format-standard","has-post-thumbnail","hentry","category-deporte","category-noticias","tag-formula-1","tag-george-russell","tag-lewis-hamilton","tag-mercedes-benz-argentina","tag-mercedes-amg","tag-mercedes-amg-petronas-formula-one-team","tag-w15-e-performance"],"yoast_head":"<!-- This site is optimized with the Yoast SEO plugin v27.5 - https:\/\/yoast.com\/product\/yoast-seo-wordpress\/ -->\n<title>Mercedes-AMG, nuevo monoplaza para la temporada 2024 de F\u00f3rmula 1 -<\/title>\n<meta name=\"description\" content=\"El equipo Mercedes-AMG Petronas Formula One Team ha presentado hoy su \u00faltima joya para la temporada 2024 de F\u00f3rmula 1: el W15 E PERFORMANCE\" \/>\n<meta name=\"robots\" content=\"index, follow, max-snippet:-1, max-image-preview:large, max-video-preview:-1\" \/>\n<link rel=\"canonical\" href=\"https:\/\/autofans.com.ar\/index.php\/2024\/02\/15\/mercedes-amg-nuevo-monoplaza-para-la-temporada-2024-de-formula-1\/\" \/>\n<meta property=\"og:locale\" content=\"es_ES\" \/>\n<meta property=\"og:type\" content=\"article\" \/>\n<meta property=\"og:title\" content=\"Mercedes-AMG, nuevo monoplaza para la temporada 2024 de F\u00f3rmula 1 -\" \/>\n<meta property=\"og:description\" content=\"El equipo Mercedes-AMG Petronas Formula One Team ha presentado hoy su \u00faltima joya para la temporada 2024 de F\u00f3rmula 1: el W15 E PERFORMANCE\" \/>\n<meta property=\"og:url\" content=\"https:\/\/autofans.com.ar\/index.php\/2024\/02\/15\/mercedes-amg-nuevo-monoplaza-para-la-temporada-2024-de-formula-1\/\" \/>\n<meta property=\"article:published_time\" content=\"2024-02-15T23:59:20+00:00\" \/>\n<meta property=\"og:image\" content=\"https:\/\/autofans.com.ar\/wp-content\/uploads\/2024\/02\/foto-1-1.jpg\" \/>\n\t<meta property=\"og:image:width\" content=\"640\" \/>\n\t<meta property=\"og:image:height\" content=\"427\" \/>\n\t<meta property=\"og:image:type\" content=\"image\/jpeg\" \/>\n<meta name=\"author\" content=\"Alejandro Gabriel Rosito\" \/>\n<meta name=\"twitter:card\" content=\"summary_large_image\" \/>\n<meta name=\"twitter:label1\" content=\"Escrito por\" \/>\n\t<meta name=\"twitter:data1\" content=\"Alejandro Gabriel Rosito\" \/>\n\t<meta name=\"twitter:label2\" content=\"Tiempo de lectura\" \/>\n\t<meta name=\"twitter:data2\" content=\"3 minutos\" \/>\n<script type=\"application\/ld+json\" class=\"yoast-schema-graph\">{\"@context\":\"https:\\\/\\\/schema.org\",\"@graph\":[{\"@type\":\"Article\",\"@id\":\"https:\\\/\\\/autofans.com.ar\\\/index.php\\\/2024\\\/02\\\/15\\\/mercedes-amg-nuevo-monoplaza-para-la-temporada-2024-de-formula-1\\\/#article\",\"isPartOf\":{\"@id\":\"https:\\\/\\\/autofans.com.ar\\\/index.php\\\/2024\\\/02\\\/15\\\/mercedes-amg-nuevo-monoplaza-para-la-temporada-2024-de-formula-1\\\/\"},\"author\":{\"name\":\"Alejandro Gabriel Rosito\",\"@id\":\"https:\\\/\\\/autofans.com.ar\\\/#\\\/schema\\\/person\\\/4a8dda0b6df83ac3d6723e921274c2aa\"},\"headline\":\"Mercedes-AMG, nuevo monoplaza para la temporada 2024 de F\u00f3rmula 1\",\"datePublished\":\"2024-02-15T23:59:20+00:00\",\"mainEntityOfPage\":{\"@id\":\"https:\\\/\\\/autofans.com.ar\\\/index.php\\\/2024\\\/02\\\/15\\\/mercedes-amg-nuevo-monoplaza-para-la-temporada-2024-de-formula-1\\\/\"},\"wordCount\":710,\"image\":{\"@id\":\"https:\\\/\\\/autofans.com.ar\\\/index.php\\\/2024\\\/02\\\/15\\\/mercedes-amg-nuevo-monoplaza-para-la-temporada-2024-de-formula-1\\\/#primaryimage\"},\"thumbnailUrl\":\"https:\\\/\\\/autofans.com.ar\\\/wp-content\\\/uploads\\\/2024\\\/02\\\/foto-1-1.jpg\",\"keywords\":[\"F\u00f3rmula 1\",\"George Russell\",\"Lewis Hamilton\",\"Mercedes Benz Argentina\",\"Mercedes-AMG\",\"Mercedes-AMG Petronas Formula One Team\",\"W15 E PERFORMANCE\"],\"articleSection\":[\"DEPORTE MOTOR\",\"NOTICIAS\"],\"inLanguage\":\"es\"},{\"@type\":\"WebPage\",\"@id\":\"https:\\\/\\\/autofans.com.ar\\\/index.php\\\/2024\\\/02\\\/15\\\/mercedes-amg-nuevo-monoplaza-para-la-temporada-2024-de-formula-1\\\/\",\"url\":\"https:\\\/\\\/autofans.com.ar\\\/index.php\\\/2024\\\/02\\\/15\\\/mercedes-amg-nuevo-monoplaza-para-la-temporada-2024-de-formula-1\\\/\",\"name\":\"Mercedes-AMG, nuevo monoplaza para la temporada 2024 de F\u00f3rmula 1 -\",\"isPartOf\":{\"@id\":\"https:\\\/\\\/autofans.com.ar\\\/#website\"},\"primaryImageOfPage\":{\"@id\":\"https:\\\/\\\/autofans.com.ar\\\/index.php\\\/2024\\\/02\\\/15\\\/mercedes-amg-nuevo-monoplaza-para-la-temporada-2024-de-formula-1\\\/#primaryimage\"},\"image\":{\"@id\":\"https:\\\/\\\/autofans.com.ar\\\/index.php\\\/2024\\\/02\\\/15\\\/mercedes-amg-nuevo-monoplaza-para-la-temporada-2024-de-formula-1\\\/#primaryimage\"},\"thumbnailUrl\":\"https:\\\/\\\/autofans.com.ar\\\/wp-content\\\/uploads\\\/2024\\\/02\\\/foto-1-1.jpg\",\"datePublished\":\"2024-02-15T23:59:20+00:00\",\"author\":{\"@id\":\"https:\\\/\\\/autofans.com.ar\\\/#\\\/schema\\\/person\\\/4a8dda0b6df83ac3d6723e921274c2aa\"},\"description\":\"El equipo Mercedes-AMG Petronas Formula One Team ha presentado hoy su \u00faltima joya para la temporada 2024 de F\u00f3rmula 1: el W15 E PERFORMANCE\",\"breadcrumb\":{\"@id\":\"https:\\\/\\\/autofans.com.ar\\\/index.php\\\/2024\\\/02\\\/15\\\/mercedes-amg-nuevo-monoplaza-para-la-temporada-2024-de-formula-1\\\/#breadcrumb\"},\"inLanguage\":\"es\",\"potentialAction\":[{\"@type\":\"ReadAction\",\"target\":[\"https:\\\/\\\/autofans.com.ar\\\/index.php\\\/2024\\\/02\\\/15\\\/mercedes-amg-nuevo-monoplaza-para-la-temporada-2024-de-formula-1\\\/\"]}]},{\"@type\":\"ImageObject\",\"inLanguage\":\"es\",\"@id\":\"https:\\\/\\\/autofans.com.ar\\\/index.php\\\/2024\\\/02\\\/15\\\/mercedes-amg-nuevo-monoplaza-para-la-temporada-2024-de-formula-1\\\/#primaryimage\",\"url\":\"https:\\\/\\\/autofans.com.ar\\\/wp-content\\\/uploads\\\/2024\\\/02\\\/foto-1-1.jpg\",\"contentUrl\":\"https:\\\/\\\/autofans.com.ar\\\/wp-content\\\/uploads\\\/2024\\\/02\\\/foto-1-1.jpg\",\"width\":1000,\"height\":667,\"caption\":\"Mercedes-AMG\"},{\"@type\":\"BreadcrumbList\",\"@id\":\"https:\\\/\\\/autofans.com.ar\\\/index.php\\\/2024\\\/02\\\/15\\\/mercedes-amg-nuevo-monoplaza-para-la-temporada-2024-de-formula-1\\\/#breadcrumb\",\"itemListElement\":[{\"@type\":\"ListItem\",\"position\":1,\"name\":\"Inicio\",\"item\":\"https:\\\/\\\/autofans.com.ar\\\/\"},{\"@type\":\"ListItem\",\"position\":2,\"name\":\"Mercedes-AMG, nuevo monoplaza para la temporada 2024 de F\u00f3rmula 1\"}]},{\"@type\":\"WebSite\",\"@id\":\"https:\\\/\\\/autofans.com.ar\\\/#website\",\"url\":\"https:\\\/\\\/autofans.com.ar\\\/\",\"name\":\"\",\"description\":\"El multimedio referente de la industria automotriz\",\"potentialAction\":[{\"@type\":\"SearchAction\",\"target\":{\"@type\":\"EntryPoint\",\"urlTemplate\":\"https:\\\/\\\/autofans.com.ar\\\/?s={search_term_string}\"},\"query-input\":{\"@type\":\"PropertyValueSpecification\",\"valueRequired\":true,\"valueName\":\"search_term_string\"}}],\"inLanguage\":\"es\"},{\"@type\":\"Person\",\"@id\":\"https:\\\/\\\/autofans.com.ar\\\/#\\\/schema\\\/person\\\/4a8dda0b6df83ac3d6723e921274c2aa\",\"name\":\"Alejandro Gabriel Rosito\",\"image\":{\"@type\":\"ImageObject\",\"inLanguage\":\"es\",\"@id\":\"https:\\\/\\\/secure.gravatar.com\\\/avatar\\\/16c5dda1489adfc62618084dcbb91cffd879c374b13fe5dd8e44ed6733852c88?s=96&d=mm&r=g\",\"url\":\"https:\\\/\\\/secure.gravatar.com\\\/avatar\\\/16c5dda1489adfc62618084dcbb91cffd879c374b13fe5dd8e44ed6733852c88?s=96&d=mm&r=g\",\"contentUrl\":\"https:\\\/\\\/secure.gravatar.com\\\/avatar\\\/16c5dda1489adfc62618084dcbb91cffd879c374b13fe5dd8e44ed6733852c88?s=96&d=mm&r=g\",\"caption\":\"Alejandro Gabriel Rosito\"},\"url\":\"https:\\\/\\\/autofans.com.ar\\\/index.php\\\/author\\\/gabrielr\\\/\"}]}<\/script>\n<!-- \/ Yoast SEO plugin. -->","yoast_head_json":{"title":"Mercedes-AMG, nuevo monoplaza para la temporada 2024 de F\u00f3rmula 1 -","description":"El equipo Mercedes-AMG Petronas Formula One Team ha presentado hoy su \u00faltima joya para la temporada 2024 de F\u00f3rmula 1: el W15 E PERFORMANCE","robots":{"index":"index","follow":"follow","max-snippet":"max-snippet:-1","max-image-preview":"max-image-preview:large","max-video-preview":"max-video-preview:-1"},"canonical":"https:\/\/autofans.com.ar\/index.php\/2024\/02\/15\/mercedes-amg-nuevo-monoplaza-para-la-temporada-2024-de-formula-1\/","og_locale":"es_ES","og_type":"article","og_title":"Mercedes-AMG, nuevo monoplaza para la temporada 2024 de F\u00f3rmula 1 -","og_description":"El equipo Mercedes-AMG Petronas Formula One Team ha presentado hoy su \u00faltima joya para la temporada 2024 de F\u00f3rmula 1: el W15 E PERFORMANCE","og_url":"https:\/\/autofans.com.ar\/index.php\/2024\/02\/15\/mercedes-amg-nuevo-monoplaza-para-la-temporada-2024-de-formula-1\/","article_published_time":"2024-02-15T23:59:20+00:00","og_image":[{"url":"https:\/\/autofans.com.ar\/wp-content\/uploads\/2024\/02\/foto-1-1.jpg","width":640,"height":427,"type":"image\/jpeg"}],"author":"Alejandro Gabriel Rosito","twitter_card":"summary_large_image","twitter_misc":{"Escrito por":"Alejandro Gabriel Rosito","Tiempo de lectura":"3 minutos"},"schema":{"@context":"https:\/\/schema.org","@graph":[{"@type":"Article","@id":"https:\/\/autofans.com.ar\/index.php\/2024\/02\/15\/mercedes-amg-nuevo-monoplaza-para-la-temporada-2024-de-formula-1\/#article","isPartOf":{"@id":"https:\/\/autofans.com.ar\/index.php\/2024\/02\/15\/mercedes-amg-nuevo-monoplaza-para-la-temporada-2024-de-formula-1\/"},"author":{"name":"Alejandro Gabriel Rosito","@id":"https:\/\/autofans.com.ar\/#\/schema\/person\/4a8dda0b6df83ac3d6723e921274c2aa"},"headline":"Mercedes-AMG, nuevo monoplaza para la temporada 2024 de F\u00f3rmula 1","datePublished":"2024-02-15T23:59:20+00:00","mainEntityOfPage":{"@id":"https:\/\/autofans.com.ar\/index.php\/2024\/02\/15\/mercedes-amg-nuevo-monoplaza-para-la-temporada-2024-de-formula-1\/"},"wordCount":710,"image":{"@id":"https:\/\/autofans.com.ar\/index.php\/2024\/02\/15\/mercedes-amg-nuevo-monoplaza-para-la-temporada-2024-de-formula-1\/#primaryimage"},"thumbnailUrl":"https:\/\/autofans.com.ar\/wp-content\/uploads\/2024\/02\/foto-1-1.jpg","keywords":["F\u00f3rmula 1","George Russell","Lewis Hamilton","Mercedes Benz Argentina","Mercedes-AMG","Mercedes-AMG Petronas Formula One Team","W15 E PERFORMANCE"],"articleSection":["DEPORTE MOTOR","NOTICIAS"],"inLanguage":"es"},{"@type":"WebPage","@id":"https:\/\/autofans.com.ar\/index.php\/2024\/02\/15\/mercedes-amg-nuevo-monoplaza-para-la-temporada-2024-de-formula-1\/","url":"https:\/\/autofans.com.ar\/index.php\/2024\/02\/15\/mercedes-amg-nuevo-monoplaza-para-la-temporada-2024-de-formula-1\/","name":"Mercedes-AMG, nuevo monoplaza para la temporada 2024 de F\u00f3rmula 1 -","isPartOf":{"@id":"https:\/\/autofans.com.ar\/#website"},"primaryImageOfPage":{"@id":"https:\/\/autofans.com.ar\/index.php\/2024\/02\/15\/mercedes-amg-nuevo-monoplaza-para-la-temporada-2024-de-formula-1\/#primaryimage"},"image":{"@id":"https:\/\/autofans.com.ar\/index.php\/2024\/02\/15\/mercedes-amg-nuevo-monoplaza-para-la-temporada-2024-de-formula-1\/#primaryimage"},"thumbnailUrl":"https:\/\/autofans.com.ar\/wp-content\/uploads\/2024\/02\/foto-1-1.jpg","datePublished":"2024-02-15T23:59:20+00:00","author":{"@id":"https:\/\/autofans.com.ar\/#\/schema\/person\/4a8dda0b6df83ac3d6723e921274c2aa"},"description":"El equipo Mercedes-AMG Petronas Formula One Team ha presentado hoy su \u00faltima joya para la temporada 2024 de F\u00f3rmula 1: el W15 E PERFORMANCE","breadcrumb":{"@id":"https:\/\/autofans.com.ar\/index.php\/2024\/02\/15\/mercedes-amg-nuevo-monoplaza-para-la-temporada-2024-de-formula-1\/#breadcrumb"},"inLanguage":"es","potentialAction":[{"@type":"ReadAction","target":["https:\/\/autofans.com.ar\/index.php\/2024\/02\/15\/mercedes-amg-nuevo-monoplaza-para-la-temporada-2024-de-formula-1\/"]}]},{"@type":"ImageObject","inLanguage":"es","@id":"https:\/\/autofans.com.ar\/index.php\/2024\/02\/15\/mercedes-amg-nuevo-monoplaza-para-la-temporada-2024-de-formula-1\/#primaryimage","url":"https:\/\/autofans.com.ar\/wp-content\/uploads\/2024\/02\/foto-1-1.jpg","contentUrl":"https:\/\/autofans.com.ar\/wp-content\/uploads\/2024\/02\/foto-1-1.jpg","width":1000,"height":667,"caption":"Mercedes-AMG"},{"@type":"BreadcrumbList","@id":"https:\/\/autofans.com.ar\/index.php\/2024\/02\/15\/mercedes-amg-nuevo-monoplaza-para-la-temporada-2024-de-formula-1\/#breadcrumb","itemListElement":[{"@type":"ListItem","position":1,"name":"Inicio","item":"https:\/\/autofans.com.ar\/"},{"@type":"ListItem","position":2,"name":"Mercedes-AMG, nuevo monoplaza para la temporada 2024 de F\u00f3rmula 1"}]},{"@type":"WebSite","@id":"https:\/\/autofans.com.ar\/#website","url":"https:\/\/autofans.com.ar\/","name":"","description":"El multimedio referente de la industria automotriz","potentialAction":[{"@type":"SearchAction","target":{"@type":"EntryPoint","urlTemplate":"https:\/\/autofans.com.ar\/?s={search_term_string}"},"query-input":{"@type":"PropertyValueSpecification","valueRequired":true,"valueName":"search_term_string"}}],"inLanguage":"es"},{"@type":"Person","@id":"https:\/\/autofans.com.ar\/#\/schema\/person\/4a8dda0b6df83ac3d6723e921274c2aa","name":"Alejandro Gabriel Rosito","image":{"@type":"ImageObject","inLanguage":"es","@id":"https:\/\/secure.gravatar.com\/avatar\/16c5dda1489adfc62618084dcbb91cffd879c374b13fe5dd8e44ed6733852c88?s=96&d=mm&r=g","url":"https:\/\/secure.gravatar.com\/avatar\/16c5dda1489adfc62618084dcbb91cffd879c374b13fe5dd8e44ed6733852c88?s=96&d=mm&r=g","contentUrl":"https:\/\/secure.gravatar.com\/avatar\/16c5dda1489adfc62618084dcbb91cffd879c374b13fe5dd8e44ed6733852c88?s=96&d=mm&r=g","caption":"Alejandro Gabriel Rosito"},"url":"https:\/\/autofans.com.ar\/index.php\/author\/gabrielr\/"}]}},"featured_image_urls":{"full":["https:\/\/autofans.com.ar\/wp-content\/uploads\/2024\/02\/foto-1-1.jpg",1000,667,false],"thumbnail":["https:\/\/autofans.com.ar\/wp-content\/uploads\/2024\/02\/foto-1-1-150x150.jpg",150,150,true],"medium":["https:\/\/autofans.com.ar\/wp-content\/uploads\/2024\/02\/foto-1-1-300x200.jpg",300,200,true],"medium_large":["https:\/\/autofans.com.ar\/wp-content\/uploads\/2024\/02\/foto-1-1-768x512.jpg",640,427,true],"large":["https:\/\/autofans.com.ar\/wp-content\/uploads\/2024\/02\/foto-1-1.jpg",640,427,false],"1536x1536":["https:\/\/autofans.com.ar\/wp-content\/uploads\/2024\/02\/foto-1-1.jpg",1000,667,false],"2048x2048":["https:\/\/autofans.com.ar\/wp-content\/uploads\/2024\/02\/foto-1-1.jpg",1000,667,false],"covernews-featured":["https:\/\/autofans.com.ar\/wp-content\/uploads\/2024\/02\/foto-1-1.jpg",1000,667,false],"covernews-medium":["https:\/\/autofans.com.ar\/wp-content\/uploads\/2024\/02\/foto-1-1-540x340.jpg",540,340,true]},"author_info":{"display_name":"Alejandro Gabriel Rosito","author_link":"https:\/\/autofans.com.ar\/index.php\/author\/gabrielr\/"},"category_info":"<a href=\"https:\/\/autofans.com.ar\/index.php\/category\/noticias\/deporte\/\" rel=\"category tag\">DEPORTE MOTOR<\/a> <a href=\"https:\/\/autofans.com.ar\/index.php\/category\/noticias\/\" rel=\"category tag\">NOTICIAS<\/a>","tag_info":"NOTICIAS","comment_count":0,"_links":{"self":[{"href":"https:\/\/autofans.com.ar\/index.php\/wp-json\/wp\/v2\/posts\/6727","targetHints":{"allow":["GET"]}}],"collection":[{"href":"https:\/\/autofans.com.ar\/index.php\/wp-json\/wp\/v2\/posts"}],"about":[{"href":"https:\/\/autofans.com.ar\/index.php\/wp-json\/wp\/v2\/types\/post"}],"author":[{"embeddable":true,"href":"https:\/\/autofans.com.ar\/index.php\/wp-json\/wp\/v2\/users\/2"}],"replies":[{"embeddable":true,"href":"https:\/\/autofans.com.ar\/index.php\/wp-json\/wp\/v2\/comments?post=6727"}],"version-history":[{"count":3,"href":"https:\/\/autofans.com.ar\/index.php\/wp-json\/wp\/v2\/posts\/6727\/revisions"}],"predecessor-version":[{"id":6733,"href":"https:\/\/autofans.com.ar\/index.php\/wp-json\/wp\/v2\/posts\/6727\/revisions\/6733"}],"wp:featuredmedia":[{"embeddable":true,"href":"https:\/\/autofans.com.ar\/index.php\/wp-json\/wp\/v2\/media\/6731"}],"wp:attachment":[{"href":"https:\/\/autofans.com.ar\/index.php\/wp-json\/wp\/v2\/media?parent=6727"}],"wp:term":[{"taxonomy":"category","embeddable":true,"href":"https:\/\/autofans.com.ar\/index.php\/wp-json\/wp\/v2\/categories?post=6727"},{"taxonomy":"post_tag","embeddable":true,"href":"https:\/\/autofans.com.ar\/index.php\/wp-json\/wp\/v2\/tags?post=6727"}],"curies":[{"name":"wp","href":"https:\/\/api.w.org\/{rel}","templated":true}]}}