{"id":6734,"date":"2024-02-16T17:28:01","date_gmt":"2024-02-16T20:28:01","guid":{"rendered":"https:\/\/autofans.com.ar\/?p=6734"},"modified":"2024-02-16T18:11:40","modified_gmt":"2024-02-16T21:11:40","slug":"mercedes-benz-clase-g-brilla-en-san-valentin","status":"publish","type":"post","link":"https:\/\/autofans.com.ar\/index.php\/2024\/02\/16\/mercedes-benz-clase-g-brilla-en-san-valentin\/","title":{"rendered":"Mercedes-Benz clase G brilla en San Valent\u00edn"},"content":{"rendered":"<p>Mercedes-Benz celebra el D\u00eda de los Enamorados con su ic\u00f3nica Clase G, protagonista de la campa\u00f1a global \u00abStronger than Diamonds\u00bb (\u00abM\u00e1s fuerte que los Diamantes\u00bb). Esta edici\u00f3n especial, limitada a 300 unidades del Mercedes-Benz G500, no solo destaca por su dise\u00f1o inconfundible y resistencia, sino tambi\u00e9n por ser una declaraci\u00f3n de amor verdadero y duradero.<\/p>\n<p>&nbsp;<\/p>\n<h2>San Valent\u00edn con estilo<\/h2>\n<p>Esta iniciativa en redes sociales coincide con el lanzamiento internacional de la exclusiva Clase G Edici\u00f3n \u00abM\u00e1s fuerte que los diamantes\u00bb. El veh\u00edculo presenta un llamativo acabado de pintura Rosewood Grey Magno y cuenta con detalles \u00fanicos, como diamantes de 0,25 quilates engastados en los cuatro pasadores de cerradura de las puertas de acero inoxidable. Las asas externas y la llave del auto llevan una insignia plateada con el nombre de la edici\u00f3n especial y el logo del diamante.<\/p>\n<p>&nbsp;<\/p>\n<div id='gallery-1' class='gallery galleryid-6734 gallery-columns-2 gallery-size-full'><figure class='gallery-item'>\n\t\t\t<div class='gallery-icon landscape'>\n\t\t\t\t<a href='https:\/\/autofans.com.ar\/index.php\/2024\/02\/16\/mercedes-benz-clase-g-brilla-en-san-valentin\/foto-1-406\/'><img loading=\"lazy\" width=\"1000\" height=\"667\" src=\"https:\/\/autofans.com.ar\/wp-content\/uploads\/2024\/02\/foto-1-2.jpg\" class=\"attachment-full size-full\" alt=\"Mercedes-Benz\" srcset=\"https:\/\/autofans.com.ar\/wp-content\/uploads\/2024\/02\/foto-1-2.jpg 1000w, https:\/\/autofans.com.ar\/wp-content\/uploads\/2024\/02\/foto-1-2-300x200.jpg 300w, https:\/\/autofans.com.ar\/wp-content\/uploads\/2024\/02\/foto-1-2-768x512.jpg 768w\" sizes=\"auto, (max-width: 1000px) 100vw, 1000px\" loading=\"lazy\" decoding=\"async\" \/><\/a>\n\t\t\t<\/div><\/figure><figure class='gallery-item'>\n\t\t\t<div class='gallery-icon landscape'>\n\t\t\t\t<a href='https:\/\/autofans.com.ar\/index.php\/2024\/02\/16\/mercedes-benz-clase-g-brilla-en-san-valentin\/foto-4-212\/'><img loading=\"lazy\" width=\"1000\" height=\"667\" src=\"https:\/\/autofans.com.ar\/wp-content\/uploads\/2024\/02\/foto-4.jpg\" class=\"attachment-full size-full\" alt=\"Mercedes-Benz\" srcset=\"https:\/\/autofans.com.ar\/wp-content\/uploads\/2024\/02\/foto-4.jpg 1000w, https:\/\/autofans.com.ar\/wp-content\/uploads\/2024\/02\/foto-4-300x200.jpg 300w, https:\/\/autofans.com.ar\/wp-content\/uploads\/2024\/02\/foto-4-768x512.jpg 768w\" sizes=\"auto, (max-width: 1000px) 100vw, 1000px\" loading=\"lazy\" decoding=\"async\" \/><\/a>\n\t\t\t<\/div><\/figure>\n\t\t<\/div>\n\n<p>&nbsp;<\/p>\n<p>Los compradores de este exclusivo modelo reciben un certificado del Responsible Jewellery Council (RJC), garantizando que los diamantes provienen de fuentes \u00e9ticas, socialmente responsables y respetuosas con el medio ambiente.<\/p>\n<p>&nbsp;<\/p>\n<h2>Edici\u00f3n limitada &#8211; clase G, m\u00e1s fuerte que diamantes<\/h2>\n<p>Como parte de esta iniciativa, los compradores recibir\u00e1n un certificado del Responsible Jewellery Council (RJC), asegurando que los diamantes utilizados son \u00e9ticos y provienen de fuentes social y ambientalmente responsables.<\/p>\n<p>&nbsp;<\/p>\n<div id='gallery-2' class='gallery galleryid-6734 gallery-columns-3 gallery-size-full'><figure class='gallery-item'>\n\t\t\t<div class='gallery-icon landscape'>\n\t\t\t\t<a href='https:\/\/autofans.com.ar\/index.php\/2024\/02\/16\/mercedes-benz-clase-g-brilla-en-san-valentin\/foto-2-395\/'><img loading=\"lazy\" width=\"1000\" height=\"667\" src=\"https:\/\/autofans.com.ar\/wp-content\/uploads\/2024\/02\/foto-2-2.jpg\" class=\"attachment-full size-full\" alt=\"Mercedes-Benz\" srcset=\"https:\/\/autofans.com.ar\/wp-content\/uploads\/2024\/02\/foto-2-2.jpg 1000w, https:\/\/autofans.com.ar\/wp-content\/uploads\/2024\/02\/foto-2-2-300x200.jpg 300w, https:\/\/autofans.com.ar\/wp-content\/uploads\/2024\/02\/foto-2-2-768x512.jpg 768w\" sizes=\"auto, (max-width: 1000px) 100vw, 1000px\" loading=\"lazy\" decoding=\"async\" \/><\/a>\n\t\t\t<\/div><\/figure><figure class='gallery-item'>\n\t\t\t<div class='gallery-icon landscape'>\n\t\t\t\t<a href='https:\/\/autofans.com.ar\/index.php\/2024\/02\/16\/mercedes-benz-clase-g-brilla-en-san-valentin\/foto-5-128\/'><img loading=\"lazy\" width=\"1000\" height=\"667\" src=\"https:\/\/autofans.com.ar\/wp-content\/uploads\/2024\/02\/foto-5.jpg\" class=\"attachment-full size-full\" alt=\"Mercedes-Benz\" srcset=\"https:\/\/autofans.com.ar\/wp-content\/uploads\/2024\/02\/foto-5.jpg 1000w, https:\/\/autofans.com.ar\/wp-content\/uploads\/2024\/02\/foto-5-300x200.jpg 300w, https:\/\/autofans.com.ar\/wp-content\/uploads\/2024\/02\/foto-5-768x512.jpg 768w\" sizes=\"auto, (max-width: 1000px) 100vw, 1000px\" loading=\"lazy\" decoding=\"async\" \/><\/a>\n\t\t\t<\/div><\/figure><figure class='gallery-item'>\n\t\t\t<div class='gallery-icon landscape'>\n\t\t\t\t<a href='https:\/\/autofans.com.ar\/index.php\/2024\/02\/16\/mercedes-benz-clase-g-brilla-en-san-valentin\/foto-3-322\/'><img loading=\"lazy\" width=\"1000\" height=\"667\" src=\"https:\/\/autofans.com.ar\/wp-content\/uploads\/2024\/02\/foto-3-1.jpg\" class=\"attachment-full size-full\" alt=\"Mercedes-Benz\" srcset=\"https:\/\/autofans.com.ar\/wp-content\/uploads\/2024\/02\/foto-3-1.jpg 1000w, https:\/\/autofans.com.ar\/wp-content\/uploads\/2024\/02\/foto-3-1-300x200.jpg 300w, https:\/\/autofans.com.ar\/wp-content\/uploads\/2024\/02\/foto-3-1-768x512.jpg 768w\" sizes=\"auto, (max-width: 1000px) 100vw, 1000px\" loading=\"lazy\" decoding=\"async\" \/><\/a>\n\t\t\t<\/div><\/figure>\n\t\t<\/div>\n\n<p>&nbsp;<\/p>\n<p>Con solo 300 unidades disponibles, esta edici\u00f3n limitada se presenta como una embajadora distintiva de la marca, fusionando la belleza eterna con la exclusividad automotriz. La campa\u00f1a cuenta con la creatividad de Teamx en la idea, concepto e implementaci\u00f3n, la producci\u00f3n de Sina Link United Services, la postproducci\u00f3n a cargo de Diferencia SK, y la m\u00fasica con licencia de sincronizaci\u00f3n \u00abFever\u00bb de Charlie MacLaine, proporcionada por Tracks &amp; Fields. Una historia de amor que va m\u00e1s all\u00e1 de los l\u00edmites, la Clase G \u00abM\u00e1s fuerte que los Diamantes\u00bb es la perfecta uni\u00f3n entre lujo, exclusividad y resistencia.<\/p>\n<p>&nbsp;<\/p>\n<p><strong>Cr\u00e9ditos de la campa\u00f1a:<\/strong><\/p>\n<ul>\n<li>Idea, concepto e implementaci\u00f3n: Teamx<\/li>\n<li>Producci\u00f3n: Sina Link United Services<\/li>\n<li>Postproducci\u00f3n: Diferencia SK<\/li>\n<li>M\u00fasica: Tracks &amp; Fields \u2013 Licencia de sincronizaci\u00f3n \u00abFever\u00bb (Charlie MacLaine)<\/li>\n<\/ul>\n<p>&nbsp;<\/p>\n<p>&nbsp;<\/p>\n<p><i>Para enterarte de m\u00e1s novedades, no dejes de leer\u00a0<\/i><a href=\"https:\/\/autofans.thebrandsoup.com\/\"><i>nuestras notas<\/i><\/a><i>, de ver<\/i><b><i>\u00a0<\/i><\/b><a href=\"https:\/\/www.youtube.com\/channel\/UCgAC8UGHZYbT6P7PpmVnP7g\"><b><i>AUTOFANS TV<\/i><\/b><\/a><b><i>\u00a0<\/i><\/b><i>en nuestro\u00a0canal de Youtube. Adem\u00e1s seguinos en\u00a0<\/i><a href=\"https:\/\/www.instagram.com\/autofanstv\/\"><i>INSTAGRAM<\/i><\/a><i> y <\/i><a href=\"https:\/\/www.facebook.com\/autofansmas\/\"><i>FACEBOOK<\/i><\/a><i> para no perderte nada sobre las novedades del segmento automotor de Argentina y el mundo.<\/i><\/p>\n","protected":false},"excerpt":{"rendered":"<p>Mercedes-Benz celebra el D\u00eda de los Enamorados con su ic\u00f3nica Clase G, protagonista de la&#8230;<\/p>\n","protected":false},"author":2,"featured_media":6735,"comment_status":"closed","ping_status":"closed","sticky":false,"template":"","format":"standard","meta":{"footnotes":""},"categories":[3,1],"tags":[3574,3571,3573,74,364,3572],"class_list":["post-6734","post","type-post","status-publish","format-standard","has-post-thumbnail","hentry","category-autos","category-lanzamientos","tag-amor-verdadero","tag-clase-g","tag-diamantes","tag-edicion-limitada","tag-mercedes-benz","tag-san-valentin"],"yoast_head":"<!-- This site is optimized with the Yoast SEO plugin v27.5 - https:\/\/yoast.com\/product\/yoast-seo-wordpress\/ -->\n<title>Mercedes-Benz clase G brilla en San Valent\u00edn -<\/title>\n<meta name=\"description\" content=\"Mercedes-Benz celebra el D\u00eda de los Enamorados con su ic\u00f3nica Clase G, protagonista de la campa\u00f1a global &quot;Stronger than Diamonds&quot;...\" \/>\n<meta name=\"robots\" content=\"index, follow, max-snippet:-1, max-image-preview:large, max-video-preview:-1\" \/>\n<link rel=\"canonical\" href=\"https:\/\/autofans.com.ar\/index.php\/2024\/02\/16\/mercedes-benz-clase-g-brilla-en-san-valentin\/\" \/>\n<meta property=\"og:locale\" content=\"es_ES\" \/>\n<meta property=\"og:type\" content=\"article\" \/>\n<meta property=\"og:title\" content=\"Mercedes-Benz clase G brilla en San Valent\u00edn -\" \/>\n<meta property=\"og:description\" content=\"Mercedes-Benz celebra el D\u00eda de los Enamorados con su ic\u00f3nica Clase G, protagonista de la campa\u00f1a global &quot;Stronger than Diamonds&quot;...\" \/>\n<meta property=\"og:url\" content=\"https:\/\/autofans.com.ar\/index.php\/2024\/02\/16\/mercedes-benz-clase-g-brilla-en-san-valentin\/\" \/>\n<meta property=\"article:published_time\" content=\"2024-02-16T20:28:01+00:00\" \/>\n<meta property=\"article:modified_time\" content=\"2024-02-16T21:11:40+00:00\" \/>\n<meta property=\"og:image\" content=\"https:\/\/autofans.com.ar\/wp-content\/uploads\/2024\/02\/foto-6.jpg\" \/>\n\t<meta property=\"og:image:width\" content=\"640\" \/>\n\t<meta property=\"og:image:height\" content=\"427\" \/>\n\t<meta property=\"og:image:type\" content=\"image\/jpeg\" \/>\n<meta name=\"author\" content=\"Alejandro Gabriel Rosito\" \/>\n<meta name=\"twitter:card\" content=\"summary_large_image\" \/>\n<meta name=\"twitter:label1\" content=\"Escrito por\" \/>\n\t<meta name=\"twitter:data1\" content=\"Alejandro Gabriel Rosito\" \/>\n\t<meta name=\"twitter:label2\" content=\"Tiempo de lectura\" \/>\n\t<meta name=\"twitter:data2\" content=\"2 minutos\" \/>\n<script type=\"application\/ld+json\" class=\"yoast-schema-graph\">{\"@context\":\"https:\\\/\\\/schema.org\",\"@graph\":[{\"@type\":\"Article\",\"@id\":\"https:\\\/\\\/autofans.com.ar\\\/index.php\\\/2024\\\/02\\\/16\\\/mercedes-benz-clase-g-brilla-en-san-valentin\\\/#article\",\"isPartOf\":{\"@id\":\"https:\\\/\\\/autofans.com.ar\\\/index.php\\\/2024\\\/02\\\/16\\\/mercedes-benz-clase-g-brilla-en-san-valentin\\\/\"},\"author\":{\"name\":\"Alejandro Gabriel Rosito\",\"@id\":\"https:\\\/\\\/autofans.com.ar\\\/#\\\/schema\\\/person\\\/4a8dda0b6df83ac3d6723e921274c2aa\"},\"headline\":\"Mercedes-Benz clase G brilla en San Valent\u00edn\",\"datePublished\":\"2024-02-16T20:28:01+00:00\",\"dateModified\":\"2024-02-16T21:11:40+00:00\",\"mainEntityOfPage\":{\"@id\":\"https:\\\/\\\/autofans.com.ar\\\/index.php\\\/2024\\\/02\\\/16\\\/mercedes-benz-clase-g-brilla-en-san-valentin\\\/\"},\"wordCount\":431,\"image\":{\"@id\":\"https:\\\/\\\/autofans.com.ar\\\/index.php\\\/2024\\\/02\\\/16\\\/mercedes-benz-clase-g-brilla-en-san-valentin\\\/#primaryimage\"},\"thumbnailUrl\":\"https:\\\/\\\/autofans.com.ar\\\/wp-content\\\/uploads\\\/2024\\\/02\\\/foto-6.jpg\",\"keywords\":[\"amor verdadero\",\"Clase G\",\"diamantes\",\"Edicion Limitada\",\"Mercedes-Benz\",\"San Valent\u00edn\"],\"articleSection\":[\"AUTOS y SUV\",\"LANZAMIENTOS\"],\"inLanguage\":\"es\"},{\"@type\":\"WebPage\",\"@id\":\"https:\\\/\\\/autofans.com.ar\\\/index.php\\\/2024\\\/02\\\/16\\\/mercedes-benz-clase-g-brilla-en-san-valentin\\\/\",\"url\":\"https:\\\/\\\/autofans.com.ar\\\/index.php\\\/2024\\\/02\\\/16\\\/mercedes-benz-clase-g-brilla-en-san-valentin\\\/\",\"name\":\"Mercedes-Benz clase G brilla en San Valent\u00edn -\",\"isPartOf\":{\"@id\":\"https:\\\/\\\/autofans.com.ar\\\/#website\"},\"primaryImageOfPage\":{\"@id\":\"https:\\\/\\\/autofans.com.ar\\\/index.php\\\/2024\\\/02\\\/16\\\/mercedes-benz-clase-g-brilla-en-san-valentin\\\/#primaryimage\"},\"image\":{\"@id\":\"https:\\\/\\\/autofans.com.ar\\\/index.php\\\/2024\\\/02\\\/16\\\/mercedes-benz-clase-g-brilla-en-san-valentin\\\/#primaryimage\"},\"thumbnailUrl\":\"https:\\\/\\\/autofans.com.ar\\\/wp-content\\\/uploads\\\/2024\\\/02\\\/foto-6.jpg\",\"datePublished\":\"2024-02-16T20:28:01+00:00\",\"dateModified\":\"2024-02-16T21:11:40+00:00\",\"author\":{\"@id\":\"https:\\\/\\\/autofans.com.ar\\\/#\\\/schema\\\/person\\\/4a8dda0b6df83ac3d6723e921274c2aa\"},\"description\":\"Mercedes-Benz celebra el D\u00eda de los Enamorados con su ic\u00f3nica Clase G, protagonista de la campa\u00f1a global \\\"Stronger than Diamonds\\\"...\",\"breadcrumb\":{\"@id\":\"https:\\\/\\\/autofans.com.ar\\\/index.php\\\/2024\\\/02\\\/16\\\/mercedes-benz-clase-g-brilla-en-san-valentin\\\/#breadcrumb\"},\"inLanguage\":\"es\",\"potentialAction\":[{\"@type\":\"ReadAction\",\"target\":[\"https:\\\/\\\/autofans.com.ar\\\/index.php\\\/2024\\\/02\\\/16\\\/mercedes-benz-clase-g-brilla-en-san-valentin\\\/\"]}]},{\"@type\":\"ImageObject\",\"inLanguage\":\"es\",\"@id\":\"https:\\\/\\\/autofans.com.ar\\\/index.php\\\/2024\\\/02\\\/16\\\/mercedes-benz-clase-g-brilla-en-san-valentin\\\/#primaryimage\",\"url\":\"https:\\\/\\\/autofans.com.ar\\\/wp-content\\\/uploads\\\/2024\\\/02\\\/foto-6.jpg\",\"contentUrl\":\"https:\\\/\\\/autofans.com.ar\\\/wp-content\\\/uploads\\\/2024\\\/02\\\/foto-6.jpg\",\"width\":1000,\"height\":667,\"caption\":\"Mercedes-Benz\"},{\"@type\":\"BreadcrumbList\",\"@id\":\"https:\\\/\\\/autofans.com.ar\\\/index.php\\\/2024\\\/02\\\/16\\\/mercedes-benz-clase-g-brilla-en-san-valentin\\\/#breadcrumb\",\"itemListElement\":[{\"@type\":\"ListItem\",\"position\":1,\"name\":\"Inicio\",\"item\":\"https:\\\/\\\/autofans.com.ar\\\/\"},{\"@type\":\"ListItem\",\"position\":2,\"name\":\"Mercedes-Benz clase G brilla en San Valent\u00edn\"}]},{\"@type\":\"WebSite\",\"@id\":\"https:\\\/\\\/autofans.com.ar\\\/#website\",\"url\":\"https:\\\/\\\/autofans.com.ar\\\/\",\"name\":\"\",\"description\":\"El multimedio referente de la industria automotriz\",\"potentialAction\":[{\"@type\":\"SearchAction\",\"target\":{\"@type\":\"EntryPoint\",\"urlTemplate\":\"https:\\\/\\\/autofans.com.ar\\\/?s={search_term_string}\"},\"query-input\":{\"@type\":\"PropertyValueSpecification\",\"valueRequired\":true,\"valueName\":\"search_term_string\"}}],\"inLanguage\":\"es\"},{\"@type\":\"Person\",\"@id\":\"https:\\\/\\\/autofans.com.ar\\\/#\\\/schema\\\/person\\\/4a8dda0b6df83ac3d6723e921274c2aa\",\"name\":\"Alejandro Gabriel Rosito\",\"image\":{\"@type\":\"ImageObject\",\"inLanguage\":\"es\",\"@id\":\"https:\\\/\\\/secure.gravatar.com\\\/avatar\\\/16c5dda1489adfc62618084dcbb91cffd879c374b13fe5dd8e44ed6733852c88?s=96&d=mm&r=g\",\"url\":\"https:\\\/\\\/secure.gravatar.com\\\/avatar\\\/16c5dda1489adfc62618084dcbb91cffd879c374b13fe5dd8e44ed6733852c88?s=96&d=mm&r=g\",\"contentUrl\":\"https:\\\/\\\/secure.gravatar.com\\\/avatar\\\/16c5dda1489adfc62618084dcbb91cffd879c374b13fe5dd8e44ed6733852c88?s=96&d=mm&r=g\",\"caption\":\"Alejandro Gabriel Rosito\"},\"url\":\"https:\\\/\\\/autofans.com.ar\\\/index.php\\\/author\\\/gabrielr\\\/\"}]}<\/script>\n<!-- \/ Yoast SEO plugin. -->","yoast_head_json":{"title":"Mercedes-Benz clase G brilla en San Valent\u00edn -","description":"Mercedes-Benz celebra el D\u00eda de los Enamorados con su ic\u00f3nica Clase G, protagonista de la campa\u00f1a global \"Stronger than Diamonds\"...","robots":{"index":"index","follow":"follow","max-snippet":"max-snippet:-1","max-image-preview":"max-image-preview:large","max-video-preview":"max-video-preview:-1"},"canonical":"https:\/\/autofans.com.ar\/index.php\/2024\/02\/16\/mercedes-benz-clase-g-brilla-en-san-valentin\/","og_locale":"es_ES","og_type":"article","og_title":"Mercedes-Benz clase G brilla en San Valent\u00edn -","og_description":"Mercedes-Benz celebra el D\u00eda de los Enamorados con su ic\u00f3nica Clase G, protagonista de la campa\u00f1a global \"Stronger than Diamonds\"...","og_url":"https:\/\/autofans.com.ar\/index.php\/2024\/02\/16\/mercedes-benz-clase-g-brilla-en-san-valentin\/","article_published_time":"2024-02-16T20:28:01+00:00","article_modified_time":"2024-02-16T21:11:40+00:00","og_image":[{"url":"https:\/\/autofans.com.ar\/wp-content\/uploads\/2024\/02\/foto-6.jpg","width":640,"height":427,"type":"image\/jpeg"}],"author":"Alejandro Gabriel Rosito","twitter_card":"summary_large_image","twitter_misc":{"Escrito por":"Alejandro Gabriel Rosito","Tiempo de lectura":"2 minutos"},"schema":{"@context":"https:\/\/schema.org","@graph":[{"@type":"Article","@id":"https:\/\/autofans.com.ar\/index.php\/2024\/02\/16\/mercedes-benz-clase-g-brilla-en-san-valentin\/#article","isPartOf":{"@id":"https:\/\/autofans.com.ar\/index.php\/2024\/02\/16\/mercedes-benz-clase-g-brilla-en-san-valentin\/"},"author":{"name":"Alejandro Gabriel Rosito","@id":"https:\/\/autofans.com.ar\/#\/schema\/person\/4a8dda0b6df83ac3d6723e921274c2aa"},"headline":"Mercedes-Benz clase G brilla en San Valent\u00edn","datePublished":"2024-02-16T20:28:01+00:00","dateModified":"2024-02-16T21:11:40+00:00","mainEntityOfPage":{"@id":"https:\/\/autofans.com.ar\/index.php\/2024\/02\/16\/mercedes-benz-clase-g-brilla-en-san-valentin\/"},"wordCount":431,"image":{"@id":"https:\/\/autofans.com.ar\/index.php\/2024\/02\/16\/mercedes-benz-clase-g-brilla-en-san-valentin\/#primaryimage"},"thumbnailUrl":"https:\/\/autofans.com.ar\/wp-content\/uploads\/2024\/02\/foto-6.jpg","keywords":["amor verdadero","Clase G","diamantes","Edicion Limitada","Mercedes-Benz","San Valent\u00edn"],"articleSection":["AUTOS y SUV","LANZAMIENTOS"],"inLanguage":"es"},{"@type":"WebPage","@id":"https:\/\/autofans.com.ar\/index.php\/2024\/02\/16\/mercedes-benz-clase-g-brilla-en-san-valentin\/","url":"https:\/\/autofans.com.ar\/index.php\/2024\/02\/16\/mercedes-benz-clase-g-brilla-en-san-valentin\/","name":"Mercedes-Benz clase G brilla en San Valent\u00edn -","isPartOf":{"@id":"https:\/\/autofans.com.ar\/#website"},"primaryImageOfPage":{"@id":"https:\/\/autofans.com.ar\/index.php\/2024\/02\/16\/mercedes-benz-clase-g-brilla-en-san-valentin\/#primaryimage"},"image":{"@id":"https:\/\/autofans.com.ar\/index.php\/2024\/02\/16\/mercedes-benz-clase-g-brilla-en-san-valentin\/#primaryimage"},"thumbnailUrl":"https:\/\/autofans.com.ar\/wp-content\/uploads\/2024\/02\/foto-6.jpg","datePublished":"2024-02-16T20:28:01+00:00","dateModified":"2024-02-16T21:11:40+00:00","author":{"@id":"https:\/\/autofans.com.ar\/#\/schema\/person\/4a8dda0b6df83ac3d6723e921274c2aa"},"description":"Mercedes-Benz celebra el D\u00eda de los Enamorados con su ic\u00f3nica Clase G, protagonista de la campa\u00f1a global \"Stronger than Diamonds\"...","breadcrumb":{"@id":"https:\/\/autofans.com.ar\/index.php\/2024\/02\/16\/mercedes-benz-clase-g-brilla-en-san-valentin\/#breadcrumb"},"inLanguage":"es","potentialAction":[{"@type":"ReadAction","target":["https:\/\/autofans.com.ar\/index.php\/2024\/02\/16\/mercedes-benz-clase-g-brilla-en-san-valentin\/"]}]},{"@type":"ImageObject","inLanguage":"es","@id":"https:\/\/autofans.com.ar\/index.php\/2024\/02\/16\/mercedes-benz-clase-g-brilla-en-san-valentin\/#primaryimage","url":"https:\/\/autofans.com.ar\/wp-content\/uploads\/2024\/02\/foto-6.jpg","contentUrl":"https:\/\/autofans.com.ar\/wp-content\/uploads\/2024\/02\/foto-6.jpg","width":1000,"height":667,"caption":"Mercedes-Benz"},{"@type":"BreadcrumbList","@id":"https:\/\/autofans.com.ar\/index.php\/2024\/02\/16\/mercedes-benz-clase-g-brilla-en-san-valentin\/#breadcrumb","itemListElement":[{"@type":"ListItem","position":1,"name":"Inicio","item":"https:\/\/autofans.com.ar\/"},{"@type":"ListItem","position":2,"name":"Mercedes-Benz clase G brilla en San Valent\u00edn"}]},{"@type":"WebSite","@id":"https:\/\/autofans.com.ar\/#website","url":"https:\/\/autofans.com.ar\/","name":"","description":"El multimedio referente de la industria automotriz","potentialAction":[{"@type":"SearchAction","target":{"@type":"EntryPoint","urlTemplate":"https:\/\/autofans.com.ar\/?s={search_term_string}"},"query-input":{"@type":"PropertyValueSpecification","valueRequired":true,"valueName":"search_term_string"}}],"inLanguage":"es"},{"@type":"Person","@id":"https:\/\/autofans.com.ar\/#\/schema\/person\/4a8dda0b6df83ac3d6723e921274c2aa","name":"Alejandro Gabriel Rosito","image":{"@type":"ImageObject","inLanguage":"es","@id":"https:\/\/secure.gravatar.com\/avatar\/16c5dda1489adfc62618084dcbb91cffd879c374b13fe5dd8e44ed6733852c88?s=96&d=mm&r=g","url":"https:\/\/secure.gravatar.com\/avatar\/16c5dda1489adfc62618084dcbb91cffd879c374b13fe5dd8e44ed6733852c88?s=96&d=mm&r=g","contentUrl":"https:\/\/secure.gravatar.com\/avatar\/16c5dda1489adfc62618084dcbb91cffd879c374b13fe5dd8e44ed6733852c88?s=96&d=mm&r=g","caption":"Alejandro Gabriel Rosito"},"url":"https:\/\/autofans.com.ar\/index.php\/author\/gabrielr\/"}]}},"featured_image_urls":{"full":["https:\/\/autofans.com.ar\/wp-content\/uploads\/2024\/02\/foto-6.jpg",1000,667,false],"thumbnail":["https:\/\/autofans.com.ar\/wp-content\/uploads\/2024\/02\/foto-6-150x150.jpg",150,150,true],"medium":["https:\/\/autofans.com.ar\/wp-content\/uploads\/2024\/02\/foto-6-300x200.jpg",300,200,true],"medium_large":["https:\/\/autofans.com.ar\/wp-content\/uploads\/2024\/02\/foto-6-768x512.jpg",640,427,true],"large":["https:\/\/autofans.com.ar\/wp-content\/uploads\/2024\/02\/foto-6.jpg",640,427,false],"1536x1536":["https:\/\/autofans.com.ar\/wp-content\/uploads\/2024\/02\/foto-6.jpg",1000,667,false],"2048x2048":["https:\/\/autofans.com.ar\/wp-content\/uploads\/2024\/02\/foto-6.jpg",1000,667,false],"covernews-featured":["https:\/\/autofans.com.ar\/wp-content\/uploads\/2024\/02\/foto-6.jpg",1000,667,false],"covernews-medium":["https:\/\/autofans.com.ar\/wp-content\/uploads\/2024\/02\/foto-6-540x340.jpg",540,340,true]},"author_info":{"display_name":"Alejandro Gabriel Rosito","author_link":"https:\/\/autofans.com.ar\/index.php\/author\/gabrielr\/"},"category_info":"<a href=\"https:\/\/autofans.com.ar\/index.php\/category\/noticias\/autos\/\" rel=\"category tag\">AUTOS y SUV<\/a> <a href=\"https:\/\/autofans.com.ar\/index.php\/category\/lanzamientos\/\" rel=\"category tag\">LANZAMIENTOS<\/a>","tag_info":"LANZAMIENTOS","comment_count":0,"_links":{"self":[{"href":"https:\/\/autofans.com.ar\/index.php\/wp-json\/wp\/v2\/posts\/6734","targetHints":{"allow":["GET"]}}],"collection":[{"href":"https:\/\/autofans.com.ar\/index.php\/wp-json\/wp\/v2\/posts"}],"about":[{"href":"https:\/\/autofans.com.ar\/index.php\/wp-json\/wp\/v2\/types\/post"}],"author":[{"embeddable":true,"href":"https:\/\/autofans.com.ar\/index.php\/wp-json\/wp\/v2\/users\/2"}],"replies":[{"embeddable":true,"href":"https:\/\/autofans.com.ar\/index.php\/wp-json\/wp\/v2\/comments?post=6734"}],"version-history":[{"count":1,"href":"https:\/\/autofans.com.ar\/index.php\/wp-json\/wp\/v2\/posts\/6734\/revisions"}],"predecessor-version":[{"id":6741,"href":"https:\/\/autofans.com.ar\/index.php\/wp-json\/wp\/v2\/posts\/6734\/revisions\/6741"}],"wp:featuredmedia":[{"embeddable":true,"href":"https:\/\/autofans.com.ar\/index.php\/wp-json\/wp\/v2\/media\/6735"}],"wp:attachment":[{"href":"https:\/\/autofans.com.ar\/index.php\/wp-json\/wp\/v2\/media?parent=6734"}],"wp:term":[{"taxonomy":"category","embeddable":true,"href":"https:\/\/autofans.com.ar\/index.php\/wp-json\/wp\/v2\/categories?post=6734"},{"taxonomy":"post_tag","embeddable":true,"href":"https:\/\/autofans.com.ar\/index.php\/wp-json\/wp\/v2\/tags?post=6734"}],"curies":[{"name":"wp","href":"https:\/\/api.w.org\/{rel}","templated":true}]}}