{"id":6755,"date":"2024-02-19T13:00:52","date_gmt":"2024-02-19T16:00:52","guid":{"rendered":"https:\/\/autofans.com.ar\/?p=6755"},"modified":"2024-02-19T13:00:52","modified_gmt":"2024-02-19T16:00:52","slug":"mercedes-benz-camiones-y-buses-en-expoagro-2024","status":"publish","type":"post","link":"https:\/\/autofans.com.ar\/index.php\/2024\/02\/19\/mercedes-benz-camiones-y-buses-en-expoagro-2024\/","title":{"rendered":"Mercedes-Benz Camiones y Buses en Expoagro 2024"},"content":{"rendered":"<p>Mercedes-Benz Camiones y Buses confirma su participaci\u00f3n en Expoagro 2024, consolid\u00e1ndose como referente en la industria de veh\u00edculos pesados. La subsidiaria de Daimler Truck AG exhibir\u00e1 sus destacados productos y servicios en el Predio Ferial y Aut\u00f3dromo de San Nicol\u00e1s de los Arroyos, del 5 al 8 de marzo.<\/p>\n<p>&nbsp;<\/p>\n<h2>Vanguardia en Agronegocios<\/h2>\n<p>La exposici\u00f3n, reconocida como la Capital Nacional de los Agronegocios, congrega a los principales actores de la industria agropecuaria. En un stand de 1200 m\u00b2 ubicado en la zona de ingreso, Mercedes-Benz invitar\u00e1 al p\u00fablico a descubrir la tecnolog\u00eda y servicios de vanguardia destinados al transporte de maquinaria, insumos, productos agr\u00edcolas y ganader\u00eda.<\/p>\n<p>Entre los modelos destacados, se presentar\u00e1n los camiones Atego y Accelo, fabricados en el Centro Industrial \u00abJuan Manuel Fangio\u00bb en Virrey del Pino. Tambi\u00e9n, el imponente Actros 2545 LS, con una capacidad de 60 toneladas de Peso Bruto Total Combinado, ideal para el transporte agr\u00edcola. Como estrella del evento, el nuevo cami\u00f3n Arocs 4848 K\/45 se robar\u00e1 las miradas del verano.<\/p>\n<p>&nbsp;<\/p>\n<p><img fetchpriority=\"high\" decoding=\"async\" class=\"aligncenter wp-image-6756 size-full\" src=\"https:\/\/autofans.com.ar\/wp-content\/uploads\/2024\/02\/foto-2-4.jpg\" alt=\"Expoagro 2024\" width=\"1000\" height=\"667\" srcset=\"https:\/\/autofans.com.ar\/wp-content\/uploads\/2024\/02\/foto-2-4.jpg 1000w, https:\/\/autofans.com.ar\/wp-content\/uploads\/2024\/02\/foto-2-4-300x200.jpg 300w, https:\/\/autofans.com.ar\/wp-content\/uploads\/2024\/02\/foto-2-4-768x512.jpg 768w\" sizes=\"(max-width: 1000px) 100vw, 1000px\" \/><\/p>\n<p>&nbsp;<\/p>\n<h2>Soluciones financieras 360\u00b0 en Expoagro 2024<\/h2>\n<p>Mercedes-Benz Compa\u00f1\u00eda Financiera acompa\u00f1ar\u00e1 la exhibici\u00f3n con AgroFlex, un plan de financiaci\u00f3n exclusivo que brinda flexibilidad al cliente, adapt\u00e1ndose al periodo de liquidaci\u00f3n de la cosecha. Adem\u00e1s, los visitantes podr\u00e1n simular y obtener la preaprobaci\u00f3n de cr\u00e9dito en el acto a trav\u00e9s de MyCredit, la plataforma digital para el financiamiento de camiones.<\/p>\n<p>La visi\u00f3n de negocio 360\u00b0 de Mercedes-Benz se reflejar\u00e1 en la exhibici\u00f3n de servicios que abarcan todo el ciclo de vida de los camiones y buses. Desde la venta de unidades y servicios financieros hasta Mercedes-Benz Plan de Ahorro, Servicios de Postventa y SelecTrucks, la marca se compromete a fortalecer su estrategia de negocios con nuevos servicios digitalizados.<\/p>\n<p>No te pierdas la oportunidad de visitar el stand de Mercedes-Benz en Expoagro 2024 y sumergirte en el mundo de innovaci\u00f3n y soluciones que la marca tiene para ofrecer a los protagonistas del agro argentino.<\/p>\n<p>&nbsp;<\/p>\n<p>&nbsp;<\/p>\n<p><i>Para enterarte de m\u00e1s novedades, no dejes de leer\u00a0<\/i><a href=\"https:\/\/autofans.thebrandsoup.com\/\"><i>nuestras notas<\/i><\/a><i>, de ver<\/i><b><i>\u00a0<\/i><\/b><a href=\"https:\/\/www.youtube.com\/channel\/UCgAC8UGHZYbT6P7PpmVnP7g\"><b><i>AUTOFANS TV<\/i><\/b><\/a><b><i>\u00a0<\/i><\/b><i>en nuestro\u00a0canal de Youtube. Adem\u00e1s seguinos en\u00a0<\/i><a href=\"https:\/\/www.instagram.com\/autofanstv\/\"><i>INSTAGRAM<\/i><\/a><i> y <\/i><a href=\"https:\/\/www.facebook.com\/autofansmas\/\"><i>FACEBOOK<\/i><\/a><i> para no perderte nada sobre las novedades del segmento automotor de Argentina y el mundo.<\/i><\/p>\n","protected":false},"excerpt":{"rendered":"<p>Mercedes-Benz Camiones y Buses confirma su participaci\u00f3n en Expoagro 2024, consolid\u00e1ndose como referente en la&#8230;<\/p>\n","protected":false},"author":2,"featured_media":6757,"comment_status":"closed","ping_status":"closed","sticky":false,"template":"","format":"standard","meta":{"footnotes":""},"categories":[292,16],"tags":[],"class_list":["post-6755","post","type-post","status-publish","format-standard","has-post-thumbnail","hentry","category-empresas","category-noticias"],"yoast_head":"<!-- This site is optimized with the Yoast SEO plugin v27.5 - https:\/\/yoast.com\/product\/yoast-seo-wordpress\/ -->\n<title>Mercedes-Benz Camiones y Buses en Expoagro 2024 -<\/title>\n<meta name=\"robots\" content=\"index, follow, max-snippet:-1, max-image-preview:large, max-video-preview:-1\" \/>\n<link rel=\"canonical\" href=\"https:\/\/autofans.com.ar\/index.php\/2024\/02\/19\/mercedes-benz-camiones-y-buses-en-expoagro-2024\/\" \/>\n<meta property=\"og:locale\" content=\"es_ES\" \/>\n<meta property=\"og:type\" content=\"article\" \/>\n<meta property=\"og:title\" content=\"Mercedes-Benz Camiones y Buses en Expoagro 2024 -\" \/>\n<meta property=\"og:description\" content=\"Mercedes-Benz Camiones y Buses confirma su participaci\u00f3n en Expoagro 2024, consolid\u00e1ndose como referente en la...\" \/>\n<meta property=\"og:url\" content=\"https:\/\/autofans.com.ar\/index.php\/2024\/02\/19\/mercedes-benz-camiones-y-buses-en-expoagro-2024\/\" \/>\n<meta property=\"article:published_time\" content=\"2024-02-19T16:00:52+00:00\" \/>\n<meta property=\"og:image\" content=\"https:\/\/autofans.com.ar\/wp-content\/uploads\/2024\/02\/foto-1-4.jpg\" \/>\n\t<meta property=\"og:image:width\" content=\"640\" \/>\n\t<meta property=\"og:image:height\" content=\"427\" \/>\n\t<meta property=\"og:image:type\" content=\"image\/jpeg\" \/>\n<meta name=\"author\" content=\"Alejandro Gabriel Rosito\" \/>\n<meta name=\"twitter:card\" content=\"summary_large_image\" \/>\n<meta name=\"twitter:label1\" content=\"Escrito por\" \/>\n\t<meta name=\"twitter:data1\" content=\"Alejandro Gabriel Rosito\" \/>\n\t<meta name=\"twitter:label2\" content=\"Tiempo de lectura\" \/>\n\t<meta name=\"twitter:data2\" content=\"3 minutos\" \/>\n<script type=\"application\/ld+json\" class=\"yoast-schema-graph\">{\"@context\":\"https:\\\/\\\/schema.org\",\"@graph\":[{\"@type\":\"Article\",\"@id\":\"https:\\\/\\\/autofans.com.ar\\\/index.php\\\/2024\\\/02\\\/19\\\/mercedes-benz-camiones-y-buses-en-expoagro-2024\\\/#article\",\"isPartOf\":{\"@id\":\"https:\\\/\\\/autofans.com.ar\\\/index.php\\\/2024\\\/02\\\/19\\\/mercedes-benz-camiones-y-buses-en-expoagro-2024\\\/\"},\"author\":{\"name\":\"Alejandro Gabriel Rosito\",\"@id\":\"https:\\\/\\\/autofans.com.ar\\\/#\\\/schema\\\/person\\\/4a8dda0b6df83ac3d6723e921274c2aa\"},\"headline\":\"Mercedes-Benz Camiones y Buses en Expoagro 2024\",\"datePublished\":\"2024-02-19T16:00:52+00:00\",\"mainEntityOfPage\":{\"@id\":\"https:\\\/\\\/autofans.com.ar\\\/index.php\\\/2024\\\/02\\\/19\\\/mercedes-benz-camiones-y-buses-en-expoagro-2024\\\/\"},\"wordCount\":388,\"image\":{\"@id\":\"https:\\\/\\\/autofans.com.ar\\\/index.php\\\/2024\\\/02\\\/19\\\/mercedes-benz-camiones-y-buses-en-expoagro-2024\\\/#primaryimage\"},\"thumbnailUrl\":\"https:\\\/\\\/autofans.com.ar\\\/wp-content\\\/uploads\\\/2024\\\/02\\\/foto-1-4.jpg\",\"articleSection\":[\"EMPRESAS\",\"NOTICIAS\"],\"inLanguage\":\"es\"},{\"@type\":\"WebPage\",\"@id\":\"https:\\\/\\\/autofans.com.ar\\\/index.php\\\/2024\\\/02\\\/19\\\/mercedes-benz-camiones-y-buses-en-expoagro-2024\\\/\",\"url\":\"https:\\\/\\\/autofans.com.ar\\\/index.php\\\/2024\\\/02\\\/19\\\/mercedes-benz-camiones-y-buses-en-expoagro-2024\\\/\",\"name\":\"Mercedes-Benz Camiones y Buses en Expoagro 2024 -\",\"isPartOf\":{\"@id\":\"https:\\\/\\\/autofans.com.ar\\\/#website\"},\"primaryImageOfPage\":{\"@id\":\"https:\\\/\\\/autofans.com.ar\\\/index.php\\\/2024\\\/02\\\/19\\\/mercedes-benz-camiones-y-buses-en-expoagro-2024\\\/#primaryimage\"},\"image\":{\"@id\":\"https:\\\/\\\/autofans.com.ar\\\/index.php\\\/2024\\\/02\\\/19\\\/mercedes-benz-camiones-y-buses-en-expoagro-2024\\\/#primaryimage\"},\"thumbnailUrl\":\"https:\\\/\\\/autofans.com.ar\\\/wp-content\\\/uploads\\\/2024\\\/02\\\/foto-1-4.jpg\",\"datePublished\":\"2024-02-19T16:00:52+00:00\",\"author\":{\"@id\":\"https:\\\/\\\/autofans.com.ar\\\/#\\\/schema\\\/person\\\/4a8dda0b6df83ac3d6723e921274c2aa\"},\"breadcrumb\":{\"@id\":\"https:\\\/\\\/autofans.com.ar\\\/index.php\\\/2024\\\/02\\\/19\\\/mercedes-benz-camiones-y-buses-en-expoagro-2024\\\/#breadcrumb\"},\"inLanguage\":\"es\",\"potentialAction\":[{\"@type\":\"ReadAction\",\"target\":[\"https:\\\/\\\/autofans.com.ar\\\/index.php\\\/2024\\\/02\\\/19\\\/mercedes-benz-camiones-y-buses-en-expoagro-2024\\\/\"]}]},{\"@type\":\"ImageObject\",\"inLanguage\":\"es\",\"@id\":\"https:\\\/\\\/autofans.com.ar\\\/index.php\\\/2024\\\/02\\\/19\\\/mercedes-benz-camiones-y-buses-en-expoagro-2024\\\/#primaryimage\",\"url\":\"https:\\\/\\\/autofans.com.ar\\\/wp-content\\\/uploads\\\/2024\\\/02\\\/foto-1-4.jpg\",\"contentUrl\":\"https:\\\/\\\/autofans.com.ar\\\/wp-content\\\/uploads\\\/2024\\\/02\\\/foto-1-4.jpg\",\"width\":1000,\"height\":667,\"caption\":\"Expoagro 2024\"},{\"@type\":\"BreadcrumbList\",\"@id\":\"https:\\\/\\\/autofans.com.ar\\\/index.php\\\/2024\\\/02\\\/19\\\/mercedes-benz-camiones-y-buses-en-expoagro-2024\\\/#breadcrumb\",\"itemListElement\":[{\"@type\":\"ListItem\",\"position\":1,\"name\":\"Inicio\",\"item\":\"https:\\\/\\\/autofans.com.ar\\\/\"},{\"@type\":\"ListItem\",\"position\":2,\"name\":\"Mercedes-Benz Camiones y Buses en Expoagro 2024\"}]},{\"@type\":\"WebSite\",\"@id\":\"https:\\\/\\\/autofans.com.ar\\\/#website\",\"url\":\"https:\\\/\\\/autofans.com.ar\\\/\",\"name\":\"\",\"description\":\"El multimedio referente de la industria automotriz\",\"potentialAction\":[{\"@type\":\"SearchAction\",\"target\":{\"@type\":\"EntryPoint\",\"urlTemplate\":\"https:\\\/\\\/autofans.com.ar\\\/?s={search_term_string}\"},\"query-input\":{\"@type\":\"PropertyValueSpecification\",\"valueRequired\":true,\"valueName\":\"search_term_string\"}}],\"inLanguage\":\"es\"},{\"@type\":\"Person\",\"@id\":\"https:\\\/\\\/autofans.com.ar\\\/#\\\/schema\\\/person\\\/4a8dda0b6df83ac3d6723e921274c2aa\",\"name\":\"Alejandro Gabriel Rosito\",\"image\":{\"@type\":\"ImageObject\",\"inLanguage\":\"es\",\"@id\":\"https:\\\/\\\/secure.gravatar.com\\\/avatar\\\/16c5dda1489adfc62618084dcbb91cffd879c374b13fe5dd8e44ed6733852c88?s=96&d=mm&r=g\",\"url\":\"https:\\\/\\\/secure.gravatar.com\\\/avatar\\\/16c5dda1489adfc62618084dcbb91cffd879c374b13fe5dd8e44ed6733852c88?s=96&d=mm&r=g\",\"contentUrl\":\"https:\\\/\\\/secure.gravatar.com\\\/avatar\\\/16c5dda1489adfc62618084dcbb91cffd879c374b13fe5dd8e44ed6733852c88?s=96&d=mm&r=g\",\"caption\":\"Alejandro Gabriel Rosito\"},\"url\":\"https:\\\/\\\/autofans.com.ar\\\/index.php\\\/author\\\/gabrielr\\\/\"}]}<\/script>\n<!-- \/ Yoast SEO plugin. -->","yoast_head_json":{"title":"Mercedes-Benz Camiones y Buses en Expoagro 2024 -","robots":{"index":"index","follow":"follow","max-snippet":"max-snippet:-1","max-image-preview":"max-image-preview:large","max-video-preview":"max-video-preview:-1"},"canonical":"https:\/\/autofans.com.ar\/index.php\/2024\/02\/19\/mercedes-benz-camiones-y-buses-en-expoagro-2024\/","og_locale":"es_ES","og_type":"article","og_title":"Mercedes-Benz Camiones y Buses en Expoagro 2024 -","og_description":"Mercedes-Benz Camiones y Buses confirma su participaci\u00f3n en Expoagro 2024, consolid\u00e1ndose como referente en la...","og_url":"https:\/\/autofans.com.ar\/index.php\/2024\/02\/19\/mercedes-benz-camiones-y-buses-en-expoagro-2024\/","article_published_time":"2024-02-19T16:00:52+00:00","og_image":[{"url":"https:\/\/autofans.com.ar\/wp-content\/uploads\/2024\/02\/foto-1-4.jpg","width":640,"height":427,"type":"image\/jpeg"}],"author":"Alejandro Gabriel Rosito","twitter_card":"summary_large_image","twitter_misc":{"Escrito por":"Alejandro Gabriel Rosito","Tiempo de lectura":"3 minutos"},"schema":{"@context":"https:\/\/schema.org","@graph":[{"@type":"Article","@id":"https:\/\/autofans.com.ar\/index.php\/2024\/02\/19\/mercedes-benz-camiones-y-buses-en-expoagro-2024\/#article","isPartOf":{"@id":"https:\/\/autofans.com.ar\/index.php\/2024\/02\/19\/mercedes-benz-camiones-y-buses-en-expoagro-2024\/"},"author":{"name":"Alejandro Gabriel Rosito","@id":"https:\/\/autofans.com.ar\/#\/schema\/person\/4a8dda0b6df83ac3d6723e921274c2aa"},"headline":"Mercedes-Benz Camiones y Buses en Expoagro 2024","datePublished":"2024-02-19T16:00:52+00:00","mainEntityOfPage":{"@id":"https:\/\/autofans.com.ar\/index.php\/2024\/02\/19\/mercedes-benz-camiones-y-buses-en-expoagro-2024\/"},"wordCount":388,"image":{"@id":"https:\/\/autofans.com.ar\/index.php\/2024\/02\/19\/mercedes-benz-camiones-y-buses-en-expoagro-2024\/#primaryimage"},"thumbnailUrl":"https:\/\/autofans.com.ar\/wp-content\/uploads\/2024\/02\/foto-1-4.jpg","articleSection":["EMPRESAS","NOTICIAS"],"inLanguage":"es"},{"@type":"WebPage","@id":"https:\/\/autofans.com.ar\/index.php\/2024\/02\/19\/mercedes-benz-camiones-y-buses-en-expoagro-2024\/","url":"https:\/\/autofans.com.ar\/index.php\/2024\/02\/19\/mercedes-benz-camiones-y-buses-en-expoagro-2024\/","name":"Mercedes-Benz Camiones y Buses en Expoagro 2024 -","isPartOf":{"@id":"https:\/\/autofans.com.ar\/#website"},"primaryImageOfPage":{"@id":"https:\/\/autofans.com.ar\/index.php\/2024\/02\/19\/mercedes-benz-camiones-y-buses-en-expoagro-2024\/#primaryimage"},"image":{"@id":"https:\/\/autofans.com.ar\/index.php\/2024\/02\/19\/mercedes-benz-camiones-y-buses-en-expoagro-2024\/#primaryimage"},"thumbnailUrl":"https:\/\/autofans.com.ar\/wp-content\/uploads\/2024\/02\/foto-1-4.jpg","datePublished":"2024-02-19T16:00:52+00:00","author":{"@id":"https:\/\/autofans.com.ar\/#\/schema\/person\/4a8dda0b6df83ac3d6723e921274c2aa"},"breadcrumb":{"@id":"https:\/\/autofans.com.ar\/index.php\/2024\/02\/19\/mercedes-benz-camiones-y-buses-en-expoagro-2024\/#breadcrumb"},"inLanguage":"es","potentialAction":[{"@type":"ReadAction","target":["https:\/\/autofans.com.ar\/index.php\/2024\/02\/19\/mercedes-benz-camiones-y-buses-en-expoagro-2024\/"]}]},{"@type":"ImageObject","inLanguage":"es","@id":"https:\/\/autofans.com.ar\/index.php\/2024\/02\/19\/mercedes-benz-camiones-y-buses-en-expoagro-2024\/#primaryimage","url":"https:\/\/autofans.com.ar\/wp-content\/uploads\/2024\/02\/foto-1-4.jpg","contentUrl":"https:\/\/autofans.com.ar\/wp-content\/uploads\/2024\/02\/foto-1-4.jpg","width":1000,"height":667,"caption":"Expoagro 2024"},{"@type":"BreadcrumbList","@id":"https:\/\/autofans.com.ar\/index.php\/2024\/02\/19\/mercedes-benz-camiones-y-buses-en-expoagro-2024\/#breadcrumb","itemListElement":[{"@type":"ListItem","position":1,"name":"Inicio","item":"https:\/\/autofans.com.ar\/"},{"@type":"ListItem","position":2,"name":"Mercedes-Benz Camiones y Buses en Expoagro 2024"}]},{"@type":"WebSite","@id":"https:\/\/autofans.com.ar\/#website","url":"https:\/\/autofans.com.ar\/","name":"","description":"El multimedio referente de la industria automotriz","potentialAction":[{"@type":"SearchAction","target":{"@type":"EntryPoint","urlTemplate":"https:\/\/autofans.com.ar\/?s={search_term_string}"},"query-input":{"@type":"PropertyValueSpecification","valueRequired":true,"valueName":"search_term_string"}}],"inLanguage":"es"},{"@type":"Person","@id":"https:\/\/autofans.com.ar\/#\/schema\/person\/4a8dda0b6df83ac3d6723e921274c2aa","name":"Alejandro Gabriel Rosito","image":{"@type":"ImageObject","inLanguage":"es","@id":"https:\/\/secure.gravatar.com\/avatar\/16c5dda1489adfc62618084dcbb91cffd879c374b13fe5dd8e44ed6733852c88?s=96&d=mm&r=g","url":"https:\/\/secure.gravatar.com\/avatar\/16c5dda1489adfc62618084dcbb91cffd879c374b13fe5dd8e44ed6733852c88?s=96&d=mm&r=g","contentUrl":"https:\/\/secure.gravatar.com\/avatar\/16c5dda1489adfc62618084dcbb91cffd879c374b13fe5dd8e44ed6733852c88?s=96&d=mm&r=g","caption":"Alejandro Gabriel Rosito"},"url":"https:\/\/autofans.com.ar\/index.php\/author\/gabrielr\/"}]}},"featured_image_urls":{"full":["https:\/\/autofans.com.ar\/wp-content\/uploads\/2024\/02\/foto-1-4.jpg",1000,667,false],"thumbnail":["https:\/\/autofans.com.ar\/wp-content\/uploads\/2024\/02\/foto-1-4-150x150.jpg",150,150,true],"medium":["https:\/\/autofans.com.ar\/wp-content\/uploads\/2024\/02\/foto-1-4-300x200.jpg",300,200,true],"medium_large":["https:\/\/autofans.com.ar\/wp-content\/uploads\/2024\/02\/foto-1-4-768x512.jpg",640,427,true],"large":["https:\/\/autofans.com.ar\/wp-content\/uploads\/2024\/02\/foto-1-4.jpg",640,427,false],"1536x1536":["https:\/\/autofans.com.ar\/wp-content\/uploads\/2024\/02\/foto-1-4.jpg",1000,667,false],"2048x2048":["https:\/\/autofans.com.ar\/wp-content\/uploads\/2024\/02\/foto-1-4.jpg",1000,667,false],"covernews-featured":["https:\/\/autofans.com.ar\/wp-content\/uploads\/2024\/02\/foto-1-4.jpg",1000,667,false],"covernews-medium":["https:\/\/autofans.com.ar\/wp-content\/uploads\/2024\/02\/foto-1-4-540x340.jpg",540,340,true]},"author_info":{"display_name":"Alejandro Gabriel Rosito","author_link":"https:\/\/autofans.com.ar\/index.php\/author\/gabrielr\/"},"category_info":"<a href=\"https:\/\/autofans.com.ar\/index.php\/category\/noticias\/empresas\/\" rel=\"category tag\">EMPRESAS<\/a> <a href=\"https:\/\/autofans.com.ar\/index.php\/category\/noticias\/\" rel=\"category tag\">NOTICIAS<\/a>","tag_info":"NOTICIAS","comment_count":0,"_links":{"self":[{"href":"https:\/\/autofans.com.ar\/index.php\/wp-json\/wp\/v2\/posts\/6755","targetHints":{"allow":["GET"]}}],"collection":[{"href":"https:\/\/autofans.com.ar\/index.php\/wp-json\/wp\/v2\/posts"}],"about":[{"href":"https:\/\/autofans.com.ar\/index.php\/wp-json\/wp\/v2\/types\/post"}],"author":[{"embeddable":true,"href":"https:\/\/autofans.com.ar\/index.php\/wp-json\/wp\/v2\/users\/2"}],"replies":[{"embeddable":true,"href":"https:\/\/autofans.com.ar\/index.php\/wp-json\/wp\/v2\/comments?post=6755"}],"version-history":[{"count":2,"href":"https:\/\/autofans.com.ar\/index.php\/wp-json\/wp\/v2\/posts\/6755\/revisions"}],"predecessor-version":[{"id":6759,"href":"https:\/\/autofans.com.ar\/index.php\/wp-json\/wp\/v2\/posts\/6755\/revisions\/6759"}],"wp:featuredmedia":[{"embeddable":true,"href":"https:\/\/autofans.com.ar\/index.php\/wp-json\/wp\/v2\/media\/6757"}],"wp:attachment":[{"href":"https:\/\/autofans.com.ar\/index.php\/wp-json\/wp\/v2\/media?parent=6755"}],"wp:term":[{"taxonomy":"category","embeddable":true,"href":"https:\/\/autofans.com.ar\/index.php\/wp-json\/wp\/v2\/categories?post=6755"},{"taxonomy":"post_tag","embeddable":true,"href":"https:\/\/autofans.com.ar\/index.php\/wp-json\/wp\/v2\/tags?post=6755"}],"curies":[{"name":"wp","href":"https:\/\/api.w.org\/{rel}","templated":true}]}}