{"id":6774,"date":"2024-02-20T11:48:37","date_gmt":"2024-02-20T14:48:37","guid":{"rendered":"https:\/\/autofans.com.ar\/?p=6774"},"modified":"2024-02-20T11:48:37","modified_gmt":"2024-02-20T14:48:37","slug":"iveco-en-argentina-lider-absoluto-en-el-mercado-de-camiones-pesados","status":"publish","type":"post","link":"https:\/\/autofans.com.ar\/index.php\/2024\/02\/20\/iveco-en-argentina-lider-absoluto-en-el-mercado-de-camiones-pesados\/","title":{"rendered":"IVECO en Argentina l\u00edder absoluto en el mercado de Camiones Pesados"},"content":{"rendered":"<div class=\"min-h-[20px] text-message flex flex-col items-start gap-3 whitespace-pre-wrap break-words [.text-message+&amp;]:mt-5 overflow-x-auto\" data-message-author-role=\"assistant\" data-message-id=\"f7685f12-b2fa-45d8-802e-1a31c88dc931\">\n<div class=\"markdown prose w-full break-words dark:prose-invert dark\">\n<p>IVECO, reafirm\u00f3 su liderazgo en el mercado argentino de camiones pesados durante el 2023. Con una participaci\u00f3n del 30,6% a nivel general y m\u00e1s de 6.100 unidades patentadas, logr\u00f3 consolidarse como l\u00edder en el segmento de m\u00e1s de 7,5 toneladas por tercer a\u00f1o consecutivo. Adem\u00e1s, en la categor\u00eda de m\u00e1s de 16 toneladas, el modelo Tector se destac\u00f3 como el cami\u00f3n m\u00e1s vendido por decimocuarto a\u00f1o consecutivo.<\/p>\n<\/div>\n<p>&nbsp;<\/p>\n<h2>IVECO alcanza un 47,5% de Market Share<\/h2>\n<div class=\"markdown prose w-full break-words dark:prose-invert dark\">\n<p>La familia Tector, preferida por los transportistas argentinos, se distingue por su versatilidad. Destinado al transporte de cargas generales de media distancia y distribuci\u00f3n urbana en el segmento mediano, y en sus versiones semipesadas de +17 toneladas, se adapta a diversas aplicaciones como agricultura, ganader\u00eda y servicios. Francisco Spasaro, Director de Ventas y Marketing de IVECO Argentina, destac\u00f3 la versatilidad del Tector como uno de los veh\u00edculos m\u00e1s elegidos por los transportistas.<\/p>\n<\/div>\n<\/div>\n<p>&nbsp;<\/p>\n<figure id=\"attachment_6778\" aria-describedby=\"caption-attachment-6778\" style=\"width: 1000px\" class=\"wp-caption aligncenter\"><img fetchpriority=\"high\" decoding=\"async\" class=\"wp-image-6778 size-full\" src=\"https:\/\/autofans.com.ar\/wp-content\/uploads\/2024\/02\/foto-3-4.jpg\" alt=\"IVECO\" width=\"1000\" height=\"667\" srcset=\"https:\/\/autofans.com.ar\/wp-content\/uploads\/2024\/02\/foto-3-4.jpg 1000w, https:\/\/autofans.com.ar\/wp-content\/uploads\/2024\/02\/foto-3-4-300x200.jpg 300w, https:\/\/autofans.com.ar\/wp-content\/uploads\/2024\/02\/foto-3-4-768x512.jpg 768w\" sizes=\"(max-width: 1000px) 100vw, 1000px\" \/><figcaption id=\"caption-attachment-6778\" class=\"wp-caption-text\">Marcio Querichelli, Presidente de IVECO para Am\u00e9rica Latina<\/figcaption><\/figure>\n<p>&nbsp;<\/p>\n<div class=\"min-h-[20px] text-message flex flex-col items-start gap-3 whitespace-pre-wrap break-words [.text-message+&amp;]:mt-5 overflow-x-auto\" data-message-author-role=\"assistant\" data-message-id=\"f7685f12-b2fa-45d8-802e-1a31c88dc931\">\n<div class=\"markdown prose w-full break-words dark:prose-invert dark\">\n<p>En el segmento de camiones pesados, que incluye modelos como IVECO Cursor, Stralis Hi-Road y Hi-Way, y Trakker Hi-Land, la marca alcanz\u00f3 un destacado 47,5% de market share con un total de 2036 unidades patentadas. El Trakker<\/p>\n<\/div>\n<\/div>\n<div class=\"min-h-[20px] text-message flex flex-col items-start gap-3 whitespace-pre-wrap break-words [.text-message+&amp;]:mt-5 overflow-x-auto\" data-message-author-role=\"assistant\" data-message-id=\"6a0b5942-eb57-4241-8481-3d1ff01e4cbb\">\n<div class=\"markdown prose w-full break-words dark:prose-invert dark\">\n<p>Hi-Land, especialmente dise\u00f1ado para tareas off-road como exploraci\u00f3n de hidrocarburos o miner\u00eda, se ha posicionado como una opci\u00f3n ideal.<\/p>\n<\/div>\n<\/div>\n<p>&nbsp;<\/p>\n<div dir=\"ltr\" style=\"text-align: left;\">\n<blockquote>\n<p style=\"text-align: center;\">\u00abGran parte de este resultado es producto de nuestro compromiso con el transportista argentino y la producci\u00f3n nacional. Trabajamos codo a codo a nuestros concesionarios con el objetivo de estar cada vez m\u00e1s cerca de nuestros clientes, brindando soluciones de calidad que se adaptan a sus necesidades y la de sus negocios, y robusteciendo nuestro portfolio de productos con opciones en todos los segmentos. Es una alegr\u00eda muy grande mantener el liderazgo los segmentos desde m\u00e1s de 7,5 toneladas en la Argentina ya que representa un gran resultado para todos los que formamos parte de IVECO en la regi\u00f3n y en el mundo\u201d, expres\u00f3 Marcio Querichelli, Presidente de IVECO para Am\u00e9rica Latina.<\/p>\n<\/blockquote>\n<\/div>\n<p>&nbsp;<\/p>\n<h2>55 a\u00f1os de compromiso y excelencia en el transporte<\/h2>\n<div class=\"min-h-[20px] text-message flex flex-col items-start gap-3 whitespace-pre-wrap break-words [.text-message+&amp;]:mt-5 overflow-x-auto\" data-message-author-role=\"assistant\" data-message-id=\"6a0b5942-eb57-4241-8481-3d1ff01e4cbb\">\n<div class=\"markdown prose w-full break-words dark:prose-invert dark\">\n<p>IVECO celebra 55 a\u00f1os de producci\u00f3n en Argentina, siendo la \u00fanica f\u00e1brica de camiones pesados del pa\u00eds que abastece tanto al mercado local como a pa\u00edses importadores de Am\u00e9rica Latina, como Uruguay, Chile y Per\u00fa. Esta longevidad refleja el compromiso continuo de la marca con el transporte en la regi\u00f3n.<\/p>\n<\/div>\n<\/div>\n<p>&nbsp;<\/p>\n<p><img decoding=\"async\" class=\"aligncenter wp-image-6780 size-full\" src=\"https:\/\/autofans.com.ar\/wp-content\/uploads\/2024\/02\/foto-1-6.jpg\" alt=\"IVECO\" width=\"1000\" height=\"667\" srcset=\"https:\/\/autofans.com.ar\/wp-content\/uploads\/2024\/02\/foto-1-6.jpg 1000w, https:\/\/autofans.com.ar\/wp-content\/uploads\/2024\/02\/foto-1-6-300x200.jpg 300w, https:\/\/autofans.com.ar\/wp-content\/uploads\/2024\/02\/foto-1-6-768x512.jpg 768w\" sizes=\"(max-width: 1000px) 100vw, 1000px\" \/><\/p>\n<p>&nbsp;<\/p>\n<div class=\"min-h-[20px] text-message flex flex-col items-start gap-3 whitespace-pre-wrap break-words [.text-message+&amp;]:mt-5 overflow-x-auto\" data-message-author-role=\"assistant\" data-message-id=\"6a0b5942-eb57-4241-8481-3d1ff01e4cbb\">\n<div class=\"markdown prose w-full break-words dark:prose-invert dark\">\n<p>En 2024, IVECO seguir\u00e1 avanzando en soluciones multienerg\u00e9ticas para el transporte de carga y pasajeros. El proyecto latinoamericano S-Way GNC, uno de los primeros camiones pesados a gas natural en la regi\u00f3n, ser\u00e1 fabricado en Brasil y comercializado en los pr\u00f3ximos meses. El IVECO S-Way GNC destaca por su enfoque sostenible, con caracter\u00edsticas que reducen las emisiones de CO2 y mejoran la eficiencia del combustible, contribuyendo as\u00ed a la sostenibilidad ambiental y al transporte de larga distancia.<\/p>\n<\/div>\n<\/div>\n<p>&nbsp;<\/p>\n<div dir=\"ltr\" style=\"text-align: center;\">\n<blockquote><p>\u201cSabemos que contamos con una gama muy competitiva, tanto desde el punto de vista de la tecnolog\u00eda como por su performance. Estos n\u00fameros son el fiel reflejo del trabajo a largo plazo que venimos realizando en nuestra f\u00e1brica en C\u00f3rdoba\u201d, coment\u00f3 Spasaro.<\/p><\/blockquote>\n<\/div>\n<p>&nbsp;<\/p>\n<div class=\"min-h-[20px] text-message flex flex-col items-start gap-3 whitespace-pre-wrap break-words [.text-message+&amp;]:mt-5 overflow-x-auto\" data-message-author-role=\"assistant\" data-message-id=\"6a0b5942-eb57-4241-8481-3d1ff01e4cbb\">\n<div class=\"markdown prose w-full break-words dark:prose-invert dark\">\n<p>Adem\u00e1s, IVECO contin\u00faa las pruebas con clientes del Bus 170G21, el primer autob\u00fas a GNC fabricado en Argentina, y comienza los testeos del eDaily, el cami\u00f3n liviano totalmente el\u00e9ctrico con una autonom\u00eda de hasta 400 km, ideal para misiones urbanas.<\/p>\n<p>&nbsp;<\/p>\n<div id='gallery-1' class='gallery galleryid-6774 gallery-columns-2 gallery-size-full'><figure class='gallery-item'>\n\t\t\t<div class='gallery-icon landscape'>\n\t\t\t\t<a href='https:\/\/autofans.com.ar\/index.php\/2024\/02\/20\/iveco-en-argentina-lider-absoluto-en-el-mercado-de-camiones-pesados\/foto-2-399\/'><img loading=\"lazy\" width=\"1000\" height=\"667\" src=\"https:\/\/autofans.com.ar\/wp-content\/uploads\/2024\/02\/foto-2-6.jpg\" class=\"attachment-full size-full\" alt=\"IVECO\" srcset=\"https:\/\/autofans.com.ar\/wp-content\/uploads\/2024\/02\/foto-2-6.jpg 1000w, https:\/\/autofans.com.ar\/wp-content\/uploads\/2024\/02\/foto-2-6-300x200.jpg 300w, https:\/\/autofans.com.ar\/wp-content\/uploads\/2024\/02\/foto-2-6-768x512.jpg 768w\" sizes=\"auto, (max-width: 1000px) 100vw, 1000px\" loading=\"lazy\" decoding=\"async\" \/><\/a>\n\t\t\t<\/div><\/figure><figure class='gallery-item'>\n\t\t\t<div class='gallery-icon landscape'>\n\t\t\t\t<a href='https:\/\/autofans.com.ar\/index.php\/2024\/02\/20\/iveco-en-argentina-lider-absoluto-en-el-mercado-de-camiones-pesados\/foto-4-215\/'><img loading=\"lazy\" width=\"1000\" height=\"667\" src=\"https:\/\/autofans.com.ar\/wp-content\/uploads\/2024\/02\/foto-4-3.jpg\" class=\"attachment-full size-full\" alt=\"IVECO\" srcset=\"https:\/\/autofans.com.ar\/wp-content\/uploads\/2024\/02\/foto-4-3.jpg 1000w, https:\/\/autofans.com.ar\/wp-content\/uploads\/2024\/02\/foto-4-3-300x200.jpg 300w, https:\/\/autofans.com.ar\/wp-content\/uploads\/2024\/02\/foto-4-3-768x512.jpg 768w\" sizes=\"auto, (max-width: 1000px) 100vw, 1000px\" loading=\"lazy\" decoding=\"async\" \/><\/a>\n\t\t\t<\/div><\/figure>\n\t\t<\/div>\n\n<p>&nbsp;<\/p>\n<p>Con un portafolio multienerg\u00e9tico, la empresa busca mitigar los efectos negativos del cambio clim\u00e1tico, reducir el ruido y mejorar la operatividad de sus productos. Enfoc\u00e1ndose en mejorar la oferta de productos medianos, IVECO trabaja en la adaptaci\u00f3n local de los Tector 9, 11 y 15 toneladas, fabricados ahora en C\u00f3rdoba, para proporcionar a los transportistas argentinos una experiencia a bordo de alta calidad en t\u00e9rminos de cabina, chasis, motorizaci\u00f3n y confort.<\/p>\n<\/div>\n<\/div>\n<p>&nbsp;<\/p>\n<p>&nbsp;<\/p>\n<p><i>Para enterarte de m\u00e1s novedades, no dejes de leer\u00a0<\/i><a href=\"https:\/\/autofans.thebrandsoup.com\/\"><i>nuestras notas<\/i><\/a><i>, de ver<\/i><b><i>\u00a0<\/i><\/b><a href=\"https:\/\/www.youtube.com\/channel\/UCgAC8UGHZYbT6P7PpmVnP7g\"><b><i>AUTOFANS TV<\/i><\/b><\/a><b><i>\u00a0<\/i><\/b><i>en nuestro\u00a0canal de Youtube. Adem\u00e1s seguinos en\u00a0<\/i><a href=\"https:\/\/www.instagram.com\/autofanstv\/\"><i>INSTAGRAM<\/i><\/a><i> y <\/i><a href=\"https:\/\/www.facebook.com\/autofansmas\/\"><i>FACEBOOK<\/i><\/a><i> para no perderte nada sobre las novedades del segmento automotor de Argentina y el mundo.<\/i><\/p>\n","protected":false},"excerpt":{"rendered":"<p>IVECO, reafirm\u00f3 su liderazgo en el mercado argentino de camiones pesados durante el 2023. Con&#8230;<\/p>\n","protected":false},"author":2,"featured_media":6776,"comment_status":"closed","ping_status":"closed","sticky":false,"template":"","format":"standard","meta":{"footnotes":""},"categories":[16,10],"tags":[3594,2705,2210,3591,3592,3593,1496,359],"class_list":["post-6774","post","type-post","status-publish","format-standard","has-post-thumbnail","hentry","category-noticias","category-utilitarios-y-pesados-lanzamientos","tag-camiones-a-gas-natural","tag-camiones-pesados","tag-innovacion-en-transporte","tag-iveco-argentina","tag-lider-de-mercado","tag-soluciones-multienergeticas","tag-transporte-sostenible","tag-vehiculos-electricos"],"yoast_head":"<!-- This site is optimized with the Yoast SEO plugin v27.5 - https:\/\/yoast.com\/product\/yoast-seo-wordpress\/ -->\n<title>IVECO en Argentina l\u00edder absoluto en el mercado de Camiones Pesados -<\/title>\n<meta name=\"description\" content=\"IVECO, reafirm\u00f3 su liderazgo en el mercado argentino de camiones pesados durante el 2023. Con una participaci\u00f3n del 30,6% a nivel general...\" \/>\n<meta name=\"robots\" content=\"index, follow, max-snippet:-1, max-image-preview:large, max-video-preview:-1\" \/>\n<link rel=\"canonical\" href=\"https:\/\/autofans.com.ar\/index.php\/2024\/02\/20\/iveco-en-argentina-lider-absoluto-en-el-mercado-de-camiones-pesados\/\" \/>\n<meta property=\"og:locale\" content=\"es_ES\" \/>\n<meta property=\"og:type\" content=\"article\" \/>\n<meta property=\"og:title\" content=\"IVECO en Argentina l\u00edder absoluto en el mercado de Camiones Pesados -\" \/>\n<meta property=\"og:description\" content=\"IVECO, reafirm\u00f3 su liderazgo en el mercado argentino de camiones pesados durante el 2023. Con una participaci\u00f3n del 30,6% a nivel general...\" \/>\n<meta property=\"og:url\" content=\"https:\/\/autofans.com.ar\/index.php\/2024\/02\/20\/iveco-en-argentina-lider-absoluto-en-el-mercado-de-camiones-pesados\/\" \/>\n<meta property=\"article:published_time\" content=\"2024-02-20T14:48:37+00:00\" \/>\n<meta property=\"og:image\" content=\"https:\/\/autofans.com.ar\/wp-content\/uploads\/2024\/02\/foto-5-2.jpg\" \/>\n\t<meta property=\"og:image:width\" content=\"640\" \/>\n\t<meta property=\"og:image:height\" content=\"427\" \/>\n\t<meta property=\"og:image:type\" content=\"image\/jpeg\" \/>\n<meta name=\"author\" content=\"Alejandro Gabriel Rosito\" \/>\n<meta name=\"twitter:card\" content=\"summary_large_image\" \/>\n<meta name=\"twitter:label1\" content=\"Escrito por\" \/>\n\t<meta name=\"twitter:data1\" content=\"Alejandro Gabriel Rosito\" \/>\n\t<meta name=\"twitter:label2\" content=\"Tiempo de lectura\" \/>\n\t<meta name=\"twitter:data2\" content=\"3 minutos\" \/>\n<script type=\"application\/ld+json\" class=\"yoast-schema-graph\">{\"@context\":\"https:\\\/\\\/schema.org\",\"@graph\":[{\"@type\":\"Article\",\"@id\":\"https:\\\/\\\/autofans.com.ar\\\/index.php\\\/2024\\\/02\\\/20\\\/iveco-en-argentina-lider-absoluto-en-el-mercado-de-camiones-pesados\\\/#article\",\"isPartOf\":{\"@id\":\"https:\\\/\\\/autofans.com.ar\\\/index.php\\\/2024\\\/02\\\/20\\\/iveco-en-argentina-lider-absoluto-en-el-mercado-de-camiones-pesados\\\/\"},\"author\":{\"name\":\"Alejandro Gabriel Rosito\",\"@id\":\"https:\\\/\\\/autofans.com.ar\\\/#\\\/schema\\\/person\\\/4a8dda0b6df83ac3d6723e921274c2aa\"},\"headline\":\"IVECO en Argentina l\u00edder absoluto en el mercado de Camiones Pesados\",\"datePublished\":\"2024-02-20T14:48:37+00:00\",\"mainEntityOfPage\":{\"@id\":\"https:\\\/\\\/autofans.com.ar\\\/index.php\\\/2024\\\/02\\\/20\\\/iveco-en-argentina-lider-absoluto-en-el-mercado-de-camiones-pesados\\\/\"},\"wordCount\":729,\"image\":{\"@id\":\"https:\\\/\\\/autofans.com.ar\\\/index.php\\\/2024\\\/02\\\/20\\\/iveco-en-argentina-lider-absoluto-en-el-mercado-de-camiones-pesados\\\/#primaryimage\"},\"thumbnailUrl\":\"https:\\\/\\\/autofans.com.ar\\\/wp-content\\\/uploads\\\/2024\\\/02\\\/foto-5-2.jpg\",\"keywords\":[\"camiones a gas natural\",\"camiones pesados\",\"innovaci\u00f3n en transporte\",\"IVECO Argentina\",\"l\u00edder de mercado\",\"soluciones multienerg\u00e9ticas\",\"Transporte sostenible\",\"veh\u00edculos el\u00e9ctricos\"],\"articleSection\":[\"NOTICIAS\",\"Pick Ups, Utilitarios y Pesados\"],\"inLanguage\":\"es\"},{\"@type\":\"WebPage\",\"@id\":\"https:\\\/\\\/autofans.com.ar\\\/index.php\\\/2024\\\/02\\\/20\\\/iveco-en-argentina-lider-absoluto-en-el-mercado-de-camiones-pesados\\\/\",\"url\":\"https:\\\/\\\/autofans.com.ar\\\/index.php\\\/2024\\\/02\\\/20\\\/iveco-en-argentina-lider-absoluto-en-el-mercado-de-camiones-pesados\\\/\",\"name\":\"IVECO en Argentina l\u00edder absoluto en el mercado de Camiones Pesados -\",\"isPartOf\":{\"@id\":\"https:\\\/\\\/autofans.com.ar\\\/#website\"},\"primaryImageOfPage\":{\"@id\":\"https:\\\/\\\/autofans.com.ar\\\/index.php\\\/2024\\\/02\\\/20\\\/iveco-en-argentina-lider-absoluto-en-el-mercado-de-camiones-pesados\\\/#primaryimage\"},\"image\":{\"@id\":\"https:\\\/\\\/autofans.com.ar\\\/index.php\\\/2024\\\/02\\\/20\\\/iveco-en-argentina-lider-absoluto-en-el-mercado-de-camiones-pesados\\\/#primaryimage\"},\"thumbnailUrl\":\"https:\\\/\\\/autofans.com.ar\\\/wp-content\\\/uploads\\\/2024\\\/02\\\/foto-5-2.jpg\",\"datePublished\":\"2024-02-20T14:48:37+00:00\",\"author\":{\"@id\":\"https:\\\/\\\/autofans.com.ar\\\/#\\\/schema\\\/person\\\/4a8dda0b6df83ac3d6723e921274c2aa\"},\"description\":\"IVECO, reafirm\u00f3 su liderazgo en el mercado argentino de camiones pesados durante el 2023. Con una participaci\u00f3n del 30,6% a nivel general...\",\"breadcrumb\":{\"@id\":\"https:\\\/\\\/autofans.com.ar\\\/index.php\\\/2024\\\/02\\\/20\\\/iveco-en-argentina-lider-absoluto-en-el-mercado-de-camiones-pesados\\\/#breadcrumb\"},\"inLanguage\":\"es\",\"potentialAction\":[{\"@type\":\"ReadAction\",\"target\":[\"https:\\\/\\\/autofans.com.ar\\\/index.php\\\/2024\\\/02\\\/20\\\/iveco-en-argentina-lider-absoluto-en-el-mercado-de-camiones-pesados\\\/\"]}]},{\"@type\":\"ImageObject\",\"inLanguage\":\"es\",\"@id\":\"https:\\\/\\\/autofans.com.ar\\\/index.php\\\/2024\\\/02\\\/20\\\/iveco-en-argentina-lider-absoluto-en-el-mercado-de-camiones-pesados\\\/#primaryimage\",\"url\":\"https:\\\/\\\/autofans.com.ar\\\/wp-content\\\/uploads\\\/2024\\\/02\\\/foto-5-2.jpg\",\"contentUrl\":\"https:\\\/\\\/autofans.com.ar\\\/wp-content\\\/uploads\\\/2024\\\/02\\\/foto-5-2.jpg\",\"width\":1000,\"height\":667,\"caption\":\"IVECO\"},{\"@type\":\"BreadcrumbList\",\"@id\":\"https:\\\/\\\/autofans.com.ar\\\/index.php\\\/2024\\\/02\\\/20\\\/iveco-en-argentina-lider-absoluto-en-el-mercado-de-camiones-pesados\\\/#breadcrumb\",\"itemListElement\":[{\"@type\":\"ListItem\",\"position\":1,\"name\":\"Inicio\",\"item\":\"https:\\\/\\\/autofans.com.ar\\\/\"},{\"@type\":\"ListItem\",\"position\":2,\"name\":\"IVECO en Argentina l\u00edder absoluto en el mercado de Camiones Pesados\"}]},{\"@type\":\"WebSite\",\"@id\":\"https:\\\/\\\/autofans.com.ar\\\/#website\",\"url\":\"https:\\\/\\\/autofans.com.ar\\\/\",\"name\":\"\",\"description\":\"El multimedio referente de la industria automotriz\",\"potentialAction\":[{\"@type\":\"SearchAction\",\"target\":{\"@type\":\"EntryPoint\",\"urlTemplate\":\"https:\\\/\\\/autofans.com.ar\\\/?s={search_term_string}\"},\"query-input\":{\"@type\":\"PropertyValueSpecification\",\"valueRequired\":true,\"valueName\":\"search_term_string\"}}],\"inLanguage\":\"es\"},{\"@type\":\"Person\",\"@id\":\"https:\\\/\\\/autofans.com.ar\\\/#\\\/schema\\\/person\\\/4a8dda0b6df83ac3d6723e921274c2aa\",\"name\":\"Alejandro Gabriel Rosito\",\"image\":{\"@type\":\"ImageObject\",\"inLanguage\":\"es\",\"@id\":\"https:\\\/\\\/secure.gravatar.com\\\/avatar\\\/16c5dda1489adfc62618084dcbb91cffd879c374b13fe5dd8e44ed6733852c88?s=96&d=mm&r=g\",\"url\":\"https:\\\/\\\/secure.gravatar.com\\\/avatar\\\/16c5dda1489adfc62618084dcbb91cffd879c374b13fe5dd8e44ed6733852c88?s=96&d=mm&r=g\",\"contentUrl\":\"https:\\\/\\\/secure.gravatar.com\\\/avatar\\\/16c5dda1489adfc62618084dcbb91cffd879c374b13fe5dd8e44ed6733852c88?s=96&d=mm&r=g\",\"caption\":\"Alejandro Gabriel Rosito\"},\"url\":\"https:\\\/\\\/autofans.com.ar\\\/index.php\\\/author\\\/gabrielr\\\/\"}]}<\/script>\n<!-- \/ Yoast SEO plugin. -->","yoast_head_json":{"title":"IVECO en Argentina l\u00edder absoluto en el mercado de Camiones Pesados -","description":"IVECO, reafirm\u00f3 su liderazgo en el mercado argentino de camiones pesados durante el 2023. Con una participaci\u00f3n del 30,6% a nivel general...","robots":{"index":"index","follow":"follow","max-snippet":"max-snippet:-1","max-image-preview":"max-image-preview:large","max-video-preview":"max-video-preview:-1"},"canonical":"https:\/\/autofans.com.ar\/index.php\/2024\/02\/20\/iveco-en-argentina-lider-absoluto-en-el-mercado-de-camiones-pesados\/","og_locale":"es_ES","og_type":"article","og_title":"IVECO en Argentina l\u00edder absoluto en el mercado de Camiones Pesados -","og_description":"IVECO, reafirm\u00f3 su liderazgo en el mercado argentino de camiones pesados durante el 2023. Con una participaci\u00f3n del 30,6% a nivel general...","og_url":"https:\/\/autofans.com.ar\/index.php\/2024\/02\/20\/iveco-en-argentina-lider-absoluto-en-el-mercado-de-camiones-pesados\/","article_published_time":"2024-02-20T14:48:37+00:00","og_image":[{"url":"https:\/\/autofans.com.ar\/wp-content\/uploads\/2024\/02\/foto-5-2.jpg","width":640,"height":427,"type":"image\/jpeg"}],"author":"Alejandro Gabriel Rosito","twitter_card":"summary_large_image","twitter_misc":{"Escrito por":"Alejandro Gabriel Rosito","Tiempo de lectura":"3 minutos"},"schema":{"@context":"https:\/\/schema.org","@graph":[{"@type":"Article","@id":"https:\/\/autofans.com.ar\/index.php\/2024\/02\/20\/iveco-en-argentina-lider-absoluto-en-el-mercado-de-camiones-pesados\/#article","isPartOf":{"@id":"https:\/\/autofans.com.ar\/index.php\/2024\/02\/20\/iveco-en-argentina-lider-absoluto-en-el-mercado-de-camiones-pesados\/"},"author":{"name":"Alejandro Gabriel Rosito","@id":"https:\/\/autofans.com.ar\/#\/schema\/person\/4a8dda0b6df83ac3d6723e921274c2aa"},"headline":"IVECO en Argentina l\u00edder absoluto en el mercado de Camiones Pesados","datePublished":"2024-02-20T14:48:37+00:00","mainEntityOfPage":{"@id":"https:\/\/autofans.com.ar\/index.php\/2024\/02\/20\/iveco-en-argentina-lider-absoluto-en-el-mercado-de-camiones-pesados\/"},"wordCount":729,"image":{"@id":"https:\/\/autofans.com.ar\/index.php\/2024\/02\/20\/iveco-en-argentina-lider-absoluto-en-el-mercado-de-camiones-pesados\/#primaryimage"},"thumbnailUrl":"https:\/\/autofans.com.ar\/wp-content\/uploads\/2024\/02\/foto-5-2.jpg","keywords":["camiones a gas natural","camiones pesados","innovaci\u00f3n en transporte","IVECO Argentina","l\u00edder de mercado","soluciones multienerg\u00e9ticas","Transporte sostenible","veh\u00edculos el\u00e9ctricos"],"articleSection":["NOTICIAS","Pick Ups, Utilitarios y Pesados"],"inLanguage":"es"},{"@type":"WebPage","@id":"https:\/\/autofans.com.ar\/index.php\/2024\/02\/20\/iveco-en-argentina-lider-absoluto-en-el-mercado-de-camiones-pesados\/","url":"https:\/\/autofans.com.ar\/index.php\/2024\/02\/20\/iveco-en-argentina-lider-absoluto-en-el-mercado-de-camiones-pesados\/","name":"IVECO en Argentina l\u00edder absoluto en el mercado de Camiones Pesados -","isPartOf":{"@id":"https:\/\/autofans.com.ar\/#website"},"primaryImageOfPage":{"@id":"https:\/\/autofans.com.ar\/index.php\/2024\/02\/20\/iveco-en-argentina-lider-absoluto-en-el-mercado-de-camiones-pesados\/#primaryimage"},"image":{"@id":"https:\/\/autofans.com.ar\/index.php\/2024\/02\/20\/iveco-en-argentina-lider-absoluto-en-el-mercado-de-camiones-pesados\/#primaryimage"},"thumbnailUrl":"https:\/\/autofans.com.ar\/wp-content\/uploads\/2024\/02\/foto-5-2.jpg","datePublished":"2024-02-20T14:48:37+00:00","author":{"@id":"https:\/\/autofans.com.ar\/#\/schema\/person\/4a8dda0b6df83ac3d6723e921274c2aa"},"description":"IVECO, reafirm\u00f3 su liderazgo en el mercado argentino de camiones pesados durante el 2023. Con una participaci\u00f3n del 30,6% a nivel general...","breadcrumb":{"@id":"https:\/\/autofans.com.ar\/index.php\/2024\/02\/20\/iveco-en-argentina-lider-absoluto-en-el-mercado-de-camiones-pesados\/#breadcrumb"},"inLanguage":"es","potentialAction":[{"@type":"ReadAction","target":["https:\/\/autofans.com.ar\/index.php\/2024\/02\/20\/iveco-en-argentina-lider-absoluto-en-el-mercado-de-camiones-pesados\/"]}]},{"@type":"ImageObject","inLanguage":"es","@id":"https:\/\/autofans.com.ar\/index.php\/2024\/02\/20\/iveco-en-argentina-lider-absoluto-en-el-mercado-de-camiones-pesados\/#primaryimage","url":"https:\/\/autofans.com.ar\/wp-content\/uploads\/2024\/02\/foto-5-2.jpg","contentUrl":"https:\/\/autofans.com.ar\/wp-content\/uploads\/2024\/02\/foto-5-2.jpg","width":1000,"height":667,"caption":"IVECO"},{"@type":"BreadcrumbList","@id":"https:\/\/autofans.com.ar\/index.php\/2024\/02\/20\/iveco-en-argentina-lider-absoluto-en-el-mercado-de-camiones-pesados\/#breadcrumb","itemListElement":[{"@type":"ListItem","position":1,"name":"Inicio","item":"https:\/\/autofans.com.ar\/"},{"@type":"ListItem","position":2,"name":"IVECO en Argentina l\u00edder absoluto en el mercado de Camiones Pesados"}]},{"@type":"WebSite","@id":"https:\/\/autofans.com.ar\/#website","url":"https:\/\/autofans.com.ar\/","name":"","description":"El multimedio referente de la industria automotriz","potentialAction":[{"@type":"SearchAction","target":{"@type":"EntryPoint","urlTemplate":"https:\/\/autofans.com.ar\/?s={search_term_string}"},"query-input":{"@type":"PropertyValueSpecification","valueRequired":true,"valueName":"search_term_string"}}],"inLanguage":"es"},{"@type":"Person","@id":"https:\/\/autofans.com.ar\/#\/schema\/person\/4a8dda0b6df83ac3d6723e921274c2aa","name":"Alejandro Gabriel Rosito","image":{"@type":"ImageObject","inLanguage":"es","@id":"https:\/\/secure.gravatar.com\/avatar\/16c5dda1489adfc62618084dcbb91cffd879c374b13fe5dd8e44ed6733852c88?s=96&d=mm&r=g","url":"https:\/\/secure.gravatar.com\/avatar\/16c5dda1489adfc62618084dcbb91cffd879c374b13fe5dd8e44ed6733852c88?s=96&d=mm&r=g","contentUrl":"https:\/\/secure.gravatar.com\/avatar\/16c5dda1489adfc62618084dcbb91cffd879c374b13fe5dd8e44ed6733852c88?s=96&d=mm&r=g","caption":"Alejandro Gabriel Rosito"},"url":"https:\/\/autofans.com.ar\/index.php\/author\/gabrielr\/"}]}},"featured_image_urls":{"full":["https:\/\/autofans.com.ar\/wp-content\/uploads\/2024\/02\/foto-5-2.jpg",1000,667,false],"thumbnail":["https:\/\/autofans.com.ar\/wp-content\/uploads\/2024\/02\/foto-5-2-150x150.jpg",150,150,true],"medium":["https:\/\/autofans.com.ar\/wp-content\/uploads\/2024\/02\/foto-5-2-300x200.jpg",300,200,true],"medium_large":["https:\/\/autofans.com.ar\/wp-content\/uploads\/2024\/02\/foto-5-2-768x512.jpg",640,427,true],"large":["https:\/\/autofans.com.ar\/wp-content\/uploads\/2024\/02\/foto-5-2.jpg",640,427,false],"1536x1536":["https:\/\/autofans.com.ar\/wp-content\/uploads\/2024\/02\/foto-5-2.jpg",1000,667,false],"2048x2048":["https:\/\/autofans.com.ar\/wp-content\/uploads\/2024\/02\/foto-5-2.jpg",1000,667,false],"covernews-featured":["https:\/\/autofans.com.ar\/wp-content\/uploads\/2024\/02\/foto-5-2.jpg",1000,667,false],"covernews-medium":["https:\/\/autofans.com.ar\/wp-content\/uploads\/2024\/02\/foto-5-2-540x340.jpg",540,340,true]},"author_info":{"display_name":"Alejandro Gabriel Rosito","author_link":"https:\/\/autofans.com.ar\/index.php\/author\/gabrielr\/"},"category_info":"<a href=\"https:\/\/autofans.com.ar\/index.php\/category\/noticias\/\" rel=\"category tag\">NOTICIAS<\/a> <a href=\"https:\/\/autofans.com.ar\/index.php\/category\/lanzamientos\/utilitarios-y-pesados-lanzamientos\/\" rel=\"category tag\">Pick Ups, Utilitarios y Pesados<\/a>","tag_info":"Pick Ups, Utilitarios y Pesados","comment_count":0,"_links":{"self":[{"href":"https:\/\/autofans.com.ar\/index.php\/wp-json\/wp\/v2\/posts\/6774","targetHints":{"allow":["GET"]}}],"collection":[{"href":"https:\/\/autofans.com.ar\/index.php\/wp-json\/wp\/v2\/posts"}],"about":[{"href":"https:\/\/autofans.com.ar\/index.php\/wp-json\/wp\/v2\/types\/post"}],"author":[{"embeddable":true,"href":"https:\/\/autofans.com.ar\/index.php\/wp-json\/wp\/v2\/users\/2"}],"replies":[{"embeddable":true,"href":"https:\/\/autofans.com.ar\/index.php\/wp-json\/wp\/v2\/comments?post=6774"}],"version-history":[{"count":3,"href":"https:\/\/autofans.com.ar\/index.php\/wp-json\/wp\/v2\/posts\/6774\/revisions"}],"predecessor-version":[{"id":6782,"href":"https:\/\/autofans.com.ar\/index.php\/wp-json\/wp\/v2\/posts\/6774\/revisions\/6782"}],"wp:featuredmedia":[{"embeddable":true,"href":"https:\/\/autofans.com.ar\/index.php\/wp-json\/wp\/v2\/media\/6776"}],"wp:attachment":[{"href":"https:\/\/autofans.com.ar\/index.php\/wp-json\/wp\/v2\/media?parent=6774"}],"wp:term":[{"taxonomy":"category","embeddable":true,"href":"https:\/\/autofans.com.ar\/index.php\/wp-json\/wp\/v2\/categories?post=6774"},{"taxonomy":"post_tag","embeddable":true,"href":"https:\/\/autofans.com.ar\/index.php\/wp-json\/wp\/v2\/tags?post=6774"}],"curies":[{"name":"wp","href":"https:\/\/api.w.org\/{rel}","templated":true}]}}